{"id":2116107,"date":"2026-08-28T00:00:00","date_gmt":"2026-08-27T21:00:00","guid":{"rendered":"https:\/\/analyse.optim.biz\/?p=2116107"},"modified":"2026-08-28T00:00:00","modified_gmt":"2026-08-27T21:00:00","slug":"hai-la-meci-nationala-de-baschet-a-romaniei-infrunta-bulgaria","status":"publish","type":"post","link":"https:\/\/analyse.optim.biz\/?p=2116107","title":{"rendered":"Hai la meci! Na\u021bionala de baschet a Rom\u00e2niei \u00eenfrunt\u0103 Bulgaria"},"content":{"rendered":"<p>[analyse_image type=&#8221;featured&#8221; src=&#8221;https:\/\/ziaruldetulcea.ro\/wp-content\/uploads\/2026\/08\/3829e9c2-53ad-4b2e-82d6-cd332a570a31-640&#215;300.jpeg&#8221;]<\/p>\n<div class=\"post\">\n<p class=\"MsoNoSpacing\"><span lang=\"EN-GB\"><img loading=\"lazy\" decoding=\"async\" class=\"alignleft size-full wp-image-44115\" src=\"https:\/\/ziaruldetulcea.ro\/wp-content\/uploads\/2026\/08\/3829e9c2-53ad-4b2e-82d6-cd332a570a31.jpeg\" alt width=\"1024\" height=\"1280\">Duminic\u0103, 30 august 2026, \u00eencep\u00e2nd cu ora 18.00, Na\u021bionala de Baschet a Rom\u00e2niei \u00eenfrunt\u0103 Bulgaria la <\/span><span lang=\"EN-GB\"><a href=\"https:\/\/www.facebook.com\/profile.php?id=61575909037085&amp;__cft__%5b0%5d=AZYzrRgRLXZDF9XnSHZxirYtVFrXulSBfCPHhVCcCoL0pC2VVlUDjQD5UWyx13AFr-2NtMtx15HqdrBBMoZcyEh97IBIfAJnXkDG8agHmkekkKBrewJMEdooaJZa1oCHTMjNd3PQhQ25LS2lDmaPCvTJCMG0B_frKx_4bDIQeWmO6msVzyuskFaheseaWTQNON4&amp;__tn__=-%5dK-R\"><span>Sala Polivalenta Tulcea \u201eDanubius Arena\u201d<\/span><\/a><\/span><span lang=\"EN-GB\">.<\/span><\/p>\n<p class=\"MsoNoSpacing\"><span lang=\"EN-GB\"><a href=\"https:\/\/www.facebook.com\/romania.basketball?__cft__%5b0%5d=AZYzrRgRLXZDF9XnSHZxirYtVFrXulSBfCPHhVCcCoL0pC2VVlUDjQD5UWyx13AFr-2NtMtx15HqdrBBMoZcyEh97IBIfAJnXkDG8agHmkekkKBrewJMEdooaJZa1oCHTMjNd3PQhQ25LS2lDmaPCvTJCMG0B_frKx_4bDIQeWmO6msVzyuskFaheseaWTQNON4&amp;__tn__=-%5dK-R\"><span>Federatia Romana de Baschet<\/span><\/a><\/span><span lang=\"EN-GB\">, al\u0103turi de <\/span><span lang=\"EN-GB\"><a href=\"https:\/\/www.facebook.com\/ConsiliulJudeteanTulcea?__cft__%5b0%5d=AZYzrRgRLXZDF9XnSHZxirYtVFrXulSBfCPHhVCcCoL0pC2VVlUDjQD5UWyx13AFr-2NtMtx15HqdrBBMoZcyEh97IBIfAJnXkDG8agHmkekkKBrewJMEdooaJZa1oCHTMjNd3PQhQ25LS2lDmaPCvTJCMG0B_frKx_4bDIQeWmO6msVzyuskFaheseaWTQNON4&amp;__tn__=-%5dK-R\"><span>Consiliul Jude\u021bean Tulcea<\/span><\/a><\/span><span lang=\"EN-GB\">, aduce, din nou, la Tulcea, o competi\u021bie de nivel interna\u021bional: la sf\u00e2r\u0219itul acestei s\u0103pt\u0103m\u00e2ni, sportivii na\u021bionalei de baschet \u00eenfrunt\u0103 ehipa Bulgariei, \u00een <\/span><span lang=\"EN-GB\"><a href=\"https:\/\/www.facebook.com\/hashtag\/precalific%C4%83rile?__cft__%5b0%5d=AZYzrRgRLXZDF9XnSHZxirYtVFrXulSBfCPHhVCcCoL0pC2VVlUDjQD5UWyx13AFr-2NtMtx15HqdrBBMoZcyEh97IBIfAJnXkDG8agHmkekkKBrewJMEdooaJZa1oCHTMjNd3PQhQ25LS2lDmaPCvTJCMG0B_frKx_4bDIQeWmO6msVzyuskFaheseaWTQNON4&amp;__tn__=*NK-R\"><span>precalific\u0103rile<\/span><\/a><\/span><span lang=\"EN-GB\"> pentru FIBA EuroBasket 2029.<\/span><\/p>\n<p class=\"MsoNoSpacing\"><span lang=\"EN-GB\">Proiectul de hot\u0103r\u00e2re privind asocierea dintre Consiliul Jude\u021bean Tulcea \u0219i Federa\u021bia Rom\u00e2n\u0103 de Baschet a fost aprobat ast\u0103zi, 28 august 2026, \u00een cadrul \u0219edin\u021bei ordinare a Consiliului Jude\u021bean Tulcea. <\/span><\/p>\n<p class=\"MsoNoSpacing\"><span lang=\"EN-GB\">Mii de oameni sunt a\u0219tepta\u021bi, a\u0219adar, duminic\u0103, pe Danubius Arena, pentru a sus\u021bine echipa na\u021bional\u0103 a Rom\u00e2niei. <\/span><\/p>\n<p class=\"MsoNoSpacing\"><span lang=\"EN-GB\">Facem precizarea c\u0103 Rom\u00e2nia face parte din Grupa D, al\u0103turi de <\/span><span lang=\"EN-GB\"><a href=\"https:\/\/www.facebook.com\/hashtag\/danemarca?__cft__%5b0%5d=AZYzrRgRLXZDF9XnSHZxirYtVFrXulSBfCPHhVCcCoL0pC2VVlUDjQD5UWyx13AFr-2NtMtx15HqdrBBMoZcyEh97IBIfAJnXkDG8agHmkekkKBrewJMEdooaJZa1oCHTMjNd3PQhQ25LS2lDmaPCvTJCMG0B_frKx_4bDIQeWmO6msVzyuskFaheseaWTQNON4&amp;__tn__=*NK-R\"><span>Danemarca<\/span><\/a><\/span><span lang=\"EN-GB\"> \u0219i <\/span><span lang=\"EN-GB\"><a href=\"https:\/\/www.facebook.com\/hashtag\/bulgaria?__cft__%5b0%5d=AZYzrRgRLXZDF9XnSHZxirYtVFrXulSBfCPHhVCcCoL0pC2VVlUDjQD5UWyx13AFr-2NtMtx15HqdrBBMoZcyEh97IBIfAJnXkDG8agHmkekkKBrewJMEdooaJZa1oCHTMjNd3PQhQ25LS2lDmaPCvTJCMG0B_frKx_4bDIQeWmO6msVzyuskFaheseaWTQNON4&amp;__tn__=*NK-R\"><span>Bulgaria<\/span><\/a><\/span><span lang=\"EN-GB\">, iar c\u00e2\u0219tig\u0103toarea grupei se calific\u0103 direct \u00een preliminariile FIBA EuroBasket 2029.<\/span><\/p>\n<p class=\"MsoNoSpacing\"><span lang=\"EN-GB\">Competi\u021bia vine dup\u0103 succesul r\u0103sun\u0103tor al Campionatului European FIBA U18 Women\u2019s <\/span><span lang=\"EN-GB\"><a href=\"https:\/\/www.facebook.com\/hashtag\/eurobasket?__cft__%5b0%5d=AZYzrRgRLXZDF9XnSHZxirYtVFrXulSBfCPHhVCcCoL0pC2VVlUDjQD5UWyx13AFr-2NtMtx15HqdrBBMoZcyEh97IBIfAJnXkDG8agHmkekkKBrewJMEdooaJZa1oCHTMjNd3PQhQ25LS2lDmaPCvTJCMG0B_frKx_4bDIQeWmO6msVzyuskFaheseaWTQNON4&amp;__tn__=*NK-R\"><span>Eurobasket<\/span><\/a><\/span><span lang=\"EN-GB\">, la care fiecare meci al tricolorelor s-a jucat cu sala la capacitate maxim\u0103, \u00eenregistr\u00e2nd, astfel, record european pentru baschet juvenil, cu 31.616 spectatori.<\/span><\/p>\n<p class=\"MsoNoSpacing\"><span lang=\"EN-GB\">Intrarea este LIBER\u0102!<\/span><\/p>\n<p class=\"MsoNormal\"><span lang=\"EN-GB\">\u00a0<\/span><\/p>\n<\/div>\n<p>[analyse_source url=&#8221;https:\/\/ziaruldetulcea.ro\/hai-la-meci-nationala-de-baschet-a-romaniei-infrunta-bulgaria\/&#8221;]<\/p>\n","protected":false},"excerpt":{"rendered":"<p>[analyse_image type=&#8221;featured&#8221; src=&#8221;https:\/\/ziaruldetulcea.ro\/wp-content\/uploads\/2026\/08\/3829e9c2-53ad-4b2e-82d6-cd332a570a31-640&#215;300.jpeg&#8221;] Duminic\u0103, 30 august 2026, \u00eencep\u00e2nd cu ora 18.00, Na\u021bionala de Baschet a Rom\u00e2niei \u00eenfrunt\u0103 Bulgaria la Sala Polivalenta Tulcea \u201eDanubius Arena\u201d. Federatia Romana de Baschet, al\u0103turi de Consiliul Jude\u021bean Tulcea, aduce, din nou, la Tulcea, o competi\u021bie de nivel interna\u021bional: la sf\u00e2r\u0219itul acestei s\u0103pt\u0103m\u00e2ni, sportivii na\u021bionalei de baschet \u00eenfrunt\u0103 ehipa Bulgariei, \u00een [&hellip;]<\/p>\n","protected":false},"author":1,"featured_media":0,"comment_status":"open","ping_status":"","sticky":false,"template":"","format":"standard","meta":{"footnotes":""},"categories":[89],"tags":[226,205],"class_list":["post-2116107","post","type-post","status-publish","format-standard","hentry","category-romania","tag-crawlmanager","tag-ziaruldetulcea-ro"],"_links":{"self":[{"href":"https:\/\/analyse.optim.biz\/index.php?rest_route=\/wp\/v2\/posts\/2116107","targetHints":{"allow":["GET"]}}],"collection":[{"href":"https:\/\/analyse.optim.biz\/index.php?rest_route=\/wp\/v2\/posts"}],"about":[{"href":"https:\/\/analyse.optim.biz\/index.php?rest_route=\/wp\/v2\/types\/post"}],"author":[{"embeddable":true,"href":"https:\/\/analyse.optim.biz\/index.php?rest_route=\/wp\/v2\/users\/1"}],"replies":[{"embeddable":true,"href":"https:\/\/analyse.optim.biz\/index.php?rest_route=%2Fwp%2Fv2%2Fcomments&post=2116107"}],"version-history":[{"count":0,"href":"https:\/\/analyse.optim.biz\/index.php?rest_route=\/wp\/v2\/posts\/2116107\/revisions"}],"wp:attachment":[{"href":"https:\/\/analyse.optim.biz\/index.php?rest_route=%2Fwp%2Fv2%2Fmedia&parent=2116107"}],"wp:term":[{"taxonomy":"category","embeddable":true,"href":"https:\/\/analyse.optim.biz\/index.php?rest_route=%2Fwp%2Fv2%2Fcategories&post=2116107"},{"taxonomy":"post_tag","embeddable":true,"href":"https:\/\/analyse.optim.biz\/index.php?rest_route=%2Fwp%2Fv2%2Ftags&post=2116107"}],"curies":[{"name":"wp","href":"https:\/\/api.w.org\/{rel}","templated":true}]}}