{"id":2116100,"date":"2026-08-28T08:53:50","date_gmt":"2026-08-28T05:53:50","guid":{"rendered":"https:\/\/analyse.optim.biz\/?p=2116100"},"modified":"2026-08-28T08:53:50","modified_gmt":"2026-08-28T05:53:50","slug":"drama-eliminarii-universitatii-craiova-a-fost-prea-mult-pentru-nae-ungureanu-camataru-a-murit-de-oftica","status":"publish","type":"post","link":"https:\/\/analyse.optim.biz\/?p=2116100","title":{"rendered":"Drama elimin\u0103rii Universit\u0103\u021bii Craiova a fost prea mult pentru Nae Ungureanu! C\u0103m\u0103taru: A murit de oftic\u0103,"},"content":{"rendered":"<p>[analyse_image type=&#8221;featured&#8221; src=&#8221;https:\/\/renasterea.ro\/ro\/wp-content\/uploads\/2026\/08\/nae-ungureanu.jpghttps:\/\/renasterea.ro\/ro\/wp-content\/uploads\/2026\/08\/nae-ungureanu.jpg&#8221;]<\/p>\n<div class=\"entry-content\"><img loading=\"lazy\" decoding=\"async\" width=\"512\" height=\"342\" src=\"https:\/\/renasterea.ro\/ro\/wp-content\/uploads\/2026\/08\/nae-ungureanu.jpg\" class=\"attachment-medium size-medium wp-post-image\" alt=\"Drama elimin\u0103rii Universit\u0103\u021bii Craiova a fost prea mult pentru Nae Ungureanu! C\u0103m\u0103taru: A murit de oftic\u0103, de sup\u0103rare dup\u0103 meci!\" title=\"Drama elimin\u0103rii Universit\u0103\u021bii Craiova a fost prea mult pentru Nae Ungureanu! C\u0103m\u0103taru: A murit de oftic\u0103, de sup\u0103rare dup\u0103 meci! 1\"><\/p>\n<h4>Nae Ungureanu, unul dintre fotbali\u0219tii emblematici ai Universit\u0103\u021bii Craiova \u0219i membru al genera\u021biei Craiova Maxima, a murit la v\u00e2rsta de 69 de ani.<\/h4>\n<p>Fostul s\u0103u coleg, Rodion C\u0103m\u0103taru, sus\u021bine c\u0103 Nae Ungureanu ar fi f\u0103cut un infarct din cauza sup\u0103r\u0103rii provocare de eliminarea Universit\u0103\u021bii Craiova din Europa League.<\/p>\n<p>Universitatea Craiova a avut un final de meci dramatic \u00een Armenia, cu un penalty acordat \u00een prelungirile meciului. \u00cen prim\u0103 instan\u021b\u0103, portarul a respins, dar arbitrul a dictat reluarea penalty-ului. \u0218i al doilea penalty a fost ratat, dar pe respingere armenii au dat gol.<\/p>\n<p>Sup\u0103rarea generat\u0103 de aceast\u0103 eliminare dramatic\u0103 a echipei de suflet se pare c\u0103 a fost prea mult pentru Nae Ungureanu.<\/p>\n<h3>Rodion C\u0103m\u0103taru: Nae a murit de sup\u0103rare, de oftic\u0103 dup\u0103 meci<\/h3>\n<p>\u201eAcum am aflat. Tocmai i-am zis lui Aurel Beldeanu, cumnat\u0103-miu nici nu \u0219tia. Asear\u0103 a fost cu ni\u0219te prieteni s\u0103 vad\u0103 meciul la Mohora, la Sadu. L-au g\u0103sit mort azi diminea\u021b\u0103. Avea un accident vascular. M-au invitat \u0219i pe mine acolo de c\u00e2teva ori. A f\u0103cut infarct, ce s\u0103 mai. De oftic\u0103 \u0219i de sup\u0103rare dup\u0103 meci. Sunt devastat, nu avea nici 70 de ani, era mai mare ca mine cu doi ani\u2026 \u00cemi pare r\u0103u, a fost unul din lupt\u0103torii echipei, un foarte mare fotbalist, inim\u0103 mare, dar uite c\u0103 nu a rezistat.<\/p>\n<p>Nu mai am cuvinte, prea devreme au plecat to\u021bi din Craiova Maxima. M-a dat peste cap. Dumnezeu s\u0103 \u00eel odihneasc\u0103! Ne-am v\u0103zut la ultimul meci \u00een campionat. El era mereu acolo. Acolo ne vedeam s\u0103pt\u0103m\u00e2nal, dar uite c\u0103 nu \u0219tii c\u00e2nd e ultima oar\u0103. S-au dus prea mul\u021bi. Suntem da\u021bi peste cap. Nici ai no\u0219tri nu \u0219tiu, m\u0103 sun\u0103 Negril\u0103, nu mai pot vorbi\u201d, a reac\u021bionat Rodion C\u0103m\u0103taru, informeaz\u0103 <span><a href=\"https:\/\/www.fanatik.ro\/\" rel=\"noopener\">Fanatik<\/a><\/span>.<\/p>\n<h2>CITE\u015eTE \u015eI: <span><a href=\"https:\/\/renasterea.ro\/centrul-timisoarei-blocat-de-super-rally\/\">Centrul Timi\u015foarei, blocat de Super Rally<\/a><\/span><\/h2>\n<p><em><span class=\"font-bold\">Surs\u0103 foto:<\/span> News.ro<\/em><\/p>\n<\/div>\n<p>[analyse_source url=&#8221;https:\/\/renasterea.ro\/drama-eliminarii-universitatii-craiova-a-fost-prea-mult-pentru-nae-ungureanu-camataru-a-murit-de-oftica-de-suparare-dupa-meci\/&#8221;]<\/p>\n","protected":false},"excerpt":{"rendered":"<p>[analyse_image type=&#8221;featured&#8221; src=&#8221;https:\/\/renasterea.ro\/ro\/wp-content\/uploads\/2026\/08\/nae-ungureanu.jpghttps:\/\/renasterea.ro\/ro\/wp-content\/uploads\/2026\/08\/nae-ungureanu.jpg&#8221;] Nae Ungureanu, unul dintre fotbali\u0219tii emblematici ai Universit\u0103\u021bii Craiova \u0219i membru al genera\u021biei Craiova Maxima, a murit la v\u00e2rsta de 69 de ani. Fostul s\u0103u coleg, Rodion C\u0103m\u0103taru, sus\u021bine c\u0103 Nae Ungureanu ar fi f\u0103cut un infarct din cauza sup\u0103r\u0103rii provocare de eliminarea Universit\u0103\u021bii Craiova din Europa League. Universitatea Craiova a avut [&hellip;]<\/p>\n","protected":false},"author":1,"featured_media":0,"comment_status":"open","ping_status":"","sticky":false,"template":"","format":"standard","meta":{"footnotes":""},"categories":[89],"tags":[226,188],"class_list":["post-2116100","post","type-post","status-publish","format-standard","hentry","category-romania","tag-crawlmanager","tag-renasterea-ro"],"_links":{"self":[{"href":"https:\/\/analyse.optim.biz\/index.php?rest_route=\/wp\/v2\/posts\/2116100","targetHints":{"allow":["GET"]}}],"collection":[{"href":"https:\/\/analyse.optim.biz\/index.php?rest_route=\/wp\/v2\/posts"}],"about":[{"href":"https:\/\/analyse.optim.biz\/index.php?rest_route=\/wp\/v2\/types\/post"}],"author":[{"embeddable":true,"href":"https:\/\/analyse.optim.biz\/index.php?rest_route=\/wp\/v2\/users\/1"}],"replies":[{"embeddable":true,"href":"https:\/\/analyse.optim.biz\/index.php?rest_route=%2Fwp%2Fv2%2Fcomments&post=2116100"}],"version-history":[{"count":0,"href":"https:\/\/analyse.optim.biz\/index.php?rest_route=\/wp\/v2\/posts\/2116100\/revisions"}],"wp:attachment":[{"href":"https:\/\/analyse.optim.biz\/index.php?rest_route=%2Fwp%2Fv2%2Fmedia&parent=2116100"}],"wp:term":[{"taxonomy":"category","embeddable":true,"href":"https:\/\/analyse.optim.biz\/index.php?rest_route=%2Fwp%2Fv2%2Fcategories&post=2116100"},{"taxonomy":"post_tag","embeddable":true,"href":"https:\/\/analyse.optim.biz\/index.php?rest_route=%2Fwp%2Fv2%2Ftags&post=2116100"}],"curies":[{"name":"wp","href":"https:\/\/api.w.org\/{rel}","templated":true}]}}