{"id":2116023,"date":"2026-08-28T08:55:12","date_gmt":"2026-08-28T05:55:12","guid":{"rendered":"https:\/\/analyse.optim.biz\/?p=2116023"},"modified":"2026-08-28T08:55:12","modified_gmt":"2026-08-28T05:55:12","slug":"octavian-hoandra-evz-romania-captiva-intr-o-ucigasa-incertitudine","status":"publish","type":"post","link":"https:\/\/analyse.optim.biz\/?p=2116023","title":{"rendered":"Octavian Hoandr\u0103 (EVZ): Rom\u00e2nia captiv\u0103 \u00eentr-o uciga\u0219\u0103 incertitudine!"},"content":{"rendered":"<p>[analyse_image type=&#8221;featured&#8221; src=&#8221;https:\/\/solidnews.ro\/wp-content\/uploads\/2024\/10\/hoandra.jpg&#8221;]<\/p>\n<div class=\"td_block_wrap tdb_single_content tdi_120 td-pb-border-top td_block_template_1 td-post-content tagdiv-type\" data-td-block-uid=\"tdi_120\">\n<div class=\"tdb-block-inner td-fix-index\">\n<p>Uniunea Salva\u021bi Rom\u00e2nia \u0219i AUR, dou\u0103 partide \u201dproeuropene\u201d s-au \u00eent\u00eelnit, \u00een sf\u00eer\u0219it, la votul pentru Fritz\u2026! Ca doi tineri \u00eendr\u0103gosti\u021bi care s-au hot\u0103r\u00e2t s\u0103 nu se mai ascund\u0103\u2026 Era clar, \u00eenc\u0103 de mult, c\u0103 cele dou\u0103 oengeuri create de aceea\u0219i Unitate Militar\u0103 vor trebui, o dat\u0103 \u0219i o dat\u0103 s\u0103 ias\u0103 din ilegalitate. Exact ca \u0219i str\u0103mo\u0219ul vechiomarxist de alt\u0103 dat\u0103.\u2026 Dar o dat\u0103 cu venirea la putere a \u201emarelui Mesia jupuitorul rom\u00e2nilor\u201d \u2013 a devenit, din ce \u00een ce mai clar, \u00een toat\u0103 incertitudinea pe care USR-Bolojan au cobor\u00e2t-o, ca pe un v\u0103l negru deasupra Rom\u00e2niei, c\u0103 asupra \u021b\u0103rii r\u00eenje\u0219te catastrofa.<\/p>\n<p>\u0218i cum PNL \u00eei deranja cel mai mult, Bolojan a reu\u0219it s\u0103-l anihileze \u0219i s\u0103-l spurce, complet. De fric\u0103. Fiindc\u0103 cu un alt PNL , \u201dmesia\u201d n-ar fi putut distruge at\u00e2t de u\u0219or capitalul autohton \u0219i n-am fi contribuit (dup\u0103 cum spun statisticile) la crearea \u00een Germania, din banii da\u021bi c\u0103tre Rheinmetall a 500.000 de noilocuri de munc\u0103\u2026<\/p>\n<p>Citi\u021bi articolul integral pe <a href=\"https:\/\/evz.ro\/romania-captiva-intr-o-ucigasa-incertitudine.html\">evz.ro<\/a>!<\/p>\n<p>Surs\u0103: <a href=\"https:\/\/evz.ro\/romania-captiva-intr-o-ucigasa-incertitudine.html\">evz.ro<\/a><\/p>\n<\/div>\n<\/div>\n<div class=\"td_block_wrap tdb_single_content tdi_120 td-pb-border-top td_block_template_1 td-post-content tagdiv-type\" data-td-block-uid=\"tdi_120\">\n<div class=\"tdb-block-inner td-fix-index\">\n<p>Uniunea Salva\u021bi Rom\u00e2nia \u0219i AUR, dou\u0103 partide \u201dproeuropene\u201d s-au \u00eent\u00eelnit, \u00een sf\u00eer\u0219it, la votul pentru Fritz\u2026! Ca doi tineri \u00eendr\u0103gosti\u021bi care s-au hot\u0103r\u00e2t s\u0103 nu se mai ascund\u0103\u2026 Era clar, \u00eenc\u0103 de mult, c\u0103 cele dou\u0103 oengeuri create de aceea\u0219i Unitate Militar\u0103 vor trebui, o dat\u0103 \u0219i o dat\u0103 s\u0103 ias\u0103 din ilegalitate. Exact ca \u0219i str\u0103mo\u0219ul vechiomarxist de alt\u0103 dat\u0103.\u2026 Dar o dat\u0103 cu venirea la putere a \u201emarelui Mesia jupuitorul rom\u00e2nilor\u201d \u2013 a devenit, din ce \u00een ce mai clar, \u00een toat\u0103 incertitudinea pe care USR-Bolojan au cobor\u00e2t-o, ca pe un v\u0103l negru deasupra Rom\u00e2niei, c\u0103 asupra \u021b\u0103rii r\u00eenje\u0219te catastrofa.<\/p>\n<p>\u0218i cum PNL \u00eei deranja cel mai mult, Bolojan a reu\u0219it s\u0103-l anihileze \u0219i s\u0103-l spurce, complet. De fric\u0103. Fiindc\u0103 cu un alt PNL , \u201dmesia\u201d n-ar fi putut distruge at\u00e2t de u\u0219or capitalul autohton \u0219i n-am fi contribuit (dup\u0103 cum spun statisticile) la crearea \u00een Germania, din banii da\u021bi c\u0103tre Rheinmetall a 500.000 de noilocuri de munc\u0103\u2026<\/p>\n<p>Citi\u021bi articolul integral pe <a href=\"https:\/\/evz.ro\/romania-captiva-intr-o-ucigasa-incertitudine.html\">evz.ro<\/a>!<\/p>\n<p>Surs\u0103: <a href=\"https:\/\/evz.ro\/romania-captiva-intr-o-ucigasa-incertitudine.html\">evz.ro<\/a><\/p>\n<\/div>\n<\/div>\n<p>[analyse_source url=&#8221;https:\/\/solidnews.ro\/octavian-hoandra-evz-romania-captiva-intr-o-ucigasa-incertitudine\/&#8221;]<\/p>\n","protected":false},"excerpt":{"rendered":"<p>[analyse_image type=&#8221;featured&#8221; src=&#8221;https:\/\/solidnews.ro\/wp-content\/uploads\/2024\/10\/hoandra.jpg&#8221;] Uniunea Salva\u021bi Rom\u00e2nia \u0219i AUR, dou\u0103 partide \u201dproeuropene\u201d s-au \u00eent\u00eelnit, \u00een sf\u00eer\u0219it, la votul pentru Fritz\u2026! Ca doi tineri \u00eendr\u0103gosti\u021bi care s-au hot\u0103r\u00e2t s\u0103 nu se mai ascund\u0103\u2026 Era clar, \u00eenc\u0103 de mult, c\u0103 cele dou\u0103 oengeuri create de aceea\u0219i Unitate Militar\u0103 vor trebui, o dat\u0103 \u0219i o dat\u0103 s\u0103 ias\u0103 din [&hellip;]<\/p>\n","protected":false},"author":1,"featured_media":0,"comment_status":"open","ping_status":"","sticky":false,"template":"","format":"standard","meta":{"footnotes":""},"categories":[89],"tags":[226,97],"class_list":["post-2116023","post","type-post","status-publish","format-standard","hentry","category-romania","tag-crawlmanager","tag-solidnews-ro"],"_links":{"self":[{"href":"https:\/\/analyse.optim.biz\/index.php?rest_route=\/wp\/v2\/posts\/2116023","targetHints":{"allow":["GET"]}}],"collection":[{"href":"https:\/\/analyse.optim.biz\/index.php?rest_route=\/wp\/v2\/posts"}],"about":[{"href":"https:\/\/analyse.optim.biz\/index.php?rest_route=\/wp\/v2\/types\/post"}],"author":[{"embeddable":true,"href":"https:\/\/analyse.optim.biz\/index.php?rest_route=\/wp\/v2\/users\/1"}],"replies":[{"embeddable":true,"href":"https:\/\/analyse.optim.biz\/index.php?rest_route=%2Fwp%2Fv2%2Fcomments&post=2116023"}],"version-history":[{"count":0,"href":"https:\/\/analyse.optim.biz\/index.php?rest_route=\/wp\/v2\/posts\/2116023\/revisions"}],"wp:attachment":[{"href":"https:\/\/analyse.optim.biz\/index.php?rest_route=%2Fwp%2Fv2%2Fmedia&parent=2116023"}],"wp:term":[{"taxonomy":"category","embeddable":true,"href":"https:\/\/analyse.optim.biz\/index.php?rest_route=%2Fwp%2Fv2%2Fcategories&post=2116023"},{"taxonomy":"post_tag","embeddable":true,"href":"https:\/\/analyse.optim.biz\/index.php?rest_route=%2Fwp%2Fv2%2Ftags&post=2116023"}],"curies":[{"name":"wp","href":"https:\/\/api.w.org\/{rel}","templated":true}]}}