{"id":2116000,"date":"2026-08-28T08:33:18","date_gmt":"2026-08-28T05:33:18","guid":{"rendered":"https:\/\/analyse.optim.biz\/?p=2116000"},"modified":"2026-08-28T08:33:18","modified_gmt":"2026-08-28T05:33:18","slug":"comunicat-uat-vidra-anunta-finalizarea-implementarii-proiectului-digitalizarea-turismului-local-al-comunei","status":"publish","type":"post","link":"https:\/\/analyse.optim.biz\/?p=2116000","title":{"rendered":"COMUNICAT \u2013 UAT Vidra anun\u021b\u0103 finalizarea implement\u0103rii proiectului ,,Digitalizarea Turismului Local al comunei,,"},"content":{"rendered":"<p>[analyse_image type=&#8221;featured&#8221; src=&#8221;https:\/\/blitz24.ro\/wp-content\/uploads\/2026\/08\/comunicat-vidra-incheiere1.jpg&#8221;]<\/p>\n<div class=\"cm-entry-summary\">\n<p align=\"justify\"><strong><span>COMUNA VIDRA <\/span><span>anun\u021b\u0103 finalizarea implement\u0103rii proiectului <\/span><span>\u201e<\/span><span><i>DIGITALIZAREA TURISMULUI LOCAL AL COMUNEI VIDRA, JUDETUL VRANCEA\u201d<\/i><\/span><span><i> (Nr. ordine \u2013 36), finan\u021bat prin<\/i><\/span><span><i> Planul Na\u021bional de Redresare \u0219i Rezilien\u021b\u0103 al Rom\u00e2niei,\u00a0<\/i><\/span><span><i>PILONUL IV. COEZIUNEA SOCIAL\u0102 \u0218I TERITORIAL\u0102, COMPONENTA C11.TURISM \u0218I CULTUR\u0102, REFORMA R1 \u2013 OPERA\u021aIONALIZAREA ORGANIZA\u021aIILOR DE MANAGEMENT AL DESTINA\u021aIEI (OMD-URI).<\/i><\/span><\/strong><\/p>\n<p align=\"justify\"><span>Apelul de proiecte este gestionat de MINISTERUL ECONOMIEI, DIGITALIZ\u0102RII, ANTREPRENORIATULUI \u0218I TURISMULUI, \u00een calitate de coordonator de reforme \u0219i\/sau investi\u021bii pentru Planul Na\u021bional de Redresare \u0219i Rezilien\u021b\u0103, finan\u021bat din fonduri europene prin Planul Na\u021bional de Redresare \u0219i Rezilien\u021b\u0103 al Rom\u00e2niei.<\/span><\/p>\n<p align=\"justify\"><span>Perioada de implementare a proiectului a fost cuprins\u0103 \u00een intervalul 16.03.2026\u2013 31.08.2026.<\/span><\/p>\n<p align=\"justify\"><span>Valoare total\u0103 proiect: 650.810,60 lei <\/span><\/p>\n<p align=\"justify\"><span>Valoarea finan\u021bare nerambursabil\u0103: 537.860,00 lei<\/span><\/p>\n<p align=\"justify\"><span><b>Proiectul \u00ee\u0219i propune realizarea unei infrastructuri digitale complete, viz\u00e2nd modernizarea modului de promovare a destina\u021biei turistice Comuna Vidra \u0219i integrarea acesteia \u00een ecosistemul digital regional al OMD \u201e\u021ainutului Vrancei\u201d.<\/b><\/span><\/p>\n<p align=\"justify\"><span><b>Activit\u0103\u021bile principale se concentreaz\u0103 pe trei mari direc\u021bii, cu un indicator de realizare: Num\u0103rul de aplica\u021bii pentru digitalizarea destina\u021biei turistice: 3 buc\u0103\u021bi.<\/b><\/span><\/p>\n<p align=\"justify\">\u2713 <span><b>Prima direc\u021bie, Dotarea cu aplica\u021bii mobile pentru cre\u0219terea poten\u021bialului turistic \u0219i digitalizarea obiectivelor, cuprinde dezvoltarea a dou\u0103 componente esen\u021biale de promovare digital\u0103:<\/b><\/span><\/p>\n<p align=\"justify\"><span><b>1. Un Tur virtual accesibil online, realizat prin fotografii panoramice (cu dron\u0103 \u0219i aparat profesional), rectificarea imaginilor, dezvoltarea unei interfe\u021be web responsive, implementarea de hotspot-uri interactive \u0219i integrarea pe Google Maps, asigur\u00e2nd astfel vizibilitate sporit\u0103 a obiectivelor turistice.<\/b><\/span><\/p>\n<p align=\"justify\"><span><b>2. O Solu\u021bie digital\u0103 SyncMap Turistic (care include platforma GIS \u0219i aplica\u021biile mobile iOS\/Android), ce presupune digitalizarea h\u0103r\u021bilor, traseelor, obiectivelor \u0219i infrastructurii, crearea de h\u0103r\u021bi GIS \u0219i baze de date geospa\u021biale. Aceasta va permite \u00eembun\u0103t\u0103\u021birea experien\u021bei turi\u0219tilor prin orientare \u00een teren \u0219i acces la informa\u021bii actualizate.<\/b><\/span><\/p>\n<p align=\"justify\">\u2713 <span><b>A doua direc\u021bie, Realizarea unui hub de comunicare turistic\u0103, implic\u0103 achizi\u021bia de dot\u0103ri IT esen\u021biale pentru operarea platformelor \u0219i instruirea personalului, incluz\u00e2nd Copiator multifunc\u021bional, Laptop, Tabl\u0103 interactiv\u0103. Aceste echipamente vor sus\u021bine managementul opera\u021bional al solu\u021biilor digitale.<\/b><\/span><\/p>\n<p align=\"justify\">\u2713 <span><b>A treia direc\u021bie, Dotare infrastructur\u0103 monitorizare video panoramic\u0103, const\u0103 \u00een achizi\u021bia de 7 camere speed, NVR, fibr\u0103 optic\u0103 \u0219i monitor, contribuind la monitorizarea fluxurilor turistice \u0219i la securitatea obiectivelor, dac\u0103 este cazul.<\/b><\/span><\/p>\n<p align=\"justify\"><span>De rezultatele proiectului vor beneficia \u00een mod direct \u0219i indirect urm\u0103toarele grupuri\/entit\u0103\u021bi:<\/span><\/p>\n<p align=\"justify\"><span>1. Turi\u0219tii (Vizitatorii zonei) (Beneficiar Direct): Ace\u0219tia vor beneficia de acces facil \u0219i rapid la informa\u021bii actualizate (geospa\u021biale, obiective, servicii) prin aplica\u021biile mobile \u0219i interfa\u021ba web, \u00eembun\u0103t\u0103\u021bind semnificativ experien\u021ba lor.<\/span><\/p>\n<p align=\"justify\"><span>2. Locuitorii Comunei Vidra (Beneficiar Direct): Vor beneficia de o vizibilitate sporit\u0103 a comunei, dar \u0219i de instrumente digitale (platforme) care pot fi utilizate pentru comunicare intern\u0103 sau pentru a accesa informa\u021bii publice digitale.<\/span><\/p>\n<p align=\"justify\"><span>3. Operatorii Economici locali (Ex: Pensiuni, restaurante, ghizi locali etc.) (Beneficiar Direct): Ace\u0219tia vor beneficia de promovare integrat\u0103 pe platforma digital\u0103, ceea ce poate duce la cre\u0219terea num\u0103rului de clien\u021bi \u0219i la dezvoltarea poten\u021bialului economic al zonei.<\/span><\/p>\n<p align=\"justify\"><span>4. Institu\u021biile Sociale \u0219i de Interes Public din Comuna Vidra (Beneficiar Direct): Vor beneficia de o infrastructur\u0103 digital\u0103 modern\u0103 care poate fi extins\u0103 pentru alte servicii publice, \u00eembun\u0103t\u0103\u021bind eficien\u021ba administrativ\u0103 \u0219i transparen\u021ba prin digitalizare<\/span><\/p>\n<p align=\"justify\"><span>5. Unitatea Administrativ Teritorial\u0103 (UAT) Comuna (Beneficiar Direct Principal (Institu\u021bional): Beneficiaz\u0103 de modernizarea infrastructurii digitale \u0219i de \u00eembun\u0103t\u0103\u021birea capacit\u0103\u021bii de management a destina\u021biei (OMD), asigur\u00e2nd sustenabilitatea pe perioada de durabilitate.<\/span><\/p>\n<p align=\"justify\"><span>6. Organiza\u021bia de Management al Destina\u021biei \u201e\u021ainutul Vrancei\u201d (Beneficiar Indirect\/Partener): Beneficiaz\u0103 de compatibilitatea ecosistemului digital creat cu platformele regionale ale OMD-ului, contribuind la consolidarea destina\u021biei regionale prin digitalizare la nivel local.<\/span><\/p>\n<p align=\"justify\"><span>7. Sectorul Economic Local Extins (Beneficiar Indirect): Beneficiaz\u0103 indirect de cre\u0219terea general\u0103 a cererii de servicii rezultat\u0103 din cre\u0219terea num\u0103rului de turi\u0219ti.<\/span><\/p>\n<p align=\"justify\"><span><i>Proiectul \u201eDigitalizarea turismului local al Comunei Vidra, jude\u021bul Vrancea\u201d a fost conceput pentru a genera un impact pozitiv net asupra mediului, utiliz\u00e2nd tehnologia ca instrument de protec\u021bie a resurselor naturale \u0219i de promovare a unui turism responsabil \u00een comun\u0103.<\/i><\/span><\/p>\n<p align=\"justify\"><span><b>Date de contact<\/b><\/span><\/p>\n<p align=\"justify\"><span><b>Tel.: 0723184655<\/b><\/span><\/p>\n<p lang=\"en-US\" align=\"justify\"><span><span><span><span><span><u>primarie@primariavidravn.ro<\/u><\/span><\/span><\/span><\/span><\/span><\/p>\n<p align=\"justify\"><span><span><u>https:\/\/www.primariavidravn.ro\/<\/u><\/span><\/span><\/p>\n<p align=\"justify\"><img decoding=\"async\" src=\"https:\/\/blitz24.ro\/wp-content\/uploads\/2026\/08\/comunicat-vidra-incheiere1-209x300.jpg\" loading=\"lazy\" class=\"alignnone  wp-image-26558\" alt width=\"662\" height=\"950\"><img decoding=\"async\" src=\"https:\/\/blitz24.ro\/wp-content\/uploads\/2026\/08\/comunicat-vidra-incheiere2-207x300.jpg\" loading=\"lazy\" class=\"alignnone  wp-image-26559\" alt width=\"658\" height=\"954\"><\/p>\n<p align=\"justify\"><a href=\"https:\/\/blitz24.ro\/wp-content\/uploads\/2026\/08\/Comunicat-finalizare-proiect_Vidra.docx\">Comunicat finalizare proiect_Vidra<\/a><\/p>\n<\/div>\n<p>[analyse_source url=&#8221;https:\/\/blitz24.ro\/stiri-judetene\/actualitate-stiri-judetene\/comunicat-uat-vidra-anunta-finalizarea-implementarii-proiectului-digitalizarea-turismului-local-al-comunei\/&#8221;]<\/p>\n","protected":false},"excerpt":{"rendered":"<p>[analyse_image type=&#8221;featured&#8221; src=&#8221;https:\/\/blitz24.ro\/wp-content\/uploads\/2026\/08\/comunicat-vidra-incheiere1.jpg&#8221;] COMUNA VIDRA anun\u021b\u0103 finalizarea implement\u0103rii proiectului \u201eDIGITALIZAREA TURISMULUI LOCAL AL COMUNEI VIDRA, JUDETUL VRANCEA\u201d (Nr. ordine \u2013 36), finan\u021bat prin Planul Na\u021bional de Redresare \u0219i Rezilien\u021b\u0103 al Rom\u00e2niei,\u00a0PILONUL IV. COEZIUNEA SOCIAL\u0102 \u0218I TERITORIAL\u0102, COMPONENTA C11.TURISM \u0218I CULTUR\u0102, REFORMA R1 \u2013 OPERA\u021aIONALIZAREA ORGANIZA\u021aIILOR DE MANAGEMENT AL DESTINA\u021aIEI (OMD-URI). Apelul de proiecte este gestionat [&hellip;]<\/p>\n","protected":false},"author":1,"featured_media":0,"comment_status":"open","ping_status":"","sticky":false,"template":"","format":"standard","meta":{"footnotes":""},"categories":[2],"tags":[42,226],"class_list":["post-2116000","post","type-post","status-publish","format-standard","hentry","category-politics","tag-blitz24-ro","tag-crawlmanager"],"_links":{"self":[{"href":"https:\/\/analyse.optim.biz\/index.php?rest_route=\/wp\/v2\/posts\/2116000","targetHints":{"allow":["GET"]}}],"collection":[{"href":"https:\/\/analyse.optim.biz\/index.php?rest_route=\/wp\/v2\/posts"}],"about":[{"href":"https:\/\/analyse.optim.biz\/index.php?rest_route=\/wp\/v2\/types\/post"}],"author":[{"embeddable":true,"href":"https:\/\/analyse.optim.biz\/index.php?rest_route=\/wp\/v2\/users\/1"}],"replies":[{"embeddable":true,"href":"https:\/\/analyse.optim.biz\/index.php?rest_route=%2Fwp%2Fv2%2Fcomments&post=2116000"}],"version-history":[{"count":0,"href":"https:\/\/analyse.optim.biz\/index.php?rest_route=\/wp\/v2\/posts\/2116000\/revisions"}],"wp:attachment":[{"href":"https:\/\/analyse.optim.biz\/index.php?rest_route=%2Fwp%2Fv2%2Fmedia&parent=2116000"}],"wp:term":[{"taxonomy":"category","embeddable":true,"href":"https:\/\/analyse.optim.biz\/index.php?rest_route=%2Fwp%2Fv2%2Fcategories&post=2116000"},{"taxonomy":"post_tag","embeddable":true,"href":"https:\/\/analyse.optim.biz\/index.php?rest_route=%2Fwp%2Fv2%2Ftags&post=2116000"}],"curies":[{"name":"wp","href":"https:\/\/api.w.org\/{rel}","templated":true}]}}