{"id":2115998,"date":"2026-08-27T12:56:01","date_gmt":"2026-08-27T09:56:01","guid":{"rendered":"https:\/\/analyse.optim.biz\/?p=2115998"},"modified":"2026-08-27T12:56:01","modified_gmt":"2026-08-27T09:56:01","slug":"marcel-ciolacu-vrea-sa-puna-buzaul-pe-harta-turistica-a-romaniei-avem-locuri-minunate-dar-am-ramas-o-zona-de-tranzit","status":"publish","type":"post","link":"https:\/\/analyse.optim.biz\/?p=2115998","title":{"rendered":"Marcel Ciolacu vrea s\u0103 pun\u0103 Buz\u0103ul pe harta turistic\u0103 a Rom\u00e2niei: \u201eAvem locuri minunate, dar am r\u0103mas o zon\u0103 de tranzit\u201d"},"content":{"rendered":"<p>[analyse_image type=&#8221;featured&#8221; src=&#8221;https:\/\/gazetabuzoiana.ro\/wp-content\/uploads\/2026\/08\/lacul-vulturilor.jpg&#8221;]<\/p>\n<div class=\"entry-content entry clearfix\">\n<p class=\"wp-block-paragraph\">Consiliul Jude\u021bean Buz\u0103u a \u00eenceput demersurile pentru realizarea unui brand al jude\u021bului, prin care administra\u021bia \u00ee\u0219i propune s\u0103 reuneasc\u0103 \u00eentr-un mod coerent principalele atrac\u021bii turistice, culturale, istorice \u0219i identitare ale Buz\u0103ului. Ini\u021biativa anun\u021bat\u0103 de pre\u0219edintele CJ, Marcel Ciolacu, urm\u0103re\u0219te ca jude\u021bul s\u0103 fie promovat mai coerent \u0219i s\u0103 devin\u0103 o destina\u021bie \u00een sine, nu doar un loc prin care turi\u0219tii trec \u00een drum spre alte zone.<\/p>\n<p class=\"wp-block-paragraph\">Ciolacu consider\u0103 c\u0103 Buz\u0103ul are tot ce \u00eei trebuie pentru a fi mai bine cunoscut la nivel na\u021bional, \u00eens\u0103 acestea trebuie puse \u00eempreun\u0103 \u00eentr-o strategie de promovare care s\u0103 le fac\u0103 mai u\u0219or de descoperit.<\/p>\n<p class=\"wp-block-paragraph\">Pentru construirea acestui brand, administra\u021bia jude\u021bean\u0103 inten\u021bioneaz\u0103 s\u0103 poarte discu\u021bii cu institu\u021bii \u0219i comunit\u0103\u021bi care pot contribui la imaginea jude\u021bului. Printre acestea se afl\u0103 Armata, Biserica \u0219i fiecare unitate administrativ-teritorial\u0103 din jude\u021b.<\/p>\n<p class=\"wp-block-paragraph\"><em>\u201eAm declan\u0219at o procedur\u0103 de a avea un brand de jude\u021b. Normal c\u0103 vom avea discu\u021bii cu Armata, reprezentativ\u0103 pentru jude\u021bul Buz\u0103u, pentru a face parte din acest brand, cu Biserica \u0219i, nu \u00een ultimul r\u00e2nd, cu fiecare UAT, pentru a pune \u00een valoare ceea ce are jude\u021bul Buz\u0103u\u201d,<\/em> a declarat Marcel Ciolacu.<\/p>\n<h1 class=\"wp-block-heading\">Un jude\u021b cu multe obiective, dar care trebuie s\u0103-i fac\u0103 pe oameni s\u0103 r\u0103m\u00e2n\u0103<\/h1>\n<p class=\"wp-block-paragraph\">Problema identificat\u0103 de administra\u021bia jude\u021bean\u0103 nu este lipsa obiectivelor turistice, ci faptul c\u0103 Buz\u0103ul nu reu\u0219e\u0219te \u00eenc\u0103 s\u0103 transforme traficul de tranzit \u00eentr-un avantaj pentru economia local\u0103.<\/p>\n<p class=\"wp-block-paragraph\">Vulcanii Noroio\u0219i, zona Berca, Trovan\u021bii de la Ulmet, Meledic, S\u0103rata-Monteoru, podgoriile de la Pietroasele, a\u0219ez\u0103rile rupestre, patrimoniul religios, gastronomia \u0219i tradi\u021biile locale reprezint\u0103 doar o parte dintre elementele care ar putea fi reunite \u00eentr-o ofert\u0103 turistic\u0103 mai bine conturat\u0103.<\/p>\n<p class=\"wp-block-paragraph\"><em>\u201e\u0218tim c\u00e2te lucruri \u0219i c\u00e2te locuri minunate avem \u00een jude\u021bul Buz\u0103u, vizitate de ani de zile, dar f\u0103r\u0103 a avea posibilitatea de a fi o destina\u021bie. Cumva, am r\u0103mas o zon\u0103 de tranzit\u201d<\/em>, a explicat pre\u0219edintele CJ.<\/p>\n<p class=\"wp-block-paragraph\">\u00cen viziunea lui Ciolacu, tocmai aceast\u0103 situa\u021bie trebuie schimbat\u0103. Oamenii care ajung \u00een Buz\u0103u s\u0103 nu se limiteze la o oprire de scurt\u0103 durat\u0103, ci s\u0103 fie determina\u021bi s\u0103 descopere jude\u021bul \u0219i s\u0103 r\u0103m\u00e2n\u0103 aici mai multe zile.<\/p>\n<h1 class=\"wp-block-heading\">Brandul nu \u00eenseamn\u0103 doar un logo<\/h1>\n<p class=\"wp-block-paragraph\">Proiectul nu este g\u00e2ndit doar ca realizarea unui slogan sau a unei identit\u0103\u021bi vizuale. Scopul  este ca obiectivele turistice \u0219i culturale ale jude\u021bului s\u0103 fie legate \u00eentre ele \u0219i promovate ca parte a unei destina\u021bii comune.<\/p>\n<p class=\"wp-block-paragraph\">Asta ar putea \u00eensemna dezvoltarea unor trasee \u0219i experien\u021be turistice, promovarea produselor locale \u0219i o colaborare mai str\u00e2ns\u0103 \u00eentre administra\u021biile locale, institu\u021biile publice \u0219i mediul privat.<\/p>\n<p class=\"wp-block-paragraph\">\u00cen aceea\u0219i direc\u021bie, dezvoltarea turismului presupune \u0219i investi\u021bii \u00een infrastructur\u0103, spa\u021bii de cazare, restaurante \u0219i facilit\u0103\u021bi de agrement. F\u0103r\u0103 aceste servicii, un jude\u021b cu obiective turistice valoroase risc\u0103 s\u0103 r\u0103m\u00e2n\u0103 \u00een continuare doar o destina\u021bie de o zi.<\/p>\n<p class=\"wp-block-paragraph\">Ideea unui brand de jude\u021b vine, astfel, \u00een continuarea strategiei promovate de administra\u021bia jude\u021bean\u0103 \u00een ultima perioad\u0103. Buz\u0103ul s\u0103 fie prezentat mai clar ca destina\u021bie turistic\u0103 \u0219i s\u0103 transforme ceea ce are deja \u00eentr-un avantaj economic pentru comunit\u0103\u021bile locale.<\/p>\n<p class=\"wp-block-paragraph\">Pentru Marcel Ciolacu, provocarea este ca Buz\u0103ul s\u0103 treac\u0103 de la statutul de jude\u021b pe care turi\u0219tii \u00eel traverseaz\u0103 la cel al unei destina\u021bii pentru care ace\u0219tia \u00ee\u0219i planific\u0103 efectiv o vizit\u0103.<\/p>\n<div class=\"post-bottom-meta post-bottom-tags post-tags-modern\">\n<div class=\"post-bottom-meta-title\"> Etichete<\/div>\n<p><span class=\"tagcloud\"><a href=\"https:\/\/gazetabuzoiana.ro\/tag\/armata-2\/\" rel=\"tag\">Armata<\/a><a href=\"https:\/\/gazetabuzoiana.ro\/tag\/berca\/\" rel=\"tag\">berca<\/a><a href=\"https:\/\/gazetabuzoiana.ro\/tag\/biserica\/\" rel=\"tag\">Biserica<\/a><a href=\"https:\/\/gazetabuzoiana.ro\/tag\/brand-buzau\/\" rel=\"tag\">brand Buz\u0103u<\/a><a href=\"https:\/\/gazetabuzoiana.ro\/tag\/brand-de-judet\/\" rel=\"tag\">brand de jude\u021b<\/a><a href=\"https:\/\/gazetabuzoiana.ro\/tag\/buzau-2\/\" rel=\"tag\">Buz\u0103u<\/a><a href=\"https:\/\/gazetabuzoiana.ro\/tag\/consiliul-judetean-buzau\/\" rel=\"tag\">Consiliul Jude\u021bean Buz\u0103u<\/a><a href=\"https:\/\/gazetabuzoiana.ro\/tag\/dezvoltare-turistica\/\" rel=\"tag\">dezvoltare turistic\u0103<\/a><a href=\"https:\/\/gazetabuzoiana.ro\/tag\/marcel-ciolacu\/\" rel=\"tag\">marcel ciolacu<\/a><a href=\"https:\/\/gazetabuzoiana.ro\/tag\/meledic\/\" rel=\"tag\">Meledic<\/a><a href=\"https:\/\/gazetabuzoiana.ro\/tag\/obiective-turistice-buzau\/\" rel=\"tag\">obiective turistice Buz\u0103u<\/a><a href=\"https:\/\/gazetabuzoiana.ro\/tag\/pietroasele\/\" rel=\"tag\">Pietroasele<\/a><a href=\"https:\/\/gazetabuzoiana.ro\/tag\/promovarea-buzaului\/\" rel=\"tag\">promovarea Buz\u0103ului<\/a><a href=\"https:\/\/gazetabuzoiana.ro\/tag\/sarata-monteoru-3\/\" rel=\"tag\">S\u0103rata-Monteoru<\/a><a href=\"https:\/\/gazetabuzoiana.ro\/tag\/trovantii-de-la-ulmet\/\" rel=\"tag\">Trovan\u021bii de la Ulmet<\/a><a href=\"https:\/\/gazetabuzoiana.ro\/tag\/turism\/\" rel=\"tag\">turism<\/a><a href=\"https:\/\/gazetabuzoiana.ro\/tag\/turism-in-buzau\/\" rel=\"tag\">turism \u00een Buz\u0103u<\/a><a href=\"https:\/\/gazetabuzoiana.ro\/tag\/vulcanii-noroiosi-2\/\" rel=\"tag\">Vulcanii Noroio\u0219i<\/a><\/span><\/div>\n<\/div>\n<p>[analyse_source url=&#8221;https:\/\/gazetabuzoiana.ro\/2026\/08\/27\/marcel-ciolacu-vrea-sa-puna-buzaul-pe-harta-turistica-a-romaniei-avem-locuri-minunate-dar-am-ramas-o-zona-de-tranzit\/&#8221;]<\/p>\n","protected":false},"excerpt":{"rendered":"<p>[analyse_image type=&#8221;featured&#8221; src=&#8221;https:\/\/gazetabuzoiana.ro\/wp-content\/uploads\/2026\/08\/lacul-vulturilor.jpg&#8221;] Consiliul Jude\u021bean Buz\u0103u a \u00eenceput demersurile pentru realizarea unui brand al jude\u021bului, prin care administra\u021bia \u00ee\u0219i propune s\u0103 reuneasc\u0103 \u00eentr-un mod coerent principalele atrac\u021bii turistice, culturale, istorice \u0219i identitare ale Buz\u0103ului. Ini\u021biativa anun\u021bat\u0103 de pre\u0219edintele CJ, Marcel Ciolacu, urm\u0103re\u0219te ca jude\u021bul s\u0103 fie promovat mai coerent \u0219i s\u0103 devin\u0103 o destina\u021bie \u00een [&hellip;]<\/p>\n","protected":false},"author":1,"featured_media":0,"comment_status":"open","ping_status":"","sticky":false,"template":"","format":"standard","meta":{"footnotes":""},"categories":[2],"tags":[226,38],"class_list":["post-2115998","post","type-post","status-publish","format-standard","hentry","category-politics","tag-crawlmanager","tag-gazetabuzoiana-ro"],"_links":{"self":[{"href":"https:\/\/analyse.optim.biz\/index.php?rest_route=\/wp\/v2\/posts\/2115998","targetHints":{"allow":["GET"]}}],"collection":[{"href":"https:\/\/analyse.optim.biz\/index.php?rest_route=\/wp\/v2\/posts"}],"about":[{"href":"https:\/\/analyse.optim.biz\/index.php?rest_route=\/wp\/v2\/types\/post"}],"author":[{"embeddable":true,"href":"https:\/\/analyse.optim.biz\/index.php?rest_route=\/wp\/v2\/users\/1"}],"replies":[{"embeddable":true,"href":"https:\/\/analyse.optim.biz\/index.php?rest_route=%2Fwp%2Fv2%2Fcomments&post=2115998"}],"version-history":[{"count":0,"href":"https:\/\/analyse.optim.biz\/index.php?rest_route=\/wp\/v2\/posts\/2115998\/revisions"}],"wp:attachment":[{"href":"https:\/\/analyse.optim.biz\/index.php?rest_route=%2Fwp%2Fv2%2Fmedia&parent=2115998"}],"wp:term":[{"taxonomy":"category","embeddable":true,"href":"https:\/\/analyse.optim.biz\/index.php?rest_route=%2Fwp%2Fv2%2Fcategories&post=2115998"},{"taxonomy":"post_tag","embeddable":true,"href":"https:\/\/analyse.optim.biz\/index.php?rest_route=%2Fwp%2Fv2%2Ftags&post=2115998"}],"curies":[{"name":"wp","href":"https:\/\/api.w.org\/{rel}","templated":true}]}}