{"id":2115986,"date":"2026-08-27T16:24:00","date_gmt":"2026-08-27T13:24:00","guid":{"rendered":"https:\/\/analyse.optim.biz\/?p=2115986"},"modified":"2026-08-27T16:24:00","modified_gmt":"2026-08-27T13:24:00","slug":"berca-fara-rival-galben-albastrii-au-luat-si-supercupa","status":"publish","type":"post","link":"https:\/\/analyse.optim.biz\/?p=2115986","title":{"rendered":"Berca, f\u0103r\u0103 rival. Galben-alba\u0219trii au luat \u0219i Supercupa"},"content":{"rendered":"<p>[analyse_image type=&#8221;featured&#8221; src=&#8221;https:\/\/www.campusbuzau.ro\/wp-content\/uploads\/2026\/08\/WhatsApp-Image-2026-08-26-at-23.36.08.jpeghttps:\/\/www.campusbuzau.ro\/wp-content\/uploads\/2026\/08\/WhatsApp-Image-2026-08-26-at-23.36.08.jpeg&#8221;]<\/p>\n<div class=\"entry-content\">\n<p><strong><em><mark class=\"has-inline-color has-maincolor-color\">Petrolul Berca va trebui s\u0103-\u0219i comande o nou\u0103 vitrin\u0103 cu trofee, \u00eentruc\u00e2t cea actual\u0103 tinde s\u0103 devin\u0103 ne\u00eenc\u0103p\u0103toare. Asear\u0103, galben-albaltrii au c\u00e2\u0219tigat \u0219i Supercupa Jude\u021bean\u0103, la cap\u0103tul unui meci cu un final relativ u\u0219ot de anticipat, galben-alba\u0219trii au trecut cu 5 la 1 de Vadu Pa\u0219ii.<\/mark><\/em><\/strong><\/p>\n<p>Meciul a avut totu\u0219i suspans, cel pu\u021bin \u00een prima repriz\u0103. Berca a spart ghea\u021ba din penalty, la jum\u0103tatea primei reprize, lovitura de pedeaps\u0103 fiind transformat\u0103 de Vali \u201cManciu \u201c Lungoci, \u00eens\u0103 primul act s-a \u00eencheiat la egalitate, \u00eentruc\u00e2t R\u0103zvan Calot\u0103 a punctat pentru Gloria la ultima faz\u0103 a mitanului.<\/p>\n<p>Diferen\u021ba s-a f\u0103cut, totu\u0219i, dup\u0103 reluare. Gol rapid de 2-1, venit de la acela\u0219i Valentin Lungoci, apoi o dubl\u0103 a ivorianului Atche Eloh, juc\u0103torul venit la \u00eenceputul verii de la Br\u0103ila. Pe final, Ciprian Paraschiv a a\u0219ezat cirea\u0219a pe tort, punct\u00e2nd pentru 5-1, scor care nu las\u0103 loc de dubii \u00een privin\u021ba c\u00e2\u0219tig\u0103toarei.<\/p>\n<p>Pentru Berca, acum vine greul, \u00eentruc\u00e2t de s\u00e2mb\u0103t\u0103 \u00eencepe liga a III-a, o competi\u021bie infinit mai dificil\u0103 din multe puncte de vedere pentru echipele obi\u0219nuite cu fotbalul jude\u021bean. Dup\u0103 mai bine de 15 ani, \u201cbercanii\u201d revin acolo unde le e locul, urm\u00e2nd s\u0103 reprezinte Buz\u0103ul \u00een fotbalul profesionist.<\/p>\n<p>Primul meci al galben-alba\u0219trilor \u00een noul sezon se va juca s\u00e2mb\u0103t\u0103 dup\u0103-amiaz\u0103, \u00eempotriva celor de la Titu. De\u0219i multe dintre partidele din liga a III-a se joac\u0103 vineri dup\u0103-amiaz\u0103, conducerea clubului a ob\u021binut permisiunea de a disputa cele mai multe dintre meciurile de pe teren propriu s\u00e2mb\u0103ta, pentru o medie de spectatori c\u00e2t mai ridicat\u0103.<\/p>\n<figure class=\"wp-block-embed is-type-video is-provider-youtube wp-block-embed-youtube wp-embed-aspect-16-9 wp-has-aspect-ratio\">\n<div class=\"wp-block-embed__wrapper\">\n<iframe loading=\"lazy\" title=\"PETROLUL BERCA A LUAT SUPERCUPA\" width=\"500\" height=\"281\" src=\"https:\/\/www.youtube.com\/embed\/iBD-LCmtFIM?feature=oembed\" frameborder allow=\"accelerometer; autoplay; clipboard-write; encrypted-media; gyroscope; picture-in-picture; web-share\" referrerpolicy=\"strict-origin-when-cross-origin\" allowfullscreen><\/iframe>\n<\/div>\n<\/figure>\n<\/div>\n<p>[analyse_source url=&#8221;https:\/\/www.campusbuzau.ro\/berca-fara-rival-galben-albastrii-au-luat-si-supercupa\/&#8221;]<\/p>\n","protected":false},"excerpt":{"rendered":"<p>[analyse_image type=&#8221;featured&#8221; src=&#8221;https:\/\/www.campusbuzau.ro\/wp-content\/uploads\/2026\/08\/WhatsApp-Image-2026-08-26-at-23.36.08.jpeghttps:\/\/www.campusbuzau.ro\/wp-content\/uploads\/2026\/08\/WhatsApp-Image-2026-08-26-at-23.36.08.jpeg&#8221;] Petrolul Berca va trebui s\u0103-\u0219i comande o nou\u0103 vitrin\u0103 cu trofee, \u00eentruc\u00e2t cea actual\u0103 tinde s\u0103 devin\u0103 ne\u00eenc\u0103p\u0103toare. Asear\u0103, galben-albaltrii au c\u00e2\u0219tigat \u0219i Supercupa Jude\u021bean\u0103, la cap\u0103tul unui meci cu un final relativ u\u0219ot de anticipat, galben-alba\u0219trii au trecut cu 5 la 1 de Vadu Pa\u0219ii. Meciul a avut totu\u0219i suspans, cel [&hellip;]<\/p>\n","protected":false},"author":1,"featured_media":0,"comment_status":"open","ping_status":"","sticky":false,"template":"","format":"standard","meta":{"footnotes":""},"categories":[2],"tags":[118,226],"class_list":["post-2115986","post","type-post","status-publish","format-standard","hentry","category-politics","tag-campusbuzau-ro","tag-crawlmanager"],"_links":{"self":[{"href":"https:\/\/analyse.optim.biz\/index.php?rest_route=\/wp\/v2\/posts\/2115986","targetHints":{"allow":["GET"]}}],"collection":[{"href":"https:\/\/analyse.optim.biz\/index.php?rest_route=\/wp\/v2\/posts"}],"about":[{"href":"https:\/\/analyse.optim.biz\/index.php?rest_route=\/wp\/v2\/types\/post"}],"author":[{"embeddable":true,"href":"https:\/\/analyse.optim.biz\/index.php?rest_route=\/wp\/v2\/users\/1"}],"replies":[{"embeddable":true,"href":"https:\/\/analyse.optim.biz\/index.php?rest_route=%2Fwp%2Fv2%2Fcomments&post=2115986"}],"version-history":[{"count":0,"href":"https:\/\/analyse.optim.biz\/index.php?rest_route=\/wp\/v2\/posts\/2115986\/revisions"}],"wp:attachment":[{"href":"https:\/\/analyse.optim.biz\/index.php?rest_route=%2Fwp%2Fv2%2Fmedia&parent=2115986"}],"wp:term":[{"taxonomy":"category","embeddable":true,"href":"https:\/\/analyse.optim.biz\/index.php?rest_route=%2Fwp%2Fv2%2Fcategories&post=2115986"},{"taxonomy":"post_tag","embeddable":true,"href":"https:\/\/analyse.optim.biz\/index.php?rest_route=%2Fwp%2Fv2%2Ftags&post=2115986"}],"curies":[{"name":"wp","href":"https:\/\/api.w.org\/{rel}","templated":true}]}}