{"id":2115979,"date":"2026-08-25T21:09:59","date_gmt":"2026-08-25T18:09:59","guid":{"rendered":"https:\/\/analyse.optim.biz\/?p=2115979"},"modified":"2026-08-25T21:09:59","modified_gmt":"2026-08-25T18:09:59","slug":"proiectul-fotovoltaic-al-consiliului-judetean-returnat-de-finantator-pentru-rearanjare-in-pagina","status":"publish","type":"post","link":"https:\/\/analyse.optim.biz\/?p=2115979","title":{"rendered":"Proiectul fotovoltaic al Consiliului Jude\u021bean, returnat de finan\u021bator pentru\u2026 rearanjare \u00een pagin\u0103!"},"content":{"rendered":"<p>[analyse_image type=&#8221;featured&#8221; src=&#8221;https:\/\/opiniabuzau.ro\/wp-content\/uploads\/2024\/11\/parc-fotovoltaic.jpg&#8221;]<\/p>\n<div class=\"entry-content entry clearfix\">\n<blockquote>\n<p><strong>Consiliul Jude\u021bean Buz\u0103u \u0219i-a propus s\u0103-\u0219i statueze independen\u021ba energetic\u0103 \u0219i preg\u0103te\u0219te un proiect de investi\u021bii, care va fi finan\u021bat prin Fondul pentru Modernizarea Rom\u00e2niei, \u0219i care prevede amenajarea a dou\u0103 parcuri fotovoltaice. <\/strong><\/p>\n<\/blockquote>\n<p>Conform documentelor prezentate de insttu\u021bia Consiliului Jude\u021bean, inclusiv informa\u021bii actualizate din arhiva institu\u021biei publice, propunerea pentru investi\u021bia amintit\u0103 a ap\u0103rut \u00een proiectul de buget pe anul 2023. A trecut un an p\u00e2n\u0103 a fost identificat\u0103 sursa de finan\u021bare, pentru ca abia urm\u0103torul, \u00een anul 2025, s\u0103 fie \u00eentocmit\u0103 \u0219i documenta\u021bia tehnic\u0103.<\/p>\n<p>Actualul pre\u0219edinte al Consiliului Jude\u021bean Buz\u0103u, expremierul Marcel Ciolacu a trecut pe lista de priorit\u0103\u021bi proiectul respectiv, iar timpul scurs din anul 2026 a fost alocat etapei de evaluare a documenta\u021biei tehnice, inclusiv din punct de vedere al costurilor, de c\u0103tre finan\u021bator. Conducerea institu\u021biei buzoiene a fost \u00een\u0219tiin\u021bat\u0103 c\u0103 documenta\u021biile sunt executate dup\u0103 rigoarea caietelor de sarcini, doar c\u0103 simbolistica \u0219i modul de aranjare \u00een pagin\u0103, generate de o aplica\u021bie pe platforma MySMIS, folosit\u0103 la redactarea \u0219i \u00eenc\u0103rcarea documentelor \u0219i \u00een alte situa\u021bii de solicit\u0103ri de finan\u021bare, de data aceasta nu a mai fost valabil\u0103.<\/p>\n<p><em>\u201e\u00cen urma procesului de evaluare a documentelor \u00eenc\u0103rcate, Ministerul Energiei, \u00een calitate de Autoritate de Management, a transmis Solicitarea de clarific\u0103ri nr. 7\/10.08.2026. Prin intermediul acesteia, finan\u021batorul a solicitat ca bugetul detaliat al proiectului s\u0103 fie prezentat strict \u00een forma \u0219i structura standard prev\u0103zute \u00een Anexa nr. 7 la Ghidul de finan\u021bare, care difer\u0103 de cea generat\u0103 automat de platforma MySMIS. Men\u021bion\u0103m faptul c\u0103 aceast\u0103 actualizare de form\u0103 nu aduce nicio modificare asupra valorilor totale aprobate prin Hot\u0103r\u00e2rea Consiliului Jude\u021bean Buz\u0103u nr. 235\/2025, bugetul total r\u0103m\u00e2n\u00e2nd neschimbat (5.125.857,14 lei cu TVA). Modificarea este \u00eens\u0103 strict necesar\u0103 pentru a r\u0103spunde solicit\u0103rii oficiale a Ministerului Energiei \u0219i pentru a asigura implementarea proiectului \u00een condi\u021bii de conformitate deplin\u0103 cu regulile de finan\u021bare\u201d<\/em>, se arat\u0103 \u00een referatul la proiectul de hot\u0103r\u00e2re privind aprobarea formei actualizate a bugetului proiectului \u201eInstalare panouri fotovoltaice pentru producerea energiei din surse regenerabile pentru autoconsum, la UAT Jude\u021bul Buz\u0103u\u201d, pentru care consilierii jude\u021beni vor relua procedura de vot!<\/p>\n<p>Proiectul prevede realizarea a dou\u0103 parcuri fotovoltaice, \u00een municipiul Buz\u0103u \u0219i \u00een satul Gura Dimienii, comuna Beceni, cu o putere total\u0103 instalat\u0103 de 798,6 KW. Fiecare parc va avea 726 de panouri fotovoltaice microcristaline, care vor produce c\u00e2te 399,3 kW. Potrivit documenta\u021biilor care au stat la baza studiului de fezabilitate, energia produs\u0103 de cele dou\u0103 centrale fotovoltaice va fi suficient\u0103 pentru a asigura consumul propriu \u00een sediului Consiliului Jude\u021bean, \u00een sediul Direc\u021biei Generale de Asisten\u021b\u0103 Social\u0103 \u0219i pentru Protec\u021bia Copilului, dar \u0219i necesarul mai multor centre de plasament \u0219i c\u0103mine de b\u0103tr\u00e2ni, precum \u0219i pentru cl\u0103direa Maternit\u0103\u021bii Buz\u0103u, \u00een total fiind vorba despre un num\u0103r de 19 cl\u0103diri.<\/p>\n<div class=\"stream-item stream-item-in-post stream-item-inline-post aligncenter\"><a href=\"https:\/\/vreaulanova.ro\/?utm_source=opiniabuzau&amp;utm_medium=image\" title target=\"_blank\"><img loading=\"lazy\" decoding=\"async\" data-od-unknown-tag data-od-xpath=\"\/HTML\/BODY\/DIV[@class=&apos;background-overlay&apos;]\/*[1][self::DIV]\/*[1][self::DIV]\/*[4][self::DIV]\/*[1][self::DIV]\/*[1][self::DIV]\/*[2][self::ARTICLE]\/*[3][self::DIV]\/*[7][self::DIV]\/*[1][self::A]\/*[1][self::IMG]\" src=\"https:\/\/opiniabuzau.ro\/wp-content\/smush-webp\/2022\/02\/MicrosoftTeams-image-4-1.jpg.webp\" alt width=\"728\" height=\"91\" class=\"perfmatters-lazy\"><img loading=\"lazy\" decoding=\"async\" data-od-unknown-tag data-od-xpath=\"\/HTML\/BODY\/DIV[@class=&apos;background-overlay&apos;]\/*[1][self::DIV]\/*[1][self::DIV]\/*[4][self::DIV]\/*[1][self::DIV]\/*[1][self::DIV]\/*[2][self::ARTICLE]\/*[3][self::DIV]\/*[7][self::DIV]\/*[1][self::A]\/*[1][self::IMG]\" src=\"https:\/\/opiniabuzau.ro\/wp-content\/smush-webp\/2022\/02\/MicrosoftTeams-image-4-1.jpg.webp\" alt width=\"728\" height=\"91\"><\/a><\/div>\n<p>OPINIA a mai ar\u0103tat cum structuri la nivel central dovedesc excel de zel atunci c\u00e2nd sunt evaluate proiecte care vin de la Buz\u0103u, cum a fost exemplul reanaliz\u0103rii unui deviz de lucr\u0103ri, pentru c\u0103 la evaluarea finan\u021batorului rezultase o diferen\u021b\u0103 de un leu! De asemenea, un tratament cel pu\u021bin ostil ar putea fi apreciat \u0219i modul \u00een care a fost acordat\u0103 finan\u021barea pentru proiectul moderniz\u0103rii drumului spre Vulcanii Noroio\u0219i, la acel moment consider\u00e2ndu-se c\u0103 guvernul condus de Florin C\u00ee\u021bu a aprobat Buz\u0103ului cea mai mare investi\u021bie tocmai pentru c\u0103 presupunea slabe \u0219anse la finan\u021bare! Nu \u00een ultimul r\u00e2nd, eliminarea de pe listele pentru ajutor financiar de la Guvern pentru zone calamitate \u0219i obligarea institu\u021biei Consiliului Jude\u021bean s\u0103 sus\u021bin\u0103 de la bugetul jude\u021bului proiecte costisitoare, arat\u0103 un tratament cel pu\u021bin de rea credin\u021b\u0103. Cu at\u00e2t mai mult, motivul respingerii proiectului pentru cele dou\u0103 parcuri fotovoltaice arat\u0103 c\u0103 politica la Centru se face inclusiv cu \u201epoli\u021be pl\u0103tite\u201d!<\/p>\n<\/div>\n<p>[analyse_source url=&#8221;https:\/\/opiniabuzau.ro\/proiectul-fotovoltaic-al-consiliului-judetean-returnat-de-finantator-pentru-rearanjare-in-pagina\/&#8221;]<\/p>\n","protected":false},"excerpt":{"rendered":"<p>[analyse_image type=&#8221;featured&#8221; src=&#8221;https:\/\/opiniabuzau.ro\/wp-content\/uploads\/2024\/11\/parc-fotovoltaic.jpg&#8221;] Consiliul Jude\u021bean Buz\u0103u \u0219i-a propus s\u0103-\u0219i statueze independen\u021ba energetic\u0103 \u0219i preg\u0103te\u0219te un proiect de investi\u021bii, care va fi finan\u021bat prin Fondul pentru Modernizarea Rom\u00e2niei, \u0219i care prevede amenajarea a dou\u0103 parcuri fotovoltaice. Conform documentelor prezentate de insttu\u021bia Consiliului Jude\u021bean, inclusiv informa\u021bii actualizate din arhiva institu\u021biei publice, propunerea pentru investi\u021bia amintit\u0103 a ap\u0103rut [&hellip;]<\/p>\n","protected":false},"author":1,"featured_media":0,"comment_status":"open","ping_status":"","sticky":false,"template":"","format":"standard","meta":{"footnotes":""},"categories":[2],"tags":[226,44],"class_list":["post-2115979","post","type-post","status-publish","format-standard","hentry","category-politics","tag-crawlmanager","tag-opiniabuzau-ro"],"_links":{"self":[{"href":"https:\/\/analyse.optim.biz\/index.php?rest_route=\/wp\/v2\/posts\/2115979","targetHints":{"allow":["GET"]}}],"collection":[{"href":"https:\/\/analyse.optim.biz\/index.php?rest_route=\/wp\/v2\/posts"}],"about":[{"href":"https:\/\/analyse.optim.biz\/index.php?rest_route=\/wp\/v2\/types\/post"}],"author":[{"embeddable":true,"href":"https:\/\/analyse.optim.biz\/index.php?rest_route=\/wp\/v2\/users\/1"}],"replies":[{"embeddable":true,"href":"https:\/\/analyse.optim.biz\/index.php?rest_route=%2Fwp%2Fv2%2Fcomments&post=2115979"}],"version-history":[{"count":0,"href":"https:\/\/analyse.optim.biz\/index.php?rest_route=\/wp\/v2\/posts\/2115979\/revisions"}],"wp:attachment":[{"href":"https:\/\/analyse.optim.biz\/index.php?rest_route=%2Fwp%2Fv2%2Fmedia&parent=2115979"}],"wp:term":[{"taxonomy":"category","embeddable":true,"href":"https:\/\/analyse.optim.biz\/index.php?rest_route=%2Fwp%2Fv2%2Fcategories&post=2115979"},{"taxonomy":"post_tag","embeddable":true,"href":"https:\/\/analyse.optim.biz\/index.php?rest_route=%2Fwp%2Fv2%2Ftags&post=2115979"}],"curies":[{"name":"wp","href":"https:\/\/api.w.org\/{rel}","templated":true}]}}