{"id":2115976,"date":"2026-08-25T21:03:29","date_gmt":"2026-08-25T18:03:29","guid":{"rendered":"https:\/\/analyse.optim.biz\/?p=2115976"},"modified":"2026-08-25T21:03:29","modified_gmt":"2026-08-25T18:03:29","slug":"unguriu-aductiunea-de-gaze-pe-valea-buzaului-va-fi-sansa-pentru-finalizarea-retelei-locale","status":"publish","type":"post","link":"https:\/\/analyse.optim.biz\/?p=2115976","title":{"rendered":"Unguriu: Aduc\u021biunea de gaze pe Valea Buz\u0103ului va fi \u0219ansa pentru finalizarea re\u021belei locale"},"content":{"rendered":"<p>[analyse_image type=&#8221;featured&#8221; src=&#8221;https:\/\/opiniabuzau.ro\/wp-content\/uploads\/2025\/11\/retele-gaze.jpg&#8221;]<\/p>\n<div class=\"entry-content entry clearfix\">\n<blockquote>\n<p><strong>Administra\u021bia public\u0103 a comunei Unguriu, coordonat\u0103 de primarul Ciprian Tirizic\u0103, de\u021bine pionieratul \u00een ceeca ce prive\u0219te implementarea unei investi\u021bii pentru amenajarea de piste pentru bicicli\u0219ti. Interesant este c\u0103 primarul Tirizic\u0103 \u0219i echipa din aparatul propriu a reu\u0219it s\u0103 conving\u0103 finan\u021batorul european, pentru c\u0103 proiectul a fost subven\u021bionat prin Planul Na\u021bional de Redresare \u0219i Rezilien\u021b\u0103, c\u0103 proiectul unit\u0103\u021bii administrativ-teritoriale (UAT) Unguriu, suplimentat cu un capitol de investi\u021bii pentru amenajarea a dou\u0103 sta\u021bii de \u00eenc\u0103rcare a autovehiculelor cu ac\u021bionare electric\u0103, este una dintre variantele cu care administra\u021biile locale pot sus\u021bine proiecte pentru protejarea mediului \u0219i \u00eencurajarea ob\u021binerii de energie electric\u0103 din surse regenerabile. <\/strong><\/p>\n<\/blockquote>\n<p>De men\u021bionat c\u0103 fiecare dintre sta\u021biile de \u00eenc\u0103rcare, amenajate c\u00e2te una \u00een fiecare sat \u2013 Unguriu \u0219i Ciuta, au dou\u0103 puncte de alimentare.<\/p>\n<p>Valoarea investi\u021biei a fost de 2.000.000 lei, adic\u0103 20 de miliarde de lei vechi, din care componentei pentru amenajarea pistelor de biciclete i-a revenit 1,7 milioane de lei, restul sumei fiind folosit pentru amenajarea celor dou\u0103 sta\u021bii de \u00eenc\u0103rcare. \u00cen total, pista de biciclete, amenajat\u0103 de o parte \u0219i de cealalt\u0103 a drumului na\u021bional spre Bra\u0219ov (DN 10), m\u0103soar\u0103 aproximativ patru kilometri.<\/p>\n<blockquote>\n<p><img loading=\"lazy\" decoding=\"async\" data-od-unknown-tag data-od-xpath=\"\/HTML\/BODY\/DIV[@class=&apos;background-overlay&apos;]\/*[1][self::DIV]\/*[1][self::DIV]\/*[4][self::DIV]\/*[1][self::DIV]\/*[1][self::DIV]\/*[2][self::ARTICLE]\/*[3][self::DIV]\/*[5][self::BLOCKQUOTE]\/*[1][self::P]\/*[1][self::IMG]\" class=\"alignleft wp-image-434626 size-medium perfmatters-lazy\" src=\"https:\/\/opiniabuzau.ro\/wp-content\/smush-webp\/2025\/04\/Tirizica2-362x220.jpg.webp\" alt width=\"362\" height=\"220\"><\/p>\n<p><img loading=\"lazy\" decoding=\"async\" data-od-unknown-tag data-od-xpath=\"\/HTML\/BODY\/DIV[@class=&apos;background-overlay&apos;]\/*[1][self::DIV]\/*[1][self::DIV]\/*[4][self::DIV]\/*[1][self::DIV]\/*[1][self::DIV]\/*[2][self::ARTICLE]\/*[3][self::DIV]\/*[5][self::BLOCKQUOTE]\/*[1][self::P]\/*[1][self::IMG]\" class=\"alignleft wp-image-434626 size-medium\" src=\"https:\/\/opiniabuzau.ro\/wp-content\/smush-webp\/2025\/04\/Tirizica2-362x220.jpg.webp\" alt width=\"362\" height=\"220\"><strong>\u00cen paralel, primarul de Unguriu are \u00een preg\u0103tire alte dou\u0103 proiecte finan\u021bate tot cu fonduri europene. Este vorba despre achizi\u021bionarea unui miniexcavator pentru interven\u021bii locale, pentru care administra\u021bia local\u0103 a semnat contractul de achizi\u021bie, care va fi pus \u00een execu\u021bie prin Grupul de Ac\u021biune Local\u0103 \u201eColinele Buz\u0103ului\u201d. <span><em>\u201ePentru achizi\u021bia acestui utilaj, mai mult dec\u00e2t necesar comunit\u0103\u021bii noastre, am solicitat o finan\u021bare \u00een valoare de 50 de mii de euro, prin GAL &lt;Colinele Buz\u0103ului&gt;. De asemenea, avem \u00een preg\u0103tire o nou\u0103 cerere de finan\u021bare, tot prin GAL, de data aceasta fiind vorba despre achizi\u021bionarea de panouri fotovoltaice, valoarea finan\u021b\u0103rii fiind de 30 de mii de euro, elemente care vor fi folosite pentru asigurarea consumului de energie electric\u0103 a cl\u0103dirii care ad\u0103poste\u0219te \u0219coala gimnazial\u0103 de coordonare\u201d<\/em><\/span>, spune primarul Tirizic\u0103. \u00a0\u00a0<\/strong><\/p><\/blockquote>\n<p>\u00cencep\u00e2nd cu toamna anului 2023, primarul Cirprian Tirizic\u0103 \u0219i-a propus extinderea, etap\u0103 cu etap\u0103, a re\u021belei locale pentru distribuirea gazelor naturale. \u00cen noiembrie 2023, \u0219eful administra\u021biei de la Unguriu anun\u021ba deblocarea situa\u021biei \u00een care se afla proiectul pentru aduc\u021biunea \u0219i extinderea re\u021belei pentru distribuirea gazelor naturale. Oportunitatea, care avea s\u0103 fie fructificat\u0103 \u00een cel mai eficient mod de primarul Tirizic\u0103, ap\u0103ruse odat\u0103 cu decizia forurilor centrale de a construi pe teritoriul comunei Unguriu un penitenciar la standard europene, cu finan\u021bare de la Uniunea European\u0103, pe locul fostei unit\u0103\u021bi militare. La acel moment au fost mobilate cu re\u021bele pentru distribuirea gazului natural dou\u0103 str\u0103zi, Crivinei \u0219i Aleea \u0218colii, investi\u021bii la care au fost ad\u0103ugate cele de pe str\u0103zile Lunca \u0162arin\u0103 \u015fi Cantonului. Ulterior, proiectul de extindere a intrat \u00eentr-o perioad\u0103 de a\u0219teptare din cauza crizei generale instalat\u0103 la nivelul \u00eentregii economii rom\u00e2ne\u0219ti, stare agravat\u0103 \u0219i prelungit\u0103 de clasa politic\u0103.<\/p>\n<div class=\"stream-item stream-item-in-post stream-item-inline-post aligncenter\"><a href=\"https:\/\/vreaulanova.ro\/?utm_source=opiniabuzau&amp;utm_medium=image\" title target=\"_blank\"><img loading=\"lazy\" decoding=\"async\" data-od-unknown-tag data-od-xpath=\"\/HTML\/BODY\/DIV[@class=&apos;background-overlay&apos;]\/*[1][self::DIV]\/*[1][self::DIV]\/*[4][self::DIV]\/*[1][self::DIV]\/*[1][self::DIV]\/*[2][self::ARTICLE]\/*[3][self::DIV]\/*[7][self::DIV]\/*[1][self::A]\/*[1][self::IMG]\" src=\"https:\/\/opiniabuzau.ro\/wp-content\/smush-webp\/2022\/02\/MicrosoftTeams-image-4-1.jpg.webp\" alt width=\"728\" height=\"91\" class=\"perfmatters-lazy\"><img loading=\"lazy\" decoding=\"async\" data-od-unknown-tag data-od-xpath=\"\/HTML\/BODY\/DIV[@class=&apos;background-overlay&apos;]\/*[1][self::DIV]\/*[1][self::DIV]\/*[4][self::DIV]\/*[1][self::DIV]\/*[1][self::DIV]\/*[2][self::ARTICLE]\/*[3][self::DIV]\/*[7][self::DIV]\/*[1][self::A]\/*[1][self::IMG]\" src=\"https:\/\/opiniabuzau.ro\/wp-content\/smush-webp\/2022\/02\/MicrosoftTeams-image-4-1.jpg.webp\" alt width=\"728\" height=\"91\"><\/a><\/div>\n<p>Primarul Ciprina Tirizic\u0103 spune c\u0103 pentru extinderi la re\u021beaua local\u0103 de gaze ar putea fi folosit\u0103 inclusiv marea investi\u021bie care se afl\u0103 \u00een preg\u0103tire \u0219i care prevede aduc\u021biunea de gaze naturale pe cea mai mare parte a V\u0103ii Buz\u0103ului, de la Verne\u0219ti-M\u0103gura, p\u00e2n\u0103 la P\u0103t\u00e2rlagele-P\u0103n\u0103t\u0103u. \u00cen acest moment, proiectul se afl\u0103\u00a0 \u00eentr-o etap\u0103 de evaluare, pentru \u00eencadrarea \u00een procedurile standard \u0219i ob\u021binerea acordului de mediu. Prima etap\u0103, care a \u00eensemnat, de altfel, lansarea proiectului de investi\u021bii, a fost semnarea, la Buz\u0103u, a certificatului de urbanism, momentul consum\u00e2ndu-se \u00een cursul anului 2025.<\/p>\n<\/div>\n<p>[analyse_source url=&#8221;https:\/\/opiniabuzau.ro\/unguriu-aductiunea-de-gaze-pe-valea-buzaului-va-fi-sansa-pentru-finalizarea-retelei-locale\/&#8221;]<\/p>\n","protected":false},"excerpt":{"rendered":"<p>[analyse_image type=&#8221;featured&#8221; src=&#8221;https:\/\/opiniabuzau.ro\/wp-content\/uploads\/2025\/11\/retele-gaze.jpg&#8221;] Administra\u021bia public\u0103 a comunei Unguriu, coordonat\u0103 de primarul Ciprian Tirizic\u0103, de\u021bine pionieratul \u00een ceeca ce prive\u0219te implementarea unei investi\u021bii pentru amenajarea de piste pentru bicicli\u0219ti. Interesant este c\u0103 primarul Tirizic\u0103 \u0219i echipa din aparatul propriu a reu\u0219it s\u0103 conving\u0103 finan\u021batorul european, pentru c\u0103 proiectul a fost subven\u021bionat prin Planul Na\u021bional de Redresare [&hellip;]<\/p>\n","protected":false},"author":1,"featured_media":0,"comment_status":"open","ping_status":"","sticky":false,"template":"","format":"standard","meta":{"footnotes":""},"categories":[2],"tags":[226,44],"class_list":["post-2115976","post","type-post","status-publish","format-standard","hentry","category-politics","tag-crawlmanager","tag-opiniabuzau-ro"],"_links":{"self":[{"href":"https:\/\/analyse.optim.biz\/index.php?rest_route=\/wp\/v2\/posts\/2115976","targetHints":{"allow":["GET"]}}],"collection":[{"href":"https:\/\/analyse.optim.biz\/index.php?rest_route=\/wp\/v2\/posts"}],"about":[{"href":"https:\/\/analyse.optim.biz\/index.php?rest_route=\/wp\/v2\/types\/post"}],"author":[{"embeddable":true,"href":"https:\/\/analyse.optim.biz\/index.php?rest_route=\/wp\/v2\/users\/1"}],"replies":[{"embeddable":true,"href":"https:\/\/analyse.optim.biz\/index.php?rest_route=%2Fwp%2Fv2%2Fcomments&post=2115976"}],"version-history":[{"count":0,"href":"https:\/\/analyse.optim.biz\/index.php?rest_route=\/wp\/v2\/posts\/2115976\/revisions"}],"wp:attachment":[{"href":"https:\/\/analyse.optim.biz\/index.php?rest_route=%2Fwp%2Fv2%2Fmedia&parent=2115976"}],"wp:term":[{"taxonomy":"category","embeddable":true,"href":"https:\/\/analyse.optim.biz\/index.php?rest_route=%2Fwp%2Fv2%2Fcategories&post=2115976"},{"taxonomy":"post_tag","embeddable":true,"href":"https:\/\/analyse.optim.biz\/index.php?rest_route=%2Fwp%2Fv2%2Ftags&post=2115976"}],"curies":[{"name":"wp","href":"https:\/\/api.w.org\/{rel}","templated":true}]}}