{"id":2115969,"date":"2026-08-27T21:11:53","date_gmt":"2026-08-27T18:11:53","guid":{"rendered":"https:\/\/analyse.optim.biz\/?p=2115969"},"modified":"2026-08-27T21:11:53","modified_gmt":"2026-08-27T18:11:53","slug":"consiliul-judetean-negocieri-pentru-deblocarea-accesului-catre-focul-viu","status":"publish","type":"post","link":"https:\/\/analyse.optim.biz\/?p=2115969","title":{"rendered":"Consiliul Jude\u021bean, negocieri pentru deblocarea accesului c\u0103tre Focul Viu"},"content":{"rendered":"<p>[analyse_image type=&#8221;featured&#8221; src=&#8221;https:\/\/opiniabuzau.ro\/wp-content\/uploads\/2026\/08\/acces-focul-viu-scaled.webp&#8221;]<\/p>\n<div class=\"entry-content entry clearfix\">\n<blockquote>\n<p><strong>A fost nevoie de o ac\u021biune hot\u0103r\u00e2t\u0103 a proprietarilor terenurilor pe care se afl\u0103 monumentul natural Focul Viu, \u00een comuna Lop\u0103tari, satul Terca, prin care s-a interzis inclusiv accesul pietonal \u00een apropierea zonei care, de altfel, figureaz\u0103 ca protejat\u0103 \u00een eviden\u021bele autorit\u0103\u021bilor, pentru ca cineva s\u0103 \u00een\u021beleag\u0103 c\u0103 totdeauna este un \u00eenceput pentru rezolvarea unui diferend, iar institu\u021bia care a decis s\u0103 se implice aplicat, a fost Consiliul Jude\u021bean Buz\u0103u. <\/strong><\/p>\n<\/blockquote>\n<p>\u00cen urm\u0103 cu mai bine de 70 de zile, Costin Stanciu, vicepre\u0219edintele Consiliului Jude\u021bean Buz\u0103u, venea \u00een \u00eent\u00e2mpinarea solicit\u0103rilor proprietarilor terenurilor din jurul Focurilor Vii cu promisiunea c\u0103 se va identifica o solu\u021bie.<\/p>\n<p>Liliana Ungureanu este reprezentanta familiei care de\u021bine terenurile de la Focul Viu, iar primul demers (\u00een scris) pentru clarificarea situa\u021biei cadastrale \u00een zon\u0103 a fost f\u0103cut \u00een anul 2021, c\u00e2nd ajutorul era cerut chiar primarului \u00een func\u021bie.\u00a0 Pentru o simpl\u0103 consemnare \u00een Registrul Agricol, primarul Claudiu Constantin a trebuit s\u0103 se g\u00e2ndeasc\u0103 \u0219i s\u0103 analizeze, conform spuselor Lilianei Ungureanu, nu mai pu\u021bin de cinci ani! La zece luni de la prima ini\u021biativ\u0103, Liliana Ungureanu era \u00een\u0219tiin\u021bat\u0103 de primarul comunei Lop\u0103tari, Claudiu Constantin, c\u0103 avea toat\u0103 libertatea s\u0103-\u0219i delimiteze proprietatea \u00een jurul Focului Viu! Proprietara terenului a considerat r\u0103spunsul autorit\u0103\u021bilor locale cel pu\u021bin neserios, pentru c\u0103 de profesionalism nu putea fi vorba, de aceea doi ani mai t\u00e2rziu era angajat\u0103 \u00een discu\u021bii la nivelul institu\u021biilor centrale \u2013 Agen\u021bia Na\u021bional\u0103 pentru Mediu \u0219i Arii Protejate (ANMAP). R\u0103spunderea a fost pasat\u0103\u2026\u00een teritoriu, pentru a primi de la Agen\u021bia Jude\u021bean\u0103 de Mediu un r\u0103spuns halucinant: <em>\u201eNu \u0219tiu despre ce monument natural este vorba, m\u0103 interesez \u0219i ve\u021bi primi un r\u0103spuns\u201d!<\/em><\/p>\n<p>\u00cen toamna anului 2025, Liliana Ungureanu \u00ee\u0219i anun\u021ba inten\u021bia de a limita accesul c\u0103tre zona de manifestare a fenomenului natural, motiv\u00e2nd c\u0103 mul\u021bi dintre turi\u0219tii ajun\u0219i \u00een zon\u0103 nu respect\u0103 dreptul la proprietate pentru cealalt\u0103 parte de teren. M\u0103surile efective aveau s\u0103 fie luate \u00een vara acestui an, moment \u00een care institu\u021bia Consiliului Jude\u021bean a fost cea care a promis implicare real\u0103 pentru rezolvarea situa\u021biei.<\/p>\n<p><em>\u201eAcest obiectiv, care este foarte important pentru Buz\u0103u, a ajuns s\u0103 fie \u00eenchis din cauz\u0103 c\u0103 statul nu are puse la punct ni\u0219te documente de baz\u0103 (\u2026) Am \u00eencercat s\u0103 g\u0103sim solu\u021bii \u0219i s\u0103 o ajut\u0103m pe doamna Ungureanu, oferindu-i sprijin \u00een primul r\u00e2nd pentru a-\u0219i rezolva problema, deoarece, rezolv\u00e2nd problema dumneaei, se rezolv\u0103 \u0219i o problem\u0103 care \u021bine de Consiliul Jude\u021bean\u201d,<\/em> declara \u00een urm\u0103 cu mai bine de dou\u0103 luni \u0219i jum\u0103tate Costin Stanciu, vicepre\u0219edintele CJ Buz\u0103u.<\/p>\n<div class=\"stream-item stream-item-in-post stream-item-inline-post aligncenter\"><a href=\"https:\/\/vreaulanova.ro\/?utm_source=opiniabuzau&amp;utm_medium=image\" title target=\"_blank\"><img loading=\"lazy\" decoding=\"async\" data-od-unknown-tag data-od-xpath=\"\/HTML\/BODY\/DIV[@class=&apos;background-overlay&apos;]\/*[1][self::DIV]\/*[1][self::DIV]\/*[4][self::DIV]\/*[1][self::DIV]\/*[1][self::DIV]\/*[2][self::ARTICLE]\/*[3][self::DIV]\/*[7][self::DIV]\/*[1][self::A]\/*[1][self::IMG]\" src=\"https:\/\/opiniabuzau.ro\/wp-content\/smush-webp\/2022\/02\/MicrosoftTeams-image-4-1.jpg.webp\" alt width=\"728\" height=\"91\" class=\"perfmatters-lazy\"><img loading=\"lazy\" decoding=\"async\" data-od-unknown-tag data-od-xpath=\"\/HTML\/BODY\/DIV[@class=&apos;background-overlay&apos;]\/*[1][self::DIV]\/*[1][self::DIV]\/*[4][self::DIV]\/*[1][self::DIV]\/*[1][self::DIV]\/*[2][self::ARTICLE]\/*[3][self::DIV]\/*[7][self::DIV]\/*[1][self::A]\/*[1][self::IMG]\" src=\"https:\/\/opiniabuzau.ro\/wp-content\/smush-webp\/2022\/02\/MicrosoftTeams-image-4-1.jpg.webp\" alt width=\"728\" height=\"91\"><\/a><\/div>\n<p>De altfel, declara\u021biile vicepre\u0219edintelui Stanciu prezentau pozi\u021bia pre\u0219edintelui institu\u021biei Consiliului Jude\u021bean, Marcel Ciolacu, cel care pe 26 august, la conferin\u021ba de pres\u0103 organizat\u0103 dup\u0103 \u0219edin\u021ba lunar\u0103, anun\u021ba etapa \u00een care se ajunsese cu demersurile privind rezolvarea favorabil\u0103 a solicit\u0103rii proprietarilor terenului din jurul monumentului natural Focul Viu. <em>\u201eAm f\u0103cut, deja, o adres\u0103 proprietarilor, cu inten\u021bia clar\u0103 a Consiliului Jude\u021bean de a cump\u0103ra acel teren. Eu sper s\u0103 g\u0103sim \u00een\u021belegere \u0219i s\u0103 cump\u0103r\u0103m acel teren, s\u0103 nu ajungem la expropriere. Dar, dac\u0103 este nevoie vom ajunge \u0219i acolo!\u201d<\/em>, a spus pre\u0219edintele Ciolacu.<\/p>\n<p>La r\u00e2ndul s\u0103u, Liliana Ungureanu, una dintre proprietarele terenului din zona Focului Viu, a declarat pentru OPINIA: <em>\u201eEu nu pot s\u0103 spun c\u0103 vorbesc \u00een numele celorlal\u021bi membri ai familiei cu drept de mo\u0219tenire asupra terenului respectiv. \u00centr-adev\u0103r, am fost \u00een\u0219tiin\u021bat\u0103 de Consiliul Jude\u021bean despre inten\u021bia ca autorit\u0103\u021bile de la Buz\u0103u s\u0103 cumpere terenul din imediata apropiere a Focului Viu, dar \u0219i o alt\u0103 parte, pentru care nu a specificat limitele, spun\u00e2nd c\u0103 terenul va fi folosit pentru administrarea zonei monumentului natural. Dup\u0103 ce vom discuta \u00een familie, vom da curs invita\u021biei pre\u0219edintelui Consiliului Jude\u021bean \u0219i sper ca lucrurile s\u0103 fie \u00een a\u0219a fel rezolvate \u00eenc\u00e2t fiecare dintre p\u0103r\u021bi s\u0103 fie mul\u021bumit\u0103\u201d.<\/em><\/p>\n<\/div>\n<p>[analyse_source url=&#8221;https:\/\/opiniabuzau.ro\/consiliul-judetean-a-deschis-negocieri-pentru-cumpararea-unei-parti-din-terenul-din-zona-focului-viu\/&#8221;]<\/p>\n","protected":false},"excerpt":{"rendered":"<p>[analyse_image type=&#8221;featured&#8221; src=&#8221;https:\/\/opiniabuzau.ro\/wp-content\/uploads\/2026\/08\/acces-focul-viu-scaled.webp&#8221;] A fost nevoie de o ac\u021biune hot\u0103r\u00e2t\u0103 a proprietarilor terenurilor pe care se afl\u0103 monumentul natural Focul Viu, \u00een comuna Lop\u0103tari, satul Terca, prin care s-a interzis inclusiv accesul pietonal \u00een apropierea zonei care, de altfel, figureaz\u0103 ca protejat\u0103 \u00een eviden\u021bele autorit\u0103\u021bilor, pentru ca cineva s\u0103 \u00een\u021beleag\u0103 c\u0103 totdeauna este un \u00eenceput [&hellip;]<\/p>\n","protected":false},"author":1,"featured_media":0,"comment_status":"open","ping_status":"","sticky":false,"template":"","format":"standard","meta":{"footnotes":""},"categories":[2],"tags":[226,44],"class_list":["post-2115969","post","type-post","status-publish","format-standard","hentry","category-politics","tag-crawlmanager","tag-opiniabuzau-ro"],"_links":{"self":[{"href":"https:\/\/analyse.optim.biz\/index.php?rest_route=\/wp\/v2\/posts\/2115969","targetHints":{"allow":["GET"]}}],"collection":[{"href":"https:\/\/analyse.optim.biz\/index.php?rest_route=\/wp\/v2\/posts"}],"about":[{"href":"https:\/\/analyse.optim.biz\/index.php?rest_route=\/wp\/v2\/types\/post"}],"author":[{"embeddable":true,"href":"https:\/\/analyse.optim.biz\/index.php?rest_route=\/wp\/v2\/users\/1"}],"replies":[{"embeddable":true,"href":"https:\/\/analyse.optim.biz\/index.php?rest_route=%2Fwp%2Fv2%2Fcomments&post=2115969"}],"version-history":[{"count":0,"href":"https:\/\/analyse.optim.biz\/index.php?rest_route=\/wp\/v2\/posts\/2115969\/revisions"}],"wp:attachment":[{"href":"https:\/\/analyse.optim.biz\/index.php?rest_route=%2Fwp%2Fv2%2Fmedia&parent=2115969"}],"wp:term":[{"taxonomy":"category","embeddable":true,"href":"https:\/\/analyse.optim.biz\/index.php?rest_route=%2Fwp%2Fv2%2Fcategories&post=2115969"},{"taxonomy":"post_tag","embeddable":true,"href":"https:\/\/analyse.optim.biz\/index.php?rest_route=%2Fwp%2Fv2%2Ftags&post=2115969"}],"curies":[{"name":"wp","href":"https:\/\/api.w.org\/{rel}","templated":true}]}}