{"id":211586,"date":"2014-02-23T15:41:23","date_gmt":"2014-02-23T12:41:23","guid":{"rendered":"https:\/\/analyse.optim.biz\/?p=211586"},"modified":"2014-02-23T15:41:23","modified_gmt":"2014-02-23T12:41:23","slug":"planuri-de-campanie-liberalii-sunt-pregatiti-de-ruperea-usl","status":"publish","type":"post","link":"https:\/\/analyse.optim.biz\/?p=211586","title":{"rendered":"Planuri de campanie. Liberalii sunt preg\u0103ti\u021bi de ruperea USL"},"content":{"rendered":"<div class=\"entry data-app-meta data-app-meta-article\" data-embed-base-url-canonical=\"https:\/\/www.digi24.ro\/embed\/stiri\/actualitate\/politica\/planuri-de-campanie-liberalii-sunt-pregatiti-de-ruperea-usl-204617\">\n<p data-index=\"1\"><img decoding=\"async\" src=\"https:\/\/analyse.optim.biz\/wp-content\/uploads\/2024\/09\/ad0xndi2m2rmyty1mja0yzg3zmi3ytc4yjzimgnmndc0ng-thumb_.jpg\" data-skip-htmlfix=\"1\" title=\"ad0xndi2m2rmyty1mja0yzg3zmi3ytc4yjzimgnmndc0ng-thumb_\">\u00centruni\u0163i la <strong>Deva<\/strong>, liderii liberali s-au declarat preg\u0103ti\u0163i pentru ruperea USL \u015fi au f\u0103cut planuri de campanie. Mai mult, \u00eentr-un comunicat de pres\u0103, ei le-au transmis social-democra\u0163ilor c\u0103 vor avea un oponent \u00een PNL, dac\u0103 preiau practicile regimului B\u0103sescu.<\/p>\n<p data-index=\"2\">\u201e<span>\u00cei transmit domnului Ponta un mesaj foarte simplu: s\u0103 accepte ceea ce e dreptul nostru \u015fi ceea ce-i spre binele domniei sale, s\u0103-l aib\u0103 pe dl Klaus Iohannis vicepremier dec\u00e2t, mai devreme sau mai t\u00e2rziu, Klaus Iohannis s\u0103 devin\u0103 premier. Evident, \u00een locul domniei sale\u201d, <a href=\"https:\/\/www.digi24.ro\/Stiri\/Digi24\/Actualitate\/Politica\/Crin+Antonescu+Victor+Ponta+va+ramane+premier+cel+mult+pana+la+t\" target=\"_blank\" data-skip-linkfix=\"1\" rel=\"noopener\">a declarat Crin Antonescu la un post de televiziune.<\/a><\/span><\/p>\n<p data-index=\"3\">Liderul liberal a detaliat, duminic\u0103, la Deva, \u00een fa\u021ba colegilor s\u0103i, <strong>principiile<\/strong> \u00een care crede:<\/p>\n<p data-index=\"4\">\u201e<span>O democra\u021bie politic\u0103 real\u0103, o democra\u021bie politic\u0103 \u00een care nu rolul pre\u0219edintelui sau al premierului s\u0103 creasc\u0103, ci rolul \u0219i eficien\u021ba Parlamentului\u201d.<\/span><\/p>\n<p data-index=\"5\">\u201e<span>Statul de drept sau domnia legii nu \u00eenseamn\u0103 imunitatea sau situarea cuiva deasupra legii\u201d.<\/span><\/p>\n<p data-index=\"6\">\u201e<span>S\u0103 \u00eencepem s\u0103 avem p\u00e2n\u0103 la cap\u0103t o economie liberal\u0103. Avem o economie bazat\u0103 parazitar pe bugetul de stat\u201d.<\/span><\/p>\n<p data-index=\"7\">\u201e<span>\u00cen Rom\u00e2nia se face politic\u0103 pentru primari. Corect e s\u0103 se fac\u0103 pentru cet\u0103\u021beni\u201d.<\/span><\/p>\n<p data-index=\"8\">\u201e<span>O politic\u0103 extern\u0103 coerent\u0103 \u0219i activ\u0103. Politica extern\u0103 nu \u00eenseamn\u0103 o colec\u0163ie de poze cu mai marii lumii ca s\u0103 pui pe Facebook\u201d.<\/span><\/p>\n<h5>Solidaritate \u00een PNL<\/h5>\n<p data-index=\"9\">Liderii liberali se declar\u0103 preg\u0103ti\u0163i de ruperea USL, pe care o v\u0103d ca pe o eliberare.<\/p>\n<p data-index=\"10\"><strong>Gigel \u0218tirbu<\/strong>: \u201eEste foarte posibil s\u0103 avem s\u0103pt\u0103m\u00e2na viitoare o zi pe care s\u0103 o declar\u0103m ziua libert\u0103\u021bii noastre, o simt eu!\u201d<\/p>\n<p data-index=\"11\"><strong>Mircea Diaconu<\/strong>: \u201eSe pare c\u0103 de mar\u0163i o s\u0103 fim liberi! (aplauze) Se pare c\u0103 de mar\u0163i doar prin noi \u00een\u015fine va mai r\u0103m\u00e2ne valabil\u201d. <\/p>\n<p data-index=\"12\"><strong>Nicolae Robu<\/strong>: \u201eFiguran\u0163i nu putem fi \u015fi PNL nu se va putea \u00eemp\u0103ca cu un statut marginal \u00een niciun context\u201d.<\/p>\n<p data-index=\"13\">La \u00eent\u00e2lnirea de la Deva, la care au participat liderii partidului, liberalii au f\u0103cut planuri pentru campania electoral\u0103 din 2014.<\/p>\n<p data-index=\"14\"><strong>Mihai Voicu<\/strong>: \u201eCrin-Iohannis, acest tandem nu ne face dec\u00e2t s\u0103 \u0219tim ce avem de f\u0103cut de acum \u00eenainte\u201d.<\/p>\n<p data-index=\"15\"><strong>Marian Petrache<\/strong>: \u201eSuntem datori ca \u00een 2014 s\u0103 aducem libertate deplin\u0103, s\u0103 avem un pre\u0219edinte liberal \u0219i un premier liberal\u201d.<\/p>\n<p data-index=\"16\"><strong>Mircea Cazan<\/strong>: \u201eS\u0103 avem curajul s\u0103 plec\u0103m to\u021bi \u00eempreun\u0103. Crin, pre\u0219edinte \u0219i Iohannis, premier!\u201d<\/p>\n<p data-index=\"17\">Liderii PNL au fost prezen\u0163i la \u00eentrunirea \u00een cadrul c\u0103reia liberalii hunedoreni \u015fi-au ales conducerea. Ulterior, \u00eentr-o conferin\u021b\u0103 de pres\u0103, Crin Antonescu a spus c\u0103 PNL a f\u0103cut concesii social-democra\u021bilor \u0219i a acceptat existen\u021ba USD. Mihai Voicu a avut mandat s\u0103-i transmit\u0103 acest lucru lui C\u0103t\u0103lin Ivan, purt\u0103torul de cuv\u00e2nt al PSD.<\/p>\n<p data-index=\"18\">Crin Antonescu sus\u021bine c\u0103 i-a dat un mesaj \u00een acest sens lui Mihai Voicu \u00een pauza publicitar\u0103 a unei\u00a0emisiuni la care participau cei doi, iar c\u00e2nd s-a reluat emisiunea mesajul a fost transmis de Mihai Voicu lui C\u0103t\u0103lin Ivan.<\/p>\n<p data-index=\"19\">Victor Ponta a reac\u021bionat la aceast\u0103 declara\u021bie \u0219i <a href=\"http:\/\/www.gandul.info\/politica\/antonescu-renunta-la-conditia-desfiintarii-usd-premierul-ponta-pentru-gandul-nu-are-nicio-relevanta-acest-anunt-discutia-este-despre-guvernare-12134361\" target=\"_blank\" data-skip-linkfix=\"1\" rel=\"noopener\">a comentat pentru gandul.info c\u0103 anun\u021bul nu are nicio relevan\u021b\u0103<\/a>.<\/p>\n<p data-index=\"20\">\u00cen urm\u0103 cu cinci zile, Crin Antonescu <a href=\"https:\/\/www.digi24.ro\/Stiri\/Digi24\/Actualitate\/Politica\/Crin+Antonescu+PSD+a+inventat+formule+ca+sa+nu-l+accepte+pe+Klau\" target=\"_blank\" data-skip-linkfix=\"1\" rel=\"noopener\">cerea desfiin\u0163area urgent\u0103 a USD-ului<\/a> &#8211; alian\u021ba electoral\u0103 format\u0103 de PSD, PC \u0219i UNPR &#8211; motiv\u00e2nd c\u0103 ar \u00eenc\u0103lca protocolul USL.<\/p>\n<\/div>\n<p> Source URL: https:\/\/www.digi24.ro\/stiri\/actualitate\/politica\/planuri-de-campanie-liberalii-sunt-pregatiti-de-ruperea-usl-204617<\/p>\n","protected":false},"excerpt":{"rendered":"<p>\u00centruni\u0163i la Deva, liderii liberali s-au declarat preg\u0103ti\u0163i pentru ruperea USL \u015fi au f\u0103cut planuri de campanie. Mai mult, \u00eentr-un comunicat de pres\u0103, ei le-au transmis social-democra\u0163ilor c\u0103 vor avea un oponent \u00een PNL, dac\u0103 preiau practicile regimului B\u0103sescu. \u201e\u00cei transmit domnului Ponta un mesaj foarte simplu: s\u0103 accepte ceea ce e dreptul nostru \u015fi [&hellip;]<\/p>\n","protected":false},"author":1,"featured_media":211587,"comment_status":"open","ping_status":"","sticky":false,"template":"","format":"standard","meta":{"footnotes":""},"categories":[2],"tags":[11],"class_list":["post-211586","post","type-post","status-publish","format-standard","has-post-thumbnail","hentry","category-politics","tag-digi24"],"_links":{"self":[{"href":"https:\/\/analyse.optim.biz\/index.php?rest_route=\/wp\/v2\/posts\/211586","targetHints":{"allow":["GET"]}}],"collection":[{"href":"https:\/\/analyse.optim.biz\/index.php?rest_route=\/wp\/v2\/posts"}],"about":[{"href":"https:\/\/analyse.optim.biz\/index.php?rest_route=\/wp\/v2\/types\/post"}],"author":[{"embeddable":true,"href":"https:\/\/analyse.optim.biz\/index.php?rest_route=\/wp\/v2\/users\/1"}],"replies":[{"embeddable":true,"href":"https:\/\/analyse.optim.biz\/index.php?rest_route=%2Fwp%2Fv2%2Fcomments&post=211586"}],"version-history":[{"count":0,"href":"https:\/\/analyse.optim.biz\/index.php?rest_route=\/wp\/v2\/posts\/211586\/revisions"}],"wp:featuredmedia":[{"embeddable":true,"href":"https:\/\/analyse.optim.biz\/index.php?rest_route=\/wp\/v2\/media\/211587"}],"wp:attachment":[{"href":"https:\/\/analyse.optim.biz\/index.php?rest_route=%2Fwp%2Fv2%2Fmedia&parent=211586"}],"wp:term":[{"taxonomy":"category","embeddable":true,"href":"https:\/\/analyse.optim.biz\/index.php?rest_route=%2Fwp%2Fv2%2Fcategories&post=211586"},{"taxonomy":"post_tag","embeddable":true,"href":"https:\/\/analyse.optim.biz\/index.php?rest_route=%2Fwp%2Fv2%2Ftags&post=211586"}],"curies":[{"name":"wp","href":"https:\/\/api.w.org\/{rel}","templated":true}]}}