{"id":211583,"date":"2014-02-23T16:50:08","date_gmt":"2014-02-23T13:50:08","guid":{"rendered":"https:\/\/analyse.optim.biz\/?p=211583"},"modified":"2014-02-23T16:50:08","modified_gmt":"2014-02-23T13:50:08","slug":"traian-basescu-romania-sustine-independenta-si-integritatea-teritoriala-a-ucrainei","status":"publish","type":"post","link":"https:\/\/analyse.optim.biz\/?p=211583","title":{"rendered":"Traian B\u0103sescu: Rom\u00e2nia sus\u0163ine independen\u0163a \u015fi integritatea teritorial\u0103 a Ucrainei"},"content":{"rendered":"<div class=\"entry data-app-meta data-app-meta-article\" data-embed-base-url-canonical=\"https:\/\/www.digi24.ro\/embed\/stiri\/actualitate\/politica\/traian-basescu-romania-sustine-independenta-si-integritatea-teritoriala-a-ucrainei-204624\">\n<p data-index=\"1\"><img decoding=\"async\" src=\"https:\/\/analyse.optim.biz\/wp-content\/uploads\/2024\/09\/odawjmhhc2g9m2ewogq5ytewnziyngzhmjhhy2i2yzixodriotmxzty-thumb_.jpg\" data-skip-htmlfix=\"1\" title=\"odawjmhhc2g9m2ewogq5ytewnziyngzhmjhhy2i2yzixodriotmxzty-thumb_\">Potrivit unui <a href=\"http:\/\/www.presidency.ro\/?_RID=det&amp;tb=date&amp;id=14829&amp;_PRID=lazi\" target=\"_blank\" data-skip-linkfix=\"1\" rel=\"noopener\">mesaj transmis de Administra\u0163ia Preziden\u0163ial\u0103<\/a>, cu privire la <a href=\"https:\/\/www.digi24.ro\/Stiri\/Digi24\/Extern\/Europa\/CORESPONDENTA+DE+LA+KIEV+Ucraina+nu+scapa+de+criza+politica\" target=\"_blank\" data-skip-linkfix=\"1\" rel=\"noopener\">situa\u0163ia din Ucraina<\/a>, pre\u015fedintele Traian B\u0103sescu salut\u0103 cele mai recente <strong>evolu\u0163ii<\/strong> din criza intern\u0103 profund\u0103 traversat\u0103 de aceast\u0103 \u0163ar\u0103 \u00een ultimele luni.<\/p>\n<p data-index=\"2\">\u00cen opinia \u015fefului statului rom\u00e2n, <strong>\u00eencetarea violen\u0163elor, renun\u0163area la reprimarea \u00een for\u0163\u0103 \u015fi excesiv\u0103 a protestelor<\/strong> cet\u0103\u0163enilor ucraineni sunt precondi\u0163ii pentru revenirea la un climat de lini\u015fte, necesar lans\u0103rii unui proces politic amplu de stabilizare intern\u0103 a \u0163\u0103rii.<\/p>\n<p data-index=\"3\">Traian B\u0103sescu face apel la to\u0163i liderii politici din Ucraina s\u0103 manifeste \u201ecalm, re\u0163inere, pragmatism \u015fi pruden\u0163\u0103, disponibilitate maxim\u0103 la dialog \u015fi flexibilitate pentru ob\u0163inerea unui amplu consens absolut necesar pentru ie\u015firea \u0163\u0103rii din criz\u0103, stabilizarea climatului intern \u015fi redresarea economiei\u201d.<\/p>\n<p data-index=\"4\">\u201eRenun\u0163area la <strong>accente sau ac\u0163iuni extremiste sau na\u0163ionaliste<\/strong> ar contribui, de asemenea, la ob\u0163inerea consensului na\u0163ional&#8221;, se mai arat\u0103 \u00een mesajul pre\u015fedintelui B\u0103sescu.<\/p>\n<p data-index=\"5\">\u015eeful statului arat\u0103 \u00een mesajul s\u0103u c\u0103 &#8220;Rom\u00e2nia, ca stat vecin \u015fi membru al Uniunii Europene \u015fi al Organiza\u0163iei Tratatului Atlanticului de Nord (NATO), sus\u0163ine independen\u0163a \u015fi integritatea teritorial\u0103 a Ucrainei, care trebuie urm\u0103rite \u015fi garantate de c\u0103tre \u00eentreaga clas\u0103 politic\u0103 ucrainean\u0103 \u015fi de c\u0103tre comunitatea interna\u0163ional\u0103&#8221;.<\/p>\n<p data-index=\"6\">\u201eLu\u00e2nd \u00een considerare informa\u0163iile existente \u00een prezent, redresarea economiei Ucrainei prin asisten\u0163a comunit\u0103\u0163ii interna\u0163ionale este unul dintre principalele obiective pe termen scurt \u015fi mediu, al\u0103turi de asigurarea stabilit\u0103\u0163ii politice \u015fi sociale. Respectarea deplin\u0103 a drepturilor fundamentale \u015fi a valorilor democratice trebuie s\u0103 guverneze deplin evolu\u0163iile din Ucraina \u00een perioada urm\u0103toare&#8221;, sus\u0163ine pre\u015fedintele Traian B\u0103sescu.<\/p>\n<p data-index=\"7\">Este al treilea mesaj referitor la situa\u021bia din Ucraina pe care site-ul Administra\u021biei preziden\u021biale \u00eel public\u0103 \u00een decurs de patru zile. Pre\u0219edintele a vorbit despre Ucraina \u0219i \u00een <a href=\"https:\/\/www.digi24.ro\/Stiri\/Digi24\/Actualitate\/Stiri\/Traian+Basescu+Romania+este+pregatita+sa+preia+3+500+de+refugiat\" target=\"_blank\" data-skip-linkfix=\"1\" rel=\"noopener\">conferin\u021ba de pres\u0103 sus\u021binut\u0103 s\u0103pt\u0103m\u00e2na trecut\u0103<\/a>. Ieri, la Cotroceni, a avut loc o \u00eent\u00e2lnire de lucru, cel mai probabil tot pe aceast\u0103 tem\u0103. Mesajele referitoare la p\u0103strarea unit\u0103\u021bii Ucrainei apar \u00een condi\u021biile \u00een care <a href=\"https:\/\/www.digi24.ro\/Stiri\/Digi24\/Extern\/Europa\/CORESPONDENTA+DE+LA+KIEV+Ucraina+nu+scapa+de+criza+politica\" target=\"_blank\" data-skip-linkfix=\"1\" rel=\"noopener\">evolu\u021biile<\/a> din aceast\u0103 \u021bar\u0103 au dat na\u0219tere unor <a href=\"https:\/\/www.digi24.ro\/Stiri\/Digi24\/Actualitate\/Stiri\/UCRAINA+SCENARII+Gosu+Druc+planul+lui+Putin+razboi\" target=\"_blank\" data-skip-linkfix=\"1\" rel=\"noopener\">scenarii separatiste<\/a>.<\/p>\n<\/div>\n<p> Source URL: https:\/\/www.digi24.ro\/stiri\/actualitate\/politica\/traian-basescu-romania-sustine-independenta-si-integritatea-teritoriala-a-ucrainei-204624<\/p>\n","protected":false},"excerpt":{"rendered":"<p>Potrivit unui mesaj transmis de Administra\u0163ia Preziden\u0163ial\u0103, cu privire la situa\u0163ia din Ucraina, pre\u015fedintele Traian B\u0103sescu salut\u0103 cele mai recente evolu\u0163ii din criza intern\u0103 profund\u0103 traversat\u0103 de aceast\u0103 \u0163ar\u0103 \u00een ultimele luni. \u00cen opinia \u015fefului statului rom\u00e2n, \u00eencetarea violen\u0163elor, renun\u0163area la reprimarea \u00een for\u0163\u0103 \u015fi excesiv\u0103 a protestelor cet\u0103\u0163enilor ucraineni sunt precondi\u0163ii pentru revenirea la [&hellip;]<\/p>\n","protected":false},"author":1,"featured_media":211584,"comment_status":"open","ping_status":"","sticky":false,"template":"","format":"standard","meta":{"footnotes":""},"categories":[2],"tags":[11],"class_list":["post-211583","post","type-post","status-publish","format-standard","has-post-thumbnail","hentry","category-politics","tag-digi24"],"_links":{"self":[{"href":"https:\/\/analyse.optim.biz\/index.php?rest_route=\/wp\/v2\/posts\/211583","targetHints":{"allow":["GET"]}}],"collection":[{"href":"https:\/\/analyse.optim.biz\/index.php?rest_route=\/wp\/v2\/posts"}],"about":[{"href":"https:\/\/analyse.optim.biz\/index.php?rest_route=\/wp\/v2\/types\/post"}],"author":[{"embeddable":true,"href":"https:\/\/analyse.optim.biz\/index.php?rest_route=\/wp\/v2\/users\/1"}],"replies":[{"embeddable":true,"href":"https:\/\/analyse.optim.biz\/index.php?rest_route=%2Fwp%2Fv2%2Fcomments&post=211583"}],"version-history":[{"count":0,"href":"https:\/\/analyse.optim.biz\/index.php?rest_route=\/wp\/v2\/posts\/211583\/revisions"}],"wp:featuredmedia":[{"embeddable":true,"href":"https:\/\/analyse.optim.biz\/index.php?rest_route=\/wp\/v2\/media\/211584"}],"wp:attachment":[{"href":"https:\/\/analyse.optim.biz\/index.php?rest_route=%2Fwp%2Fv2%2Fmedia&parent=211583"}],"wp:term":[{"taxonomy":"category","embeddable":true,"href":"https:\/\/analyse.optim.biz\/index.php?rest_route=%2Fwp%2Fv2%2Fcategories&post=211583"},{"taxonomy":"post_tag","embeddable":true,"href":"https:\/\/analyse.optim.biz\/index.php?rest_route=%2Fwp%2Fv2%2Ftags&post=211583"}],"curies":[{"name":"wp","href":"https:\/\/api.w.org\/{rel}","templated":true}]}}