{"id":2115773,"date":"2026-08-27T21:00:00","date_gmt":"2026-08-27T18:00:00","guid":{"rendered":"https:\/\/analyse.optim.biz\/?p=2115773"},"modified":"2026-08-27T21:00:00","modified_gmt":"2026-08-27T18:00:00","slug":"politistii-vranceni-se-pregatesc-pentru-inceperea-scolii-cu-suflet-pentru-copii","status":"publish","type":"post","link":"https:\/\/analyse.optim.biz\/?p=2115773","title":{"rendered":"Poli\u021bi\u0219tii vr\u00e2nceni se preg\u0103tesc pentru \u00eenceperea \u0219colii, \u201ecu suflet, pentru copii\u201d"},"content":{"rendered":"<p>[analyse_image type=&#8221;featured&#8221; src=&#8221;https:\/\/www.monitoruldevrancea.ro\/wp-content\/uploads\/2026\/08\/ipj-scoala.jpg&#8221;]<\/p>\n<div class=\"td_block_wrap tdb_single_content tdi_123 td-pb-border-top td_block_template_1 td-post-content tagdiv-type\" data-td-block-uid=\"tdi_123\">\n<div class=\"tdb-block-inner td-fix-index\">\n<p><strong>Comunicat de pres\u0103, IPJ Vrancea:<\/strong><\/p>\n<p>\u0218I NOI NE PREG\u0102TIM DE \u0218COAL\u0102! CU SUFLET, PENTRU COPII.<br \/>\u00a0 La data de 26 august a.c., poli\u021bi\u0219tii vr\u00e2nceni au fost prezen\u021bi \u00een localitatea Bro\u0219teni, unde, prin joc, dialog \u0219i exemple potrivite v\u00e2rstei, cei mici au \u00eenv\u0103\u021bat c\u00e2t de importante sunt respectul, responsabilitatea, prietenia \u0219i respectarea regulilor, at\u00e2t la \u0219coal\u0103, c\u00e2t \u0219i \u00een afara ei. Ne-am bucurat s\u0103 fim al\u0103turi de copii, s\u0103 le ascult\u0103m pove\u0219tile \u0219i s\u0103 le transmitem un mesaj simplu, dar important: siguran\u021ba \u00eencepe cu fiecare dintre noi!<\/p>\n<p>\u00cen cadrul programului \u201e\u0218coala de var\u0103 \u2013 Pe uli\u021ba copil\u0103riei\u201d, am discutat cu cei mici despre siguran\u021ba rutier\u0103 \u0219i despre bullying, dar, mai ales, despre c\u00e2t de important este s\u0103 fim buni unii cu ceilal\u021bi. Un gest simplu, o bucurie mare. \u00cen cadrul activit\u0103\u021bii de la Bro\u0219teni, poli\u021bi\u0219tii au oferit ghiozdane echipate unor copii care aveau nevoie de un mic sprijin pentru \u00eenceputul noului an \u0219colar. Pentru c\u0103 fiecare copil merit\u0103 s\u0103 creasc\u0103 \u00een siguran\u021b\u0103, cu \u00eencredere \u0219i cu z\u00e2mbetul pe buze.<br \/>\u00cenainte de primul clopo\u021bel, le spunem celor mici:<br \/>Ave\u021bi grij\u0103 de voi!<br \/>Ave\u021bi grij\u0103 unii de al\u021bii!<br \/>Nu v\u0103 fie team\u0103 s\u0103 cere\u021bi ajutor!<br \/>Siguran\u021ba \u00eencepe cu fiecare dintre noi.<br \/>Ne preg\u0103tim de \u0219coal\u0103, dar p\u0103str\u0103m \u00een suflet copil\u0103ria!<\/p>\n<figure class=\"wp-block-gallery has-nested-images columns-default is-cropped td-modal-on-gallery wp-block-gallery-1 is-layout-flex wp-block-gallery-is-layout-flex\">\n<figure class=\"wp-block-image size-full\"><img loading=\"lazy\" decoding=\"async\" width=\"1119\" height=\"1598\" data-id=\"728694\" src=\"https:\/\/www.monitoruldevrancea.ro\/wp-content\/uploads\/2026\/08\/3f27e3b5-0968-4b5e-86b2-84ada4bff76b.jpg\" alt class=\"wp-image-728694\"><\/figure>\n<figure class=\"wp-block-image size-full\"><img loading=\"lazy\" decoding=\"async\" width=\"1511\" height=\"1514\" data-id=\"728695\" src=\"https:\/\/www.monitoruldevrancea.ro\/wp-content\/uploads\/2026\/08\/fb83eb06-9e79-4321-9d69-adffeffb31fc.jpg\" alt class=\"wp-image-728695\"><\/figure>\n<\/figure>\n<\/div>\n<\/div>\n<p>[analyse_source url=&#8221;https:\/\/www.monitoruldevrancea.ro\/2026\/08\/28\/politistii-vranceni-se-pregatesc-pentru-inceperea-scolii-cu-suflet-pentru-copii\/&#8221;]<\/p>\n","protected":false},"excerpt":{"rendered":"<p>[analyse_image type=&#8221;featured&#8221; src=&#8221;https:\/\/www.monitoruldevrancea.ro\/wp-content\/uploads\/2026\/08\/ipj-scoala.jpg&#8221;] Comunicat de pres\u0103, IPJ Vrancea: \u0218I NOI NE PREG\u0102TIM DE \u0218COAL\u0102! CU SUFLET, PENTRU COPII.\u00a0 La data de 26 august a.c., poli\u021bi\u0219tii vr\u00e2nceni au fost prezen\u021bi \u00een localitatea Bro\u0219teni, unde, prin joc, dialog \u0219i exemple potrivite v\u00e2rstei, cei mici au \u00eenv\u0103\u021bat c\u00e2t de importante sunt respectul, responsabilitatea, prietenia \u0219i respectarea regulilor, at\u00e2t [&hellip;]<\/p>\n","protected":false},"author":1,"featured_media":0,"comment_status":"open","ping_status":"","sticky":false,"template":"","format":"standard","meta":{"footnotes":""},"categories":[89],"tags":[226,209],"class_list":["post-2115773","post","type-post","status-publish","format-standard","hentry","category-romania","tag-crawlmanager","tag-monitoruldevrancea-ro"],"_links":{"self":[{"href":"https:\/\/analyse.optim.biz\/index.php?rest_route=\/wp\/v2\/posts\/2115773","targetHints":{"allow":["GET"]}}],"collection":[{"href":"https:\/\/analyse.optim.biz\/index.php?rest_route=\/wp\/v2\/posts"}],"about":[{"href":"https:\/\/analyse.optim.biz\/index.php?rest_route=\/wp\/v2\/types\/post"}],"author":[{"embeddable":true,"href":"https:\/\/analyse.optim.biz\/index.php?rest_route=\/wp\/v2\/users\/1"}],"replies":[{"embeddable":true,"href":"https:\/\/analyse.optim.biz\/index.php?rest_route=%2Fwp%2Fv2%2Fcomments&post=2115773"}],"version-history":[{"count":0,"href":"https:\/\/analyse.optim.biz\/index.php?rest_route=\/wp\/v2\/posts\/2115773\/revisions"}],"wp:attachment":[{"href":"https:\/\/analyse.optim.biz\/index.php?rest_route=%2Fwp%2Fv2%2Fmedia&parent=2115773"}],"wp:term":[{"taxonomy":"category","embeddable":true,"href":"https:\/\/analyse.optim.biz\/index.php?rest_route=%2Fwp%2Fv2%2Fcategories&post=2115773"},{"taxonomy":"post_tag","embeddable":true,"href":"https:\/\/analyse.optim.biz\/index.php?rest_route=%2Fwp%2Fv2%2Ftags&post=2115773"}],"curies":[{"name":"wp","href":"https:\/\/api.w.org\/{rel}","templated":true}]}}