{"id":2115766,"date":"2026-08-27T13:04:15","date_gmt":"2026-08-27T10:04:15","guid":{"rendered":"https:\/\/analyse.optim.biz\/?p=2115766"},"modified":"2026-08-27T13:04:15","modified_gmt":"2026-08-27T10:04:15","slug":"romania-pierde-770-de-milioane-de-euro-din-pnrr-dar-nu-putem-creste-salariile-la-stat-cu-bani-pe-care-nu-ii-avem","status":"publish","type":"post","link":"https:\/\/analyse.optim.biz\/?p=2115766","title":{"rendered":"Rom\u00e2nia pierde 770 de milioane de euro din PNRR, dar nu putem cre\u0219te salariile la stat cu bani pe care nu \u00eei avem"},"content":{"rendered":"<p>[analyse_image type=&#8221;featured&#8221; src=&#8221;https:\/\/infotulcea.ro\/wp-content\/uploads\/2021\/11\/bulina.png&#8221;]<\/p>\n<div id=\"content\" class=\"site-content container\">\n<div id=\"main-content-row\" class=\"tie-row main-content-row\">\n<div class=\"main-content tie-col-md-8 tie-col-xs-12\" role=\"main\">\n<article id=\"the-post\" class=\"container-wrapper post-content tie-standard\">\n<header class=\"entry-header-outer\">\n<nav id=\"breadcrumb\"><a href=\"https:\/\/infotulcea.ro\/\"> Home<\/a><em class=\"delimiter\">\/<\/em><a href=\"https:\/\/infotulcea.ro\/categorie\/politica\/\">Politic\u0103<\/a><em class=\"delimiter\">\/<\/em><a href=\"https:\/\/infotulcea.ro\/categorie\/politica\/usr\/\">USR<\/a><em class=\"delimiter\">\/<\/em><span class=\"current\">Rom\u00e2nia pierde 770 de milioane de euro din PNRR, dar nu putem cre\u0219te salariile la  stat cu bani pe care nu \u00eei avem<\/span><\/nav>\n<div class=\"entry-header\"><span class=\"post-cat-wrap\"><a class=\"post-cat tie-cat-248\" href=\"https:\/\/infotulcea.ro\/categorie\/politica\/usr\/\">USR<\/a><\/span><\/p>\n<h1 class=\"post-title entry-title\">\n\t\t\tRom\u00e2nia pierde 770 de milioane de euro din PNRR, dar nu putem cre\u0219te salariile la  stat cu bani pe care nu \u00eei avem\t\t<\/h1>\n<div class=\"single-post-meta post-meta clearfix\"><span class=\"author-meta single-author no-avatars\"><span class=\"meta-item meta-author-wrapper meta-author-9\"><span class=\"meta-author\"><a href=\"https:\/\/infotulcea.ro\/author\/redactia-2\/\" class=\"author-name tie-icon\" title=\"Redactia\">Redactia<\/a><\/span><\/span><\/span><span class=\"date meta-item tie-icon\">27 august 2026<\/span><\/p>\n<div class=\"tie-alignright\"><span class=\"meta-comment tie-icon meta-item fa-before\">0<\/span><span class=\"meta-views meta-item \"> 66 <\/span><span class=\"meta-reading-time meta-item\"> 1 minute read<\/span><\/div>\n<\/div>\n<\/div>\n<\/header>\n<div class=\"entry-content entry clearfix\">\n<p><strong>Rom\u00e2nia pierde 770 de milioane de euro din PNRR pentru c\u0103 legea salariz\u0103rii<\/strong><br \/><strong>unitare nu va fi adoptat\u0103 p\u00e2n\u0103 la termenul de 31 august. Deputata Cristina Prun\u0103 atrage<\/strong><br \/><strong>\u00eens\u0103 aten\u021bia c\u0103 adoptarea unei legi care ar genera cheltuieli permanente de miliarde de lei<\/strong><br \/><strong>anual, f\u0103r\u0103 reforma statului \u0219i f\u0103r\u0103 o economie capabil\u0103 s\u0103 le sus\u021bin\u0103, ar crea o problem\u0103<\/strong><br \/><strong>bugetar\u0103 mult mai mare.<\/strong><br \/>\n\u201eLucrurile sunt simple: nu po\u021bi s\u0103 cre\u0219ti salariile la stat cu bani pe care nu \u00eei ai. Cele 770<br \/>\nde milioane de euro din PNRR sunt bani pe care i-am fi primit o singur\u0103 dat\u0103. \u00cen schimb,<br \/>\nlegea discutat\u0103 \u00een ultimele s\u0103pt\u0103m\u00e2ni ar fi avut un impact de 8\u201312 miliarde de lei \u00een fiecare<br \/>\nan. Nu ne permitem, ca stat, o cheltuial\u0103 permanent\u0103 de asemenea dimensiuni\u201d, afirm\u0103<br \/>\nCristina Prun\u0103.<br \/>\n\u00cen condi\u021biile \u00een care cre\u0219terea economic\u0103 din acest an este prognozat\u0103 la doar 0,1%,<br \/>\nRom\u00e2nia nu are spa\u021biul bugetar pentru noi cre\u0219teri permanente de cheltuieli.<br \/>\n\u201eF\u0103r\u0103 reform\u0103 \u0219i f\u0103r\u0103 cre\u0219tere economic\u0103, salariile mai mari la stat \u00eenseamn\u0103 salarii pl\u0103tite<br \/>\npe datorie. Adic\u0103 din banii de m\u00e2ine ai contribuabililor. Am mai v\u0103zut filmul acesta \u00een<br \/>\n2024, c\u00e2nd pensiile au fost crescute f\u0103r\u0103 s\u0103 existe veniturile necesare. Nota de plat\u0103 a<br \/>\nvenit prin deficite, \u00eemprumuturi \u0219i infla\u021bie\u201d, arat\u0103 deputata.<br \/>\nCristina Prun\u0103 subliniaz\u0103 c\u0103 situa\u021bia bugetar\u0103 este at\u00e2t de dificil\u0103 \u00eenc\u00e2t Rom\u00e2nia nu \u00ee\u0219i<br \/>\npermite nici m\u0103car o indexare cu 7% a salariilor din sectorul public anul viitor.<br \/>\n\u201eOrdinea corect\u0103 este alta: mai \u00eent\u00e2i reform\u0103m statul \u2013 reducem institu\u021biile, birocra\u021bia \u0219i<br \/>\ncheltuielile \u0219i facem reforma administrativ-teritorial\u0103. Apoi cre\u0219tem economia \u2013 prin<br \/>\ninvesti\u021bii, capital privat, productivitate \u0219i locuri de munc\u0103 mai bine pl\u0103tite. Abia dup\u0103 aceea<br \/>\nreform\u0103m salarizarea la stat, pe baze corecte, transparente \u0219i sustenabile.<br \/>\nNu sunt \u00eempotriva unei salariz\u0103ri corecte \u00een sectorul public. Performan\u021ba trebuie valorizat\u0103<br \/>\n\u0219i pl\u0103tit\u0103. Dar nu po\u021bi \u00eemp\u0103r\u021bi bani pe care nu \u00eei ai \u0219i s\u0103 nume\u0219ti asta reform\u0103\u201d, conchide<br \/>\nCristina Prun\u0103.<\/p>\n<\/div>\n<div id=\"post-extra-info\">\n<div class=\"theiaStickySidebar\">\n<div class=\"single-post-meta post-meta clearfix\"><span class=\"author-meta single-author no-avatars\"><span class=\"meta-item meta-author-wrapper meta-author-9\"><span class=\"meta-author\"><a href=\"https:\/\/infotulcea.ro\/author\/redactia-2\/\" class=\"author-name tie-icon\" title=\"Redactia\">Redactia<\/a><\/span><\/span><\/span><span class=\"date meta-item tie-icon\">27 august 2026<\/span><\/p>\n<div class=\"tie-alignright\"><span class=\"meta-comment tie-icon meta-item fa-before\">0<\/span><span class=\"meta-views meta-item \"> 66 <\/span><span class=\"meta-reading-time meta-item\"> 1 minute read<\/span><\/div>\n<\/div>\n<\/div>\n<\/div>\n<div id=\"share-buttons-bottom\" class=\"share-buttons share-buttons-bottom\">\n<div class=\"share-links  icons-only\">\n<div class=\"share-title\"><span> Share<\/span><\/div>\n<p><a href=\"https:\/\/www.facebook.com\/sharer.php?u=https:\/\/infotulcea.ro\/romania-pierde-770-de-milioane-de-euro-din-pnrr-dar-nu-putem-creste-salariile-la-stat-cu-bani-pe-care-nu-ii-avem\/\" rel=\"external noopener nofollow\" title=\"Facebook\" target=\"_blank\" class=\"facebook-share-btn \" data-raw=\"https:\/\/www.facebook.com\/sharer.php?u={post_link}\"><span class=\"screen-reader-text\">Facebook<\/span><\/a><a href=\"https:\/\/twitter.com\/intent\/tweet?text=Rom%C3%A2nia%20pierde%20770%20de%20milioane%20de%20euro%20din%20PNRR%2C%20dar%20nu%20putem%20cre%C8%99te%20salariile%20la%20%20stat%20cu%20bani%20pe%20care%20nu%20%C3%AEi%20avem&amp;url=https:\/\/infotulcea.ro\/romania-pierde-770-de-milioane-de-euro-din-pnrr-dar-nu-putem-creste-salariile-la-stat-cu-bani-pe-care-nu-ii-avem\/\" rel=\"external noopener nofollow\" title=\"X\" target=\"_blank\" class=\"twitter-share-btn \" data-raw=\"https:\/\/twitter.com\/intent\/tweet?text={post_title}&amp;url={post_link}\"><span class=\"screen-reader-text\">X<\/span><\/a><a href=\"https:\/\/api.whatsapp.com\/send?text=Rom%C3%A2nia%20pierde%20770%20de%20milioane%20de%20euro%20din%20PNRR%2C%20dar%20nu%20putem%20cre%C8%99te%20salariile%20la%20%20stat%20cu%20bani%20pe%20care%20nu%20%C3%AEi%20avem%20https:\/\/infotulcea.ro\/romania-pierde-770-de-milioane-de-euro-din-pnrr-dar-nu-putem-creste-salariile-la-stat-cu-bani-pe-care-nu-ii-avem\/\" rel=\"external noopener nofollow\" title=\"WhatsApp\" target=\"_blank\" class=\"whatsapp-share-btn \" data-raw=\"https:\/\/api.whatsapp.com\/send?text={post_title}%20{post_link}\"><span class=\"screen-reader-text\">WhatsApp<\/span><\/a><a href=\"https:\/\/telegram.me\/share\/url?url=https:\/\/infotulcea.ro\/romania-pierde-770-de-milioane-de-euro-din-pnrr-dar-nu-putem-creste-salariile-la-stat-cu-bani-pe-care-nu-ii-avem\/&amp;text=Rom%C3%A2nia%20pierde%20770%20de%20milioane%20de%20euro%20din%20PNRR%2C%20dar%20nu%20putem%20cre%C8%99te%20salariile%20la%20%20stat%20cu%20bani%20pe%20care%20nu%20%C3%AEi%20avem\" rel=\"external noopener nofollow\" title=\"Telegram\" target=\"_blank\" class=\"telegram-share-btn \" data-raw=\"https:\/\/telegram.me\/share\/url?url={post_link}&amp;text={post_title}\"><span class=\"screen-reader-text\">Telegram<\/span><\/a><a href=\"mailto:?subject=Rom%C3%A2nia%20pierde%20770%20de%20milioane%20de%20euro%20din%20PNRR%2C%20dar%20nu%20putem%20cre%C8%99te%20salariile%20la%20%20stat%20cu%20bani%20pe%20care%20nu%20%C3%AEi%20avem&amp;body=https:\/\/infotulcea.ro\/romania-pierde-770-de-milioane-de-euro-din-pnrr-dar-nu-putem-creste-salariile-la-stat-cu-bani-pe-care-nu-ii-avem\/\" rel=\"external noopener nofollow\" title=\"Share via Email\" target=\"_blank\" class=\"email-share-btn \" data-raw=\"mailto:?subject={post_title}&amp;body={post_link}\"><span class=\"screen-reader-text\">Share via Email<\/span><\/a><a href=\"https:\/\/infotulcea.ro\/romania-pierde-770-de-milioane-de-euro-din-pnrr-dar-nu-putem-creste-salariile-la-stat-cu-bani-pe-care-nu-ii-avem\/\" rel=\"external noopener nofollow\" title=\"Print\" target=\"_blank\" class=\"print-share-btn \" data-raw=\"#\"><span class=\"screen-reader-text\">Print<\/span><\/a><\/div>\n<\/div>\n<\/article>\n<div class=\"post-components\">\n<div id=\"related-posts\" class=\"container-wrapper has-extra-post\">\n<div class=\"mag-box-title the-global-title\">\n<h3>Related Articles<\/h3>\n<\/div>\n<div class=\"related-posts-list\">\n<div class=\"related-item tie-standard\"><a aria-label=\"Dominic Fritz mandatat pentru negocierea unui acord politic cu PNL\" href=\"https:\/\/infotulcea.ro\/dominic-fritz-mandatat-pentru-negocierea-unui-acord-politic-cu-pnl\/\" class=\"post-thumb\"><source type=\"image\/webp\" data-srcset=\"https:\/\/infotulcea.ro\/wp-content\/uploads\/2026\/05\/d75655d8-871c-49b2-a3bc-71cd56822524-390x220.jpeg.webp\" \/><\/a><\/p>\n<h3 class=\"post-title\"><a href=\"https:\/\/infotulcea.ro\/dominic-fritz-mandatat-pentru-negocierea-unui-acord-politic-cu-pnl\/\">Dominic Fritz mandatat pentru negocierea unui acord politic cu PNL<\/a><\/h3>\n<div class=\"post-meta clearfix\"><span class=\"date meta-item tie-icon\">5 mai 2026<\/span><\/div>\n<\/div>\n<div class=\"related-item tie-standard\"><a aria-label=\"Ionu\u021b Mo\u0219teanu, liderul deputa\u021bilor USR: \u201eGuvernul \u0219i ministrul Ap\u0103r\u0103rii trebuie s\u0103 ac\u021bioneze urgent pentru a proteja spa\u021biul aerian al Rom\u00e2niei!\u201d\" href=\"https:\/\/infotulcea.ro\/ionut-mosteanu-liderul-deputatilor-usr-guvernul-si-ministrul-apararii-trebuie-sa-actioneze-urgent-pentru-a-proteja-spatiul-aerian-al-romaniei\/\" class=\"post-thumb\"><source type=\"image\/webp\" data-srcset=\"https:\/\/infotulcea.ro\/wp-content\/uploads\/2024\/09\/usrdrone-390x220.jpg.webp\" \/><img loading=\"lazy\" decoding=\"async\" width=\"390\" height=\"220\" src=\"https:\/\/infotulcea.ro\/wp-content\/uploads\/2024\/09\/usrdrone-390x220.jpg\" class=\"attachment-jannah-image-large size-jannah-image-large wp-post-image\" alt><\/a><\/p>\n<h3 class=\"post-title\"><a href=\"https:\/\/infotulcea.ro\/ionut-mosteanu-liderul-deputatilor-usr-guvernul-si-ministrul-apararii-trebuie-sa-actioneze-urgent-pentru-a-proteja-spatiul-aerian-al-romaniei\/\">Ionu\u021b Mo\u0219teanu, liderul deputa\u021bilor USR: \u201eGuvernul \u0219i ministrul Ap\u0103r\u0103rii trebuie s\u0103 ac\u021bioneze urgent pentru a proteja spa\u021biul aerian al Rom\u00e2niei!\u201d<\/a><\/h3>\n<div class=\"post-meta clearfix\"><span class=\"date meta-item tie-icon\">12 septembrie 2024<\/span><\/div>\n<\/div>\n<div class=\"related-item tie-standard\"><a aria-label=\"Senatorul Costel Vicol propune solu\u021bii de implementare a proiectului \u201eS\u0103 cre\u0219tem genera\u021bii s\u0103n\u0103toase\u201d\" href=\"https:\/\/infotulcea.ro\/senatorul-costel-vicol-propune-solutii-de-implementare-a-proiectului-sa-crestem-generatii-sanatoase\/\" class=\"post-thumb\"><source type=\"image\/webp\" data-srcset=\"https:\/\/infotulcea.ro\/wp-content\/uploads\/2024\/10\/vicol-presedinte-390x220.jpeg.webp\" \/><img loading=\"lazy\" decoding=\"async\" width=\"390\" height=\"220\" src=\"https:\/\/infotulcea.ro\/wp-content\/uploads\/2024\/10\/vicol-presedinte-390x220.jpeg\" class=\"attachment-jannah-image-large size-jannah-image-large wp-post-image\" alt><\/a><\/p>\n<h3 class=\"post-title\"><a href=\"https:\/\/infotulcea.ro\/senatorul-costel-vicol-propune-solutii-de-implementare-a-proiectului-sa-crestem-generatii-sanatoase\/\">Senatorul Costel Vicol propune solu\u021bii de implementare a proiectului \u201eS\u0103 cre\u0219tem genera\u021bii s\u0103n\u0103toase\u201d<\/a><\/h3>\n<div class=\"post-meta clearfix\"><span class=\"date meta-item tie-icon\">2 octombrie 2024<\/span><\/div>\n<\/div>\n<div class=\"related-item tie-standard\"><a aria-label=\"USR cur\u0103\u021b\u0103 statul de pile!\" href=\"https:\/\/infotulcea.ro\/usr-curata-statul-de-pile\/\" class=\"post-thumb\"><source type=\"image\/webp\" data-srcset=\"https:\/\/infotulcea.ro\/wp-content\/uploads\/2025\/05\/f1de999c-5cf6-4551-a7dc-3aba3b619911-390x220.jpeg.webp\" \/><img loading=\"lazy\" decoding=\"async\" width=\"390\" height=\"220\" src=\"https:\/\/infotulcea.ro\/wp-content\/uploads\/2025\/05\/f1de999c-5cf6-4551-a7dc-3aba3b619911-390x220.jpeg\" class=\"attachment-jannah-image-large size-jannah-image-large wp-post-image\" alt><\/a><\/p>\n<h3 class=\"post-title\"><a href=\"https:\/\/infotulcea.ro\/usr-curata-statul-de-pile\/\">USR cur\u0103\u021b\u0103 statul de pile!<\/a><\/h3>\n<div class=\"post-meta clearfix\"><span class=\"date meta-item tie-icon\">28 mai 2025<\/span><\/div>\n<\/div>\n<\/div>\n<\/div>\n<div id=\"comments\" class=\"comments-area\">\n<div id=\"add-comment-block\" class=\"container-wrapper\">\n<div id=\"respond\" class=\"comment-respond\">\n<h3 id=\"reply-title\" class=\"comment-reply-title the-global-title\">Las\u0103 un r\u0103spuns <small><a rel=\"nofollow\" id=\"cancel-comment-reply-link\" href=\"https:\/\/infotulcea.ro\/romania-pierde-770-de-milioane-de-euro-din-pnrr-dar-nu-putem-creste-salariile-la-stat-cu-bani-pe-care-nu-ii-avem\/#respond\">Anuleaz\u0103 r\u0103spunsul<\/a><\/small><\/h3>\n<p class=\"comment-notes\"><span id=\"email-notes\">Adresa ta de email nu va fi publicat\u0103.<\/span><span class=\"required-field-message\">C\u00e2mpurile obligatorii sunt marcate cu <span class=\"required\">*<\/span><\/span><\/p>\n<\/div>\n<\/div>\n<\/div>\n<\/div>\n<\/div>\n<div id=\"check-also-box\" class=\"container-wrapper check-also-right\">\n<div class=\"widget-title the-global-title\">\n<div class=\"the-subtitle\">Check Also<\/div>\n<p><a href=\"https:\/\/infotulcea.ro\/romania-pierde-770-de-milioane-de-euro-din-pnrr-dar-nu-putem-creste-salariile-la-stat-cu-bani-pe-care-nu-ii-avem\/\" id=\"check-also-close\" class=\"remove\"><span class=\"screen-reader-text\">Close<\/span><\/a><\/div>\n<div class=\"widget posts-list-big-first has-first-big-post\">\n<ul class=\"posts-list-items\">\n<li class=\"widget-single-post-item widget-post-list tie-standard\">\n<div class=\"post-widget-thumbnail\"><a aria-label=\"\u201eANAF doarme, tu pl\u0103te\u0219ti!\u201d \u2013 USR cere explica\u021bii \u00een Parlament pentru zecile de miliarde pierdute din evaziune\" href=\"https:\/\/infotulcea.ro\/anaf-doarme-tu-platesti-usr-cere-explicatii-in-parlament-pentru-zecile-de-miliarde-pierdute-din-evaziune\/\" class=\"post-thumb\"><span class=\"post-cat-wrap\"><span class=\"post-cat tie-cat-248\">USR<\/span><\/span><source type=\"image\/webp\" data-srcset=\"https:\/\/infotulcea.ro\/wp-content\/uploads\/2025\/06\/anaf-doarme-390x220.jpg.webp\" \/><img loading=\"lazy\" decoding=\"async\" width=\"390\" height=\"220\" src=\"https:\/\/infotulcea.ro\/wp-content\/uploads\/2025\/06\/anaf-doarme-390x220.jpg\" class=\"attachment-jannah-image-large size-jannah-image-large wp-post-image\" alt><\/a><\/div>\n<div class=\"post-widget-body \"><a class=\"post-title the-subtitle\" href=\"https:\/\/infotulcea.ro\/anaf-doarme-tu-platesti-usr-cere-explicatii-in-parlament-pentru-zecile-de-miliarde-pierdute-din-evaziune\/\">\u201eANAF doarme, tu pl\u0103te\u0219ti!\u201d \u2013 USR cere explica\u021bii \u00een Parlament pentru zecile de miliarde pierdute din evaziune<\/a><\/p>\n<div class=\"post-meta\"><span class=\"date meta-item tie-icon\">10 iunie 2025<\/span><\/div>\n<\/div>\n<\/li>\n<\/ul>\n<\/div>\n<\/div>\n<aside class=\"sidebar tie-col-md-4 tie-col-xs-12 normal-side is-sticky\" aria-label=\"Primary Sidebar\">\n<div class=\"theiaStickySidebar\">\n<div id=\"media_image-19\" class=\"container-wrapper widget widget_media_image\"><a href=\"https:\/\/infotulcea.ro\/delta-dunarii-mai-accesibila-navrom-delta-creste-numarul-curselor-regulate-de-la-1-mai-2025\/\"><source sizes=\"(max-width: 500px) 100vw, 500px\" type=\"image\/webp\" data-srcset=\"https:\/\/infotulcea.ro\/wp-content\/uploads\/2025\/04\/navrom-delta-500x271.jpg.webp 500w, https:\/\/infotulcea.ro\/wp-content\/uploads\/2025\/04\/navrom-delta-1024x555.jpg.webp 1024w, https:\/\/infotulcea.ro\/wp-content\/uploads\/2025\/04\/navrom-delta-768x416.jpg.webp 768w, https:\/\/infotulcea.ro\/wp-content\/uploads\/2025\/04\/navrom-delta.jpg.webp 1080w\" \/><img loading=\"lazy\" decoding=\"async\" width=\"500\" height=\"271\" src=\"https:\/\/infotulcea.ro\/wp-content\/uploads\/2025\/04\/navrom-delta-500x271.jpg\" class=\"image wp-image-34487  attachment-medium size-medium\" alt><\/a><\/div>\n<div id=\"media_image-17\" class=\"container-wrapper widget widget_media_image\"><a href=\"https:\/\/www.facebook.com\/share\/p\/1DGAD1tLWN\/?mibextid=wwXIfr\" target=\"_blank\"><source sizes=\"(max-width: 500px) 100vw, 500px\" type=\"image\/webp\" data-srcset=\"https:\/\/infotulcea.ro\/wp-content\/uploads\/2026\/01\/IMG_1563-500x500.jpeg.webp 500w, https:\/\/infotulcea.ro\/wp-content\/uploads\/2026\/01\/IMG_1563-1024x1024.jpeg.webp 1024w, https:\/\/infotulcea.ro\/wp-content\/uploads\/2026\/01\/IMG_1563-250x250.jpeg.webp 250w, https:\/\/infotulcea.ro\/wp-content\/uploads\/2026\/01\/IMG_1563-768x768.jpeg.webp 768w, https:\/\/infotulcea.ro\/wp-content\/uploads\/2026\/01\/IMG_1563.jpeg.webp 1080w\" \/><img loading=\"lazy\" decoding=\"async\" width=\"500\" height=\"500\" src=\"https:\/\/infotulcea.ro\/wp-content\/uploads\/2026\/01\/IMG_1563-500x500.jpeg\" class=\"image wp-image-37932  attachment-medium size-medium\" alt title=\"Centrale pe lemne\"><\/a><\/div>\n<div id=\"media_image-18\" class=\"container-wrapper widget widget_media_image\"><a href=\"https:\/\/www.licitatia.ro\/site\/index-guest\"><img loading=\"lazy\" decoding=\"async\" width=\"500\" height=\"262\" src=\"https:\/\/infotulcea.ro\/wp-content\/uploads\/2025\/09\/licitatia-500x262.png\" class=\"image wp-image-36670  attachment-medium size-medium lazyload\" alt data-max-width=\"500\"><img loading=\"lazy\" decoding=\"async\" width=\"500\" height=\"262\" src=\"https:\/\/infotulcea.ro\/wp-content\/uploads\/2025\/09\/licitatia-500x262.png\" class=\"image wp-image-36670  attachment-medium size-medium\" alt><\/a><\/div>\n<div id=\"media_image-27\" class=\"container-wrapper widget widget_media_image\"><a href=\"https:\/\/www.centrale-lemne-liepsnele.ro\/\"><img loading=\"lazy\" decoding=\"async\" width=\"500\" height=\"500\" src=\"https:\/\/infotulcea.ro\/wp-content\/uploads\/2025\/09\/Centrale-pe-Lemne-Liepsnele-500x500.png\" class=\"image wp-image-36541  attachment-medium size-medium lazyload\" alt=\"Centrala pe lemne\" data-max-width=\"500\"><img loading=\"lazy\" decoding=\"async\" width=\"500\" height=\"500\" src=\"https:\/\/infotulcea.ro\/wp-content\/uploads\/2025\/09\/Centrale-pe-Lemne-Liepsnele-500x500.png\" class=\"image wp-image-36541  attachment-medium size-medium\" alt=\"Centrala pe lemne\"><\/a><\/div>\n<div id=\"media_image-28\" class=\"container-wrapper widget widget_media_image\"><a href=\"https:\/\/infotulcea.ro\/angajeaza-te-ro-platforma-ta-online-de-angajari-si-forta-de-munca\/\"><source sizes=\"(max-width: 500px) 100vw, 500px\" type=\"image\/webp\" data-srcset=\"https:\/\/infotulcea.ro\/wp-content\/uploads\/2025\/04\/banner-angajazate-1-500x305.jpg.webp 500w, https:\/\/infotulcea.ro\/wp-content\/uploads\/2025\/04\/banner-angajazate-1-1024x625.jpg.webp 1024w, https:\/\/infotulcea.ro\/wp-content\/uploads\/2025\/04\/banner-angajazate-1-768x469.jpg.webp 768w, https:\/\/infotulcea.ro\/wp-content\/uploads\/2025\/04\/banner-angajazate-1.jpg.webp 1080w\" \/><img loading=\"lazy\" decoding=\"async\" width=\"500\" height=\"305\" src=\"https:\/\/infotulcea.ro\/wp-content\/uploads\/2025\/04\/banner-angajazate-1-500x305.jpg\" class=\"image wp-image-34317  attachment-medium size-medium\" alt><\/a><\/div>\n<\/div>\n<\/aside>\n<\/div>\n<\/div>\n<div class=\"entry-content entry clearfix\">\n<p><strong>Rom\u00e2nia pierde 770 de milioane de euro din PNRR pentru c\u0103 legea salariz\u0103rii<\/strong><br \/><strong>unitare nu va fi adoptat\u0103 p\u00e2n\u0103 la termenul de 31 august. Deputata Cristina Prun\u0103 atrage<\/strong><br \/><strong>\u00eens\u0103 aten\u021bia c\u0103 adoptarea unei legi care ar genera cheltuieli permanente de miliarde de lei<\/strong><br \/><strong>anual, f\u0103r\u0103 reforma statului \u0219i f\u0103r\u0103 o economie capabil\u0103 s\u0103 le sus\u021bin\u0103, ar crea o problem\u0103<\/strong><br \/><strong>bugetar\u0103 mult mai mare.<\/strong><br \/>\n\u201eLucrurile sunt simple: nu po\u021bi s\u0103 cre\u0219ti salariile la stat cu bani pe care nu \u00eei ai. Cele 770<br \/>\nde milioane de euro din PNRR sunt bani pe care i-am fi primit o singur\u0103 dat\u0103. \u00cen schimb,<br \/>\nlegea discutat\u0103 \u00een ultimele s\u0103pt\u0103m\u00e2ni ar fi avut un impact de 8\u201312 miliarde de lei \u00een fiecare<br \/>\nan. Nu ne permitem, ca stat, o cheltuial\u0103 permanent\u0103 de asemenea dimensiuni\u201d, afirm\u0103<br \/>\nCristina Prun\u0103.<br \/>\n\u00cen condi\u021biile \u00een care cre\u0219terea economic\u0103 din acest an este prognozat\u0103 la doar 0,1%,<br \/>\nRom\u00e2nia nu are spa\u021biul bugetar pentru noi cre\u0219teri permanente de cheltuieli.<br \/>\n\u201eF\u0103r\u0103 reform\u0103 \u0219i f\u0103r\u0103 cre\u0219tere economic\u0103, salariile mai mari la stat \u00eenseamn\u0103 salarii pl\u0103tite<br \/>\npe datorie. Adic\u0103 din banii de m\u00e2ine ai contribuabililor. Am mai v\u0103zut filmul acesta \u00een<br \/>\n2024, c\u00e2nd pensiile au fost crescute f\u0103r\u0103 s\u0103 existe veniturile necesare. Nota de plat\u0103 a<br \/>\nvenit prin deficite, \u00eemprumuturi \u0219i infla\u021bie\u201d, arat\u0103 deputata.<br \/>\nCristina Prun\u0103 subliniaz\u0103 c\u0103 situa\u021bia bugetar\u0103 este at\u00e2t de dificil\u0103 \u00eenc\u00e2t Rom\u00e2nia nu \u00ee\u0219i<br \/>\npermite nici m\u0103car o indexare cu 7% a salariilor din sectorul public anul viitor.<br \/>\n\u201eOrdinea corect\u0103 este alta: mai \u00eent\u00e2i reform\u0103m statul \u2013 reducem institu\u021biile, birocra\u021bia \u0219i<br \/>\ncheltuielile \u0219i facem reforma administrativ-teritorial\u0103. Apoi cre\u0219tem economia \u2013 prin<br \/>\ninvesti\u021bii, capital privat, productivitate \u0219i locuri de munc\u0103 mai bine pl\u0103tite. Abia dup\u0103 aceea<br \/>\nreform\u0103m salarizarea la stat, pe baze corecte, transparente \u0219i sustenabile.<br \/>\nNu sunt \u00eempotriva unei salariz\u0103ri corecte \u00een sectorul public. Performan\u021ba trebuie valorizat\u0103<br \/>\n\u0219i pl\u0103tit\u0103. Dar nu po\u021bi \u00eemp\u0103r\u021bi bani pe care nu \u00eei ai \u0219i s\u0103 nume\u0219ti asta reform\u0103\u201d, conchide<br \/>\nCristina Prun\u0103.<\/p>\n<\/div>\n<div class=\"articleBody\" data-key=\"articleBody\">Rom\u00e2nia pierde 770 de milioane de euro din PNRR pentru c\u0103 legea salariz\u0103rii<br \/>\nunitare nu va fi adoptat\u0103 p\u00e2n\u0103 la termenul de 31 august. Deputata Cristina Prun\u0103 atrage<br \/>\n\u00eens\u0103 aten\u021bia c\u0103 adoptarea unei legi care ar genera cheltuieli permanente de miliarde de lei<br \/>\nanual, f\u0103r\u0103 reforma statului \u0219i f\u0103r\u0103 o economie capabil\u0103 s\u0103 le sus\u021bin\u0103, ar crea o problem\u0103<br \/>\nbugetar\u0103 mult mai mare.<br \/>\n\u201eLucrurile sunt simple: nu po\u021bi s\u0103 cre\u0219ti salariile la stat cu bani pe care nu \u00eei ai. Cele 770<br \/>\nde milioane de euro din PNRR sunt bani pe care i-am fi primit o singur\u0103 dat\u0103. \u00cen schimb,<br \/>\nlegea discutat\u0103 \u00een ultimele s\u0103pt\u0103m\u00e2ni ar fi avut un impact de 8\u201312 miliarde de lei \u00een fiecare<br \/>\nan. Nu ne permitem, ca stat, o cheltuial\u0103 permanent\u0103 de asemenea dimensiuni\u201d, afirm\u0103<br \/>\nCristina Prun\u0103.<br \/>\n\u00cen condi\u021biile \u00een care cre\u0219terea economic\u0103 din acest an este prognozat\u0103 la doar 0,1%,<br \/>\nRom\u00e2nia nu are spa\u021biul bugetar pentru noi cre\u0219teri permanente de cheltuieli.<br \/>\n\u201eF\u0103r\u0103 reform\u0103 \u0219i f\u0103r\u0103 cre\u0219tere economic\u0103, salariile mai mari la stat \u00eenseamn\u0103 salarii pl\u0103tite<br \/>\npe datorie. Adic\u0103 din banii de m\u00e2ine ai contribuabililor. Am mai v\u0103zut filmul acesta \u00een<br \/>\n2024, c\u00e2nd pensiile au fost crescute f\u0103r\u0103 s\u0103 existe veniturile necesare. Nota de plat\u0103 a<br \/>\nvenit prin deficite, \u00eemprumuturi \u0219i infla\u021bie\u201d, arat\u0103 deputata.<br \/>\nCristina Prun\u0103 subliniaz\u0103 c\u0103 situa\u021bia bugetar\u0103 este at\u00e2t de dificil\u0103 \u00eenc\u00e2t Rom\u00e2nia nu \u00ee\u0219i<br \/>\npermite nici m\u0103car o indexare cu 7% a salariilor din sectorul public anul viitor.<br \/>\n\u201eOrdinea corect\u0103 este alta: mai \u00eent\u00e2i reform\u0103m statul \u2013 reducem institu\u021biile, birocra\u021bia \u0219i<br \/>\ncheltuielile \u0219i facem reforma administrativ-teritorial\u0103. Apoi cre\u0219tem economia \u2013 prin<br \/>\ninvesti\u021bii, capital privat, productivitate \u0219i locuri de munc\u0103 mai bine pl\u0103tite. Abia dup\u0103 aceea<br \/>\nreform\u0103m salarizarea la stat, pe baze corecte, transparente \u0219i sustenabile.<br \/>\nNu sunt \u00eempotriva unei salariz\u0103ri corecte \u00een sectorul public. Performan\u021ba trebuie valorizat\u0103<br \/>\n\u0219i pl\u0103tit\u0103. Dar nu po\u021bi \u00eemp\u0103r\u021bi bani pe care nu \u00eei ai \u0219i s\u0103 nume\u0219ti asta reform\u0103\u201d, conchide<br \/>\nCristina Prun\u0103.<\/div>\n<p>[analyse_source url=&#8221;https:\/\/infotulcea.ro\/romania-pierde-770-de-milioane-de-euro-din-pnrr-dar-nu-putem-creste-salariile-la-stat-cu-bani-pe-care-nu-ii-avem\/&#8221;]<\/p>\n","protected":false},"excerpt":{"rendered":"<p>[analyse_image type=&#8221;featured&#8221; src=&#8221;https:\/\/infotulcea.ro\/wp-content\/uploads\/2021\/11\/bulina.png&#8221;] Home\/Politic\u0103\/USR\/Rom\u00e2nia pierde 770 de milioane de euro din PNRR, dar nu putem cre\u0219te salariile la stat cu bani pe care nu \u00eei avem USR Rom\u00e2nia pierde 770 de milioane de euro din PNRR, dar nu putem cre\u0219te salariile la stat cu bani pe care nu \u00eei avem Redactia27 august 2026 0 66 [&hellip;]<\/p>\n","protected":false},"author":1,"featured_media":0,"comment_status":"open","ping_status":"","sticky":false,"template":"","format":"standard","meta":{"footnotes":""},"categories":[89],"tags":[226,221],"class_list":["post-2115766","post","type-post","status-publish","format-standard","hentry","category-romania","tag-crawlmanager","tag-infotulcea-ro"],"_links":{"self":[{"href":"https:\/\/analyse.optim.biz\/index.php?rest_route=\/wp\/v2\/posts\/2115766","targetHints":{"allow":["GET"]}}],"collection":[{"href":"https:\/\/analyse.optim.biz\/index.php?rest_route=\/wp\/v2\/posts"}],"about":[{"href":"https:\/\/analyse.optim.biz\/index.php?rest_route=\/wp\/v2\/types\/post"}],"author":[{"embeddable":true,"href":"https:\/\/analyse.optim.biz\/index.php?rest_route=\/wp\/v2\/users\/1"}],"replies":[{"embeddable":true,"href":"https:\/\/analyse.optim.biz\/index.php?rest_route=%2Fwp%2Fv2%2Fcomments&post=2115766"}],"version-history":[{"count":0,"href":"https:\/\/analyse.optim.biz\/index.php?rest_route=\/wp\/v2\/posts\/2115766\/revisions"}],"wp:attachment":[{"href":"https:\/\/analyse.optim.biz\/index.php?rest_route=%2Fwp%2Fv2%2Fmedia&parent=2115766"}],"wp:term":[{"taxonomy":"category","embeddable":true,"href":"https:\/\/analyse.optim.biz\/index.php?rest_route=%2Fwp%2Fv2%2Fcategories&post=2115766"},{"taxonomy":"post_tag","embeddable":true,"href":"https:\/\/analyse.optim.biz\/index.php?rest_route=%2Fwp%2Fv2%2Ftags&post=2115766"}],"curies":[{"name":"wp","href":"https:\/\/api.w.org\/{rel}","templated":true}]}}