{"id":2115763,"date":"2026-08-24T15:50:28","date_gmt":"2026-08-24T12:50:28","guid":{"rendered":"https:\/\/analyse.optim.biz\/?p=2115763"},"modified":"2026-08-24T15:50:28","modified_gmt":"2026-08-24T12:50:28","slug":"diana-buzoianu-noi-tinte-pnrr-atinse-pentru-infrastructura-de-apa-si-canalizare","status":"publish","type":"post","link":"https:\/\/analyse.optim.biz\/?p=2115763","title":{"rendered":"Diana Buzoianu: Noi \u021binte PNRR atinse pentru infrastructura de ap\u0103 \u0219i canalizare\u00a0"},"content":{"rendered":"<p>[analyse_image type=&#8221;featured&#8221; src=&#8221;https:\/\/infotulcea.ro\/wp-content\/uploads\/2026\/07\/Diana.jpghttps:\/\/infotulcea.ro\/wp-content\/uploads\/2026\/07\/Diana.jpg&#8221;]<\/p>\n<div id=\"content\" class=\"site-content container\">\n<div id=\"main-content-row\" class=\"tie-row main-content-row\">\n<div class=\"main-content tie-col-md-8 tie-col-xs-12\" role=\"main\">\n<article id=\"the-post\" class=\"container-wrapper post-content tie-standard\">\n<header class=\"entry-header-outer\">\n<nav id=\"breadcrumb\"><a href=\"https:\/\/infotulcea.ro\/\"> Home<\/a><em class=\"delimiter\">\/<\/em><a href=\"https:\/\/infotulcea.ro\/categorie\/politica\/\">Politic\u0103<\/a><em class=\"delimiter\">\/<\/em><a href=\"https:\/\/infotulcea.ro\/categorie\/politica\/usr\/\">USR<\/a><em class=\"delimiter\">\/<\/em><span class=\"current\">Diana Buzoianu: Noi \u021binte PNRR atinse pentru infrastructura de ap\u0103 \u0219i canalizare\u00a0<\/span><\/nav>\n<div class=\"entry-header\"><span class=\"post-cat-wrap\"><a class=\"post-cat tie-cat-248\" href=\"https:\/\/infotulcea.ro\/categorie\/politica\/usr\/\">USR<\/a><\/span><\/p>\n<h1 class=\"post-title entry-title\">\n\t\t\tDiana Buzoianu: Noi \u021binte PNRR atinse pentru infrastructura de ap\u0103 \u0219i canalizare\u00a0\t\t<\/h1>\n<div class=\"single-post-meta post-meta clearfix\"><span class=\"author-meta single-author no-avatars\"><span class=\"meta-item meta-author-wrapper meta-author-9\"><span class=\"meta-author\"><a href=\"https:\/\/infotulcea.ro\/author\/redactia-2\/\" class=\"author-name tie-icon\" title=\"Redactia\">Redactia<\/a><\/span><\/span><\/span><span class=\"date meta-item tie-icon\">24 august 2026<\/span><\/p>\n<div class=\"tie-alignright\"><span class=\"meta-comment tie-icon meta-item fa-before\">0<\/span><span class=\"meta-views meta-item \"> 441 <\/span><span class=\"meta-reading-time meta-item\"> 1 minute read<\/span><\/div>\n<\/div>\n<\/div>\n<\/header>\n<div class=\"entry-content entry clearfix\">\n<p><strong>Ministerul Mediului, Apelor \u0219i P\u0103durilor a \u00eendeplinit \u021binta PNRR privind extinderea<\/strong><br \/><strong>infrastructurii de ap\u0103 \u0219i canalizare pentru aglomer\u0103rile de peste 2.000 de locuitori<\/strong><br \/><strong>echivalen\u021bi. La nivel na\u021bional, au fost finaliza\u021bi \u0219i recep\u021biona\u021bi 297 de kilometri de re\u021bele<\/strong><br \/><strong>de distribu\u021bie a apei \u0219i 947 de kilometri de re\u021bele de canalizare.<\/strong><br \/>\nInvesti\u021biile finan\u021bate \u00een cadrul Componentei C1 \u2013 Managementul apei vizeaz\u0103 at\u00e2t<br \/>\nextinderea re\u021belelor de ap\u0103 \u0219i canalizare \u00een aglomer\u0103rile mai mari de 2.000 de locuitori<br \/>\nechivalen\u021bi, c\u00e2t \u0219i dezvoltarea unor sisteme individuale adecvate pentru colectarea \u0219i<br \/>\ntratarea apelor uzate \u00een aglomer\u0103rile mai mici de 2.000 de locuitori echivalen\u021bi.<br \/>\n\u201eAceste investi\u021bii prin PNRR \u00een infrastructura de ap\u0103 \u00eenseamn\u0103 servicii publice de<source sizes=\"(max-width: 482px) 100vw, 482px\" type=\"image\/webp\" data-srcset=\"https:\/\/infotulcea.ro\/wp-content\/uploads\/2026\/07\/Diana-500x282.jpg.webp 500w, https:\/\/infotulcea.ro\/wp-content\/uploads\/2026\/07\/Diana-768x433.jpg.webp 768w, https:\/\/infotulcea.ro\/wp-content\/uploads\/2026\/07\/Diana-390x220.jpg.webp 390w, https:\/\/infotulcea.ro\/wp-content\/uploads\/2026\/07\/Diana.jpg.webp 780w\" \/><\/p>\n<p><img loading=\"lazy\" decoding=\"async\" class=\" wp-image-40000 alignright\" src=\"https:\/\/infotulcea.ro\/wp-content\/uploads\/2026\/07\/Diana-500x282.jpg\" alt width=\"482\" height=\"272\"><br \/>\ncalitate, comunit\u0103\u021bi mai s\u0103n\u0103toase \u0219i resurse de ap\u0103 mai bine protejate. Extinderea<br \/>\nre\u021belelor de ap\u0103 \u0219i canalizare ne ajut\u0103 s\u0103 reducem decalajele dintre comunit\u0103\u021bi \u0219i s\u0103<br \/>\nfacem pa\u0219i concre\u021bi \u00een procesul de conformare cu standardele europene. \u00cen acela\u0219i timp,<br \/>\nau fost finalizate proiecte pentru colectarea \u0219i tratarea corespunz\u0103toare a apelor uzate,<br \/>\nvitale pentru protejarea mediului \u00eenconjur\u0103tor. \u00cen perioada urm\u0103toare, alte zeci de<br \/>\nastfel de proiecte pentru extinderea \u0219i modernizarea re\u021belelor de ap\u0103 \u0219i canalizare vor fi<br \/>\nfinalizate prin Administra\u021bia Fondului pentru Mediu la nivel na\u021bional. Acum e important<br \/>\nca prim\u0103riile s\u0103 se asigure \u015fi c\u0103 oamenii din acele comunit\u0103\u0163i se racordeaz\u0103 efectiv la<br \/>\nsistemele finalizate, astfel \u00eenc\u00e2t fondurile europene s\u0103 fie real folosite, nu s\u0103 adune<br \/>\npraful proiectele finan\u0163ate\u201d, a subliniat ministra mediului, apelor \u0219i p\u0103durilor, Diana<br \/>\nBuzoianu.<\/p>\n<p>Investi\u021bii \u00een canalizare \u0219i tratarea apelor uzate<br \/>\n\u00cen ceea ce prive\u0219te infrastructura de canalizare destinat\u0103 aglomer\u0103rilor mai mici de 2.000<br \/>\nde locuitori echivalen\u021bi, au fost finaliza\u021bi \u0219i recep\u021biona\u021bi 85 de kilometri de re\u021bele de<br \/>\ncanalizare, iar 10.387 de sisteme individuale adecvate pentru colectarea \u0219i tratarea<br \/>\napelor uzate au fost realizate \u00een cadrul aceleia\u0219i componente dedicate managementului<\/p>\n<p>apei prin Planul Na\u021bional de Redresare \u0219i Rezilien\u021b\u0103, \u00een localit\u0103\u021bile cu mai pu\u021bin de 2.000<br \/>\nde locuitori echivalen\u021bi.<br \/>\nAceste sisteme individuale sunt utilizate \u00een situa\u021biile \u00een care solu\u021biile centralizate de<br \/>\ncanalizare nu sunt fezabile.<br \/>\nInvesti\u021biile urm\u0103resc extinderea sistemelor de alimentare cu ap\u0103 \u0219i canalizare \u00een<br \/>\naglomer\u0103rile prioritizate \u0219i sprijinirea accesului popula\u021biei, \u00een special \u00een zonele care<br \/>\n\u00eenregistreaz\u0103 deficien\u021be de infrastructur\u0103, la servicii publice esen\u021biale.<\/p>\n<\/div>\n<div id=\"post-extra-info\">\n<div class=\"theiaStickySidebar\">\n<div class=\"single-post-meta post-meta clearfix\"><span class=\"author-meta single-author no-avatars\"><span class=\"meta-item meta-author-wrapper meta-author-9\"><span class=\"meta-author\"><a href=\"https:\/\/infotulcea.ro\/author\/redactia-2\/\" class=\"author-name tie-icon\" title=\"Redactia\">Redactia<\/a><\/span><\/span><\/span><span class=\"date meta-item tie-icon\">24 august 2026<\/span><\/p>\n<div class=\"tie-alignright\"><span class=\"meta-comment tie-icon meta-item fa-before\">0<\/span><span class=\"meta-views meta-item \"> 441 <\/span><span class=\"meta-reading-time meta-item\"> 1 minute read<\/span><\/div>\n<\/div>\n<\/div>\n<\/div>\n<div id=\"share-buttons-bottom\" class=\"share-buttons share-buttons-bottom\">\n<div class=\"share-links  icons-only\">\n<div class=\"share-title\"><span> Share<\/span><\/div>\n<p><a href=\"https:\/\/www.facebook.com\/sharer.php?u=https:\/\/infotulcea.ro\/diana-buzoianu-noi-tinte-pnrr-atinse-pentru-infrastructura-de-apa-si-canalizare\/\" rel=\"external noopener nofollow\" title=\"Facebook\" target=\"_blank\" class=\"facebook-share-btn \" data-raw=\"https:\/\/www.facebook.com\/sharer.php?u={post_link}\"><span class=\"screen-reader-text\">Facebook<\/span><\/a><a href=\"https:\/\/twitter.com\/intent\/tweet?text=Diana%20Buzoianu%3A%20Noi%20%C8%9Binte%20PNRR%20atinse%20pentru%20infrastructura%20de%20ap%C4%83%20%C8%99i%20canalizare%C2%A0&amp;url=https:\/\/infotulcea.ro\/diana-buzoianu-noi-tinte-pnrr-atinse-pentru-infrastructura-de-apa-si-canalizare\/\" rel=\"external noopener nofollow\" title=\"X\" target=\"_blank\" class=\"twitter-share-btn \" data-raw=\"https:\/\/twitter.com\/intent\/tweet?text={post_title}&amp;url={post_link}\"><span class=\"screen-reader-text\">X<\/span><\/a><a href=\"https:\/\/api.whatsapp.com\/send?text=Diana%20Buzoianu%3A%20Noi%20%C8%9Binte%20PNRR%20atinse%20pentru%20infrastructura%20de%20ap%C4%83%20%C8%99i%20canalizare%C2%A0%20https:\/\/infotulcea.ro\/diana-buzoianu-noi-tinte-pnrr-atinse-pentru-infrastructura-de-apa-si-canalizare\/\" rel=\"external noopener nofollow\" title=\"WhatsApp\" target=\"_blank\" class=\"whatsapp-share-btn \" data-raw=\"https:\/\/api.whatsapp.com\/send?text={post_title}%20{post_link}\"><span class=\"screen-reader-text\">WhatsApp<\/span><\/a><a href=\"https:\/\/telegram.me\/share\/url?url=https:\/\/infotulcea.ro\/diana-buzoianu-noi-tinte-pnrr-atinse-pentru-infrastructura-de-apa-si-canalizare\/&amp;text=Diana%20Buzoianu%3A%20Noi%20%C8%9Binte%20PNRR%20atinse%20pentru%20infrastructura%20de%20ap%C4%83%20%C8%99i%20canalizare%C2%A0\" rel=\"external noopener nofollow\" title=\"Telegram\" target=\"_blank\" class=\"telegram-share-btn \" data-raw=\"https:\/\/telegram.me\/share\/url?url={post_link}&amp;text={post_title}\"><span class=\"screen-reader-text\">Telegram<\/span><\/a><a href=\"mailto:?subject=Diana%20Buzoianu%3A%20Noi%20%C8%9Binte%20PNRR%20atinse%20pentru%20infrastructura%20de%20ap%C4%83%20%C8%99i%20canalizare%C2%A0&amp;body=https:\/\/infotulcea.ro\/diana-buzoianu-noi-tinte-pnrr-atinse-pentru-infrastructura-de-apa-si-canalizare\/\" rel=\"external noopener nofollow\" title=\"Share via Email\" target=\"_blank\" class=\"email-share-btn \" data-raw=\"mailto:?subject={post_title}&amp;body={post_link}\"><span class=\"screen-reader-text\">Share via Email<\/span><\/a><a href=\"https:\/\/infotulcea.ro\/diana-buzoianu-noi-tinte-pnrr-atinse-pentru-infrastructura-de-apa-si-canalizare\/\" rel=\"external noopener nofollow\" title=\"Print\" target=\"_blank\" class=\"print-share-btn \" data-raw=\"#\"><span class=\"screen-reader-text\">Print<\/span><\/a><\/div>\n<\/div>\n<\/article>\n<div class=\"post-components\">\n<div id=\"related-posts\" class=\"container-wrapper has-extra-post\">\n<div class=\"mag-box-title the-global-title\">\n<h3>Related Articles<\/h3>\n<\/div>\n<div class=\"related-posts-list\">\n<div class=\"related-item tie-standard\"><a aria-label=\"Diana Buzoianu, USR: 1.8 milioane de lei amenzi pentru gropile de gunoi municipale care nu respect\u0103 legea\" href=\"https:\/\/infotulcea.ro\/diana-buzoianu-usr-1-8-milioane-de-lei-amenzi-pentru-gropile-de-gunoi-municipale-care-nu-respecta-legea\/\" class=\"post-thumb\"><source type=\"image\/webp\" data-srcset=\"https:\/\/infotulcea.ro\/wp-content\/uploads\/2025\/07\/diana-b-390x220.jpg.webp\" \/><img loading=\"lazy\" decoding=\"async\" width=\"390\" height=\"220\" src=\"https:\/\/infotulcea.ro\/wp-content\/uploads\/2025\/07\/diana-b-390x220.jpg\" class=\"attachment-jannah-image-large size-jannah-image-large wp-post-image\" alt><\/a><\/p>\n<h3 class=\"post-title\"><a href=\"https:\/\/infotulcea.ro\/diana-buzoianu-usr-1-8-milioane-de-lei-amenzi-pentru-gropile-de-gunoi-municipale-care-nu-respecta-legea\/\">Diana Buzoianu, USR: 1.8 milioane de lei amenzi pentru gropile de gunoi municipale care nu respect\u0103 legea<\/a><\/h3>\n<div class=\"post-meta clearfix\"><span class=\"date meta-item tie-icon\">23 iulie 2025<\/span><\/div>\n<\/div>\n<div class=\"related-item tie-standard\"><a aria-label=\"Ministra Diana Buzoianu: A fost depus \u00een Parlament un proiect de lege cu strategia privind conservarea biodiversit\u0103\u021bii\" href=\"https:\/\/infotulcea.ro\/ministra-diana-buzoianu-a-fost-depus-in-parlament-un-proiect-de-lege-cu-strategia-privind-conservarea-biodiversitatii\/\" class=\"post-thumb\"><source type=\"image\/webp\" data-srcset=\"https:\/\/infotulcea.ro\/wp-content\/uploads\/2026\/07\/Diana-Buzoianu-2026-07-28-at-16.24.46-390x220.jpeg.webp\" \/><img loading=\"lazy\" decoding=\"async\" width=\"390\" height=\"220\" src=\"https:\/\/infotulcea.ro\/wp-content\/uploads\/2026\/07\/Diana-Buzoianu-2026-07-28-at-16.24.46-390x220.jpeg\" class=\"attachment-jannah-image-large size-jannah-image-large wp-post-image\" alt><\/a><\/p>\n<h3 class=\"post-title\"><a href=\"https:\/\/infotulcea.ro\/ministra-diana-buzoianu-a-fost-depus-in-parlament-un-proiect-de-lege-cu-strategia-privind-conservarea-biodiversitatii\/\">Ministra Diana Buzoianu: A fost depus \u00een Parlament un proiect de lege cu strategia privind conservarea biodiversit\u0103\u021bii<\/a><\/h3>\n<div class=\"post-meta clearfix\"><span class=\"date meta-item tie-icon\">28 iulie 2026<\/span><\/div>\n<\/div>\n<div class=\"related-item tie-standard\"><a aria-label=\"Ionu\u021b Mo\u0219teanu, liderul deputa\u021bilor USR: \u201eGuvernul \u0219i ministrul Ap\u0103r\u0103rii trebuie s\u0103 ac\u021bioneze urgent pentru a proteja spa\u021biul aerian al Rom\u00e2niei!\u201d\" href=\"https:\/\/infotulcea.ro\/ionut-mosteanu-liderul-deputatilor-usr-guvernul-si-ministrul-apararii-trebuie-sa-actioneze-urgent-pentru-a-proteja-spatiul-aerian-al-romaniei\/\" class=\"post-thumb\"><source type=\"image\/webp\" data-srcset=\"https:\/\/infotulcea.ro\/wp-content\/uploads\/2024\/09\/usrdrone-390x220.jpg.webp\" \/><img loading=\"lazy\" decoding=\"async\" width=\"390\" height=\"220\" src=\"https:\/\/infotulcea.ro\/wp-content\/uploads\/2024\/09\/usrdrone-390x220.jpg\" class=\"attachment-jannah-image-large size-jannah-image-large wp-post-image\" alt><\/a><\/p>\n<h3 class=\"post-title\"><a href=\"https:\/\/infotulcea.ro\/ionut-mosteanu-liderul-deputatilor-usr-guvernul-si-ministrul-apararii-trebuie-sa-actioneze-urgent-pentru-a-proteja-spatiul-aerian-al-romaniei\/\">Ionu\u021b Mo\u0219teanu, liderul deputa\u021bilor USR: \u201eGuvernul \u0219i ministrul Ap\u0103r\u0103rii trebuie s\u0103 ac\u021bioneze urgent pentru a proteja spa\u021biul aerian al Rom\u00e2niei!\u201d<\/a><\/h3>\n<div class=\"post-meta clearfix\"><span class=\"date meta-item tie-icon\">12 septembrie 2024<\/span><\/div>\n<\/div>\n<div class=\"related-item tie-standard\"><a aria-label=\"Hristos a \u00eenviat! Echipa USR Tulcea v\u0103 dore\u0219te un Pa\u0219te fericit\" href=\"https:\/\/infotulcea.ro\/hristos-a-inviat-echipa-usr-tulcea-va-doreste-un-paste-fericit\/\" class=\"post-thumb\"><source type=\"image\/webp\" data-srcset=\"https:\/\/infotulcea.ro\/wp-content\/uploads\/2026\/04\/usr-390x220.jpg.webp\" \/><img loading=\"lazy\" decoding=\"async\" width=\"390\" height=\"220\" src=\"https:\/\/infotulcea.ro\/wp-content\/uploads\/2026\/04\/usr-390x220.jpg\" class=\"attachment-jannah-image-large size-jannah-image-large wp-post-image\" alt><\/a><\/p>\n<h3 class=\"post-title\"><a href=\"https:\/\/infotulcea.ro\/hristos-a-inviat-echipa-usr-tulcea-va-doreste-un-paste-fericit\/\">Hristos a \u00eenviat! Echipa USR Tulcea v\u0103 dore\u0219te un Pa\u0219te fericit<\/a><\/h3>\n<div class=\"post-meta clearfix\"><span class=\"date meta-item tie-icon\">12 aprilie 2026<\/span><\/div>\n<\/div>\n<\/div>\n<\/div>\n<div id=\"comments\" class=\"comments-area\">\n<div id=\"add-comment-block\" class=\"container-wrapper\">\n<div id=\"respond\" class=\"comment-respond\">\n<h3 id=\"reply-title\" class=\"comment-reply-title the-global-title\">Las\u0103 un r\u0103spuns <small><a rel=\"nofollow\" id=\"cancel-comment-reply-link\" href=\"https:\/\/infotulcea.ro\/diana-buzoianu-noi-tinte-pnrr-atinse-pentru-infrastructura-de-apa-si-canalizare\/#respond\">Anuleaz\u0103 r\u0103spunsul<\/a><\/small><\/h3>\n<p class=\"comment-notes\"><span id=\"email-notes\">Adresa ta de email nu va fi publicat\u0103.<\/span><span class=\"required-field-message\">C\u00e2mpurile obligatorii sunt marcate cu <span class=\"required\">*<\/span><\/span><\/p>\n<\/div>\n<\/div>\n<\/div>\n<\/div>\n<\/div>\n<div id=\"check-also-box\" class=\"container-wrapper check-also-right\">\n<div class=\"widget-title the-global-title\">\n<div class=\"the-subtitle\">Check Also<\/div>\n<p><a href=\"https:\/\/infotulcea.ro\/diana-buzoianu-noi-tinte-pnrr-atinse-pentru-infrastructura-de-apa-si-canalizare\/\" id=\"check-also-close\" class=\"remove\"><span class=\"screen-reader-text\">Close<\/span><\/a><\/div>\n<div class=\"widget posts-list-big-first has-first-big-post\">\n<ul class=\"posts-list-items\">\n<li class=\"widget-single-post-item widget-post-list tie-standard\">\n<div class=\"post-widget-thumbnail\"><a aria-label=\"Elena Lasconi, apel c\u0103tre premier: Demite\u021bi-l pe Rafila!\" href=\"https:\/\/infotulcea.ro\/elena-lasconi-apel-catre-premier-demiteti-l-pe-rafila\/\" class=\"post-thumb\"><span class=\"post-cat-wrap\"><span class=\"post-cat tie-cat-248\">USR<\/span><\/span><source type=\"image\/webp\" data-srcset=\"https:\/\/infotulcea.ro\/wp-content\/uploads\/2024\/09\/apelul-390x220.jpg.webp\" \/><img loading=\"lazy\" decoding=\"async\" width=\"390\" height=\"220\" src=\"https:\/\/infotulcea.ro\/wp-content\/uploads\/2024\/09\/apelul-390x220.jpg\" class=\"attachment-jannah-image-large size-jannah-image-large wp-post-image\" alt><\/a><\/div>\n<div class=\"post-widget-body \"><a class=\"post-title the-subtitle\" href=\"https:\/\/infotulcea.ro\/elena-lasconi-apel-catre-premier-demiteti-l-pe-rafila\/\">Elena Lasconi, apel c\u0103tre premier: Demite\u021bi-l pe Rafila!<\/a><\/p>\n<div class=\"post-meta\"><span class=\"date meta-item tie-icon\">6 septembrie 2024<\/span><\/div>\n<\/div>\n<\/li>\n<\/ul>\n<\/div>\n<\/div>\n<aside class=\"sidebar tie-col-md-4 tie-col-xs-12 normal-side is-sticky\" aria-label=\"Primary Sidebar\">\n<div class=\"theiaStickySidebar\">\n<div id=\"media_image-19\" class=\"container-wrapper widget widget_media_image\"><a href=\"https:\/\/infotulcea.ro\/delta-dunarii-mai-accesibila-navrom-delta-creste-numarul-curselor-regulate-de-la-1-mai-2025\/\"><source sizes=\"(max-width: 500px) 100vw, 500px\" type=\"image\/webp\" data-srcset=\"https:\/\/infotulcea.ro\/wp-content\/uploads\/2025\/04\/navrom-delta-500x271.jpg.webp 500w, https:\/\/infotulcea.ro\/wp-content\/uploads\/2025\/04\/navrom-delta-1024x555.jpg.webp 1024w, https:\/\/infotulcea.ro\/wp-content\/uploads\/2025\/04\/navrom-delta-768x416.jpg.webp 768w, https:\/\/infotulcea.ro\/wp-content\/uploads\/2025\/04\/navrom-delta.jpg.webp 1080w\" \/><img loading=\"lazy\" decoding=\"async\" width=\"500\" height=\"271\" src=\"https:\/\/infotulcea.ro\/wp-content\/uploads\/2025\/04\/navrom-delta-500x271.jpg\" class=\"image wp-image-34487  attachment-medium size-medium\" alt><\/a><\/div>\n<div id=\"media_image-17\" class=\"container-wrapper widget widget_media_image\"><a href=\"https:\/\/www.facebook.com\/share\/p\/1DGAD1tLWN\/?mibextid=wwXIfr\" target=\"_blank\"><source sizes=\"(max-width: 500px) 100vw, 500px\" type=\"image\/webp\" data-srcset=\"https:\/\/infotulcea.ro\/wp-content\/uploads\/2026\/01\/IMG_1563-500x500.jpeg.webp 500w, https:\/\/infotulcea.ro\/wp-content\/uploads\/2026\/01\/IMG_1563-1024x1024.jpeg.webp 1024w, https:\/\/infotulcea.ro\/wp-content\/uploads\/2026\/01\/IMG_1563-250x250.jpeg.webp 250w, https:\/\/infotulcea.ro\/wp-content\/uploads\/2026\/01\/IMG_1563-768x768.jpeg.webp 768w, https:\/\/infotulcea.ro\/wp-content\/uploads\/2026\/01\/IMG_1563.jpeg.webp 1080w\" \/><img loading=\"lazy\" decoding=\"async\" width=\"500\" height=\"500\" src=\"https:\/\/infotulcea.ro\/wp-content\/uploads\/2026\/01\/IMG_1563-500x500.jpeg\" class=\"image wp-image-37932  attachment-medium size-medium\" alt title=\"Centrale pe lemne\"><\/a><\/div>\n<div id=\"media_image-18\" class=\"container-wrapper widget widget_media_image\"><a href=\"https:\/\/www.licitatia.ro\/site\/index-guest\"><img loading=\"lazy\" decoding=\"async\" width=\"500\" height=\"262\" src=\"https:\/\/infotulcea.ro\/wp-content\/uploads\/2025\/09\/licitatia-500x262.png\" class=\"image wp-image-36670  attachment-medium size-medium lazyload\" alt data-max-width=\"500\"><img loading=\"lazy\" decoding=\"async\" width=\"500\" height=\"262\" src=\"https:\/\/infotulcea.ro\/wp-content\/uploads\/2025\/09\/licitatia-500x262.png\" class=\"image wp-image-36670  attachment-medium size-medium\" alt><\/a><\/div>\n<div id=\"media_image-27\" class=\"container-wrapper widget widget_media_image\"><a href=\"https:\/\/www.centrale-lemne-liepsnele.ro\/\"><img loading=\"lazy\" decoding=\"async\" width=\"500\" height=\"500\" src=\"https:\/\/infotulcea.ro\/wp-content\/uploads\/2025\/09\/Centrale-pe-Lemne-Liepsnele-500x500.png\" class=\"image wp-image-36541  attachment-medium size-medium lazyload\" alt=\"Centrala pe lemne\" data-max-width=\"500\"><img loading=\"lazy\" decoding=\"async\" width=\"500\" height=\"500\" src=\"https:\/\/infotulcea.ro\/wp-content\/uploads\/2025\/09\/Centrale-pe-Lemne-Liepsnele-500x500.png\" class=\"image wp-image-36541  attachment-medium size-medium\" alt=\"Centrala pe lemne\"><\/a><\/div>\n<div id=\"media_image-28\" class=\"container-wrapper widget widget_media_image\"><a href=\"https:\/\/infotulcea.ro\/angajeaza-te-ro-platforma-ta-online-de-angajari-si-forta-de-munca\/\"><source sizes=\"(max-width: 500px) 100vw, 500px\" type=\"image\/webp\" data-srcset=\"https:\/\/infotulcea.ro\/wp-content\/uploads\/2025\/04\/banner-angajazate-1-500x305.jpg.webp 500w, https:\/\/infotulcea.ro\/wp-content\/uploads\/2025\/04\/banner-angajazate-1-1024x625.jpg.webp 1024w, https:\/\/infotulcea.ro\/wp-content\/uploads\/2025\/04\/banner-angajazate-1-768x469.jpg.webp 768w, https:\/\/infotulcea.ro\/wp-content\/uploads\/2025\/04\/banner-angajazate-1.jpg.webp 1080w\" \/><img loading=\"lazy\" decoding=\"async\" width=\"500\" height=\"305\" src=\"https:\/\/infotulcea.ro\/wp-content\/uploads\/2025\/04\/banner-angajazate-1-500x305.jpg\" class=\"image wp-image-34317  attachment-medium size-medium\" alt><\/a><\/div>\n<\/div>\n<\/aside>\n<\/div>\n<\/div>\n<div class=\"entry-content entry clearfix\">\n<p><strong>Ministerul Mediului, Apelor \u0219i P\u0103durilor a \u00eendeplinit \u021binta PNRR privind extinderea<\/strong><br \/><strong>infrastructurii de ap\u0103 \u0219i canalizare pentru aglomer\u0103rile de peste 2.000 de locuitori<\/strong><br \/><strong>echivalen\u021bi. La nivel na\u021bional, au fost finaliza\u021bi \u0219i recep\u021biona\u021bi 297 de kilometri de re\u021bele<\/strong><br \/><strong>de distribu\u021bie a apei \u0219i 947 de kilometri de re\u021bele de canalizare.<\/strong><br \/>\nInvesti\u021biile finan\u021bate \u00een cadrul Componentei C1 \u2013 Managementul apei vizeaz\u0103 at\u00e2t<br \/>\nextinderea re\u021belelor de ap\u0103 \u0219i canalizare \u00een aglomer\u0103rile mai mari de 2.000 de locuitori<br \/>\nechivalen\u021bi, c\u00e2t \u0219i dezvoltarea unor sisteme individuale adecvate pentru colectarea \u0219i<br \/>\ntratarea apelor uzate \u00een aglomer\u0103rile mai mici de 2.000 de locuitori echivalen\u021bi.<br \/>\n\u201eAceste investi\u021bii prin PNRR \u00een infrastructura de ap\u0103 \u00eenseamn\u0103 servicii publice de<source sizes=\"(max-width: 482px) 100vw, 482px\" type=\"image\/webp\" data-srcset=\"https:\/\/infotulcea.ro\/wp-content\/uploads\/2026\/07\/Diana-500x282.jpg.webp 500w, https:\/\/infotulcea.ro\/wp-content\/uploads\/2026\/07\/Diana-768x433.jpg.webp 768w, https:\/\/infotulcea.ro\/wp-content\/uploads\/2026\/07\/Diana-390x220.jpg.webp 390w, https:\/\/infotulcea.ro\/wp-content\/uploads\/2026\/07\/Diana.jpg.webp 780w\" \/><\/p>\n<p><img loading=\"lazy\" decoding=\"async\" class=\" wp-image-40000 alignright\" src=\"https:\/\/infotulcea.ro\/wp-content\/uploads\/2026\/07\/Diana-500x282.jpg\" alt width=\"482\" height=\"272\"><br \/>\ncalitate, comunit\u0103\u021bi mai s\u0103n\u0103toase \u0219i resurse de ap\u0103 mai bine protejate. Extinderea<br \/>\nre\u021belelor de ap\u0103 \u0219i canalizare ne ajut\u0103 s\u0103 reducem decalajele dintre comunit\u0103\u021bi \u0219i s\u0103<br \/>\nfacem pa\u0219i concre\u021bi \u00een procesul de conformare cu standardele europene. \u00cen acela\u0219i timp,<br \/>\nau fost finalizate proiecte pentru colectarea \u0219i tratarea corespunz\u0103toare a apelor uzate,<br \/>\nvitale pentru protejarea mediului \u00eenconjur\u0103tor. \u00cen perioada urm\u0103toare, alte zeci de<br \/>\nastfel de proiecte pentru extinderea \u0219i modernizarea re\u021belelor de ap\u0103 \u0219i canalizare vor fi<br \/>\nfinalizate prin Administra\u021bia Fondului pentru Mediu la nivel na\u021bional. Acum e important<br \/>\nca prim\u0103riile s\u0103 se asigure \u015fi c\u0103 oamenii din acele comunit\u0103\u0163i se racordeaz\u0103 efectiv la<br \/>\nsistemele finalizate, astfel \u00eenc\u00e2t fondurile europene s\u0103 fie real folosite, nu s\u0103 adune<br \/>\npraful proiectele finan\u0163ate\u201d, a subliniat ministra mediului, apelor \u0219i p\u0103durilor, Diana<br \/>\nBuzoianu.<\/p>\n<p>Investi\u021bii \u00een canalizare \u0219i tratarea apelor uzate<br \/>\n\u00cen ceea ce prive\u0219te infrastructura de canalizare destinat\u0103 aglomer\u0103rilor mai mici de 2.000<br \/>\nde locuitori echivalen\u021bi, au fost finaliza\u021bi \u0219i recep\u021biona\u021bi 85 de kilometri de re\u021bele de<br \/>\ncanalizare, iar 10.387 de sisteme individuale adecvate pentru colectarea \u0219i tratarea<br \/>\napelor uzate au fost realizate \u00een cadrul aceleia\u0219i componente dedicate managementului<\/p>\n<p>apei prin Planul Na\u021bional de Redresare \u0219i Rezilien\u021b\u0103, \u00een localit\u0103\u021bile cu mai pu\u021bin de 2.000<br \/>\nde locuitori echivalen\u021bi.<br \/>\nAceste sisteme individuale sunt utilizate \u00een situa\u021biile \u00een care solu\u021biile centralizate de<br \/>\ncanalizare nu sunt fezabile.<br \/>\nInvesti\u021biile urm\u0103resc extinderea sistemelor de alimentare cu ap\u0103 \u0219i canalizare \u00een<br \/>\naglomer\u0103rile prioritizate \u0219i sprijinirea accesului popula\u021biei, \u00een special \u00een zonele care<br \/>\n\u00eenregistreaz\u0103 deficien\u021be de infrastructur\u0103, la servicii publice esen\u021biale.<\/p>\n<\/div>\n<div class=\"articleBody\" data-key=\"articleBody\">Ministerul Mediului, Apelor \u0219i P\u0103durilor a \u00eendeplinit \u021binta PNRR privind extinderea<br \/>\ninfrastructurii de ap\u0103 \u0219i canalizare pentru aglomer\u0103rile de peste 2.000 de locuitori<br \/>\nechivalen\u021bi. La nivel na\u021bional, au fost finaliza\u021bi \u0219i recep\u021biona\u021bi 297 de kilometri de re\u021bele<br \/>\nde distribu\u021bie a apei \u0219i 947 de kilometri de re\u021bele de canalizare.<br \/>\nInvesti\u021biile finan\u021bate \u00een cadrul Componentei C1 \u2013 Managementul apei vizeaz\u0103 at\u00e2t<br \/>\nextinderea re\u021belelor de ap\u0103 \u0219i canalizare \u00een aglomer\u0103rile mai mari de 2.000 de locuitori<br \/>\nechivalen\u021bi, c\u00e2t \u0219i dezvoltarea unor sisteme individuale adecvate pentru colectarea \u0219i<br \/>\ntratarea apelor uzate \u00een aglomer\u0103rile mai mici de 2.000 de locuitori echivalen\u021bi.<br \/>\n\u201eAceste investi\u021bii prin PNRR \u00een infrastructura de ap\u0103 \u00eenseamn\u0103 servicii publice de<br \/>\ncalitate, comunit\u0103\u021bi mai s\u0103n\u0103toase \u0219i resurse de ap\u0103 mai bine protejate. Extinderea<br \/>\nre\u021belelor de ap\u0103 \u0219i canalizare ne ajut\u0103 s\u0103 reducem decalajele dintre comunit\u0103\u021bi \u0219i s\u0103<br \/>\nfacem pa\u0219i concre\u021bi \u00een procesul de conformare cu standardele europene. \u00cen acela\u0219i timp,<br \/>\nau fost finalizate proiecte pentru colectarea \u0219i tratarea corespunz\u0103toare a apelor uzate,<br \/>\nvitale pentru protejarea mediului \u00eenconjur\u0103tor. \u00cen perioada urm\u0103toare, alte zeci de<br \/>\nastfel de proiecte pentru extinderea \u0219i modernizarea re\u021belelor de ap\u0103 \u0219i canalizare vor fi<br \/>\nfinalizate prin Administra\u021bia Fondului pentru Mediu la nivel na\u021bional. Acum e important<br \/>\nca prim\u0103riile s\u0103 se asigure \u015fi c\u0103 oamenii din acele comunit\u0103\u0163i se racordeaz\u0103 efectiv la<br \/>\nsistemele finalizate, astfel \u00eenc\u00e2t fondurile europene s\u0103 fie real folosite, nu s\u0103 adune<br \/>\npraful proiectele finan\u0163ate\u201d, a subliniat ministra mediului, apelor \u0219i p\u0103durilor, Diana<br \/>\nBuzoianu.<\/p>\n<p>Investi\u021bii \u00een canalizare \u0219i tratarea apelor uzate<br \/>\n\u00cen ceea ce prive\u0219te infrastructura de canalizare destinat\u0103 aglomer\u0103rilor mai mici de 2.000<br \/>\nde locuitori echivalen\u021bi, au fost finaliza\u021bi \u0219i recep\u021biona\u021bi 85 de kilometri de re\u021bele de<br \/>\ncanalizare, iar 10.387 de sisteme individuale adecvate pentru colectarea \u0219i tratarea<br \/>\napelor uzate au fost realizate \u00een cadrul aceleia\u0219i componente dedicate managementului<\/p>\n<p>apei prin Planul Na\u021bional de Redresare \u0219i Rezilien\u021b\u0103, \u00een localit\u0103\u021bile cu mai pu\u021bin de 2.000<br \/>\nde locuitori echivalen\u021bi.<br \/>\nAceste sisteme individuale sunt utilizate \u00een situa\u021biile \u00een care solu\u021biile centralizate de<br \/>\ncanalizare nu sunt fezabile.<br \/>\nInvesti\u021biile urm\u0103resc extinderea sistemelor de alimentare cu ap\u0103 \u0219i canalizare \u00een<br \/>\naglomer\u0103rile prioritizate \u0219i sprijinirea accesului popula\u021biei, \u00een special \u00een zonele care<br \/>\n\u00eenregistreaz\u0103 deficien\u021be de infrastructur\u0103, la servicii publice esen\u021biale.<\/p><\/div>\n<p>[analyse_source url=&#8221;https:\/\/infotulcea.ro\/diana-buzoianu-noi-tinte-pnrr-atinse-pentru-infrastructura-de-apa-si-canalizare\/&#8221;]<\/p>\n","protected":false},"excerpt":{"rendered":"<p>[analyse_image type=&#8221;featured&#8221; src=&#8221;https:\/\/infotulcea.ro\/wp-content\/uploads\/2026\/07\/Diana.jpghttps:\/\/infotulcea.ro\/wp-content\/uploads\/2026\/07\/Diana.jpg&#8221;] Home\/Politic\u0103\/USR\/Diana Buzoianu: Noi \u021binte PNRR atinse pentru infrastructura de ap\u0103 \u0219i canalizare\u00a0 USR Diana Buzoianu: Noi \u021binte PNRR atinse pentru infrastructura de ap\u0103 \u0219i canalizare\u00a0 Redactia24 august 2026 0 441 1 minute read Ministerul Mediului, Apelor \u0219i P\u0103durilor a \u00eendeplinit \u021binta PNRR privind extindereainfrastructurii de ap\u0103 \u0219i canalizare pentru aglomer\u0103rile de peste [&hellip;]<\/p>\n","protected":false},"author":1,"featured_media":0,"comment_status":"open","ping_status":"","sticky":false,"template":"","format":"standard","meta":{"footnotes":""},"categories":[89],"tags":[226,221],"class_list":["post-2115763","post","type-post","status-publish","format-standard","hentry","category-romania","tag-crawlmanager","tag-infotulcea-ro"],"_links":{"self":[{"href":"https:\/\/analyse.optim.biz\/index.php?rest_route=\/wp\/v2\/posts\/2115763","targetHints":{"allow":["GET"]}}],"collection":[{"href":"https:\/\/analyse.optim.biz\/index.php?rest_route=\/wp\/v2\/posts"}],"about":[{"href":"https:\/\/analyse.optim.biz\/index.php?rest_route=\/wp\/v2\/types\/post"}],"author":[{"embeddable":true,"href":"https:\/\/analyse.optim.biz\/index.php?rest_route=\/wp\/v2\/users\/1"}],"replies":[{"embeddable":true,"href":"https:\/\/analyse.optim.biz\/index.php?rest_route=%2Fwp%2Fv2%2Fcomments&post=2115763"}],"version-history":[{"count":0,"href":"https:\/\/analyse.optim.biz\/index.php?rest_route=\/wp\/v2\/posts\/2115763\/revisions"}],"wp:attachment":[{"href":"https:\/\/analyse.optim.biz\/index.php?rest_route=%2Fwp%2Fv2%2Fmedia&parent=2115763"}],"wp:term":[{"taxonomy":"category","embeddable":true,"href":"https:\/\/analyse.optim.biz\/index.php?rest_route=%2Fwp%2Fv2%2Fcategories&post=2115763"},{"taxonomy":"post_tag","embeddable":true,"href":"https:\/\/analyse.optim.biz\/index.php?rest_route=%2Fwp%2Fv2%2Ftags&post=2115763"}],"curies":[{"name":"wp","href":"https:\/\/api.w.org\/{rel}","templated":true}]}}