{"id":2115760,"date":"2026-08-22T10:19:22","date_gmt":"2026-08-22T07:19:22","guid":{"rendered":"https:\/\/analyse.optim.biz\/?p=2115760"},"modified":"2026-08-22T10:19:22","modified_gmt":"2026-08-22T07:19:22","slug":"diana-buzoianu-romania-a-indeplinit-si-depasit-tinta-pnrr-5091-insule-ecologice-au-fost-finalizate-la-nivel-national","status":"publish","type":"post","link":"https:\/\/analyse.optim.biz\/?p=2115760","title":{"rendered":"Diana Buzoianu: Rom\u00e2nia a \u00eendeplinit \u0219i dep\u0103\u0219it \u021binta PNRR: 5091 insule ecologice au fost finalizate la nivel na\u021bional"},"content":{"rendered":"<p>[analyse_image type=&#8221;featured&#8221; src=&#8221;https:\/\/infotulcea.ro\/wp-content\/uploads\/2026\/07\/Diana-Buzoianu-2026-07-28-at-16.24.46.jpeghttps:\/\/infotulcea.ro\/wp-content\/uploads\/2026\/07\/Diana-Buzoianu-2026-07-28-at-16.24.46.jpeg&#8221;]<\/p>\n<div id=\"content\" class=\"site-content container\">\n<div id=\"main-content-row\" class=\"tie-row main-content-row\">\n<div class=\"main-content tie-col-md-8 tie-col-xs-12\" role=\"main\">\n<article id=\"the-post\" class=\"container-wrapper post-content tie-standard\">\n<header class=\"entry-header-outer\">\n<nav id=\"breadcrumb\"><a href=\"https:\/\/infotulcea.ro\/\"> Home<\/a><em class=\"delimiter\">\/<\/em><a href=\"https:\/\/infotulcea.ro\/categorie\/politica\/\">Politic\u0103<\/a><em class=\"delimiter\">\/<\/em><a href=\"https:\/\/infotulcea.ro\/categorie\/politica\/usr\/\">USR<\/a><em class=\"delimiter\">\/<\/em><span class=\"current\">Diana Buzoianu: Rom\u00e2nia a \u00eendeplinit \u0219i dep\u0103\u0219it \u021binta PNRR: 5091 insule ecologice au fost finalizate la nivel na\u021bional<\/span><\/nav>\n<div class=\"entry-header\"><span class=\"post-cat-wrap\"><a class=\"post-cat tie-cat-248\" href=\"https:\/\/infotulcea.ro\/categorie\/politica\/usr\/\">USR<\/a><\/span><\/p>\n<h1 class=\"post-title entry-title\">\n\t\t\tDiana Buzoianu: Rom\u00e2nia a \u00eendeplinit \u0219i dep\u0103\u0219it \u021binta PNRR: 5091 insule ecologice au fost finalizate la nivel na\u021bional\t\t<\/h1>\n<div class=\"single-post-meta post-meta clearfix\"><span class=\"author-meta single-author no-avatars\"><span class=\"meta-item meta-author-wrapper meta-author-9\"><span class=\"meta-author\"><a href=\"https:\/\/infotulcea.ro\/author\/redactia-2\/\" class=\"author-name tie-icon\" title=\"Redactia\">Redactia<\/a><\/span><\/span><\/span><span class=\"date meta-item tie-icon\">22 august 2026<\/span><\/p>\n<div class=\"tie-alignright\"><span class=\"meta-comment tie-icon meta-item fa-before\">0<\/span><span class=\"meta-views meta-item \"> 627 <\/span><span class=\"meta-reading-time meta-item\"> 1 minute read<\/span><\/div>\n<\/div>\n<\/div>\n<\/header>\n<div class=\"entry-content entry clearfix\">\n<p><strong>Ministerul Mediului, Apelor \u0219i P\u0103durilor a \u00eendeplinit jalonul PNRR privind insulele ecologice<\/strong><br \/><strong>digitalizate. La nivel na\u021bional, prin Planul Na\u021bional de Redresare, au fost finalizate 5091<\/strong><br \/><strong>insule ecologice, fa\u021b\u0103 de \u021binta de 5000 stabilit\u0103. Bugetul total al investi\u021biei este de 72,75<\/strong><br \/><strong>milioane euro.<\/strong><br \/>\nAceste insule ecologice sunt sisteme prin care se vor gestiona \u0219i colecta separat de\u0219euri de<br \/>\nh\u00e2rtie \u0219i carton, de\u0219euri de plastic \u0219i metal, de\u0219euri de sticl\u0103, de\u0219euri biodegradabile,<br \/>\nde\u0219euri reziduale.<br \/>\n\u201ePunerea \u00een func\u021biune a acestor mii de insule \u00een Rom\u00e2nia contribuie la modernizarea<source sizes=\"(max-width: 471px) 100vw, 471px\" type=\"image\/webp\" data-srcset=\"https:\/\/infotulcea.ro\/wp-content\/uploads\/2026\/07\/Diana-Buzoianu-2026-07-28-at-16.24.46-500x341.jpeg.webp 500w, https:\/\/infotulcea.ro\/wp-content\/uploads\/2026\/07\/Diana-Buzoianu-2026-07-28-at-16.24.46-768x524.jpeg.webp 768w, https:\/\/infotulcea.ro\/wp-content\/uploads\/2026\/07\/Diana-Buzoianu-2026-07-28-at-16.24.46-220x150.jpeg.webp 220w, https:\/\/infotulcea.ro\/wp-content\/uploads\/2026\/07\/Diana-Buzoianu-2026-07-28-at-16.24.46.jpeg.webp 791w\" \/><\/p>\n<p><img loading=\"lazy\" decoding=\"async\" class=\" wp-image-40257 alignright\" src=\"https:\/\/infotulcea.ro\/wp-content\/uploads\/2026\/07\/Diana-Buzoianu-2026-07-28-at-16.24.46-500x341.jpeg\" alt width=\"471\" height=\"321\"><br \/>\ninfrastructurii de gestionare a de\u0219eurilor. Iat\u0103 c\u0103 am reu\u0219it, prin Planul Na\u021bional de<br \/>\nRedresare \u0219i Rezilien\u021b\u0103, s\u0103 dep\u0103\u0219im \u021binta de 5000 de insule \u0219i s\u0103 ajut\u0103m rom\u00e2nii s\u0103 fac\u0103<br \/>\nmai facil tranzi\u021bia la economia circular\u0103. Dincolo de proiecte \u0219i finan\u021b\u0103ri, economia<br \/>\ncircular\u0103 se construie\u0219te prin colaborarea dintre autorit\u0103\u021bi, mediul privat \u0219i cet\u0103\u021beni.<br \/>\nAceste insule au capacit\u0103\u021bi de gestionare a celor 5 frac\u021bii de de\u0219euri: biodegradabil,<br \/>\nrezidual, sticl\u0103, plastic \u0219i metal, h\u00e2rtie \u0219i carton \u0219i vor contribui la un mediu mai curat \u00een<br \/>\ncomunit\u0103\u021bile unde vor func\u021biona\u201d, a subliniat ministra mediului, apelor \u0219i p\u0103durilor, Diana<br \/>\nBuzoianu.<br \/>\nBeneficiarii eligibili care au putut depune proiecte sunt: unit\u0103\u021bile administrativ\u2013teritoriale,<br \/>\nAsocia\u021biile de dezvoltare intercomunitar\u0103 (ADI \u2013 uri), alte asocieri de UAT-uri.<br \/>\nInsulele ecologice digitalizate au fost instalate \u00een 36 de jude\u021be din Rom\u00e2nia. Bac\u0103u, Bihor,<br \/>\nArad, Cluj, Constan\u021ba sunt jude\u021bele cu cele mai multe astfel de instala\u021bii moderne de<br \/>\nreciclare a de\u0219eurilor.<br \/>\n\u00cen cadrul investi\u021biei, beneficiarii au putut aplica pentru 3 tipuri de instala\u021bii moderne de<br \/>\nreciclare a de\u0219eurilor: insule supraterane \u00eencasetate cu containere de 1,1 metri cubi,<br \/>\ninsule supraterane cu containere individuale, insule subterane cu containere individuale.<br \/>\nInsulele ecologice digitalizate subterane func\u0163ioneaz\u0103 eficient \u00een zone turistice, \u00een zonele<br \/>\nurbane, unde nu pot fi amplasate celelalte tipuri de containere.<br \/>\nPe l\u00e2ng\u0103 activit\u0103\u021bile specifice pentru \u00eenfiin\u021barea \u0219i dotarea insulelelor ecologice<br \/>\ndigitalizate, au fost finan\u021bate \u0219i ac\u021biuni specifice pentru dezvoltarea platformei software<br \/>\nnecesar\u0103 oper\u0103rii acestora \u0219i administr\u0103rii datelor, ac\u021biuni specifice de promovare a<br \/>\ninvesti\u021biilor, precum \u0219i pentru promovarea principiului \u201epl\u0103te\u0219te pentru c\u00e2t arunci\u201d.\n<\/div>\n<div id=\"post-extra-info\">\n<div class=\"theiaStickySidebar\">\n<div class=\"single-post-meta post-meta clearfix\"><span class=\"author-meta single-author no-avatars\"><span class=\"meta-item meta-author-wrapper meta-author-9\"><span class=\"meta-author\"><a href=\"https:\/\/infotulcea.ro\/author\/redactia-2\/\" class=\"author-name tie-icon\" title=\"Redactia\">Redactia<\/a><\/span><\/span><\/span><span class=\"date meta-item tie-icon\">22 august 2026<\/span><\/p>\n<div class=\"tie-alignright\"><span class=\"meta-comment tie-icon meta-item fa-before\">0<\/span><span class=\"meta-views meta-item \"> 627 <\/span><span class=\"meta-reading-time meta-item\"> 1 minute read<\/span><\/div>\n<\/div>\n<\/div>\n<\/div>\n<div id=\"share-buttons-bottom\" class=\"share-buttons share-buttons-bottom\">\n<div class=\"share-links  icons-only\">\n<div class=\"share-title\"><span> Share<\/span><\/div>\n<p><a href=\"https:\/\/www.facebook.com\/sharer.php?u=https:\/\/infotulcea.ro\/diana-buzoianu-romania-a-indeplinit-si-depasit-tinta-pnrr-5091-insule-ecologice-au-fost-finalizate-la-nivel-national\/\" rel=\"external noopener nofollow\" title=\"Facebook\" target=\"_blank\" class=\"facebook-share-btn \" data-raw=\"https:\/\/www.facebook.com\/sharer.php?u={post_link}\"><span class=\"screen-reader-text\">Facebook<\/span><\/a><a href=\"https:\/\/twitter.com\/intent\/tweet?text=Diana%20Buzoianu%3A%20Rom%C3%A2nia%20a%20%C3%AEndeplinit%20%C8%99i%20dep%C4%83%C8%99it%20%C8%9Binta%20PNRR%3A%205091%20insule%20ecologice%20au%20fost%20finalizate%20la%20nivel%20na%C8%9Bional&amp;url=https:\/\/infotulcea.ro\/diana-buzoianu-romania-a-indeplinit-si-depasit-tinta-pnrr-5091-insule-ecologice-au-fost-finalizate-la-nivel-national\/\" rel=\"external noopener nofollow\" title=\"X\" target=\"_blank\" class=\"twitter-share-btn \" data-raw=\"https:\/\/twitter.com\/intent\/tweet?text={post_title}&amp;url={post_link}\"><span class=\"screen-reader-text\">X<\/span><\/a><a href=\"https:\/\/api.whatsapp.com\/send?text=Diana%20Buzoianu%3A%20Rom%C3%A2nia%20a%20%C3%AEndeplinit%20%C8%99i%20dep%C4%83%C8%99it%20%C8%9Binta%20PNRR%3A%205091%20insule%20ecologice%20au%20fost%20finalizate%20la%20nivel%20na%C8%9Bional%20https:\/\/infotulcea.ro\/diana-buzoianu-romania-a-indeplinit-si-depasit-tinta-pnrr-5091-insule-ecologice-au-fost-finalizate-la-nivel-national\/\" rel=\"external noopener nofollow\" title=\"WhatsApp\" target=\"_blank\" class=\"whatsapp-share-btn \" data-raw=\"https:\/\/api.whatsapp.com\/send?text={post_title}%20{post_link}\"><span class=\"screen-reader-text\">WhatsApp<\/span><\/a><a href=\"https:\/\/telegram.me\/share\/url?url=https:\/\/infotulcea.ro\/diana-buzoianu-romania-a-indeplinit-si-depasit-tinta-pnrr-5091-insule-ecologice-au-fost-finalizate-la-nivel-national\/&amp;text=Diana%20Buzoianu%3A%20Rom%C3%A2nia%20a%20%C3%AEndeplinit%20%C8%99i%20dep%C4%83%C8%99it%20%C8%9Binta%20PNRR%3A%205091%20insule%20ecologice%20au%20fost%20finalizate%20la%20nivel%20na%C8%9Bional\" rel=\"external noopener nofollow\" title=\"Telegram\" target=\"_blank\" class=\"telegram-share-btn \" data-raw=\"https:\/\/telegram.me\/share\/url?url={post_link}&amp;text={post_title}\"><span class=\"screen-reader-text\">Telegram<\/span><\/a><a href=\"mailto:?subject=Diana%20Buzoianu%3A%20Rom%C3%A2nia%20a%20%C3%AEndeplinit%20%C8%99i%20dep%C4%83%C8%99it%20%C8%9Binta%20PNRR%3A%205091%20insule%20ecologice%20au%20fost%20finalizate%20la%20nivel%20na%C8%9Bional&amp;body=https:\/\/infotulcea.ro\/diana-buzoianu-romania-a-indeplinit-si-depasit-tinta-pnrr-5091-insule-ecologice-au-fost-finalizate-la-nivel-national\/\" rel=\"external noopener nofollow\" title=\"Share via Email\" target=\"_blank\" class=\"email-share-btn \" data-raw=\"mailto:?subject={post_title}&amp;body={post_link}\"><span class=\"screen-reader-text\">Share via Email<\/span><\/a><a href=\"https:\/\/infotulcea.ro\/diana-buzoianu-romania-a-indeplinit-si-depasit-tinta-pnrr-5091-insule-ecologice-au-fost-finalizate-la-nivel-national\/\" rel=\"external noopener nofollow\" title=\"Print\" target=\"_blank\" class=\"print-share-btn \" data-raw=\"#\"><span class=\"screen-reader-text\">Print<\/span><\/a><\/div>\n<\/div>\n<\/article>\n<div class=\"post-components\">\n<div id=\"related-posts\" class=\"container-wrapper has-extra-post\">\n<div class=\"mag-box-title the-global-title\">\n<h3>Related Articles<\/h3>\n<\/div>\n<div class=\"related-posts-list\">\n<div class=\"related-item tie-standard\"><a aria-label=\"(Video) Violeta Alexandru, deputat USR: ,,Infla\u021bia este complet sc\u0103pat\u0103 de sub control\u201c\" href=\"https:\/\/infotulcea.ro\/video-violeta-alexandru-deputat-usr-inflatia-este-complet-scapata-de-sub-control\/\" class=\"post-thumb\"><source sizes=\"(max-width: 390px) 100vw, 390px\" type=\"image\/webp\" data-srcset=\"https:\/\/infotulcea.ro\/wp-content\/uploads\/2024\/11\/c2cebf7c-56a6-4bad-8108-98b29b2d686a-390x220.jpeg.webp 390w, https:\/\/infotulcea.ro\/wp-content\/uploads\/2024\/11\/c2cebf7c-56a6-4bad-8108-98b29b2d686a-1024x581.jpeg.webp 1024w, https:\/\/infotulcea.ro\/wp-content\/uploads\/2024\/11\/c2cebf7c-56a6-4bad-8108-98b29b2d686a-768x436.jpeg.webp 768w, https:\/\/infotulcea.ro\/wp-content\/uploads\/2024\/11\/c2cebf7c-56a6-4bad-8108-98b29b2d686a.jpeg.webp 1125w\" \/><img loading=\"lazy\" decoding=\"async\" width=\"390\" height=\"220\" src=\"https:\/\/infotulcea.ro\/wp-content\/uploads\/2024\/11\/c2cebf7c-56a6-4bad-8108-98b29b2d686a-390x220.jpeg\" class=\"attachment-jannah-image-large size-jannah-image-large wp-post-image\" alt><\/a><\/p>\n<h3 class=\"post-title\"><a href=\"https:\/\/infotulcea.ro\/video-violeta-alexandru-deputat-usr-inflatia-este-complet-scapata-de-sub-control\/\">(Video) Violeta Alexandru, deputat USR: ,,Infla\u021bia este complet sc\u0103pat\u0103 de sub control\u201c<\/a><\/h3>\n<div class=\"post-meta clearfix\"><span class=\"date meta-item tie-icon\">17 noiembrie 2024<\/span><\/div>\n<\/div>\n<div class=\"related-item tie-standard\"><a aria-label=\"Prefectul jude\u021bului Tulcea solicit\u0103 interven\u021bia Corpului de Control al Prim-ministrului pentru verificarea activit\u0103\u021bilor agricole din Rezerva\u021bia Biosferei Delta Dun\u0103rii\" href=\"https:\/\/infotulcea.ro\/prefectul-judetului-tulcea-solicita-interventia-corpului-de-control-al-prim-ministrului-pentru-verificarea-activitatilor-agricole-din-rezervatia-biosferei-delta-dunarii\/\" class=\"post-thumb\"><img loading=\"lazy\" decoding=\"async\" width=\"390\" height=\"220\" src=\"https:\/\/infotulcea.ro\/wp-content\/uploads\/2026\/07\/eugen-terente-768x630.jpg-390x220.webp\" class=\"attachment-jannah-image-large size-jannah-image-large wp-post-image lazyload\" alt><img loading=\"lazy\" decoding=\"async\" width=\"390\" height=\"220\" src=\"https:\/\/infotulcea.ro\/wp-content\/uploads\/2026\/07\/eugen-terente-768x630.jpg-390x220.webp\" class=\"attachment-jannah-image-large size-jannah-image-large wp-post-image\" alt><\/a><\/p>\n<h3 class=\"post-title\"><a href=\"https:\/\/infotulcea.ro\/prefectul-judetului-tulcea-solicita-interventia-corpului-de-control-al-prim-ministrului-pentru-verificarea-activitatilor-agricole-din-rezervatia-biosferei-delta-dunarii\/\">Prefectul jude\u021bului Tulcea solicit\u0103 interven\u021bia Corpului de Control al Prim-ministrului pentru verificarea activit\u0103\u021bilor agricole din Rezerva\u021bia Biosferei Delta Dun\u0103rii<\/a><\/h3>\n<div class=\"post-meta clearfix\"><span class=\"date meta-item tie-icon\">31 iulie 2026<\/span><\/div>\n<\/div>\n<div class=\"related-item tie-standard\">\n<h3 class=\"post-title\"><a href=\"https:\/\/infotulcea.ro\/ministrul-radu-miruta-raspunde-punctual-dezinformarilor-din-ultimele-zile-o-parte-dintre-cei-care-se-declara-suveranisti-sunt-mai-deranjati-ca-armata-romana-si-a-facut-datoria-de\/\">Ministrul Radu Miru\u021b\u0103 r\u0103spunde punctual dezinform\u0103rilor din ultimele zile. \u201eO parte dintre cei care se declar\u0103 \u00absuverani\u0219ti\u00bb sunt mai deranja\u021bi c\u0103 Armata Rom\u00e2n\u0103 \u0219i-a f\u0103cut datoria dec\u00e2t de faptul c\u0103 drone ruse\u0219ti au \u00eenc\u0103lcat spa\u021biul nostru aerian\u201d<\/a><\/h3>\n<div class=\"post-meta clearfix\"><span class=\"date meta-item tie-icon\">25 iulie 2026<\/span><\/div>\n<\/div>\n<div class=\"related-item tie-standard\"><a aria-label=\"Eugen Terente, pre\u0219edintele USR Tulcea, v\u0103 ureaz\u0103 Cr\u0103ciun fericit!\" href=\"https:\/\/infotulcea.ro\/eugen-terente-presedintele-usr-tulcea-va-ureaza-craciun-fericit\/\" class=\"post-thumb\"><source type=\"image\/webp\" data-srcset=\"https:\/\/infotulcea.ro\/wp-content\/uploads\/2025\/12\/usr-390x220.jpg.webp\" \/><img loading=\"lazy\" decoding=\"async\" width=\"390\" height=\"220\" src=\"https:\/\/infotulcea.ro\/wp-content\/uploads\/2025\/12\/usr-390x220.jpg\" class=\"attachment-jannah-image-large size-jannah-image-large wp-post-image\" alt><\/a><\/p>\n<h3 class=\"post-title\"><a href=\"https:\/\/infotulcea.ro\/eugen-terente-presedintele-usr-tulcea-va-ureaza-craciun-fericit\/\">Eugen Terente, pre\u0219edintele USR Tulcea, v\u0103 ureaz\u0103 Cr\u0103ciun fericit!<\/a><\/h3>\n<div class=\"post-meta clearfix\"><span class=\"date meta-item tie-icon\">25 decembrie 2025<\/span><\/div>\n<\/div>\n<\/div>\n<\/div>\n<div id=\"comments\" class=\"comments-area\">\n<div id=\"add-comment-block\" class=\"container-wrapper\">\n<div id=\"respond\" class=\"comment-respond\">\n<h3 id=\"reply-title\" class=\"comment-reply-title the-global-title\">Las\u0103 un r\u0103spuns <small><a rel=\"nofollow\" id=\"cancel-comment-reply-link\" href=\"https:\/\/infotulcea.ro\/diana-buzoianu-romania-a-indeplinit-si-depasit-tinta-pnrr-5091-insule-ecologice-au-fost-finalizate-la-nivel-national\/#respond\">Anuleaz\u0103 r\u0103spunsul<\/a><\/small><\/h3>\n<p class=\"comment-notes\"><span id=\"email-notes\">Adresa ta de email nu va fi publicat\u0103.<\/span><span class=\"required-field-message\">C\u00e2mpurile obligatorii sunt marcate cu <span class=\"required\">*<\/span><\/span><\/p>\n<\/div>\n<\/div>\n<\/div>\n<\/div>\n<\/div>\n<div id=\"check-also-box\" class=\"container-wrapper check-also-right\">\n<div class=\"widget-title the-global-title\">\n<div class=\"the-subtitle\">Check Also<\/div>\n<p><a href=\"https:\/\/infotulcea.ro\/diana-buzoianu-romania-a-indeplinit-si-depasit-tinta-pnrr-5091-insule-ecologice-au-fost-finalizate-la-nivel-national\/\" id=\"check-also-close\" class=\"remove\"><span class=\"screen-reader-text\">Close<\/span><\/a><\/div>\n<div class=\"widget posts-list-big-first has-first-big-post\">\n<ul class=\"posts-list-items\">\n<li class=\"widget-single-post-item widget-post-list tie-standard\">\n<div class=\"post-widget-thumbnail\"><a aria-label=\"Ini\u021biativ\u0103 legislativ\u0103 USR pentru combaterea femicidului\" href=\"https:\/\/infotulcea.ro\/initiativa-legislativa-usr-pentru-combaterea-femicidului\/\" class=\"post-thumb\"><span class=\"post-cat-wrap\"><span class=\"post-cat tie-cat-248\">USR<\/span><\/span><source sizes=\"(max-width: 390px) 100vw, 390px\" type=\"image\/webp\" data-srcset=\"https:\/\/infotulcea.ro\/wp-content\/uploads\/2025\/10\/femicid-390x220.jpg.webp 390w, https:\/\/infotulcea.ro\/wp-content\/uploads\/2025\/10\/femicid-500x282.jpg.webp 500w, https:\/\/infotulcea.ro\/wp-content\/uploads\/2025\/10\/femicid-768x433.jpg.webp 768w, https:\/\/infotulcea.ro\/wp-content\/uploads\/2025\/10\/femicid.jpg.webp 1024w\" \/><img loading=\"lazy\" decoding=\"async\" width=\"390\" height=\"220\" src=\"https:\/\/infotulcea.ro\/wp-content\/uploads\/2025\/10\/femicid-390x220.jpg\" class=\"attachment-jannah-image-large size-jannah-image-large wp-post-image\" alt><\/a><\/div>\n<div class=\"post-widget-body \"><a class=\"post-title the-subtitle\" href=\"https:\/\/infotulcea.ro\/initiativa-legislativa-usr-pentru-combaterea-femicidului\/\">Ini\u021biativ\u0103 legislativ\u0103 USR pentru combaterea femicidului<\/a><\/p>\n<div class=\"post-meta\"><span class=\"date meta-item tie-icon\">30 octombrie 2025<\/span><\/div>\n<\/div>\n<\/li>\n<\/ul>\n<\/div>\n<\/div>\n<aside class=\"sidebar tie-col-md-4 tie-col-xs-12 normal-side is-sticky\" aria-label=\"Primary Sidebar\">\n<div class=\"theiaStickySidebar\">\n<div id=\"media_image-19\" class=\"container-wrapper widget widget_media_image\"><a href=\"https:\/\/infotulcea.ro\/delta-dunarii-mai-accesibila-navrom-delta-creste-numarul-curselor-regulate-de-la-1-mai-2025\/\"><source sizes=\"(max-width: 500px) 100vw, 500px\" type=\"image\/webp\" data-srcset=\"https:\/\/infotulcea.ro\/wp-content\/uploads\/2025\/04\/navrom-delta-500x271.jpg.webp 500w, https:\/\/infotulcea.ro\/wp-content\/uploads\/2025\/04\/navrom-delta-1024x555.jpg.webp 1024w, https:\/\/infotulcea.ro\/wp-content\/uploads\/2025\/04\/navrom-delta-768x416.jpg.webp 768w, https:\/\/infotulcea.ro\/wp-content\/uploads\/2025\/04\/navrom-delta.jpg.webp 1080w\" \/><img loading=\"lazy\" decoding=\"async\" width=\"500\" height=\"271\" src=\"https:\/\/infotulcea.ro\/wp-content\/uploads\/2025\/04\/navrom-delta-500x271.jpg\" class=\"image wp-image-34487  attachment-medium size-medium\" alt><\/a><\/div>\n<div id=\"media_image-17\" class=\"container-wrapper widget widget_media_image\"><a href=\"https:\/\/www.facebook.com\/share\/p\/1DGAD1tLWN\/?mibextid=wwXIfr\" target=\"_blank\"><source sizes=\"(max-width: 500px) 100vw, 500px\" type=\"image\/webp\" data-srcset=\"https:\/\/infotulcea.ro\/wp-content\/uploads\/2026\/01\/IMG_1563-500x500.jpeg.webp 500w, https:\/\/infotulcea.ro\/wp-content\/uploads\/2026\/01\/IMG_1563-1024x1024.jpeg.webp 1024w, https:\/\/infotulcea.ro\/wp-content\/uploads\/2026\/01\/IMG_1563-250x250.jpeg.webp 250w, https:\/\/infotulcea.ro\/wp-content\/uploads\/2026\/01\/IMG_1563-768x768.jpeg.webp 768w, https:\/\/infotulcea.ro\/wp-content\/uploads\/2026\/01\/IMG_1563.jpeg.webp 1080w\" \/><img loading=\"lazy\" decoding=\"async\" width=\"500\" height=\"500\" src=\"https:\/\/infotulcea.ro\/wp-content\/uploads\/2026\/01\/IMG_1563-500x500.jpeg\" class=\"image wp-image-37932  attachment-medium size-medium\" alt title=\"Centrale pe lemne\"><\/a><\/div>\n<div id=\"media_image-18\" class=\"container-wrapper widget widget_media_image\"><a href=\"https:\/\/www.licitatia.ro\/site\/index-guest\"><img loading=\"lazy\" decoding=\"async\" width=\"500\" height=\"262\" src=\"https:\/\/infotulcea.ro\/wp-content\/uploads\/2025\/09\/licitatia-500x262.png\" class=\"image wp-image-36670  attachment-medium size-medium lazyload\" alt data-max-width=\"500\"><img loading=\"lazy\" decoding=\"async\" width=\"500\" height=\"262\" src=\"https:\/\/infotulcea.ro\/wp-content\/uploads\/2025\/09\/licitatia-500x262.png\" class=\"image wp-image-36670  attachment-medium size-medium\" alt><\/a><\/div>\n<div id=\"media_image-27\" class=\"container-wrapper widget widget_media_image\"><a href=\"https:\/\/www.centrale-lemne-liepsnele.ro\/\"><img loading=\"lazy\" decoding=\"async\" width=\"500\" height=\"500\" src=\"https:\/\/infotulcea.ro\/wp-content\/uploads\/2025\/09\/Centrale-pe-Lemne-Liepsnele-500x500.png\" class=\"image wp-image-36541  attachment-medium size-medium lazyload\" alt=\"Centrala pe lemne\" data-max-width=\"500\"><img loading=\"lazy\" decoding=\"async\" width=\"500\" height=\"500\" src=\"https:\/\/infotulcea.ro\/wp-content\/uploads\/2025\/09\/Centrale-pe-Lemne-Liepsnele-500x500.png\" class=\"image wp-image-36541  attachment-medium size-medium\" alt=\"Centrala pe lemne\"><\/a><\/div>\n<div id=\"media_image-28\" class=\"container-wrapper widget widget_media_image\"><a href=\"https:\/\/infotulcea.ro\/angajeaza-te-ro-platforma-ta-online-de-angajari-si-forta-de-munca\/\"><source sizes=\"(max-width: 500px) 100vw, 500px\" type=\"image\/webp\" data-srcset=\"https:\/\/infotulcea.ro\/wp-content\/uploads\/2025\/04\/banner-angajazate-1-500x305.jpg.webp 500w, https:\/\/infotulcea.ro\/wp-content\/uploads\/2025\/04\/banner-angajazate-1-1024x625.jpg.webp 1024w, https:\/\/infotulcea.ro\/wp-content\/uploads\/2025\/04\/banner-angajazate-1-768x469.jpg.webp 768w, https:\/\/infotulcea.ro\/wp-content\/uploads\/2025\/04\/banner-angajazate-1.jpg.webp 1080w\" \/><img loading=\"lazy\" decoding=\"async\" width=\"500\" height=\"305\" src=\"https:\/\/infotulcea.ro\/wp-content\/uploads\/2025\/04\/banner-angajazate-1-500x305.jpg\" class=\"image wp-image-34317  attachment-medium size-medium\" alt><\/a><\/div>\n<\/div>\n<\/aside>\n<\/div>\n<\/div>\n<div class=\"entry-content entry clearfix\">\n<p><strong>Ministerul Mediului, Apelor \u0219i P\u0103durilor a \u00eendeplinit jalonul PNRR privind insulele ecologice<\/strong><br \/><strong>digitalizate. La nivel na\u021bional, prin Planul Na\u021bional de Redresare, au fost finalizate 5091<\/strong><br \/><strong>insule ecologice, fa\u021b\u0103 de \u021binta de 5000 stabilit\u0103. Bugetul total al investi\u021biei este de 72,75<\/strong><br \/><strong>milioane euro.<\/strong><br \/>\nAceste insule ecologice sunt sisteme prin care se vor gestiona \u0219i colecta separat de\u0219euri de<br \/>\nh\u00e2rtie \u0219i carton, de\u0219euri de plastic \u0219i metal, de\u0219euri de sticl\u0103, de\u0219euri biodegradabile,<br \/>\nde\u0219euri reziduale.<br \/>\n\u201ePunerea \u00een func\u021biune a acestor mii de insule \u00een Rom\u00e2nia contribuie la modernizarea<source sizes=\"(max-width: 471px) 100vw, 471px\" type=\"image\/webp\" data-srcset=\"https:\/\/infotulcea.ro\/wp-content\/uploads\/2026\/07\/Diana-Buzoianu-2026-07-28-at-16.24.46-500x341.jpeg.webp 500w, https:\/\/infotulcea.ro\/wp-content\/uploads\/2026\/07\/Diana-Buzoianu-2026-07-28-at-16.24.46-768x524.jpeg.webp 768w, https:\/\/infotulcea.ro\/wp-content\/uploads\/2026\/07\/Diana-Buzoianu-2026-07-28-at-16.24.46-220x150.jpeg.webp 220w, https:\/\/infotulcea.ro\/wp-content\/uploads\/2026\/07\/Diana-Buzoianu-2026-07-28-at-16.24.46.jpeg.webp 791w\" \/><\/p>\n<p><img loading=\"lazy\" decoding=\"async\" class=\" wp-image-40257 alignright\" src=\"https:\/\/infotulcea.ro\/wp-content\/uploads\/2026\/07\/Diana-Buzoianu-2026-07-28-at-16.24.46-500x341.jpeg\" alt width=\"471\" height=\"321\"><br \/>\ninfrastructurii de gestionare a de\u0219eurilor. Iat\u0103 c\u0103 am reu\u0219it, prin Planul Na\u021bional de<br \/>\nRedresare \u0219i Rezilien\u021b\u0103, s\u0103 dep\u0103\u0219im \u021binta de 5000 de insule \u0219i s\u0103 ajut\u0103m rom\u00e2nii s\u0103 fac\u0103<br \/>\nmai facil tranzi\u021bia la economia circular\u0103. Dincolo de proiecte \u0219i finan\u021b\u0103ri, economia<br \/>\ncircular\u0103 se construie\u0219te prin colaborarea dintre autorit\u0103\u021bi, mediul privat \u0219i cet\u0103\u021beni.<br \/>\nAceste insule au capacit\u0103\u021bi de gestionare a celor 5 frac\u021bii de de\u0219euri: biodegradabil,<br \/>\nrezidual, sticl\u0103, plastic \u0219i metal, h\u00e2rtie \u0219i carton \u0219i vor contribui la un mediu mai curat \u00een<br \/>\ncomunit\u0103\u021bile unde vor func\u021biona\u201d, a subliniat ministra mediului, apelor \u0219i p\u0103durilor, Diana<br \/>\nBuzoianu.<br \/>\nBeneficiarii eligibili care au putut depune proiecte sunt: unit\u0103\u021bile administrativ\u2013teritoriale,<br \/>\nAsocia\u021biile de dezvoltare intercomunitar\u0103 (ADI \u2013 uri), alte asocieri de UAT-uri.<br \/>\nInsulele ecologice digitalizate au fost instalate \u00een 36 de jude\u021be din Rom\u00e2nia. Bac\u0103u, Bihor,<br \/>\nArad, Cluj, Constan\u021ba sunt jude\u021bele cu cele mai multe astfel de instala\u021bii moderne de<br \/>\nreciclare a de\u0219eurilor.<br \/>\n\u00cen cadrul investi\u021biei, beneficiarii au putut aplica pentru 3 tipuri de instala\u021bii moderne de<br \/>\nreciclare a de\u0219eurilor: insule supraterane \u00eencasetate cu containere de 1,1 metri cubi,<br \/>\ninsule supraterane cu containere individuale, insule subterane cu containere individuale.<br \/>\nInsulele ecologice digitalizate subterane func\u0163ioneaz\u0103 eficient \u00een zone turistice, \u00een zonele<br \/>\nurbane, unde nu pot fi amplasate celelalte tipuri de containere.<br \/>\nPe l\u00e2ng\u0103 activit\u0103\u021bile specifice pentru \u00eenfiin\u021barea \u0219i dotarea insulelelor ecologice<br \/>\ndigitalizate, au fost finan\u021bate \u0219i ac\u021biuni specifice pentru dezvoltarea platformei software<br \/>\nnecesar\u0103 oper\u0103rii acestora \u0219i administr\u0103rii datelor, ac\u021biuni specifice de promovare a<br \/>\ninvesti\u021biilor, precum \u0219i pentru promovarea principiului \u201epl\u0103te\u0219te pentru c\u00e2t arunci\u201d.\n<\/div>\n<div class=\"articleBody\" data-key=\"articleBody\">Ministerul Mediului, Apelor \u0219i P\u0103durilor a \u00eendeplinit jalonul PNRR privind insulele ecologice<br \/>\ndigitalizate. La nivel na\u021bional, prin Planul Na\u021bional de Redresare, au fost finalizate 5091<br \/>\ninsule ecologice, fa\u021b\u0103 de \u021binta de 5000 stabilit\u0103. Bugetul total al investi\u021biei este de 72,75<br \/>\nmilioane euro.<br \/>\nAceste insule ecologice sunt sisteme prin care se vor gestiona \u0219i colecta separat de\u0219euri de<br \/>\nh\u00e2rtie \u0219i carton, de\u0219euri de plastic \u0219i metal, de\u0219euri de sticl\u0103, de\u0219euri biodegradabile,<br \/>\nde\u0219euri reziduale.<br \/>\n\u201ePunerea \u00een func\u021biune a acestor mii de insule \u00een Rom\u00e2nia contribuie la modernizarea<br \/>\ninfrastructurii de gestionare a de\u0219eurilor. Iat\u0103 c\u0103 am reu\u0219it, prin Planul Na\u021bional de<br \/>\nRedresare \u0219i Rezilien\u021b\u0103, s\u0103 dep\u0103\u0219im \u021binta de 5000 de insule \u0219i s\u0103 ajut\u0103m rom\u00e2nii s\u0103 fac\u0103<br \/>\nmai facil tranzi\u021bia la economia circular\u0103. Dincolo de proiecte \u0219i finan\u021b\u0103ri, economia<br \/>\ncircular\u0103 se construie\u0219te prin colaborarea dintre autorit\u0103\u021bi, mediul privat \u0219i cet\u0103\u021beni.<br \/>\nAceste insule au capacit\u0103\u021bi de gestionare a celor 5 frac\u021bii de de\u0219euri: biodegradabil,<br \/>\nrezidual, sticl\u0103, plastic \u0219i metal, h\u00e2rtie \u0219i carton \u0219i vor contribui la un mediu mai curat \u00een<br \/>\ncomunit\u0103\u021bile unde vor func\u021biona\u201d, a subliniat ministra mediului, apelor \u0219i p\u0103durilor, Diana<br \/>\nBuzoianu.<br \/>\nBeneficiarii eligibili care au putut depune proiecte sunt: unit\u0103\u021bile administrativ\u2013teritoriale,<br \/>\nAsocia\u021biile de dezvoltare intercomunitar\u0103 (ADI \u2013 uri), alte asocieri de UAT-uri.<br \/>\nInsulele ecologice digitalizate au fost instalate \u00een 36 de jude\u021be din Rom\u00e2nia. Bac\u0103u, Bihor,<br \/>\nArad, Cluj, Constan\u021ba sunt jude\u021bele cu cele mai multe astfel de instala\u021bii moderne de<br \/>\nreciclare a de\u0219eurilor.<br \/>\n\u00cen cadrul investi\u021biei, beneficiarii au putut aplica pentru 3 tipuri de instala\u021bii moderne de<br \/>\nreciclare a de\u0219eurilor: insule supraterane \u00eencasetate cu containere de 1,1 metri cubi,<br \/>\ninsule supraterane cu containere individuale, insule subterane cu containere individuale.<br \/>\nInsulele ecologice digitalizate subterane func\u0163ioneaz\u0103 eficient \u00een zone turistice, \u00een zonele<br \/>\nurbane, unde nu pot fi amplasate celelalte tipuri de containere.<br \/>\nPe l\u00e2ng\u0103 activit\u0103\u021bile specifice pentru \u00eenfiin\u021barea \u0219i dotarea insulelelor ecologice<br \/>\ndigitalizate, au fost finan\u021bate \u0219i ac\u021biuni specifice pentru dezvoltarea platformei software<br \/>\nnecesar\u0103 oper\u0103rii acestora \u0219i administr\u0103rii datelor, ac\u021biuni specifice de promovare a<br \/>\ninvesti\u021biilor, precum \u0219i pentru promovarea principiului \u201epl\u0103te\u0219te pentru c\u00e2t arunci\u201d.<\/div>\n<p>[analyse_source url=&#8221;https:\/\/infotulcea.ro\/diana-buzoianu-romania-a-indeplinit-si-depasit-tinta-pnrr-5091-insule-ecologice-au-fost-finalizate-la-nivel-national\/&#8221;]<\/p>\n","protected":false},"excerpt":{"rendered":"<p>[analyse_image type=&#8221;featured&#8221; src=&#8221;https:\/\/infotulcea.ro\/wp-content\/uploads\/2026\/07\/Diana-Buzoianu-2026-07-28-at-16.24.46.jpeghttps:\/\/infotulcea.ro\/wp-content\/uploads\/2026\/07\/Diana-Buzoianu-2026-07-28-at-16.24.46.jpeg&#8221;] Home\/Politic\u0103\/USR\/Diana Buzoianu: Rom\u00e2nia a \u00eendeplinit \u0219i dep\u0103\u0219it \u021binta PNRR: 5091 insule ecologice au fost finalizate la nivel na\u021bional USR Diana Buzoianu: Rom\u00e2nia a \u00eendeplinit \u0219i dep\u0103\u0219it \u021binta PNRR: 5091 insule ecologice au fost finalizate la nivel na\u021bional Redactia22 august 2026 0 627 1 minute read Ministerul Mediului, Apelor \u0219i P\u0103durilor a \u00eendeplinit [&hellip;]<\/p>\n","protected":false},"author":1,"featured_media":0,"comment_status":"open","ping_status":"","sticky":false,"template":"","format":"standard","meta":{"footnotes":""},"categories":[89],"tags":[226,221],"class_list":["post-2115760","post","type-post","status-publish","format-standard","hentry","category-romania","tag-crawlmanager","tag-infotulcea-ro"],"_links":{"self":[{"href":"https:\/\/analyse.optim.biz\/index.php?rest_route=\/wp\/v2\/posts\/2115760","targetHints":{"allow":["GET"]}}],"collection":[{"href":"https:\/\/analyse.optim.biz\/index.php?rest_route=\/wp\/v2\/posts"}],"about":[{"href":"https:\/\/analyse.optim.biz\/index.php?rest_route=\/wp\/v2\/types\/post"}],"author":[{"embeddable":true,"href":"https:\/\/analyse.optim.biz\/index.php?rest_route=\/wp\/v2\/users\/1"}],"replies":[{"embeddable":true,"href":"https:\/\/analyse.optim.biz\/index.php?rest_route=%2Fwp%2Fv2%2Fcomments&post=2115760"}],"version-history":[{"count":0,"href":"https:\/\/analyse.optim.biz\/index.php?rest_route=\/wp\/v2\/posts\/2115760\/revisions"}],"wp:attachment":[{"href":"https:\/\/analyse.optim.biz\/index.php?rest_route=%2Fwp%2Fv2%2Fmedia&parent=2115760"}],"wp:term":[{"taxonomy":"category","embeddable":true,"href":"https:\/\/analyse.optim.biz\/index.php?rest_route=%2Fwp%2Fv2%2Fcategories&post=2115760"},{"taxonomy":"post_tag","embeddable":true,"href":"https:\/\/analyse.optim.biz\/index.php?rest_route=%2Fwp%2Fv2%2Ftags&post=2115760"}],"curies":[{"name":"wp","href":"https:\/\/api.w.org\/{rel}","templated":true}]}}