{"id":2115758,"date":"2026-08-22T09:59:38","date_gmt":"2026-08-22T06:59:38","guid":{"rendered":"https:\/\/analyse.optim.biz\/?p=2115758"},"modified":"2026-08-22T09:59:38","modified_gmt":"2026-08-22T06:59:38","slug":"masuri-pentru-limitarea-raspandirii-variolei-ovina-si-caprina-in-judetul-tulcea","status":"publish","type":"post","link":"https:\/\/analyse.optim.biz\/?p=2115758","title":{"rendered":"M\u0103suri pentru limitarea r\u0103sp\u00e2ndirii variolei ovin\u0103 \u0219i caprin\u0103 \u00een jude\u021bul Tulcea"},"content":{"rendered":"<p>[analyse_image type=&#8221;featured&#8221; src=&#8221;https:\/\/infotulcea.ro\/wp-content\/uploads\/2025\/11\/eugen-terente.jpghttps:\/\/infotulcea.ro\/wp-content\/uploads\/2025\/11\/eugen-terente.jpg&#8221;]<\/p>\n<div id=\"content\" class=\"site-content container\">\n<div id=\"main-content-row\" class=\"tie-row main-content-row\">\n<div class=\"main-content tie-col-md-8 tie-col-xs-12\" role=\"main\">\n<article id=\"the-post\" class=\"container-wrapper post-content tie-standard\">\n<header class=\"entry-header-outer\">\n<nav id=\"breadcrumb\"><a href=\"https:\/\/infotulcea.ro\/\"> Home<\/a><em class=\"delimiter\">\/<\/em><a href=\"https:\/\/infotulcea.ro\/categorie\/politica\/\">Politic\u0103<\/a><em class=\"delimiter\">\/<\/em><a href=\"https:\/\/infotulcea.ro\/categorie\/politica\/usr\/\">USR<\/a><em class=\"delimiter\">\/<\/em><span class=\"current\">M\u0103suri pentru limitarea r\u0103sp\u00e2ndirii variolei ovin\u0103 \u0219i caprin\u0103 \u00een jude\u021bul Tulcea<\/span><\/nav>\n<div class=\"entry-header\"><span class=\"post-cat-wrap\"><a class=\"post-cat tie-cat-248\" href=\"https:\/\/infotulcea.ro\/categorie\/politica\/usr\/\">USR<\/a><\/span><\/p>\n<h1 class=\"post-title entry-title\">\n\t\t\tM\u0103suri pentru limitarea r\u0103sp\u00e2ndirii variolei ovin\u0103 \u0219i caprin\u0103 \u00een jude\u021bul Tulcea\t\t<\/h1>\n<div class=\"single-post-meta post-meta clearfix\"><span class=\"author-meta single-author no-avatars\"><span class=\"meta-item meta-author-wrapper meta-author-9\"><span class=\"meta-author\"><a href=\"https:\/\/infotulcea.ro\/author\/redactia-2\/\" class=\"author-name tie-icon\" title=\"Redactia\">Redactia<\/a><\/span><\/span><\/span><span class=\"date meta-item tie-icon\">22 august 2026<\/span><\/p>\n<div class=\"tie-alignright\"><span class=\"meta-comment tie-icon meta-item fa-before\">0<\/span><span class=\"meta-views meta-item \"> 450 <\/span><span class=\"meta-reading-time meta-item\"> 1 minute read<\/span><\/div>\n<\/div>\n<\/div>\n<\/header>\n<div class=\"entry-content entry clearfix\">\n<p><strong>\u00cen cadrul \u0219edin\u021bei desf\u0103\u0219urate ast\u0103zi, 21 august 2026, la ora 16:00, la Prefectura Tulcea, Centrul Local de Combatere a Bolilor a aprobat noi m\u0103suri pentru prevenirea \u0219i limitarea r\u0103sp\u00e2ndirii variolei ovin\u0103 \u0219i caprin\u0103.<source sizes=\"(max-width: 437px) 100vw, 437px\" type=\"image\/webp\" data-srcset=\"https:\/\/infotulcea.ro\/wp-content\/uploads\/2025\/11\/eugen-terente-500x449.jpg.webp 500w, https:\/\/infotulcea.ro\/wp-content\/uploads\/2025\/11\/eugen-terente-1024x919.jpg.webp 1024w, https:\/\/infotulcea.ro\/wp-content\/uploads\/2025\/11\/eugen-terente-768x689.jpg.webp 768w, https:\/\/infotulcea.ro\/wp-content\/uploads\/2025\/11\/eugen-terente.jpg.webp 1337w\" \/><\/strong><\/p>\n<p><img loading=\"lazy\" decoding=\"async\" class=\" wp-image-37382 alignright\" src=\"https:\/\/infotulcea.ro\/wp-content\/uploads\/2025\/11\/eugen-terente-500x449.jpg\" alt width=\"437\" height=\"392\"><\/p>\n<p>Decizia vine dup\u0103 confirmarea unor focare \u00een Valea Nucarilor \u0219i Peceneaga, precum \u0219i apari\u021bia unor noi suspiciuni.<\/p>\n<p>\u00cencep\u00e2nd de ast\u0103zi, este interzis\u0103 mi\u0219carea ovinelor \u0219i caprinelor pe teritoriul jude\u021bului Tulcea, inclusiv transportul c\u0103tre sau dinspre alte jude\u021be. Sunt instituite, de asemenea, zone de protec\u021bie \u0219i supraveghere \u00een jurul focarelor.<\/p>\n<p>Vor fi intensificate controalele \u00een trafic \u0219i supravegherea efectivelor, iar t\u00e2rgurile, expozi\u021biile \u0219i alte adun\u0103ri de ovine \u0219i caprine sunt interzise pe durata aplic\u0103rii m\u0103surilor.<\/p>\n<p>Autorit\u0103\u021bile fac apel la cresc\u0103tori s\u0103 respecte restric\u021biile \u0219i s\u0103 anun\u021be imediat medicul veterinar \u00een cazul apari\u021biei unor semne de boal\u0103.<\/p>\n<\/div>\n<div id=\"post-extra-info\">\n<div class=\"theiaStickySidebar\">\n<div class=\"single-post-meta post-meta clearfix\"><span class=\"author-meta single-author no-avatars\"><span class=\"meta-item meta-author-wrapper meta-author-9\"><span class=\"meta-author\"><a href=\"https:\/\/infotulcea.ro\/author\/redactia-2\/\" class=\"author-name tie-icon\" title=\"Redactia\">Redactia<\/a><\/span><\/span><\/span><span class=\"date meta-item tie-icon\">22 august 2026<\/span><\/p>\n<div class=\"tie-alignright\"><span class=\"meta-comment tie-icon meta-item fa-before\">0<\/span><span class=\"meta-views meta-item \"> 450 <\/span><span class=\"meta-reading-time meta-item\"> 1 minute read<\/span><\/div>\n<\/div>\n<\/div>\n<\/div>\n<div id=\"share-buttons-bottom\" class=\"share-buttons share-buttons-bottom\">\n<div class=\"share-links  icons-only\">\n<div class=\"share-title\"><span> Share<\/span><\/div>\n<p><a href=\"https:\/\/www.facebook.com\/sharer.php?u=https:\/\/infotulcea.ro\/masuri-pentru-limitarea-raspandirii-variolei-ovina-si-caprina-in-judetul-tulcea\/\" rel=\"external noopener nofollow\" title=\"Facebook\" target=\"_blank\" class=\"facebook-share-btn \" data-raw=\"https:\/\/www.facebook.com\/sharer.php?u={post_link}\"><span class=\"screen-reader-text\">Facebook<\/span><\/a><a href=\"https:\/\/twitter.com\/intent\/tweet?text=M%C4%83suri%20pentru%20limitarea%20r%C4%83sp%C3%A2ndirii%20variolei%20ovin%C4%83%20%C8%99i%20caprin%C4%83%20%C3%AEn%20jude%C8%9Bul%20Tulcea&amp;url=https:\/\/infotulcea.ro\/masuri-pentru-limitarea-raspandirii-variolei-ovina-si-caprina-in-judetul-tulcea\/\" rel=\"external noopener nofollow\" title=\"X\" target=\"_blank\" class=\"twitter-share-btn \" data-raw=\"https:\/\/twitter.com\/intent\/tweet?text={post_title}&amp;url={post_link}\"><span class=\"screen-reader-text\">X<\/span><\/a><a href=\"https:\/\/api.whatsapp.com\/send?text=M%C4%83suri%20pentru%20limitarea%20r%C4%83sp%C3%A2ndirii%20variolei%20ovin%C4%83%20%C8%99i%20caprin%C4%83%20%C3%AEn%20jude%C8%9Bul%20Tulcea%20https:\/\/infotulcea.ro\/masuri-pentru-limitarea-raspandirii-variolei-ovina-si-caprina-in-judetul-tulcea\/\" rel=\"external noopener nofollow\" title=\"WhatsApp\" target=\"_blank\" class=\"whatsapp-share-btn \" data-raw=\"https:\/\/api.whatsapp.com\/send?text={post_title}%20{post_link}\"><span class=\"screen-reader-text\">WhatsApp<\/span><\/a><a href=\"https:\/\/telegram.me\/share\/url?url=https:\/\/infotulcea.ro\/masuri-pentru-limitarea-raspandirii-variolei-ovina-si-caprina-in-judetul-tulcea\/&amp;text=M%C4%83suri%20pentru%20limitarea%20r%C4%83sp%C3%A2ndirii%20variolei%20ovin%C4%83%20%C8%99i%20caprin%C4%83%20%C3%AEn%20jude%C8%9Bul%20Tulcea\" rel=\"external noopener nofollow\" title=\"Telegram\" target=\"_blank\" class=\"telegram-share-btn \" data-raw=\"https:\/\/telegram.me\/share\/url?url={post_link}&amp;text={post_title}\"><span class=\"screen-reader-text\">Telegram<\/span><\/a><a href=\"mailto:?subject=M%C4%83suri%20pentru%20limitarea%20r%C4%83sp%C3%A2ndirii%20variolei%20ovin%C4%83%20%C8%99i%20caprin%C4%83%20%C3%AEn%20jude%C8%9Bul%20Tulcea&amp;body=https:\/\/infotulcea.ro\/masuri-pentru-limitarea-raspandirii-variolei-ovina-si-caprina-in-judetul-tulcea\/\" rel=\"external noopener nofollow\" title=\"Share via Email\" target=\"_blank\" class=\"email-share-btn \" data-raw=\"mailto:?subject={post_title}&amp;body={post_link}\"><span class=\"screen-reader-text\">Share via Email<\/span><\/a><a href=\"https:\/\/infotulcea.ro\/masuri-pentru-limitarea-raspandirii-variolei-ovina-si-caprina-in-judetul-tulcea\/\" rel=\"external noopener nofollow\" title=\"Print\" target=\"_blank\" class=\"print-share-btn \" data-raw=\"#\"><span class=\"screen-reader-text\">Print<\/span><\/a><\/div>\n<\/div>\n<\/article>\n<div class=\"post-components\">\n<div id=\"related-posts\" class=\"container-wrapper has-extra-post\">\n<div class=\"mag-box-title the-global-title\">\n<h3>Related Articles<\/h3>\n<\/div>\n<div class=\"related-posts-list\">\n<div class=\"related-item tie-standard\"><a aria-label=\"Diana Buzoianu, ministra USR a Mediului: Indemniza\u021bii reduse cu mai mult de 50% pentru CA de la Romsilva!\" href=\"https:\/\/infotulcea.ro\/diana-buzoianu-ministra-usr-a-mediului-indemnizatii-reduse-cu-mai-mult-de-50-pentru-ca-de-la-romsilva\/\" class=\"post-thumb\"><source type=\"image\/webp\" data-srcset=\"https:\/\/infotulcea.ro\/wp-content\/uploads\/2025\/06\/buzoianu-356x220.jpg.webp\" \/><img loading=\"lazy\" decoding=\"async\" width=\"356\" height=\"220\" src=\"https:\/\/infotulcea.ro\/wp-content\/uploads\/2025\/06\/buzoianu-356x220.jpg\" class=\"attachment-jannah-image-large size-jannah-image-large wp-post-image\" alt><\/a><\/p>\n<h3 class=\"post-title\"><a href=\"https:\/\/infotulcea.ro\/diana-buzoianu-ministra-usr-a-mediului-indemnizatii-reduse-cu-mai-mult-de-50-pentru-ca-de-la-romsilva\/\">Diana Buzoianu, ministra USR a Mediului: Indemniza\u021bii reduse cu mai mult de 50% pentru CA de la Romsilva!<\/a><\/h3>\n<div class=\"post-meta clearfix\"><span class=\"date meta-item tie-icon\">7 august 2025<\/span><\/div>\n<\/div>\n<div class=\"related-item tie-standard\"><a aria-label=\"Comunicat USR: PSD \u0219i PNL au respins din nou corectarea abera\u021biilor de calcul, \u00een Parlament!\" href=\"https:\/\/infotulcea.ro\/comunicat-usr-psd-si-pnl-au-respins-din-nou-corectarea-aberatiilor-de-calcul-in-parlament\/\" class=\"post-thumb\"><source type=\"image\/webp\" data-srcset=\"https:\/\/infotulcea.ro\/wp-content\/uploads\/2024\/08\/stop-usr-390x220.jpg.webp\" \/><img loading=\"lazy\" decoding=\"async\" width=\"390\" height=\"220\" src=\"https:\/\/infotulcea.ro\/wp-content\/uploads\/2024\/08\/stop-usr-390x220.jpg\" class=\"attachment-jannah-image-large size-jannah-image-large wp-post-image\" alt><\/a><\/p>\n<h3 class=\"post-title\"><a href=\"https:\/\/infotulcea.ro\/comunicat-usr-psd-si-pnl-au-respins-din-nou-corectarea-aberatiilor-de-calcul-in-parlament\/\">Comunicat USR: PSD \u0219i PNL au respins din nou corectarea abera\u021biilor de calcul, \u00een Parlament!<\/a><\/h3>\n<div class=\"post-meta clearfix\"><span class=\"date meta-item tie-icon\">29 august 2024<\/span><\/div>\n<\/div>\n<div class=\"related-item tie-standard\"><a aria-label=\"Propunerea USR Tulcea \u00een dezbaterea Energoterm: am\u00e2narea \u00eenchiderii pentru vara anului 2026!\" href=\"https:\/\/infotulcea.ro\/propunerea-usr-tulcea-in-dezbaterea-energoterm-amanarea-inchiderii-pentru-vara-anului-2026\/\" class=\"post-thumb\"><source type=\"image\/webp\" data-srcset=\"https:\/\/infotulcea.ro\/wp-content\/uploads\/2025\/06\/tatiana-390x220.jpg.webp\" \/><img loading=\"lazy\" decoding=\"async\" width=\"390\" height=\"220\" src=\"https:\/\/infotulcea.ro\/wp-content\/uploads\/2025\/06\/tatiana-390x220.jpg\" class=\"attachment-jannah-image-large size-jannah-image-large wp-post-image\" alt><\/a><\/p>\n<h3 class=\"post-title\"><a href=\"https:\/\/infotulcea.ro\/propunerea-usr-tulcea-in-dezbaterea-energoterm-amanarea-inchiderii-pentru-vara-anului-2026\/\">Propunerea USR Tulcea \u00een dezbaterea Energoterm: am\u00e2narea \u00eenchiderii pentru vara anului 2026!<\/a><\/h3>\n<div class=\"post-meta clearfix\"><span class=\"date meta-item tie-icon\">19 iunie 2025<\/span><\/div>\n<\/div>\n<div class=\"related-item tie-standard\"><a aria-label=\"Costel Vicol, senator USR Tulcea: 19 noiembrie \u2013 ziua interna\u021bional\u0103 a b\u0103rbatului\" href=\"https:\/\/infotulcea.ro\/costel-vicol-senator-usr-tulcea-19-noiembrie-ziua-internationala-a-barbatului\/\" class=\"post-thumb\"><source type=\"image\/webp\" data-srcset=\"https:\/\/infotulcea.ro\/wp-content\/uploads\/2024\/04\/vicol-390x220.jpg.webp\" \/><img loading=\"lazy\" decoding=\"async\" width=\"390\" height=\"220\" src=\"https:\/\/infotulcea.ro\/wp-content\/uploads\/2024\/04\/vicol-390x220.jpg\" class=\"attachment-jannah-image-large size-jannah-image-large wp-post-image\" alt><\/a><\/p>\n<h3 class=\"post-title\"><a href=\"https:\/\/infotulcea.ro\/costel-vicol-senator-usr-tulcea-19-noiembrie-ziua-internationala-a-barbatului\/\">Costel Vicol, senator USR Tulcea: 19 noiembrie \u2013 ziua interna\u021bional\u0103 a b\u0103rbatului<\/a><\/h3>\n<div class=\"post-meta clearfix\"><span class=\"date meta-item tie-icon\">19 noiembrie 2024<\/span><\/div>\n<\/div>\n<\/div>\n<\/div>\n<div id=\"comments\" class=\"comments-area\">\n<div id=\"add-comment-block\" class=\"container-wrapper\">\n<div id=\"respond\" class=\"comment-respond\">\n<h3 id=\"reply-title\" class=\"comment-reply-title the-global-title\">Las\u0103 un r\u0103spuns <small><a rel=\"nofollow\" id=\"cancel-comment-reply-link\" href=\"https:\/\/infotulcea.ro\/masuri-pentru-limitarea-raspandirii-variolei-ovina-si-caprina-in-judetul-tulcea\/#respond\">Anuleaz\u0103 r\u0103spunsul<\/a><\/small><\/h3>\n<p class=\"comment-notes\"><span id=\"email-notes\">Adresa ta de email nu va fi publicat\u0103.<\/span><span class=\"required-field-message\">C\u00e2mpurile obligatorii sunt marcate cu <span class=\"required\">*<\/span><\/span><\/p>\n<\/div>\n<\/div>\n<\/div>\n<\/div>\n<\/div>\n<div id=\"check-also-box\" class=\"container-wrapper check-also-right\">\n<div class=\"widget-title the-global-title\">\n<div class=\"the-subtitle\">Check Also<\/div>\n<p><a href=\"https:\/\/infotulcea.ro\/masuri-pentru-limitarea-raspandirii-variolei-ovina-si-caprina-in-judetul-tulcea\/\" id=\"check-also-close\" class=\"remove\"><span class=\"screen-reader-text\">Close<\/span><\/a><\/div>\n<div class=\"widget posts-list-big-first has-first-big-post\">\n<ul class=\"posts-list-items\">\n<li class=\"widget-single-post-item widget-post-list tie-standard\">\n<div class=\"post-widget-thumbnail\"><a aria-label=\"Pre\u0219edinta USR, Elena Lasconi: Rom\u00e2nia condus\u0103 de PSD nu-i protejeaz\u0103 pe cei vulnerabili, ci doar pe speciali!\" href=\"https:\/\/infotulcea.ro\/presedinta-usr-elena-lasconi-romania-condusa-de-psd-nu-i-protejeaza-pe-cei-vulnerabili-ci-doar-pe-speciali\/\" class=\"post-thumb\"><span class=\"post-cat-wrap\"><span class=\"post-cat tie-cat-248\">USR<\/span><\/span><source type=\"image\/webp\" data-srcset=\"https:\/\/infotulcea.ro\/wp-content\/uploads\/2025\/01\/ciolacu-2-390x220.jpg.webp\" \/><img loading=\"lazy\" decoding=\"async\" width=\"390\" height=\"220\" src=\"https:\/\/infotulcea.ro\/wp-content\/uploads\/2025\/01\/ciolacu-2-390x220.jpg\" class=\"attachment-jannah-image-large size-jannah-image-large wp-post-image\" alt><\/a><\/div>\n<div class=\"post-widget-body \"><a class=\"post-title the-subtitle\" href=\"https:\/\/infotulcea.ro\/presedinta-usr-elena-lasconi-romania-condusa-de-psd-nu-i-protejeaza-pe-cei-vulnerabili-ci-doar-pe-speciali\/\">Pre\u0219edinta USR, Elena Lasconi: Rom\u00e2nia condus\u0103 de PSD nu-i protejeaz\u0103 pe cei vulnerabili, ci doar pe speciali!<\/a><\/p>\n<div class=\"post-meta\"><span class=\"date meta-item tie-icon\">22 ianuarie 2025<\/span><\/div>\n<\/div>\n<\/li>\n<\/ul>\n<\/div>\n<\/div>\n<aside class=\"sidebar tie-col-md-4 tie-col-xs-12 normal-side is-sticky\" aria-label=\"Primary Sidebar\">\n<div class=\"theiaStickySidebar\">\n<div id=\"media_image-19\" class=\"container-wrapper widget widget_media_image\"><a href=\"https:\/\/infotulcea.ro\/delta-dunarii-mai-accesibila-navrom-delta-creste-numarul-curselor-regulate-de-la-1-mai-2025\/\"><source sizes=\"(max-width: 500px) 100vw, 500px\" type=\"image\/webp\" data-srcset=\"https:\/\/infotulcea.ro\/wp-content\/uploads\/2025\/04\/navrom-delta-500x271.jpg.webp 500w, https:\/\/infotulcea.ro\/wp-content\/uploads\/2025\/04\/navrom-delta-1024x555.jpg.webp 1024w, https:\/\/infotulcea.ro\/wp-content\/uploads\/2025\/04\/navrom-delta-768x416.jpg.webp 768w, https:\/\/infotulcea.ro\/wp-content\/uploads\/2025\/04\/navrom-delta.jpg.webp 1080w\" \/><img loading=\"lazy\" decoding=\"async\" width=\"500\" height=\"271\" src=\"https:\/\/infotulcea.ro\/wp-content\/uploads\/2025\/04\/navrom-delta-500x271.jpg\" class=\"image wp-image-34487  attachment-medium size-medium\" alt><\/a><\/div>\n<div id=\"media_image-17\" class=\"container-wrapper widget widget_media_image\"><a href=\"https:\/\/www.facebook.com\/share\/p\/1DGAD1tLWN\/?mibextid=wwXIfr\" target=\"_blank\"><source sizes=\"(max-width: 500px) 100vw, 500px\" type=\"image\/webp\" data-srcset=\"https:\/\/infotulcea.ro\/wp-content\/uploads\/2026\/01\/IMG_1563-500x500.jpeg.webp 500w, https:\/\/infotulcea.ro\/wp-content\/uploads\/2026\/01\/IMG_1563-1024x1024.jpeg.webp 1024w, https:\/\/infotulcea.ro\/wp-content\/uploads\/2026\/01\/IMG_1563-250x250.jpeg.webp 250w, https:\/\/infotulcea.ro\/wp-content\/uploads\/2026\/01\/IMG_1563-768x768.jpeg.webp 768w, https:\/\/infotulcea.ro\/wp-content\/uploads\/2026\/01\/IMG_1563.jpeg.webp 1080w\" \/><img loading=\"lazy\" decoding=\"async\" width=\"500\" height=\"500\" src=\"https:\/\/infotulcea.ro\/wp-content\/uploads\/2026\/01\/IMG_1563-500x500.jpeg\" class=\"image wp-image-37932  attachment-medium size-medium\" alt title=\"Centrale pe lemne\"><\/a><\/div>\n<div id=\"media_image-18\" class=\"container-wrapper widget widget_media_image\"><a href=\"https:\/\/www.licitatia.ro\/site\/index-guest\"><img loading=\"lazy\" decoding=\"async\" width=\"500\" height=\"262\" src=\"https:\/\/infotulcea.ro\/wp-content\/uploads\/2025\/09\/licitatia-500x262.png\" class=\"image wp-image-36670  attachment-medium size-medium lazyload\" alt data-max-width=\"500\"><img loading=\"lazy\" decoding=\"async\" width=\"500\" height=\"262\" src=\"https:\/\/infotulcea.ro\/wp-content\/uploads\/2025\/09\/licitatia-500x262.png\" class=\"image wp-image-36670  attachment-medium size-medium\" alt><\/a><\/div>\n<div id=\"media_image-27\" class=\"container-wrapper widget widget_media_image\"><a href=\"https:\/\/www.centrale-lemne-liepsnele.ro\/\"><img loading=\"lazy\" decoding=\"async\" width=\"500\" height=\"500\" src=\"https:\/\/infotulcea.ro\/wp-content\/uploads\/2025\/09\/Centrale-pe-Lemne-Liepsnele-500x500.png\" class=\"image wp-image-36541  attachment-medium size-medium lazyload\" alt=\"Centrala pe lemne\" data-max-width=\"500\"><img loading=\"lazy\" decoding=\"async\" width=\"500\" height=\"500\" src=\"https:\/\/infotulcea.ro\/wp-content\/uploads\/2025\/09\/Centrale-pe-Lemne-Liepsnele-500x500.png\" class=\"image wp-image-36541  attachment-medium size-medium\" alt=\"Centrala pe lemne\"><\/a><\/div>\n<div id=\"media_image-28\" class=\"container-wrapper widget widget_media_image\"><a href=\"https:\/\/infotulcea.ro\/angajeaza-te-ro-platforma-ta-online-de-angajari-si-forta-de-munca\/\"><source sizes=\"(max-width: 500px) 100vw, 500px\" type=\"image\/webp\" data-srcset=\"https:\/\/infotulcea.ro\/wp-content\/uploads\/2025\/04\/banner-angajazate-1-500x305.jpg.webp 500w, https:\/\/infotulcea.ro\/wp-content\/uploads\/2025\/04\/banner-angajazate-1-1024x625.jpg.webp 1024w, https:\/\/infotulcea.ro\/wp-content\/uploads\/2025\/04\/banner-angajazate-1-768x469.jpg.webp 768w, https:\/\/infotulcea.ro\/wp-content\/uploads\/2025\/04\/banner-angajazate-1.jpg.webp 1080w\" \/><img loading=\"lazy\" decoding=\"async\" width=\"500\" height=\"305\" src=\"https:\/\/infotulcea.ro\/wp-content\/uploads\/2025\/04\/banner-angajazate-1-500x305.jpg\" class=\"image wp-image-34317  attachment-medium size-medium\" alt><\/a><\/div>\n<\/div>\n<\/aside>\n<\/div>\n<\/div>\n<div class=\"entry-content entry clearfix\">\n<p><strong>\u00cen cadrul \u0219edin\u021bei desf\u0103\u0219urate ast\u0103zi, 21 august 2026, la ora 16:00, la Prefectura Tulcea, Centrul Local de Combatere a Bolilor a aprobat noi m\u0103suri pentru prevenirea \u0219i limitarea r\u0103sp\u00e2ndirii variolei ovin\u0103 \u0219i caprin\u0103.<source sizes=\"(max-width: 437px) 100vw, 437px\" type=\"image\/webp\" data-srcset=\"https:\/\/infotulcea.ro\/wp-content\/uploads\/2025\/11\/eugen-terente-500x449.jpg.webp 500w, https:\/\/infotulcea.ro\/wp-content\/uploads\/2025\/11\/eugen-terente-1024x919.jpg.webp 1024w, https:\/\/infotulcea.ro\/wp-content\/uploads\/2025\/11\/eugen-terente-768x689.jpg.webp 768w, https:\/\/infotulcea.ro\/wp-content\/uploads\/2025\/11\/eugen-terente.jpg.webp 1337w\" \/><\/strong><\/p>\n<p><img loading=\"lazy\" decoding=\"async\" class=\" wp-image-37382 alignright\" src=\"https:\/\/infotulcea.ro\/wp-content\/uploads\/2025\/11\/eugen-terente-500x449.jpg\" alt width=\"437\" height=\"392\"><\/p>\n<p>Decizia vine dup\u0103 confirmarea unor focare \u00een Valea Nucarilor \u0219i Peceneaga, precum \u0219i apari\u021bia unor noi suspiciuni.<\/p>\n<p>\u00cencep\u00e2nd de ast\u0103zi, este interzis\u0103 mi\u0219carea ovinelor \u0219i caprinelor pe teritoriul jude\u021bului Tulcea, inclusiv transportul c\u0103tre sau dinspre alte jude\u021be. Sunt instituite, de asemenea, zone de protec\u021bie \u0219i supraveghere \u00een jurul focarelor.<\/p>\n<p>Vor fi intensificate controalele \u00een trafic \u0219i supravegherea efectivelor, iar t\u00e2rgurile, expozi\u021biile \u0219i alte adun\u0103ri de ovine \u0219i caprine sunt interzise pe durata aplic\u0103rii m\u0103surilor.<\/p>\n<p>Autorit\u0103\u021bile fac apel la cresc\u0103tori s\u0103 respecte restric\u021biile \u0219i s\u0103 anun\u021be imediat medicul veterinar \u00een cazul apari\u021biei unor semne de boal\u0103.<\/p>\n<\/div>\n<div class=\"articleBody\" data-key=\"articleBody\">\u00cen cadrul \u0219edin\u021bei desf\u0103\u0219urate ast\u0103zi, 21 august 2026, la ora 16:00, la Prefectura Tulcea, Centrul Local de Combatere a Bolilor a aprobat noi m\u0103suri pentru prevenirea \u0219i limitarea r\u0103sp\u00e2ndirii variolei ovin\u0103 \u0219i caprin\u0103.<\/p>\n<p>Decizia vine dup\u0103 confirmarea unor focare \u00een Valea Nucarilor \u0219i Peceneaga, precum \u0219i apari\u021bia unor noi suspiciuni.<\/p>\n<p>\u00cencep\u00e2nd de ast\u0103zi, este interzis\u0103 mi\u0219carea ovinelor \u0219i caprinelor pe teritoriul jude\u021bului Tulcea, inclusiv transportul c\u0103tre sau dinspre alte jude\u021be. Sunt instituite, de asemenea, zone de protec\u021bie \u0219i supraveghere \u00een jurul focarelor.<\/p>\n<p>Vor fi intensificate controalele \u00een trafic \u0219i supravegherea efectivelor, iar t\u00e2rgurile, expozi\u021biile \u0219i alte adun\u0103ri de ovine \u0219i caprine sunt interzise pe durata aplic\u0103rii m\u0103surilor.<\/p>\n<p>Autorit\u0103\u021bile fac apel la cresc\u0103tori s\u0103 respecte restric\u021biile \u0219i s\u0103 anun\u021be imediat medicul veterinar \u00een cazul apari\u021biei unor semne de boal\u0103.<\/p><\/div>\n<p>[analyse_source url=&#8221;https:\/\/infotulcea.ro\/masuri-pentru-limitarea-raspandirii-variolei-ovina-si-caprina-in-judetul-tulcea\/&#8221;]<\/p>\n","protected":false},"excerpt":{"rendered":"<p>[analyse_image type=&#8221;featured&#8221; src=&#8221;https:\/\/infotulcea.ro\/wp-content\/uploads\/2025\/11\/eugen-terente.jpghttps:\/\/infotulcea.ro\/wp-content\/uploads\/2025\/11\/eugen-terente.jpg&#8221;] Home\/Politic\u0103\/USR\/M\u0103suri pentru limitarea r\u0103sp\u00e2ndirii variolei ovin\u0103 \u0219i caprin\u0103 \u00een jude\u021bul Tulcea USR M\u0103suri pentru limitarea r\u0103sp\u00e2ndirii variolei ovin\u0103 \u0219i caprin\u0103 \u00een jude\u021bul Tulcea Redactia22 august 2026 0 450 1 minute read \u00cen cadrul \u0219edin\u021bei desf\u0103\u0219urate ast\u0103zi, 21 august 2026, la ora 16:00, la Prefectura Tulcea, Centrul Local de Combatere a Bolilor a [&hellip;]<\/p>\n","protected":false},"author":1,"featured_media":0,"comment_status":"open","ping_status":"","sticky":false,"template":"","format":"standard","meta":{"footnotes":""},"categories":[89],"tags":[226,221],"class_list":["post-2115758","post","type-post","status-publish","format-standard","hentry","category-romania","tag-crawlmanager","tag-infotulcea-ro"],"_links":{"self":[{"href":"https:\/\/analyse.optim.biz\/index.php?rest_route=\/wp\/v2\/posts\/2115758","targetHints":{"allow":["GET"]}}],"collection":[{"href":"https:\/\/analyse.optim.biz\/index.php?rest_route=\/wp\/v2\/posts"}],"about":[{"href":"https:\/\/analyse.optim.biz\/index.php?rest_route=\/wp\/v2\/types\/post"}],"author":[{"embeddable":true,"href":"https:\/\/analyse.optim.biz\/index.php?rest_route=\/wp\/v2\/users\/1"}],"replies":[{"embeddable":true,"href":"https:\/\/analyse.optim.biz\/index.php?rest_route=%2Fwp%2Fv2%2Fcomments&post=2115758"}],"version-history":[{"count":0,"href":"https:\/\/analyse.optim.biz\/index.php?rest_route=\/wp\/v2\/posts\/2115758\/revisions"}],"wp:attachment":[{"href":"https:\/\/analyse.optim.biz\/index.php?rest_route=%2Fwp%2Fv2%2Fmedia&parent=2115758"}],"wp:term":[{"taxonomy":"category","embeddable":true,"href":"https:\/\/analyse.optim.biz\/index.php?rest_route=%2Fwp%2Fv2%2Fcategories&post=2115758"},{"taxonomy":"post_tag","embeddable":true,"href":"https:\/\/analyse.optim.biz\/index.php?rest_route=%2Fwp%2Fv2%2Ftags&post=2115758"}],"curies":[{"name":"wp","href":"https:\/\/api.w.org\/{rel}","templated":true}]}}