{"id":2115754,"date":"2026-08-25T16:37:21","date_gmt":"2026-08-25T13:37:21","guid":{"rendered":"https:\/\/analyse.optim.biz\/?p=2115754"},"modified":"2026-08-25T16:37:21","modified_gmt":"2026-08-25T13:37:21","slug":"usr-cere-ani-sa-publice-situatia-consilierilor-locali-si-judeteni-aflati-in-incompatibilitate-cristian-seidler-noile-standarde-de-integritate-trebuie-aplicate-functiei-alese-nu-raporturilor","status":"publish","type":"post","link":"https:\/\/analyse.optim.biz\/?p=2115754","title":{"rendered":"USR cere ANI s\u0103 publice situa\u021bia consilierilor locali \u0219i jude\u021beni afla\u021bi \u00een incompatibilitate Cristian Seidler: \u201eNoile standarde de integritate trebuie aplicate func\u021biei alese, nu raporturilor de munc\u0103\u201d"},"content":{"rendered":"<p>[analyse_image type=&#8221;featured&#8221; src=&#8221;https:\/\/infotulcea.ro\/wp-content\/uploads\/2026\/08\/usr-1-1.jpeghttps:\/\/infotulcea.ro\/wp-content\/uploads\/2026\/08\/usr-1-1.jpeg&#8221;]<\/p>\n<div id=\"content\" class=\"site-content container\">\n<div id=\"main-content-row\" class=\"tie-row main-content-row\">\n<div class=\"main-content tie-col-md-8 tie-col-xs-12\" role=\"main\">\n<article id=\"the-post\" class=\"container-wrapper post-content tie-standard\">\n<header class=\"entry-header-outer\">\n<nav id=\"breadcrumb\"><a href=\"https:\/\/infotulcea.ro\/\"> Home<\/a><em class=\"delimiter\">\/<\/em><a href=\"https:\/\/infotulcea.ro\/categorie\/politica\/\">Politic\u0103<\/a><em class=\"delimiter\">\/<\/em><a href=\"https:\/\/infotulcea.ro\/categorie\/politica\/usr\/\">USR<\/a><em class=\"delimiter\">\/<\/em><span class=\"current\">USR cere ANI s\u0103 publice situa\u021bia consilierilor locali \u0219i jude\u021beni afla\u021bi \u00een incompatibilitate Cristian Seidler: \u201eNoile standarde de integritate trebuie aplicate func\u021biei alese, nu raporturilor de munc\u0103\u201d<\/span><\/nav>\n<div class=\"entry-header\"><span class=\"post-cat-wrap\"><a class=\"post-cat tie-cat-248\" href=\"https:\/\/infotulcea.ro\/categorie\/politica\/usr\/\">USR<\/a><\/span><\/p>\n<h1 class=\"post-title entry-title\">\n\t\t\tUSR cere ANI s\u0103 publice situa\u021bia consilierilor locali \u0219i jude\u021beni afla\u021bi \u00een incompatibilitate Cristian Seidler: \u201eNoile standarde de integritate trebuie aplicate func\u021biei alese, nu raporturilor de munc\u0103\u201d\t\t<\/h1>\n<div class=\"single-post-meta post-meta clearfix\"><span class=\"author-meta single-author no-avatars\"><span class=\"meta-item meta-author-wrapper meta-author-9\"><span class=\"meta-author\"><a href=\"https:\/\/infotulcea.ro\/author\/redactia-2\/\" class=\"author-name tie-icon\" title=\"Redactia\">Redactia<\/a><\/span><\/span><\/span><span class=\"date meta-item tie-icon\">25 august 2026<\/span><\/p>\n<div class=\"tie-alignright\"><span class=\"meta-comment tie-icon meta-item fa-before\">0<\/span><span class=\"meta-views meta-item \"> 878 <\/span><span class=\"meta-reading-time meta-item\"> 2 minutes read<\/span><\/div>\n<\/div>\n<\/div>\n<\/header>\n<div class=\"entry-content entry clearfix\">\n<p><strong>USR solicit\u0103 Agen\u021biei Na\u021bionale de Integritate (ANI) s\u0103 publice de urgen\u021b\u0103 situa\u021bia consilierilor locali \u0219i jude\u021beni care, \u00een urma intr\u0103rii \u00een vigoare a noilor prevederi privind incompatibilit\u0103\u021bile, se afl\u0103 simultan \u00eentr-o func\u021bie aleas\u0103 \u0219i \u00eentr-un raport de munc\u0103 cu o institu\u021bie public\u0103, precum \u0219i apartenen\u021ba politic\u0103 a acestora.<\/strong><\/p>\n<p>Legea, intrat\u0103 \u00een vigoare pe 9 august, care produce deja efecte juridice, interzice consilierilor locali \u0219i jude\u021beni s\u0103 fie, \u00een acela\u0219i timp, angaja\u021bi \u00een prim\u0103rii, consilii jude\u021bene, ministere, agen\u021bii, servicii publice sau alte institu\u021bii ale administra\u021biei publice. \u00cen consecin\u021b\u0103, mii de ale\u0219i locali risc\u0103 s\u0103 se afle ast\u0103zi \u00eentr-o situa\u021bie de incompatibilitate \u0219i s\u0103 fie supu\u0219i unor sanc\u021biuni administrative sau disciplinare.<\/p>\n<p>\u201eANI avea inclusiv rolul de a avertiza din timp asupra implica\u021biilor pe care le au aceste prevederi. Din p\u0103cate, nu este prima dat\u0103 c\u00e2nd Agen\u021bia r\u0103m\u00e2ne \u00een t\u0103cere prea mult timp \u00eentr-o situa\u021bie \u00een care ar fi trebuit s\u0103 ofere claritate \u0219i s\u0103<source sizes=\"(max-width: 282px) 100vw, 282px\" type=\"image\/webp\" data-srcset=\"https:\/\/infotulcea.ro\/wp-content\/uploads\/2026\/08\/usr-1-1-318x500.jpeg.webp 318w, https:\/\/infotulcea.ro\/wp-content\/uploads\/2026\/08\/usr-1-1.jpeg.webp 562w\" \/><\/p>\n<p><img loading=\"lazy\" decoding=\"async\" class=\" wp-image-40472 alignright\" src=\"https:\/\/infotulcea.ro\/wp-content\/uploads\/2026\/08\/usr-1-1-318x500.jpeg\" alt width=\"282\" height=\"443\"> asigure aplicarea unitar\u0103 a regulilor de integritate. Acum, c\u00e2nd legea este deja \u00een vigoare \u0219i produce efecte, cerem ANI s\u0103 fac\u0103 public\u0103 imediat situa\u021bia ale\u0219ilor locali afla\u021bi \u00een incompatibilitate\u201d, declar\u0103 purt\u0103torul de cuv\u00e2nt al USR, Cristian Seidler.<\/p>\n<p>Aplicarea noilor prevederi a generat, \u00een acela\u0219i timp, o controvers\u0103 privind sanc\u021biunea care trebuie aplicat\u0103. De\u0219i regimul incompatibilit\u0103\u021bilor poate conduce la pierderea mandatului alesului local, interpretarea exprimat\u0103 azi de ANI este c\u0103, \u00een aceast\u0103 situa\u021bie, consecin\u021bele ar trebui s\u0103 priveasc\u0103 raportul de munc\u0103 al persoanei, printr-o sanc\u021biune disciplinar\u0103, \u0219i nu mandatul ob\u021binut prin vot.<\/p>\n<p>USR consider\u0103 aceast\u0103 interpretare profund problematic\u0103. \u201eDac\u0103 textul legii introduce noi standarde de integritate pentru ale\u0219ii locali, atunci este evident c\u0103 aceste standarde trebuie aplicate func\u021biei alese. Nu po\u021bi sanc\u021biona un raport de munc\u0103 pentru o situa\u021bie care nu \u021bine de activitatea profesional\u0103 a angajatului. Interpretarea contrar\u0103 arat\u0103 c\u00e2t de aberant ajung s\u0103 reac\u021bioneze institu\u021biile publice atunci c\u00e2nd sunt atinse interesele PSD\u201d, afirm\u0103 Cristian Seidler.<\/p>\n<p>USR atrage aten\u021bia c\u0103 reac\u021biile ap\u0103rute \u00een interiorul PSD dup\u0103 intrarea \u00een vigoare a legii indic\u0103 dimensiunea problemei \u0219i num\u0103rul mare de persoane care cumuleaz\u0103 un mandat de ales local cu un loc de munc\u0103 \u00een sistemul public. Modific\u0103rile aduse Codului Administrativ prin Agen\u021bia Na\u021bional\u0103 a Func\u021bionarilor Publici condus\u0103 de un reprezentant PSD ar fi necesitat o discu\u021bie serioas\u0103, legat\u0103 de principii, nu de cum sunt salvate mandatele a mii de ale\u0219i locali.<\/p>\n<p>\u201ePanica din PSD pe acest subiect spune totul despre prioritatea lor: s\u0103 p\u0103streze c\u00e2t mai mul\u021bi oameni dublu \u00een\u0219uruba\u021bi \u2013 \u0219i ca ale\u0219i locali, \u0219i ca angaja\u021bi la stat. \u00cen loc s\u0103 avem o discu\u021bie serioas\u0103 despre o lege prost g\u00e2ndit\u0103 \u0219i despre aplicarea ei coerent\u0103, vedem din nou institu\u021bii care caut\u0103 interpret\u0103ri convenabile atunci c\u00e2nd sunt puse \u00een pericol func\u021biile \u0219i accesul la bani publici ale clientelei de partid\u201d, conchide Cristian Seidler.<\/p>\n<\/div>\n<div id=\"post-extra-info\">\n<div class=\"theiaStickySidebar\">\n<div class=\"single-post-meta post-meta clearfix\"><span class=\"author-meta single-author no-avatars\"><span class=\"meta-item meta-author-wrapper meta-author-9\"><span class=\"meta-author\"><a href=\"https:\/\/infotulcea.ro\/author\/redactia-2\/\" class=\"author-name tie-icon\" title=\"Redactia\">Redactia<\/a><\/span><\/span><\/span><span class=\"date meta-item tie-icon\">25 august 2026<\/span><\/p>\n<div class=\"tie-alignright\"><span class=\"meta-comment tie-icon meta-item fa-before\">0<\/span><span class=\"meta-views meta-item \"> 878 <\/span><span class=\"meta-reading-time meta-item\"> 2 minutes read<\/span><\/div>\n<\/div>\n<\/div>\n<\/div>\n<div id=\"share-buttons-bottom\" class=\"share-buttons share-buttons-bottom\">\n<div class=\"share-links  icons-only\">\n<div class=\"share-title\"><span> Share<\/span><\/div>\n<p><a href=\"https:\/\/www.facebook.com\/sharer.php?u=https:\/\/infotulcea.ro\/usr-cere-ani-sa-publice-situatia-consilierilor-locali-si-judeteni-aflati-in-incompatibilitate-cristian-seidler-noile-standarde-de-integritate-trebuie-aplicate-functiei-alese-nu-raporturilor\/\" rel=\"external noopener nofollow\" title=\"Facebook\" target=\"_blank\" class=\"facebook-share-btn \" data-raw=\"https:\/\/www.facebook.com\/sharer.php?u={post_link}\"><span class=\"screen-reader-text\">Facebook<\/span><\/a><a href=\"https:\/\/twitter.com\/intent\/tweet?text=USR%20cere%20ANI%20s%C4%83%20publice%20situa%C8%9Bia%20consilierilor%20locali%20%C8%99i%20jude%C8%9Beni%20afla%C8%9Bi%20%C3%AEn%20incompatibilitate%20Cristian%20Seidler%3A%20%E2%80%9ENoile%20standarde%20de%20integritate%20trebuie%20aplicate%20func%C8%9Biei%20alese%2C%20nu%20raporturilor%20de%20munc%C4%83%E2%80%9D&amp;url=https:\/\/infotulcea.ro\/usr-cere-ani-sa-publice-situatia-consilierilor-locali-si-judeteni-aflati-in-incompatibilitate-cristian-seidler-noile-standarde-de-integritate-trebuie-aplicate-functiei-alese-nu-raporturilor\/\" rel=\"external noopener nofollow\" title=\"X\" target=\"_blank\" class=\"twitter-share-btn \" data-raw=\"https:\/\/twitter.com\/intent\/tweet?text={post_title}&amp;url={post_link}\"><span class=\"screen-reader-text\">X<\/span><\/a><a href=\"https:\/\/api.whatsapp.com\/send?text=USR%20cere%20ANI%20s%C4%83%20publice%20situa%C8%9Bia%20consilierilor%20locali%20%C8%99i%20jude%C8%9Beni%20afla%C8%9Bi%20%C3%AEn%20incompatibilitate%20Cristian%20Seidler%3A%20%E2%80%9ENoile%20standarde%20de%20integritate%20trebuie%20aplicate%20func%C8%9Biei%20alese%2C%20nu%20raporturilor%20de%20munc%C4%83%E2%80%9D%20https:\/\/infotulcea.ro\/usr-cere-ani-sa-publice-situatia-consilierilor-locali-si-judeteni-aflati-in-incompatibilitate-cristian-seidler-noile-standarde-de-integritate-trebuie-aplicate-functiei-alese-nu-raporturilor\/\" rel=\"external noopener nofollow\" title=\"WhatsApp\" target=\"_blank\" class=\"whatsapp-share-btn \" data-raw=\"https:\/\/api.whatsapp.com\/send?text={post_title}%20{post_link}\"><span class=\"screen-reader-text\">WhatsApp<\/span><\/a><a href=\"https:\/\/telegram.me\/share\/url?url=https:\/\/infotulcea.ro\/usr-cere-ani-sa-publice-situatia-consilierilor-locali-si-judeteni-aflati-in-incompatibilitate-cristian-seidler-noile-standarde-de-integritate-trebuie-aplicate-functiei-alese-nu-raporturilor\/&amp;text=USR%20cere%20ANI%20s%C4%83%20publice%20situa%C8%9Bia%20consilierilor%20locali%20%C8%99i%20jude%C8%9Beni%20afla%C8%9Bi%20%C3%AEn%20incompatibilitate%20Cristian%20Seidler%3A%20%E2%80%9ENoile%20standarde%20de%20integritate%20trebuie%20aplicate%20func%C8%9Biei%20alese%2C%20nu%20raporturilor%20de%20munc%C4%83%E2%80%9D\" rel=\"external noopener nofollow\" title=\"Telegram\" target=\"_blank\" class=\"telegram-share-btn \" data-raw=\"https:\/\/telegram.me\/share\/url?url={post_link}&amp;text={post_title}\"><span class=\"screen-reader-text\">Telegram<\/span><\/a><a href=\"mailto:?subject=USR%20cere%20ANI%20s%C4%83%20publice%20situa%C8%9Bia%20consilierilor%20locali%20%C8%99i%20jude%C8%9Beni%20afla%C8%9Bi%20%C3%AEn%20incompatibilitate%20Cristian%20Seidler%3A%20%E2%80%9ENoile%20standarde%20de%20integritate%20trebuie%20aplicate%20func%C8%9Biei%20alese%2C%20nu%20raporturilor%20de%20munc%C4%83%E2%80%9D&amp;body=https:\/\/infotulcea.ro\/usr-cere-ani-sa-publice-situatia-consilierilor-locali-si-judeteni-aflati-in-incompatibilitate-cristian-seidler-noile-standarde-de-integritate-trebuie-aplicate-functiei-alese-nu-raporturilor\/\" rel=\"external noopener nofollow\" title=\"Share via Email\" target=\"_blank\" class=\"email-share-btn \" data-raw=\"mailto:?subject={post_title}&amp;body={post_link}\"><span class=\"screen-reader-text\">Share via Email<\/span><\/a><a href=\"https:\/\/infotulcea.ro\/usr-cere-ani-sa-publice-situatia-consilierilor-locali-si-judeteni-aflati-in-incompatibilitate-cristian-seidler-noile-standarde-de-integritate-trebuie-aplicate-functiei-alese-nu-raporturilor\/\" rel=\"external noopener nofollow\" title=\"Print\" target=\"_blank\" class=\"print-share-btn \" data-raw=\"#\"><span class=\"screen-reader-text\">Print<\/span><\/a><\/div>\n<\/div>\n<\/article>\n<div class=\"post-components\">\n<div id=\"related-posts\" class=\"container-wrapper has-extra-post\">\n<div class=\"mag-box-title the-global-title\">\n<h3>Related Articles<\/h3>\n<\/div>\n<div class=\"related-posts-list\">\n<div class=\"related-item tie-standard\"><a aria-label=\"Reac\u021bia pre\u0219edintelui USR, Dominic Fritz, la demisia lui Anastasiu\" href=\"https:\/\/infotulcea.ro\/reactia-presedintelui-usr-dominic-fritz-la-demisia-lui-anastasiu\/\" class=\"post-thumb\"><source type=\"image\/webp\" data-srcset=\"https:\/\/infotulcea.ro\/wp-content\/uploads\/2025\/07\/fritz-390x220.jpg.webp\" \/><img loading=\"lazy\" decoding=\"async\" width=\"390\" height=\"220\" src=\"https:\/\/infotulcea.ro\/wp-content\/uploads\/2025\/07\/fritz-390x220.jpg\" class=\"attachment-jannah-image-large size-jannah-image-large wp-post-image\" alt><\/a><\/p>\n<h3 class=\"post-title\"><a href=\"https:\/\/infotulcea.ro\/reactia-presedintelui-usr-dominic-fritz-la-demisia-lui-anastasiu\/\">Reac\u021bia pre\u0219edintelui USR, Dominic Fritz, la demisia lui Anastasiu<\/a><\/h3>\n<div class=\"post-meta clearfix\"><span class=\"date meta-item tie-icon\">28 iulie 2025<\/span><\/div>\n<\/div>\n<div class=\"related-item tie-standard\"><a aria-label=\"Ini\u021biativ\u0103 Elena Lasconi, pre\u0219edinte USR: F\u0103r\u0103 penali \u00een politic\u0103!\" href=\"https:\/\/infotulcea.ro\/initiativa-elena-lasconi-presedinte-usr-fara-penali-in-politica\/\" class=\"post-thumb\"><source type=\"image\/webp\" data-srcset=\"https:\/\/infotulcea.ro\/wp-content\/uploads\/2024\/10\/Imagine-WhatsApp-2024-10-11-la-15.54.01_4f016e73-390x220.jpg.webp\" \/><img loading=\"lazy\" decoding=\"async\" width=\"390\" height=\"220\" src=\"https:\/\/infotulcea.ro\/wp-content\/uploads\/2024\/10\/Imagine-WhatsApp-2024-10-11-la-15.54.01_4f016e73-390x220.jpg\" class=\"attachment-jannah-image-large size-jannah-image-large wp-post-image\" alt><\/a><\/p>\n<h3 class=\"post-title\"><a href=\"https:\/\/infotulcea.ro\/initiativa-elena-lasconi-presedinte-usr-fara-penali-in-politica\/\">Ini\u021biativ\u0103 Elena Lasconi, pre\u0219edinte USR: F\u0103r\u0103 penali \u00een politic\u0103!<\/a><\/h3>\n<div class=\"post-meta clearfix\"><span class=\"date meta-item tie-icon\">11 octombrie 2024<\/span><\/div>\n<\/div>\n<div class=\"related-item tie-standard\"><a aria-label=\"Ministrul Radu Miru\u021b\u0103, la Summitul NATO de la Ankara: Rom\u00e2nia are \u0219ansa de a deveni un actor important \u00een aceast\u0103 nou\u0103 arhitectur\u0103 industrial\u0103 de ap\u0103rare\" href=\"https:\/\/infotulcea.ro\/ministrul-radu-miruta-la-summitul-nato-de-la-ankara-romania-are-sansa-de-a-deveni-un-actor-important-in-aceasta-noua-arhitectura-industriala-de-aparare\/\" class=\"post-thumb\"><source type=\"image\/webp\" data-srcset=\"https:\/\/infotulcea.ro\/wp-content\/uploads\/2026\/07\/usr-1-390x220.jpeg.webp\" \/><img loading=\"lazy\" decoding=\"async\" width=\"390\" height=\"220\" src=\"https:\/\/infotulcea.ro\/wp-content\/uploads\/2026\/07\/usr-1-390x220.jpeg\" class=\"attachment-jannah-image-large size-jannah-image-large wp-post-image\" alt><\/a><\/p>\n<h3 class=\"post-title\"><a href=\"https:\/\/infotulcea.ro\/ministrul-radu-miruta-la-summitul-nato-de-la-ankara-romania-are-sansa-de-a-deveni-un-actor-important-in-aceasta-noua-arhitectura-industriala-de-aparare\/\">Ministrul Radu Miru\u021b\u0103, la Summitul NATO de la Ankara: Rom\u00e2nia are \u0219ansa de a deveni un actor important \u00een aceast\u0103 nou\u0103 arhitectur\u0103 industrial\u0103 de ap\u0103rare<\/a><\/h3>\n<div class=\"post-meta clearfix\"><span class=\"date meta-item tie-icon\">8 iulie 2026<\/span><\/div>\n<\/div>\n<div class=\"related-item tie-standard\"><a aria-label=\"Eugen Terente, pre\u0219edintele USR Tulcea, v\u0103 ureaz\u0103 Cr\u0103ciun fericit!\" href=\"https:\/\/infotulcea.ro\/eugen-terente-presedintele-usr-tulcea-va-ureaza-craciun-fericit\/\" class=\"post-thumb\"><source type=\"image\/webp\" data-srcset=\"https:\/\/infotulcea.ro\/wp-content\/uploads\/2025\/12\/usr-390x220.jpg.webp\" \/><img loading=\"lazy\" decoding=\"async\" width=\"390\" height=\"220\" src=\"https:\/\/infotulcea.ro\/wp-content\/uploads\/2025\/12\/usr-390x220.jpg\" class=\"attachment-jannah-image-large size-jannah-image-large wp-post-image\" alt><\/a><\/p>\n<h3 class=\"post-title\"><a href=\"https:\/\/infotulcea.ro\/eugen-terente-presedintele-usr-tulcea-va-ureaza-craciun-fericit\/\">Eugen Terente, pre\u0219edintele USR Tulcea, v\u0103 ureaz\u0103 Cr\u0103ciun fericit!<\/a><\/h3>\n<div class=\"post-meta clearfix\"><span class=\"date meta-item tie-icon\">25 decembrie 2025<\/span><\/div>\n<\/div>\n<\/div>\n<\/div>\n<div id=\"comments\" class=\"comments-area\">\n<div id=\"add-comment-block\" class=\"container-wrapper\">\n<div id=\"respond\" class=\"comment-respond\">\n<h3 id=\"reply-title\" class=\"comment-reply-title the-global-title\">Las\u0103 un r\u0103spuns <small><a rel=\"nofollow\" id=\"cancel-comment-reply-link\" href=\"https:\/\/infotulcea.ro\/usr-cere-ani-sa-publice-situatia-consilierilor-locali-si-judeteni-aflati-in-incompatibilitate-cristian-seidler-noile-standarde-de-integritate-trebuie-aplicate-functiei-alese-nu-raporturilor\/#respond\">Anuleaz\u0103 r\u0103spunsul<\/a><\/small><\/h3>\n<p class=\"comment-notes\"><span id=\"email-notes\">Adresa ta de email nu va fi publicat\u0103.<\/span><span class=\"required-field-message\">C\u00e2mpurile obligatorii sunt marcate cu <span class=\"required\">*<\/span><\/span><\/p>\n<\/div>\n<\/div>\n<\/div>\n<\/div>\n<\/div>\n<div id=\"check-also-box\" class=\"container-wrapper check-also-right\">\n<div class=\"widget-title the-global-title\">\n<div class=\"the-subtitle\">Check Also<\/div>\n<p><a href=\"https:\/\/infotulcea.ro\/usr-cere-ani-sa-publice-situatia-consilierilor-locali-si-judeteni-aflati-in-incompatibilitate-cristian-seidler-noile-standarde-de-integritate-trebuie-aplicate-functiei-alese-nu-raporturilor\/\" id=\"check-also-close\" class=\"remove\"><span class=\"screen-reader-text\">Close<\/span><\/a><\/div>\n<div class=\"widget posts-list-big-first has-first-big-post\">\n<ul class=\"posts-list-items\">\n<li class=\"widget-single-post-item widget-post-list tie-standard\">\n<div class=\"post-widget-thumbnail\"><a aria-label=\"Diana Buzoianu: Pl\u00e2ngere penal\u0103 dup\u0103 vandalizarea camerelor forestiere\" href=\"https:\/\/infotulcea.ro\/diana-buzoianu-plangere-penala-dupa-vandalizarea-camerelor-forestiere\/\" class=\"post-thumb\"><span class=\"post-cat-wrap\"><span class=\"post-cat tie-cat-28\">Politice<\/span><\/span><source type=\"image\/webp\" data-srcset=\"https:\/\/infotulcea.ro\/wp-content\/uploads\/2026\/06\/usr-1--390x220.jpeg.webp\" \/><img loading=\"lazy\" decoding=\"async\" width=\"390\" height=\"220\" src=\"https:\/\/infotulcea.ro\/wp-content\/uploads\/2026\/06\/usr-1--390x220.jpeg\" class=\"attachment-jannah-image-large size-jannah-image-large wp-post-image\" alt><\/a><\/div>\n<div class=\"post-widget-body \"><a class=\"post-title the-subtitle\" href=\"https:\/\/infotulcea.ro\/diana-buzoianu-plangere-penala-dupa-vandalizarea-camerelor-forestiere\/\">Diana Buzoianu: Pl\u00e2ngere penal\u0103 dup\u0103 vandalizarea camerelor forestiere<\/a><\/p>\n<div class=\"post-meta\"><span class=\"date meta-item tie-icon\">9 iunie 2026<\/span><\/div>\n<\/div>\n<\/li>\n<\/ul>\n<\/div>\n<\/div>\n<aside class=\"sidebar tie-col-md-4 tie-col-xs-12 normal-side is-sticky\" aria-label=\"Primary Sidebar\">\n<div class=\"theiaStickySidebar\">\n<div id=\"media_image-19\" class=\"container-wrapper widget widget_media_image\"><a href=\"https:\/\/infotulcea.ro\/delta-dunarii-mai-accesibila-navrom-delta-creste-numarul-curselor-regulate-de-la-1-mai-2025\/\"><source sizes=\"(max-width: 500px) 100vw, 500px\" type=\"image\/webp\" data-srcset=\"https:\/\/infotulcea.ro\/wp-content\/uploads\/2025\/04\/navrom-delta-500x271.jpg.webp 500w, https:\/\/infotulcea.ro\/wp-content\/uploads\/2025\/04\/navrom-delta-1024x555.jpg.webp 1024w, https:\/\/infotulcea.ro\/wp-content\/uploads\/2025\/04\/navrom-delta-768x416.jpg.webp 768w, https:\/\/infotulcea.ro\/wp-content\/uploads\/2025\/04\/navrom-delta.jpg.webp 1080w\" \/><img loading=\"lazy\" decoding=\"async\" width=\"500\" height=\"271\" src=\"https:\/\/infotulcea.ro\/wp-content\/uploads\/2025\/04\/navrom-delta-500x271.jpg\" class=\"image wp-image-34487  attachment-medium size-medium\" alt><\/a><\/div>\n<div id=\"media_image-17\" class=\"container-wrapper widget widget_media_image\"><a href=\"https:\/\/www.facebook.com\/share\/p\/1DGAD1tLWN\/?mibextid=wwXIfr\" target=\"_blank\"><source sizes=\"(max-width: 500px) 100vw, 500px\" type=\"image\/webp\" data-srcset=\"https:\/\/infotulcea.ro\/wp-content\/uploads\/2026\/01\/IMG_1563-500x500.jpeg.webp 500w, https:\/\/infotulcea.ro\/wp-content\/uploads\/2026\/01\/IMG_1563-1024x1024.jpeg.webp 1024w, https:\/\/infotulcea.ro\/wp-content\/uploads\/2026\/01\/IMG_1563-250x250.jpeg.webp 250w, https:\/\/infotulcea.ro\/wp-content\/uploads\/2026\/01\/IMG_1563-768x768.jpeg.webp 768w, https:\/\/infotulcea.ro\/wp-content\/uploads\/2026\/01\/IMG_1563.jpeg.webp 1080w\" \/><img loading=\"lazy\" decoding=\"async\" width=\"500\" height=\"500\" src=\"https:\/\/infotulcea.ro\/wp-content\/uploads\/2026\/01\/IMG_1563-500x500.jpeg\" class=\"image wp-image-37932  attachment-medium size-medium\" alt title=\"Centrale pe lemne\"><\/a><\/div>\n<div id=\"media_image-18\" class=\"container-wrapper widget widget_media_image\"><a href=\"https:\/\/www.licitatia.ro\/site\/index-guest\"><img loading=\"lazy\" decoding=\"async\" width=\"500\" height=\"262\" src=\"https:\/\/infotulcea.ro\/wp-content\/uploads\/2025\/09\/licitatia-500x262.png\" class=\"image wp-image-36670  attachment-medium size-medium lazyload\" alt data-max-width=\"500\"><img loading=\"lazy\" decoding=\"async\" width=\"500\" height=\"262\" src=\"https:\/\/infotulcea.ro\/wp-content\/uploads\/2025\/09\/licitatia-500x262.png\" class=\"image wp-image-36670  attachment-medium size-medium\" alt><\/a><\/div>\n<div id=\"media_image-27\" class=\"container-wrapper widget widget_media_image\"><a href=\"https:\/\/www.centrale-lemne-liepsnele.ro\/\"><img loading=\"lazy\" decoding=\"async\" width=\"500\" height=\"500\" src=\"https:\/\/infotulcea.ro\/wp-content\/uploads\/2025\/09\/Centrale-pe-Lemne-Liepsnele-500x500.png\" class=\"image wp-image-36541  attachment-medium size-medium lazyload\" alt=\"Centrala pe lemne\" data-max-width=\"500\"><img loading=\"lazy\" decoding=\"async\" width=\"500\" height=\"500\" src=\"https:\/\/infotulcea.ro\/wp-content\/uploads\/2025\/09\/Centrale-pe-Lemne-Liepsnele-500x500.png\" class=\"image wp-image-36541  attachment-medium size-medium\" alt=\"Centrala pe lemne\"><\/a><\/div>\n<div id=\"media_image-28\" class=\"container-wrapper widget widget_media_image\"><a href=\"https:\/\/infotulcea.ro\/angajeaza-te-ro-platforma-ta-online-de-angajari-si-forta-de-munca\/\"><source sizes=\"(max-width: 500px) 100vw, 500px\" type=\"image\/webp\" data-srcset=\"https:\/\/infotulcea.ro\/wp-content\/uploads\/2025\/04\/banner-angajazate-1-500x305.jpg.webp 500w, https:\/\/infotulcea.ro\/wp-content\/uploads\/2025\/04\/banner-angajazate-1-1024x625.jpg.webp 1024w, https:\/\/infotulcea.ro\/wp-content\/uploads\/2025\/04\/banner-angajazate-1-768x469.jpg.webp 768w, https:\/\/infotulcea.ro\/wp-content\/uploads\/2025\/04\/banner-angajazate-1.jpg.webp 1080w\" \/><img loading=\"lazy\" decoding=\"async\" width=\"500\" height=\"305\" src=\"https:\/\/infotulcea.ro\/wp-content\/uploads\/2025\/04\/banner-angajazate-1-500x305.jpg\" class=\"image wp-image-34317  attachment-medium size-medium\" alt><\/a><\/div>\n<\/div>\n<\/aside>\n<\/div>\n<\/div>\n<div class=\"entry-content entry clearfix\">\n<p><strong>USR solicit\u0103 Agen\u021biei Na\u021bionale de Integritate (ANI) s\u0103 publice de urgen\u021b\u0103 situa\u021bia consilierilor locali \u0219i jude\u021beni care, \u00een urma intr\u0103rii \u00een vigoare a noilor prevederi privind incompatibilit\u0103\u021bile, se afl\u0103 simultan \u00eentr-o func\u021bie aleas\u0103 \u0219i \u00eentr-un raport de munc\u0103 cu o institu\u021bie public\u0103, precum \u0219i apartenen\u021ba politic\u0103 a acestora.<\/strong><\/p>\n<p>Legea, intrat\u0103 \u00een vigoare pe 9 august, care produce deja efecte juridice, interzice consilierilor locali \u0219i jude\u021beni s\u0103 fie, \u00een acela\u0219i timp, angaja\u021bi \u00een prim\u0103rii, consilii jude\u021bene, ministere, agen\u021bii, servicii publice sau alte institu\u021bii ale administra\u021biei publice. \u00cen consecin\u021b\u0103, mii de ale\u0219i locali risc\u0103 s\u0103 se afle ast\u0103zi \u00eentr-o situa\u021bie de incompatibilitate \u0219i s\u0103 fie supu\u0219i unor sanc\u021biuni administrative sau disciplinare.<\/p>\n<p>\u201eANI avea inclusiv rolul de a avertiza din timp asupra implica\u021biilor pe care le au aceste prevederi. Din p\u0103cate, nu este prima dat\u0103 c\u00e2nd Agen\u021bia r\u0103m\u00e2ne \u00een t\u0103cere prea mult timp \u00eentr-o situa\u021bie \u00een care ar fi trebuit s\u0103 ofere claritate \u0219i s\u0103<source sizes=\"(max-width: 282px) 100vw, 282px\" type=\"image\/webp\" data-srcset=\"https:\/\/infotulcea.ro\/wp-content\/uploads\/2026\/08\/usr-1-1-318x500.jpeg.webp 318w, https:\/\/infotulcea.ro\/wp-content\/uploads\/2026\/08\/usr-1-1.jpeg.webp 562w\" \/><\/p>\n<p><img loading=\"lazy\" decoding=\"async\" class=\" wp-image-40472 alignright\" src=\"https:\/\/infotulcea.ro\/wp-content\/uploads\/2026\/08\/usr-1-1-318x500.jpeg\" alt width=\"282\" height=\"443\"> asigure aplicarea unitar\u0103 a regulilor de integritate. Acum, c\u00e2nd legea este deja \u00een vigoare \u0219i produce efecte, cerem ANI s\u0103 fac\u0103 public\u0103 imediat situa\u021bia ale\u0219ilor locali afla\u021bi \u00een incompatibilitate\u201d, declar\u0103 purt\u0103torul de cuv\u00e2nt al USR, Cristian Seidler.<\/p>\n<p>Aplicarea noilor prevederi a generat, \u00een acela\u0219i timp, o controvers\u0103 privind sanc\u021biunea care trebuie aplicat\u0103. De\u0219i regimul incompatibilit\u0103\u021bilor poate conduce la pierderea mandatului alesului local, interpretarea exprimat\u0103 azi de ANI este c\u0103, \u00een aceast\u0103 situa\u021bie, consecin\u021bele ar trebui s\u0103 priveasc\u0103 raportul de munc\u0103 al persoanei, printr-o sanc\u021biune disciplinar\u0103, \u0219i nu mandatul ob\u021binut prin vot.<\/p>\n<p>USR consider\u0103 aceast\u0103 interpretare profund problematic\u0103. \u201eDac\u0103 textul legii introduce noi standarde de integritate pentru ale\u0219ii locali, atunci este evident c\u0103 aceste standarde trebuie aplicate func\u021biei alese. Nu po\u021bi sanc\u021biona un raport de munc\u0103 pentru o situa\u021bie care nu \u021bine de activitatea profesional\u0103 a angajatului. Interpretarea contrar\u0103 arat\u0103 c\u00e2t de aberant ajung s\u0103 reac\u021bioneze institu\u021biile publice atunci c\u00e2nd sunt atinse interesele PSD\u201d, afirm\u0103 Cristian Seidler.<\/p>\n<p>USR atrage aten\u021bia c\u0103 reac\u021biile ap\u0103rute \u00een interiorul PSD dup\u0103 intrarea \u00een vigoare a legii indic\u0103 dimensiunea problemei \u0219i num\u0103rul mare de persoane care cumuleaz\u0103 un mandat de ales local cu un loc de munc\u0103 \u00een sistemul public. Modific\u0103rile aduse Codului Administrativ prin Agen\u021bia Na\u021bional\u0103 a Func\u021bionarilor Publici condus\u0103 de un reprezentant PSD ar fi necesitat o discu\u021bie serioas\u0103, legat\u0103 de principii, nu de cum sunt salvate mandatele a mii de ale\u0219i locali.<\/p>\n<p>\u201ePanica din PSD pe acest subiect spune totul despre prioritatea lor: s\u0103 p\u0103streze c\u00e2t mai mul\u021bi oameni dublu \u00een\u0219uruba\u021bi \u2013 \u0219i ca ale\u0219i locali, \u0219i ca angaja\u021bi la stat. \u00cen loc s\u0103 avem o discu\u021bie serioas\u0103 despre o lege prost g\u00e2ndit\u0103 \u0219i despre aplicarea ei coerent\u0103, vedem din nou institu\u021bii care caut\u0103 interpret\u0103ri convenabile atunci c\u00e2nd sunt puse \u00een pericol func\u021biile \u0219i accesul la bani publici ale clientelei de partid\u201d, conchide Cristian Seidler.<\/p>\n<\/div>\n<div class=\"articleBody\" data-key=\"articleBody\">USR solicit\u0103 Agen\u021biei Na\u021bionale de Integritate (ANI) s\u0103 publice de urgen\u021b\u0103 situa\u021bia consilierilor locali \u0219i jude\u021beni care, \u00een urma intr\u0103rii \u00een vigoare a noilor prevederi privind incompatibilit\u0103\u021bile, se afl\u0103 simultan \u00eentr-o func\u021bie aleas\u0103 \u0219i \u00eentr-un raport de munc\u0103 cu o institu\u021bie public\u0103, precum \u0219i apartenen\u021ba politic\u0103 a acestora.<\/p>\n<p>Legea, intrat\u0103 \u00een vigoare pe 9 august, care produce deja efecte juridice, interzice consilierilor locali \u0219i jude\u021beni s\u0103 fie, \u00een acela\u0219i timp, angaja\u021bi \u00een prim\u0103rii, consilii jude\u021bene, ministere, agen\u021bii, servicii publice sau alte institu\u021bii ale administra\u021biei publice. \u00cen consecin\u021b\u0103, mii de ale\u0219i locali risc\u0103 s\u0103 se afle ast\u0103zi \u00eentr-o situa\u021bie de incompatibilitate \u0219i s\u0103 fie supu\u0219i unor sanc\u021biuni administrative sau disciplinare.<\/p>\n<p>\u201eANI avea inclusiv rolul de a avertiza din timp asupra implica\u021biilor pe care le au aceste prevederi. Din p\u0103cate, nu este prima dat\u0103 c\u00e2nd Agen\u021bia r\u0103m\u00e2ne \u00een t\u0103cere prea mult timp \u00eentr-o situa\u021bie \u00een care ar fi trebuit s\u0103 ofere claritate \u0219i s\u0103 asigure aplicarea unitar\u0103 a regulilor de integritate. Acum, c\u00e2nd legea este deja \u00een vigoare \u0219i produce efecte, cerem ANI s\u0103 fac\u0103 public\u0103 imediat situa\u021bia ale\u0219ilor locali afla\u021bi \u00een incompatibilitate\u201d, declar\u0103 purt\u0103torul de cuv\u00e2nt al USR, Cristian Seidler.<\/p>\n<p>Aplicarea noilor prevederi a generat, \u00een acela\u0219i timp, o controvers\u0103 privind sanc\u021biunea care trebuie aplicat\u0103. De\u0219i regimul incompatibilit\u0103\u021bilor poate conduce la pierderea mandatului alesului local, interpretarea exprimat\u0103 azi de ANI este c\u0103, \u00een aceast\u0103 situa\u021bie, consecin\u021bele ar trebui s\u0103 priveasc\u0103 raportul de munc\u0103 al persoanei, printr-o sanc\u021biune disciplinar\u0103, \u0219i nu mandatul ob\u021binut prin vot.<\/p>\n<p>USR consider\u0103 aceast\u0103 interpretare profund problematic\u0103. \u201eDac\u0103 textul legii introduce noi standarde de integritate pentru ale\u0219ii locali, atunci este evident c\u0103 aceste standarde trebuie aplicate func\u021biei alese. Nu po\u021bi sanc\u021biona un raport de munc\u0103 pentru o situa\u021bie care nu \u021bine de activitatea profesional\u0103 a angajatului. Interpretarea contrar\u0103 arat\u0103 c\u00e2t de aberant ajung s\u0103 reac\u021bioneze institu\u021biile publice atunci c\u00e2nd sunt atinse interesele PSD\u201d, afirm\u0103 Cristian Seidler.<\/p>\n<p>USR atrage aten\u021bia c\u0103 reac\u021biile ap\u0103rute \u00een interiorul PSD dup\u0103 intrarea \u00een vigoare a legii indic\u0103 dimensiunea problemei \u0219i num\u0103rul mare de persoane care cumuleaz\u0103 un mandat de ales local cu un loc de munc\u0103 \u00een sistemul public. Modific\u0103rile aduse Codului Administrativ prin Agen\u021bia Na\u021bional\u0103 a Func\u021bionarilor Publici condus\u0103 de un reprezentant PSD ar fi necesitat o discu\u021bie serioas\u0103, legat\u0103 de principii, nu de cum sunt salvate mandatele a mii de ale\u0219i locali.<\/p>\n<p>\u201ePanica din PSD pe acest subiect spune totul despre prioritatea lor: s\u0103 p\u0103streze c\u00e2t mai mul\u021bi oameni dublu \u00een\u0219uruba\u021bi \u2013 \u0219i ca ale\u0219i locali, \u0219i ca angaja\u021bi la stat. \u00cen loc s\u0103 avem o discu\u021bie serioas\u0103 despre o lege prost g\u00e2ndit\u0103 \u0219i despre aplicarea ei coerent\u0103, vedem din nou institu\u021bii care caut\u0103 interpret\u0103ri convenabile atunci c\u00e2nd sunt puse \u00een pericol func\u021biile \u0219i accesul la bani publici ale clientelei de partid\u201d, conchide Cristian Seidler.<\/p><\/div>\n<p>[analyse_source url=&#8221;https:\/\/infotulcea.ro\/usr-cere-ani-sa-publice-situatia-consilierilor-locali-si-judeteni-aflati-in-incompatibilitate-cristian-seidler-noile-standarde-de-integritate-trebuie-aplicate-functiei-alese-nu-raporturilor\/&#8221;]<\/p>\n","protected":false},"excerpt":{"rendered":"<p>[analyse_image type=&#8221;featured&#8221; src=&#8221;https:\/\/infotulcea.ro\/wp-content\/uploads\/2026\/08\/usr-1-1.jpeghttps:\/\/infotulcea.ro\/wp-content\/uploads\/2026\/08\/usr-1-1.jpeg&#8221;] Home\/Politic\u0103\/USR\/USR cere ANI s\u0103 publice situa\u021bia consilierilor locali \u0219i jude\u021beni afla\u021bi \u00een incompatibilitate Cristian Seidler: \u201eNoile standarde de integritate trebuie aplicate func\u021biei alese, nu raporturilor de munc\u0103\u201d USR USR cere ANI s\u0103 publice situa\u021bia consilierilor locali \u0219i jude\u021beni afla\u021bi \u00een incompatibilitate Cristian Seidler: \u201eNoile standarde de integritate trebuie aplicate func\u021biei alese, nu [&hellip;]<\/p>\n","protected":false},"author":1,"featured_media":0,"comment_status":"open","ping_status":"","sticky":false,"template":"","format":"standard","meta":{"footnotes":""},"categories":[89],"tags":[226,221],"class_list":["post-2115754","post","type-post","status-publish","format-standard","hentry","category-romania","tag-crawlmanager","tag-infotulcea-ro"],"_links":{"self":[{"href":"https:\/\/analyse.optim.biz\/index.php?rest_route=\/wp\/v2\/posts\/2115754","targetHints":{"allow":["GET"]}}],"collection":[{"href":"https:\/\/analyse.optim.biz\/index.php?rest_route=\/wp\/v2\/posts"}],"about":[{"href":"https:\/\/analyse.optim.biz\/index.php?rest_route=\/wp\/v2\/types\/post"}],"author":[{"embeddable":true,"href":"https:\/\/analyse.optim.biz\/index.php?rest_route=\/wp\/v2\/users\/1"}],"replies":[{"embeddable":true,"href":"https:\/\/analyse.optim.biz\/index.php?rest_route=%2Fwp%2Fv2%2Fcomments&post=2115754"}],"version-history":[{"count":0,"href":"https:\/\/analyse.optim.biz\/index.php?rest_route=\/wp\/v2\/posts\/2115754\/revisions"}],"wp:attachment":[{"href":"https:\/\/analyse.optim.biz\/index.php?rest_route=%2Fwp%2Fv2%2Fmedia&parent=2115754"}],"wp:term":[{"taxonomy":"category","embeddable":true,"href":"https:\/\/analyse.optim.biz\/index.php?rest_route=%2Fwp%2Fv2%2Fcategories&post=2115754"},{"taxonomy":"post_tag","embeddable":true,"href":"https:\/\/analyse.optim.biz\/index.php?rest_route=%2Fwp%2Fv2%2Ftags&post=2115754"}],"curies":[{"name":"wp","href":"https:\/\/api.w.org\/{rel}","templated":true}]}}