{"id":2115750,"date":"2026-08-27T00:00:00","date_gmt":"2026-08-26T21:00:00","guid":{"rendered":"https:\/\/analyse.optim.biz\/?p=2115750"},"modified":"2026-08-27T00:00:00","modified_gmt":"2026-08-26T21:00:00","slug":"de-la-prima-la-cea-mai-mare-europa-cooperarii-teritoriale-se-intalneste-la-eforie-nord-la-11-septembrie","status":"publish","type":"post","link":"https:\/\/analyse.optim.biz\/?p=2115750","title":{"rendered":"De la prima la cea mai mare: Europa cooper\u0103rii teritoriale se \u00eent\u00e2lne\u0219te la Eforie Nord, la 11 septembrie"},"content":{"rendered":"<p>[analyse_image type=&#8221;featured&#8221; src=&#8221;https:\/\/ziaruldetulcea.ro\/wp-content\/uploads\/2026\/08\/LOGO-GECT-EAST-GATE-640&#215;300.jpeg&#8221;]<\/p>\n<div class=\"post\">\n<p class=\"MsoNormal\" align=\"center\"><span><img loading=\"lazy\" decoding=\"async\" class=\"alignleft size-full wp-image-44109\" src=\"https:\/\/ziaruldetulcea.ro\/wp-content\/uploads\/2026\/08\/inagine-GECT-scaled.jpg\" alt width=\"2560\" height=\"1706\">La 11 septembrie 2026, la Eforie Nord, pe litoralul rom\u00e2nesc al M\u0103rii Negre, reprezentan\u021bii a aproximativ 300 de autorit\u0103\u021bi ale administra\u021biei publice locale din Rom\u00e2nia, Republica Moldova, Ucraina \u0219i Bulgaria vor semna proiectele actelor de temelie ale GECT \u201eEAST GATE\u201d, grupare aflat\u0103 \u00een curs de formare. P\u00e2n\u0103 ast\u0103zi au fost adoptate 199 de hot\u0103r\u00e2ri de aderare, iar num\u0103rul cre\u0219te de la o zi la alta, o componen\u021b\u0103 care va a\u0219eza Gruparea printre cele mai cuprinz\u0103toare grup\u0103ri de cooperare teritorial\u0103 \u00eenscrise vreodat\u0103 \u00een registrul european.<\/span><\/p>\n<p class=\"MsoNormal\"><span lang=\"IT\">Dincolo de cifre, ceremonia are o miz\u0103 mai ad\u00e2nc\u0103. Spa\u021biul Grup\u0103rii reune\u0219te dou\u0103 state membre ale Uniunii Europene \u0219i dou\u0103 state candidate, angajate pe calea ader\u0103rii, iar extinderea Uniunii c\u0103tre Republica Moldova \u0219i Ucraina se preg\u0103te\u0219te nu doar \u00een capitale, ci mai ales \u00een comunit\u0103\u021bile locale. Prin EAST GATE, aceste comunit\u0103\u021bi \u00ee\u0219i construiesc \u00eempreun\u0103 instrumentul institu\u021bional al vecin\u0103t\u0103\u021bii, poarta de est a Uniunii Europene prinde contur de la Carpa\u021bi p\u00e2n\u0103 la Dun\u0103re \u0219i Marea Neagr\u0103.<\/span><\/p>\n<p class=\"MsoNormal\"><span lang=\"IT\">Ceremonia va avea invita\u021bi cu valoare de simbol. Comitetul European al Regiunilor, institu\u021bia Uniunii Europene care reune\u0219te ale\u0219ii locali \u0219i regionali ai Europei, va fi reprezentat la nivel \u00eenalt. Eurometropola Lille\u2013Kortrijk\u2013Tournai, prima grupare european\u0103 de cooperare teritorial\u0103, constituit\u0103 \u00een 2008, va fi reprezentat\u0103 de directoarea general\u0103, Doamna Elien Declercq, prima grupare a Europei vine astfel s\u0103 salute na\u0219terea celei mai mari grup\u0103ri din Europa. Al\u0103turi de ei sunt a\u0219tepta\u021bi mini\u0219trii responsabili de dezvoltarea regional\u0103 din cele patru state, ambasadorii statelor partenere acredita\u021bi la Bucure\u0219ti, europarlamentari \u0219i grup\u0103ri europene de cooperare teritorial\u0103 partenere.<\/span><\/p>\n<p class=\"MsoNormal\"><span lang=\"IT\">Dimensiunea are consecin\u021be practice. Declara\u021bia de la Constan\u021ba, ce va fi adoptat\u0103 la 11 septembrie, va da comunit\u0103\u021bilor o voce comun\u0103 \u00een discu\u021biile privind viitoarea arhitectur\u0103 a programelor europene, iar odat\u0103 dob\u00e2ndit\u0103 personalitatea juridic\u0103, preconizat\u0103 pentru primul trimestru al anului 2027, Gruparea va putea fi beneficiar direct al fondurilor europene. Greutatea acestei voci vine din statutul de cea mai mare grupare de cooperare teritorial\u0103 din Europa. La ea se adaug\u0103 rangul membrilor fondatori, consilii jude\u021bene, consilii regionale \u0219i raionale, municipii, ora\u0219e \u0219i comune din patru state, care au \u00eempreun\u0103, la masa negocierilor, o for\u021b\u0103 pe care nicio autoritate nu o are singur\u0103.<\/span><\/p>\n<p><img loading=\"lazy\" decoding=\"async\" class=\"alignleft size-full wp-image-44110\" src=\"https:\/\/ziaruldetulcea.ro\/wp-content\/uploads\/2026\/08\/LOGO-GECT-EAST-GATE.jpeg\" alt width=\"1024\" height=\"1024\"><\/p>\n<p class=\"MsoNormal\"><span lang=\"IT\">Gruparea r\u0103m\u00e2ne deschis\u0103 oric\u0103rei autorit\u0103\u021bi publice eligibile din aria de cooperare; hot\u0103r\u00e2rea de aderare \u0219i confirmarea particip\u0103rii se transmit p\u00e2n\u0103 la 4 septembrie 2026, la adresa info@gect.eu.<\/span><\/p>\n<p class=\"MsoNormal\"><span lang=\"IT\">\u201eNicio comunitate nu e prea mic\u0103 pentru cea mai mare grupare din estul Europei. Fiecare hot\u0103r\u00e2re adoptat\u0103 \u00een aceste zile \u00eenseamn\u0103 o comunitate care \u00ee\u0219i ia locul la masa fondatorilor, iar la 11 septembrie deschidem \u00eempreun\u0103 poarta de est a Uniunii Europene\u201d, a subliniat Sergiu Suharenco, directorul cu mandat tranzitoriu al GECT \u201eEAST GATE\u201d.<\/span><\/p>\n<p class=\"MsoNormal\" align=\"center\"><span lang=\"IT\">Informa\u021bii suplimentare: info@gect.eu \u2022 www.eastgate.ro<\/span><\/p>\n<\/div>\n<p>[analyse_source url=&#8221;https:\/\/ziaruldetulcea.ro\/de-la-prima-la-cea-mai-mare-europa-cooperarii-teritoriale-se-intalneste-la-eforie-nord-la-11-septembrie\/&#8221;]<\/p>\n","protected":false},"excerpt":{"rendered":"<p>[analyse_image type=&#8221;featured&#8221; src=&#8221;https:\/\/ziaruldetulcea.ro\/wp-content\/uploads\/2026\/08\/LOGO-GECT-EAST-GATE-640&#215;300.jpeg&#8221;] La 11 septembrie 2026, la Eforie Nord, pe litoralul rom\u00e2nesc al M\u0103rii Negre, reprezentan\u021bii a aproximativ 300 de autorit\u0103\u021bi ale administra\u021biei publice locale din Rom\u00e2nia, Republica Moldova, Ucraina \u0219i Bulgaria vor semna proiectele actelor de temelie ale GECT \u201eEAST GATE\u201d, grupare aflat\u0103 \u00een curs de formare. P\u00e2n\u0103 ast\u0103zi au fost adoptate 199 [&hellip;]<\/p>\n","protected":false},"author":1,"featured_media":0,"comment_status":"open","ping_status":"","sticky":false,"template":"","format":"standard","meta":{"footnotes":""},"categories":[89],"tags":[226,205],"class_list":["post-2115750","post","type-post","status-publish","format-standard","hentry","category-romania","tag-crawlmanager","tag-ziaruldetulcea-ro"],"_links":{"self":[{"href":"https:\/\/analyse.optim.biz\/index.php?rest_route=\/wp\/v2\/posts\/2115750","targetHints":{"allow":["GET"]}}],"collection":[{"href":"https:\/\/analyse.optim.biz\/index.php?rest_route=\/wp\/v2\/posts"}],"about":[{"href":"https:\/\/analyse.optim.biz\/index.php?rest_route=\/wp\/v2\/types\/post"}],"author":[{"embeddable":true,"href":"https:\/\/analyse.optim.biz\/index.php?rest_route=\/wp\/v2\/users\/1"}],"replies":[{"embeddable":true,"href":"https:\/\/analyse.optim.biz\/index.php?rest_route=%2Fwp%2Fv2%2Fcomments&post=2115750"}],"version-history":[{"count":0,"href":"https:\/\/analyse.optim.biz\/index.php?rest_route=\/wp\/v2\/posts\/2115750\/revisions"}],"wp:attachment":[{"href":"https:\/\/analyse.optim.biz\/index.php?rest_route=%2Fwp%2Fv2%2Fmedia&parent=2115750"}],"wp:term":[{"taxonomy":"category","embeddable":true,"href":"https:\/\/analyse.optim.biz\/index.php?rest_route=%2Fwp%2Fv2%2Fcategories&post=2115750"},{"taxonomy":"post_tag","embeddable":true,"href":"https:\/\/analyse.optim.biz\/index.php?rest_route=%2Fwp%2Fv2%2Ftags&post=2115750"}],"curies":[{"name":"wp","href":"https:\/\/api.w.org\/{rel}","templated":true}]}}