{"id":211572,"date":"2014-02-23T21:29:02","date_gmt":"2014-02-23T18:29:02","guid":{"rendered":"https:\/\/analyse.optim.biz\/?p=211572"},"modified":"2014-02-23T21:29:02","modified_gmt":"2014-02-23T18:29:02","slug":"prezidentiabil-crin-antonescu-vrea-un-rol-mai-accentuat-al-romaniei-in-criza-din-ucraina","status":"publish","type":"post","link":"https:\/\/analyse.optim.biz\/?p=211572","title":{"rendered":"Preziden\u021biabil. Crin Antonescu vrea un rol mai accentuat al Rom\u00e2niei \u00een criza din Ucraina"},"content":{"rendered":"<div class=\"entry data-app-meta data-app-meta-article\" data-embed-base-url-canonical=\"https:\/\/www.digi24.ro\/embed\/stiri\/actualitate\/politica\/prezidentiabil-crin-antonescu-vrea-un-rol-mai-accentuat-al-romaniei-in-criza-din-ucraina-204710\">\n<p data-index=\"1\">Declara\u021biile lui <strong>Crin Antonescu<\/strong> intervin \u00een condi\u021biile \u00een care portofoliul diploma\u021biei este de\u021binut de social-democratul <strong>Titus Corl\u0103\u021bean<\/strong>, iar pre\u0219edintele <strong>Traian B\u0103sescu<\/strong>, responsabil pentru politica extern\u0103 a Rom\u00e2niei, <a href=\"https:\/\/www.digi24.ro\/Stiri\/Digi24\/Actualitate\/Politica\/Traian+Basescu+Romania+sustine+independenta+si+integritatea+teri\" target=\"_blank\" data-skip-linkfix=\"1\" rel=\"noopener\">a avut deja mai multe apeluri publice<\/a> referitoare la Ucraina \u00een ultimele zile.<\/p>\n<p data-index=\"2\">Pre\u0219edintele liberal a salutat succesul for\u021belor democratice, dar a accentuat necesitatea unit\u0103\u021bii \u0219i stabilit\u0103\u021bii statului ucrainean \u0219i a organiz\u0103rii de alegeri democratice. \u00a0El\u00a0\u0219i-a exprimat solidaritatea cu for\u021bele democratice din Ucraina \u0219i cu familiile victimelor, subliniind c\u0103 ceea ce se \u00eent\u00e2mpl\u0103 \u00een Ucraina este un moment de importan\u021b\u0103 istoric\u0103 la scar\u0103 european\u0103.<\/p>\n<p data-index=\"3\">Urm\u0103ri\u021bi-i declara\u021biile \u00een materialul video de mai sus.<\/p>\n<\/div>\n<p> Source URL: https:\/\/www.digi24.ro\/stiri\/actualitate\/politica\/prezidentiabil-crin-antonescu-vrea-un-rol-mai-accentuat-al-romaniei-in-criza-din-ucraina-204710<\/p>\n","protected":false},"excerpt":{"rendered":"<p>Declara\u021biile lui Crin Antonescu intervin \u00een condi\u021biile \u00een care portofoliul diploma\u021biei este de\u021binut de social-democratul Titus Corl\u0103\u021bean, iar pre\u0219edintele Traian B\u0103sescu, responsabil pentru politica extern\u0103 a Rom\u00e2niei, a avut deja mai multe apeluri publice referitoare la Ucraina \u00een ultimele zile. Pre\u0219edintele liberal a salutat succesul for\u021belor democratice, dar a accentuat necesitatea unit\u0103\u021bii \u0219i stabilit\u0103\u021bii statului [&hellip;]<\/p>\n","protected":false},"author":1,"featured_media":211573,"comment_status":"open","ping_status":"","sticky":false,"template":"","format":"standard","meta":{"footnotes":""},"categories":[2],"tags":[11],"class_list":["post-211572","post","type-post","status-publish","format-standard","has-post-thumbnail","hentry","category-politics","tag-digi24"],"_links":{"self":[{"href":"https:\/\/analyse.optim.biz\/index.php?rest_route=\/wp\/v2\/posts\/211572","targetHints":{"allow":["GET"]}}],"collection":[{"href":"https:\/\/analyse.optim.biz\/index.php?rest_route=\/wp\/v2\/posts"}],"about":[{"href":"https:\/\/analyse.optim.biz\/index.php?rest_route=\/wp\/v2\/types\/post"}],"author":[{"embeddable":true,"href":"https:\/\/analyse.optim.biz\/index.php?rest_route=\/wp\/v2\/users\/1"}],"replies":[{"embeddable":true,"href":"https:\/\/analyse.optim.biz\/index.php?rest_route=%2Fwp%2Fv2%2Fcomments&post=211572"}],"version-history":[{"count":0,"href":"https:\/\/analyse.optim.biz\/index.php?rest_route=\/wp\/v2\/posts\/211572\/revisions"}],"wp:featuredmedia":[{"embeddable":true,"href":"https:\/\/analyse.optim.biz\/index.php?rest_route=\/wp\/v2\/media\/211573"}],"wp:attachment":[{"href":"https:\/\/analyse.optim.biz\/index.php?rest_route=%2Fwp%2Fv2%2Fmedia&parent=211572"}],"wp:term":[{"taxonomy":"category","embeddable":true,"href":"https:\/\/analyse.optim.biz\/index.php?rest_route=%2Fwp%2Fv2%2Fcategories&post=211572"},{"taxonomy":"post_tag","embeddable":true,"href":"https:\/\/analyse.optim.biz\/index.php?rest_route=%2Fwp%2Fv2%2Ftags&post=211572"}],"curies":[{"name":"wp","href":"https:\/\/api.w.org\/{rel}","templated":true}]}}