{"id":2115688,"date":"2026-08-28T05:55:47","date_gmt":"2026-08-28T02:55:47","guid":{"rendered":"https:\/\/analyse.optim.biz\/?p=2115688"},"modified":"2026-08-28T05:55:47","modified_gmt":"2026-08-28T02:55:47","slug":"peter-magyar-ironizeaza-dur-administratia-romaniei-centrala-nucleara-de-la-paks-merge-din-plin-cea-de-la-cernavoda-e-inchisa-de-2-saptamani-deja","status":"publish","type":"post","link":"https:\/\/analyse.optim.biz\/?p=2115688","title":{"rendered":"Peter Magyar ironizeaz\u0103 dur administra\u021bia Rom\u00e2niei: \u201cCentrala nuclear\u0103 de la Paks merge din plin, cea de la Cernavod\u0103 e \u00eenchis\u0103 de 2 s\u0103pt\u0103m\u00e2ni deja!\u201d"},"content":{"rendered":"<p>[analyse_image type=&#8221;featured&#8221; src=&#8221;https:\/\/solidnews.ro\/wp-content\/uploads\/2026\/08\/peter-magyar_NGG2a.webp&#8221;]<\/p>\n<div class=\"td_block_wrap tdb_single_content tdi_120 td-pb-border-top td_block_template_1 td-post-content tagdiv-type\" data-td-block-uid=\"tdi_120\">\n<div class=\"tdb-block-inner td-fix-index\">\n<p>Premierul Ungariei, Peter Magyar, ironizeaz\u0103 din nou Rom\u00e2nia printr-o compara\u021bie \u00eentre situa\u021bia centralelor nucleare de la Paks \u0219i Cernavod\u0103. \u0218eful guvernului de la Budapesta se laud\u0103 c\u0103 unitatea nuclear\u0103 maghiar\u0103 func\u021bioneaz\u0103 la capacitate maxim\u0103, \u00een timp ce centrala din Rom\u00e2nia este oprit\u0103 din cauza nivelului sc\u0103zut al Dun\u0103rii.<\/p>\n<p>\u00centr-un mesaj publicat pe Facebook, Peter Magyar a anun\u021bat c\u0103 toate cele patru reactoare \u0219i cele opt turbine ale centralei de la Paks sunt \u00een func\u021biune.<\/p>\n<p>\u00a0<\/p>\n<p>\u201ePaks func\u021bioneaz\u0103 la capacitate maxim\u0103! Am primit o veste bun\u0103 \u00een \u0219edin\u021ba de guvern. Centrala nuclear\u0103 de la Paks a atins acum capacitatea maxim\u0103. At\u00e2t cele patru reactoare, c\u00e2t \u0219i cele 8 turbine func\u021bioneaz\u0103 impecabil\u201d, a scris Magyar pe Facebook.<\/p>\n<p>Cernavod\u0103, folosit\u0103 din nou drept contraexemplu<\/p>\n<p>Premierul maghiar \u0219i-a continuat mesajul f\u0103c\u00e2nd trimitere direct\u0103 la Rom\u00e2nia. Acesta sus\u021bine c\u0103 lucr\u0103rile realizate pentru centrala de la Paks avanseaz\u0103 mai repede dec\u00e2t fusese planificat \u0219i contrasteaz\u0103 situa\u021bia cu cea de la Cernavod\u0103.<\/p>\n<p>\u00a0<\/p>\n<p>\u201eConstruc\u021bia pragului de fund de la Paks progreseaz\u0103 mai rapid dec\u00e2t era planificat. \u00centre timp, centrala nuclear\u0103 din Rom\u00e2nia, care a fost dat\u0103 anterior ca exemplu de a\u0219a-zi\u0219ii exper\u021bi, este oprit\u0103 de dou\u0103 s\u0103pt\u0103m\u00e2ni\u201d, a continuat premierul maghiar.<\/p>\n<p>Nu este prima dat\u0103 c\u00e2nd Peter Magyar recurge la o asemenea compara\u021bie pentru a eviden\u021bia situa\u021bia centralei nucleare ungare \u00een raport cu cea din Rom\u00e2nia.<\/p>\n<p>\u00a0<\/p>\n<p>O alt\u0103 ironie la adresa Rom\u00e2niei, \u00een urm\u0103 cu dou\u0103 s\u0103pt\u0103m\u00e2ni<\/p>\n<p>Pe 13 august, premierul Ungariei anun\u021ba \u00eenceperea unor lucr\u0103ri de inginerie menite s\u0103 contribuie la ridicarea nivelului Dun\u0103rii \u00een apropierea centralei nucleare de la Paks.<\/p>\n<p>\u0218i atunci, Magyar a adus \u00een discu\u021bie situa\u021bia de la Cernavod\u0103, afirm\u00e2nd c\u0103 Ungaria nu a urmat solu\u021bia aplicat\u0103 \u00een Rom\u00e2nia.<\/p>\n<p>\u00a0<\/p>\n<p>\u201eMi\u0219carea Patria Noastr\u0103 \u0219i Fidesz au cerut s\u0103 facem ceea ce s-a f\u0103cut la centrala nuclear\u0103 din Rom\u00e2nia. Nu i-am ascultat.<\/p>\n<p>Centrala nuclear\u0103 de la Paks func\u021bioneaz\u0103 \u0219i acum, \u00een timp ce centrala nuclear\u0103 din Rom\u00e2nia a trebuit s\u0103 fie oprit\u0103 complet pentru cel pu\u021bin 10 zile\u201d, a scris atunci Magyar pe Facebook.<\/p>\n<p>Surs\u0103: <a href=\"https:\/\/www.stiripesurse.ro\/premierul-ungariei-ia-din-nou-peste-picior-romania-lauda-paks-si-arata-cu-degetul-spre-centrala-de-la-cernavoda_3915588\">stiripesurse.ro<\/a><\/p>\n<\/div>\n<\/div>\n<div class=\"td_block_wrap tdb_single_content tdi_120 td-pb-border-top td_block_template_1 td-post-content tagdiv-type\" data-td-block-uid=\"tdi_120\">\n<div class=\"tdb-block-inner td-fix-index\">\n<p>Premierul Ungariei, Peter Magyar, ironizeaz\u0103 din nou Rom\u00e2nia printr-o compara\u021bie \u00eentre situa\u021bia centralelor nucleare de la Paks \u0219i Cernavod\u0103. \u0218eful guvernului de la Budapesta se laud\u0103 c\u0103 unitatea nuclear\u0103 maghiar\u0103 func\u021bioneaz\u0103 la capacitate maxim\u0103, \u00een timp ce centrala din Rom\u00e2nia este oprit\u0103 din cauza nivelului sc\u0103zut al Dun\u0103rii.<\/p>\n<p>\u00centr-un mesaj publicat pe Facebook, Peter Magyar a anun\u021bat c\u0103 toate cele patru reactoare \u0219i cele opt turbine ale centralei de la Paks sunt \u00een func\u021biune.<\/p>\n<p>\u00a0<\/p>\n<p>\u201ePaks func\u021bioneaz\u0103 la capacitate maxim\u0103! Am primit o veste bun\u0103 \u00een \u0219edin\u021ba de guvern. Centrala nuclear\u0103 de la Paks a atins acum capacitatea maxim\u0103. At\u00e2t cele patru reactoare, c\u00e2t \u0219i cele 8 turbine func\u021bioneaz\u0103 impecabil\u201d, a scris Magyar pe Facebook.<\/p>\n<p>Cernavod\u0103, folosit\u0103 din nou drept contraexemplu<\/p>\n<p>Premierul maghiar \u0219i-a continuat mesajul f\u0103c\u00e2nd trimitere direct\u0103 la Rom\u00e2nia. Acesta sus\u021bine c\u0103 lucr\u0103rile realizate pentru centrala de la Paks avanseaz\u0103 mai repede dec\u00e2t fusese planificat \u0219i contrasteaz\u0103 situa\u021bia cu cea de la Cernavod\u0103.<\/p>\n<p>\u00a0<\/p>\n<p>\u201eConstruc\u021bia pragului de fund de la Paks progreseaz\u0103 mai rapid dec\u00e2t era planificat. \u00centre timp, centrala nuclear\u0103 din Rom\u00e2nia, care a fost dat\u0103 anterior ca exemplu de a\u0219a-zi\u0219ii exper\u021bi, este oprit\u0103 de dou\u0103 s\u0103pt\u0103m\u00e2ni\u201d, a continuat premierul maghiar.<\/p>\n<p>Nu este prima dat\u0103 c\u00e2nd Peter Magyar recurge la o asemenea compara\u021bie pentru a eviden\u021bia situa\u021bia centralei nucleare ungare \u00een raport cu cea din Rom\u00e2nia.<\/p>\n<p>\u00a0<\/p>\n<p>O alt\u0103 ironie la adresa Rom\u00e2niei, \u00een urm\u0103 cu dou\u0103 s\u0103pt\u0103m\u00e2ni<\/p>\n<p>Pe 13 august, premierul Ungariei anun\u021ba \u00eenceperea unor lucr\u0103ri de inginerie menite s\u0103 contribuie la ridicarea nivelului Dun\u0103rii \u00een apropierea centralei nucleare de la Paks.<\/p>\n<p>\u0218i atunci, Magyar a adus \u00een discu\u021bie situa\u021bia de la Cernavod\u0103, afirm\u00e2nd c\u0103 Ungaria nu a urmat solu\u021bia aplicat\u0103 \u00een Rom\u00e2nia.<\/p>\n<p>\u00a0<\/p>\n<p>\u201eMi\u0219carea Patria Noastr\u0103 \u0219i Fidesz au cerut s\u0103 facem ceea ce s-a f\u0103cut la centrala nuclear\u0103 din Rom\u00e2nia. Nu i-am ascultat.<\/p>\n<p>Centrala nuclear\u0103 de la Paks func\u021bioneaz\u0103 \u0219i acum, \u00een timp ce centrala nuclear\u0103 din Rom\u00e2nia a trebuit s\u0103 fie oprit\u0103 complet pentru cel pu\u021bin 10 zile\u201d, a scris atunci Magyar pe Facebook.<\/p>\n<p>Surs\u0103: <a href=\"https:\/\/www.stiripesurse.ro\/premierul-ungariei-ia-din-nou-peste-picior-romania-lauda-paks-si-arata-cu-degetul-spre-centrala-de-la-cernavoda_3915588\">stiripesurse.ro<\/a><\/p>\n<\/div>\n<\/div>\n<p>[analyse_source url=&#8221;https:\/\/solidnews.ro\/peter-magyar-ironizeaza-dur-administratia-romaniei-centrala-nucleara-de-la-paks-merge-din-plin-cea-de-la-cernavoda-e-inchisa-de-2-saptamani-deja\/&#8221;]<\/p>\n","protected":false},"excerpt":{"rendered":"<p>[analyse_image type=&#8221;featured&#8221; src=&#8221;https:\/\/solidnews.ro\/wp-content\/uploads\/2026\/08\/peter-magyar_NGG2a.webp&#8221;] Premierul Ungariei, Peter Magyar, ironizeaz\u0103 din nou Rom\u00e2nia printr-o compara\u021bie \u00eentre situa\u021bia centralelor nucleare de la Paks \u0219i Cernavod\u0103. \u0218eful guvernului de la Budapesta se laud\u0103 c\u0103 unitatea nuclear\u0103 maghiar\u0103 func\u021bioneaz\u0103 la capacitate maxim\u0103, \u00een timp ce centrala din Rom\u00e2nia este oprit\u0103 din cauza nivelului sc\u0103zut al Dun\u0103rii. \u00centr-un mesaj publicat pe [&hellip;]<\/p>\n","protected":false},"author":1,"featured_media":0,"comment_status":"open","ping_status":"","sticky":false,"template":"","format":"standard","meta":{"footnotes":""},"categories":[89],"tags":[226,97],"class_list":["post-2115688","post","type-post","status-publish","format-standard","hentry","category-romania","tag-crawlmanager","tag-solidnews-ro"],"_links":{"self":[{"href":"https:\/\/analyse.optim.biz\/index.php?rest_route=\/wp\/v2\/posts\/2115688","targetHints":{"allow":["GET"]}}],"collection":[{"href":"https:\/\/analyse.optim.biz\/index.php?rest_route=\/wp\/v2\/posts"}],"about":[{"href":"https:\/\/analyse.optim.biz\/index.php?rest_route=\/wp\/v2\/types\/post"}],"author":[{"embeddable":true,"href":"https:\/\/analyse.optim.biz\/index.php?rest_route=\/wp\/v2\/users\/1"}],"replies":[{"embeddable":true,"href":"https:\/\/analyse.optim.biz\/index.php?rest_route=%2Fwp%2Fv2%2Fcomments&post=2115688"}],"version-history":[{"count":0,"href":"https:\/\/analyse.optim.biz\/index.php?rest_route=\/wp\/v2\/posts\/2115688\/revisions"}],"wp:attachment":[{"href":"https:\/\/analyse.optim.biz\/index.php?rest_route=%2Fwp%2Fv2%2Fmedia&parent=2115688"}],"wp:term":[{"taxonomy":"category","embeddable":true,"href":"https:\/\/analyse.optim.biz\/index.php?rest_route=%2Fwp%2Fv2%2Fcategories&post=2115688"},{"taxonomy":"post_tag","embeddable":true,"href":"https:\/\/analyse.optim.biz\/index.php?rest_route=%2Fwp%2Fv2%2Ftags&post=2115688"}],"curies":[{"name":"wp","href":"https:\/\/api.w.org\/{rel}","templated":true}]}}