{"id":2115678,"date":"2026-08-27T12:25:47","date_gmt":"2026-08-27T09:25:47","guid":{"rendered":"https:\/\/analyse.optim.biz\/?p=2115678"},"modified":"2026-08-27T12:25:47","modified_gmt":"2026-08-27T09:25:47","slug":"lidl-deschide-un-nou-magazin-la-buzau-este-al-patrulea-din-oras","status":"publish","type":"post","link":"https:\/\/analyse.optim.biz\/?p=2115678","title":{"rendered":"Lidl deschide un nou magazin la Buz\u0103u. Este al patrulea din ora\u0219"},"content":{"rendered":"<p>[analyse_image type=&#8221;featured&#8221; src=&#8221;https:\/\/gazetabuzoiana.ro\/wp-content\/uploads\/2026\/08\/lidl.jpeg&#8221;]<\/p>\n<div class=\"entry-content entry clearfix\">\n<p class=\"wp-block-paragraph\">Un nou magazin Lidl se deschide joi, 27 august, \u00een municipiul Buz\u0103u. Noua unitate este amplasat\u0103 pe Strada Transilvaniei, la numerele 174-176, \u0219i este al patrulea magazin al retailerului german din ora\u0219.<\/p>\n<p class=\"wp-block-paragraph\">Magazinul are o suprafa\u021b\u0103 de v\u00e2nzare de peste 1.300 de metri p\u0103tra\u021bi \u0219i pune la dispozi\u021bia clien\u021bilor 112 locuri de parcare. Programul este de luni p\u00e2n\u0103 s\u00e2mb\u0103t\u0103, \u00eentre orele 07:00 \u0219i 22:00, iar duminica, \u00eentre 08:00 \u0219i 20:00.<\/p>\n<p class=\"wp-block-paragraph\">Odat\u0103 cu deschiderea noii unit\u0103\u021bi, Lidl creeaz\u0103 24 de locuri de munc\u0103 la Buz\u0103u. \u00cen total, cele dou\u0103 magazine inaugurate joi de retailer, cel din Buz\u0103u \u0219i unul din Craiova, aduc 69 de noi locuri de munc\u0103, dintre care 45 \u00een Craiova.<\/p>\n<p class=\"wp-block-paragraph\">Noua unitate din Buz\u0103u este prev\u0103zut\u0103 cu tehnologii menite s\u0103 reduc\u0103 consumul de resurse \u0219i impactul asupra mediului. Printre acestea se num\u0103r\u0103 iluminatul LED cu senzori de prezen\u021b\u0103 \u0219i sistemele de recuperare a c\u0103ldurii integrate \u00een instala\u021biile de climatizare.<\/p>\n<p class=\"wp-block-paragraph\">Deschiderea magazinului de pe Strada Transilvaniei vine la scurt timp dup\u0103 ce Lidl a inaugurat, \u00een luna iunie, un alt magazin \u00een jude\u021bul Buz\u0103u, la P\u0103t\u00e2rlagele. Potrivit informa\u021biilor publicate de companie, unitatea din P\u0103t\u00e2rlagele a fost deschis\u0103 pe 25 iunie 2026.<\/p>\n<p class=\"wp-block-paragraph\">La nivel na\u021bional, Lidl continu\u0103 programul de extindere a re\u021belei, care num\u0103r\u0103 deja peste 400 de magazine \u00een Rom\u00e2nia. Pentru 2026, compania \u0219i-a propus s\u0103 deschid\u0103 peste 40 de noi unit\u0103\u021bi \u0219i s\u0103 creeze aproximativ 1.000 de locuri de munc\u0103.<\/p>\n<p class=\"wp-block-paragraph\">Ca detaliu, \u00een aceea\u0219i zi este inaugurat \u0219i un nou magazin Lidl \u00een Craiova, pe Strada Bariera V\u00e2lcii nr. 164. Unitatea are peste 1.400 de metri p\u0103tra\u021bi \u0219i 129 de locuri de parcare.<\/p>\n<div class=\"post-bottom-meta post-bottom-tags post-tags-modern\">\n<div class=\"post-bottom-meta-title\"> Etichete<\/div>\n<p><span class=\"tagcloud\"><a href=\"https:\/\/gazetabuzoiana.ro\/tag\/buzau-2\/\" rel=\"tag\">Buz\u0103u<\/a><a href=\"https:\/\/gazetabuzoiana.ro\/tag\/comert-buzau\/\" rel=\"tag\">comer\u021b Buz\u0103u<\/a><a href=\"https:\/\/gazetabuzoiana.ro\/tag\/deschidere-lidl\/\" rel=\"tag\">deschidere Lidl<\/a><a href=\"https:\/\/gazetabuzoiana.ro\/tag\/investitii-buzau-2\/\" rel=\"tag\">investi\u021bii Buz\u0103u<\/a><a href=\"https:\/\/gazetabuzoiana.ro\/tag\/lidl\/\" rel=\"tag\">Lidl<\/a><a href=\"https:\/\/gazetabuzoiana.ro\/tag\/lidl-buzau\/\" rel=\"tag\">Lidl Buz\u0103u<\/a><a href=\"https:\/\/gazetabuzoiana.ro\/tag\/locuri-de-munca-buzau-2\/\" rel=\"tag\">locuri de munc\u0103 Buz\u0103u<\/a><a href=\"https:\/\/gazetabuzoiana.ro\/tag\/magazin-lidl-buzau\/\" rel=\"tag\">magazin Lidl Buz\u0103u<\/a><a href=\"https:\/\/gazetabuzoiana.ro\/tag\/magazine-buzau\/\" rel=\"tag\">magazine Buz\u0103u<\/a><a href=\"https:\/\/gazetabuzoiana.ro\/tag\/nou-magazin-buzau\/\" rel=\"tag\">nou magazin Buz\u0103u<\/a><a href=\"https:\/\/gazetabuzoiana.ro\/tag\/retail-buzau\/\" rel=\"tag\">retail Buz\u0103u<\/a><a href=\"https:\/\/gazetabuzoiana.ro\/tag\/strada-transilvaniei\/\" rel=\"tag\">strada transilvaniei<\/a><\/span><\/div>\n<\/div>\n<p>[analyse_source url=&#8221;https:\/\/gazetabuzoiana.ro\/2026\/08\/27\/lidl-deschide-un-nou-magazin-la-buzau-este-al-patrulea-din-oras\/&#8221;]<\/p>\n","protected":false},"excerpt":{"rendered":"<p>[analyse_image type=&#8221;featured&#8221; src=&#8221;https:\/\/gazetabuzoiana.ro\/wp-content\/uploads\/2026\/08\/lidl.jpeg&#8221;] Un nou magazin Lidl se deschide joi, 27 august, \u00een municipiul Buz\u0103u. Noua unitate este amplasat\u0103 pe Strada Transilvaniei, la numerele 174-176, \u0219i este al patrulea magazin al retailerului german din ora\u0219. Magazinul are o suprafa\u021b\u0103 de v\u00e2nzare de peste 1.300 de metri p\u0103tra\u021bi \u0219i pune la dispozi\u021bia clien\u021bilor 112 locuri de [&hellip;]<\/p>\n","protected":false},"author":1,"featured_media":0,"comment_status":"open","ping_status":"","sticky":false,"template":"","format":"standard","meta":{"footnotes":""},"categories":[2],"tags":[226,38],"class_list":["post-2115678","post","type-post","status-publish","format-standard","hentry","category-politics","tag-crawlmanager","tag-gazetabuzoiana-ro"],"_links":{"self":[{"href":"https:\/\/analyse.optim.biz\/index.php?rest_route=\/wp\/v2\/posts\/2115678","targetHints":{"allow":["GET"]}}],"collection":[{"href":"https:\/\/analyse.optim.biz\/index.php?rest_route=\/wp\/v2\/posts"}],"about":[{"href":"https:\/\/analyse.optim.biz\/index.php?rest_route=\/wp\/v2\/types\/post"}],"author":[{"embeddable":true,"href":"https:\/\/analyse.optim.biz\/index.php?rest_route=\/wp\/v2\/users\/1"}],"replies":[{"embeddable":true,"href":"https:\/\/analyse.optim.biz\/index.php?rest_route=%2Fwp%2Fv2%2Fcomments&post=2115678"}],"version-history":[{"count":0,"href":"https:\/\/analyse.optim.biz\/index.php?rest_route=\/wp\/v2\/posts\/2115678\/revisions"}],"wp:attachment":[{"href":"https:\/\/analyse.optim.biz\/index.php?rest_route=%2Fwp%2Fv2%2Fmedia&parent=2115678"}],"wp:term":[{"taxonomy":"category","embeddable":true,"href":"https:\/\/analyse.optim.biz\/index.php?rest_route=%2Fwp%2Fv2%2Fcategories&post=2115678"},{"taxonomy":"post_tag","embeddable":true,"href":"https:\/\/analyse.optim.biz\/index.php?rest_route=%2Fwp%2Fv2%2Ftags&post=2115678"}],"curies":[{"name":"wp","href":"https:\/\/api.w.org\/{rel}","templated":true}]}}