{"id":211561,"date":"2014-02-23T21:55:21","date_gmt":"2014-02-23T18:55:21","guid":{"rendered":"https:\/\/analyse.optim.biz\/?p=211561"},"modified":"2014-02-23T21:55:21","modified_gmt":"2014-02-23T18:55:21","slug":"crin-antonescu-despre-guvernarea-alaturi-de-psd-lipsa-unui-raspuns-e-un-raspuns","status":"publish","type":"post","link":"https:\/\/analyse.optim.biz\/?p=211561","title":{"rendered":"Crin Antonescu despre guvernarea al\u0103turi de PSD: Lipsa unui r\u0103spuns e un r\u0103spuns"},"content":{"rendered":"<div class=\"entry data-app-meta data-app-meta-article\" data-embed-base-url-canonical=\"https:\/\/www.digi24.ro\/embed\/stiri\/actualitate\/politica\/crin-antonescu-despre-guvernarea-alaturi-de-psd-lipsa-unui-raspuns-e-un-raspuns-204718\">\n<p data-index=\"1\">Antonescu a fost \u00eentrebat dac\u0103 le va cere mini\u015ftrilor liberali s\u0103 demisioneze, \u00een cazul \u00een care nu va primi un r\u0103spuns din partea premierului Victor Ponta privind acceptarea nominaliz\u0103rilor PNL.<\/p>\n<p data-index=\"2\">\u201eDa. Adic\u0103 va avea loc o Delega\u0163ie Permanent\u0103, pentru c\u0103 intrarea sau ie\u015firea dintr-un Guvern nu sunt un lucru pe care \u00eel decide un om, nici m\u0103car pre\u015fedintele partidului. Dar eu, ca pre\u015fedinte, eu cred c\u0103 asta trebuie f\u0103cut, pentru c\u0103 <strong>lipsa unui r\u0103spuns nu-i, de fapt, o lips\u0103 de r\u0103spuns, ci un r\u0103spuns<\/strong>. Avem luni \u015fi mar\u0163i Parlamentul \u015fi <strong>luni \u015fi mar\u0163i se poate reface Guvernul<\/strong>, a\u015fa cum este normal s\u0103 fie f\u0103cut. Dac\u0103 \u00een acest sens, \u015fi nu am nicio \u00eendoial\u0103 c\u0103 nu se va \u00eent\u00e2mpla asta, pentru c\u0103 altfel <strong>a\u015f fi fost eu sau al\u0163ii dintre colegii mei contacta\u0163i<\/strong> pentru a angaja o discu\u0163ie m\u0103car m\u00e2ine (luni &#8211; n.r.), pentru c\u0103 totu\u015fi camerele Parlamentului nu se pot convoca de la un minut la altul&#8221;, a declarat liderul PNL, duminic\u0103 seara, \u00een condi\u021biile \u00een care luni \u0219i mar\u021bi se va afla \u00een vizit\u0103 oficial\u0103 \u00een Austria.<\/p>\n<p data-index=\"3\">El a precizat c\u0103 Delega\u0163ia Permanent\u0103 a PNL va fi convocat\u0103 mar\u0163i sear\u0103. \u201eE foarte clar c\u0103 <strong>nu exist\u0103 inten\u0163ia unei noi discu\u0163ii<\/strong> \u015fi, mai cu seam\u0103, c\u0103 nu asta e esen\u0163ial, <strong>nu exist\u0103 inten\u0163ia convoc\u0103rii camerelor<\/strong>, pentru m\u00e2ine cel pu\u0163in. Poate c\u0103 m\u00e2ine va fi aceast\u0103 discu\u0163ie, dar, din punctul meu de vedere, <strong>semnele sunt foarte clare<\/strong>. \u015ei nu e vorba aici de liniile telefonice sau de c\u00e2nd sunt ocupate telefoanele sau nu, ci este vorba de un r\u0103spuns clar, de o op\u0163iune clar\u0103 pe care primul ministru o face&#8221;, a mai afirmat Antonescu.<\/p>\n<p data-index=\"4\">Conform Statutului PNL, Delega\u021bia Permanent\u0103 este cea care decide asupra particip\u0103rii la guvernare a partidului, reaminte\u0219te Mediafax.<\/p>\n<p data-index=\"5\">Reuniunea liberalilor urmeaz\u0103 s\u0103 aib\u0103 loc la o zi dup\u0103 termenul stabilit de PNL pentru a a\u0219tepta r\u0103spunsul PSD \u00een privin\u021ba nominaliz\u0103rilor \u00een Guvern.<\/p>\n<p data-index=\"6\">De altfel, PSD are programat\u0103 luni o \u0219edin\u021b\u0103 a Biroului Permanent Na\u021bional.<\/p>\n<\/div>\n<p> Source URL: https:\/\/www.digi24.ro\/stiri\/actualitate\/politica\/crin-antonescu-despre-guvernarea-alaturi-de-psd-lipsa-unui-raspuns-e-un-raspuns-204718<\/p>\n","protected":false},"excerpt":{"rendered":"<p>Antonescu a fost \u00eentrebat dac\u0103 le va cere mini\u015ftrilor liberali s\u0103 demisioneze, \u00een cazul \u00een care nu va primi un r\u0103spuns din partea premierului Victor Ponta privind acceptarea nominaliz\u0103rilor PNL. \u201eDa. Adic\u0103 va avea loc o Delega\u0163ie Permanent\u0103, pentru c\u0103 intrarea sau ie\u015firea dintr-un Guvern nu sunt un lucru pe care \u00eel decide un om, [&hellip;]<\/p>\n","protected":false},"author":1,"featured_media":211562,"comment_status":"open","ping_status":"","sticky":false,"template":"","format":"standard","meta":{"footnotes":""},"categories":[2],"tags":[11],"class_list":["post-211561","post","type-post","status-publish","format-standard","has-post-thumbnail","hentry","category-politics","tag-digi24"],"_links":{"self":[{"href":"https:\/\/analyse.optim.biz\/index.php?rest_route=\/wp\/v2\/posts\/211561","targetHints":{"allow":["GET"]}}],"collection":[{"href":"https:\/\/analyse.optim.biz\/index.php?rest_route=\/wp\/v2\/posts"}],"about":[{"href":"https:\/\/analyse.optim.biz\/index.php?rest_route=\/wp\/v2\/types\/post"}],"author":[{"embeddable":true,"href":"https:\/\/analyse.optim.biz\/index.php?rest_route=\/wp\/v2\/users\/1"}],"replies":[{"embeddable":true,"href":"https:\/\/analyse.optim.biz\/index.php?rest_route=%2Fwp%2Fv2%2Fcomments&post=211561"}],"version-history":[{"count":0,"href":"https:\/\/analyse.optim.biz\/index.php?rest_route=\/wp\/v2\/posts\/211561\/revisions"}],"wp:featuredmedia":[{"embeddable":true,"href":"https:\/\/analyse.optim.biz\/index.php?rest_route=\/wp\/v2\/media\/211562"}],"wp:attachment":[{"href":"https:\/\/analyse.optim.biz\/index.php?rest_route=%2Fwp%2Fv2%2Fmedia&parent=211561"}],"wp:term":[{"taxonomy":"category","embeddable":true,"href":"https:\/\/analyse.optim.biz\/index.php?rest_route=%2Fwp%2Fv2%2Fcategories&post=211561"},{"taxonomy":"post_tag","embeddable":true,"href":"https:\/\/analyse.optim.biz\/index.php?rest_route=%2Fwp%2Fv2%2Ftags&post=211561"}],"curies":[{"name":"wp","href":"https:\/\/api.w.org\/{rel}","templated":true}]}}