{"id":211547,"date":"2014-02-24T08:16:00","date_gmt":"2014-02-24T05:16:00","guid":{"rendered":"https:\/\/analyse.optim.biz\/?p=211547"},"modified":"2014-02-24T08:16:00","modified_gmt":"2014-02-24T05:16:00","slug":"social-democratii-se-reunesc-in-biroul-permanent","status":"publish","type":"post","link":"https:\/\/analyse.optim.biz\/?p=211547","title":{"rendered":"Social-democra\u021bii se reunesc \u00een Biroul Permanent"},"content":{"rendered":"<div class=\"entry data-app-meta data-app-meta-article\" data-embed-base-url-canonical=\"https:\/\/www.digi24.ro\/embed\/stiri\/actualitate\/politica\/social-democratii-se-reunesc-in-biroul-permanent-204788\">\n<p data-index=\"1\"><img decoding=\"async\" src=\"https:\/\/analyse.optim.biz\/wp-content\/uploads\/2024\/09\/yxnoptk2odg1yzaymte0otuzm2q3nmeyyjq3zduzyje0ztfi-thumb_.jpg\" data-skip-htmlfix=\"1\" title=\"yxnoptk2odg1yzaymte0otuzm2q3nmeyyjq3zduzyje0ztfi-thumb_\"><\/p>\n<p data-index=\"2\"><em><strong>Foto: psd.ro<\/strong><\/em><\/p>\n<p data-index=\"3\">Ast\u0103zi este penultima zi a ultimatumului dat de liberali partenerilor de guvernare de la PSD pentru a ram\u00e2ne \u00een USL \u0219i \u00een Guvern.<\/p>\n<p data-index=\"4\">Dac\u0103 pre\u0219edintele Partidului Na\u021bional Liberal, Crin Antonescu, nu va primi un r\u0103spuns de la premier, mar\u021bi va fi convocata delega\u021bia permanent\u0103 a PNL, pentru a lua o decizie \u00een leg\u0103tur\u0103 cu viitorul USL. \u00a0<\/p>\n<\/div>\n<p> Source URL: https:\/\/www.digi24.ro\/stiri\/actualitate\/politica\/social-democratii-se-reunesc-in-biroul-permanent-204788<\/p>\n","protected":false},"excerpt":{"rendered":"<p>Foto: psd.ro Ast\u0103zi este penultima zi a ultimatumului dat de liberali partenerilor de guvernare de la PSD pentru a ram\u00e2ne \u00een USL \u0219i \u00een Guvern. Dac\u0103 pre\u0219edintele Partidului Na\u021bional Liberal, Crin Antonescu, nu va primi un r\u0103spuns de la premier, mar\u021bi va fi convocata delega\u021bia permanent\u0103 a PNL, pentru a lua o decizie \u00een leg\u0103tur\u0103 [&hellip;]<\/p>\n","protected":false},"author":1,"featured_media":211548,"comment_status":"open","ping_status":"","sticky":false,"template":"","format":"standard","meta":{"footnotes":""},"categories":[2],"tags":[11],"class_list":["post-211547","post","type-post","status-publish","format-standard","has-post-thumbnail","hentry","category-politics","tag-digi24"],"_links":{"self":[{"href":"https:\/\/analyse.optim.biz\/index.php?rest_route=\/wp\/v2\/posts\/211547","targetHints":{"allow":["GET"]}}],"collection":[{"href":"https:\/\/analyse.optim.biz\/index.php?rest_route=\/wp\/v2\/posts"}],"about":[{"href":"https:\/\/analyse.optim.biz\/index.php?rest_route=\/wp\/v2\/types\/post"}],"author":[{"embeddable":true,"href":"https:\/\/analyse.optim.biz\/index.php?rest_route=\/wp\/v2\/users\/1"}],"replies":[{"embeddable":true,"href":"https:\/\/analyse.optim.biz\/index.php?rest_route=%2Fwp%2Fv2%2Fcomments&post=211547"}],"version-history":[{"count":0,"href":"https:\/\/analyse.optim.biz\/index.php?rest_route=\/wp\/v2\/posts\/211547\/revisions"}],"wp:featuredmedia":[{"embeddable":true,"href":"https:\/\/analyse.optim.biz\/index.php?rest_route=\/wp\/v2\/media\/211548"}],"wp:attachment":[{"href":"https:\/\/analyse.optim.biz\/index.php?rest_route=%2Fwp%2Fv2%2Fmedia&parent=211547"}],"wp:term":[{"taxonomy":"category","embeddable":true,"href":"https:\/\/analyse.optim.biz\/index.php?rest_route=%2Fwp%2Fv2%2Fcategories&post=211547"},{"taxonomy":"post_tag","embeddable":true,"href":"https:\/\/analyse.optim.biz\/index.php?rest_route=%2Fwp%2Fv2%2Ftags&post=211547"}],"curies":[{"name":"wp","href":"https:\/\/api.w.org\/{rel}","templated":true}]}}