{"id":211544,"date":"2014-02-24T10:07:47","date_gmt":"2014-02-24T07:07:47","guid":{"rendered":"https:\/\/analyse.optim.biz\/?p=211544"},"modified":"2014-02-24T10:07:47","modified_gmt":"2014-02-24T07:07:47","slug":"victor-ponta-ministrul-mariana-campeanu-a-decis-sa-nu-demisioneze","status":"publish","type":"post","link":"https:\/\/analyse.optim.biz\/?p=211544","title":{"rendered":"Victor Ponta: Ministrul Mariana C\u00e2mpeanu a decis s\u0103 nu demisioneze"},"content":{"rendered":"<div class=\"entry data-app-meta data-app-meta-article\" data-embed-base-url-canonical=\"https:\/\/www.digi24.ro\/embed\/stiri\/actualitate\/politica\/victor-ponta-ministrul-mariana-campeanu-a-decis-sa-nu-demisioneze-204851\">\n<p data-index=\"1\"><img decoding=\"async\" src=\"https:\/\/analyse.optim.biz\/wp-content\/uploads\/2024\/09\/yzzlmgnjzdg0mdrinjllyjliytu2zjc1mq-thumb_.jpg\" data-skip-htmlfix=\"1\" title=\"yzzlmgnjzdg0mdrinjllyjliytu2zjc1mq-thumb_\"><\/p>\n<p data-index=\"2\"><strong>ACTUALIZARE 11.02.<\/strong> Mariana C\u00e2mpeanu a decis s\u0103 nu \u00ee\u015fi dea demisia, a declarat Victor Ponta.<\/p>\n<hr>\n<p data-index=\"3\">Ministrul Muncii a declarat c\u0103 <strong><a href=\"https:\/\/www.digi24.ro\/Stiri\/Digi24\/Actualitate\/Politica\/Mariana+Campeanu+Presedintele+PNL+nu+mi-a+cerut+demisia+Nu+ma+si\" target=\"_blank\" data-skip-linkfix=\"1\" rel=\"noopener\">pre\u015fedintele Traian B\u0103sescu<\/a><\/strong> a fost singurul care i-a cerut demisia. Mariana C\u00e2mpeanu a precizat c\u0103 a avut o discu\u0163ie \u00een acest sens cu pre\u015fedintele PNL, c\u0103ruia i-a spus c\u0103 <strong><a href=\"https:\/\/www.digi24.ro\/Stiri\/Digi24\/Actualitate\/Stiri\/Mariana+Campeanu+Pensionarea+sotului+meu+nu+a+fost+un+favor\" target=\"_blank\" data-skip-linkfix=\"1\" rel=\"noopener\">nu se simte vinovat\u0103 de nimic<\/a><\/strong> &#8211; nici legal, nici profesional &#8211; \u015fi, \u00een consecin\u0163\u0103, nu consider\u0103 c\u0103 trebuie s\u0103 demisioneze. Dar c\u0103 presiunile la care este supus\u0103 \u00eei afecteaz\u0103 activitatea la minister \u015fi, \u00een aceste condi\u0163ii, nu \u015ftie dac\u0103 poate r\u0103m\u00e2ne \u00een func\u0163ie.<\/p>\n<p data-index=\"4\">Liderul PNL i-a transmis ministrului c\u0103 demisia ar fi cea mai bun\u0103 solu\u0163ie.<\/p>\n<p data-index=\"5\">\u201e<span>Eu i-am spus foarte sincer c\u0103 din punctul meu de vedere poate c\u0103 aceast\u0103 variant\u0103 ar fi cea mai bun\u0103, o conferin\u0163\u0103 de pres\u0103 \u00een care s\u0103 prezinte \u00eenc\u0103 o dat\u0103 varianta domniei sale asupra faptelor, s\u0103 spun\u0103 toate lucrurile pe care \u00een dou\u0103 r\u00e2nduri la acest minister le-a f\u0103cut \u015fi s\u0103 demisioneze,&#8221; a spus Crin Antonescu, citat de Mediafax.<\/span><\/p>\n<p data-index=\"6\">Premierul <strong><a href=\"https:\/\/www.digi24.ro\/Stiri\/Digi24\/Actualitate\/Politica\/V+Ponta+De+catre+ori+Basescu+ataca+un+ministru+eu+il+apar+M+Camp\" target=\"_blank\" data-skip-linkfix=\"1\" rel=\"noopener\">Victor Ponta<\/a><\/strong> a afirmat c\u0103 o va sus\u0163ine pe Mariana C\u00e2mpeanu \u00een postul de ministru al Muncii at\u00e2t timp c\u00e2t pre\u015fedintele Traian B\u0103sescu nu argumenteaz\u0103 cu dovezi acuza\u0163iile la adresa acesteia, preciz\u00e2nd c\u0103 \u00ee\u015fi ap\u0103r\u0103 \u00een aceste condi\u0163ii to\u0163i mini\u015ftrii.<\/p>\n<p data-index=\"7\">Ministrul Mariana C\u00e2mpeanu i-ar fi dat so\u0163ului s\u0103u \u00een 2005, c\u00e2nd conducea Casa de Pensii Ilfov, pensie \u015fi indemniza\u0163ie de \u00eenso\u0163itor, \u00een urma \u00eencadr\u0103rii \u00een gradul I de invaliditate, drepturile fiind acordate \u00een baza unor \u201eacte neclare \u015fi diagnostice discutabile\u201d, afirm\u0103 Centrul de Investiga\u0163ii Media.<\/p>\n<p data-index=\"8\">Informa\u0163iile apar \u00eentr-un material de pres\u0103 publicat mar\u0163i de Centrul de Investiga\u0163ii Media.<\/p>\n<p data-index=\"9\"><span>Ministrul Muncii, Mariana C\u00e2mpeanu, afirm\u0103 c\u0103 materialul de pres\u0103 despre pensionarea so\u0163ului s\u0103u a avut \u201edrept unic scop denigrarea\u201d ei \u015fi a familiei, printr-un demers \u201enedeontologic \u015fi nes<\/span><span>us\u0163inut de dovezi concrete\u201d, demnitarul ad\u0103ug\u00e2nd c\u0103 analizeaz\u0103 posibilitatea de a da \u00een judecat\u0103 autorii.<\/span><\/p>\n<\/div>\n<p> Source URL: https:\/\/www.digi24.ro\/stiri\/actualitate\/politica\/victor-ponta-ministrul-mariana-campeanu-a-decis-sa-nu-demisioneze-204851<\/p>\n","protected":false},"excerpt":{"rendered":"<p>ACTUALIZARE 11.02. Mariana C\u00e2mpeanu a decis s\u0103 nu \u00ee\u015fi dea demisia, a declarat Victor Ponta. Ministrul Muncii a declarat c\u0103 pre\u015fedintele Traian B\u0103sescu a fost singurul care i-a cerut demisia. Mariana C\u00e2mpeanu a precizat c\u0103 a avut o discu\u0163ie \u00een acest sens cu pre\u015fedintele PNL, c\u0103ruia i-a spus c\u0103 nu se simte vinovat\u0103 de nimic [&hellip;]<\/p>\n","protected":false},"author":1,"featured_media":211545,"comment_status":"open","ping_status":"","sticky":false,"template":"","format":"standard","meta":{"footnotes":""},"categories":[2],"tags":[11],"class_list":["post-211544","post","type-post","status-publish","format-standard","has-post-thumbnail","hentry","category-politics","tag-digi24"],"_links":{"self":[{"href":"https:\/\/analyse.optim.biz\/index.php?rest_route=\/wp\/v2\/posts\/211544","targetHints":{"allow":["GET"]}}],"collection":[{"href":"https:\/\/analyse.optim.biz\/index.php?rest_route=\/wp\/v2\/posts"}],"about":[{"href":"https:\/\/analyse.optim.biz\/index.php?rest_route=\/wp\/v2\/types\/post"}],"author":[{"embeddable":true,"href":"https:\/\/analyse.optim.biz\/index.php?rest_route=\/wp\/v2\/users\/1"}],"replies":[{"embeddable":true,"href":"https:\/\/analyse.optim.biz\/index.php?rest_route=%2Fwp%2Fv2%2Fcomments&post=211544"}],"version-history":[{"count":0,"href":"https:\/\/analyse.optim.biz\/index.php?rest_route=\/wp\/v2\/posts\/211544\/revisions"}],"wp:featuredmedia":[{"embeddable":true,"href":"https:\/\/analyse.optim.biz\/index.php?rest_route=\/wp\/v2\/media\/211545"}],"wp:attachment":[{"href":"https:\/\/analyse.optim.biz\/index.php?rest_route=%2Fwp%2Fv2%2Fmedia&parent=211544"}],"wp:term":[{"taxonomy":"category","embeddable":true,"href":"https:\/\/analyse.optim.biz\/index.php?rest_route=%2Fwp%2Fv2%2Fcategories&post=211544"},{"taxonomy":"post_tag","embeddable":true,"href":"https:\/\/analyse.optim.biz\/index.php?rest_route=%2Fwp%2Fv2%2Ftags&post=211544"}],"curies":[{"name":"wp","href":"https:\/\/api.w.org\/{rel}","templated":true}]}}