{"id":2115432,"date":"2026-08-27T12:22:15","date_gmt":"2026-08-27T09:22:15","guid":{"rendered":"https:\/\/analyse.optim.biz\/?p=2115432"},"modified":"2026-08-27T12:22:15","modified_gmt":"2026-08-27T09:22:15","slug":"incendiu-la-o-hala-cu-baterii-pentru-stocarea-energiei-in-stalpu-pompierii-au-intervenit-de-la-200-de-metri","status":"publish","type":"post","link":"https:\/\/analyse.optim.biz\/?p=2115432","title":{"rendered":"Incendiu la o hal\u0103 cu baterii pentru stocarea energiei, \u00een St\u00e2lpu. Pompierii au intervenit de la 200 de metri"},"content":{"rendered":"<p>[analyse_image type=&#8221;featured&#8221; src=&#8221;https:\/\/gazetabuzoiana.ro\/wp-content\/uploads\/2026\/08\/g4-media.jpeg&#8221;]<\/p>\n<div class=\"entry-content entry clearfix\">\n<p class=\"wp-block-paragraph\">Un incendiu puternic a izbucnit \u00een noaptea de miercuri spre joi, la o hal\u0103 destinat\u0103 stoc\u0103rii energiei electrice \u00een baterii, din localitatea St\u00e2lpu. Fl\u0103c\u0103rile au cuprins \u00eentreaga construc\u021bie, iar interven\u021bia pompierilor a fost \u00eengreunat\u0103 de temperaturile foarte ridicate \u0219i de riscurile asociate acumulatorilor afla\u021bi \u00een interior.<\/p>\n<p class=\"wp-block-paragraph\">Hala are o suprafa\u021b\u0103 de aproximativ 500 de metri p\u0103tra\u021bi \u0219i face parte dintr-un ansamblu format din dou\u0103 construc\u021bii, ambele prev\u0103zute cu sisteme de detectare \u0219i stingere a incendiilor. Cea de-a doua hal\u0103 nu era ocupat\u0103, \u00eens\u0103 \u00een interiorul acesteia s-a acumulat fum.<\/p>\n<p class=\"wp-block-paragraph\">Din cauza specificului materialelor implicate \u0219i a temperaturilor din interior, pompierii au adoptat o tactic\u0103 defensiv\u0103 \u0219i au ac\u021bionat de la o distan\u021b\u0103 de aproximativ 200 de metri, pentru protejarea salvatorilor. \u00cen acela\u0219i timp, echipajele au urm\u0103rit limitarea extinderii fl\u0103c\u0103rilor c\u0103tre dou\u0103 transformatoare cu ulei aflate \u00een apropiere.<\/p>\n<p class=\"wp-block-paragraph\">Interven\u021bia a necesitat mobilizarea unor for\u021be importante. La fa\u021ba locului au ac\u021bionat echipaje ale ISU Buz\u0103u, iar \u00een sprijin au fost trimise autospeciale de la ISU Prahova, ISU Ialomi\u021ba \u0219i ISU Bucure\u0219ti-Ilfov. Printre mijloacele folosite s-au num\u0103rat autospeciale pentru stingere cu pulbere \u0219i azot, precum \u0219i o autospecial\u0103 destinat\u0103 transportului robo\u021bilor.<\/p>\n<p class=\"wp-block-paragraph\">Pompierii au r\u0103mas la fa\u021ba locului pe parcursul nop\u021bii, iar \u00een diminea\u021ba zilei de joi dispozitivul de interven\u021bie a fost redus. For\u021bele sosite \u00een sprijin s-au retras, \u00een timp ce patru autospeciale ale ISU Buz\u0103u au continuat opera\u021biunile de stingere. Incendiul a fost lichidat ulterior.<\/p>\n<p class=\"wp-block-paragraph\">Dou\u0103 autospeciale de stingere au r\u0103mas \u00een zon\u0103 pentru supraveghere, identificarea eventualelor focare ascunse \u0219i interven\u021bie imediat\u0103 \u00een cazul \u00een care situa\u021bia o impune.<\/p>\n<p class=\"wp-block-paragraph\">\u00cen urma incendiului nu au fost raportate victime. Potrivit ISU Buz\u0103u, interven\u021bia a fost una dificil\u0103 \u0219i de durat\u0103, \u00een principal din cauza temperaturilor ridicate, a fumului degajat \u0219i a riscului generat de bateriile de stocare a energiei.<\/p>\n<p class=\"wp-block-paragraph\">Sursa FOTO: G4Media<\/p>\n<div class=\"post-bottom-meta post-bottom-tags post-tags-modern\">\n<div class=\"post-bottom-meta-title\"> Etichete<\/div>\n<p><span class=\"tagcloud\"><a href=\"https:\/\/gazetabuzoiana.ro\/tag\/acumulatori\/\" rel=\"tag\">acumulatori<\/a><a href=\"https:\/\/gazetabuzoiana.ro\/tag\/baterii\/\" rel=\"tag\">baterii<\/a><a href=\"https:\/\/gazetabuzoiana.ro\/tag\/buzau-2\/\" rel=\"tag\">Buz\u0103u<\/a><a href=\"https:\/\/gazetabuzoiana.ro\/tag\/energie-electrica\/\" rel=\"tag\">energie electric\u0103<\/a><a href=\"https:\/\/gazetabuzoiana.ro\/tag\/hala\/\" rel=\"tag\">hal\u0103<\/a><a href=\"https:\/\/gazetabuzoiana.ro\/tag\/incendiu\/\" rel=\"tag\">incendiu<\/a><a href=\"https:\/\/gazetabuzoiana.ro\/tag\/incendiu-stalpu\/\" rel=\"tag\">incendiu St\u00e2lpu<\/a><a href=\"https:\/\/gazetabuzoiana.ro\/tag\/interventie\/\" rel=\"tag\">interven\u021bie<\/a><a href=\"https:\/\/gazetabuzoiana.ro\/tag\/isu-buzau\/\" rel=\"tag\">ISU Buz\u0103u<\/a><a href=\"https:\/\/gazetabuzoiana.ro\/tag\/isu-ialomita\/\" rel=\"tag\">ISU Ialomi\u021ba<\/a><a href=\"https:\/\/gazetabuzoiana.ro\/tag\/isu-prahova\/\" rel=\"tag\">ISU Prahova<\/a><a href=\"https:\/\/gazetabuzoiana.ro\/tag\/pompieri\/\" rel=\"tag\">pompieri<\/a><a href=\"https:\/\/gazetabuzoiana.ro\/tag\/stalpu\/\" rel=\"tag\">St\u00e2lpu<\/a><a href=\"https:\/\/gazetabuzoiana.ro\/tag\/stocare-energie\/\" rel=\"tag\">stocare energie<\/a><a href=\"https:\/\/gazetabuzoiana.ro\/tag\/transformatoare\/\" rel=\"tag\">transformatoare<\/a><\/span><\/div>\n<\/div>\n<p>[analyse_source url=&#8221;https:\/\/gazetabuzoiana.ro\/2026\/08\/27\/incendiu-la-o-hala-cu-baterii-pentru-stocarea-energiei-in-stalpu-pompierii-au-intervenit-de-la-200-de-metri\/&#8221;]<\/p>\n","protected":false},"excerpt":{"rendered":"<p>[analyse_image type=&#8221;featured&#8221; src=&#8221;https:\/\/gazetabuzoiana.ro\/wp-content\/uploads\/2026\/08\/g4-media.jpeg&#8221;] Un incendiu puternic a izbucnit \u00een noaptea de miercuri spre joi, la o hal\u0103 destinat\u0103 stoc\u0103rii energiei electrice \u00een baterii, din localitatea St\u00e2lpu. Fl\u0103c\u0103rile au cuprins \u00eentreaga construc\u021bie, iar interven\u021bia pompierilor a fost \u00eengreunat\u0103 de temperaturile foarte ridicate \u0219i de riscurile asociate acumulatorilor afla\u021bi \u00een interior. Hala are o suprafa\u021b\u0103 de aproximativ [&hellip;]<\/p>\n","protected":false},"author":1,"featured_media":0,"comment_status":"open","ping_status":"","sticky":false,"template":"","format":"standard","meta":{"footnotes":""},"categories":[2],"tags":[226,38],"class_list":["post-2115432","post","type-post","status-publish","format-standard","hentry","category-politics","tag-crawlmanager","tag-gazetabuzoiana-ro"],"_links":{"self":[{"href":"https:\/\/analyse.optim.biz\/index.php?rest_route=\/wp\/v2\/posts\/2115432","targetHints":{"allow":["GET"]}}],"collection":[{"href":"https:\/\/analyse.optim.biz\/index.php?rest_route=\/wp\/v2\/posts"}],"about":[{"href":"https:\/\/analyse.optim.biz\/index.php?rest_route=\/wp\/v2\/types\/post"}],"author":[{"embeddable":true,"href":"https:\/\/analyse.optim.biz\/index.php?rest_route=\/wp\/v2\/users\/1"}],"replies":[{"embeddable":true,"href":"https:\/\/analyse.optim.biz\/index.php?rest_route=%2Fwp%2Fv2%2Fcomments&post=2115432"}],"version-history":[{"count":0,"href":"https:\/\/analyse.optim.biz\/index.php?rest_route=\/wp\/v2\/posts\/2115432\/revisions"}],"wp:attachment":[{"href":"https:\/\/analyse.optim.biz\/index.php?rest_route=%2Fwp%2Fv2%2Fmedia&parent=2115432"}],"wp:term":[{"taxonomy":"category","embeddable":true,"href":"https:\/\/analyse.optim.biz\/index.php?rest_route=%2Fwp%2Fv2%2Fcategories&post=2115432"},{"taxonomy":"post_tag","embeddable":true,"href":"https:\/\/analyse.optim.biz\/index.php?rest_route=%2Fwp%2Fv2%2Ftags&post=2115432"}],"curies":[{"name":"wp","href":"https:\/\/api.w.org\/{rel}","templated":true}]}}