{"id":2115425,"date":"2026-08-27T08:29:49","date_gmt":"2026-08-27T05:29:49","guid":{"rendered":"https:\/\/analyse.optim.biz\/?p=2115425"},"modified":"2026-08-27T08:29:49","modified_gmt":"2026-08-27T05:29:49","slug":"cazul-flagrantului-de-la-cernatesti-continua-sa-provoace-cutremur-primarul-presat-cu-ideea-ca-va-fi-arestat","status":"publish","type":"post","link":"https:\/\/analyse.optim.biz\/?p=2115425","title":{"rendered":"Cazul flagrantului de la Cern\u0103te\u0219ti continu\u0103 s\u0103 provoace cutremur! Primarul, presat cu ideea c\u0103 va fi arestat"},"content":{"rendered":"<p>[analyse_image type=&#8221;featured&#8221; src=&#8221;https:\/\/gazetabuzoiana.ro\/wp-content\/uploads\/2026\/08\/dna.jpg&#8221;]<\/p>\n<div class=\"entry-content entry clearfix\">\n<p class=\"wp-block-paragraph\">Cazul de la Cern\u0103te\u0219ti continu\u0103 s\u0103 provoace cutremur, iar noile informa\u021bii din ancheta DNA arat\u0103 presiunile la care a fost supus primarul comunei \u0219i modul \u00een care i s-a indus ideea c\u0103 are probleme cu DNA \u0219i c\u0103 poate ajunge \u00een ares<\/p>\n<p class=\"wp-block-paragraph\">Dup\u0103 flagrantul \u00een care Victor Aurel \u0218irgher, b\u0103rbatul care se prezenta drept procuror DNA, ofi\u021ber MAI sau general SIE \u0219i care este cercetat acum pentru trafic de influen\u021b\u0103, a fost prins cu 10.000 de euro, publica\u021bia <em>G\u00e2ndul<\/em> ofer\u0103 azi noi informa\u021bii din dosar, inclusiv declara\u021bia dat\u0103 de primarul din Cern\u0103te\u0219ti anchetatorilor \u0219i \u00eenregistr\u0103ri ale discu\u021biilor purtate de edil cu omul de afaceri Ion Leu.<\/p>\n<p class=\"wp-block-paragraph\">Din aceste documente reiese c\u0103 primarului i s-ar fi spus, \u00een mod repetat, c\u0103 are probleme cu DNA, c\u0103 telefonul \u00eei este ascultat, c\u0103 urmeaz\u0103 s\u0103 fie chemat la audieri \u0219i chiar c\u0103 ar putea fi re\u021binut. \u00cen paralel, i-ar fi fost prezentat\u0103 \u0219i \u201esolu\u021bia\u201d de a sc\u0103pa de  probleme, s\u0103 dea o lucrare f\u0103cut\u0103 prin prim\u0103rie, prin care s\u0103 fie sco\u0219i banii necesari pentru plata pretins\u0103 c\u0103tre procuror.<\/p>\n<p class=\"wp-block-paragraph\">Informa\u021biile \u0219i stenogramele sunt publicate de <em>G\u00e2ndul<\/em>.<\/p>\n<h1 class=\"wp-block-heading\">Primarul spune c\u0103 nu \u0219tia s\u0103 aib\u0103 vreun dosar<\/h1>\n<p class=\"wp-block-paragraph\">\u00cen declara\u021bia dat\u0103 anchetatorilor, primarul comunei Cern\u0103te\u0219ti poveste\u0219te c\u0103 \u00eel cuno\u0219tea pe Ion Leu din perioada \u00een care era viceprimar. Potrivit edilului, acesta ar fi aflat despre o lucrare contractat\u0103 de prim\u0103rie \u0219i ar fi \u00eenceput s\u0103-i spun\u0103 s\u0103 fie atent la unul dintre oamenii cu care lucrase, pentru c\u0103 telefonul i-ar fi fost ascultat de DNA.<\/p>\n<p class=\"wp-block-paragraph\">Ulterior, primarul spune c\u0103 a fost sunat de un b\u0103rbat care s-a prezentat drept \u201eCojocaru \u0218tefan, comisar \u0219ef la DNA Bucure\u0219ti\u201d. Acesta i-ar fi cerut s\u0103 se prezinte la sediul DNA pentru audieri \u0219i i-ar fi spus c\u0103 va fi chemat\u0103 \u0219i o angajat\u0103 a prim\u0103riei.<\/p>\n<p class=\"wp-block-paragraph\">\u00cen aceea\u0219i perioad\u0103, Ion Leu i-ar fi spus c\u0103 a discutat la DNA \u0219i c\u0103 primarul are probleme \u00eentr-un dosar. Mai t\u00e2rziu, potrivit declara\u021biei, acesta i-ar fi spus c\u0103 a vorbit cu un procuror DNA \u0219i c\u0103 problemele ar fi legate de bani primi\u021bi de la trei firme.<\/p>\n<p class=\"wp-block-paragraph\">Primarul sus\u021bine c\u0103 nu \u0219tia s\u0103 aib\u0103 un asemenea dosar.<\/p>\n<h1 class=\"wp-block-heading\">Telefonul la Bucure\u0219ti l-ar fi deranjat pe omul de afaceri<\/h1>\n<p class=\"wp-block-paragraph\">Presiunea a continuat \u0219i dup\u0103 ce primarul a \u00eencercat s\u0103 l\u0103mureasc\u0103 situa\u021bia.<\/p>\n<p class=\"wp-block-paragraph\">Edilul poveste\u0219te c\u0103 l-a sunat pe b\u0103rbatul care se prezentase drept \u201eCojocaru \u0218tefan\u201d pentru a-i spune c\u0103 nu poate ajunge la DNA \u00een data stabilit\u0103, iar acesta i-ar fi oferit o alt\u0103 dat\u0103.<\/p>\n<p class=\"wp-block-paragraph\">La scurt timp, Ion Leu ar fi venit la prim\u0103rie \u0219i i-ar fi repro\u0219at c\u0103 a sunat la Bucure\u0219ti. Potrivit declara\u021biei primarului, omul de afaceri i-ar fi spus c\u0103, \u00een momentul \u00een care edilul a sunat, el se afla la DNA \u0219i c\u0103 i s-ar fi repro\u0219at faptul c\u0103 primarul nu a stat lini\u0219tit.<\/p>\n<p class=\"wp-block-paragraph\">A doua zi, at\u00e2t primarul, c\u00e2t \u0219i colega sa ar fi fost suna\u021bi din nou \u0219i li s-ar fi transmis c\u0103 nu mai este nevoie s\u0103 mearg\u0103 la DNA Bucure\u0219ti.<\/p>\n<h1 class=\"wp-block-heading\">40.000 de euro pentru \u201eprocurorul DNA\u201d<\/h1>\n<figure class=\"wp-block-image size-large is-resized\"><img loading=\"lazy\" decoding=\"async\" width=\"1024\" height=\"683\" src=\"https:\/\/gazetabuzoiana.ro\/wp-content\/uploads\/2026\/08\/balamuc-1024x683.png\" alt class=\"wp-image-22337\"><figcaption class=\"wp-element-caption\">Ion Leu, patronul Leu Aquacultur\u0103 SRL \u2013 Sursa FOTO: Ciprian Sterian, Observatorul Buzoian<\/figcaption><\/figure>\n<p class=\"wp-block-paragraph\">Dup\u0103 aceste episoade, potrivit declara\u021biei primarului, Ion Leu, afaceristul implicat \u00een caz, patronul fimrei <em>Leu Aquacultur\u0103 SRL<\/em> ar fi venit la prim\u0103rie cu o foaie pe care erau trecute mai multe sume.<\/p>\n<p class=\"wp-block-paragraph\">Edilul spune c\u0103 i s-a transmis c\u0103 40.000 de euro ar trebui s\u0103 ajung\u0103 la procurorul DNA \u0219i c\u0103, pentru acoperirea acestei sume, el ar trebui s\u0103 fac\u0103 prin prim\u0103rie o lucrare cu firma <em>Leu Aquacultur\u0103 SRL<\/em>, \u00een valoare de aproximativ 330.000 de lei.<\/p>\n<p class=\"wp-block-paragraph\">Primarul afirm\u0103 c\u0103 a \u00een\u021beles c\u0103 lucrarea ar fi fost fictiv\u0103, deoarece o parte din bani urma s\u0103 fie scoas\u0103 din valoarea contractului.<\/p>\n<p class=\"wp-block-paragraph\">Potrivit aceleia\u0219i declara\u021bii, Ion Leu ar fi continuat s\u0103 \u00eel caute pe primar, at\u00e2t la birou, c\u00e2t \u0219i acas\u0103, pentru a-l convinge s\u0103 <em>\u201erezolve problema cu DNA-ul\u201d.<\/em><\/p>\n<p class=\"wp-block-paragraph\">Mai jos este integral discu\u021bia ambiental\u0103 publicat\u0103 de G\u00e2ndul:<\/p>\n<h1 class=\"wp-block-heading\">Primarul era amenin\u021bat cu vorbe despre arestare \u0219i dosare<\/h1>\n<p class=\"wp-block-paragraph\">O \u00eenregistrare ambiental\u0103 a unei discu\u021bii dintre afaceristul Ion Leu \u0219i primarul care l-a dat \u00een primire la DNA scoate la iveal\u0103 felul agresiv \u00een care afaceristul \u00eencerca s\u0103 \u00eei inoculeze edilului din Cern\u0103te\u0219ti \u201egravitatea\u201d unui dosar la DNA.<\/p>\n<p class=\"wp-block-paragraph\">Aceste idei \u00eei erau transmise insistent primarului pentru ca acesta s\u0103 accepte \u201eajutorul\u201d afaceristului \u0219i pentru ca mai apoi, la r\u00e2ndul s\u0103u, primarul s\u0103 \u00eel serveasc\u0103 pe omul de afaceri cu contracte cu prim\u0103ria.<\/p>\n<p class=\"wp-block-paragraph\"><strong>LEU ION:<\/strong> \u00cei d\u0103 c\u00e2te o d-\u0103sta. Dar trebuie s\u0103 pl\u0103tim \u0219i noi c\u0103 te duci cu\u2026 Deci eu nu-\u021bi mai zic. C\u0103 de-acolea s\u0103 zici c\u0103 eu-s nebun, tat\u0103. Eu o s\u0103-\u021bi zic tot!<\/p>\n<p class=\"wp-block-paragraph\"><strong>PRIMAR:<\/strong> Zi-mi, c\u0103 eu nu \u0219tiu cum s\u0103 fac.<\/p>\n<p class=\"wp-block-paragraph\"><strong>LEU ION:<\/strong> Deci\u2026 Deci, tat\u0103\u2026<\/p>\n<p class=\"wp-block-paragraph\"><strong>PRIMAR:<\/strong> S\u0103 mor eu dac\u0103 \u0219tiu cum s\u0103 fac.<\/p>\n<p class=\"wp-block-paragraph\"><strong>LEU ION:<\/strong> Deci tat\u0103\u2026 e treaba ta! C\u0103 eu nu vreau s\u0103 m\u0103 \u00eenjosesc\u2026<\/p>\n<p class=\"wp-block-paragraph\"><strong>PRIMAR:<\/strong> Nu \u0219tiu cum s\u0103 fac. S\u0103 dea dracu!<\/p>\n<p class=\"wp-block-paragraph\"><strong>LEU ION:<\/strong> Eu am vrut s\u0103 te ajut! \u0102\u0219tia au fost oamenii\u2026 eu am vrut\u2026 Dac\u0103 sunai\u2026 r\u0103spundeai c\u00e2nd ai venit aici, c\u00e2nd te-am sunat eu.<\/p>\n<p class=\"wp-block-paragraph\"><strong>PRIMAR:<\/strong> A\u0219a.<\/p>\n<p class=\"wp-block-paragraph\"><strong>LEU ION:<\/strong> Voiam s\u0103 vorbe\u0219ti fa\u021b\u0103 \u00een fa\u021b\u0103 cu cineva.<\/p>\n<p class=\"wp-block-paragraph\"><strong>PRIMAR:<\/strong> Era aci?<\/p>\n<p class=\"wp-block-paragraph\"><strong>LEU ION:<\/strong> Era. A venit cu alt\u0103 treab\u0103 omul. Cu unul de acolo de la ei \u0219i mi-a zis: Dac\u0103 nu rezolvi, v\u0103 chem, v\u0103 face\u021bi treaba. E treab\u0103\u2026 Nu m\u0103 bag, nu\u2026 Dar eu \u00ee\u021bi spun\u2026 Ascult\u0103 colea ce \u00ee\u0219i spune, aci Sf\u00e2nta Vinerea! Mie mi-e fric\u0103 s\u0103 nu te \u0219i re\u021bin\u0103 la.. Fii atent ce-\u021bi spun aici copile! Io, dac\u0103 aia, s\u0103-mi spui\u2026ca s\u0103 nu\u2026 Ia, b\u0103, lua\u021bi de la nenea! M\u0103 bat m\u0103\u2026 d\u0103-m\u0103 \u00een p\u2026 [\u2026expresie ireveren\u021bioas\u0103\u2026] Fac \u0219i eu ca copilul \u0103sta: Te m\u0103n\u00e2nc\u0103 \u00een c\u2026 [\u2026expresie ireveren\u021bioas\u0103\u2026] m\u0103!<\/p>\n<p class=\"wp-block-paragraph\"><strong>PRIMAR:<\/strong> Da.<\/p>\n<h1 class=\"wp-block-heading\">\u201eIo te \u00eenv\u0103\u021b ca pe copilul meu\u201d<\/h1>\n<p class=\"wp-block-paragraph\">\u00centr-o alt\u0103 parte a discu\u021biei, omul de afaceri continu\u0103 s\u0103 insiste asupra primarului \u0219i \u00eei vorbe\u0219te despre posibilitatea ca acesta s\u0103 aib\u0103 probleme dac\u0103 nu accept\u0103 solu\u021bia propus\u0103.<\/p>\n<p class=\"wp-block-paragraph\">Discu\u021bia, \u00een forma publicat\u0103 de G\u00e2ndul, continu\u0103 astfel:<\/p>\n<p class=\"wp-block-paragraph\"><strong>LEU ION:<\/strong> [\u2026neinteligibil\u2026] \u00cen loc s\u0103 \u00eemi v\u0103 de\u2026 Ce dracu? S\u0103 viu.. s\u0103 aia\u2026 Dac\u0103 o rezolv\u0103\u2026 Nu tati! Eu nu-s politician. O rezolvi, bine. Te rezolvi pentru tine, m\u00e2nca-\u021bi-a\u0219! Eu am vrut s\u0103 fac\u2026 \u00cemi spui NU, le zic c\u00e2nd m\u0103 duc acu, c\u0103 eu plec\u2026<\/p>\n<p class=\"wp-block-paragraph\"><strong>PRIMAR:<\/strong> \u0218i cum s\u0103 fac? C\u0103 nu \u0219tiu cum s\u0103 fac!<\/p>\n<p class=\"wp-block-paragraph\"><strong>LEU ION:<\/strong> M\u0103i nebunule! Zici c\u0103 da\u021bi voi cu sapa pe ei!<\/p>\n<p class=\"wp-block-paragraph\"><strong>PRIMAR:<\/strong> Cum s\u0103 fac?<\/p>\n<p class=\"wp-block-paragraph\"><strong>LEU ION:<\/strong> Bag\u0103\u2026 bag\u0103 c\u2026..l [\u2026expresie ireveren\u021bioas\u0103\u2026] \u0103la de drum. \u00cen\u021belegi? F\u0103cut tot\u2026 aia a\u0219a\u2026 frumos, s\u0103-l ia fata asta, aia. Te-ai achitat. \u00cen loc s\u0103 dai, ascult\u0103 colea ce-\u021bi spune [\u2026neinteligibil\u2026]. Nu \u0219tiu dac\u0103 mai ia. \u00cen loc s\u0103 dai 150.000 [\u2026neinteligibil\u2026] s\u0103 scapi cu tot, ca s\u0103 nu te duci s\u0103 declari \u0219i asta\u2026 ai dat cinci, \u0219ase sute \u0219i nu mai \u00ee\u021bi ia banu. Eu \u0219tiu ce am p\u0103\u021bit eu! Io te \u00eenv\u0103\u021b ca pe copilul meu. Dac\u0103 nu vrei\u2026 Nu mai mi-a zis. Fii atent! Da, o s\u0103 scot eu convorbirile. Dac\u0103 nu \u021bi se ridic\u0103 p\u0103rul pe cap, dup\u0103 ce \u021bi-am povestit eu c\u00e2te ai vorbit. \u0218i lu\u2026 \u0219i lu \u0103sta cu care ai lucrat, viceprimar sau aia, iar l-a\u2026 l-a sunat cineva. A\u021bi avut poate nevoie de ceva. Io \u00ee\u021bi spun\u2026<\/p>\n<p class=\"wp-block-paragraph\"><strong>PRIMAR:<\/strong> N-am mai vorbit cu b\u0103iatul \u0103sta.<\/p>\n<p class=\"wp-block-paragraph\"><strong>LEU ION:<\/strong> Tati, n-ai vorbit tu! Nu tu. Cineva de la prim\u0103rie. \u0218i am zis: B\u0103, las\u0103-l dracu!<\/p>\n<p class=\"wp-block-paragraph\"><strong>PRIMAR:<\/strong> Ce dracu s\u0103 vorbeasc\u0103 cu el?<\/p>\n<p class=\"wp-block-paragraph\"><strong>LEU ION:<\/strong> Nu \u0219tiu. Nu \u0219tiu. Deci b\u0103 tat\u0103, b\u0103.<\/p>\n<p class=\"wp-block-paragraph\"><strong>PRIMAR:<\/strong> N-am vorbit nimic cu el [\u2026neinteligibil\u2026]<\/p>\n<p class=\"wp-block-paragraph\"><strong>LEU ION:<\/strong> E\u0219ti m\u00e2ncat! Io\u2026 Io de aia\u2026 \u00eemi e \u0219i ru\u0219ine.<\/p>\n<p class=\"wp-block-paragraph\"><strong>PRIMAR:<\/strong> Da, nu mai conteaz\u0103!<\/p>\n<p class=\"wp-block-paragraph\"><strong>LEU ION:<\/strong> Zic, tat\u0103: mi-e ru\u0219ine\u2026<\/p>\n<p class=\"wp-block-paragraph\"><strong>PRIMAR:<\/strong> Ideea este c\u0103 trebuie rezolvat\u0103 problema.<\/p>\n<p class=\"wp-block-paragraph\"><strong>LEU ION:<\/strong> Deci tat\u0103\u2026<\/p>\n<p class=\"wp-block-paragraph\"><strong>PRIMAR:<\/strong> Asta este \u0219i nu \u0219tiu cum s\u0103 fac.<\/p>\n<h1 class=\"wp-block-heading\">\u201eS\u0103 v\u0103 cheme, e treaba voastr\u0103\u201d<\/h1>\n<p class=\"wp-block-paragraph\">Discu\u021bia merge mai departe \u0219i ajunge din nou la presupusul dosar \u0219i la interven\u021biile despre care Ion Leu sus\u021binea c\u0103 le-ar putea face.<\/p>\n<p class=\"wp-block-paragraph\"><strong>PRIMAR:<\/strong> Dar cu \u0103sta ai mai vorbit la Bucure\u0219ti?<\/p>\n<p class=\"wp-block-paragraph\"><strong>LEU ION:<\/strong> Cu cine? Am vorbit, dom\u2019le!<\/p>\n<p class=\"wp-block-paragraph\"><strong>PRIMAR:<\/strong> Cu \u0103sta! \u0218i ce-a zis?<\/p>\n<p class=\"wp-block-paragraph\"><strong>LEU ION:<\/strong> Da, domle! A zis [\u2026neinteligibil\u2026] ce-a f\u0103cut? Bre, zic: Mmm. \u2013 B\u0103, tu e\u0219ti politician? P\u0103i o d\u0103m \u00een\u2026 diverse?<\/p>\n<p class=\"wp-block-paragraph\"><strong>PRIMAR:<\/strong> \u00ceh\u00e2m.<\/p>\n<p class=\"wp-block-paragraph\"><strong>LEU ION:<\/strong> \u0218i i-am zis: Luni, m\u00e2ine, sau luni sau mar\u021bi \u00eei zic. S\u0103 v\u0103 cheme. E treaba voastr\u0103! Ce p\u2026 mea [\u2026expresie ireveren\u021bioas\u0103\u2026]. [\u2026neinteligibil\u2026] sunt plecat c\u0103 eu \u0219tii ce a\u0219 vrea? S\u0103 v\u0103 cheme, s\u0103 vezi \u0219i tu de form\u0103\u2026 s\u0103 vezi ce e acolo, oleac\u0103. Dac\u0103 eu spun\u2026 dac\u0103\u2026 E\u0219ti bun o lun\u0103 de zile? Dac\u0103 nu zici\u2026 Nu\u2026 Treaba voastr\u0103, tat\u0103! \u0218i \u00eemi pare r\u0103u c\u0103 sunt plecat eu s\u0103pt\u0103m\u00e2na vii\u2026<\/p>\n<p class=\"wp-block-paragraph\"><strong>PRIMAR:<\/strong> I-ai mai dat ceva?<\/p>\n<p class=\"wp-block-paragraph\"><strong>LEU ION:<\/strong> Ce-ai? I-am dat! M-am achitat!<\/p>\n<p class=\"wp-block-paragraph\"><strong>PRIMAR:<\/strong> Te-ai achitat de el?<\/p>\n<p class=\"wp-block-paragraph\"><strong>LEU ION:<\/strong> \u0102ia 40. Restul nu. Ei pleac\u0103 \u00een iulie, pleac\u0103 to\u021bi. \u0218i am zis: B\u0103, ai r\u0103bdare c\u0103\u2026 Ave\u021bi r\u0103bdare! C\u0103 dac\u0103 apuci s\u0103 scrii ai b\u2026.. p\u2026. m\u0103 [\u2026expresie ireveren\u021bioas\u0103\u2026]! \u00ce\u021bi face dosarul, ai belit-o!<\/p>\n<p class=\"wp-block-paragraph\"><strong>PRIMAR:<\/strong> Am \u00een\u021beles!<\/p>\n<p class=\"wp-block-paragraph\"><strong>LEU ION:<\/strong> Adic\u0103, tu faci cum crezi.<\/p>\n<p class=\"wp-block-paragraph\"><strong>PRIMAR:<\/strong> Dac-o fi ceva de pus \u00een plus, cum s\u0103 zici tu s\u0103 fac\u2026?<\/p>\n<p class=\"wp-block-paragraph\"><strong>LEU ION:<\/strong> La ce?<\/p>\n<h2 class=\"wp-block-heading\">\u201e\u021aie, 100.000, mie, 100.000\u201d<\/h2>\n<p class=\"wp-block-paragraph\">\u00cen ultima parte a stenogramei publicate de G\u00e2ndul, discu\u021bia ajunge la modul \u00een care ar fi trebuit construit\u0103 lucrarea astfel \u00eenc\u00e2t s\u0103 poat\u0103 fi sco\u0219i bani din contract.<\/p>\n<p class=\"wp-block-paragraph\"><strong>PRIMAR:<\/strong> Peste lucrare.<\/p>\n<p class=\"wp-block-paragraph\"><strong>LEU ION:<\/strong> M\u0103 tat\u0103! Trebuie s\u0103 fac c\u0103 n-am calculator. Nu \u0219tiu! Asta era bine\u2026 Eu, zic eu\u2026 s\u0103-i dai \u0219i lu\u2019 fata aia\u2026 Hai de l\u00e2ng\u0103 telefoane \u0103stea c\u0103 m-am \u00eenv\u0103\u021bat, \u00eemi bag p\u2026. \u00een ele [\u2026expresie ireveren\u021bioas\u0103\u2026]. Tu trebuia s\u0103 iei ni\u0219te piatr\u0103 \u00een custodie, care trecem \u00een parantez\u0103: R\u0103m\u00e2ne \u00een custodie, repara\u021bie drum. \u00cen\u021belegi? \u0218i iei piatra, cum ar fi\u2026 luni\u2026 s\u0103 zicem\u2026 \u0218i miercuri bagi drum. Ca s\u0103 faci s\u0103-\u021bi r\u0103m\u00e2ie \u0219i \u021bie un miliard. C\u0103 altfel nu te \u00eencadrezi! N-am un calculator. C\u00e2t vine 150.000? 150.000\u2026<\/p>\n<p class=\"wp-block-paragraph\"><strong>PRIMAR:<\/strong> De mii de ce?<\/p>\n<p class=\"wp-block-paragraph\"><strong>LEU ION:<\/strong> De euro!<\/p>\n<p class=\"wp-block-paragraph\"><strong>PRIMAR:<\/strong> Ce s\u0103 vin\u0103? Vine \u0219apte miliarde.<\/p>\n<p class=\"wp-block-paragraph\"><strong>LEU ION:<\/strong> \u0218apte miliarde. P\u0103i da, dar \u0103ia sunt banii lui. Ce dai la stat?<\/p>\n<p class=\"wp-block-paragraph\"><strong>PRIMAR:<\/strong> P\u0103i da!<\/p>\n<p class=\"wp-block-paragraph\"><strong>LEU ION:<\/strong> Nu\u2026 Trebuia ni\u0219te piatr\u0103 \u0219i drumul dom\u2019le! \u0218i bagi s\u0103-\u021bi r\u0103m\u00e2ie \u0219i \u021bie m\u0103car 100.000. \u0218i mie\u2026 100.000 \u00eemi d\u0103. \u0218i dai \u0219i lu fata asta 100 de milioane. Adic\u0103\u2026 s\u0103-i calcul\u0103m pe h\u00e2rtie.<\/p>\n<p class=\"wp-block-paragraph\"><strong>PRIMAR:<\/strong> Da.<\/p>\n<p class=\"wp-block-paragraph\"><strong>LEU ION:<\/strong> C\u0103 n-ai\u2026. m-am g\u00e2ndit eu\u2026 \u0218tii cum m-am g\u00e2ndit? C\u0103 tu n-ai aicea ca s\u0103 bagi pe situa\u021bii de urgen\u021b\u0103 [\u2026neinteligibil\u2026].<\/p>\n<p class=\"wp-block-paragraph\"><strong>PRIMAR:<\/strong> N-ai\u2026<\/p>\n<p class=\"wp-block-paragraph\">Din declara\u021bia primarului \u0219i din discu\u021biile prezentate de <em>G\u00e2ndul <\/em>este simplu de realizat mecanismul prin care edilul ar fi fost \u021binut sub presiune. Mai \u00eent\u00e2i i s-a spus c\u0103 este vizat de DNA \u0219i c\u0103 ar putea fi arestat, apoi i s-a prezentat o cale prin care problema ar fi putut fi \u201erezolvat\u0103\u201d cu bani.<\/p>\n<p class=\"wp-block-paragraph\">Primarul nu a mers \u00eens\u0103 pe aceast\u0103 variant\u0103. A sesizat situa\u021bia, iar ulterior a colaborat cu anchetatorii, ceea ce a dus la flagrantul \u00een care Victor Aurel \u0218irgher a fost prins cu prima tran\u0219\u0103 de 10.000 de euro.<\/p>\n<p class=\"wp-block-paragraph\">Informa\u021biile privind declara\u021bia primarului \u0219i stenogramele discu\u021biilor sunt cele publicate de <em>G\u00e2ndul<\/em>, \u00een materialul dedicat cazului de la Cern\u0103te\u0219ti, pe care \u00eel g\u0103si\u021bi <strong><a href=\"https:\/\/www.gandul.ro\/justitie\/spovedania-primarului-din-cernatesti-care-a-refuzat-sa-se-lase-corupt-de-generalul-sie-saltat-de-dna-cum-era-fragezit-edilul-cu-ideea-arestarii-20990047?fbclid=IwY2xjawT8zb9wZG9mBWV4dG4DYWVtAjEwAGJyaWQRMERKcVlRd0ZzbVNpdkNvMVdzcnRjBmFwcF9pZBAyMjIwMzkxNzg4MjAwODkyAAEeEu7pjk4q4iW2cd39i8XyHe-GRC4QjOlR27svxRh-QQghMw5pgg7tbs3OJnQ_aem_W1Ige5PAX5Ne6M_MH7tLcQ\">AICI<\/a><\/strong>. <\/p>\n<div class=\"post-bottom-meta post-bottom-tags post-tags-modern\">\n<div class=\"post-bottom-meta-title\"> Etichete<\/div>\n<p><span class=\"tagcloud\"><a href=\"https:\/\/gazetabuzoiana.ro\/tag\/10-000-de-euro\/\" rel=\"tag\">10.000 de euro<\/a><a href=\"https:\/\/gazetabuzoiana.ro\/tag\/ancheta-dna\/\" rel=\"tag\">anchet\u0103 DNA<\/a><a href=\"https:\/\/gazetabuzoiana.ro\/tag\/arestare-preventiva\/\" rel=\"tag\">arestare preventiv\u0103<\/a><a href=\"https:\/\/gazetabuzoiana.ro\/tag\/buzau-2\/\" rel=\"tag\">Buz\u0103u<\/a><a href=\"https:\/\/gazetabuzoiana.ro\/tag\/cernatesti\/\" rel=\"tag\">Cern\u0103te\u0219ti<\/a><a href=\"https:\/\/gazetabuzoiana.ro\/tag\/dna\/\" rel=\"tag\">DNA<\/a><a href=\"https:\/\/gazetabuzoiana.ro\/tag\/flagrant\/\" rel=\"tag\">flagrant<\/a><a href=\"https:\/\/gazetabuzoiana.ro\/tag\/functionari-cernatesti\/\" rel=\"tag\">func\u021bionari Cern\u0103te\u0219ti<\/a><a href=\"https:\/\/gazetabuzoiana.ro\/tag\/gandul\/\" rel=\"tag\">G\u00e2ndul<\/a><a href=\"https:\/\/gazetabuzoiana.ro\/tag\/gazeta-buzoiana-2\/\" rel=\"tag\">Gazeta Buzoian\u0103<\/a><a href=\"https:\/\/gazetabuzoiana.ro\/tag\/general-sie\/\" rel=\"tag\">general SIE<\/a><a href=\"https:\/\/gazetabuzoiana.ro\/tag\/instigare-la-trafic-de-influenta\/\" rel=\"tag\">instigare la trafic de influen\u021b\u0103<\/a><a href=\"https:\/\/gazetabuzoiana.ro\/tag\/ion-leu\/\" rel=\"tag\">Ion Leu<\/a><a href=\"https:\/\/gazetabuzoiana.ro\/tag\/primaria-cernatesti\/\" rel=\"tag\">Prim\u0103ria Cern\u0103te\u0219ti<\/a><a href=\"https:\/\/gazetabuzoiana.ro\/tag\/primarul-din-cernatesti\/\" rel=\"tag\">primarul din Cern\u0103te\u0219ti<\/a><a href=\"https:\/\/gazetabuzoiana.ro\/tag\/procuror-dna\/\" rel=\"tag\">procuror DNA<\/a><a href=\"https:\/\/gazetabuzoiana.ro\/tag\/trafic-de-influenta\/\" rel=\"tag\">trafic de influen\u021b\u0103<\/a><a href=\"https:\/\/gazetabuzoiana.ro\/tag\/victor-aurel-sirgher\/\" rel=\"tag\">Victor Aurel \u0218irgher<\/a><\/span><\/div>\n<\/div>\n<p>[analyse_source url=&#8221;https:\/\/gazetabuzoiana.ro\/2026\/08\/27\/cazul-de-la-cernatesti-continua-sa-provoace-cutremur-primarul-presat-cu-ideea-ca-va-fi-arestat\/&#8221;]<\/p>\n","protected":false},"excerpt":{"rendered":"<p>[analyse_image type=&#8221;featured&#8221; src=&#8221;https:\/\/gazetabuzoiana.ro\/wp-content\/uploads\/2026\/08\/dna.jpg&#8221;] Cazul de la Cern\u0103te\u0219ti continu\u0103 s\u0103 provoace cutremur, iar noile informa\u021bii din ancheta DNA arat\u0103 presiunile la care a fost supus primarul comunei \u0219i modul \u00een care i s-a indus ideea c\u0103 are probleme cu DNA \u0219i c\u0103 poate ajunge \u00een ares Dup\u0103 flagrantul \u00een care Victor Aurel \u0218irgher, b\u0103rbatul care se [&hellip;]<\/p>\n","protected":false},"author":1,"featured_media":0,"comment_status":"open","ping_status":"","sticky":false,"template":"","format":"standard","meta":{"footnotes":""},"categories":[2],"tags":[226,38],"class_list":["post-2115425","post","type-post","status-publish","format-standard","hentry","category-politics","tag-crawlmanager","tag-gazetabuzoiana-ro"],"_links":{"self":[{"href":"https:\/\/analyse.optim.biz\/index.php?rest_route=\/wp\/v2\/posts\/2115425","targetHints":{"allow":["GET"]}}],"collection":[{"href":"https:\/\/analyse.optim.biz\/index.php?rest_route=\/wp\/v2\/posts"}],"about":[{"href":"https:\/\/analyse.optim.biz\/index.php?rest_route=\/wp\/v2\/types\/post"}],"author":[{"embeddable":true,"href":"https:\/\/analyse.optim.biz\/index.php?rest_route=\/wp\/v2\/users\/1"}],"replies":[{"embeddable":true,"href":"https:\/\/analyse.optim.biz\/index.php?rest_route=%2Fwp%2Fv2%2Fcomments&post=2115425"}],"version-history":[{"count":0,"href":"https:\/\/analyse.optim.biz\/index.php?rest_route=\/wp\/v2\/posts\/2115425\/revisions"}],"wp:attachment":[{"href":"https:\/\/analyse.optim.biz\/index.php?rest_route=%2Fwp%2Fv2%2Fmedia&parent=2115425"}],"wp:term":[{"taxonomy":"category","embeddable":true,"href":"https:\/\/analyse.optim.biz\/index.php?rest_route=%2Fwp%2Fv2%2Fcategories&post=2115425"},{"taxonomy":"post_tag","embeddable":true,"href":"https:\/\/analyse.optim.biz\/index.php?rest_route=%2Fwp%2Fv2%2Ftags&post=2115425"}],"curies":[{"name":"wp","href":"https:\/\/api.w.org\/{rel}","templated":true}]}}