{"id":2115424,"date":"2026-08-27T12:38:21","date_gmt":"2026-08-27T09:38:21","guid":{"rendered":"https:\/\/analyse.optim.biz\/?p=2115424"},"modified":"2026-08-27T12:38:21","modified_gmt":"2026-08-27T09:38:21","slug":"marcel-ciolacu-vrea-un-consiliu-judetean-mai-putin-dependent-de-banii-de-la-guvern-ce-proiecte-pregateste-pentru-buzau","status":"publish","type":"post","link":"https:\/\/analyse.optim.biz\/?p=2115424","title":{"rendered":"Marcel Ciolacu vrea un Consiliu Jude\u021bean mai pu\u021bin dependent de banii de la Guvern. Ce proiecte preg\u0103te\u0219te pentru Buz\u0103u"},"content":{"rendered":"<p>[analyse_image type=&#8221;featured&#8221; src=&#8221;https:\/\/gazetabuzoiana.ro\/wp-content\/uploads\/2026\/03\/marcel.jpg&#8221;]<\/p>\n<div class=\"entry-content entry clearfix\">\n<p class=\"wp-block-paragraph\">Pre\u0219edintele Consiliului Jude\u021bean Buz\u0103u, Marcel Ciolacu, propune o schimbare de abordare \u00een ceea ce prive\u0219te modul \u00een care administra\u021bia jude\u021bean\u0103 \u00ee\u0219i construie\u0219te bugetul \u0219i \u00ee\u0219i finan\u021beaz\u0103 proiectele. \u00cen loc ca CJ Buz\u0103u s\u0103 depind\u0103 \u00een permanen\u021b\u0103 de aloc\u0103rile de la bugetul central, ideea este ca institu\u021bia s\u0103 dezvolte investi\u021bii capabile s\u0103 genereze, \u00een timp, venituri proprii.<\/p>\n<p class=\"wp-block-paragraph\">Ciolacu este de p\u0103rere c\u0103 rolul Consiliului Jude\u021bean trebuie privit mai larg dec\u00e2t administrarea drumurilor jude\u021bene \u0219i repartizarea banilor c\u0103tre localit\u0103\u021bi. \u00cen opinia sa, administra\u021bia jude\u021bean\u0103 ar trebui s\u0103 devin\u0103 un partener pentru municipiul Buz\u0103u, R\u00e2mnicu S\u0103rat \u0219i celelalte comunit\u0103\u021bi \u0219i s\u0103 se implice \u00een proiecte care pot contribui la dezvoltarea economic\u0103 a \u00eentregului jude\u021b.<\/p>\n<p class=\"wp-block-paragraph\"><em>\u201eConsiliul Jude\u021bean trebuie s\u0103 aib\u0103 \u0219i venituri. Nu putem a\u0219tepta la nesf\u00e2r\u0219it s\u0103 \u00eemp\u0103r\u021bim banii de la Guvern sau s\u0103 fim nemul\u021bumi\u021bi \u00eencontinuu dac\u0103 Guvernul trimite mai mul\u021bi sau mai pu\u021bini bani\u201d<\/em>, a declarat Marcel Ciolacu.<\/p>\n<h1 class=\"wp-block-heading\">Proiecte care ar putea aduce venituri CJ Buz\u0103u<\/h1>\n<p class=\"wp-block-paragraph\">Printre investi\u021biile pe care le are \u00een vedere se afl\u0103 viitorul depozit de de\u0219euri \u0219i proiectul privind aduc\u021biunea de ap\u0103 de la Siriu.<\/p>\n<p class=\"wp-block-paragraph\">\u00cen cazul depozitului de de\u0219euri, Consiliul Jude\u021bean urmeaz\u0103 s\u0103 \u00ee\u0219i asume proiectarea \u0219i demersurile necesare pentru ob\u021binerea autoriza\u021biei de construire. Dup\u0103 parcurgerea acestor etape va fi stabilit \u0219i modul concret \u00een care investi\u021bia va fi realizat\u0103, fie prin for\u021be proprii, fie \u00een parteneriat.<\/p>\n<p class=\"wp-block-paragraph\">Aduc\u021biunea de ap\u0103 de la Siriu este un alt proiect important inclus \u00een aceast\u0103 perspectiv\u0103. Potrivit lui Marcel Ciolacu, au \u00eenceput deja discu\u021biile cu reprezentan\u021bii Companiei de Ap\u0103 \u0219i cu primarul municipiului Buz\u0103u, Constantin Toma, pentru identificarea unei formule prin care investi\u021bia s\u0103 poat\u0103 fi dezvoltat\u0103 \u0219i gestionat\u0103 eficient.<\/p>\n<p class=\"wp-block-paragraph\">Ideea este ca astfel de proiecte s\u0103 nu fie privite doar ca investi\u021bii punctuale, ci \u0219i ca infrastructur\u0103 care poate contribui, \u00een timp, la consolidarea financiar\u0103 a administra\u021biei jude\u021bene.<\/p>\n<h1 class=\"wp-block-heading\">Mai multe proiecte europene intr\u0103 \u00een etapa urm\u0103toare<\/h1>\n<p class=\"wp-block-paragraph\">Noua abordare vine \u00een paralel cu proiectele pe care Consiliul Jude\u021bean le deruleaz\u0103 sau le preg\u0103te\u0219te cu finan\u021bare european\u0103.<\/p>\n<p class=\"wp-block-paragraph\">La \u0219edin\u021ba de miercuri a CJ Buz\u0103u, toate proiectele aflate pe ordinea de zi au fost aprobate \u00een unanimitate. Marcel Ciolacu a precizat c\u0103, \u00een ultima perioad\u0103, mai multe investi\u021bii cu finan\u021bare european\u0103 au fost puse \u00een mi\u0219care \u0219i intr\u0103 \u00een etapele urm\u0103toare.<\/p>\n<p class=\"wp-block-paragraph\">O parte important\u0103 dintre acestea vizeaz\u0103 infrastructura \u0219i turismul, dou\u0103 domenii pe care administra\u021bia jude\u021bean\u0103 le consider\u0103 esen\u021biale pentru dezvoltarea Buz\u0103ului.<\/p>\n<p class=\"wp-block-paragraph\"><em>\u201eDrumuri mai bune \u00eenseamn\u0103 comunit\u0103\u021bi mai bine conectate \u0219i acces mai u\u0219or c\u0103tre zonele turistice ale Buz\u0103ului\u201d, <\/em>a transmis pre\u0219edintele CJ Buz\u0103u.<\/p>\n<p class=\"wp-block-paragraph\">Strategia prezentat\u0103 de Marcel Ciolacu pune, astfel, accentul pe atragerea fondurilor europene, dar \u0219i pe crearea unor surse proprii de venit pentru administra\u021bia jude\u021bean\u0103. \u00cen acest fel, Consiliul Jude\u021bean ar avea mai mult\u0103 predictibilitate \u00een planificarea investi\u021biilor \u0219i ar fi mai pu\u021bin vulnerabil la varia\u021biile sumelor alocate anual de la bugetul de stat.<\/p>\n<p class=\"wp-block-paragraph\">Scopul este ca proiectele de infrastructur\u0103, utilit\u0103\u021bi \u0219i dezvoltare economic\u0103 s\u0103 nu r\u0103m\u00e2n\u0103 doar investi\u021bii care consum\u0103 resurse publice, ci s\u0103 contribuie, acolo unde este posibil, \u0219i la crearea unor venituri care s\u0103 poat\u0103 fi reinvestite ulterior \u00een jude\u021b.<\/p>\n<div class=\"post-bottom-meta post-bottom-tags post-tags-modern\">\n<div class=\"post-bottom-meta-title\"> Etichete<\/div>\n<p><span class=\"tagcloud\"><a href=\"https:\/\/gazetabuzoiana.ro\/tag\/administratie-judeteana\/\" rel=\"tag\">administra\u021bie jude\u021bean\u0103<\/a><a href=\"https:\/\/gazetabuzoiana.ro\/tag\/aductiunea-de-apa-siriu\/\" rel=\"tag\">aduc\u021biunea de ap\u0103 Siriu<\/a><a href=\"https:\/\/gazetabuzoiana.ro\/tag\/buzau-2\/\" rel=\"tag\">Buz\u0103u<\/a><a href=\"https:\/\/gazetabuzoiana.ro\/tag\/cj-buzau-2\/\" rel=\"tag\">CJ Buz\u0103u<\/a><a href=\"https:\/\/gazetabuzoiana.ro\/tag\/compania-de-apa-buzau\/\" rel=\"tag\">Compania de Ap\u0103 Buz\u0103u<\/a><a href=\"https:\/\/gazetabuzoiana.ro\/tag\/consiliul-judetean-buzau\/\" rel=\"tag\">Consiliul Jude\u021bean Buz\u0103u<\/a><a href=\"https:\/\/gazetabuzoiana.ro\/tag\/depozit-de-deseuri\/\" rel=\"tag\">depozit de de\u0219euri<\/a><a href=\"https:\/\/gazetabuzoiana.ro\/tag\/dezvoltare-economica\/\" rel=\"tag\">dezvoltare economic\u0103<\/a><a href=\"https:\/\/gazetabuzoiana.ro\/tag\/dezvoltare-judeteana\/\" rel=\"tag\">dezvoltare jude\u021bean\u0103<\/a><a href=\"https:\/\/gazetabuzoiana.ro\/tag\/fonduri-europene\/\" rel=\"tag\">fonduri europene<\/a><a href=\"https:\/\/gazetabuzoiana.ro\/tag\/infrastructura\/\" rel=\"tag\">infrastructur\u0103<\/a><a href=\"https:\/\/gazetabuzoiana.ro\/tag\/investitii-2\/\" rel=\"tag\">investi\u021bii<\/a><a href=\"https:\/\/gazetabuzoiana.ro\/tag\/marcel-ciolacu\/\" rel=\"tag\">marcel ciolacu<\/a><a href=\"https:\/\/gazetabuzoiana.ro\/tag\/proiecte-europene\/\" rel=\"tag\">proiecte europene<\/a><\/span><\/div>\n<\/div>\n<p>[analyse_source url=&#8221;https:\/\/gazetabuzoiana.ro\/2026\/08\/27\/marcel-ciolacu-vrea-un-consiliu-judetean-mai-putin-dependent-de-banii-de-la-guvern-ce-proiecte-pregateste-pentru-buzau\/&#8221;]<\/p>\n","protected":false},"excerpt":{"rendered":"<p>[analyse_image type=&#8221;featured&#8221; src=&#8221;https:\/\/gazetabuzoiana.ro\/wp-content\/uploads\/2026\/03\/marcel.jpg&#8221;] Pre\u0219edintele Consiliului Jude\u021bean Buz\u0103u, Marcel Ciolacu, propune o schimbare de abordare \u00een ceea ce prive\u0219te modul \u00een care administra\u021bia jude\u021bean\u0103 \u00ee\u0219i construie\u0219te bugetul \u0219i \u00ee\u0219i finan\u021beaz\u0103 proiectele. \u00cen loc ca CJ Buz\u0103u s\u0103 depind\u0103 \u00een permanen\u021b\u0103 de aloc\u0103rile de la bugetul central, ideea este ca institu\u021bia s\u0103 dezvolte investi\u021bii capabile s\u0103 genereze, [&hellip;]<\/p>\n","protected":false},"author":1,"featured_media":0,"comment_status":"open","ping_status":"","sticky":false,"template":"","format":"standard","meta":{"footnotes":""},"categories":[2],"tags":[226,38],"class_list":["post-2115424","post","type-post","status-publish","format-standard","hentry","category-politics","tag-crawlmanager","tag-gazetabuzoiana-ro"],"_links":{"self":[{"href":"https:\/\/analyse.optim.biz\/index.php?rest_route=\/wp\/v2\/posts\/2115424","targetHints":{"allow":["GET"]}}],"collection":[{"href":"https:\/\/analyse.optim.biz\/index.php?rest_route=\/wp\/v2\/posts"}],"about":[{"href":"https:\/\/analyse.optim.biz\/index.php?rest_route=\/wp\/v2\/types\/post"}],"author":[{"embeddable":true,"href":"https:\/\/analyse.optim.biz\/index.php?rest_route=\/wp\/v2\/users\/1"}],"replies":[{"embeddable":true,"href":"https:\/\/analyse.optim.biz\/index.php?rest_route=%2Fwp%2Fv2%2Fcomments&post=2115424"}],"version-history":[{"count":0,"href":"https:\/\/analyse.optim.biz\/index.php?rest_route=\/wp\/v2\/posts\/2115424\/revisions"}],"wp:attachment":[{"href":"https:\/\/analyse.optim.biz\/index.php?rest_route=%2Fwp%2Fv2%2Fmedia&parent=2115424"}],"wp:term":[{"taxonomy":"category","embeddable":true,"href":"https:\/\/analyse.optim.biz\/index.php?rest_route=%2Fwp%2Fv2%2Fcategories&post=2115424"},{"taxonomy":"post_tag","embeddable":true,"href":"https:\/\/analyse.optim.biz\/index.php?rest_route=%2Fwp%2Fv2%2Ftags&post=2115424"}],"curies":[{"name":"wp","href":"https:\/\/api.w.org\/{rel}","templated":true}]}}