{"id":2115420,"date":"2026-08-25T21:11:01","date_gmt":"2026-08-25T18:11:01","guid":{"rendered":"https:\/\/analyse.optim.biz\/?p=2115420"},"modified":"2026-08-25T21:11:01","modified_gmt":"2026-08-25T18:11:01","slug":"toma-ramane-captiv-in-partidul-social-democrat","status":"publish","type":"post","link":"https:\/\/analyse.optim.biz\/?p=2115420","title":{"rendered":"Toma r\u0103m\u00e2ne captiv \u00een Partidul Social Democrat"},"content":{"rendered":"<p>[analyse_image type=&#8221;featured&#8221; src=&#8221;https:\/\/opiniabuzau.ro\/wp-content\/uploads\/2025\/07\/toma-scaled.jpg&#8221;]<\/p>\n<div class=\"entry-content entry clearfix\">\n<blockquote>\n<p><strong>Toate tentativele primarului Constantin Toma de a enerva suficient de mult structurile de conducere ale Partidului Social Democrat \u2013 central\u0103, jude\u021bean\u0103 ori municipal\u0103 -, astfel \u00eenc\u00e2t s\u0103 determine vreunul dintre forurile statutare al acestei forma\u021biuni politice s\u0103 purcead\u0103 la excluderea sa din PSD, sunt sortite e\u0219ecului. Cel pu\u021bin aceasta este decizia conducerii organiza\u021biei jude\u021bene a Partidului Social Democrat, care, prin vocea pre\u0219edintelui acestei forma\u021biuni politice, deputatul Romeo Lungu, a anun\u021bat c\u0103 nu are de g\u00e2nd s\u0103 \u00eel exclud\u0103 pe primarul Buz\u0103ul, ci s\u0103 \u00eel \u021bin\u0103 captiv p\u00e2n\u0103 cu \u0219ase luni \u00eenaintea alegrilor locale din anul 2028, c\u00e2nd poate demisiona f\u0103r\u0103 s\u0103-\u0219i piard\u0103 func\u021bia. Toma \u00eens\u0103 se afl\u0103 \u00eentr-o curs\u0103 contracronometru \u0219i face tot posibilul s\u0103 for\u021beze excluderea, pentru c\u0103 planul s\u0103u ini\u021bial, \u00eenc\u0103 de c\u00e2nd a \u00eenceput s\u0103 \u00eel atace pe fostul premier \u0219i pre\u0219edinte PSD Marcel Ciolacu, se va pr\u0103bu\u0219i \u00een momentul \u00een care Ilie Bolojan va pierde conducerea guvernului \u0219i, \u00een scurt timp, a Partidului Na\u021bional Liberal.<\/strong><\/p>\n<\/blockquote>\n<p>La c\u00e2teva zile dup\u0103 ce anun\u021bat la Radio Campus c\u0103 nu va mai candida \u00een anul 2028 pentru func\u021bia de primar pe lista Partidului Social Democrat, enervat, probabil de lipsa de reac\u021bie a membrilor PSD \u2013 care doar s-au gr\u0103bit s\u0103-l pun\u0103 la punct pe tema afirma\u021biei conform c\u0103reia sucesele sale electorale i s-ar datora exclusiv, \u0219i nu sus\u021binerii PSD \u2013 Constantin Toma a \u00eencercat din nou marea cu degetul mar\u021bi diminea\u021b\u0103, printr-o o postare pe Facebook pe aceea\u0219i tem\u0103, f\u0103r\u0103 a aduce vreun element nou. Postarea a ap\u0103rut \u00een spa\u021biul public cu o or\u0103 \u00eenaintea conferin\u021bei de pres\u0103 a PSD Buz\u0103u, la care au participat nu doar liderii pe jude\u021b \u2013 pre\u0219edintele Romeo Lungu \u0219i secretarul executiv Adrian Petre -, ci \u0219i ambii viceprimari ai municipiului, Ionu\u021b Apostu \u0219i Oana Gheorghiu.<\/p>\n<p><em>\u201eDragi buzoieni, \u00a0<\/em><\/p>\n<p><em>Decizia mea este luat\u0103 \u2013 nu voi mai candida din partea PSD pentru un nou mandat de primar al municipiului Buz\u0103u. Am renun\u021bat la toate func\u021biile de conducere pe care le-am de\u021binut \u00een partid \u0219i am explicat \u0219i de ce: s-au luat \u0219i din p\u0103cate se iau o mul\u021bime de decizii gre\u0219ite de c\u0103tre PSD, \u00eempotriva rom\u00e2nilor \u0219i implicit a comunit\u0103\u021bii buzoiene! <\/em><\/p>\n<p><em>Ce voi face \u00een 2028, la alegeri, voi decide la momentul potrivit! Cert este c\u0103 nu voi mai cere votul buzoienilor \u00een calitate de membru PSD. <\/em><\/p>\n<div class=\"stream-item stream-item-in-post stream-item-inline-post aligncenter\"><a href=\"https:\/\/vreaulanova.ro\/?utm_source=opiniabuzau&amp;utm_medium=image\" title target=\"_blank\"><img loading=\"lazy\" decoding=\"async\" data-od-unknown-tag data-od-xpath=\"\/HTML\/BODY\/DIV[@class=&apos;background-overlay&apos;]\/*[1][self::DIV]\/*[1][self::DIV]\/*[4][self::DIV]\/*[1][self::DIV]\/*[1][self::DIV]\/*[2][self::ARTICLE]\/*[3][self::DIV]\/*[7][self::DIV]\/*[1][self::A]\/*[1][self::IMG]\" src=\"https:\/\/opiniabuzau.ro\/wp-content\/smush-webp\/2022\/02\/MicrosoftTeams-image-4-1.jpg.webp\" alt width=\"728\" height=\"91\" class=\"perfmatters-lazy\"><img loading=\"lazy\" decoding=\"async\" data-od-unknown-tag data-od-xpath=\"\/HTML\/BODY\/DIV[@class=&apos;background-overlay&apos;]\/*[1][self::DIV]\/*[1][self::DIV]\/*[4][self::DIV]\/*[1][self::DIV]\/*[1][self::DIV]\/*[2][self::ARTICLE]\/*[3][self::DIV]\/*[7][self::DIV]\/*[1][self::A]\/*[1][self::IMG]\" src=\"https:\/\/opiniabuzau.ro\/wp-content\/smush-webp\/2022\/02\/MicrosoftTeams-image-4-1.jpg.webp\" alt width=\"728\" height=\"91\"><\/a><\/div>\n<p><em>P\u00e2n\u0103 atunci am un mandat de dus la cap\u0103t, multe proiecte de finalizat \u0219i o mare responsabilitate fa\u021b\u0103 de buzoieni! Dragi cet\u0103\u021beni ai municipiului Buz\u0103u, v\u0103 mul\u021bumesc din toat\u0103 inima pentru sus\u021binerea \u0219i motivarea permanent\u0103 pe care mi-a\u021bi dat-o \u0219i v\u0103 asigur c\u0103 voi munci \u00een continuare cu devotament, pentru un Buz\u0103u c\u00e2t mai atractiv \u0219i competitiv pentru to\u021bi locuitorii s\u0103i, pentru investitori \u0219i pentru vizitatori! HAI BUZ\u0102U!\u201d<\/em>, este textul postat de Toma pe pagina sa oficial\u0103 de Facebook mar\u021bi diminea\u021b\u0103.<\/p>\n<h3><strong>Lungu: Este un membru simplu<\/strong><\/h3>\n<p>A\u0219a cum era de a\u0219teptat, replica social-democra\u021bilor buzoieni nu s-a l\u0103sat a\u0219teptat\u0103, \u00eens\u0103 a fost departe de speran\u021bele lui Toma. Pre\u0219edintele PSD Buz\u0103u, deputatul Romeo Lungu, a anun\u021bat c\u0103 Toma nu va fi exclus din partid, \u00een ciuda tuturor declara\u021biilor de p\u00e2n\u0103 acum \u0219i indiferent de declara\u021biile pe care le va face de acum \u00eenainte. Mai ales c\u0103, dup\u0103 demisia din toate func\u021biile de conducere pe care le-a avut la nivelul organiza\u021biei municipale, jude\u021bene \u0219i centrale, el a devenit un simplu membru de partid \u2013 care nu mai reprezint\u0103 pe nimeni, ci doar pe el \u00eensu\u0219i -, \u0219i nu \u201eun greu al PSD\u201d, a\u0219a cum era alintat de mass-media apropiat\u0103 PNL \u0219i USR.<\/p>\n<p>Lungu a recunoscut c\u0103 declara\u021biile \u0219i atacurile lansate \u00een ultima perioad\u0103 de Constantin Toma au afectat imaginea partidului, \u00eens\u0103 consider\u0103 c\u0103 edilul \u0219i-a asumat gre\u0219elile prin demisia din toate func\u021biile politice de\u021binute. <em>\u201eEl \u0219i-a dat seama c\u0103 a f\u0103cut r\u0103u partidului \u0219i \u0219i-a dat demisia din func\u021biile de conducere. Este un membru simplu \u0219i eu nu cred c\u0103 trebuie s\u0103 d\u0103m afar\u0103 oameni din partid dac\u0103 au alte p\u0103reri, chiar dac\u0103 nou\u0103 nu ne convin\u201d<\/em>, a declarat deputatul Romeo Lungu la conferin\u021ba de pres\u0103 a PSD Buz\u0103u. Liderul PSD Buz\u0103u a subliniat c\u0103 nu este adeptul excluderilor \u0219i c\u0103 o asemenea m\u0103sur\u0103 ar putea fi luat\u0103 doar dac\u0103 organiza\u021bia municipal\u0103 ar considera-o necesar\u0103.<\/p>\n<p>\u00cen acela\u0219i timp, Lungu a criticat declara\u021biile prin care Constantin Toma s-a delimitat de partidul care l-a sus\u021binut pentru func\u021bia de primar. <em>\u201eEu nu cred c\u0103 PSD a luat numai decizii gre\u0219ite, cum spune domnul Toma la adresa organiza\u021biei din care a f\u0103cut parte. F\u0103r\u0103 aceast\u0103 organiza\u021bie, ast\u0103zi nu era primar. Organiza\u021bia l-a adus, l-a ajutat s\u0103 ajung\u0103 primar, iar PSD a adus foarte multe proiecte pentru municipiul Buz\u0103u\u201d<\/em>, a spus pre\u0219edintele PSD Buz\u0103u.<\/p>\n<p>Chiar dac\u0103 Toma nu va mai reprezenta partidul la viitoarele alegeri, Romeo Lungu sus\u021bine c\u0103 PSD va avea propriul candidat \u0219i este convins c\u0103 acesta va c\u00e2\u0219tiga Prim\u0103ria Buz\u0103u. Deocamdat\u0103 \u00eens\u0103, liderul social-democrat spune c\u0103 nu are \u00een vedere un nume anume. <em>\u201e\u00cen acest moment nu am niciun nume \u00een cap. Poate fi un b\u0103rbat sau poate fi o femeie. Vom avea mai multe nume \u0219i vom face studii sociologice, probabil \u00eencep\u00e2nd din aceast\u0103 toamn\u0103, pentru a vedea \u0219i ce \u00ee\u0219i doresc buzoienii\u201d<\/em>, a explicat Romeo Lungu.<\/p>\n<h3><strong>Care este planul lui Toma<\/strong><\/h3>\n<p>Pentru primarul Toma, excluderea din Partidul Social Democrat ar fi \u00eencununarea planului \u021besut \u00een urm\u0103 cu cel pu\u021bin un an \u0219i jum\u0103tate \u0219i materializat, la \u00eenceput, \u00een atacurile asupra premierului \u0219i pre\u0219edintelui PSD de la acea dat\u0103, Marcel Ciolacu, cel despre care, ani de zile, declara pentru \u00eentrega media na\u021bional\u0103 \u0219i local\u0103 c\u0103 este omul care l-a salvat din cea mai neagr\u0103 situa\u021bie a vie\u021bii sale. El a mizat pe faptul c\u0103 liderii PSD \u00eel vor exclude rapid \u0219i c\u0103, \u00een conformitate cu \u00een\u021belegerile anterioare cu Ilie Bolojan, va prelua conducerea organiza\u021biei jude\u021bene a Partidului Social Democrat, pozi\u021bie care i-ar fi permis s\u0103 spere, \u00een cazul unui e\u0219ec la Prim\u0103rie, previzibil de altfel!, la un mandat de deputat.<\/p>\n<p>Numai c\u0103 decizia social-democra\u021bilor de a nu-i da drumul din partid \u2013 reamintim c\u0103 o demisie a sa din forma\u021biunea politic\u0103 pe listele c\u0103reia a c\u00e2\u0219tigat Prim\u0103ria cu \u0219ase luni \u00eenainte de urm\u0103toarele alegeri locale ar conduce automat la pierderea mandatului \u2013 i-a \u00eent\u00e2rziat planul. \u00centre timp, \u00een PNL a ajuns fostul pre\u0219edinte al Consiliului Jude\u021bean de p\u00e2n\u0103 acum doi ani, deputatul Petre Emanoil Neagu \u2013 \u0219i acesta dezertor din PSD -, personaj pe care Toma l-a jignit public ani la r\u00e2ndul pe c\u00e2nd erau colegi de partid \u0219i care este un concurent redutabil la func\u021bia de lider pe jude\u021b \u0219i la cea de parlamentar \u00een cazul unui e\u0219ec \u00een tentativa de a reveni \u00een fruntea jude\u021bului.<\/p>\n<p>\u0218i, bomboana pe coliv\u0103, liderul PNL Buz\u0103u, deputatul Adrian Mocanu, \u0219i-a consolidat puternic pozi\u021bia \u00een partid, dup\u0103 ce a avut inspira\u021bia de ultim moment de a nu-l tr\u0103da pe Ilie Bolojan \u00een dou\u0103 momente cruciale: Congresul Extraordinar al PNL \u0219i votul asupra guvernului Ve\u0219tea. Astfel c\u0103, din capul listei de demiteri pe motiv de rezultate slabe la alegeri, Mocanu a fost printre cei care au r\u0103mas \u00een func\u021bie dup\u0103 ce Bolojan a decapitat o sum\u0103 de organiza\u021bii teritoriale exact pe aceast\u0103 tem\u0103. Chiar dac\u0103 \u0219i \u00een momentele \u00een care Toma ar fi trebuit s\u0103 fie adversarul politic al lui Mocanu cei doi f\u0103cau blaturi \u2013 este un subiect asupra c\u0103ruia vom reveni! -, este clar c\u0103 Mocanu se va bate din r\u0103sputeri pentru a p\u0103stra g\u0103ina cu ou\u0103 de aur numit\u0103 pre\u0219edin\u021bia PNL Buz\u0103u, singura care \u00eei ofer\u0103 posibilitatea ob\u021binerii a \u00eenc\u0103 unui mandat de deputat.<\/p>\n<blockquote>\n<p><strong><span>\u0218i ce se va \u00eent\u00e2mpla cu Toma? Dac\u0103 va pierde trenul numit \u201eBolojan lider PNL\u201d, actualul primar are toate \u0219ansele s\u0103 se bat\u0103 \u00een anul 2028, ca independent, cu Haritina Cr\u0103i\u021b\u0103 \u2013 b\u0103t\u0103lie pe care nu suntem siguri s\u0103 ar c\u00e2\u0219tiga-o \u2013 pentru o pozi\u021bie \u201erezonabil\u0103\u201d la coada clasamentului candida\u021bilor la Palatul Comunal, sau s\u0103 candideze, cu ceva speran\u021be, din partea extremi\u0219tilor AUR-SOS-POT, de care acum se dezice. Pentru c\u0103 la USR este con\u0219tient c\u0103 nu are nicio \u0219ans\u0103, dat fiind c\u0103 progresi\u0219tii nu iart\u0103 nicio deviere de la linia oficial\u0103 a partidului \u2013 a\u0219a cum o fac acum social-democra\u021bii \u2013 \u0219i l-ar executa public \u00een secunda urm\u0103toare unor declara\u021bii de tipul celor pe care PSD \u00eenc\u0103 le permite.<\/span><\/strong><\/p>\n<\/blockquote>\n<\/div>\n<p>[analyse_source url=&#8221;https:\/\/opiniabuzau.ro\/toma-ramane-captiv-in-partidul-social-democrat\/&#8221;]<\/p>\n","protected":false},"excerpt":{"rendered":"<p>[analyse_image type=&#8221;featured&#8221; src=&#8221;https:\/\/opiniabuzau.ro\/wp-content\/uploads\/2025\/07\/toma-scaled.jpg&#8221;] Toate tentativele primarului Constantin Toma de a enerva suficient de mult structurile de conducere ale Partidului Social Democrat \u2013 central\u0103, jude\u021bean\u0103 ori municipal\u0103 -, astfel \u00eenc\u00e2t s\u0103 determine vreunul dintre forurile statutare al acestei forma\u021biuni politice s\u0103 purcead\u0103 la excluderea sa din PSD, sunt sortite e\u0219ecului. Cel pu\u021bin aceasta este decizia conducerii [&hellip;]<\/p>\n","protected":false},"author":1,"featured_media":0,"comment_status":"open","ping_status":"","sticky":false,"template":"","format":"standard","meta":{"footnotes":""},"categories":[2],"tags":[226,44],"class_list":["post-2115420","post","type-post","status-publish","format-standard","hentry","category-politics","tag-crawlmanager","tag-opiniabuzau-ro"],"_links":{"self":[{"href":"https:\/\/analyse.optim.biz\/index.php?rest_route=\/wp\/v2\/posts\/2115420","targetHints":{"allow":["GET"]}}],"collection":[{"href":"https:\/\/analyse.optim.biz\/index.php?rest_route=\/wp\/v2\/posts"}],"about":[{"href":"https:\/\/analyse.optim.biz\/index.php?rest_route=\/wp\/v2\/types\/post"}],"author":[{"embeddable":true,"href":"https:\/\/analyse.optim.biz\/index.php?rest_route=\/wp\/v2\/users\/1"}],"replies":[{"embeddable":true,"href":"https:\/\/analyse.optim.biz\/index.php?rest_route=%2Fwp%2Fv2%2Fcomments&post=2115420"}],"version-history":[{"count":0,"href":"https:\/\/analyse.optim.biz\/index.php?rest_route=\/wp\/v2\/posts\/2115420\/revisions"}],"wp:attachment":[{"href":"https:\/\/analyse.optim.biz\/index.php?rest_route=%2Fwp%2Fv2%2Fmedia&parent=2115420"}],"wp:term":[{"taxonomy":"category","embeddable":true,"href":"https:\/\/analyse.optim.biz\/index.php?rest_route=%2Fwp%2Fv2%2Fcategories&post=2115420"},{"taxonomy":"post_tag","embeddable":true,"href":"https:\/\/analyse.optim.biz\/index.php?rest_route=%2Fwp%2Fv2%2Ftags&post=2115420"}],"curies":[{"name":"wp","href":"https:\/\/api.w.org\/{rel}","templated":true}]}}