{"id":2115342,"date":"2026-08-27T21:00:00","date_gmt":"2026-08-27T18:00:00","guid":{"rendered":"https:\/\/analyse.optim.biz\/?p=2115342"},"modified":"2026-08-27T21:00:00","modified_gmt":"2026-08-27T18:00:00","slug":"video-mai-departe-pe-autostrada-luni-se-deschide-circulatia-intre-adjud-si-bacau-sud","status":"publish","type":"post","link":"https:\/\/analyse.optim.biz\/?p=2115342","title":{"rendered":"VIDEO! Mai departe, pe autostrad\u0103! Luni, se deschide circula\u021bia \u00eentre Adjud \u0219i Bac\u0103u Sud \u00a0"},"content":{"rendered":"<p>[analyse_image type=&#8221;featured&#8221; src=&#8221;https:\/\/www.monitoruldevrancea.ro\/wp-content\/uploads\/2026\/08\/deschidere-autostrada.jpg&#8221;]<\/p>\n<div class=\"td_block_wrap tdb_single_content tdi_123 td-pb-border-top td_block_template_1 td-post-content tagdiv-type\" data-td-block-uid=\"tdi_123\">\n<div class=\"tdb-block-inner td-fix-index\">\n<iframe loading=\"lazy\" src=\"https:\/\/www.facebook.com\/plugins\/video.php?height=314&amp;href=https%3A%2F%2Fwww.facebook.com%2Freel%2F1788300402199666%2F&amp;show_text=false&amp;width=560&amp;t=0\" width=\"560\" height=\"314\" scrolling=\"no\" frameborder allowfullscreen=\"true\" allow=\"autoplay; clipboard-write; encrypted-media; picture-in-picture; web-share\"><\/iframe><\/p>\n<p>Autostrada Moldovei face un nou pas important spre finalizare. Directorul general al Companiei Na\u021bionale de Administrare a Infrastructurii Rutiere (CNAIR), Cristian Pistol, a anun\u021bat c\u0103 luni, 31 august, de la ora 16:00, va fi deschis\u0103 circula\u021bia pe 47,10 kilometri de autostrad\u0103 \u00eentre Adjud \u0219i Bac\u0103u Sud. Anun\u021bul a fost f\u0103cut dup\u0103 o ultim\u0103 verificare pe \u0219antier, unde constructorul rom\u00e2n UMB lucreaz\u0103 la finalizarea ultimelor detalii \u00eenainte de deschiderea traficului.<\/p>\n<p><strong><em>\u201eLuni, 31 august, de la ora 16:00, se va putea circula pe cei 47,10 km noi de autostrad\u0103. Din acel moment, drumul pe autostrad\u0103 de la Bucure\u0219ti va ajunge, \u00eentr-o prim\u0103 faz\u0103, p\u00e2n\u0103 la nodul rutier al Variantei de Ocolire Bac\u0103u care face leg\u0103tura cu DN2F, spre Vaslui.<\/em><\/strong><\/p>\n<p><strong><em>\u00cen perioada imediat urm\u0103toare, dup\u0103 finalizarea lucr\u0103rilor de racordare, circula\u021bia se va extinde p\u00e2n\u0103 la Nodul Rutier Bac\u0103u Nord al Variantei de Ocolire Bac\u0103u (\u00eenc\u0103 4 km). Am ales aceast\u0103 etapizare pentru un singur motiv: deschidem fiecare kilometru doar atunci c\u00e2nd conexiunile lui sunt complete \u0219i sigure\u201d<\/em><\/strong>, a transmis <strong><em>Cristian Pistol<\/em><\/strong>.<\/p>\n<p>Odat\u0103 cu deschiderea acestui sector, circula\u021bia pe A7 dinspre Bucure\u0219ti va ajunge, \u00eentr-o prim\u0103 etap\u0103, p\u00e2n\u0103 la nodul rutier al Variantei Ocolitoare Bac\u0103u care asigur\u0103 leg\u0103tura cu DN2F, \u00een direc\u021bia Vaslui. \u00cen perioada urm\u0103toare, dup\u0103 finalizarea lucr\u0103rilor de racordare, traficul va fi extins p\u00e2n\u0103 la Nodul Rutier Bac\u0103u Nord al Variantei de Ocolire Bac\u0103u, pe \u00eenc\u0103 aproximativ 4 kilometri.<\/p>\n<p><strong>241,62 kilometri de A7 vor fi circulabili de luni<\/strong><\/p>\n<p>Prin deschiderea sectorului Adjud \u2013 Bac\u0103u Sud, num\u0103rul kilometrilor de autostrad\u0103 pe care se va putea circula din cadrul proiectului A7 Ploie\u0219ti \u2013 Pa\u0219cani va ajunge la 241,62, dintr-un total de aproximativ 319 kilometri. Proiectul A7 Ploie\u0219ti \u2013 Pa\u0219cani este \u00eemp\u0103r\u021bit \u00een patru mari sec\u021biuni: Ploie\u0219ti \u2013 Buz\u0103u, Buz\u0103u \u2013 Foc\u0219ani, Foc\u0219ani \u2013 Bac\u0103u \u0219i Bac\u0103u \u2013 Pa\u0219cani. Lungimea total\u0103 este de 319 kilometri.<\/p>\n<p>Astfel, dup\u0103 deschiderea din 31 august, aproximativ 77,4 kilometri din A7 Ploie\u0219ti \u2013 Pa\u0219cani vor mai r\u0103m\u00e2ne de finalizat, reprezent\u00e2nd sectorul Bac\u0103u \u2013 Pa\u0219cani. Acesta are 77,38 kilometri \u0219i este \u00eemp\u0103r\u021bit \u00een trei loturi, toate contractate cu asocierea UMB \u2013 SA&amp;PE Construct \u2013 Tehnostrade.<\/p>\n<p><strong>A7, una dintre cele mai importante investi\u021bii rutiere din Moldova<\/strong><\/p>\n<p>Autostrada A7, cunoscut\u0103 drept Autostrada Moldovei, este unul dintre cele mai importante proiecte de infrastructur\u0103 rutier\u0103 aflate \u00een dezvoltare \u00een Rom\u00e2nia. Sectorul Ploie\u0219ti \u2013 Pa\u0219cani are profil de autostrad\u0103 2\u00d72 benzi \u0219i face parte din re\u021beaua TEN-T. Proiectul este structurat pe cele patru tronsoane, cu o lungime cumulat\u0103 de 319 kilometri.<\/p>\n<p>Finan\u021barea este asigurat\u0103 \u00een principal prin PNRR, completat\u0103 de fonduri de la bugetul de stat. Potrivit documentelor oficiale privind proiectul, valoarea total\u0103 estimat\u0103 a investi\u021biei Ploie\u0219ti \u2013 Pa\u0219cani este de aproximativ 6,72 miliarde de euro, cu TVA inclus.<\/p>\n<p>Pentru cei 95,9 kilometri ai autostr\u0103zii Foc\u0219ani \u2013 Bac\u0103u, investi\u021bia este de aproximativ 6,51 miliarde de lei f\u0103r\u0103 TVA. Cei 95,9 kilometri sunt \u00eemp\u0103r\u021bi\u021bi \u00een trei loturi: Foc\u0219ani \u2013 Domne\u0219ti T\u00e2rg (35,60 km), Domne\u0219ti T\u00e2rg \u2013 R\u0103c\u0103ciuni (38,78 km) \u0219i R\u0103c\u0103ciuni \u2013 Bac\u0103u (21,52 km).<\/p>\n<p>Pe \u00eentregul sector Foc\u0219ani \u2013 Bac\u0103u sunt prev\u0103zute 91 de poduri \u0219i pasaje, cinci noduri rutiere, parc\u0103ri \u0219i trei Centre de \u00centre\u021binere \u0219i Coordonare.<\/p>\n<p>Dup\u0103 deschiderea sectorului Adjud \u2013 Bac\u0103u Sud \u0219i extinderea traficului p\u00e2n\u0103 la Bac\u0103u Nord, urm\u0103toarea mare etap\u0103 este finalizarea celor 77,38 kilometri dintre Bac\u0103u \u0219i Pa\u0219cani.<\/p>\n<\/div>\n<\/div>\n<p>[analyse_source url=&#8221;https:\/\/www.monitoruldevrancea.ro\/2026\/08\/28\/video-mai-departe-pe-autostrada-luni-se-deschide-circulatia-intre-adjud-si-bacau-sud\/&#8221;]<\/p>\n","protected":false},"excerpt":{"rendered":"<p>[analyse_image type=&#8221;featured&#8221; src=&#8221;https:\/\/www.monitoruldevrancea.ro\/wp-content\/uploads\/2026\/08\/deschidere-autostrada.jpg&#8221;] Autostrada Moldovei face un nou pas important spre finalizare. Directorul general al Companiei Na\u021bionale de Administrare a Infrastructurii Rutiere (CNAIR), Cristian Pistol, a anun\u021bat c\u0103 luni, 31 august, de la ora 16:00, va fi deschis\u0103 circula\u021bia pe 47,10 kilometri de autostrad\u0103 \u00eentre Adjud \u0219i Bac\u0103u Sud. Anun\u021bul a fost f\u0103cut dup\u0103 o [&hellip;]<\/p>\n","protected":false},"author":1,"featured_media":0,"comment_status":"open","ping_status":"","sticky":false,"template":"","format":"standard","meta":{"footnotes":""},"categories":[89],"tags":[226,209],"class_list":["post-2115342","post","type-post","status-publish","format-standard","hentry","category-romania","tag-crawlmanager","tag-monitoruldevrancea-ro"],"_links":{"self":[{"href":"https:\/\/analyse.optim.biz\/index.php?rest_route=\/wp\/v2\/posts\/2115342","targetHints":{"allow":["GET"]}}],"collection":[{"href":"https:\/\/analyse.optim.biz\/index.php?rest_route=\/wp\/v2\/posts"}],"about":[{"href":"https:\/\/analyse.optim.biz\/index.php?rest_route=\/wp\/v2\/types\/post"}],"author":[{"embeddable":true,"href":"https:\/\/analyse.optim.biz\/index.php?rest_route=\/wp\/v2\/users\/1"}],"replies":[{"embeddable":true,"href":"https:\/\/analyse.optim.biz\/index.php?rest_route=%2Fwp%2Fv2%2Fcomments&post=2115342"}],"version-history":[{"count":0,"href":"https:\/\/analyse.optim.biz\/index.php?rest_route=\/wp\/v2\/posts\/2115342\/revisions"}],"wp:attachment":[{"href":"https:\/\/analyse.optim.biz\/index.php?rest_route=%2Fwp%2Fv2%2Fmedia&parent=2115342"}],"wp:term":[{"taxonomy":"category","embeddable":true,"href":"https:\/\/analyse.optim.biz\/index.php?rest_route=%2Fwp%2Fv2%2Fcategories&post=2115342"},{"taxonomy":"post_tag","embeddable":true,"href":"https:\/\/analyse.optim.biz\/index.php?rest_route=%2Fwp%2Fv2%2Ftags&post=2115342"}],"curies":[{"name":"wp","href":"https:\/\/api.w.org\/{rel}","templated":true}]}}