{"id":2115329,"date":"2026-08-27T12:59:33","date_gmt":"2026-08-27T09:59:33","guid":{"rendered":"https:\/\/analyse.optim.biz\/?p=2115329"},"modified":"2026-08-27T12:59:33","modified_gmt":"2026-08-27T09:59:33","slug":"dan-aflat-la-chisinau-sunat-de-trimisul-lui-trump-de-la-inaugurarea-parcului-trump-din-bucuresti","status":"publish","type":"post","link":"https:\/\/analyse.optim.biz\/?p=2115329","title":{"rendered":"Dan, aflat la Chi\u0219in\u0103u, sunat de trimisul lui Trump, de la inaugurarea Parcului Trump din Bucure\u0219ti"},"content":{"rendered":"<p>[analyse_image type=&#8221;featured&#8221; src=&#8221;https:\/\/ziardesuceava.ro\/wp-content\/uploads\/2026\/08\/79853-1024&#215;501.png&#8221;]<\/p>\n<div class=\"post-content clearfix\">\n<div class=\"blog-post-thumb\"><img loading=\"lazy\" decoding=\"async\" width=\"1140\" height=\"694\" src=\"https:\/\/ziardesuceava.ro\/wp-content\/uploads\/2026\/08\/79853-1140x694.png\" class=\"attachment-inhype-blog-thumb size-inhype-blog-thumb wp-post-image\" alt><\/div>\n<div class=\"entry-content\">\n<div>\n<p class=\"fara-orfani lead\">Prezent la inaugurarea Parcului Donald Trump din Bucure\u0219ti, Paolo Zampolli, trimisul special al pre\u0219edintelui american pentru Parteneriate Globale, l-a sunat de fa\u021b\u0103 cu presa pe pre\u0219edintele Nicu\u0219or Dan, aflat la Chi\u0219in\u0103u.<\/p>\n<div class=\"continut-articol\">\n<p>Paolo Zampolli, un personaj cu o imagine nu foarte bun\u0103 la nivel interna\u021bional, a sus\u021binut c\u0103 a fost trimis de \u0219eful diploma\u021biei americane, Marco Rubio, la inaugurarea Parcului prieteniei rom\u00e2no-americane Donald Trump, o idee a Primarului Sectorului 4 Daniel B\u0103lu\u021b\u0103.<\/p>\n<p>\u00cen timpul conferin\u021bei de pres\u0103, Zampolli l-a sunat pe pre\u0219edintele Nicu\u0219or Dan. Aflat la Chi\u0219in\u0103u, pre\u0219edintele l-a sunat \u00eenapoi \u0219i au avut o scurt\u0103 discu\u021bie.<\/p>\n<p>Cei doi se vor vedea \u00een septembrie la reuniunea ONU de la New York.<\/p>\n<p>Zampolli i-a spus lui B\u0103lu\u021b\u0103 c\u0103 le-ar fi povestit celor de la Casa Alb\u0103 despre proiect \u0219i to\u021bi au fost \u201dimpresiona\u021bi\u201d de aceast\u0103 \u201didee uimitoare\u201d.<\/p>\n<p>El a mai spus c\u0103 \u0219i al\u021bii \u0219i-au exprimat inten\u021bia s\u0103 fac\u0103 parcuri asem\u0103n\u0103toare.<\/p>\n<\/div>\n<\/div>\n<\/div>\n<div class=\"inhype-social-share-fixed sidebar-position-right\">\n<div class=\"post-social-wrapper\">\n<div class=\"post-social-title\"><span class=\"post-social-title-text\">Share<\/span><\/div>\n<\/div>\n<\/div>\n<\/div>\n<p>[analyse_source url=&#8221;https:\/\/ziardesuceava.ro\/dan-aflat-la-chisinau-sunat-de-trimisul-lui-trump-de-la-inaugurarea-parcului-trump-din-bucuresti\/&#8221;]<\/p>\n","protected":false},"excerpt":{"rendered":"<p>[analyse_image type=&#8221;featured&#8221; src=&#8221;https:\/\/ziardesuceava.ro\/wp-content\/uploads\/2026\/08\/79853-1024&#215;501.png&#8221;] Prezent la inaugurarea Parcului Donald Trump din Bucure\u0219ti, Paolo Zampolli, trimisul special al pre\u0219edintelui american pentru Parteneriate Globale, l-a sunat de fa\u021b\u0103 cu presa pe pre\u0219edintele Nicu\u0219or Dan, aflat la Chi\u0219in\u0103u. Paolo Zampolli, un personaj cu o imagine nu foarte bun\u0103 la nivel interna\u021bional, a sus\u021binut c\u0103 a fost trimis de \u0219eful [&hellip;]<\/p>\n","protected":false},"author":1,"featured_media":0,"comment_status":"open","ping_status":"","sticky":false,"template":"","format":"standard","meta":{"footnotes":""},"categories":[89],"tags":[226,171],"class_list":["post-2115329","post","type-post","status-publish","format-standard","hentry","category-romania","tag-crawlmanager","tag-ziardesuceava-ro"],"_links":{"self":[{"href":"https:\/\/analyse.optim.biz\/index.php?rest_route=\/wp\/v2\/posts\/2115329","targetHints":{"allow":["GET"]}}],"collection":[{"href":"https:\/\/analyse.optim.biz\/index.php?rest_route=\/wp\/v2\/posts"}],"about":[{"href":"https:\/\/analyse.optim.biz\/index.php?rest_route=\/wp\/v2\/types\/post"}],"author":[{"embeddable":true,"href":"https:\/\/analyse.optim.biz\/index.php?rest_route=\/wp\/v2\/users\/1"}],"replies":[{"embeddable":true,"href":"https:\/\/analyse.optim.biz\/index.php?rest_route=%2Fwp%2Fv2%2Fcomments&post=2115329"}],"version-history":[{"count":0,"href":"https:\/\/analyse.optim.biz\/index.php?rest_route=\/wp\/v2\/posts\/2115329\/revisions"}],"wp:attachment":[{"href":"https:\/\/analyse.optim.biz\/index.php?rest_route=%2Fwp%2Fv2%2Fmedia&parent=2115329"}],"wp:term":[{"taxonomy":"category","embeddable":true,"href":"https:\/\/analyse.optim.biz\/index.php?rest_route=%2Fwp%2Fv2%2Fcategories&post=2115329"},{"taxonomy":"post_tag","embeddable":true,"href":"https:\/\/analyse.optim.biz\/index.php?rest_route=%2Fwp%2Fv2%2Ftags&post=2115329"}],"curies":[{"name":"wp","href":"https:\/\/api.w.org\/{rel}","templated":true}]}}