{"id":2115327,"date":"2026-08-27T20:09:21","date_gmt":"2026-08-27T17:09:21","guid":{"rendered":"https:\/\/analyse.optim.biz\/?p=2115327"},"modified":"2026-08-27T20:09:21","modified_gmt":"2026-08-27T17:09:21","slug":"nicusor-dan-sustine-ca-pahontu-nu-a-participat-la-actiuni-de-reprimare-la-revolutie","status":"publish","type":"post","link":"https:\/\/analyse.optim.biz\/?p=2115327","title":{"rendered":"Nicu\u0219or Dan sus\u021bine c\u0103 Pahon\u021bu nu a participat la ac\u021biuni de reprimare la Revolu\u021bie"},"content":{"rendered":"<p>[analyse_image type=&#8221;featured&#8221; src=&#8221;https:\/\/ziardesuceava.ro\/wp-content\/uploads\/2026\/08\/79861-1024&#215;683.jpg&#8221;]<\/p>\n<div class=\"post-content clearfix\">\n<div class=\"blog-post-thumb\"><img loading=\"lazy\" decoding=\"async\" width=\"1140\" height=\"694\" src=\"https:\/\/ziardesuceava.ro\/wp-content\/uploads\/2026\/08\/79861-1140x694.jpg\" class=\"attachment-inhype-blog-thumb size-inhype-blog-thumb wp-post-image\" alt><\/div>\n<div class=\"entry-content\">\n<div>\n<p class=\"fara-orfani lead\">Pre\u0219edintele Nicu\u0219or Dan a sus\u021binut la Chi\u0219in\u0103u c\u0103 Lucian Pahon\u021bu nu a participat de ac\u021biuni de reprimare la Chi\u0219in\u0103u.<\/p>\n<div class=\"continut-articol\">\n<p>\u201dReprimarea manifesta\u021biilor de la Revolu\u021bie, respectiv de la Mineriad\u0103, este o pat\u0103 \u00een fiecare dintre ele, reprezint\u0103 o pat\u0103 \u00een istoria Rom\u00e2niei. Este regretabil c\u0103 parchetele nu au elucidat p\u00e2n\u0103 \u00een momentul \u0103sta \u0219i \u00eemi doresc, dar sunt circumspect c\u0103 vor reu\u0219i s\u0103 o fac\u0103, trec\u00e2nd a\u0219a de mult timp de la acele evenimente\u201d.<\/p>\n<p>\u201dOrice persoan\u0103 care a reprimat particip\u00e2nd la vruna din aceste ac\u021biuni de reprimare, din punct de vedere moral, nu are ce s\u0103 caute \u00eentr-o func\u021bie \u00eenalt\u0103 \u00een statul rom\u00e2n. Domnul Pahon\u021bu nu e \u00een aceast\u0103 situa\u021bie\u201d, a r\u0103spuns Nicu\u0219or Dan.<\/p>\n<p>\u00centrebat dac\u0103 a evaluat SPP \u0219i pe Pahon\u021bu a\u0219a cum a spus la \u00eenceput de mandat, Dan a spus c\u0103 a avut alte lucruri mai importante.<\/p>\n<p>El a ad\u0103ugat c\u0103 a f\u0103cut o evaluare a SPP \u201dcu propriile sim\u021buri\u201d.<\/p>\n<p>\u201dPare c\u0103 func\u021bioneaz\u0103, un serviciu profesionist. \u0218i reac\u021biile serviciilor externe cu care tangen\u021bial m-am intersectat sunt \u00een aceea\u0219i direc\u021bie. O evaluare managerial\u0103 nu am f\u0103cut special pentru domnul Pahon\u021bu, deoarece sunt multe multe alte restan\u021be mult mai importante\u201d.<\/p>\n<p>Dan a sus\u021binut c\u0103 a v\u0103zut un articol de pres\u0103 cu un titlu care nu e justificat de con\u021binut \u0219i c\u0103 nu \u0219tie care e scandalul.<\/p>\n<p>La Revolu\u021bie, Pahon\u021bu a f\u0103cut parte din for\u021bele de represiune trimise de Nicolae Ceau\u0219escu s\u0103 \u00een\u0103bu\u0219e protestele izbucnite \u00een Bucure\u0219ti, \u00een dup\u0103-amiaza zilei de 21 decembrie 1989, potrivit unei investiga\u021bii Recorder, care se bazeaz\u0103 pe m\u0103rturii \u0219i documente din biografia de tinere\u021be a \u0219efului SPP.\u00a0<\/p>\n<p>\u00centrebat de Ziarul de Gard\u0103 din Chi\u0219in\u0103u de dezv\u0103luirea Snoop, c\u0103 Pahon\u021bu nu a depus de 18 ani declara\u021bia pe proprie r\u0103spundere c\u0103 nu a f\u0103cut poli\u021bie politic\u0103, Nicu\u0219or Dan a spus c\u0103 CSAT a f\u0103cut o verificare \u00een privin\u021ba generalului cu mul\u021bi ani \u00een urm\u0103.<\/p>\n<\/div>\n<\/div>\n<\/div>\n<div class=\"inhype-social-share-fixed sidebar-position-right\">\n<div class=\"post-social-wrapper\">\n<div class=\"post-social-title\"><span class=\"post-social-title-text\">Share<\/span><\/div>\n<\/div>\n<\/div>\n<\/div>\n<p>[analyse_source url=&#8221;https:\/\/ziardesuceava.ro\/nicusor-dan-sustine-ca-pahontu-nu-a-participat-la-actiuni-de-reprimare-la-revolutie\/&#8221;]<\/p>\n","protected":false},"excerpt":{"rendered":"<p>[analyse_image type=&#8221;featured&#8221; src=&#8221;https:\/\/ziardesuceava.ro\/wp-content\/uploads\/2026\/08\/79861-1024&#215;683.jpg&#8221;] Pre\u0219edintele Nicu\u0219or Dan a sus\u021binut la Chi\u0219in\u0103u c\u0103 Lucian Pahon\u021bu nu a participat de ac\u021biuni de reprimare la Chi\u0219in\u0103u. \u201dReprimarea manifesta\u021biilor de la Revolu\u021bie, respectiv de la Mineriad\u0103, este o pat\u0103 \u00een fiecare dintre ele, reprezint\u0103 o pat\u0103 \u00een istoria Rom\u00e2niei. Este regretabil c\u0103 parchetele nu au elucidat p\u00e2n\u0103 \u00een momentul \u0103sta [&hellip;]<\/p>\n","protected":false},"author":1,"featured_media":0,"comment_status":"open","ping_status":"","sticky":false,"template":"","format":"standard","meta":{"footnotes":""},"categories":[89],"tags":[226,171],"class_list":["post-2115327","post","type-post","status-publish","format-standard","hentry","category-romania","tag-crawlmanager","tag-ziardesuceava-ro"],"_links":{"self":[{"href":"https:\/\/analyse.optim.biz\/index.php?rest_route=\/wp\/v2\/posts\/2115327","targetHints":{"allow":["GET"]}}],"collection":[{"href":"https:\/\/analyse.optim.biz\/index.php?rest_route=\/wp\/v2\/posts"}],"about":[{"href":"https:\/\/analyse.optim.biz\/index.php?rest_route=\/wp\/v2\/types\/post"}],"author":[{"embeddable":true,"href":"https:\/\/analyse.optim.biz\/index.php?rest_route=\/wp\/v2\/users\/1"}],"replies":[{"embeddable":true,"href":"https:\/\/analyse.optim.biz\/index.php?rest_route=%2Fwp%2Fv2%2Fcomments&post=2115327"}],"version-history":[{"count":0,"href":"https:\/\/analyse.optim.biz\/index.php?rest_route=\/wp\/v2\/posts\/2115327\/revisions"}],"wp:attachment":[{"href":"https:\/\/analyse.optim.biz\/index.php?rest_route=%2Fwp%2Fv2%2Fmedia&parent=2115327"}],"wp:term":[{"taxonomy":"category","embeddable":true,"href":"https:\/\/analyse.optim.biz\/index.php?rest_route=%2Fwp%2Fv2%2Fcategories&post=2115327"},{"taxonomy":"post_tag","embeddable":true,"href":"https:\/\/analyse.optim.biz\/index.php?rest_route=%2Fwp%2Fv2%2Ftags&post=2115327"}],"curies":[{"name":"wp","href":"https:\/\/api.w.org\/{rel}","templated":true}]}}