{"id":2115314,"date":"2026-08-27T13:55:00","date_gmt":"2026-08-27T10:55:00","guid":{"rendered":"https:\/\/analyse.optim.biz\/?p=2115314"},"modified":"2026-08-27T13:55:00","modified_gmt":"2026-08-27T10:55:00","slug":"franta-o-deputata-sustine-ca-dorinta-de-a-avea-copii-si-cuplul-heterosexual-tin-de-extrema-dreapta-si-propune-parteneriate-civile-bazate-pe-prietenie","status":"publish","type":"post","link":"https:\/\/analyse.optim.biz\/?p=2115314","title":{"rendered":"Fran\u021ba: O deputat\u0103 sus\u021bine c\u0103 dorin\u021ba de a avea copii \u0219i cuplul heterosexual \u021bin de \u201eextrema dreapt\u0103\u201d \u0219i propune \u201eparteneriate civile bazate pe prietenie\u201d"},"content":{"rendered":"<p>[analyse_image type=&#8221;featured&#8221; src=&#8221;https:\/\/radiogoldfm.ro\/wp-content\/uploads\/2026\/08\/franta-o-deputata-sustine-ca-familia-heterosexuala-si-dorinta-de-a-avea-copii-sunt-de-extrema-dreapta-si-propune-parteneriate-civile-pe-baza-de-prietenie-84310.jpghttps:\/\/radiogoldfm.ro\/wp-content\/uploads\/2026\/08\/franta-o-deputata-sustine-ca-familia-heterosexuala-si-dorinta-de-a-avea-copii-sunt-de-extrema-dreapta-si-propune-parteneriate-civile-pe-baza-de-prietenie-84310.jpg&#8221;]<\/p>\n<div class=\"qt-the-content\">\n<p><strong>Deputata de extrem\u0103 st\u00e2ng\u0103 Cl\u00e9mence Guett\u00e9\u00a0a sugerat c\u0103 dorin\u021ba de a avea copii \u00eentr-un cuplu heterosexual face jocul \u201cextremei drepte\u201d \u0219i a acuzat apelurile la natalitate ale pre\u0219edintelui Emmanuel Macron ar contribui la deplasarea Fran\u021bei spre \u201cextrema dreapt\u0103\u201d. Pentru a \u00eenlocui modelul familial clasic \u2013 pe care \u00eel consider\u0103 \u00eenvechit- deputata propune un nou model social construit \u00een jurul prieteniei: de la crearea unui \u201cparteneriat civil\u00a0amical\u201d care s\u0103 le garanteze prietenilor drepturi sociale \u0219i obliga\u021bii financiare reciproce, p\u00e2n\u0103 la acordarea de concedii pl\u0103tite \u00een cazul decesului celui mai bun prieten sau pentru sprijinirea unei prietene dup\u0103 na\u0219tere. \u201ePrietenia este o valoare flexibil\u0103, liber\u0103, necondi\u021bionat\u0103, [\u2026] dar care nu este deloc recunoscut\u0103 de stat sau de lege \u00een timp ce modelul de cuplu \u201eheterosexual\u201d, precum \u0219i familia cu copii, sunt \u201epromovate ca institu\u021bii de c\u0103tre dreapta \u0219i reac\u021bionari\u201d, a declarat ea conform\u00a0<a href=\"https:\/\/www.bfmtv.com\/politique\/la-france-insoumise\/pacs-amical-conge-pour-un-deuil-ou-une-naissance-clemence-guette-propose-plusieurs-mesures-pour-revaloriser-les-relations-amicales_AN-202608260371.html\" target=\"_blank\" rel=\"noreferrer noopener\">BFMTV<\/a><\/strong><\/p>\n<p>\u00cen cadrul lans\u0103rii c\u0103r\u021bii sale,\u00a0<em>Pentru o politic\u0103 a prieteniei<\/em>, Deputata din opozi\u021bia de extrema\u00a0 st\u00e2nga (LFI)\u00a0 Cl\u00e9mence Guett\u00e9 a anun\u021bat miercuri, 26 august, o serie de propuneri pentru consolidarea drepturilor sociale \u00eentre prieteni \u0219i reevaluarea prieteniei. Printre acestea se num\u0103r\u0103 crearea unui \u201eparteneriat social\u201d similar cu PACS-ul (parteneriatul civil din Fran\u021ba) \u0219i introducerea unor noi tipuri de concedii.<\/p>\n<p>Prietenia \u00een dezbaterea public\u0103. \u00cen timp ce cartea sa,\u00a0<em>Pentru o politic\u0103 a prieteniei<\/em>\u00a0urmeaz\u0103 s\u0103 apar\u0103 \u00een libr\u0103rii joi, 27 august, deputata LFI Cl\u00e9mence Guett\u00e9 \u00ee\u0219i lanseaz\u0103 ofensiva pentru ca acest concept s\u0103 fie recunoscut prin lege. Miercuri, 26 august, ea a propus mai multe m\u0103suri concrete pentru a oferim noi drepturi rela\u021biilor amicale.<\/p>\n<p>La postul de radio France Inter, deputata a revenit asupra propunerii sale privind un \u201eparteneriat social\u201d. \u00cen publica\u021bia Time France, ea descria aceast\u0103 m\u0103sur\u0103 drept o propunere ce const\u0103 \u00een \u201ereformarea PACS-ului prin eliminarea criteriului de coabitare \u0219i extinderea acestei solidarit\u0103\u021bi c\u0103tre prieteni\u201d.<\/p>\n<p>Acest parteneriat ar atrage dup\u0103 sine \u0219i \u201eobliga\u021bii de solidaritate material\u0103\u201d, a precizat ea la France Inter, \u00een special \u00een caz de \u201e\u00eendatorare sau dificult\u0103\u021bi \u00een via\u021b\u0103\u201d. Documentul nu ar putea fi \u00eencheiat \u201edec\u00e2t cu o singur\u0103 persoan\u0103\u201d, a ad\u0103ugat ea.<\/p>\n<p>\u201eAst\u0103zi, cei de la putere\u00a0promoveaz\u0103 individualismul \u0219i competi\u021bia (\u2026) Tab\u0103ra noastr\u0103 trebuie s\u0103 se foloseasc\u0103 de prietenie pentru a favoriza leg\u0103turile colective. La prima vedere nu pare, dar prietenia este un subiect extrem de subversiv \u0219i \u00eentotdeauna revolu\u021bionar\u201d, a declarat deputata \u00eentr-un interviu acordat publica\u021biei Lib\u00e9ration.<\/p>\n<p><strong>Concedii pentru doliu, dup\u0103 o na\u0219tere\u2026<\/strong><\/p>\n<p>Printre celelalte m\u0103suri men\u021bionate, deputata men\u021bioneaz\u0103 o serie de propuneri privind acordarea de concedii. Cl\u00e9mence Guett\u00e9 propune, de exemplu, introducerea unui concediu parental pentru partenerii sociali.<\/p>\n<p>\u201eV\u0103 dau un exemplu: sunte\u021bi o femeie singur\u0103 care a decis s\u0103 aib\u0103 un copil ne\u00eenso\u021bit\u0103 \u0219i nu ave\u021bi pe nimeni care s\u0103 v\u0103 sprijine \u00een perioada postpartum. A\u021bi putea alege ca un prieten sau o prieten\u0103 s\u0103 v\u0103 fie al\u0103turi \u00een aceast\u0103 perioad\u0103 dificil\u0103\u201d, explic\u0103 ea la France Inter.<\/p>\n<p>\u00cen mod similar, ea propune stabilirea unui concediu pentru doliu amical. \u201eDac\u0103 cel mai bun prieten al t\u0103u moare, trebuie s\u0103 te \u00eentorci la munc\u0103 chiar a doua zi. \u00cen schimb, dac\u0103 moare cumnata pe care nu o vezi niciodat\u0103, ai dreptul la zile libere\u201d, a subliniat deputata.<\/p>\n<p>\u00cen prezent, un angajat \u00ee\u0219i poate lua zile libere \u00een cazul decesului membrilor familiei: copil, so\u021b\/so\u021bie, partener de PACS, concubin sau p\u0103rinte (tat\u0103, mam\u0103, socru sau soacr\u0103). \u201eDurata concediului variaz\u0103 \u00een func\u021bie de gradul de rudenie cu persoana decedat\u0103\u201d, precizeaz\u0103 site-ul Service-Public.<\/p>\n<p><strong>Supraevaluarea familiei tradi\u021bionale<\/strong><\/p>\n<p>\u201ePrietenia este o valoare flexibil\u0103, liber\u0103, necondi\u021bionat\u0103, [\u2026] dar care nu este deloc recunoscut\u0103 de stat sau de lege\u201d, a declarat ea \u00een preambulul interviului. \u201eAst\u0103zi, familia tradi\u021bional\u0103 este supraevaluat\u0103\u201d, sus\u021bine ea, afirm\u00e2nd c\u0103 modelul de cuplu \u201emajoritar heterosexual\u201d, precum \u0219i familia cu copii, sunt \u201epromovate ca institu\u021bie de c\u0103tre dreapta \u0219i reac\u021bionari\u201d, dar \u0219i \u201esus\u021binute de stat, de sistemul socio-fiscal, de ajutoarele sociale etc.\u201d<\/p>\n<p>\u201eMi se pare c\u0103, \u00een prezent, modul de a face familie [\u2026] \u0219i de a ne organiza existen\u021ba s-a schimbat mult\u201d, consider\u0103 deputata LFI.<\/p>\n<p><strong>\u201eL\u0103rgirea orizontului\u201d f\u0103r\u0103 \u201ea lua nimic de la nimeni\u201d<\/strong><\/p>\n<p>Ea aminte\u0219te c\u0103 o p\u0103trime din familiile din Fran\u021ba sunt monoparentale, men\u021bioneaz\u0103 \u00eendep\u0103rtarea de celula familial\u0103 prin mutarea \u00een afara departamentului natal, num\u0103rul cresc\u00e2nd de divor\u021buri\u2026 Pe scurt, factori care fac ca \u201eprietenia s\u0103 devin\u0103 \u0219i mai important\u0103\u201d, mai ales \u00een mediile populare, a declarat ea pentru Lib\u00e9ration.<\/p>\n<p>\u201eAst\u0103zi, oamenii \u00ee\u0219i improvizau existen\u021ba cum pot, ajung\u00e2nd uneori \u00eentr-o stare de nesiguran\u021b\u0103 psihic\u0103 sau material\u0103. Trebuie s\u0103 le oferim un cadru legal, s\u0103 le normaliz\u0103m dorin\u021bele \u0219i s\u0103 le acord\u0103m drepturi\u201d, solicit\u0103 ea.<\/p>\n<p>Deputata a ad\u0103ugat c\u0103 \u201enu i se ia nimic nim\u0103nui prin acordarea de noi drepturi\u201d \u0219i d\u0103 asigur\u0103ri c\u0103 \u00eencearc\u0103 doar s\u0103 \u201el\u0103rgeasc\u0103 orizontul\u201d pentru cei care nu sunt ferici\u021bi \u00een modelul tradi\u021bional \u0219i s\u0103 \u201eextind\u0103 posibilit\u0103\u021bile\u201d.<\/p>\n<figure class=\"wp-block-embed is-type-rich is-provider-x wp-block-embed-x\">\n<div class=\"wp-block-embed__wrapper\">\n<blockquote class=\"twitter-tweet\" data-width=\"550\" data-dnt=\"true\">\n<p lang=\"fr\" dir=\"ltr\">Pour Cl\u00e9mence Guett\u00e9, \u00eatre en couple avec quelqu\u2019un du sexe oppos\u00e9 et vouloir des enfants = d\u2019extr\u00eame droite.<\/p>\n<p>&#8220;Quand Emmanuel Macron appelle au r\u00e9armement d\u00e9mographique, il participe \u00e0 l\u2019extr\u00eame-droitisation du pays.&#8221;<\/p>\n<p>South Park tous les jours. <a href=\"https:\/\/t.co\/NEz4aldjX9\">pic.twitter.com\/NEz4aldjX9<\/a><\/p>\n<p>\u2014 Sir \ud835\udd4f (@SirAfuera) <a href=\"https:\/\/x.com\/SirAfuera\/status\/2092522020332298569?ref_src=twsrc%5Etfw\">August 26, 2026<\/a><\/p><\/blockquote>\n<\/div>\n<\/figure>\n<p><strong><em>surs\u0103: <a href=\"https:\/\/www.bfmtv.com\/politique\/la-france-insoumise\/pacs-amical-conge-pour-un-deuil-ou-une-naissance-clemence-guette-propose-plusieurs-mesures-pour-revaloriser-les-relations-amicales_AN-202608260371.html\" target=\"_blank\" rel=\"noreferrer noopener\">BFMTV<\/a><\/em><\/strong><\/p>\n<div class=\"tagcloud qt-spacer-m\"><span class=\"qt-title\">Tagged as <\/span><a href=\"https:\/\/radiogoldfm.ro\/tag\/copii\/\" rel=\"tag\">copii<\/a><a href=\"https:\/\/radiogoldfm.ro\/tag\/cuplu\/\" rel=\"tag\">cuplu<\/a><a href=\"https:\/\/radiogoldfm.ro\/tag\/deputata\/\" rel=\"tag\">deputata<\/a><a href=\"https:\/\/radiogoldfm.ro\/tag\/familie\/\" rel=\"tag\">familie<\/a><a href=\"https:\/\/radiogoldfm.ro\/tag\/franta\/\" rel=\"tag\">franta<\/a><a href=\"https:\/\/radiogoldfm.ro\/tag\/gold-fm\/\" rel=\"tag\">GOLD FM<\/a><a href=\"https:\/\/radiogoldfm.ro\/tag\/parteneriat-civil\/\" rel=\"tag\">parteneriat civil<\/a><a href=\"https:\/\/radiogoldfm.ro\/tag\/prietenie\/\" rel=\"tag\">Prietenie<\/a><a href=\"https:\/\/radiogoldfm.ro\/tag\/romania\/\" rel=\"tag\">romania<\/a><\/div>\n<div class=\"qt-post-author qt-card\">\n<div class=\"row\">\n<div class=\"qt-post-author-data col s10 m7 l7\">\n<h6>Profil<\/h6>\n<h4><a href=\"https:\/\/radiogoldfm.ro\/franta-o-deputata-sustine-ca-dorinta-de-a-avea-copii-si-cuplul-heterosexual-tin-de-extrema-dreapta-si-propune-parteneriate-civile-bazate-pe-prietenie\/#author_page\">Gold FM Radio<\/a><\/h4>\n<\/div>\n<div class=\"qt-post-author-link col s12 m3 l4 \"><a href=\"https:\/\/radiogoldfm.ro\/author\/gold-fm\/\" class=\"qt-btn qt-btn-large qt-btn-primary aligncenter\">Arhiva postari<\/a><\/div>\n<\/div>\n<\/div>\n<\/div>\n<p>[analyse_source url=&#8221;https:\/\/radiogoldfm.ro\/franta-o-deputata-sustine-ca-dorinta-de-a-avea-copii-si-cuplul-heterosexual-tin-de-extrema-dreapta-si-propune-parteneriate-civile-bazate-pe-prietenie\/&#8221;]<\/p>\n","protected":false},"excerpt":{"rendered":"<p>[analyse_image type=&#8221;featured&#8221; src=&#8221;https:\/\/radiogoldfm.ro\/wp-content\/uploads\/2026\/08\/franta-o-deputata-sustine-ca-familia-heterosexuala-si-dorinta-de-a-avea-copii-sunt-de-extrema-dreapta-si-propune-parteneriate-civile-pe-baza-de-prietenie-84310.jpghttps:\/\/radiogoldfm.ro\/wp-content\/uploads\/2026\/08\/franta-o-deputata-sustine-ca-familia-heterosexuala-si-dorinta-de-a-avea-copii-sunt-de-extrema-dreapta-si-propune-parteneriate-civile-pe-baza-de-prietenie-84310.jpg&#8221;] Deputata de extrem\u0103 st\u00e2ng\u0103 Cl\u00e9mence Guett\u00e9\u00a0a sugerat c\u0103 dorin\u021ba de a avea copii \u00eentr-un cuplu heterosexual face jocul \u201cextremei drepte\u201d \u0219i a acuzat apelurile la natalitate ale pre\u0219edintelui Emmanuel Macron ar contribui la deplasarea Fran\u021bei spre \u201cextrema dreapt\u0103\u201d. Pentru a \u00eenlocui modelul familial clasic \u2013 pe care \u00eel consider\u0103 \u00eenvechit- deputata propune [&hellip;]<\/p>\n","protected":false},"author":1,"featured_media":0,"comment_status":"open","ping_status":"","sticky":false,"template":"","format":"standard","meta":{"footnotes":""},"categories":[89],"tags":[226,96],"class_list":["post-2115314","post","type-post","status-publish","format-standard","hentry","category-romania","tag-crawlmanager","tag-radiogoldfm-ro"],"_links":{"self":[{"href":"https:\/\/analyse.optim.biz\/index.php?rest_route=\/wp\/v2\/posts\/2115314","targetHints":{"allow":["GET"]}}],"collection":[{"href":"https:\/\/analyse.optim.biz\/index.php?rest_route=\/wp\/v2\/posts"}],"about":[{"href":"https:\/\/analyse.optim.biz\/index.php?rest_route=\/wp\/v2\/types\/post"}],"author":[{"embeddable":true,"href":"https:\/\/analyse.optim.biz\/index.php?rest_route=\/wp\/v2\/users\/1"}],"replies":[{"embeddable":true,"href":"https:\/\/analyse.optim.biz\/index.php?rest_route=%2Fwp%2Fv2%2Fcomments&post=2115314"}],"version-history":[{"count":0,"href":"https:\/\/analyse.optim.biz\/index.php?rest_route=\/wp\/v2\/posts\/2115314\/revisions"}],"wp:attachment":[{"href":"https:\/\/analyse.optim.biz\/index.php?rest_route=%2Fwp%2Fv2%2Fmedia&parent=2115314"}],"wp:term":[{"taxonomy":"category","embeddable":true,"href":"https:\/\/analyse.optim.biz\/index.php?rest_route=%2Fwp%2Fv2%2Fcategories&post=2115314"},{"taxonomy":"post_tag","embeddable":true,"href":"https:\/\/analyse.optim.biz\/index.php?rest_route=%2Fwp%2Fv2%2Ftags&post=2115314"}],"curies":[{"name":"wp","href":"https:\/\/api.w.org\/{rel}","templated":true}]}}