{"id":2115299,"date":"2026-08-27T12:31:00","date_gmt":"2026-08-27T09:31:00","guid":{"rendered":"https:\/\/analyse.optim.biz\/?p=2115299"},"modified":"2026-08-27T12:31:00","modified_gmt":"2026-08-27T09:31:00","slug":"moastele-sfantului-ierarh-nicolae-vor-fi-aduse-la-o-biserica-din-buzau-credinciosii-se-vor-putea-inchina-permanent","status":"publish","type":"post","link":"https:\/\/analyse.optim.biz\/?p=2115299","title":{"rendered":"Moa\u0219tele Sf\u00e2ntului Ierarh Nicolae vor fi aduse la o biseric\u0103 din Buz\u0103u. Credincio\u0219ii se vor putea \u00eenchina permanent"},"content":{"rendered":"<p>[analyse_image type=&#8221;featured&#8221; src=&#8221;https:\/\/gazetabuzoiana.ro\/wp-content\/uploads\/2026\/08\/cuvioasa.jpg&#8221;]<\/p>\n<div class=\"entry-content entry clearfix\">\n<p class=\"wp-block-paragraph\">O zi important\u0103 pentru comunitatea ortodox\u0103 din cartierul Nicolae Titulescu este anun\u021bat\u0103 pentru 13 septembrie. La biserica \u201eSf. Cuv. Parascheva\u201d din Buz\u0103u vor fi aduse \u0219i a\u0219ezate spre \u00eenchinare moa\u0219tele Sf\u00e2ntului Ierarh Nicolae, Arhiepiscopul Mirelor Lichiei, cunoscut drept f\u0103c\u0103tor de minuni.<\/p>\n<p class=\"wp-block-paragraph\">Potrivit anun\u021bului f\u0103cut de preotul paroh Daniel Dumitric\u0103, evenimentul va avea loc duminic\u0103, 13 septembrie 2026, \u00eencep\u00e2nd cu ora 17:30. Moa\u0219tele vor fi aduse de \u00cenaltpreasfin\u021bitul P\u0103rinte Ciprian, Arhiepiscopul Buz\u0103ului \u0219i Vrancei, care va oficia slujba Vecerniei al\u0103turi de un sobor de preo\u021bi.<\/p>\n<p class=\"wp-block-paragraph\">Un aspect important anun\u021bat de reprezentan\u021bii parohiei este c\u0103 moa\u0219tele Sf\u00e2ntului Nicolae vor r\u0103m\u00e2ne permanent \u00een biserica din cartierul Nicolae Titulescu. Astfel, credincio\u0219ii se vor putea \u00eenchina aici \u0219i dup\u0103 evenimentul din 13 septembrie.<\/p>\n<p class=\"wp-block-paragraph\">\u201ePentru comunitatea noastr\u0103, aceast\u0103 zi nu va fi doar ziua unui eveniment. Va fi \u00eenceputul unei prezen\u021be\u201d, au transmis reprezentan\u021bii parohiei.<\/p>\n<p class=\"wp-block-paragraph\">Credincio\u0219ii din Buz\u0103u \u0219i din alte localit\u0103\u021bi sunt invita\u021bi s\u0103 participe la slujba de duminic\u0103 \u0219i s\u0103 se \u00eenchine la moa\u0219tele Sf\u00e2ntului Ierarh Nicolae.<\/p>\n<p class=\"wp-block-paragraph\">Biserica \u201eSf. Cuv. Parascheva\u201d se afl\u0103 pe strada Oltului nr. 42, \u00een cartierul Nicolae Titulescu, cunoscut \u0219i sub denumirea de 23 August.<\/p>\n<p class=\"wp-block-paragraph\">Evenimentul marcheaz\u0103 un moment important pentru parohia buzoian\u0103, care va avea de acum \u00eenainte \u00een biseric\u0103 un loc permanent de cinstire a Sf\u00e2ntului Nicolae.<\/p>\n<figure class=\"wp-block-image size-large\"><img loading=\"lazy\" decoding=\"async\" width=\"1024\" height=\"903\" src=\"https:\/\/gazetabuzoiana.ro\/wp-content\/uploads\/2026\/08\/sfantul-nicolae-1024x903.jpg\" alt class=\"wp-image-22360\"><figcaption class=\"wp-element-caption\">SF NICOLAE<\/figcaption><\/figure>\n<div class=\"post-bottom-meta post-bottom-tags post-tags-modern\">\n<div class=\"post-bottom-meta-title\"> Etichete<\/div>\n<p><span class=\"tagcloud\"><a href=\"https:\/\/gazetabuzoiana.ro\/tag\/13-septembrie-2026\/\" rel=\"tag\">13 septembrie 2026<\/a><a href=\"https:\/\/gazetabuzoiana.ro\/tag\/arhiepiscopia-buzaului-si-vrancei\/\" rel=\"tag\">Arhiepiscopia Buz\u0103ului \u0219i Vrancei<\/a><a href=\"https:\/\/gazetabuzoiana.ro\/tag\/biserica-buzau\/\" rel=\"tag\">biseric\u0103 Buz\u0103u<\/a><a href=\"https:\/\/gazetabuzoiana.ro\/tag\/buzau-2\/\" rel=\"tag\">Buz\u0103u<\/a><a href=\"https:\/\/gazetabuzoiana.ro\/tag\/ciprian-arhiepiscopul-buzaului\/\" rel=\"tag\">Ciprian Arhiepiscopul Buz\u0103ului<\/a><a href=\"https:\/\/gazetabuzoiana.ro\/tag\/credinciosi\/\" rel=\"tag\">credincio\u0219i<\/a><a href=\"https:\/\/gazetabuzoiana.ro\/tag\/daniel-dumitrica\/\" rel=\"tag\">Daniel Dumitric\u0103<\/a><a href=\"https:\/\/gazetabuzoiana.ro\/tag\/eveniment-religios\/\" rel=\"tag\">eveniment religios<\/a><a href=\"https:\/\/gazetabuzoiana.ro\/tag\/moastele-sfantului-nicolae\/\" rel=\"tag\">moa\u0219tele Sf\u00e2ntului Nicolae<\/a><a href=\"https:\/\/gazetabuzoiana.ro\/tag\/nicolae-titulescu\/\" rel=\"tag\">Nicolae Titulescu<\/a><a href=\"https:\/\/gazetabuzoiana.ro\/tag\/ortodoxie\/\" rel=\"tag\">ortodoxie<\/a><a href=\"https:\/\/gazetabuzoiana.ro\/tag\/parohia-sfanta-cuvioasa-parascheva\/\" rel=\"tag\">Parohia Sf\u00e2nta Cuvioas\u0103 Parascheva<\/a><a href=\"https:\/\/gazetabuzoiana.ro\/tag\/sfantul-ierarh-nicolae\/\" rel=\"tag\">Sf\u00e2ntul Ierarh Nicolae<\/a><a href=\"https:\/\/gazetabuzoiana.ro\/tag\/sfinte-moaste\/\" rel=\"tag\">sfinte moa\u0219te<\/a><\/span><\/div>\n<\/div>\n<p>[analyse_source url=&#8221;https:\/\/gazetabuzoiana.ro\/2026\/08\/27\/moastele-sfantului-ierarh-nicolae-vor-fi-aduse-la-o-biserica-din-buzau-credinciosii-se-vor-putea-inchina-permanent\/&#8221;]<\/p>\n","protected":false},"excerpt":{"rendered":"<p>[analyse_image type=&#8221;featured&#8221; src=&#8221;https:\/\/gazetabuzoiana.ro\/wp-content\/uploads\/2026\/08\/cuvioasa.jpg&#8221;] O zi important\u0103 pentru comunitatea ortodox\u0103 din cartierul Nicolae Titulescu este anun\u021bat\u0103 pentru 13 septembrie. La biserica \u201eSf. Cuv. Parascheva\u201d din Buz\u0103u vor fi aduse \u0219i a\u0219ezate spre \u00eenchinare moa\u0219tele Sf\u00e2ntului Ierarh Nicolae, Arhiepiscopul Mirelor Lichiei, cunoscut drept f\u0103c\u0103tor de minuni. Potrivit anun\u021bului f\u0103cut de preotul paroh Daniel Dumitric\u0103, evenimentul va avea [&hellip;]<\/p>\n","protected":false},"author":1,"featured_media":0,"comment_status":"open","ping_status":"","sticky":false,"template":"","format":"standard","meta":{"footnotes":""},"categories":[2],"tags":[226,38],"class_list":["post-2115299","post","type-post","status-publish","format-standard","hentry","category-politics","tag-crawlmanager","tag-gazetabuzoiana-ro"],"_links":{"self":[{"href":"https:\/\/analyse.optim.biz\/index.php?rest_route=\/wp\/v2\/posts\/2115299","targetHints":{"allow":["GET"]}}],"collection":[{"href":"https:\/\/analyse.optim.biz\/index.php?rest_route=\/wp\/v2\/posts"}],"about":[{"href":"https:\/\/analyse.optim.biz\/index.php?rest_route=\/wp\/v2\/types\/post"}],"author":[{"embeddable":true,"href":"https:\/\/analyse.optim.biz\/index.php?rest_route=\/wp\/v2\/users\/1"}],"replies":[{"embeddable":true,"href":"https:\/\/analyse.optim.biz\/index.php?rest_route=%2Fwp%2Fv2%2Fcomments&post=2115299"}],"version-history":[{"count":0,"href":"https:\/\/analyse.optim.biz\/index.php?rest_route=\/wp\/v2\/posts\/2115299\/revisions"}],"wp:attachment":[{"href":"https:\/\/analyse.optim.biz\/index.php?rest_route=%2Fwp%2Fv2%2Fmedia&parent=2115299"}],"wp:term":[{"taxonomy":"category","embeddable":true,"href":"https:\/\/analyse.optim.biz\/index.php?rest_route=%2Fwp%2Fv2%2Fcategories&post=2115299"},{"taxonomy":"post_tag","embeddable":true,"href":"https:\/\/analyse.optim.biz\/index.php?rest_route=%2Fwp%2Fv2%2Ftags&post=2115299"}],"curies":[{"name":"wp","href":"https:\/\/api.w.org\/{rel}","templated":true}]}}