{"id":2115297,"date":"2026-08-27T22:42:09","date_gmt":"2026-08-27T19:42:09","guid":{"rendered":"https:\/\/analyse.optim.biz\/?p=2115297"},"modified":"2026-08-27T22:42:09","modified_gmt":"2026-08-27T19:42:09","slug":"o-stea-s-a-inaltat-la-cer-ionel-bazoiu-tanarul-fotbalist-din-buzau-a-murit-in-spania-familia-cere-ajutor-pentru-repatriere-stiri-din-surse-buzau","status":"publish","type":"post","link":"https:\/\/analyse.optim.biz\/?p=2115297","title":{"rendered":"O stea s-a \u00een\u0103l\u021bat la cer. Ionel B\u0103zoiu, t\u00e2n\u0103rul fotbalist din Buz\u0103u, a murit \u00een Spania. Familia cere ajutor pentru repatriere &#8211; Stiri Din Surse Buz\u0103u"},"content":{"rendered":"<p>[analyse_image type=&#8221;featured&#8221; src=&#8221;https:\/\/stiridinsursebuzau.ro\/wp-content\/uploads\/2026\/08\/ionel-bazoiu.jpg&#8221;]<\/p>\n<article class=\"page-content-single small single\">\n<div id=\"stiri-811973336\" class=\"stiri-inainte-de-continut-14 stiri-entity-placement\"><a href=\"https:\/\/www.shoppingcitybuzau.ro\/\" aria-label=\"NEPI_Buzau_Card Colac_1274x158\"><img decoding=\"async\" loading=\"lazy\" src=\"https:\/\/stiridinsursebuzau.ro\/wp-content\/uploads\/2026\/08\/NEPI_Buzau_Card-Colac_1274x158.jpg\" alt width=\"1274\" height=\"158\"><\/a><\/div>\n<div id=\"stiri-943542546\" class=\"stiri-inainte-de-continut-3 stiri-entity-placement\"><a href=\"https:\/\/buzau.21k.ro\/\" aria-label=\"900\u00d7200\"><img decoding=\"async\" loading=\"lazy\" src=\"https:\/\/stiridinsursebuzau.ro\/wp-content\/uploads\/2026\/07\/900x200.gif\" alt width=\"900\" height=\"200\"><\/a><\/div>\n<p class=\"wp-block-paragraph\"><strong>Destin fr\u00e2nt mult prea devreme pentru un t\u00e2n\u0103r buzoian care \u0219i-a tr\u0103it copil\u0103ria cu mingea la picior \u0219i cu visul de a ajunge c\u00e2t mai departe \u00een fotbal. Ionel B\u0103zoiu, originar din comuna Berca, \u0219i-a pierdut via\u021ba \u00een Spania, dup\u0103 un incident dramatic petrecut \u00eentr-un lac de acumulare din Beri\u00e1in, Navarra. Familia \u00eencearc\u0103 acum s\u0103 str\u00e2ng\u0103 banii necesari pentru a-l aduce acas\u0103, \u00een locurile \u00een care a crescut \u0219i unde a \u00eenceput s\u0103 viseze la o carier\u0103 \u00een fotbal.<\/strong><\/p>\n<p class=\"wp-block-paragraph\">O stea a fotbalului buzoian s-a \u00een\u0103l\u021bat la cer mult prea devreme. Ionel B\u0103zoiu, un t\u00e2n\u0103r cunoscut \u00een lumea fotbalului jude\u021bean \u0219i unul dintre copiii care, \u00een urm\u0103 cu zece ani, atr\u0103geau aten\u021bia Federa\u021biei Rom\u00e2ne de Fotbal prin talentul lor, a murit \u00een Spania.<\/p>\n<p class=\"wp-block-paragraph\">Tragedia s-a produs \u00een lacul de acumulare La Morea, din Beri\u00e1in, \u00een regiunea Navarra.<\/p>\n<p class=\"wp-block-paragraph\">Potrivit presei spaniole, Ionel a fost scos din ap\u0103 \u00een stare extrem de grav\u0103, dup\u0103 ce ar fi \u00eencercat s\u0103 salveze o t\u00e2n\u0103r\u0103 rom\u00e2nc\u0103, \u00een v\u00e2rst\u0103 de 25 de ani. Ar fi \u00eenghi\u021bit o cantitate mare de ap\u0103 \u0219i noroi, iar starea sa s-a deteriorat rapid, conform publica\u021biei spaniole <a href=\"https:\/\/e-noticies.cat\/es\/corazon\/conmocion-muerte-ionel-joven-trabajador-20-edad-navarra\" target=\"_blank\" rel=\"noopener\">e-noticies.cat<\/a>.<\/p>\n<p class=\"wp-block-paragraph\">A fost transportat la spital, \u00eens\u0103 medicii nu au mai reu\u0219it s\u0103 \u00eei salveze via\u021ba. T\u00e2n\u0103rul a murit luni, la o zi dup\u0103 producerea incidentului.<\/p>\n<p class=\"wp-block-paragraph\">\u0218i t\u00e2n\u0103ra pe care ar fi \u00eencercat s\u0103 o salveze a ajuns la spital \u00een stare critic\u0103.<\/p>\n<p class=\"wp-block-paragraph\">Lacul La Morea este frecventat \u00een timpul verii de persoane care vin s\u0103 se scalde, \u00eens\u0103 presa spaniol\u0103 aminte\u0219te c\u0103 zona poate deveni extrem de periculoas\u0103 din cauza ad\u00e2ncimii, a fundului noroios \u0219i a lipsei salvamarilor.<\/p>\n<h2 class=\"wp-block-heading\">Copilul din Berca pentru care fotbalul \u00eensemna totul<\/h2>\n<figure class=\"wp-block-embed is-type-video is-provider-youtube wp-block-embed-youtube wp-embed-aspect-16-9 wp-has-aspect-ratio\">\n<div class=\"wp-block-embed__wrapper\">\n<iframe loading=\"lazy\" title=\"Transform\u0103 Uli\u021ba \u00een Stadion: povestea lui Ionel B\u0103zoiu\" width=\"640\" height=\"360\" src=\"https:\/\/www.youtube.com\/embed\/VVmIlAR-bgA?feature=oembed\" frameborder allow=\"accelerometer; autoplay; clipboard-write; encrypted-media; gyroscope; picture-in-picture; web-share\" referrerpolicy=\"strict-origin-when-cross-origin\" allowfullscreen><\/iframe>\n<\/div>\n<\/figure>\n<p class=\"wp-block-paragraph\">Povestea lui Ionel B\u0103zoiu este cunoscut\u0103 \u00een fotbalul buzoian \u00eenc\u0103 din copil\u0103rie.<\/p>\n<p class=\"wp-block-paragraph\">A \u00eenceput s\u0103 joace la Petrolul Berca, acolo unde a f\u0103cut primii pa\u0219i pe teren \u0219i unde talentul s\u0103u avea s\u0103 fie remarcat.<\/p>\n<p class=\"wp-block-paragraph\">\u00cen anul 2016, Ionel a devenit protagonistul unui material realizat de Federa\u021bia Rom\u00e2n\u0103 de Fotbal \u00een cadrul proiectului <strong>\u201eTransform\u0103 Uli\u021ba \u00een Stadion\u201d<\/strong>, un proiect dedicat copiilor pasiona\u021bi de fotbal din comunit\u0103\u021bile locale.<\/p>\n<figure class=\"wp-block-image size-full\"><img decoding=\"async\" loading=\"lazy\" width=\"600\" height=\"808\" src=\"https:\/\/stiridinsursebuzau.ro\/wp-content\/uploads\/2026\/08\/171246.jpg\" alt class=\"wp-image-48528\"><\/figure>\n<p class=\"wp-block-paragraph\">Era doar un copil, \u00eens\u0103 vorbea deja despre fotbal cu pasiunea unui om care \u0219tia exact ce \u00ee\u0219i dore\u0219te de la via\u021b\u0103.<\/p>\n<p class=\"wp-block-paragraph\">Ani mai t\u00e2rziu, \u00eentr-o postare publicat\u0103 pe re\u021belele de socializare al\u0103turi de o fotografie cu echipa sa, Ionel m\u0103rturisea c\u0103 fotbalul era singurul lucru care \u00eel f\u0103cea cu adev\u0103rat fericit \u0219i c\u0103 sim\u021bea c\u0103 \u00ee\u0219i dedicase \u00eentreaga copil\u0103rie acestui vis.<\/p>\n<p class=\"wp-block-paragraph\">Pasiunea sa nu s-a oprit odat\u0103 cu plecarea din Rom\u00e2nia.<\/p>\n<p class=\"wp-block-paragraph\">Dup\u0103 \u00eemplinirea v\u00e2rstei de 18 ani, t\u00e2n\u0103rul a plecat \u00een Spania, \u00een speran\u021ba c\u0103 \u00ee\u0219i va putea construi acolo un viitor mai bun.<\/p>\n<p class=\"wp-block-paragraph\">\u00cen eviden\u021bele Asocia\u021biei Jude\u021bene de Fotbal Buz\u0103u, Ionel B\u0103zoiu figureaz\u0103 \u0219i ca juc\u0103tor al ACS Unirea <a href=\"https:\/\/stiridinsursebuzau.ro\/investigatie-privind-achizitiile-directe-din-comuna-stalpu-peste-60-de-contracte-legaturi-de-afinitate-si-suspiciuni-privind-un-grup-de-firme-din-piatra-neamt\/\">St\u00e2lpu<\/a> 2022, fiind prezent inclusiv \u00een partide din Liga a IV-a \u00een anul 2024.<\/p>\n<p class=\"wp-block-paragraph\">Fotbalul a r\u0103mas p\u00e2n\u0103 la final una dintre marile sale iubiri.<\/p>\n<h2 class=\"wp-block-heading\">Familia vrea s\u0103 \u00eel aduc\u0103 acas\u0103<\/h2>\n<p class=\"wp-block-paragraph\">\u00cen urma tragediei, familia \u0219i apropia\u021bii \u00eencearc\u0103 acum s\u0103 str\u00e2ng\u0103 suma necesar\u0103 repatrierii trupului ne\u00eensufle\u021bit \u00een Rom\u00e2nia.<\/p>\n<p class=\"wp-block-paragraph\">Ionel se afla \u00een Spania, departe de familie, iar rudele sale \u00ee\u0219i doresc ca acesta s\u0103 fie adus acas\u0103 \u0219i \u00eenmorm\u00e2ntat \u00een locurile \u00een care a copil\u0103rit.<\/p>\n<p class=\"wp-block-paragraph\">A fost lansat un apel public la solidaritate:<\/p>\n<p class=\"wp-block-paragraph\"><strong>\u201eApel\u0103m la solidaritatea tuturor pentru a ajuta la repatrierea unui t\u00e2n\u0103r rom\u00e2n care a decedat luni diminea\u021ba, dup\u0103 incidentul tragic petrecut la balsa de La Morea (Navarra).<\/strong><\/p>\n<p class=\"wp-block-paragraph\"><strong>T\u00e2n\u0103rul se afla singur \u00een Spania, iar familia sa \u00eel a\u0219teapt\u0103 \u00een Rom\u00e2nia pentru a-l putea conduce pe ultimul drum.<\/strong><\/p>\n<p class=\"wp-block-paragraph\"><strong>Orice contribu\u021bie, indiferent de sum\u0103, este binevenit\u0103 \u0219i poate ajuta familia s\u0103 \u00eel aduc\u0103 acas\u0103. V\u0103 mul\u021bumim pentru solidaritate \u0219i sprijin!\u201d<\/strong><\/p>\n<p class=\"wp-block-paragraph\">Pentru transparen\u021b\u0103, organizatorii apelului precizeaz\u0103 c\u0103 banii urmeaz\u0103 s\u0103 fie transfera\u021bi direct \u00een contul indicat de familie, iar firma funerar\u0103 va putea \u00eencasa costurile serviciilor de repatriere.<\/p>\n<figure class=\"wp-block-image size-large\"><img decoding=\"async\" loading=\"lazy\" width=\"1024\" height=\"683\" src=\"https:\/\/stiridinsursebuzau.ro\/wp-content\/uploads\/2026\/08\/joven-20-anos-ionel-bazoiu-de-rumania_1200_800-1024x683.webp\" alt class=\"wp-image-48530\"><\/figure>\n<h3 class=\"wp-block-heading\">Date pentru dona\u021bii<\/h3>\n<p class=\"wp-block-paragraph\"><strong>Titular:<\/strong> Ionel Bazoiu<br \/><strong>IBAN:<\/strong> ES24 0049 7405 0922 1006 3897<br \/><strong>Banca:<\/strong> Banco Santander<\/p>\n<p class=\"wp-block-paragraph\">Pentru familia sa, pentru fo\u0219tii colegi \u0219i pentru oamenii care l-au cunoscut pe teren, vestea este greu de acceptat.<\/p>\n<p class=\"wp-block-paragraph\">Copilul din Berca care visa s\u0103 ajung\u0103 c\u00e2t mai departe cu mingea la picior se \u00eentoarce acum acas\u0103 pentru ultima dat\u0103.<\/p>\n<p class=\"wp-block-paragraph\"><strong>Drum lin printre stele, Ionel!<\/strong><\/p>\n<div class=\"post-views content-post post-48527 entry-meta load-static\" data-pvc-type=\"post\" data-pvc-id=\"48527\"><span class=\"post-views-label\">Vizualiz\u0103ri \u0219tire:<\/span><span class=\"post-views-count\">923<\/span><\/div>\n<div id=\"stiri-364331508\" class=\"stiri-dupa-continut-2 stiri-entity-placement\"><a href=\"https:\/\/rapidservicebuzau.ro\/\" aria-label=\"RAPID SUPER SERVICE\"><img decoding=\"async\" loading=\"lazy\" src=\"https:\/\/stiridinsursebuzau.ro\/wp-content\/uploads\/2026\/02\/ChatGPT-Image-10-feb.-2026-22_24_01.png\" alt width=\"1536\" height=\"1024\"><\/a><\/div>\n<div id=\"stiri-3390339651\" class=\"stiri-dupa-continut_2 stiri-entity-placement\"><a href=\"https:\/\/www.facebook.com\/profile.php?id=61564932526740\" aria-label=\"Glamour Pizza &quot;la patrat&quot;\"><img decoding=\"async\" loading=\"lazy\" src=\"https:\/\/stiridinsursebuzau.ro\/wp-content\/uploads\/2026\/02\/ChatGPT-Image-10-feb.-2026-21_57_13.png\" alt=\"Glamour Pizza &quot;la patrat&quot;\" width=\"1536\" height=\"1024\"><\/a><\/div>\n<div id=\"stiri-220655361\" class=\"stiri-dupa-continut_3 stiri-entity-placement\"><a href=\"https:\/\/www.facebook.com\/profile.php?id=61573613380169&amp;locale=ro_RO\" aria-label=\"ChatGPT Image 10 feb. 2026, 22_10_50\"><img decoding=\"async\" loading=\"lazy\" src=\"https:\/\/stiridinsursebuzau.ro\/wp-content\/uploads\/2026\/02\/ChatGPT-Image-10-feb.-2026-22_10_50.png\" alt width=\"1536\" height=\"1024\"><\/a><\/div>\n<div id=\"stiri-1880235413\" class=\"stiri-dupa-continut_4 stiri-entity-placement\"><a href=\"https:\/\/www.facebook.com\/profile.php?id=100077377992379\" aria-label=\"1536 cu 1024 pixeli\"><img decoding=\"async\" loading=\"lazy\" src=\"https:\/\/stiridinsursebuzau.ro\/wp-content\/uploads\/2026\/02\/ChatGPT-Image-20-feb.-2026-14_05_15.png\" alt=\"1536 cu 1024 pixeli\" width=\"1536\" height=\"1024\"><\/a><\/div>\n<div id=\"stiri-1604019400\" class=\"stiri-dupa-continut_5 stiri-entity-placement\"><img decoding=\"async\" loading=\"lazy\" src=\"https:\/\/stiridinsursebuzau.ro\/wp-content\/uploads\/2026\/02\/ChatGPT-Image-10-feb.-2026-23_00_56.png\" alt=\"piese tractoare\" width=\"1536\" height=\"1024\"><\/div>\n<nav class=\"navigation post-navigation\" aria-label=\"Articole\">\n<h2 class=\"screen-reader-text\">Navigare \u00een articole<\/h2>\n<div class=\"nav-links\">\n<div class=\"nav-previous\"><a href=\"https:\/\/stiridinsursebuzau.ro\/primarul-din-cernatesti-prins-intr-un-scenariu-cu-un-fals-procuror-dna-leu-ion-acuzat-ca-il-presa-sa-rezolve-dosarul-cu-40-000-de-euro\/\" rel=\"prev\">Primarul din Cern\u0103te\u0219ti, prins \u00eentr-un scenariu cu un fals procuror DNA. Leu Ion, acuzat c\u0103 \u00eel presa s\u0103 \u201erezolve\u201d dosarul cu 40.000 de euro <\/a><\/div>\n<\/div>\n<\/nav>\n<\/article>\n<article class=\"page-content-single small single\">\n<div id=\"stiri-811973336\" class=\"stiri-inainte-de-continut-14 stiri-entity-placement\"><a href=\"https:\/\/www.shoppingcitybuzau.ro\/\" aria-label=\"NEPI_Buzau_Card Colac_1274x158\"><img decoding=\"async\" loading=\"lazy\" src=\"https:\/\/stiridinsursebuzau.ro\/wp-content\/uploads\/2026\/08\/NEPI_Buzau_Card-Colac_1274x158.jpg\" alt width=\"1274\" height=\"158\"><\/a><\/div>\n<div id=\"stiri-943542546\" class=\"stiri-inainte-de-continut-3 stiri-entity-placement\"><a href=\"https:\/\/buzau.21k.ro\/\" aria-label=\"900\u00d7200\"><img decoding=\"async\" loading=\"lazy\" src=\"https:\/\/stiridinsursebuzau.ro\/wp-content\/uploads\/2026\/07\/900x200.gif\" alt width=\"900\" height=\"200\"><\/a><\/div>\n<p class=\"wp-block-paragraph\"><strong>Destin fr\u00e2nt mult prea devreme pentru un t\u00e2n\u0103r buzoian care \u0219i-a tr\u0103it copil\u0103ria cu mingea la picior \u0219i cu visul de a ajunge c\u00e2t mai departe \u00een fotbal. Ionel B\u0103zoiu, originar din comuna Berca, \u0219i-a pierdut via\u021ba \u00een Spania, dup\u0103 un incident dramatic petrecut \u00eentr-un lac de acumulare din Beri\u00e1in, Navarra. Familia \u00eencearc\u0103 acum s\u0103 str\u00e2ng\u0103 banii necesari pentru a-l aduce acas\u0103, \u00een locurile \u00een care a crescut \u0219i unde a \u00eenceput s\u0103 viseze la o carier\u0103 \u00een fotbal.<\/strong><\/p>\n<p class=\"wp-block-paragraph\">O stea a fotbalului buzoian s-a \u00een\u0103l\u021bat la cer mult prea devreme. Ionel B\u0103zoiu, un t\u00e2n\u0103r cunoscut \u00een lumea fotbalului jude\u021bean \u0219i unul dintre copiii care, \u00een urm\u0103 cu zece ani, atr\u0103geau aten\u021bia Federa\u021biei Rom\u00e2ne de Fotbal prin talentul lor, a murit \u00een Spania.<\/p>\n<p class=\"wp-block-paragraph\">Tragedia s-a produs \u00een lacul de acumulare La Morea, din Beri\u00e1in, \u00een regiunea Navarra.<\/p>\n<p class=\"wp-block-paragraph\">Potrivit presei spaniole, Ionel a fost scos din ap\u0103 \u00een stare extrem de grav\u0103, dup\u0103 ce ar fi \u00eencercat s\u0103 salveze o t\u00e2n\u0103r\u0103 rom\u00e2nc\u0103, \u00een v\u00e2rst\u0103 de 25 de ani. Ar fi \u00eenghi\u021bit o cantitate mare de ap\u0103 \u0219i noroi, iar starea sa s-a deteriorat rapid, conform publica\u021biei spaniole <a href=\"https:\/\/e-noticies.cat\/es\/corazon\/conmocion-muerte-ionel-joven-trabajador-20-edad-navarra\" target=\"_blank\" rel=\"noopener\">e-noticies.cat<\/a>.<\/p>\n<p class=\"wp-block-paragraph\">A fost transportat la spital, \u00eens\u0103 medicii nu au mai reu\u0219it s\u0103 \u00eei salveze via\u021ba. T\u00e2n\u0103rul a murit luni, la o zi dup\u0103 producerea incidentului.<\/p>\n<p class=\"wp-block-paragraph\">\u0218i t\u00e2n\u0103ra pe care ar fi \u00eencercat s\u0103 o salveze a ajuns la spital \u00een stare critic\u0103.<\/p>\n<p class=\"wp-block-paragraph\">Lacul La Morea este frecventat \u00een timpul verii de persoane care vin s\u0103 se scalde, \u00eens\u0103 presa spaniol\u0103 aminte\u0219te c\u0103 zona poate deveni extrem de periculoas\u0103 din cauza ad\u00e2ncimii, a fundului noroios \u0219i a lipsei salvamarilor.<\/p>\n<h2 class=\"wp-block-heading\">Copilul din Berca pentru care fotbalul \u00eensemna totul<\/h2>\n<figure class=\"wp-block-embed is-type-video is-provider-youtube wp-block-embed-youtube wp-embed-aspect-16-9 wp-has-aspect-ratio\">\n<div class=\"wp-block-embed__wrapper\">\n<iframe loading=\"lazy\" title=\"Transform\u0103 Uli\u021ba \u00een Stadion: povestea lui Ionel B\u0103zoiu\" width=\"640\" height=\"360\" src=\"https:\/\/www.youtube.com\/embed\/VVmIlAR-bgA?feature=oembed\" frameborder allow=\"accelerometer; autoplay; clipboard-write; encrypted-media; gyroscope; picture-in-picture; web-share\" referrerpolicy=\"strict-origin-when-cross-origin\" allowfullscreen><\/iframe>\n<\/div>\n<\/figure>\n<p class=\"wp-block-paragraph\">Povestea lui Ionel B\u0103zoiu este cunoscut\u0103 \u00een fotbalul buzoian \u00eenc\u0103 din copil\u0103rie.<\/p>\n<p class=\"wp-block-paragraph\">A \u00eenceput s\u0103 joace la Petrolul Berca, acolo unde a f\u0103cut primii pa\u0219i pe teren \u0219i unde talentul s\u0103u avea s\u0103 fie remarcat.<\/p>\n<p class=\"wp-block-paragraph\">\u00cen anul 2016, Ionel a devenit protagonistul unui material realizat de Federa\u021bia Rom\u00e2n\u0103 de Fotbal \u00een cadrul proiectului <strong>\u201eTransform\u0103 Uli\u021ba \u00een Stadion\u201d<\/strong>, un proiect dedicat copiilor pasiona\u021bi de fotbal din comunit\u0103\u021bile locale.<\/p>\n<figure class=\"wp-block-image size-full\"><img decoding=\"async\" loading=\"lazy\" width=\"600\" height=\"808\" src=\"https:\/\/stiridinsursebuzau.ro\/wp-content\/uploads\/2026\/08\/171246.jpg\" alt class=\"wp-image-48528\"><\/figure>\n<p class=\"wp-block-paragraph\">Era doar un copil, \u00eens\u0103 vorbea deja despre fotbal cu pasiunea unui om care \u0219tia exact ce \u00ee\u0219i dore\u0219te de la via\u021b\u0103.<\/p>\n<p class=\"wp-block-paragraph\">Ani mai t\u00e2rziu, \u00eentr-o postare publicat\u0103 pe re\u021belele de socializare al\u0103turi de o fotografie cu echipa sa, Ionel m\u0103rturisea c\u0103 fotbalul era singurul lucru care \u00eel f\u0103cea cu adev\u0103rat fericit \u0219i c\u0103 sim\u021bea c\u0103 \u00ee\u0219i dedicase \u00eentreaga copil\u0103rie acestui vis.<\/p>\n<p class=\"wp-block-paragraph\">Pasiunea sa nu s-a oprit odat\u0103 cu plecarea din Rom\u00e2nia.<\/p>\n<p class=\"wp-block-paragraph\">Dup\u0103 \u00eemplinirea v\u00e2rstei de 18 ani, t\u00e2n\u0103rul a plecat \u00een Spania, \u00een speran\u021ba c\u0103 \u00ee\u0219i va putea construi acolo un viitor mai bun.<\/p>\n<p class=\"wp-block-paragraph\">\u00cen eviden\u021bele Asocia\u021biei Jude\u021bene de Fotbal Buz\u0103u, Ionel B\u0103zoiu figureaz\u0103 \u0219i ca juc\u0103tor al ACS Unirea <a href=\"https:\/\/stiridinsursebuzau.ro\/investigatie-privind-achizitiile-directe-din-comuna-stalpu-peste-60-de-contracte-legaturi-de-afinitate-si-suspiciuni-privind-un-grup-de-firme-din-piatra-neamt\/\">St\u00e2lpu<\/a> 2022, fiind prezent inclusiv \u00een partide din Liga a IV-a \u00een anul 2024.<\/p>\n<p class=\"wp-block-paragraph\">Fotbalul a r\u0103mas p\u00e2n\u0103 la final una dintre marile sale iubiri.<\/p>\n<h2 class=\"wp-block-heading\">Familia vrea s\u0103 \u00eel aduc\u0103 acas\u0103<\/h2>\n<p class=\"wp-block-paragraph\">\u00cen urma tragediei, familia \u0219i apropia\u021bii \u00eencearc\u0103 acum s\u0103 str\u00e2ng\u0103 suma necesar\u0103 repatrierii trupului ne\u00eensufle\u021bit \u00een Rom\u00e2nia.<\/p>\n<p class=\"wp-block-paragraph\">Ionel se afla \u00een Spania, departe de familie, iar rudele sale \u00ee\u0219i doresc ca acesta s\u0103 fie adus acas\u0103 \u0219i \u00eenmorm\u00e2ntat \u00een locurile \u00een care a copil\u0103rit.<\/p>\n<p class=\"wp-block-paragraph\">A fost lansat un apel public la solidaritate:<\/p>\n<p class=\"wp-block-paragraph\"><strong>\u201eApel\u0103m la solidaritatea tuturor pentru a ajuta la repatrierea unui t\u00e2n\u0103r rom\u00e2n care a decedat luni diminea\u021ba, dup\u0103 incidentul tragic petrecut la balsa de La Morea (Navarra).<\/strong><\/p>\n<p class=\"wp-block-paragraph\"><strong>T\u00e2n\u0103rul se afla singur \u00een Spania, iar familia sa \u00eel a\u0219teapt\u0103 \u00een Rom\u00e2nia pentru a-l putea conduce pe ultimul drum.<\/strong><\/p>\n<p class=\"wp-block-paragraph\"><strong>Orice contribu\u021bie, indiferent de sum\u0103, este binevenit\u0103 \u0219i poate ajuta familia s\u0103 \u00eel aduc\u0103 acas\u0103. V\u0103 mul\u021bumim pentru solidaritate \u0219i sprijin!\u201d<\/strong><\/p>\n<p class=\"wp-block-paragraph\">Pentru transparen\u021b\u0103, organizatorii apelului precizeaz\u0103 c\u0103 banii urmeaz\u0103 s\u0103 fie transfera\u021bi direct \u00een contul indicat de familie, iar firma funerar\u0103 va putea \u00eencasa costurile serviciilor de repatriere.<\/p>\n<figure class=\"wp-block-image size-large\"><img decoding=\"async\" loading=\"lazy\" width=\"1024\" height=\"683\" src=\"https:\/\/stiridinsursebuzau.ro\/wp-content\/uploads\/2026\/08\/joven-20-anos-ionel-bazoiu-de-rumania_1200_800-1024x683.webp\" alt class=\"wp-image-48530\"><\/figure>\n<h3 class=\"wp-block-heading\">Date pentru dona\u021bii<\/h3>\n<p class=\"wp-block-paragraph\"><strong>Titular:<\/strong> Ionel Bazoiu<br \/><strong>IBAN:<\/strong> ES24 0049 7405 0922 1006 3897<br \/><strong>Banca:<\/strong> Banco Santander<\/p>\n<p class=\"wp-block-paragraph\">Pentru familia sa, pentru fo\u0219tii colegi \u0219i pentru oamenii care l-au cunoscut pe teren, vestea este greu de acceptat.<\/p>\n<p class=\"wp-block-paragraph\">Copilul din Berca care visa s\u0103 ajung\u0103 c\u00e2t mai departe cu mingea la picior se \u00eentoarce acum acas\u0103 pentru ultima dat\u0103.<\/p>\n<p class=\"wp-block-paragraph\"><strong>Drum lin printre stele, Ionel!<\/strong><\/p>\n<div class=\"post-views content-post post-48527 entry-meta load-static\" data-pvc-type=\"post\" data-pvc-id=\"48527\"><span class=\"post-views-label\">Vizualiz\u0103ri \u0219tire:<\/span><span class=\"post-views-count\">923<\/span><\/div>\n<div id=\"stiri-364331508\" class=\"stiri-dupa-continut-2 stiri-entity-placement\"><a href=\"https:\/\/rapidservicebuzau.ro\/\" aria-label=\"RAPID SUPER SERVICE\"><img decoding=\"async\" loading=\"lazy\" src=\"https:\/\/stiridinsursebuzau.ro\/wp-content\/uploads\/2026\/02\/ChatGPT-Image-10-feb.-2026-22_24_01.png\" alt width=\"1536\" height=\"1024\"><\/a><\/div>\n<div id=\"stiri-3390339651\" class=\"stiri-dupa-continut_2 stiri-entity-placement\"><a href=\"https:\/\/www.facebook.com\/profile.php?id=61564932526740\" aria-label=\"Glamour Pizza &quot;la patrat&quot;\"><img decoding=\"async\" loading=\"lazy\" src=\"https:\/\/stiridinsursebuzau.ro\/wp-content\/uploads\/2026\/02\/ChatGPT-Image-10-feb.-2026-21_57_13.png\" alt=\"Glamour Pizza &quot;la patrat&quot;\" width=\"1536\" height=\"1024\"><\/a><\/div>\n<div id=\"stiri-220655361\" class=\"stiri-dupa-continut_3 stiri-entity-placement\"><a href=\"https:\/\/www.facebook.com\/profile.php?id=61573613380169&amp;locale=ro_RO\" aria-label=\"ChatGPT Image 10 feb. 2026, 22_10_50\"><img decoding=\"async\" loading=\"lazy\" src=\"https:\/\/stiridinsursebuzau.ro\/wp-content\/uploads\/2026\/02\/ChatGPT-Image-10-feb.-2026-22_10_50.png\" alt width=\"1536\" height=\"1024\"><\/a><\/div>\n<div id=\"stiri-1880235413\" class=\"stiri-dupa-continut_4 stiri-entity-placement\"><a href=\"https:\/\/www.facebook.com\/profile.php?id=100077377992379\" aria-label=\"1536 cu 1024 pixeli\"><img decoding=\"async\" loading=\"lazy\" src=\"https:\/\/stiridinsursebuzau.ro\/wp-content\/uploads\/2026\/02\/ChatGPT-Image-20-feb.-2026-14_05_15.png\" alt=\"1536 cu 1024 pixeli\" width=\"1536\" height=\"1024\"><\/a><\/div>\n<div id=\"stiri-1604019400\" class=\"stiri-dupa-continut_5 stiri-entity-placement\"><img decoding=\"async\" loading=\"lazy\" src=\"https:\/\/stiridinsursebuzau.ro\/wp-content\/uploads\/2026\/02\/ChatGPT-Image-10-feb.-2026-23_00_56.png\" alt=\"piese tractoare\" width=\"1536\" height=\"1024\"><\/div>\n<nav class=\"navigation post-navigation\" aria-label=\"Articole\">\n<h2 class=\"screen-reader-text\">Navigare \u00een articole<\/h2>\n<div class=\"nav-links\">\n<div class=\"nav-previous\"><a href=\"https:\/\/stiridinsursebuzau.ro\/primarul-din-cernatesti-prins-intr-un-scenariu-cu-un-fals-procuror-dna-leu-ion-acuzat-ca-il-presa-sa-rezolve-dosarul-cu-40-000-de-euro\/\" rel=\"prev\">Primarul din Cern\u0103te\u0219ti, prins \u00eentr-un scenariu cu un fals procuror DNA. Leu Ion, acuzat c\u0103 \u00eel presa s\u0103 \u201erezolve\u201d dosarul cu 40.000 de euro <\/a><\/div>\n<\/div>\n<\/nav>\n<\/article>\n<p>[analyse_source url=&#8221;https:\/\/stiridinsursebuzau.ro\/o-stea-s-a-inaltat-la-cer-ionel-bazoiu-tanarul-fotbalist-din-buzau-a-murit-in-spania-familia-cere-ajutor-pentru-repatriere\/&#8221;]<\/p>\n","protected":false},"excerpt":{"rendered":"<p>[analyse_image type=&#8221;featured&#8221; src=&#8221;https:\/\/stiridinsursebuzau.ro\/wp-content\/uploads\/2026\/08\/ionel-bazoiu.jpg&#8221;] Destin fr\u00e2nt mult prea devreme pentru un t\u00e2n\u0103r buzoian care \u0219i-a tr\u0103it copil\u0103ria cu mingea la picior \u0219i cu visul de a ajunge c\u00e2t mai departe \u00een fotbal. Ionel B\u0103zoiu, originar din comuna Berca, \u0219i-a pierdut via\u021ba \u00een Spania, dup\u0103 un incident dramatic petrecut \u00eentr-un lac de acumulare din Beri\u00e1in, Navarra. Familia [&hellip;]<\/p>\n","protected":false},"author":1,"featured_media":0,"comment_status":"open","ping_status":"","sticky":false,"template":"","format":"standard","meta":{"footnotes":""},"categories":[2],"tags":[226,60],"class_list":["post-2115297","post","type-post","status-publish","format-standard","hentry","category-politics","tag-crawlmanager","tag-stiridinsursebuzau-ro"],"_links":{"self":[{"href":"https:\/\/analyse.optim.biz\/index.php?rest_route=\/wp\/v2\/posts\/2115297","targetHints":{"allow":["GET"]}}],"collection":[{"href":"https:\/\/analyse.optim.biz\/index.php?rest_route=\/wp\/v2\/posts"}],"about":[{"href":"https:\/\/analyse.optim.biz\/index.php?rest_route=\/wp\/v2\/types\/post"}],"author":[{"embeddable":true,"href":"https:\/\/analyse.optim.biz\/index.php?rest_route=\/wp\/v2\/users\/1"}],"replies":[{"embeddable":true,"href":"https:\/\/analyse.optim.biz\/index.php?rest_route=%2Fwp%2Fv2%2Fcomments&post=2115297"}],"version-history":[{"count":0,"href":"https:\/\/analyse.optim.biz\/index.php?rest_route=\/wp\/v2\/posts\/2115297\/revisions"}],"wp:attachment":[{"href":"https:\/\/analyse.optim.biz\/index.php?rest_route=%2Fwp%2Fv2%2Fmedia&parent=2115297"}],"wp:term":[{"taxonomy":"category","embeddable":true,"href":"https:\/\/analyse.optim.biz\/index.php?rest_route=%2Fwp%2Fv2%2Fcategories&post=2115297"},{"taxonomy":"post_tag","embeddable":true,"href":"https:\/\/analyse.optim.biz\/index.php?rest_route=%2Fwp%2Fv2%2Ftags&post=2115297"}],"curies":[{"name":"wp","href":"https:\/\/api.w.org\/{rel}","templated":true}]}}