{"id":2115276,"date":"2026-08-27T14:25:21","date_gmt":"2026-08-27T11:25:21","guid":{"rendered":"https:\/\/analyse.optim.biz\/?p=2115276"},"modified":"2026-08-27T14:25:21","modified_gmt":"2026-08-27T11:25:21","slug":"kreiz-breizh-feminin-loes-adegeest-victorious-on-a-brutal-course-out-sprinting-the-late-breakaway-to-take-a-first-win-of-2026","status":"publish","type":"post","link":"https:\/\/analyse.optim.biz\/?p=2115276","title":{"rendered":"Kreiz Breizh F\u00e9minin: Loes Adegeest victorious on &#8216;a brutal course&#8217; out sprinting the late breakaway to take a first win of 2026"},"content":{"rendered":"<p>[analyse_image type=&#8221;featured&#8221; src=&#8221;https:\/\/cdn.mos.cms.futurecdn.net\/UEDpMSrbnELU5BTMTafrh3-1024-80.jpg&#8221;]<\/p>\n<article class=\"m-0 box-border flex flex-row items-center pr-2.5 gap-[15px] w-[278px] h-20 flex-none upnext-article-divider\" role=\"listitem\" aria-label=\"Recommended article 1 of 3\">\n<div class=\"relative flex-none w-20 h-20\">\n    <source type=\"image\/webp\" srcset=\"https:\/\/cdn.mos.cms.futurecdn.net\/q5jLytH9BiKUr7gwZuDgjJ-160-80.jpg.webp 160w, https:\/\/cdn.mos.cms.futurecdn.net\/q5jLytH9BiKUr7gwZuDgjJ-80-80.jpg.webp 80w\" sizes=\"80px\" \/><\/p>\n<div class=\"flex items-center justify-center absolute w-4 h-6 left-0 top-0 bg-white\/90 flex-none z-[1]\" aria-hidden=\"true\"><span class=\"font-normal text-base leading-[17px] tracking-[1.3px] uppercase text-black flex-none\">1<\/span><\/div>\n<\/div>\n<div class=\"flex flex-col items-center justify-center gap-1.5 w-[173px] h-20 flex-none\">\n<p class=\"font-article-heading font-medium text-base leading-[21px] text-gray-800 w-[173px] line-clamp-3 group-hover:underline\">\n                                    Tour of Britain Women: Kim Le Court-Pienaar soars to spectacular victory atop The Great Orme on stage 3\n                                <\/p>\n<\/div>\n<\/article>\n<article class=\"m-0 box-border flex flex-row items-center pr-2.5 gap-[15px] w-[278px] h-20 flex-none upnext-article-divider\" role=\"listitem\" aria-label=\"Recommended article 2 of 3\">\n<div class=\"relative flex-none w-20 h-20\">\n    <source type=\"image\/webp\" srcset=\"https:\/\/cdn.mos.cms.futurecdn.net\/as8Z4qRNG2969Xm5zz6JSM-160-80.jpg.webp 160w, https:\/\/cdn.mos.cms.futurecdn.net\/as8Z4qRNG2969Xm5zz6JSM-80-80.jpg.webp 80w\" sizes=\"80px\" \/><\/p>\n<div class=\"flex items-center justify-center absolute w-[18px] h-6 left-0 top-0 bg-white\/90 flex-none z-[1]\" aria-hidden=\"true\"><span class=\"font-normal text-base leading-[17px] tracking-[1.3px] uppercase text-black flex-none\">2<\/span><\/div>\n<\/div>\n<div class=\"flex flex-col items-center justify-center gap-1.5 w-[173px] h-20 flex-none\">\n<p class=\"font-article-heading font-medium text-base leading-[21px] text-gray-800 w-[173px] line-clamp-3 group-hover:underline\">\n                                    Tour of Britain Women: Kim Le Court-Pienaar claims overall title as unstoppable Lorena Wiebes takes fourth victory in stage 5 finale\n                                <\/p>\n<\/div>\n<\/article>\n<article class=\"m-0 box-border flex flex-row items-center pr-2.5 gap-[15px] w-[278px] h-20 flex-none\" role=\"listitem\" aria-label=\"Recommended article 3 of 3\">\n<div class=\"relative flex-none w-20 h-20\">\n    <source type=\"image\/webp\" srcset=\"https:\/\/cdn.mos.cms.futurecdn.net\/JEX3L7q6d9QEfadPvbwSmh-160-80.jpg.webp 160w, https:\/\/cdn.mos.cms.futurecdn.net\/JEX3L7q6d9QEfadPvbwSmh-80-80.jpg.webp 80w\" sizes=\"80px\" \/><\/p>\n<div class=\"flex items-center justify-center absolute w-[18px] h-6 left-0 top-0 bg-white\/90 flex-none z-[1]\" aria-hidden=\"true\"><span class=\"font-normal text-base leading-[17px] tracking-[1.3px] uppercase text-black flex-none\">3<\/span><\/div>\n<\/div>\n<div class=\"flex flex-col items-center justify-center gap-1.5 w-[173px] h-20 flex-none\">\n<p class=\"font-article-heading font-medium text-base leading-[21px] text-gray-800 w-[173px] line-clamp-3 group-hover:underline\">\n                                    Tour of Britain Women: Lorena Wiebes claims hard-fought hat trick of victories on stage 4\n                                <\/p>\n<\/div>\n<\/article>\n<article class=\"page-content-onecol flex-1\nnews-article article\n\"><\/p>\n<div class=\"widget-area-group widget-area-group-2col flex flex-wrap box-border\">\n<div id=\"widgetArea16\" class=\"widget-area basis-full md:basis-2\/3 widget-area-g-md-vp-2-3 widget-area-g-lg-vp-2-3 widget-area-g-xl-vp-2-3 page-widget-area-16\">\n<div data-widget-type=\"hero\" id=\"hero\" class=\"clear-both widget widget-hero widget-hero widget-hero-hero widget-hero widget-hero-fter-news\">\n<div class=\"news-article\">\n<header data-component-name=\"Article:Hero\">\n<nav class=\"breadcrumb\" aria-label=\"Breadcrumbs\">\n<ol>\n<li>\nPro Cycling\n<\/li>\n<li>\nRacing\n<\/li>\n<li>\nWomen&#8217;s Cycling\n<\/li>\n<li>\nRoad\n<\/li>\n<li>\nKreiz Breizh Elites F\u00e9minin\n<\/li>\n<\/ol>\n<\/nav>\n<h1>Kreiz Breizh F\u00e9minin: Loes Adegeest victorious on &#8216;a brutal course&#8217; out sprinting the late breakaway to take a first win of 2026<\/h1>\n<div class=\"byline-social\">\n<div class=\"vds-byline-block flex flex-row flex-nowrap my-1.5 gap-2 text-left items-start justify-start\" data-component-name=\"Article:BylineBlock\">\n<p>Race Results<\/p>\n<div class=\"my-auto vds-simple-byline\"><span class=\"inline-block vds-author\"><br \/>\nBy<br \/>\nLaura Weislo <\/span><\/p>\n<div class=\"flex gap-1 vds-byline-with-avatar__meta\"><span class=\"vds-date block font-normal tracking-normal normal-case text-xs\"><br \/>\nPublished<br \/>\n<time data-component-name=\"UI:DateTime\" datetime=\"2026-08-27T14:25:21Z\" class=\"relative-date\"><br \/>\n27 August 2026<br \/>\n<\/time><\/span><\/div>\n<\/div>\n<\/div>\n<p class=\"strapline\">Sarah Van Dam places second with Mavi Garc\u00eda in third<\/p>\n<\/div>\n<aside class=\"text-gray-700 flex items-center mx-0 my-5 p-0 justify-start text-left\" id=\"affiliate-disclaimer\" data-component-name=\"AffiliateDisclaimer\" data-hawk-message=\"Affiliate disclaimer removed because hawk deemed there are no affiliate links on this page\">\n<p class=\"text-[color:var(--affiliate-disclaimer--text-color,inherit)] mb-2 text-[length:var(--affiliate-disclaimer--font-size,0.75rem)] leading-[18px] md:text-[13px] [&amp;&gt;a]:text-inherit [&amp;&gt;a]:underline\">\nWhen you purchase through links on our site, we may earn an affiliate commission. Here\u2019s how it works.\n<\/p>\n<\/aside>\n<\/header>\n<\/div>\n<\/div>\n<div data-widget-type=\"contentparsed\" id=\"content\" class=\"clear-both widget widget-contentparsed widget-content widget-contentparsed-content widget-content-parsed widget-content-parsed-content_document \">\n<div class=\"wcp-item-content\">\n<section class=\"content-wrapper\">\n<div class=\"box less-space hero-image-wrapper\">\n<figure class=\"mb-0\">\n<source type=\"image\/webp\" srcset=\"https:\/\/cdn.mos.cms.futurecdn.net\/UEDpMSrbnELU5BTMTafrh3-1024-80.jpg.webp 1920w, https:\/\/cdn.mos.cms.futurecdn.net\/UEDpMSrbnELU5BTMTafrh3-1024-80.jpg.webp 1600w, https:\/\/cdn.mos.cms.futurecdn.net\/UEDpMSrbnELU5BTMTafrh3-1024-80.jpg.webp 1200w, https:\/\/cdn.mos.cms.futurecdn.net\/UEDpMSrbnELU5BTMTafrh3-1024-80.jpg.webp 1024w, https:\/\/cdn.mos.cms.futurecdn.net\/UEDpMSrbnELU5BTMTafrh3-970-80.jpg.webp 970w, https:\/\/cdn.mos.cms.futurecdn.net\/UEDpMSrbnELU5BTMTafrh3-750-80.jpg.webp 750w, https:\/\/cdn.mos.cms.futurecdn.net\/UEDpMSrbnELU5BTMTafrh3-650-80.jpg.webp 650w, https:\/\/cdn.mos.cms.futurecdn.net\/UEDpMSrbnELU5BTMTafrh3-480-80.jpg.webp 480w, https:\/\/cdn.mos.cms.futurecdn.net\/UEDpMSrbnELU5BTMTafrh3-320-80.jpg.webp 320w\" sizes=\"(min-width: 1000px) 600px, 100vw\" \/><figcaption class=\"font-article-copy text-(--image--text--color) font-article-copy mt-2\"><span class=\"caption-text font-article-copy\">Loes Adegeest won her first race since joining Lidl-Trek<\/span><span class=\"credit font-article-copy\">(Image credit: Getty Images)<\/span><\/figcaption><\/figure>\n<\/div>\n<div id=\"article-body\" class=\"text-copy bodyCopy auto paywall-locker\">\n<div data-analytics-id=\"utility-bar\" id=\"utility-bar\" class=\"font-ui-heading flex justify-between items-center py-2 border-t border-b border-gray-300 border-solid mb-5 mx-auto\" data-component-name=\"UtilityBar\" data-mrf-recirculation=\"utility-bar\">\n<div class=\"flex gap-2 text-[#333] subcontainer\">\n<div class=\"relative tooltip-container\" role=\"tooltip\">\n<div data-component-name=\"Social:Dropdown\" role=\"menu\" id=\"utilitybar__dropdown--share\" aria-labelledby=\"utilitybar__button--share\" class=\"absolute left-0 top-full w-44 bg-white rounded-md shadow-md border border-neutral-200 z-[9996] list-none m-0 py-2 px-3 border-solid\">\n<ul class=\"m-0!\">\n<li class=\"!p-0 !m-0 list-none border-b border-gray-200 border-solid\">\n<li class=\"!p-0 !m-0 list-none border-b border-gray-200 border-solid\">\n<p>Facebook<\/p>\n<\/li>\n<li class=\"!p-0 !m-0 list-none border-b border-gray-200 border-solid\">\n<p>X<\/p>\n<\/li>\n<li class=\"!p-0 !m-0 list-none border-b border-gray-200 border-solid\">\n<p>Pinterest<\/p>\n<\/li>\n<li class=\"!p-0 !m-0 list-none border-b border-gray-200 border-solid\">\n<p>Email<\/p>\n<\/li>\n<\/ul>\n<\/div>\n<div class=\"font-ui-heading max-sm:hidden tooltip absolute left-1\/2 bg-gray-900 text-white text-xs leading-none px-3 py-1.5 rounded-md z-[10001] whitespace-nowrap\" id=\"tooltip-share-this-article\" role=\"tooltip\" aria-hidden=\"true\">\nShare this article\n<\/div>\n<\/div>\n<div class=\"relative tooltip-container\" role=\"tooltip\"><span class=\"ml-1 inline-flex h-5 px-2 shrink-0 items-center justify-center self-center overflow-hidden whitespace-nowrap rounded-[10px] bg-primary-500 text-[11px] leading-none font-ui-heading font-semibold text-white\">0<\/span><\/p>\n<div class=\"font-ui-heading max-sm:hidden tooltip absolute left-1\/2 bg-gray-900 text-white text-xs leading-none px-3 py-1.5 rounded-md z-[10001] whitespace-nowrap\" id=\"tooltip-join-the-conversation\" role=\"tooltip\" aria-hidden=\"true\">\nJoin the conversation\n<\/div>\n<\/div>\n<\/div>\n<div class=\"flex gap-2 text-[#333] subcontainer\">\n<div class=\"relative tooltip-container\" role=\"tooltip\">\n<p>Follow us<\/p>\n<div class=\"font-ui-heading max-sm:hidden tooltip absolute left-1\/2 bg-gray-900 text-white text-xs leading-none px-3 py-1.5 rounded-md z-[10001] whitespace-nowrap\" id=\"tooltip-add-us-as-a-preferred-source-on-google\" role=\"tooltip\" aria-hidden=\"true\">\nAdd us as a preferred source on Google\n<\/div>\n<\/div>\n<div class=\"relative tooltip-container\" role=\"tooltip\">\n<div class=\"font-ui-heading max-sm:hidden tooltip absolute left-1\/2 bg-gray-900 text-white text-xs leading-none px-3 py-1.5 rounded-md z-[10001] whitespace-nowrap\" id=\"tooltip-subscribe-to-our-newsletter\" role=\"tooltip\" aria-hidden=\"true\">\nSubscribe to our newsletter\n<\/div>\n<\/div>\n<\/div>\n<\/div>\n<p id=\"elk-0a60195a-a219-11f1-b628-bb2676e772bb\">Loes Adegeest (Lidl-Trek) claimed an emphatic victory in the UCI 1.1 Kreiz Breizh Elites F\u00e9minin in a highly tactical finale in Callac. The Dutch rider out-sprinted Sarah Van Dam (Visma-Lease a Bike) and Mavi Garcia (UAE Team l&#8217;IMAD) from a four-rider breakaway.<\/p>\n<p>World Champion Magdeleine Vallieres (EF Education-Oatly) was fourth.<\/p>\n<p>A breakaway of eight riders escaped in the first hour of racing, with Idoia Eraso (Laboral Kutxa &#8211; Fundaci\u00f3n Euskadi), Ma\u00e9va Plagniol (Tenvels Le D\u00e9voluy), Lilou Jauvin (Mayenne Monbana My Pie), L\u00e9onie Mahieu (Lanester Women Morbihan), Martha Stokkeland (Torelli), Sophie von Berswordt (VolkerWessels Cycling Team), Laury Milette (Team Abadie Magnan), and Giorgia Vettorello (Tenvels Le D\u00e9voluy) in the move.<\/p>\n<p>However, the escapees struggled to gain more than one minute on the peloton over the constantly undulating terrain. Not long after the move was established, half of the riders lost contact with Plagniol, Jauvin, Mahieu and Stokkeland dropped with 89km to go.<\/p>\n<p>The remaining four held a small advantage on the peloton until Eraso attacked with 49km to go, eventually distancing Von Berswordt, Milette and Vettorello, but she too was caught with 37km to go as the race entered the six finishing circuits.<\/p>\n<p>Garcia began the aggression with 33km to go, and was briefly joined by L\u00e9a Stern (Ma Petite Entreprise) but after the Swiss rider lost contact, two riders bridged across: Margot Vanpachtenbeke (Lidl &#8211; Trek) and Caroline Andersson (Liv AlUla Jayco).<\/p>\n<p>Again, the gaps remained small between the leaders and an ever-shrinking chase, and with 12km to go, a dozen riders came together at the head of the race.<\/p>\n<p>The ever-aggressive Garcia launched an attack at the bell lap, joined by Adegeest, Vallieres and Van Dam, but had used up most of her arsenal and could not match the Dutch rider&#8217;s speed.<\/p>\n<p>Agegeest has been active and aggressive throughout a series of one day races this month.<\/p>\n<p id=\"elk-0a60195a-a219-11f1-b628-bb2676e772bb-2\" aria-hidden=\"true\" class=\"kiosq-b\">&#8220;It&#8217;s a brutal course,&#8221; Adegeest said. &#8220;This race has been a goal for me since I saw it on my calendar. So I was really happy that the good feeling returned this week.&#8221;<\/p>\n<div class=\"my-6 w-full overflow-hidden rounded-[10px] lg:my-8\" data-component-name=\"JwPlayer:Carousel\" data-jwp-carousel data-jwp-carousel-payload=\"{&quot;ids&quot;:{&quot;playerID&quot;:&quot;jYDCcabO&quot;,&quot;searchPlaylistID&quot;:&quot;gwjdoYHD&quot;,&quot;divID&quot;:&quot;botr_gwjdoYHD_jYDCcabO_div&quot;,&quot;fallbackPlaylistID&quot;:&quot;gwjdoYHD&quot;,&quot;fallbackDivID&quot;:&quot;botr_gwjdoYHD_jYDCcabO_div&quot;,&quot;key&quot;:&quot;X9\/mXVGac0NphghLH9hZaqWA5d3dhAM\/Ih07grnEyMLjuO2E&quot;,&quot;tintLogo&quot;:true,&quot;useSearchPlaylist&quot;:false,&quot;enabled&quot;:true},&quot;signPostingEnabled&quot;:true,&quot;signPostingLinkEnabled&quot;:true,&quot;waitForAdLoad&quot;:false,&quot;hidePlayerOnDesktop&quot;:false,&quot;hidePlayerOnMobile&quot;:false,&quot;hidePlayerOnTablet&quot;:false}\">\n<div class=\"flex flex-nowrap items-center justify-between gap-3 bg-zinc-900 px-[14px] py-3\" data-jwp-carousel-header>\n<div class=\"flex min-w-0 shrink items-center\"><span class=\"inline-flex items-center gap-1.5 text-sm font-article-heading capitalize leading-5 text-white whitespace-nowrap\"><span class=\"jwp-carousel-title-desktop\">Latest Videos From<\/span><span class=\"jwp-carousel-brand\">Cyclingnews<\/span><\/span><\/div>\n<\/div>\n<div class=\"min-h-[44px] bg-zinc-900 px-[14px] py-3\" data-jwp-carousel-signposting><a class=\"invisible block truncate text-sm font-bold leading-5 text-white underline decoration-solid underline-offset-2\" data-jwp-carousel-signposting-link href target=\"_blank\" rel=\"noopener noreferrer\"><span data-jwp-carousel-signposting-title>Watch full video here: <\/span><\/a><\/div>\n<\/div>\n<h2 id=\"results-3\" aria-hidden=\"true\" class=\"kiosq-b\">Results<\/h2>\n<div class=\"slice-container table-wrapper slice-container-table kiosq-b\" data-component-name=\"Slice:Table\" id=\"elk-5cf47232-a224-11f1-9e46-27c785cf0994\" aria-hidden=\"true\">\n<div class=\"table__instruction\">\nSwipe to scroll horizontally<\/p>\n<\/div>\n<div class=\"table__container\">\n<table tabindex=\"0\" class=\"table__wrapper table__wrapper--inbodyContent table__wrapper--sticky table__wrapper--divider\">\n<thead class=\"table__head\">\n<tr class=\"table__head__row\">\n<th class=\"table__head__heading table__head__heading--left\" colspan=\"1\">\n<p>Position<\/p>\n<\/th>\n<th class=\"table__head__heading table__head__heading--left\" colspan=\"1\">\n<p>Rider (Country) Team<\/p>\n<\/th>\n<th class=\"table__head__heading table__head__heading--left\" colspan=\"1\">\n<p>Time Gap<\/p>\n<\/th>\n<\/tr>\n<\/thead>\n<tbody class=\"table__body\">\n<tr class=\"table__body__row\">\n<td class=\"table_body__data\" colspan=\"1\">\n<p>1<\/p>\n<\/td>\n<td class=\"table_body__data\" colspan=\"1\">\n<p>Loes Adegeest (Ned) Lidl-Trek<\/p>\n<\/td>\n<td class=\"table_body__data\" colspan=\"1\">\n<p>3:37:57<\/p>\n<\/td>\n<\/tr>\n<tr class=\"table__body__row\">\n<td class=\"table_body__data\" colspan=\"1\">\n<p>2<\/p>\n<\/td>\n<td class=\"table_body__data\" colspan=\"1\">\n<p>Margarita Victoria Garcia Ca\u00f1ellas (Spa) UAE Team ADQ<\/p>\n<\/td>\n<td class=\"table_body__data\" colspan=\"1\"><span class=\"sr-only\">Row 1 &#8211; Cell 2 <\/span><\/td>\n<\/tr>\n<tr class=\"table__body__row\">\n<td class=\"table_body__data\" colspan=\"1\">\n<p>3<\/p>\n<\/td>\n<td class=\"table_body__data\" colspan=\"1\">\n<p>Sarah Van Dam (Can) Visma-Lease a Bike<\/p>\n<\/td>\n<td class=\"table_body__data\" colspan=\"1\"><span class=\"sr-only\">Row 2 &#8211; Cell 2 <\/span><\/td>\n<\/tr>\n<tr class=\"table__body__row\">\n<td class=\"table_body__data\" colspan=\"1\">\n<p>4<\/p>\n<\/td>\n<td class=\"table_body__data\" colspan=\"1\">\n<p>Magdeleine Vallieres Mill (Can) EF Education-Oatly<\/p>\n<\/td>\n<td class=\"table_body__data\" colspan=\"1\"><span class=\"sr-only\">Row 3 &#8211; Cell 2 <\/span><\/td>\n<\/tr>\n<tr class=\"table__body__row\">\n<td class=\"table_body__data\" colspan=\"1\">\n<p>5<\/p>\n<\/td>\n<td class=\"table_body__data\" colspan=\"1\">\n<p>Cl\u00e9mence Latimier (Fra) Ma Petite Entreprise<\/p>\n<\/td>\n<td class=\"table_body__data\" colspan=\"1\">\n<p>0:00:39<\/p>\n<\/td>\n<\/tr>\n<tr class=\"table__body__row\">\n<td class=\"table_body__data\" colspan=\"1\">\n<p>6<\/p>\n<\/td>\n<td class=\"table_body__data\" colspan=\"1\">\n<p>Karlijn Swinkels (Ned) UAE Team ADQ<\/p>\n<\/td>\n<td class=\"table_body__data\" colspan=\"1\">\n<p>0:00:55<\/p>\n<\/td>\n<\/tr>\n<tr class=\"table__body__row\">\n<td class=\"table_body__data\" colspan=\"1\">\n<p>7<\/p>\n<\/td>\n<td class=\"table_body__data\" colspan=\"1\">\n<p>Margot Vanpachtenbeke (Bel) Lidl-Trek<\/p>\n<\/td>\n<td class=\"table_body__data\" colspan=\"1\"><span class=\"sr-only\">Row 6 &#8211; Cell 2 <\/span><\/td>\n<\/tr>\n<tr class=\"table__body__row\">\n<td class=\"table_body__data\" colspan=\"1\">\n<p>8<\/p>\n<\/td>\n<td class=\"table_body__data\" colspan=\"1\">\n<p>Eleonora Camilla Gasparrini (Ita) UAE Team ADQ<\/p>\n<\/td>\n<td class=\"table_body__data\" colspan=\"1\"><span class=\"sr-only\">Row 7 &#8211; Cell 2 <\/span><\/td>\n<\/tr>\n<tr class=\"table__body__row\">\n<td class=\"table_body__data\" colspan=\"1\">\n<p>9<\/p>\n<\/td>\n<td class=\"table_body__data\" colspan=\"1\">\n<p>Caroline Andersson (Swe) Liv AlUla Jayco<\/p>\n<\/td>\n<td class=\"table_body__data\" colspan=\"1\"><span class=\"sr-only\">Row 8 &#8211; Cell 2 <\/span><\/td>\n<\/tr>\n<tr class=\"table__body__row\">\n<td class=\"table_body__data\" colspan=\"1\">\n<p>10<\/p>\n<\/td>\n<td class=\"table_body__data\" colspan=\"1\">\n<p>Noemi R\u00fcegg (Swi) EF Education-Oatly<\/p>\n<\/td>\n<td class=\"table_body__data\" colspan=\"1\"><span class=\"sr-only\">Row 9 &#8211; Cell 2 <\/span><\/td>\n<\/tr>\n<\/tbody>\n<\/table>\n<\/div>\n<\/div>\n<div id=\"slice-container-newsletterForm-articleInbodyContent-6eARVQx5459tkZxaP7wJr3\" class=\"slice-container newsletter-inbodyContent-slice newsletterForm-articleInbodyContent-6eARVQx5459tkZxaP7wJr3 slice-container-newsletterForm\">\n<div data-hydrate=\"true\" class=\"newsletter-form__wrapper newsletter-form__wrapper--inbodyContent\">\n<div class=\"newsletter-form__container\">\n<section class=\"newsletter-form__top-bar\">\n<div class=\"newsletter-form__header\">Get The Leadout Newsletter<\/div>\n<\/section>\n<section class=\"newsletter-form__main-section\">\n<p class=\"newsletter-form__strapline\">The latest race content, interviews, features, reviews and expert buying guides, direct to your inbox!<\/p>\n<footer class=\"newsletter-form__footer \">By submitting your information you agree to the Terms &amp; Conditions and Privacy Policy and are aged 16 or over.<\/footer>\n<\/section>\n<\/div>\n<\/div>\n<\/div>\n<\/div>\n<div id=\"slice-container-authorBio-6eARVQx5459tkZxaP7wJr3\" class=\"slice-container slice-author-bio authorBio-6eARVQx5459tkZxaP7wJr3 slice-container-authorBio\">\n<div class=\"author author__default-layout author--separator author--collapsible\" data-hydrate=\"true\">\n<div class=\"author__header\">\n<div class=\"author__avatar-block\">\n<figure class=\"image-wrapped__wrapper\" data-bordeaux-image-check=\"false\">\n<div class=\"image-wrapped__widthsetter\">\n<div class=\"image-wrapped__aspect-padding\">\n<div><source class=\"author__avatar image-wrapped__image image__image\" type=\"image\/webp\" srcset=\"https:\/\/cdn.mos.cms.futurecdn.net\/rbx5aMuCYhP4dUt7us9LAi-140-80.jpg.webp 140w\" sizes=\"99vw\" data-normal=\"https:\/\/cdn.mos.cms.futurecdn.net\/rbx5aMuCYhP4dUt7us9LAi.jpg\" data-original-mos=\"https:\/\/cdn.mos.cms.futurecdn.net\/rbx5aMuCYhP4dUt7us9LAi.jpg\" data-pin-media=\"https:\/\/cdn.mos.cms.futurecdn.net\/rbx5aMuCYhP4dUt7us9LAi.jpg\" data-pin-nopin=\"true\" data-slice-image=\"true\" \/><\/div>\n<\/div>\n<\/div>\n<\/figure>\n<\/div>\n<div class=\"author__heading\">\n<div class=\"author__name\">Laura Weislo<\/div>\n<div class=\"author__social\">\n<nav class=\"button-social-group author__social-buttons\" aria-labelledby=\"button-social-group- author__social-buttons\">\n<div id=\"button-social-group- author__social-buttons\">Social Links Navigation<\/div>\n<\/nav>\n<\/div>\n<div class=\"author__role\">Managing Editor<\/div>\n<\/div>\n<\/div>\n<div class=\"author__bio-wrapper\">\n<div class=\"author__biography\">\n<p>Laura Weislo is a <em>Cyclingnews<\/em> veteran of 20 years. Having joined in 2006, Laura extensively covered the Operacion Puerto doping scandal, the years-long conflict between the UCI and the Tour de France organisers ASO over the creation of the WorldTour, and the downfall of Lance Armstrong and his lifetime ban for doping. As Managing Editor, Laura coordinates coverage for North American events and global news.<\/p>\n<\/div>\n<\/div>\n<\/div>\n<\/div>\n<\/section>\n<div class=\"relative max-w-[1070px] viafoura-twig-component mt-6 mx-4 lg:mx-0\" data-component-name=\"Viafoura:Comments\" data-nosnippet data-community-guidelines-text=\"&lt;p class=&apos;vfcustom-community-guidelines&apos;&gt;Please follow our &lt;a href=&quot;https:\/\/www.cyclingnews.com\/about\/#section-community-guidelines&quot; target=&quot;_blank&quot;&gt;community guidelines&lt;\/a&gt;.&lt;\/p&gt;\" data-join-the-conversation-text=\"Join the Conversation\">\n<div class=\"absolute top-0 left-0 w-full h-full flex items-center justify-center z-50 bg-white\/90 border-1 rounded-b-[var(--comment-widget-border-radius,0)]\">\n<div class=\"p-2 text-center\">\n<p class=\"mb-3 text-lg!\">You must confirm your public display name before commenting<\/p>\n<p class=\"mb-3 text-sm!\">Please logout and then login again, you will then be prompted to enter your display name.<\/p>\n<\/div>\n<\/div>\n<\/div>\n<section class=\"mx-2 my-5 sm:mx-0\">\n<aside class=\"w-full\" data-nosnippet data-mrf-recirculation=\"article-river-stacked\">\n<div data-recirc-id=\"article-river-stacked-adviser:hybrid\">\n<div class=\"text-white py-4 px-3 mb-4 bg-[#333] uppercase font-bold custom-header-styles\">Read more<\/div>\n<div class=\"grid grid-cols-1 gap-4 mt-4 mb-5\">\n<div>\n<div class=\"aspect-[var(--img-listing-aspect-ratio,16\/9)] relative mb-3.5\">\n    <source type=\"image\/webp\" srcset=\"https:\/\/cdn.mos.cms.futurecdn.net\/ChfWmra6qn9tNfUXxbkk8C-840-80.jpg.webp 840w, https:\/\/cdn.mos.cms.futurecdn.net\/ChfWmra6qn9tNfUXxbkk8C-650-80.jpg.webp 650w, https:\/\/cdn.mos.cms.futurecdn.net\/ChfWmra6qn9tNfUXxbkk8C-500-80.jpg.webp 500w, https:\/\/cdn.mos.cms.futurecdn.net\/ChfWmra6qn9tNfUXxbkk8C-450-80.jpg.webp 450w, https:\/\/cdn.mos.cms.futurecdn.net\/ChfWmra6qn9tNfUXxbkk8C-320-80.jpg.webp 320w\" sizes=\"(min-width: 900px) 925px, (min-width: 700px) 450px, calc(100vw - 48px)\" \/><\/div>\n<p><span class=\"custom-subheading-styles\">Women&#8217;s Cycling<\/span><span class=\"text-base text-black font-bold mx-0 my-2.5 p-0 block custom-text-styles\">Tour F\u00e9minin des Pyr\u00e9n\u00e9es: Paula Blasi claims overall victory as unstoppable breakaway rider Eline Jansen crashes and goes on to take stage 3 win<\/span><\/div>\n<div class=\"relative recirc-feed sponsored-card min-h-[250px]\" data-recirc-id=\"article-river-stacked-ads:native-cards\" data-mrf-recirculation=\"article-river-ads\" data-nosnippet data-ad-slot-path=\"feed-sponsored-post\" data-attribute-device=\"all\">\n<div class=\"max-w-full sponsored-post--placeholder animate-pulse\">\n<div class=\"relative!\"><span class=\"text-base text-black font-bold mx-0 my-2.5 p-0 block bg-gray-100\">\u00a0<br \/>\u00a0<\/span><\/div>\n<\/div>\n<\/div>\n<div>\n<div class=\"aspect-[var(--img-listing-aspect-ratio,16\/9)] relative mb-3.5\">\n    <source type=\"image\/webp\" srcset=\"https:\/\/cdn.mos.cms.futurecdn.net\/6n87TL5bs3LXVeuEhf5Jn5-840-80.png.webp 840w, https:\/\/cdn.mos.cms.futurecdn.net\/6n87TL5bs3LXVeuEhf5Jn5-650-80.png.webp 650w, https:\/\/cdn.mos.cms.futurecdn.net\/6n87TL5bs3LXVeuEhf5Jn5-500-80.png.webp 500w, https:\/\/cdn.mos.cms.futurecdn.net\/6n87TL5bs3LXVeuEhf5Jn5-450-80.png.webp 450w, https:\/\/cdn.mos.cms.futurecdn.net\/6n87TL5bs3LXVeuEhf5Jn5-320-80.png.webp 320w\" sizes=\"(min-width: 900px) 925px, (min-width: 700px) 450px, calc(100vw - 48px)\" \/><\/div>\n<p><span class=\"custom-subheading-styles\">Women&#8217;s Cycling<\/span><span class=\"text-base text-black font-bold mx-0 my-2.5 p-0 block custom-text-styles\">Tour de Suisse Women: Femke de Vries outsprints Lauren Dickson to claim first professional victory on hard-fought stage 1<\/span><\/div>\n<div class=\"relative recirc-feed sponsored-card min-h-[250px]\" data-recirc-id=\"article-river-stacked-ads:native-cards\" data-mrf-recirculation=\"article-river-ads\" data-nosnippet data-ad-slot-path=\"feed-sponsored-post\" data-attribute-device=\"all\">\n<div class=\"max-w-full sponsored-post--placeholder animate-pulse\">\n<div class=\"relative!\"><span class=\"text-base text-black font-bold mx-0 my-2.5 p-0 block bg-gray-100\">\u00a0<br \/>\u00a0<\/span><\/div>\n<\/div>\n<\/div>\n<div>\n<div class=\"aspect-[var(--img-listing-aspect-ratio,16\/9)] relative mb-3.5\">\n    <source type=\"image\/webp\" srcset=\"https:\/\/cdn.mos.cms.futurecdn.net\/8K5qPMAQEK2fsisYEGajU7-840-80.jpg.webp 840w, https:\/\/cdn.mos.cms.futurecdn.net\/8K5qPMAQEK2fsisYEGajU7-650-80.jpg.webp 650w, https:\/\/cdn.mos.cms.futurecdn.net\/8K5qPMAQEK2fsisYEGajU7-500-80.jpg.webp 500w, https:\/\/cdn.mos.cms.futurecdn.net\/8K5qPMAQEK2fsisYEGajU7-450-80.jpg.webp 450w, https:\/\/cdn.mos.cms.futurecdn.net\/8K5qPMAQEK2fsisYEGajU7-320-80.jpg.webp 320w\" sizes=\"(min-width: 900px) 925px, (min-width: 700px) 450px, calc(100vw - 48px)\" \/><\/div>\n<p><span class=\"custom-subheading-styles\">Women&#8217;s Cycling<\/span><span class=\"text-base text-black font-bold mx-0 my-2.5 p-0 block custom-text-styles\">Egmont Cycling Race: Elisa Balsamo rounds off a strong Lidl-Trek performance with victory in Belgium<\/span><\/div>\n<div class=\"relative recirc-feed sponsored-card min-h-[250px]\" data-recirc-id=\"article-river-stacked-ads:native-cards\" data-mrf-recirculation=\"article-river-ads\" data-nosnippet data-ad-slot-path=\"feed-sponsored-post\" data-attribute-device=\"all\">\n<div class=\"max-w-full sponsored-post--placeholder animate-pulse\">\n<div class=\"relative!\"><span class=\"text-base text-black font-bold mx-0 my-2.5 p-0 block bg-gray-100\">\u00a0<br \/>\u00a0<\/span><\/div>\n<\/div>\n<\/div>\n<div>\n<div class=\"aspect-[var(--img-listing-aspect-ratio,16\/9)] relative mb-3.5\">\n    <source type=\"image\/webp\" srcset=\"https:\/\/cdn.mos.cms.futurecdn.net\/QvJmVsGmVH3pLtR7rnskYW-840-80.jpg.webp 840w, https:\/\/cdn.mos.cms.futurecdn.net\/QvJmVsGmVH3pLtR7rnskYW-650-80.jpg.webp 650w, https:\/\/cdn.mos.cms.futurecdn.net\/QvJmVsGmVH3pLtR7rnskYW-500-80.jpg.webp 500w, https:\/\/cdn.mos.cms.futurecdn.net\/QvJmVsGmVH3pLtR7rnskYW-450-80.jpg.webp 450w, https:\/\/cdn.mos.cms.futurecdn.net\/QvJmVsGmVH3pLtR7rnskYW-320-80.jpg.webp 320w\" sizes=\"(min-width: 900px) 925px, (min-width: 700px) 450px, calc(100vw - 48px)\" \/><\/div>\n<p><span class=\"custom-subheading-styles\">Women&#8217;s Cycling<\/span><span class=\"text-base text-black font-bold mx-0 my-2.5 p-0 block custom-text-styles\">Tour de France Femmes: Kim Le Court-Pienaar surges from small pack for stunning win on stage 6<\/span><\/div>\n<div class=\"relative recirc-feed sponsored-card min-h-[250px]\" data-recirc-id=\"article-river-stacked-ads:native-cards\" data-mrf-recirculation=\"article-river-ads\" data-nosnippet data-ad-slot-path=\"feed-sponsored-post\" data-attribute-device=\"all\">\n<div class=\"max-w-full sponsored-post--placeholder animate-pulse\">\n<div class=\"relative!\"><span class=\"text-base text-black font-bold mx-0 my-2.5 p-0 block bg-gray-100\">\u00a0<br \/>\u00a0<\/span><\/div>\n<\/div>\n<\/div>\n<div>\n<div class=\"aspect-[var(--img-listing-aspect-ratio,16\/9)] relative mb-3.5\">\n    <source type=\"image\/webp\" srcset=\"https:\/\/cdn.mos.cms.futurecdn.net\/t4yoWPhT7A6k44w4XM8pAh-840-80.jpg.webp 840w, https:\/\/cdn.mos.cms.futurecdn.net\/t4yoWPhT7A6k44w4XM8pAh-650-80.jpg.webp 650w, https:\/\/cdn.mos.cms.futurecdn.net\/t4yoWPhT7A6k44w4XM8pAh-500-80.jpg.webp 500w, https:\/\/cdn.mos.cms.futurecdn.net\/t4yoWPhT7A6k44w4XM8pAh-450-80.jpg.webp 450w, https:\/\/cdn.mos.cms.futurecdn.net\/t4yoWPhT7A6k44w4XM8pAh-320-80.jpg.webp 320w\" sizes=\"(min-width: 900px) 925px, (min-width: 700px) 450px, calc(100vw - 48px)\" \/><\/div>\n<p><span class=\"custom-subheading-styles\">Women&#8217;s Cycling<\/span><span class=\"text-base text-black font-bold mx-0 my-2.5 p-0 block custom-text-styles\">Tour de France Femmes: Sigrid Haugset stuns field with long-range solo attack to land signature stage 3 victory and swipe yellow jersey<\/span><\/div>\n<div class=\"relative recirc-feed sponsored-card min-h-[250px]\" data-recirc-id=\"article-river-stacked-ads:native-cards\" data-mrf-recirculation=\"article-river-ads\" data-nosnippet data-ad-slot-path=\"feed-sponsored-post\" data-attribute-device=\"all\">\n<div class=\"max-w-full sponsored-post--placeholder animate-pulse\">\n<div class=\"relative!\"><span class=\"text-base text-black font-bold mx-0 my-2.5 p-0 block bg-gray-100\">\u00a0<br \/>\u00a0<\/span><\/div>\n<\/div>\n<\/div>\n<div>\n<div class=\"aspect-[var(--img-listing-aspect-ratio,16\/9)] relative mb-3.5\">\n    <source type=\"image\/webp\" srcset=\"https:\/\/cdn.mos.cms.futurecdn.net\/v9tsFyg8zhynzc9poB8YR5-840-80.jpg.webp 840w, https:\/\/cdn.mos.cms.futurecdn.net\/v9tsFyg8zhynzc9poB8YR5-650-80.jpg.webp 650w, https:\/\/cdn.mos.cms.futurecdn.net\/v9tsFyg8zhynzc9poB8YR5-500-80.jpg.webp 500w, https:\/\/cdn.mos.cms.futurecdn.net\/v9tsFyg8zhynzc9poB8YR5-450-80.jpg.webp 450w, https:\/\/cdn.mos.cms.futurecdn.net\/v9tsFyg8zhynzc9poB8YR5-320-80.jpg.webp 320w\" sizes=\"(min-width: 900px) 925px, (min-width: 700px) 450px, calc(100vw - 48px)\" \/><\/div>\n<p><span class=\"custom-subheading-styles\">Women&#8217;s Cycling<\/span><span class=\"text-base text-black font-bold mx-0 my-2.5 p-0 block custom-text-styles\">Volta a Catalunya Feminas: Paula Blasi seals GC victory as Marianne Vos blasts to sprint win in Barcelona<\/span><\/div>\n<div class=\"relative recirc-feed sponsored-card min-h-[250px]\" data-recirc-id=\"article-river-stacked-ads:native-cards\" data-mrf-recirculation=\"article-river-ads\" data-nosnippet data-ad-slot-path=\"feed-sponsored-post\" data-attribute-device=\"all\">\n<div class=\"max-w-full sponsored-post--placeholder animate-pulse\">\n<div class=\"relative!\"><span class=\"text-base text-black font-bold mx-0 my-2.5 p-0 block bg-gray-100\">\u00a0<br \/>\u00a0<\/span><\/div>\n<\/div>\n<\/div>\n<\/div>\n<\/div>\n<\/aside>\n<aside class=\"w-full\" data-nosnippet data-mrf-recirculation=\"article-river-stacked\">\n<div data-recirc-id=\"article-river-stacked-solr:latest-category\">\n<div class=\"text-white py-4 px-3 mb-4 bg-[#333] uppercase font-bold custom-header-styles\">Latest in Women&#8217;s Cycling<\/div>\n<div class=\"grid grid-cols-1 gap-4 mt-4 mb-5\">\n<div>\n<div class=\"aspect-[var(--img-listing-aspect-ratio,16\/9)] relative mb-3.5\">\n    <source type=\"image\/webp\" srcset=\"https:\/\/cdn.mos.cms.futurecdn.net\/xz5gEu7yBu4E9KZWwpsbAi-840-80.jpg.webp 840w, https:\/\/cdn.mos.cms.futurecdn.net\/xz5gEu7yBu4E9KZWwpsbAi-650-80.jpg.webp 650w, https:\/\/cdn.mos.cms.futurecdn.net\/xz5gEu7yBu4E9KZWwpsbAi-500-80.jpg.webp 500w, https:\/\/cdn.mos.cms.futurecdn.net\/xz5gEu7yBu4E9KZWwpsbAi-450-80.jpg.webp 450w, https:\/\/cdn.mos.cms.futurecdn.net\/xz5gEu7yBu4E9KZWwpsbAi-320-80.jpg.webp 320w\" sizes=\"(min-width: 900px) 925px, (min-width: 700px) 450px, calc(100vw - 48px)\" \/><\/div>\n<p><span class=\"custom-subheading-styles\">Transfers<\/span><span class=\"text-base text-black font-bold mx-0 my-2.5 p-0 block custom-text-styles\">Shirin van Anrooij makes &#8216;bold switch&#8217; to Canyon-SRAM, with transfer to come into force before 2026 is over<\/span><\/div>\n<div class=\"relative recirc-feed sponsored-card min-h-[250px]\" data-recirc-id=\"article-river-stacked-ads:native-cards\" data-mrf-recirculation=\"article-river-ads\" data-nosnippet data-ad-slot-path=\"feed-sponsored-post\" data-attribute-device=\"all\">\n<div class=\"max-w-full sponsored-post--placeholder animate-pulse\">\n<div class=\"relative!\"><span class=\"text-base text-black font-bold mx-0 my-2.5 p-0 block bg-gray-100\">\u00a0<br \/>\u00a0<\/span><\/div>\n<\/div>\n<\/div>\n<div>\n<div class=\"aspect-[var(--img-listing-aspect-ratio,16\/9)] relative mb-3.5\">\n    <source type=\"image\/webp\" srcset=\"https:\/\/cdn.mos.cms.futurecdn.net\/iWrdmw2peqCWyxXa3WoJVc-840-80.jpg.webp 840w, https:\/\/cdn.mos.cms.futurecdn.net\/iWrdmw2peqCWyxXa3WoJVc-650-80.jpg.webp 650w, https:\/\/cdn.mos.cms.futurecdn.net\/iWrdmw2peqCWyxXa3WoJVc-500-80.jpg.webp 500w, https:\/\/cdn.mos.cms.futurecdn.net\/iWrdmw2peqCWyxXa3WoJVc-450-80.jpg.webp 450w, https:\/\/cdn.mos.cms.futurecdn.net\/iWrdmw2peqCWyxXa3WoJVc-320-80.jpg.webp 320w\" sizes=\"(min-width: 900px) 925px, (min-width: 700px) 450px, calc(100vw - 48px)\" \/><\/div>\n<p><span class=\"custom-subheading-styles\">Women&#8217;s Cycling<\/span><span class=\"text-base text-black font-bold mx-0 my-2.5 p-0 block custom-text-styles\">UCI Mountain Bike World Championships: Italy comes from behind to claim team relay<\/span><\/div>\n<div class=\"relative recirc-feed sponsored-card min-h-[250px]\" data-recirc-id=\"article-river-stacked-ads:native-cards\" data-mrf-recirculation=\"article-river-ads\" data-nosnippet data-ad-slot-path=\"feed-sponsored-post\" data-attribute-device=\"all\">\n<div class=\"max-w-full sponsored-post--placeholder animate-pulse\">\n<div class=\"relative!\"><span class=\"text-base text-black font-bold mx-0 my-2.5 p-0 block bg-gray-100\">\u00a0<br \/>\u00a0<\/span><\/div>\n<\/div>\n<\/div>\n<div>\n<div class=\"aspect-[var(--img-listing-aspect-ratio,16\/9)] relative mb-3.5\">\n    <source type=\"image\/webp\" srcset=\"https:\/\/cdn.mos.cms.futurecdn.net\/6nEGi3LHNPsKibQZtPpSgi-840-80.jpg.webp 840w, https:\/\/cdn.mos.cms.futurecdn.net\/6nEGi3LHNPsKibQZtPpSgi-650-80.jpg.webp 650w, https:\/\/cdn.mos.cms.futurecdn.net\/6nEGi3LHNPsKibQZtPpSgi-500-80.jpg.webp 500w, https:\/\/cdn.mos.cms.futurecdn.net\/6nEGi3LHNPsKibQZtPpSgi-450-80.jpg.webp 450w, https:\/\/cdn.mos.cms.futurecdn.net\/6nEGi3LHNPsKibQZtPpSgi-320-80.jpg.webp 320w\" sizes=\"(min-width: 900px) 925px, (min-width: 700px) 450px, calc(100vw - 48px)\" \/><\/div>\n<p><span class=\"custom-subheading-styles\">Women&#8217;s Cycling<\/span><span class=\"text-base text-black font-bold mx-0 my-2.5 p-0 block custom-text-styles\">Caroline Andersson joins AG Insurance-Soudal in major boost for Kim Le Court-Pienaar&#8217;s support squad \u2013 Analysis<\/span><\/div>\n<div class=\"relative recirc-feed sponsored-card min-h-[250px]\" data-recirc-id=\"article-river-stacked-ads:native-cards\" data-mrf-recirculation=\"article-river-ads\" data-nosnippet data-ad-slot-path=\"feed-sponsored-post\" data-attribute-device=\"all\">\n<div class=\"max-w-full sponsored-post--placeholder animate-pulse\">\n<div class=\"relative!\"><span class=\"text-base text-black font-bold mx-0 my-2.5 p-0 block bg-gray-100\">\u00a0<br \/>\u00a0<\/span><\/div>\n<\/div>\n<\/div>\n<div>\n<div class=\"aspect-[var(--img-listing-aspect-ratio,16\/9)] relative mb-3.5\">\n    <source type=\"image\/webp\" srcset=\"https:\/\/cdn.mos.cms.futurecdn.net\/DxNyktoGMPd4BiVQfiPj2h-840-80.jpg.webp 840w, https:\/\/cdn.mos.cms.futurecdn.net\/DxNyktoGMPd4BiVQfiPj2h-650-80.jpg.webp 650w, https:\/\/cdn.mos.cms.futurecdn.net\/DxNyktoGMPd4BiVQfiPj2h-500-80.jpg.webp 500w, https:\/\/cdn.mos.cms.futurecdn.net\/DxNyktoGMPd4BiVQfiPj2h-450-80.jpg.webp 450w, https:\/\/cdn.mos.cms.futurecdn.net\/DxNyktoGMPd4BiVQfiPj2h-320-80.jpg.webp 320w\" sizes=\"(min-width: 900px) 925px, (min-width: 700px) 450px, calc(100vw - 48px)\" \/><\/div>\n<p><span class=\"custom-subheading-styles\">Pro Cycling<\/span><span class=\"text-base text-black font-bold mx-0 my-2.5 p-0 block custom-text-styles\">Pedalling hard to realise the African dream \u2013 Team Amani&#8217;s two-year plan for a Tour de France Femmes start<\/span><\/div>\n<div class=\"relative recirc-feed sponsored-card min-h-[250px]\" data-recirc-id=\"article-river-stacked-ads:native-cards\" data-mrf-recirculation=\"article-river-ads\" data-nosnippet data-ad-slot-path=\"feed-sponsored-post\" data-attribute-device=\"all\">\n<div class=\"max-w-full sponsored-post--placeholder animate-pulse\">\n<div class=\"relative!\"><span class=\"text-base text-black font-bold mx-0 my-2.5 p-0 block bg-gray-100\">\u00a0<br \/>\u00a0<\/span><\/div>\n<\/div>\n<\/div>\n<div>\n<div class=\"aspect-[var(--img-listing-aspect-ratio,16\/9)] relative mb-3.5\">\n    <source type=\"image\/webp\" srcset=\"https:\/\/cdn.mos.cms.futurecdn.net\/mmzr2QzgBHE8tLaEtw7naV-840-80.jpg.webp 840w, https:\/\/cdn.mos.cms.futurecdn.net\/mmzr2QzgBHE8tLaEtw7naV-650-80.jpg.webp 650w, https:\/\/cdn.mos.cms.futurecdn.net\/mmzr2QzgBHE8tLaEtw7naV-500-80.jpg.webp 500w, https:\/\/cdn.mos.cms.futurecdn.net\/mmzr2QzgBHE8tLaEtw7naV-450-80.jpg.webp 450w, https:\/\/cdn.mos.cms.futurecdn.net\/mmzr2QzgBHE8tLaEtw7naV-320-80.jpg.webp 320w\" sizes=\"(min-width: 900px) 925px, (min-width: 700px) 450px, calc(100vw - 48px)\" \/><\/div>\n<p><span class=\"custom-subheading-styles\">Racing<\/span><span class=\"text-base text-black font-bold mx-0 my-2.5 p-0 block custom-text-styles\">Field building for far-flung 2026 UCI Gravel World Championships, key Life Time Grand Prix competitors among expected starters despite Little Sugar MTB clash<\/span><\/div>\n<div class=\"relative recirc-feed sponsored-card min-h-[250px]\" data-recirc-id=\"article-river-stacked-ads:native-cards\" data-mrf-recirculation=\"article-river-ads\" data-nosnippet data-ad-slot-path=\"feed-sponsored-post\" data-attribute-device=\"all\">\n<div class=\"max-w-full sponsored-post--placeholder animate-pulse\">\n<div class=\"relative!\"><span class=\"text-base text-black font-bold mx-0 my-2.5 p-0 block bg-gray-100\">\u00a0<br \/>\u00a0<\/span><\/div>\n<\/div>\n<\/div>\n<div>\n<div class=\"aspect-[var(--img-listing-aspect-ratio,16\/9)] relative mb-3.5\">\n    <source type=\"image\/webp\" srcset=\"https:\/\/cdn.mos.cms.futurecdn.net\/bTmsvr8367GggSQUKRr8wF-840-80.jpg.webp 840w, https:\/\/cdn.mos.cms.futurecdn.net\/bTmsvr8367GggSQUKRr8wF-650-80.jpg.webp 650w, https:\/\/cdn.mos.cms.futurecdn.net\/bTmsvr8367GggSQUKRr8wF-500-80.jpg.webp 500w, https:\/\/cdn.mos.cms.futurecdn.net\/bTmsvr8367GggSQUKRr8wF-450-80.jpg.webp 450w, https:\/\/cdn.mos.cms.futurecdn.net\/bTmsvr8367GggSQUKRr8wF-320-80.jpg.webp 320w\" sizes=\"(min-width: 900px) 925px, (min-width: 700px) 450px, calc(100vw - 48px)\" \/><\/div>\n<p><span class=\"custom-subheading-styles\">Racing<\/span><span class=\"text-base text-black font-bold mx-0 my-2.5 p-0 block custom-text-styles\">Hayley Preen and Alex Miller claim UCI Gravel World Series wins and African titles at Khomas100 for second year<\/span><\/div>\n<div class=\"relative recirc-feed sponsored-card min-h-[250px]\" data-recirc-id=\"article-river-stacked-ads:native-cards\" data-mrf-recirculation=\"article-river-ads\" data-nosnippet data-ad-slot-path=\"feed-sponsored-post\" data-attribute-device=\"all\">\n<div class=\"max-w-full sponsored-post--placeholder animate-pulse\">\n<div class=\"relative!\"><span class=\"text-base text-black font-bold mx-0 my-2.5 p-0 block bg-gray-100\">\u00a0<br \/>\u00a0<\/span><\/div>\n<\/div>\n<\/div>\n<\/div>\n<\/div>\n<\/aside>\n<aside class=\"w-full\" data-nosnippet data-mrf-recirculation=\"article-river-stacked\">\n<div data-recirc-id=\"article-river-stacked-solr:latest-articletype\">\n<div class=\"text-white py-4 px-3 mb-4 bg-[#333] uppercase font-bold custom-header-styles\">Latest in Race Results<\/div>\n<div class=\"grid grid-cols-1 gap-4 mt-4 mb-5\">\n<div>\n<div class=\"aspect-[var(--img-listing-aspect-ratio,16\/9)] relative mb-3.5\">\n    <source type=\"image\/webp\" srcset=\"https:\/\/cdn.mos.cms.futurecdn.net\/JQPxxd4howi7q4PWoJQcwR-840-80.jpg.webp 840w, https:\/\/cdn.mos.cms.futurecdn.net\/JQPxxd4howi7q4PWoJQcwR-650-80.jpg.webp 650w, https:\/\/cdn.mos.cms.futurecdn.net\/JQPxxd4howi7q4PWoJQcwR-500-80.jpg.webp 500w, https:\/\/cdn.mos.cms.futurecdn.net\/JQPxxd4howi7q4PWoJQcwR-450-80.jpg.webp 450w, https:\/\/cdn.mos.cms.futurecdn.net\/JQPxxd4howi7q4PWoJQcwR-320-80.jpg.webp 320w\" sizes=\"(min-width: 900px) 925px, (min-width: 700px) 450px, calc(100vw - 48px)\" \/><\/div>\n<p><span class=\"custom-subheading-styles\">Racing<\/span><span class=\"text-base text-black font-bold mx-0 my-2.5 p-0 block custom-text-styles\">UCI Mountain Bike World Championships: Rising Australian multi-discipline star Connor Wright takes junior men&#8217;s XCO title, Anja Grossmann wins women&#8217;s race<\/span><\/div>\n<div class=\"relative recirc-feed sponsored-card min-h-[250px]\" data-recirc-id=\"article-river-stacked-ads:native-cards\" data-mrf-recirculation=\"article-river-ads\" data-nosnippet data-ad-slot-path=\"feed-sponsored-post\" data-attribute-device=\"all\">\n<div class=\"max-w-full sponsored-post--placeholder animate-pulse\">\n<div class=\"relative!\"><span class=\"text-base text-black font-bold mx-0 my-2.5 p-0 block bg-gray-100\">\u00a0<br \/>\u00a0<\/span><\/div>\n<\/div>\n<\/div>\n<div>\n<div class=\"aspect-[var(--img-listing-aspect-ratio,16\/9)] relative mb-3.5\">\n    <source type=\"image\/webp\" srcset=\"https:\/\/cdn.mos.cms.futurecdn.net\/iWrdmw2peqCWyxXa3WoJVc-840-80.jpg.webp 840w, https:\/\/cdn.mos.cms.futurecdn.net\/iWrdmw2peqCWyxXa3WoJVc-650-80.jpg.webp 650w, https:\/\/cdn.mos.cms.futurecdn.net\/iWrdmw2peqCWyxXa3WoJVc-500-80.jpg.webp 500w, https:\/\/cdn.mos.cms.futurecdn.net\/iWrdmw2peqCWyxXa3WoJVc-450-80.jpg.webp 450w, https:\/\/cdn.mos.cms.futurecdn.net\/iWrdmw2peqCWyxXa3WoJVc-320-80.jpg.webp 320w\" sizes=\"(min-width: 900px) 925px, (min-width: 700px) 450px, calc(100vw - 48px)\" \/><\/div>\n<p><span class=\"custom-subheading-styles\">Women&#8217;s Cycling<\/span><span class=\"text-base text-black font-bold mx-0 my-2.5 p-0 block custom-text-styles\">UCI Mountain Bike World Championships: Italy comes from behind to claim team relay<\/span><\/div>\n<div class=\"relative recirc-feed sponsored-card min-h-[250px]\" data-recirc-id=\"article-river-stacked-ads:native-cards\" data-mrf-recirculation=\"article-river-ads\" data-nosnippet data-ad-slot-path=\"feed-sponsored-post\" data-attribute-device=\"all\">\n<div class=\"max-w-full sponsored-post--placeholder animate-pulse\">\n<div class=\"relative!\"><span class=\"text-base text-black font-bold mx-0 my-2.5 p-0 block bg-gray-100\">\u00a0<br \/>\u00a0<\/span><\/div>\n<\/div>\n<\/div>\n<div>\n<div class=\"aspect-[var(--img-listing-aspect-ratio,16\/9)] relative mb-3.5\">\n    <source type=\"image\/webp\" srcset=\"https:\/\/cdn.mos.cms.futurecdn.net\/9sqBzRkwisJPPBDsYsLQ69-840-80.jpg.webp 840w, https:\/\/cdn.mos.cms.futurecdn.net\/9sqBzRkwisJPPBDsYsLQ69-650-80.jpg.webp 650w, https:\/\/cdn.mos.cms.futurecdn.net\/9sqBzRkwisJPPBDsYsLQ69-500-80.jpg.webp 500w, https:\/\/cdn.mos.cms.futurecdn.net\/9sqBzRkwisJPPBDsYsLQ69-450-80.jpg.webp 450w, https:\/\/cdn.mos.cms.futurecdn.net\/9sqBzRkwisJPPBDsYsLQ69-320-80.jpg.webp 320w\" sizes=\"(min-width: 900px) 925px, (min-width: 700px) 450px, calc(100vw - 48px)\" \/><\/div>\n<p><span class=\"custom-subheading-styles\">Racing<\/span><span class=\"text-base text-black font-bold mx-0 my-2.5 p-0 block custom-text-styles\">Vuelta a Espa\u00f1a: Matthew Brennan sprints to second win on stage 5 as late climb fails to drop sprinter<\/span><\/div>\n<div class=\"relative recirc-feed sponsored-card min-h-[250px]\" data-recirc-id=\"article-river-stacked-ads:native-cards\" data-mrf-recirculation=\"article-river-ads\" data-nosnippet data-ad-slot-path=\"feed-sponsored-post\" data-attribute-device=\"all\">\n<div class=\"max-w-full sponsored-post--placeholder animate-pulse\">\n<div class=\"relative!\"><span class=\"text-base text-black font-bold mx-0 my-2.5 p-0 block bg-gray-100\">\u00a0<br \/>\u00a0<\/span><\/div>\n<\/div>\n<\/div>\n<div>\n<div class=\"aspect-[var(--img-listing-aspect-ratio,16\/9)] relative mb-3.5\">\n    <source type=\"image\/webp\" srcset=\"https:\/\/cdn.mos.cms.futurecdn.net\/tf8RrZuK52EMrdpV8uSW39-840-80.jpg.webp 840w, https:\/\/cdn.mos.cms.futurecdn.net\/tf8RrZuK52EMrdpV8uSW39-650-80.jpg.webp 650w, https:\/\/cdn.mos.cms.futurecdn.net\/tf8RrZuK52EMrdpV8uSW39-500-80.jpg.webp 500w, https:\/\/cdn.mos.cms.futurecdn.net\/tf8RrZuK52EMrdpV8uSW39-450-80.jpg.webp 450w, https:\/\/cdn.mos.cms.futurecdn.net\/tf8RrZuK52EMrdpV8uSW39-320-80.jpg.webp 320w\" sizes=\"(min-width: 900px) 925px, (min-width: 700px) 450px, calc(100vw - 48px)\" \/><\/div>\n<p><span class=\"custom-subheading-styles\">Racing<\/span><span class=\"text-base text-black font-bold mx-0 my-2.5 p-0 block custom-text-styles\">Vuelta a Espa\u00f1a: Tadej Poga\u010dar twists the knife with 50km solo raid in Andorra to win stage 4<\/span><\/div>\n<div class=\"relative recirc-feed sponsored-card min-h-[250px]\" data-recirc-id=\"article-river-stacked-ads:native-cards\" data-mrf-recirculation=\"article-river-ads\" data-nosnippet data-ad-slot-path=\"feed-sponsored-post\" data-attribute-device=\"all\">\n<div class=\"max-w-full sponsored-post--placeholder animate-pulse\">\n<div class=\"relative!\"><span class=\"text-base text-black font-bold mx-0 my-2.5 p-0 block bg-gray-100\">\u00a0<br \/>\u00a0<\/span><\/div>\n<\/div>\n<\/div>\n<div>\n<div class=\"aspect-[var(--img-listing-aspect-ratio,16\/9)] relative mb-3.5\">\n    <source type=\"image\/webp\" srcset=\"https:\/\/cdn.mos.cms.futurecdn.net\/bTmsvr8367GggSQUKRr8wF-840-80.jpg.webp 840w, https:\/\/cdn.mos.cms.futurecdn.net\/bTmsvr8367GggSQUKRr8wF-650-80.jpg.webp 650w, https:\/\/cdn.mos.cms.futurecdn.net\/bTmsvr8367GggSQUKRr8wF-500-80.jpg.webp 500w, https:\/\/cdn.mos.cms.futurecdn.net\/bTmsvr8367GggSQUKRr8wF-450-80.jpg.webp 450w, https:\/\/cdn.mos.cms.futurecdn.net\/bTmsvr8367GggSQUKRr8wF-320-80.jpg.webp 320w\" sizes=\"(min-width: 900px) 925px, (min-width: 700px) 450px, calc(100vw - 48px)\" \/><\/div>\n<p><span class=\"custom-subheading-styles\">Racing<\/span><span class=\"text-base text-black font-bold mx-0 my-2.5 p-0 block custom-text-styles\">Hayley Preen and Alex Miller claim UCI Gravel World Series wins and African titles at Khomas100 for second year<\/span><\/div>\n<div class=\"relative recirc-feed sponsored-card min-h-[250px]\" data-recirc-id=\"article-river-stacked-ads:native-cards\" data-mrf-recirculation=\"article-river-ads\" data-nosnippet data-ad-slot-path=\"feed-sponsored-post\" data-attribute-device=\"all\">\n<div class=\"max-w-full sponsored-post--placeholder animate-pulse\">\n<div class=\"relative!\"><span class=\"text-base text-black font-bold mx-0 my-2.5 p-0 block bg-gray-100\">\u00a0<br \/>\u00a0<\/span><\/div>\n<\/div>\n<\/div>\n<div>\n<div class=\"aspect-[var(--img-listing-aspect-ratio,16\/9)] relative mb-3.5\">\n    <source type=\"image\/webp\" srcset=\"https:\/\/cdn.mos.cms.futurecdn.net\/PAzoFkYa8jJSKtzef7YjQc-840-80.jpg.webp 840w, https:\/\/cdn.mos.cms.futurecdn.net\/PAzoFkYa8jJSKtzef7YjQc-650-80.jpg.webp 650w, https:\/\/cdn.mos.cms.futurecdn.net\/PAzoFkYa8jJSKtzef7YjQc-500-80.jpg.webp 500w, https:\/\/cdn.mos.cms.futurecdn.net\/PAzoFkYa8jJSKtzef7YjQc-450-80.jpg.webp 450w, https:\/\/cdn.mos.cms.futurecdn.net\/PAzoFkYa8jJSKtzef7YjQc-320-80.jpg.webp 320w\" sizes=\"(min-width: 900px) 925px, (min-width: 700px) 450px, calc(100vw - 48px)\" \/><\/div>\n<p><span class=\"custom-subheading-styles\">Racing<\/span><span class=\"text-base text-black font-bold mx-0 my-2.5 p-0 block custom-text-styles\">Toki Sawada and Shu Wei Hsu claim first UCI Gravel World Series race in Japan<\/span><\/div>\n<div class=\"relative recirc-feed sponsored-card min-h-[250px]\" data-recirc-id=\"article-river-stacked-ads:native-cards\" data-mrf-recirculation=\"article-river-ads\" data-nosnippet data-ad-slot-path=\"feed-sponsored-post\" data-attribute-device=\"all\">\n<div class=\"max-w-full sponsored-post--placeholder animate-pulse\">\n<div class=\"relative!\"><span class=\"text-base text-black font-bold mx-0 my-2.5 p-0 block bg-gray-100\">\u00a0<br \/>\u00a0<\/span><\/div>\n<\/div>\n<\/div>\n<\/div>\n<\/div>\n<\/aside>\n<\/section>\n<\/div>\n<\/div>\n<\/div>\n<div id=\"widgetArea17\" class=\"widget-area md:basis-1\/3 widget-area-g-md-vp-1-3 widget-area-g-lg-vp-1-3 widget-area-g-xl-vp-1-3 page-widget-area-17\">\n<div data-widget-type=\"dynamic\" id=\"popular-data\" class=\"clear-both widget widget-dynamic widget-popular-data widget-dynamic-popular-data widget-dynamic-fter-popular-box\">\n<div class=\"wdn-fte-pb pos-relative space-t20\n\"><\/p>\n<div class=\"slice-container popular-box-slice\">\n<section class=\"popular-box\" data-component-name=\"Slice:PopularBox\">\n<div class=\"popular-box__label\">\n<div class=\"popular-box__label__tab popular-box__label__tab--active\" role=\"heading\">\nLATEST ARTICLES\n<\/div>\n<\/div>\n<ol class=\"popular-box__articles-list popular-box__articles-list--active\">\n<li class=\"popular-box__article-list\">\n<div class=\"popular-box__article-list__container\">\n<div class=\"popular-box__article-list__image-wrapper\">\n<div>\n<source type=\"image\/webp\" srcset=\"https:\/\/cdn.mos.cms.futurecdn.net\/SyQVzG9aSiFNF9eeLPRwj4-1280-80.jpg.webp 1280w, https:\/\/cdn.mos.cms.futurecdn.net\/SyQVzG9aSiFNF9eeLPRwj4-720-80.jpg.webp 720w, https:\/\/cdn.mos.cms.futurecdn.net\/SyQVzG9aSiFNF9eeLPRwj4-640-80.jpg.webp 640w, https:\/\/cdn.mos.cms.futurecdn.net\/SyQVzG9aSiFNF9eeLPRwj4-320-80.jpg.webp 320w\" sizes=\"99vw\" \/><\/div>\n<\/div>\n<div class=\"popular-box__article-list__content\">\n<div class=\"popular-box__article-list__number-text\">1<\/div>\n<div class=\"popular-box__article-list__heading\">\n<p>Josh Tarling abandons the Vuelta a Espa\u00f1a during stage 6<\/p>\n<\/div>\n<\/div>\n<\/div>\n<\/li>\n<li class=\"popular-box__article-list\">\n<div class=\"popular-box__article-list__container\">\n<div class=\"popular-box__article-list__content\">\n<div class=\"popular-box__article-list__number-text\">2<\/div>\n<div class=\"popular-box__article-list__heading\">\n<p>&#8216;Heartbroken&#8217; Chad Haga says his career is over after a heavy crash in training<\/p>\n<\/div>\n<\/div>\n<\/div>\n<\/li>\n<li class=\"popular-box__article-list\">\n<div class=\"popular-box__article-list__container\">\n<div class=\"popular-box__article-list__content\">\n<div class=\"popular-box__article-list__number-text\">3<\/div>\n<div class=\"popular-box__article-list__heading\">\n<p>UCI Mountain Bike World Championships: Rising Australian multi-discipline star Connor Wright takes junior men&#8217;s XCO title, Anja Grossmann wins women&#8217;s race<\/p>\n<\/div>\n<\/div>\n<\/div>\n<\/li>\n<li class=\"popular-box__article-list\">\n<div class=\"popular-box__article-list__container\">\n<div class=\"popular-box__article-list__content\">\n<div class=\"popular-box__article-list__number-text\">4<\/div>\n<div class=\"popular-box__article-list__heading\">\n<p>Hope for Lapierre as court decision gives French bike manufacturer &#8216;the right and the time to fight&#8217;<\/p>\n<\/div>\n<\/div>\n<\/div>\n<\/li>\n<li class=\"popular-box__article-list\">\n<div class=\"popular-box__article-list__container\">\n<div class=\"popular-box__article-list__content\">\n<div class=\"popular-box__article-list__number-text\">5<\/div>\n<div class=\"popular-box__article-list__heading\">\n<p>&#8216;I&#8217;m not like Poga\u010dar&#8217; \u2013 Wout van Aert happy in support role at Vuelta a Espa\u00f1a but wants his sunglasses back<\/p>\n<\/div>\n<\/div>\n<\/div>\n<\/li>\n<\/ol>\n<\/section>\n<\/div>\n<\/div>\n<\/div>\n<\/div>\n<\/div>\n<\/article>\n<article class=\"page-content-onecol flex-1\nnews-article article\n\"><\/p>\n<div class=\"widget-area-group widget-area-group-2col flex flex-wrap box-border\">\n<div id=\"widgetArea16\" class=\"widget-area basis-full md:basis-2\/3 widget-area-g-md-vp-2-3 widget-area-g-lg-vp-2-3 widget-area-g-xl-vp-2-3 page-widget-area-16\">\n<div data-widget-type=\"hero\" id=\"hero\" class=\"clear-both widget widget-hero widget-hero widget-hero-hero widget-hero widget-hero-fter-news\">\n<div class=\"news-article\">\n<header data-component-name=\"Article:Hero\">\n<nav class=\"breadcrumb\" aria-label=\"Breadcrumbs\">\n<ol>\n<li>\nPro Cycling\n<\/li>\n<li>\nRacing\n<\/li>\n<li>\nWomen&#8217;s Cycling\n<\/li>\n<li>\nRoad\n<\/li>\n<li>\nKreiz Breizh Elites F\u00e9minin\n<\/li>\n<\/ol>\n<\/nav>\n<h1>Kreiz Breizh F\u00e9minin: Loes Adegeest victorious on &#8216;a brutal course&#8217; out sprinting the late breakaway to take a first win of 2026<\/h1>\n<div class=\"byline-social\">\n<div class=\"vds-byline-block flex flex-row flex-nowrap my-1.5 gap-2 text-left items-start justify-start\" data-component-name=\"Article:BylineBlock\">\n<p>Race Results<\/p>\n<div class=\"my-auto vds-simple-byline\"><span class=\"inline-block vds-author\"><br \/>\nBy<br \/>\nLaura Weislo <\/span><\/p>\n<div class=\"flex gap-1 vds-byline-with-avatar__meta\"><span class=\"vds-date block font-normal tracking-normal normal-case text-xs\"><br \/>\nPublished<br \/>\n<time data-component-name=\"UI:DateTime\" datetime=\"2026-08-27T14:25:21Z\" class=\"relative-date\"><br \/>\n27 August 2026<br \/>\n<\/time><\/span><\/div>\n<\/div>\n<\/div>\n<p class=\"strapline\">Sarah Van Dam places second with Mavi Garc\u00eda in third<\/p>\n<\/div>\n<aside class=\"text-gray-700 flex items-center mx-0 my-5 p-0 justify-start text-left\" id=\"affiliate-disclaimer\" data-component-name=\"AffiliateDisclaimer\" data-hawk-message=\"Affiliate disclaimer removed because hawk deemed there are no affiliate links on this page\">\n<p class=\"text-[color:var(--affiliate-disclaimer--text-color,inherit)] mb-2 text-[length:var(--affiliate-disclaimer--font-size,0.75rem)] leading-[18px] md:text-[13px] [&amp;&gt;a]:text-inherit [&amp;&gt;a]:underline\">\nWhen you purchase through links on our site, we may earn an affiliate commission. Here\u2019s how it works.\n<\/p>\n<\/aside>\n<\/header>\n<\/div>\n<\/div>\n<div data-widget-type=\"contentparsed\" id=\"content\" class=\"clear-both widget widget-contentparsed widget-content widget-contentparsed-content widget-content-parsed widget-content-parsed-content_document \">\n<div class=\"wcp-item-content\">\n<section class=\"content-wrapper\">\n<div class=\"box less-space hero-image-wrapper\">\n<figure class=\"mb-0\">\n<source type=\"image\/webp\" srcset=\"https:\/\/cdn.mos.cms.futurecdn.net\/UEDpMSrbnELU5BTMTafrh3-1024-80.jpg.webp 1920w, https:\/\/cdn.mos.cms.futurecdn.net\/UEDpMSrbnELU5BTMTafrh3-1024-80.jpg.webp 1600w, https:\/\/cdn.mos.cms.futurecdn.net\/UEDpMSrbnELU5BTMTafrh3-1024-80.jpg.webp 1200w, https:\/\/cdn.mos.cms.futurecdn.net\/UEDpMSrbnELU5BTMTafrh3-1024-80.jpg.webp 1024w, https:\/\/cdn.mos.cms.futurecdn.net\/UEDpMSrbnELU5BTMTafrh3-970-80.jpg.webp 970w, https:\/\/cdn.mos.cms.futurecdn.net\/UEDpMSrbnELU5BTMTafrh3-750-80.jpg.webp 750w, https:\/\/cdn.mos.cms.futurecdn.net\/UEDpMSrbnELU5BTMTafrh3-650-80.jpg.webp 650w, https:\/\/cdn.mos.cms.futurecdn.net\/UEDpMSrbnELU5BTMTafrh3-480-80.jpg.webp 480w, https:\/\/cdn.mos.cms.futurecdn.net\/UEDpMSrbnELU5BTMTafrh3-320-80.jpg.webp 320w\" sizes=\"(min-width: 1000px) 600px, 100vw\" \/><figcaption class=\"font-article-copy text-(--image--text--color) font-article-copy mt-2\"><span class=\"caption-text font-article-copy\">Loes Adegeest won her first race since joining Lidl-Trek<\/span><span class=\"credit font-article-copy\">(Image credit: Getty Images)<\/span><\/figcaption><\/figure>\n<\/div>\n<div id=\"article-body\" class=\"text-copy bodyCopy auto paywall-locker\">\n<div data-analytics-id=\"utility-bar\" id=\"utility-bar\" class=\"font-ui-heading flex justify-between items-center py-2 border-t border-b border-gray-300 border-solid mb-5 mx-auto\" data-component-name=\"UtilityBar\" data-mrf-recirculation=\"utility-bar\">\n<div class=\"flex gap-2 text-[#333] subcontainer\">\n<div class=\"relative tooltip-container\" role=\"tooltip\">\n<div data-component-name=\"Social:Dropdown\" role=\"menu\" id=\"utilitybar__dropdown--share\" aria-labelledby=\"utilitybar__button--share\" class=\"absolute left-0 top-full w-44 bg-white rounded-md shadow-md border border-neutral-200 z-[9996] list-none m-0 py-2 px-3 border-solid\">\n<ul class=\"m-0!\">\n<li class=\"!p-0 !m-0 list-none border-b border-gray-200 border-solid\">\n<li class=\"!p-0 !m-0 list-none border-b border-gray-200 border-solid\">\n<p>Facebook<\/p>\n<\/li>\n<li class=\"!p-0 !m-0 list-none border-b border-gray-200 border-solid\">\n<p>X<\/p>\n<\/li>\n<li class=\"!p-0 !m-0 list-none border-b border-gray-200 border-solid\">\n<p>Pinterest<\/p>\n<\/li>\n<li class=\"!p-0 !m-0 list-none border-b border-gray-200 border-solid\">\n<p>Email<\/p>\n<\/li>\n<\/ul>\n<\/div>\n<div class=\"font-ui-heading max-sm:hidden tooltip absolute left-1\/2 bg-gray-900 text-white text-xs leading-none px-3 py-1.5 rounded-md z-[10001] whitespace-nowrap\" id=\"tooltip-share-this-article\" role=\"tooltip\" aria-hidden=\"true\">\nShare this article\n<\/div>\n<\/div>\n<div class=\"relative tooltip-container\" role=\"tooltip\"><span class=\"ml-1 inline-flex h-5 px-2 shrink-0 items-center justify-center self-center overflow-hidden whitespace-nowrap rounded-[10px] bg-primary-500 text-[11px] leading-none font-ui-heading font-semibold text-white\">0<\/span><\/p>\n<div class=\"font-ui-heading max-sm:hidden tooltip absolute left-1\/2 bg-gray-900 text-white text-xs leading-none px-3 py-1.5 rounded-md z-[10001] whitespace-nowrap\" id=\"tooltip-join-the-conversation\" role=\"tooltip\" aria-hidden=\"true\">\nJoin the conversation\n<\/div>\n<\/div>\n<\/div>\n<div class=\"flex gap-2 text-[#333] subcontainer\">\n<div class=\"relative tooltip-container\" role=\"tooltip\">\n<p>Follow us<\/p>\n<div class=\"font-ui-heading max-sm:hidden tooltip absolute left-1\/2 bg-gray-900 text-white text-xs leading-none px-3 py-1.5 rounded-md z-[10001] whitespace-nowrap\" id=\"tooltip-add-us-as-a-preferred-source-on-google\" role=\"tooltip\" aria-hidden=\"true\">\nAdd us as a preferred source on Google\n<\/div>\n<\/div>\n<div class=\"relative tooltip-container\" role=\"tooltip\">\n<div class=\"font-ui-heading max-sm:hidden tooltip absolute left-1\/2 bg-gray-900 text-white text-xs leading-none px-3 py-1.5 rounded-md z-[10001] whitespace-nowrap\" id=\"tooltip-subscribe-to-our-newsletter\" role=\"tooltip\" aria-hidden=\"true\">\nSubscribe to our newsletter\n<\/div>\n<\/div>\n<\/div>\n<\/div>\n<p id=\"elk-0a60195a-a219-11f1-b628-bb2676e772bb\">Loes Adegeest (Lidl-Trek) claimed an emphatic victory in the UCI 1.1 Kreiz Breizh Elites F\u00e9minin in a highly tactical finale in Callac. The Dutch rider out-sprinted Sarah Van Dam (Visma-Lease a Bike) and Mavi Garcia (UAE Team l&#8217;IMAD) from a four-rider breakaway.<\/p>\n<p>World Champion Magdeleine Vallieres (EF Education-Oatly) was fourth.<\/p>\n<p>A breakaway of eight riders escaped in the first hour of racing, with Idoia Eraso (Laboral Kutxa &#8211; Fundaci\u00f3n Euskadi), Ma\u00e9va Plagniol (Tenvels Le D\u00e9voluy), Lilou Jauvin (Mayenne Monbana My Pie), L\u00e9onie Mahieu (Lanester Women Morbihan), Martha Stokkeland (Torelli), Sophie von Berswordt (VolkerWessels Cycling Team), Laury Milette (Team Abadie Magnan), and Giorgia Vettorello (Tenvels Le D\u00e9voluy) in the move.<\/p>\n<p>However, the escapees struggled to gain more than one minute on the peloton over the constantly undulating terrain. Not long after the move was established, half of the riders lost contact with Plagniol, Jauvin, Mahieu and Stokkeland dropped with 89km to go.<\/p>\n<p>The remaining four held a small advantage on the peloton until Eraso attacked with 49km to go, eventually distancing Von Berswordt, Milette and Vettorello, but she too was caught with 37km to go as the race entered the six finishing circuits.<\/p>\n<p>Garcia began the aggression with 33km to go, and was briefly joined by L\u00e9a Stern (Ma Petite Entreprise) but after the Swiss rider lost contact, two riders bridged across: Margot Vanpachtenbeke (Lidl &#8211; Trek) and Caroline Andersson (Liv AlUla Jayco).<\/p>\n<p>Again, the gaps remained small between the leaders and an ever-shrinking chase, and with 12km to go, a dozen riders came together at the head of the race.<\/p>\n<p>The ever-aggressive Garcia launched an attack at the bell lap, joined by Adegeest, Vallieres and Van Dam, but had used up most of her arsenal and could not match the Dutch rider&#8217;s speed.<\/p>\n<p>Agegeest has been active and aggressive throughout a series of one day races this month.<\/p>\n<p id=\"elk-0a60195a-a219-11f1-b628-bb2676e772bb-2\" aria-hidden=\"true\" class=\"kiosq-b\">&#8220;It&#8217;s a brutal course,&#8221; Adegeest said. &#8220;This race has been a goal for me since I saw it on my calendar. So I was really happy that the good feeling returned this week.&#8221;<\/p>\n<div class=\"my-6 w-full overflow-hidden rounded-[10px] lg:my-8\" data-component-name=\"JwPlayer:Carousel\" data-jwp-carousel data-jwp-carousel-payload=\"{&quot;ids&quot;:{&quot;playerID&quot;:&quot;jYDCcabO&quot;,&quot;searchPlaylistID&quot;:&quot;gwjdoYHD&quot;,&quot;divID&quot;:&quot;botr_gwjdoYHD_jYDCcabO_div&quot;,&quot;fallbackPlaylistID&quot;:&quot;gwjdoYHD&quot;,&quot;fallbackDivID&quot;:&quot;botr_gwjdoYHD_jYDCcabO_div&quot;,&quot;key&quot;:&quot;X9\/mXVGac0NphghLH9hZaqWA5d3dhAM\/Ih07grnEyMLjuO2E&quot;,&quot;tintLogo&quot;:true,&quot;useSearchPlaylist&quot;:false,&quot;enabled&quot;:true},&quot;signPostingEnabled&quot;:true,&quot;signPostingLinkEnabled&quot;:true,&quot;waitForAdLoad&quot;:false,&quot;hidePlayerOnDesktop&quot;:false,&quot;hidePlayerOnMobile&quot;:false,&quot;hidePlayerOnTablet&quot;:false}\">\n<div class=\"flex flex-nowrap items-center justify-between gap-3 bg-zinc-900 px-[14px] py-3\" data-jwp-carousel-header>\n<div class=\"flex min-w-0 shrink items-center\"><span class=\"inline-flex items-center gap-1.5 text-sm font-article-heading capitalize leading-5 text-white whitespace-nowrap\"><span class=\"jwp-carousel-title-desktop\">Latest Videos From<\/span><span class=\"jwp-carousel-brand\">Cyclingnews<\/span><\/span><\/div>\n<\/div>\n<div class=\"min-h-[44px] bg-zinc-900 px-[14px] py-3\" data-jwp-carousel-signposting><a class=\"invisible block truncate text-sm font-bold leading-5 text-white underline decoration-solid underline-offset-2\" data-jwp-carousel-signposting-link href target=\"_blank\" rel=\"noopener noreferrer\"><span data-jwp-carousel-signposting-title>Watch full video here: <\/span><\/a><\/div>\n<\/div>\n<h2 id=\"results-3\" aria-hidden=\"true\" class=\"kiosq-b\">Results<\/h2>\n<div class=\"slice-container table-wrapper slice-container-table kiosq-b\" data-component-name=\"Slice:Table\" id=\"elk-5cf47232-a224-11f1-9e46-27c785cf0994\" aria-hidden=\"true\">\n<div class=\"table__instruction\">\nSwipe to scroll horizontally<\/p>\n<\/div>\n<div class=\"table__container\">\n<table tabindex=\"0\" class=\"table__wrapper table__wrapper--inbodyContent table__wrapper--sticky table__wrapper--divider\">\n<thead class=\"table__head\">\n<tr class=\"table__head__row\">\n<th class=\"table__head__heading table__head__heading--left\" colspan=\"1\">\n<p>Position<\/p>\n<\/th>\n<th class=\"table__head__heading table__head__heading--left\" colspan=\"1\">\n<p>Rider (Country) Team<\/p>\n<\/th>\n<th class=\"table__head__heading table__head__heading--left\" colspan=\"1\">\n<p>Time Gap<\/p>\n<\/th>\n<\/tr>\n<\/thead>\n<tbody class=\"table__body\">\n<tr class=\"table__body__row\">\n<td class=\"table_body__data\" colspan=\"1\">\n<p>1<\/p>\n<\/td>\n<td class=\"table_body__data\" colspan=\"1\">\n<p>Loes Adegeest (Ned) Lidl-Trek<\/p>\n<\/td>\n<td class=\"table_body__data\" colspan=\"1\">\n<p>3:37:57<\/p>\n<\/td>\n<\/tr>\n<tr class=\"table__body__row\">\n<td class=\"table_body__data\" colspan=\"1\">\n<p>2<\/p>\n<\/td>\n<td class=\"table_body__data\" colspan=\"1\">\n<p>Margarita Victoria Garcia Ca\u00f1ellas (Spa) UAE Team ADQ<\/p>\n<\/td>\n<td class=\"table_body__data\" colspan=\"1\"><span class=\"sr-only\">Row 1 &#8211; Cell 2 <\/span><\/td>\n<\/tr>\n<tr class=\"table__body__row\">\n<td class=\"table_body__data\" colspan=\"1\">\n<p>3<\/p>\n<\/td>\n<td class=\"table_body__data\" colspan=\"1\">\n<p>Sarah Van Dam (Can) Visma-Lease a Bike<\/p>\n<\/td>\n<td class=\"table_body__data\" colspan=\"1\"><span class=\"sr-only\">Row 2 &#8211; Cell 2 <\/span><\/td>\n<\/tr>\n<tr class=\"table__body__row\">\n<td class=\"table_body__data\" colspan=\"1\">\n<p>4<\/p>\n<\/td>\n<td class=\"table_body__data\" colspan=\"1\">\n<p>Magdeleine Vallieres Mill (Can) EF Education-Oatly<\/p>\n<\/td>\n<td class=\"table_body__data\" colspan=\"1\"><span class=\"sr-only\">Row 3 &#8211; Cell 2 <\/span><\/td>\n<\/tr>\n<tr class=\"table__body__row\">\n<td class=\"table_body__data\" colspan=\"1\">\n<p>5<\/p>\n<\/td>\n<td class=\"table_body__data\" colspan=\"1\">\n<p>Cl\u00e9mence Latimier (Fra) Ma Petite Entreprise<\/p>\n<\/td>\n<td class=\"table_body__data\" colspan=\"1\">\n<p>0:00:39<\/p>\n<\/td>\n<\/tr>\n<tr class=\"table__body__row\">\n<td class=\"table_body__data\" colspan=\"1\">\n<p>6<\/p>\n<\/td>\n<td class=\"table_body__data\" colspan=\"1\">\n<p>Karlijn Swinkels (Ned) UAE Team ADQ<\/p>\n<\/td>\n<td class=\"table_body__data\" colspan=\"1\">\n<p>0:00:55<\/p>\n<\/td>\n<\/tr>\n<tr class=\"table__body__row\">\n<td class=\"table_body__data\" colspan=\"1\">\n<p>7<\/p>\n<\/td>\n<td class=\"table_body__data\" colspan=\"1\">\n<p>Margot Vanpachtenbeke (Bel) Lidl-Trek<\/p>\n<\/td>\n<td class=\"table_body__data\" colspan=\"1\"><span class=\"sr-only\">Row 6 &#8211; Cell 2 <\/span><\/td>\n<\/tr>\n<tr class=\"table__body__row\">\n<td class=\"table_body__data\" colspan=\"1\">\n<p>8<\/p>\n<\/td>\n<td class=\"table_body__data\" colspan=\"1\">\n<p>Eleonora Camilla Gasparrini (Ita) UAE Team ADQ<\/p>\n<\/td>\n<td class=\"table_body__data\" colspan=\"1\"><span class=\"sr-only\">Row 7 &#8211; Cell 2 <\/span><\/td>\n<\/tr>\n<tr class=\"table__body__row\">\n<td class=\"table_body__data\" colspan=\"1\">\n<p>9<\/p>\n<\/td>\n<td class=\"table_body__data\" colspan=\"1\">\n<p>Caroline Andersson (Swe) Liv AlUla Jayco<\/p>\n<\/td>\n<td class=\"table_body__data\" colspan=\"1\"><span class=\"sr-only\">Row 8 &#8211; Cell 2 <\/span><\/td>\n<\/tr>\n<tr class=\"table__body__row\">\n<td class=\"table_body__data\" colspan=\"1\">\n<p>10<\/p>\n<\/td>\n<td class=\"table_body__data\" colspan=\"1\">\n<p>Noemi R\u00fcegg (Swi) EF Education-Oatly<\/p>\n<\/td>\n<td class=\"table_body__data\" colspan=\"1\"><span class=\"sr-only\">Row 9 &#8211; Cell 2 <\/span><\/td>\n<\/tr>\n<\/tbody>\n<\/table>\n<\/div>\n<\/div>\n<div id=\"slice-container-newsletterForm-articleInbodyContent-6eARVQx5459tkZxaP7wJr3\" class=\"slice-container newsletter-inbodyContent-slice newsletterForm-articleInbodyContent-6eARVQx5459tkZxaP7wJr3 slice-container-newsletterForm\">\n<div data-hydrate=\"true\" class=\"newsletter-form__wrapper newsletter-form__wrapper--inbodyContent\">\n<div class=\"newsletter-form__container\">\n<section class=\"newsletter-form__top-bar\">\n<div class=\"newsletter-form__header\">Get The Leadout Newsletter<\/div>\n<\/section>\n<section class=\"newsletter-form__main-section\">\n<p class=\"newsletter-form__strapline\">The latest race content, interviews, features, reviews and expert buying guides, direct to your inbox!<\/p>\n<footer class=\"newsletter-form__footer \">By submitting your information you agree to the Terms &amp; Conditions and Privacy Policy and are aged 16 or over.<\/footer>\n<\/section>\n<\/div>\n<\/div>\n<\/div>\n<\/div>\n<div id=\"slice-container-authorBio-6eARVQx5459tkZxaP7wJr3\" class=\"slice-container slice-author-bio authorBio-6eARVQx5459tkZxaP7wJr3 slice-container-authorBio\">\n<div class=\"author author__default-layout author--separator author--collapsible\" data-hydrate=\"true\">\n<div class=\"author__header\">\n<div class=\"author__avatar-block\">\n<figure class=\"image-wrapped__wrapper\" data-bordeaux-image-check=\"false\">\n<div class=\"image-wrapped__widthsetter\">\n<div class=\"image-wrapped__aspect-padding\">\n<div><source class=\"author__avatar image-wrapped__image image__image\" type=\"image\/webp\" srcset=\"https:\/\/cdn.mos.cms.futurecdn.net\/rbx5aMuCYhP4dUt7us9LAi-140-80.jpg.webp 140w\" sizes=\"99vw\" data-normal=\"https:\/\/cdn.mos.cms.futurecdn.net\/rbx5aMuCYhP4dUt7us9LAi.jpg\" data-original-mos=\"https:\/\/cdn.mos.cms.futurecdn.net\/rbx5aMuCYhP4dUt7us9LAi.jpg\" data-pin-media=\"https:\/\/cdn.mos.cms.futurecdn.net\/rbx5aMuCYhP4dUt7us9LAi.jpg\" data-pin-nopin=\"true\" data-slice-image=\"true\" \/><\/div>\n<\/div>\n<\/div>\n<\/figure>\n<\/div>\n<div class=\"author__heading\">\n<div class=\"author__name\">Laura Weislo<\/div>\n<div class=\"author__social\">\n<nav class=\"button-social-group author__social-buttons\" aria-labelledby=\"button-social-group- author__social-buttons\">\n<div id=\"button-social-group- author__social-buttons\">Social Links Navigation<\/div>\n<\/nav>\n<\/div>\n<div class=\"author__role\">Managing Editor<\/div>\n<\/div>\n<\/div>\n<div class=\"author__bio-wrapper\">\n<div class=\"author__biography\">\n<p>Laura Weislo is a <em>Cyclingnews<\/em> veteran of 20 years. Having joined in 2006, Laura extensively covered the Operacion Puerto doping scandal, the years-long conflict between the UCI and the Tour de France organisers ASO over the creation of the WorldTour, and the downfall of Lance Armstrong and his lifetime ban for doping. As Managing Editor, Laura coordinates coverage for North American events and global news.<\/p>\n<\/div>\n<\/div>\n<\/div>\n<\/div>\n<\/section>\n<div class=\"relative max-w-[1070px] viafoura-twig-component mt-6 mx-4 lg:mx-0\" data-component-name=\"Viafoura:Comments\" data-nosnippet data-community-guidelines-text=\"&lt;p class=&apos;vfcustom-community-guidelines&apos;&gt;Please follow our &lt;a href=&quot;https:\/\/www.cyclingnews.com\/about\/#section-community-guidelines&quot; target=&quot;_blank&quot;&gt;community guidelines&lt;\/a&gt;.&lt;\/p&gt;\" data-join-the-conversation-text=\"Join the Conversation\">\n<div class=\"absolute top-0 left-0 w-full h-full flex items-center justify-center z-50 bg-white\/90 border-1 rounded-b-[var(--comment-widget-border-radius,0)]\">\n<div class=\"p-2 text-center\">\n<p class=\"mb-3 text-lg!\">You must confirm your public display name before commenting<\/p>\n<p class=\"mb-3 text-sm!\">Please logout and then login again, you will then be prompted to enter your display name.<\/p>\n<\/div>\n<\/div>\n<\/div>\n<section class=\"mx-2 my-5 sm:mx-0\">\n<aside class=\"w-full\" data-nosnippet data-mrf-recirculation=\"article-river-stacked\">\n<div data-recirc-id=\"article-river-stacked-adviser:hybrid\">\n<div class=\"text-white py-4 px-3 mb-4 bg-[#333] uppercase font-bold custom-header-styles\">Read more<\/div>\n<div class=\"grid grid-cols-1 gap-4 mt-4 mb-5\">\n<div>\n<div class=\"aspect-[var(--img-listing-aspect-ratio,16\/9)] relative mb-3.5\">\n    <source type=\"image\/webp\" srcset=\"https:\/\/cdn.mos.cms.futurecdn.net\/ChfWmra6qn9tNfUXxbkk8C-840-80.jpg.webp 840w, https:\/\/cdn.mos.cms.futurecdn.net\/ChfWmra6qn9tNfUXxbkk8C-650-80.jpg.webp 650w, https:\/\/cdn.mos.cms.futurecdn.net\/ChfWmra6qn9tNfUXxbkk8C-500-80.jpg.webp 500w, https:\/\/cdn.mos.cms.futurecdn.net\/ChfWmra6qn9tNfUXxbkk8C-450-80.jpg.webp 450w, https:\/\/cdn.mos.cms.futurecdn.net\/ChfWmra6qn9tNfUXxbkk8C-320-80.jpg.webp 320w\" sizes=\"(min-width: 900px) 925px, (min-width: 700px) 450px, calc(100vw - 48px)\" \/><\/div>\n<p><span class=\"custom-subheading-styles\">Women&#8217;s Cycling<\/span><span class=\"text-base text-black font-bold mx-0 my-2.5 p-0 block custom-text-styles\">Tour F\u00e9minin des Pyr\u00e9n\u00e9es: Paula Blasi claims overall victory as unstoppable breakaway rider Eline Jansen crashes and goes on to take stage 3 win<\/span><\/div>\n<div class=\"relative recirc-feed sponsored-card min-h-[250px]\" data-recirc-id=\"article-river-stacked-ads:native-cards\" data-mrf-recirculation=\"article-river-ads\" data-nosnippet data-ad-slot-path=\"feed-sponsored-post\" data-attribute-device=\"all\">\n<div class=\"max-w-full sponsored-post--placeholder animate-pulse\">\n<div class=\"relative!\"><span class=\"text-base text-black font-bold mx-0 my-2.5 p-0 block bg-gray-100\">\u00a0<br \/>\u00a0<\/span><\/div>\n<\/div>\n<\/div>\n<div>\n<div class=\"aspect-[var(--img-listing-aspect-ratio,16\/9)] relative mb-3.5\">\n    <source type=\"image\/webp\" srcset=\"https:\/\/cdn.mos.cms.futurecdn.net\/6n87TL5bs3LXVeuEhf5Jn5-840-80.png.webp 840w, https:\/\/cdn.mos.cms.futurecdn.net\/6n87TL5bs3LXVeuEhf5Jn5-650-80.png.webp 650w, https:\/\/cdn.mos.cms.futurecdn.net\/6n87TL5bs3LXVeuEhf5Jn5-500-80.png.webp 500w, https:\/\/cdn.mos.cms.futurecdn.net\/6n87TL5bs3LXVeuEhf5Jn5-450-80.png.webp 450w, https:\/\/cdn.mos.cms.futurecdn.net\/6n87TL5bs3LXVeuEhf5Jn5-320-80.png.webp 320w\" sizes=\"(min-width: 900px) 925px, (min-width: 700px) 450px, calc(100vw - 48px)\" \/><\/div>\n<p><span class=\"custom-subheading-styles\">Women&#8217;s Cycling<\/span><span class=\"text-base text-black font-bold mx-0 my-2.5 p-0 block custom-text-styles\">Tour de Suisse Women: Femke de Vries outsprints Lauren Dickson to claim first professional victory on hard-fought stage 1<\/span><\/div>\n<div class=\"relative recirc-feed sponsored-card min-h-[250px]\" data-recirc-id=\"article-river-stacked-ads:native-cards\" data-mrf-recirculation=\"article-river-ads\" data-nosnippet data-ad-slot-path=\"feed-sponsored-post\" data-attribute-device=\"all\">\n<div class=\"max-w-full sponsored-post--placeholder animate-pulse\">\n<div class=\"relative!\"><span class=\"text-base text-black font-bold mx-0 my-2.5 p-0 block bg-gray-100\">\u00a0<br \/>\u00a0<\/span><\/div>\n<\/div>\n<\/div>\n<div>\n<div class=\"aspect-[var(--img-listing-aspect-ratio,16\/9)] relative mb-3.5\">\n    <source type=\"image\/webp\" srcset=\"https:\/\/cdn.mos.cms.futurecdn.net\/8K5qPMAQEK2fsisYEGajU7-840-80.jpg.webp 840w, https:\/\/cdn.mos.cms.futurecdn.net\/8K5qPMAQEK2fsisYEGajU7-650-80.jpg.webp 650w, https:\/\/cdn.mos.cms.futurecdn.net\/8K5qPMAQEK2fsisYEGajU7-500-80.jpg.webp 500w, https:\/\/cdn.mos.cms.futurecdn.net\/8K5qPMAQEK2fsisYEGajU7-450-80.jpg.webp 450w, https:\/\/cdn.mos.cms.futurecdn.net\/8K5qPMAQEK2fsisYEGajU7-320-80.jpg.webp 320w\" sizes=\"(min-width: 900px) 925px, (min-width: 700px) 450px, calc(100vw - 48px)\" \/><\/div>\n<p><span class=\"custom-subheading-styles\">Women&#8217;s Cycling<\/span><span class=\"text-base text-black font-bold mx-0 my-2.5 p-0 block custom-text-styles\">Egmont Cycling Race: Elisa Balsamo rounds off a strong Lidl-Trek performance with victory in Belgium<\/span><\/div>\n<div class=\"relative recirc-feed sponsored-card min-h-[250px]\" data-recirc-id=\"article-river-stacked-ads:native-cards\" data-mrf-recirculation=\"article-river-ads\" data-nosnippet data-ad-slot-path=\"feed-sponsored-post\" data-attribute-device=\"all\">\n<div class=\"max-w-full sponsored-post--placeholder animate-pulse\">\n<div class=\"relative!\"><span class=\"text-base text-black font-bold mx-0 my-2.5 p-0 block bg-gray-100\">\u00a0<br \/>\u00a0<\/span><\/div>\n<\/div>\n<\/div>\n<div>\n<div class=\"aspect-[var(--img-listing-aspect-ratio,16\/9)] relative mb-3.5\">\n    <source type=\"image\/webp\" srcset=\"https:\/\/cdn.mos.cms.futurecdn.net\/QvJmVsGmVH3pLtR7rnskYW-840-80.jpg.webp 840w, https:\/\/cdn.mos.cms.futurecdn.net\/QvJmVsGmVH3pLtR7rnskYW-650-80.jpg.webp 650w, https:\/\/cdn.mos.cms.futurecdn.net\/QvJmVsGmVH3pLtR7rnskYW-500-80.jpg.webp 500w, https:\/\/cdn.mos.cms.futurecdn.net\/QvJmVsGmVH3pLtR7rnskYW-450-80.jpg.webp 450w, https:\/\/cdn.mos.cms.futurecdn.net\/QvJmVsGmVH3pLtR7rnskYW-320-80.jpg.webp 320w\" sizes=\"(min-width: 900px) 925px, (min-width: 700px) 450px, calc(100vw - 48px)\" \/><\/div>\n<p><span class=\"custom-subheading-styles\">Women&#8217;s Cycling<\/span><span class=\"text-base text-black font-bold mx-0 my-2.5 p-0 block custom-text-styles\">Tour de France Femmes: Kim Le Court-Pienaar surges from small pack for stunning win on stage 6<\/span><\/div>\n<div class=\"relative recirc-feed sponsored-card min-h-[250px]\" data-recirc-id=\"article-river-stacked-ads:native-cards\" data-mrf-recirculation=\"article-river-ads\" data-nosnippet data-ad-slot-path=\"feed-sponsored-post\" data-attribute-device=\"all\">\n<div class=\"max-w-full sponsored-post--placeholder animate-pulse\">\n<div class=\"relative!\"><span class=\"text-base text-black font-bold mx-0 my-2.5 p-0 block bg-gray-100\">\u00a0<br \/>\u00a0<\/span><\/div>\n<\/div>\n<\/div>\n<div>\n<div class=\"aspect-[var(--img-listing-aspect-ratio,16\/9)] relative mb-3.5\">\n    <source type=\"image\/webp\" srcset=\"https:\/\/cdn.mos.cms.futurecdn.net\/t4yoWPhT7A6k44w4XM8pAh-840-80.jpg.webp 840w, https:\/\/cdn.mos.cms.futurecdn.net\/t4yoWPhT7A6k44w4XM8pAh-650-80.jpg.webp 650w, https:\/\/cdn.mos.cms.futurecdn.net\/t4yoWPhT7A6k44w4XM8pAh-500-80.jpg.webp 500w, https:\/\/cdn.mos.cms.futurecdn.net\/t4yoWPhT7A6k44w4XM8pAh-450-80.jpg.webp 450w, https:\/\/cdn.mos.cms.futurecdn.net\/t4yoWPhT7A6k44w4XM8pAh-320-80.jpg.webp 320w\" sizes=\"(min-width: 900px) 925px, (min-width: 700px) 450px, calc(100vw - 48px)\" \/><\/div>\n<p><span class=\"custom-subheading-styles\">Women&#8217;s Cycling<\/span><span class=\"text-base text-black font-bold mx-0 my-2.5 p-0 block custom-text-styles\">Tour de France Femmes: Sigrid Haugset stuns field with long-range solo attack to land signature stage 3 victory and swipe yellow jersey<\/span><\/div>\n<div class=\"relative recirc-feed sponsored-card min-h-[250px]\" data-recirc-id=\"article-river-stacked-ads:native-cards\" data-mrf-recirculation=\"article-river-ads\" data-nosnippet data-ad-slot-path=\"feed-sponsored-post\" data-attribute-device=\"all\">\n<div class=\"max-w-full sponsored-post--placeholder animate-pulse\">\n<div class=\"relative!\"><span class=\"text-base text-black font-bold mx-0 my-2.5 p-0 block bg-gray-100\">\u00a0<br \/>\u00a0<\/span><\/div>\n<\/div>\n<\/div>\n<div>\n<div class=\"aspect-[var(--img-listing-aspect-ratio,16\/9)] relative mb-3.5\">\n    <source type=\"image\/webp\" srcset=\"https:\/\/cdn.mos.cms.futurecdn.net\/v9tsFyg8zhynzc9poB8YR5-840-80.jpg.webp 840w, https:\/\/cdn.mos.cms.futurecdn.net\/v9tsFyg8zhynzc9poB8YR5-650-80.jpg.webp 650w, https:\/\/cdn.mos.cms.futurecdn.net\/v9tsFyg8zhynzc9poB8YR5-500-80.jpg.webp 500w, https:\/\/cdn.mos.cms.futurecdn.net\/v9tsFyg8zhynzc9poB8YR5-450-80.jpg.webp 450w, https:\/\/cdn.mos.cms.futurecdn.net\/v9tsFyg8zhynzc9poB8YR5-320-80.jpg.webp 320w\" sizes=\"(min-width: 900px) 925px, (min-width: 700px) 450px, calc(100vw - 48px)\" \/><\/div>\n<p><span class=\"custom-subheading-styles\">Women&#8217;s Cycling<\/span><span class=\"text-base text-black font-bold mx-0 my-2.5 p-0 block custom-text-styles\">Volta a Catalunya Feminas: Paula Blasi seals GC victory as Marianne Vos blasts to sprint win in Barcelona<\/span><\/div>\n<div class=\"relative recirc-feed sponsored-card min-h-[250px]\" data-recirc-id=\"article-river-stacked-ads:native-cards\" data-mrf-recirculation=\"article-river-ads\" data-nosnippet data-ad-slot-path=\"feed-sponsored-post\" data-attribute-device=\"all\">\n<div class=\"max-w-full sponsored-post--placeholder animate-pulse\">\n<div class=\"relative!\"><span class=\"text-base text-black font-bold mx-0 my-2.5 p-0 block bg-gray-100\">\u00a0<br \/>\u00a0<\/span><\/div>\n<\/div>\n<\/div>\n<\/div>\n<\/div>\n<\/aside>\n<aside class=\"w-full\" data-nosnippet data-mrf-recirculation=\"article-river-stacked\">\n<div data-recirc-id=\"article-river-stacked-solr:latest-category\">\n<div class=\"text-white py-4 px-3 mb-4 bg-[#333] uppercase font-bold custom-header-styles\">Latest in Women&#8217;s Cycling<\/div>\n<div class=\"grid grid-cols-1 gap-4 mt-4 mb-5\">\n<div>\n<div class=\"aspect-[var(--img-listing-aspect-ratio,16\/9)] relative mb-3.5\">\n    <source type=\"image\/webp\" srcset=\"https:\/\/cdn.mos.cms.futurecdn.net\/xz5gEu7yBu4E9KZWwpsbAi-840-80.jpg.webp 840w, https:\/\/cdn.mos.cms.futurecdn.net\/xz5gEu7yBu4E9KZWwpsbAi-650-80.jpg.webp 650w, https:\/\/cdn.mos.cms.futurecdn.net\/xz5gEu7yBu4E9KZWwpsbAi-500-80.jpg.webp 500w, https:\/\/cdn.mos.cms.futurecdn.net\/xz5gEu7yBu4E9KZWwpsbAi-450-80.jpg.webp 450w, https:\/\/cdn.mos.cms.futurecdn.net\/xz5gEu7yBu4E9KZWwpsbAi-320-80.jpg.webp 320w\" sizes=\"(min-width: 900px) 925px, (min-width: 700px) 450px, calc(100vw - 48px)\" \/><\/div>\n<p><span class=\"custom-subheading-styles\">Transfers<\/span><span class=\"text-base text-black font-bold mx-0 my-2.5 p-0 block custom-text-styles\">Shirin van Anrooij makes &#8216;bold switch&#8217; to Canyon-SRAM, with transfer to come into force before 2026 is over<\/span><\/div>\n<div class=\"relative recirc-feed sponsored-card min-h-[250px]\" data-recirc-id=\"article-river-stacked-ads:native-cards\" data-mrf-recirculation=\"article-river-ads\" data-nosnippet data-ad-slot-path=\"feed-sponsored-post\" data-attribute-device=\"all\">\n<div class=\"max-w-full sponsored-post--placeholder animate-pulse\">\n<div class=\"relative!\"><span class=\"text-base text-black font-bold mx-0 my-2.5 p-0 block bg-gray-100\">\u00a0<br \/>\u00a0<\/span><\/div>\n<\/div>\n<\/div>\n<div>\n<div class=\"aspect-[var(--img-listing-aspect-ratio,16\/9)] relative mb-3.5\">\n    <source type=\"image\/webp\" srcset=\"https:\/\/cdn.mos.cms.futurecdn.net\/iWrdmw2peqCWyxXa3WoJVc-840-80.jpg.webp 840w, https:\/\/cdn.mos.cms.futurecdn.net\/iWrdmw2peqCWyxXa3WoJVc-650-80.jpg.webp 650w, https:\/\/cdn.mos.cms.futurecdn.net\/iWrdmw2peqCWyxXa3WoJVc-500-80.jpg.webp 500w, https:\/\/cdn.mos.cms.futurecdn.net\/iWrdmw2peqCWyxXa3WoJVc-450-80.jpg.webp 450w, https:\/\/cdn.mos.cms.futurecdn.net\/iWrdmw2peqCWyxXa3WoJVc-320-80.jpg.webp 320w\" sizes=\"(min-width: 900px) 925px, (min-width: 700px) 450px, calc(100vw - 48px)\" \/><\/div>\n<p><span class=\"custom-subheading-styles\">Women&#8217;s Cycling<\/span><span class=\"text-base text-black font-bold mx-0 my-2.5 p-0 block custom-text-styles\">UCI Mountain Bike World Championships: Italy comes from behind to claim team relay<\/span><\/div>\n<div class=\"relative recirc-feed sponsored-card min-h-[250px]\" data-recirc-id=\"article-river-stacked-ads:native-cards\" data-mrf-recirculation=\"article-river-ads\" data-nosnippet data-ad-slot-path=\"feed-sponsored-post\" data-attribute-device=\"all\">\n<div class=\"max-w-full sponsored-post--placeholder animate-pulse\">\n<div class=\"relative!\"><span class=\"text-base text-black font-bold mx-0 my-2.5 p-0 block bg-gray-100\">\u00a0<br \/>\u00a0<\/span><\/div>\n<\/div>\n<\/div>\n<div>\n<div class=\"aspect-[var(--img-listing-aspect-ratio,16\/9)] relative mb-3.5\">\n    <source type=\"image\/webp\" srcset=\"https:\/\/cdn.mos.cms.futurecdn.net\/6nEGi3LHNPsKibQZtPpSgi-840-80.jpg.webp 840w, https:\/\/cdn.mos.cms.futurecdn.net\/6nEGi3LHNPsKibQZtPpSgi-650-80.jpg.webp 650w, https:\/\/cdn.mos.cms.futurecdn.net\/6nEGi3LHNPsKibQZtPpSgi-500-80.jpg.webp 500w, https:\/\/cdn.mos.cms.futurecdn.net\/6nEGi3LHNPsKibQZtPpSgi-450-80.jpg.webp 450w, https:\/\/cdn.mos.cms.futurecdn.net\/6nEGi3LHNPsKibQZtPpSgi-320-80.jpg.webp 320w\" sizes=\"(min-width: 900px) 925px, (min-width: 700px) 450px, calc(100vw - 48px)\" \/><\/div>\n<p><span class=\"custom-subheading-styles\">Women&#8217;s Cycling<\/span><span class=\"text-base text-black font-bold mx-0 my-2.5 p-0 block custom-text-styles\">Caroline Andersson joins AG Insurance-Soudal in major boost for Kim Le Court-Pienaar&#8217;s support squad \u2013 Analysis<\/span><\/div>\n<div class=\"relative recirc-feed sponsored-card min-h-[250px]\" data-recirc-id=\"article-river-stacked-ads:native-cards\" data-mrf-recirculation=\"article-river-ads\" data-nosnippet data-ad-slot-path=\"feed-sponsored-post\" data-attribute-device=\"all\">\n<div class=\"max-w-full sponsored-post--placeholder animate-pulse\">\n<div class=\"relative!\"><span class=\"text-base text-black font-bold mx-0 my-2.5 p-0 block bg-gray-100\">\u00a0<br \/>\u00a0<\/span><\/div>\n<\/div>\n<\/div>\n<div>\n<div class=\"aspect-[var(--img-listing-aspect-ratio,16\/9)] relative mb-3.5\">\n    <source type=\"image\/webp\" srcset=\"https:\/\/cdn.mos.cms.futurecdn.net\/DxNyktoGMPd4BiVQfiPj2h-840-80.jpg.webp 840w, https:\/\/cdn.mos.cms.futurecdn.net\/DxNyktoGMPd4BiVQfiPj2h-650-80.jpg.webp 650w, https:\/\/cdn.mos.cms.futurecdn.net\/DxNyktoGMPd4BiVQfiPj2h-500-80.jpg.webp 500w, https:\/\/cdn.mos.cms.futurecdn.net\/DxNyktoGMPd4BiVQfiPj2h-450-80.jpg.webp 450w, https:\/\/cdn.mos.cms.futurecdn.net\/DxNyktoGMPd4BiVQfiPj2h-320-80.jpg.webp 320w\" sizes=\"(min-width: 900px) 925px, (min-width: 700px) 450px, calc(100vw - 48px)\" \/><\/div>\n<p><span class=\"custom-subheading-styles\">Pro Cycling<\/span><span class=\"text-base text-black font-bold mx-0 my-2.5 p-0 block custom-text-styles\">Pedalling hard to realise the African dream \u2013 Team Amani&#8217;s two-year plan for a Tour de France Femmes start<\/span><\/div>\n<div class=\"relative recirc-feed sponsored-card min-h-[250px]\" data-recirc-id=\"article-river-stacked-ads:native-cards\" data-mrf-recirculation=\"article-river-ads\" data-nosnippet data-ad-slot-path=\"feed-sponsored-post\" data-attribute-device=\"all\">\n<div class=\"max-w-full sponsored-post--placeholder animate-pulse\">\n<div class=\"relative!\"><span class=\"text-base text-black font-bold mx-0 my-2.5 p-0 block bg-gray-100\">\u00a0<br \/>\u00a0<\/span><\/div>\n<\/div>\n<\/div>\n<div>\n<div class=\"aspect-[var(--img-listing-aspect-ratio,16\/9)] relative mb-3.5\">\n    <source type=\"image\/webp\" srcset=\"https:\/\/cdn.mos.cms.futurecdn.net\/mmzr2QzgBHE8tLaEtw7naV-840-80.jpg.webp 840w, https:\/\/cdn.mos.cms.futurecdn.net\/mmzr2QzgBHE8tLaEtw7naV-650-80.jpg.webp 650w, https:\/\/cdn.mos.cms.futurecdn.net\/mmzr2QzgBHE8tLaEtw7naV-500-80.jpg.webp 500w, https:\/\/cdn.mos.cms.futurecdn.net\/mmzr2QzgBHE8tLaEtw7naV-450-80.jpg.webp 450w, https:\/\/cdn.mos.cms.futurecdn.net\/mmzr2QzgBHE8tLaEtw7naV-320-80.jpg.webp 320w\" sizes=\"(min-width: 900px) 925px, (min-width: 700px) 450px, calc(100vw - 48px)\" \/><\/div>\n<p><span class=\"custom-subheading-styles\">Racing<\/span><span class=\"text-base text-black font-bold mx-0 my-2.5 p-0 block custom-text-styles\">Field building for far-flung 2026 UCI Gravel World Championships, key Life Time Grand Prix competitors among expected starters despite Little Sugar MTB clash<\/span><\/div>\n<div class=\"relative recirc-feed sponsored-card min-h-[250px]\" data-recirc-id=\"article-river-stacked-ads:native-cards\" data-mrf-recirculation=\"article-river-ads\" data-nosnippet data-ad-slot-path=\"feed-sponsored-post\" data-attribute-device=\"all\">\n<div class=\"max-w-full sponsored-post--placeholder animate-pulse\">\n<div class=\"relative!\"><span class=\"text-base text-black font-bold mx-0 my-2.5 p-0 block bg-gray-100\">\u00a0<br \/>\u00a0<\/span><\/div>\n<\/div>\n<\/div>\n<div>\n<div class=\"aspect-[var(--img-listing-aspect-ratio,16\/9)] relative mb-3.5\">\n    <source type=\"image\/webp\" srcset=\"https:\/\/cdn.mos.cms.futurecdn.net\/bTmsvr8367GggSQUKRr8wF-840-80.jpg.webp 840w, https:\/\/cdn.mos.cms.futurecdn.net\/bTmsvr8367GggSQUKRr8wF-650-80.jpg.webp 650w, https:\/\/cdn.mos.cms.futurecdn.net\/bTmsvr8367GggSQUKRr8wF-500-80.jpg.webp 500w, https:\/\/cdn.mos.cms.futurecdn.net\/bTmsvr8367GggSQUKRr8wF-450-80.jpg.webp 450w, https:\/\/cdn.mos.cms.futurecdn.net\/bTmsvr8367GggSQUKRr8wF-320-80.jpg.webp 320w\" sizes=\"(min-width: 900px) 925px, (min-width: 700px) 450px, calc(100vw - 48px)\" \/><\/div>\n<p><span class=\"custom-subheading-styles\">Racing<\/span><span class=\"text-base text-black font-bold mx-0 my-2.5 p-0 block custom-text-styles\">Hayley Preen and Alex Miller claim UCI Gravel World Series wins and African titles at Khomas100 for second year<\/span><\/div>\n<div class=\"relative recirc-feed sponsored-card min-h-[250px]\" data-recirc-id=\"article-river-stacked-ads:native-cards\" data-mrf-recirculation=\"article-river-ads\" data-nosnippet data-ad-slot-path=\"feed-sponsored-post\" data-attribute-device=\"all\">\n<div class=\"max-w-full sponsored-post--placeholder animate-pulse\">\n<div class=\"relative!\"><span class=\"text-base text-black font-bold mx-0 my-2.5 p-0 block bg-gray-100\">\u00a0<br \/>\u00a0<\/span><\/div>\n<\/div>\n<\/div>\n<\/div>\n<\/div>\n<\/aside>\n<aside class=\"w-full\" data-nosnippet data-mrf-recirculation=\"article-river-stacked\">\n<div data-recirc-id=\"article-river-stacked-solr:latest-articletype\">\n<div class=\"text-white py-4 px-3 mb-4 bg-[#333] uppercase font-bold custom-header-styles\">Latest in Race Results<\/div>\n<div class=\"grid grid-cols-1 gap-4 mt-4 mb-5\">\n<div>\n<div class=\"aspect-[var(--img-listing-aspect-ratio,16\/9)] relative mb-3.5\">\n    <source type=\"image\/webp\" srcset=\"https:\/\/cdn.mos.cms.futurecdn.net\/JQPxxd4howi7q4PWoJQcwR-840-80.jpg.webp 840w, https:\/\/cdn.mos.cms.futurecdn.net\/JQPxxd4howi7q4PWoJQcwR-650-80.jpg.webp 650w, https:\/\/cdn.mos.cms.futurecdn.net\/JQPxxd4howi7q4PWoJQcwR-500-80.jpg.webp 500w, https:\/\/cdn.mos.cms.futurecdn.net\/JQPxxd4howi7q4PWoJQcwR-450-80.jpg.webp 450w, https:\/\/cdn.mos.cms.futurecdn.net\/JQPxxd4howi7q4PWoJQcwR-320-80.jpg.webp 320w\" sizes=\"(min-width: 900px) 925px, (min-width: 700px) 450px, calc(100vw - 48px)\" \/><\/div>\n<p><span class=\"custom-subheading-styles\">Racing<\/span><span class=\"text-base text-black font-bold mx-0 my-2.5 p-0 block custom-text-styles\">UCI Mountain Bike World Championships: Rising Australian multi-discipline star Connor Wright takes junior men&#8217;s XCO title, Anja Grossmann wins women&#8217;s race<\/span><\/div>\n<div class=\"relative recirc-feed sponsored-card min-h-[250px]\" data-recirc-id=\"article-river-stacked-ads:native-cards\" data-mrf-recirculation=\"article-river-ads\" data-nosnippet data-ad-slot-path=\"feed-sponsored-post\" data-attribute-device=\"all\">\n<div class=\"max-w-full sponsored-post--placeholder animate-pulse\">\n<div class=\"relative!\"><span class=\"text-base text-black font-bold mx-0 my-2.5 p-0 block bg-gray-100\">\u00a0<br \/>\u00a0<\/span><\/div>\n<\/div>\n<\/div>\n<div>\n<div class=\"aspect-[var(--img-listing-aspect-ratio,16\/9)] relative mb-3.5\">\n    <source type=\"image\/webp\" srcset=\"https:\/\/cdn.mos.cms.futurecdn.net\/iWrdmw2peqCWyxXa3WoJVc-840-80.jpg.webp 840w, https:\/\/cdn.mos.cms.futurecdn.net\/iWrdmw2peqCWyxXa3WoJVc-650-80.jpg.webp 650w, https:\/\/cdn.mos.cms.futurecdn.net\/iWrdmw2peqCWyxXa3WoJVc-500-80.jpg.webp 500w, https:\/\/cdn.mos.cms.futurecdn.net\/iWrdmw2peqCWyxXa3WoJVc-450-80.jpg.webp 450w, https:\/\/cdn.mos.cms.futurecdn.net\/iWrdmw2peqCWyxXa3WoJVc-320-80.jpg.webp 320w\" sizes=\"(min-width: 900px) 925px, (min-width: 700px) 450px, calc(100vw - 48px)\" \/><\/div>\n<p><span class=\"custom-subheading-styles\">Women&#8217;s Cycling<\/span><span class=\"text-base text-black font-bold mx-0 my-2.5 p-0 block custom-text-styles\">UCI Mountain Bike World Championships: Italy comes from behind to claim team relay<\/span><\/div>\n<div class=\"relative recirc-feed sponsored-card min-h-[250px]\" data-recirc-id=\"article-river-stacked-ads:native-cards\" data-mrf-recirculation=\"article-river-ads\" data-nosnippet data-ad-slot-path=\"feed-sponsored-post\" data-attribute-device=\"all\">\n<div class=\"max-w-full sponsored-post--placeholder animate-pulse\">\n<div class=\"relative!\"><span class=\"text-base text-black font-bold mx-0 my-2.5 p-0 block bg-gray-100\">\u00a0<br \/>\u00a0<\/span><\/div>\n<\/div>\n<\/div>\n<div>\n<div class=\"aspect-[var(--img-listing-aspect-ratio,16\/9)] relative mb-3.5\">\n    <source type=\"image\/webp\" srcset=\"https:\/\/cdn.mos.cms.futurecdn.net\/9sqBzRkwisJPPBDsYsLQ69-840-80.jpg.webp 840w, https:\/\/cdn.mos.cms.futurecdn.net\/9sqBzRkwisJPPBDsYsLQ69-650-80.jpg.webp 650w, https:\/\/cdn.mos.cms.futurecdn.net\/9sqBzRkwisJPPBDsYsLQ69-500-80.jpg.webp 500w, https:\/\/cdn.mos.cms.futurecdn.net\/9sqBzRkwisJPPBDsYsLQ69-450-80.jpg.webp 450w, https:\/\/cdn.mos.cms.futurecdn.net\/9sqBzRkwisJPPBDsYsLQ69-320-80.jpg.webp 320w\" sizes=\"(min-width: 900px) 925px, (min-width: 700px) 450px, calc(100vw - 48px)\" \/><\/div>\n<p><span class=\"custom-subheading-styles\">Racing<\/span><span class=\"text-base text-black font-bold mx-0 my-2.5 p-0 block custom-text-styles\">Vuelta a Espa\u00f1a: Matthew Brennan sprints to second win on stage 5 as late climb fails to drop sprinter<\/span><\/div>\n<div class=\"relative recirc-feed sponsored-card min-h-[250px]\" data-recirc-id=\"article-river-stacked-ads:native-cards\" data-mrf-recirculation=\"article-river-ads\" data-nosnippet data-ad-slot-path=\"feed-sponsored-post\" data-attribute-device=\"all\">\n<div class=\"max-w-full sponsored-post--placeholder animate-pulse\">\n<div class=\"relative!\"><span class=\"text-base text-black font-bold mx-0 my-2.5 p-0 block bg-gray-100\">\u00a0<br \/>\u00a0<\/span><\/div>\n<\/div>\n<\/div>\n<div>\n<div class=\"aspect-[var(--img-listing-aspect-ratio,16\/9)] relative mb-3.5\">\n    <source type=\"image\/webp\" srcset=\"https:\/\/cdn.mos.cms.futurecdn.net\/tf8RrZuK52EMrdpV8uSW39-840-80.jpg.webp 840w, https:\/\/cdn.mos.cms.futurecdn.net\/tf8RrZuK52EMrdpV8uSW39-650-80.jpg.webp 650w, https:\/\/cdn.mos.cms.futurecdn.net\/tf8RrZuK52EMrdpV8uSW39-500-80.jpg.webp 500w, https:\/\/cdn.mos.cms.futurecdn.net\/tf8RrZuK52EMrdpV8uSW39-450-80.jpg.webp 450w, https:\/\/cdn.mos.cms.futurecdn.net\/tf8RrZuK52EMrdpV8uSW39-320-80.jpg.webp 320w\" sizes=\"(min-width: 900px) 925px, (min-width: 700px) 450px, calc(100vw - 48px)\" \/><\/div>\n<p><span class=\"custom-subheading-styles\">Racing<\/span><span class=\"text-base text-black font-bold mx-0 my-2.5 p-0 block custom-text-styles\">Vuelta a Espa\u00f1a: Tadej Poga\u010dar twists the knife with 50km solo raid in Andorra to win stage 4<\/span><\/div>\n<div class=\"relative recirc-feed sponsored-card min-h-[250px]\" data-recirc-id=\"article-river-stacked-ads:native-cards\" data-mrf-recirculation=\"article-river-ads\" data-nosnippet data-ad-slot-path=\"feed-sponsored-post\" data-attribute-device=\"all\">\n<div class=\"max-w-full sponsored-post--placeholder animate-pulse\">\n<div class=\"relative!\"><span class=\"text-base text-black font-bold mx-0 my-2.5 p-0 block bg-gray-100\">\u00a0<br \/>\u00a0<\/span><\/div>\n<\/div>\n<\/div>\n<div>\n<div class=\"aspect-[var(--img-listing-aspect-ratio,16\/9)] relative mb-3.5\">\n    <source type=\"image\/webp\" srcset=\"https:\/\/cdn.mos.cms.futurecdn.net\/bTmsvr8367GggSQUKRr8wF-840-80.jpg.webp 840w, https:\/\/cdn.mos.cms.futurecdn.net\/bTmsvr8367GggSQUKRr8wF-650-80.jpg.webp 650w, https:\/\/cdn.mos.cms.futurecdn.net\/bTmsvr8367GggSQUKRr8wF-500-80.jpg.webp 500w, https:\/\/cdn.mos.cms.futurecdn.net\/bTmsvr8367GggSQUKRr8wF-450-80.jpg.webp 450w, https:\/\/cdn.mos.cms.futurecdn.net\/bTmsvr8367GggSQUKRr8wF-320-80.jpg.webp 320w\" sizes=\"(min-width: 900px) 925px, (min-width: 700px) 450px, calc(100vw - 48px)\" \/><\/div>\n<p><span class=\"custom-subheading-styles\">Racing<\/span><span class=\"text-base text-black font-bold mx-0 my-2.5 p-0 block custom-text-styles\">Hayley Preen and Alex Miller claim UCI Gravel World Series wins and African titles at Khomas100 for second year<\/span><\/div>\n<div class=\"relative recirc-feed sponsored-card min-h-[250px]\" data-recirc-id=\"article-river-stacked-ads:native-cards\" data-mrf-recirculation=\"article-river-ads\" data-nosnippet data-ad-slot-path=\"feed-sponsored-post\" data-attribute-device=\"all\">\n<div class=\"max-w-full sponsored-post--placeholder animate-pulse\">\n<div class=\"relative!\"><span class=\"text-base text-black font-bold mx-0 my-2.5 p-0 block bg-gray-100\">\u00a0<br \/>\u00a0<\/span><\/div>\n<\/div>\n<\/div>\n<div>\n<div class=\"aspect-[var(--img-listing-aspect-ratio,16\/9)] relative mb-3.5\">\n    <source type=\"image\/webp\" srcset=\"https:\/\/cdn.mos.cms.futurecdn.net\/PAzoFkYa8jJSKtzef7YjQc-840-80.jpg.webp 840w, https:\/\/cdn.mos.cms.futurecdn.net\/PAzoFkYa8jJSKtzef7YjQc-650-80.jpg.webp 650w, https:\/\/cdn.mos.cms.futurecdn.net\/PAzoFkYa8jJSKtzef7YjQc-500-80.jpg.webp 500w, https:\/\/cdn.mos.cms.futurecdn.net\/PAzoFkYa8jJSKtzef7YjQc-450-80.jpg.webp 450w, https:\/\/cdn.mos.cms.futurecdn.net\/PAzoFkYa8jJSKtzef7YjQc-320-80.jpg.webp 320w\" sizes=\"(min-width: 900px) 925px, (min-width: 700px) 450px, calc(100vw - 48px)\" \/><\/div>\n<p><span class=\"custom-subheading-styles\">Racing<\/span><span class=\"text-base text-black font-bold mx-0 my-2.5 p-0 block custom-text-styles\">Toki Sawada and Shu Wei Hsu claim first UCI Gravel World Series race in Japan<\/span><\/div>\n<div class=\"relative recirc-feed sponsored-card min-h-[250px]\" data-recirc-id=\"article-river-stacked-ads:native-cards\" data-mrf-recirculation=\"article-river-ads\" data-nosnippet data-ad-slot-path=\"feed-sponsored-post\" data-attribute-device=\"all\">\n<div class=\"max-w-full sponsored-post--placeholder animate-pulse\">\n<div class=\"relative!\"><span class=\"text-base text-black font-bold mx-0 my-2.5 p-0 block bg-gray-100\">\u00a0<br \/>\u00a0<\/span><\/div>\n<\/div>\n<\/div>\n<\/div>\n<\/div>\n<\/aside>\n<\/section>\n<\/div>\n<\/div>\n<\/div>\n<div id=\"widgetArea17\" class=\"widget-area md:basis-1\/3 widget-area-g-md-vp-1-3 widget-area-g-lg-vp-1-3 widget-area-g-xl-vp-1-3 page-widget-area-17\">\n<div data-widget-type=\"dynamic\" id=\"popular-data\" class=\"clear-both widget widget-dynamic widget-popular-data widget-dynamic-popular-data widget-dynamic-fter-popular-box\">\n<div class=\"wdn-fte-pb pos-relative space-t20\n\"><\/p>\n<div class=\"slice-container popular-box-slice\">\n<section class=\"popular-box\" data-component-name=\"Slice:PopularBox\">\n<div class=\"popular-box__label\">\n<div class=\"popular-box__label__tab popular-box__label__tab--active\" role=\"heading\">\nLATEST ARTICLES\n<\/div>\n<\/div>\n<ol class=\"popular-box__articles-list popular-box__articles-list--active\">\n<li class=\"popular-box__article-list\">\n<div class=\"popular-box__article-list__container\">\n<div class=\"popular-box__article-list__image-wrapper\">\n<div>\n<source type=\"image\/webp\" srcset=\"https:\/\/cdn.mos.cms.futurecdn.net\/SyQVzG9aSiFNF9eeLPRwj4-1280-80.jpg.webp 1280w, https:\/\/cdn.mos.cms.futurecdn.net\/SyQVzG9aSiFNF9eeLPRwj4-720-80.jpg.webp 720w, https:\/\/cdn.mos.cms.futurecdn.net\/SyQVzG9aSiFNF9eeLPRwj4-640-80.jpg.webp 640w, https:\/\/cdn.mos.cms.futurecdn.net\/SyQVzG9aSiFNF9eeLPRwj4-320-80.jpg.webp 320w\" sizes=\"99vw\" \/><\/div>\n<\/div>\n<div class=\"popular-box__article-list__content\">\n<div class=\"popular-box__article-list__number-text\">1<\/div>\n<div class=\"popular-box__article-list__heading\">\n<p>Josh Tarling abandons the Vuelta a Espa\u00f1a during stage 6<\/p>\n<\/div>\n<\/div>\n<\/div>\n<\/li>\n<li class=\"popular-box__article-list\">\n<div class=\"popular-box__article-list__container\">\n<div class=\"popular-box__article-list__content\">\n<div class=\"popular-box__article-list__number-text\">2<\/div>\n<div class=\"popular-box__article-list__heading\">\n<p>&#8216;Heartbroken&#8217; Chad Haga says his career is over after a heavy crash in training<\/p>\n<\/div>\n<\/div>\n<\/div>\n<\/li>\n<li class=\"popular-box__article-list\">\n<div class=\"popular-box__article-list__container\">\n<div class=\"popular-box__article-list__content\">\n<div class=\"popular-box__article-list__number-text\">3<\/div>\n<div class=\"popular-box__article-list__heading\">\n<p>UCI Mountain Bike World Championships: Rising Australian multi-discipline star Connor Wright takes junior men&#8217;s XCO title, Anja Grossmann wins women&#8217;s race<\/p>\n<\/div>\n<\/div>\n<\/div>\n<\/li>\n<li class=\"popular-box__article-list\">\n<div class=\"popular-box__article-list__container\">\n<div class=\"popular-box__article-list__content\">\n<div class=\"popular-box__article-list__number-text\">4<\/div>\n<div class=\"popular-box__article-list__heading\">\n<p>Hope for Lapierre as court decision gives French bike manufacturer &#8216;the right and the time to fight&#8217;<\/p>\n<\/div>\n<\/div>\n<\/div>\n<\/li>\n<li class=\"popular-box__article-list\">\n<div class=\"popular-box__article-list__container\">\n<div class=\"popular-box__article-list__content\">\n<div class=\"popular-box__article-list__number-text\">5<\/div>\n<div class=\"popular-box__article-list__heading\">\n<p>&#8216;I&#8217;m not like Poga\u010dar&#8217; \u2013 Wout van Aert happy in support role at Vuelta a Espa\u00f1a but wants his sunglasses back<\/p>\n<\/div>\n<\/div>\n<\/div>\n<\/li>\n<\/ol>\n<\/section>\n<\/div>\n<\/div>\n<\/div>\n<\/div>\n<\/div>\n<\/article>\n<div class=\"news-article\">\n<header data-component-name=\"Article:Hero\">\n<nav class=\"breadcrumb\" aria-label=\"Breadcrumbs\">\n<ol>\n<li>\nPro Cycling\n<\/li>\n<li>\nRacing\n<\/li>\n<li>\nWomen&#8217;s Cycling\n<\/li>\n<li>\nRoad\n<\/li>\n<li>\nKreiz Breizh Elites F\u00e9minin\n<\/li>\n<\/ol>\n<\/nav>\n<h1>Kreiz Breizh F\u00e9minin: Loes Adegeest victorious on &#8216;a brutal course&#8217; out sprinting the late breakaway to take a first win of 2026<\/h1>\n<div class=\"byline-social\">\n<div class=\"vds-byline-block flex flex-row flex-nowrap my-1.5 gap-2 text-left items-start justify-start\" data-component-name=\"Article:BylineBlock\">\n<p>Race Results<\/p>\n<div class=\"my-auto vds-simple-byline\"><span class=\"inline-block vds-author\"><br \/>\nBy<br \/>\nLaura Weislo <\/span><\/p>\n<div class=\"flex gap-1 vds-byline-with-avatar__meta\"><span class=\"vds-date block font-normal tracking-normal normal-case text-xs\"><br \/>\nPublished<br \/>\n<time data-component-name=\"UI:DateTime\" datetime=\"2026-08-27T14:25:21Z\" class=\"relative-date\"><br \/>\n27 August 2026<br \/>\n<\/time><\/span><\/div>\n<\/div>\n<\/div>\n<p class=\"strapline\">Sarah Van Dam places second with Mavi Garc\u00eda in third<\/p>\n<\/div>\n<aside class=\"text-gray-700 flex items-center mx-0 my-5 p-0 justify-start text-left\" id=\"affiliate-disclaimer\" data-component-name=\"AffiliateDisclaimer\" data-hawk-message=\"Affiliate disclaimer removed because hawk deemed there are no affiliate links on this page\">\n<p class=\"text-[color:var(--affiliate-disclaimer--text-color,inherit)] mb-2 text-[length:var(--affiliate-disclaimer--font-size,0.75rem)] leading-[18px] md:text-[13px] [&amp;&gt;a]:text-inherit [&amp;&gt;a]:underline\">\nWhen you purchase through links on our site, we may earn an affiliate commission. Here\u2019s how it works.\n<\/p>\n<\/aside>\n<\/header>\n<\/div>\n<div id=\"article-body\" class=\"text-copy bodyCopy auto paywall-locker\">\n<div data-analytics-id=\"utility-bar\" id=\"utility-bar\" class=\"font-ui-heading flex justify-between items-center py-2 border-t border-b border-gray-300 border-solid mb-5 mx-auto\" data-component-name=\"UtilityBar\" data-mrf-recirculation=\"utility-bar\">\n<div class=\"flex gap-2 text-[#333] subcontainer\">\n<div class=\"relative tooltip-container\" role=\"tooltip\">\n<div data-component-name=\"Social:Dropdown\" role=\"menu\" id=\"utilitybar__dropdown--share\" aria-labelledby=\"utilitybar__button--share\" class=\"absolute left-0 top-full w-44 bg-white rounded-md shadow-md border border-neutral-200 z-[9996] list-none m-0 py-2 px-3 border-solid\">\n<ul class=\"m-0!\">\n<li class=\"!p-0 !m-0 list-none border-b border-gray-200 border-solid\">\n<li class=\"!p-0 !m-0 list-none border-b border-gray-200 border-solid\">\n<p>Facebook<\/p>\n<\/li>\n<li class=\"!p-0 !m-0 list-none border-b border-gray-200 border-solid\">\n<p>X<\/p>\n<\/li>\n<li class=\"!p-0 !m-0 list-none border-b border-gray-200 border-solid\">\n<p>Pinterest<\/p>\n<\/li>\n<li class=\"!p-0 !m-0 list-none border-b border-gray-200 border-solid\">\n<p>Email<\/p>\n<\/li>\n<\/ul>\n<\/div>\n<div class=\"font-ui-heading max-sm:hidden tooltip absolute left-1\/2 bg-gray-900 text-white text-xs leading-none px-3 py-1.5 rounded-md z-[10001] whitespace-nowrap\" id=\"tooltip-share-this-article\" role=\"tooltip\" aria-hidden=\"true\">\nShare this article\n<\/div>\n<\/div>\n<div class=\"relative tooltip-container\" role=\"tooltip\"><span class=\"ml-1 inline-flex h-5 px-2 shrink-0 items-center justify-center self-center overflow-hidden whitespace-nowrap rounded-[10px] bg-primary-500 text-[11px] leading-none font-ui-heading font-semibold text-white\">0<\/span><\/p>\n<div class=\"font-ui-heading max-sm:hidden tooltip absolute left-1\/2 bg-gray-900 text-white text-xs leading-none px-3 py-1.5 rounded-md z-[10001] whitespace-nowrap\" id=\"tooltip-join-the-conversation\" role=\"tooltip\" aria-hidden=\"true\">\nJoin the conversation\n<\/div>\n<\/div>\n<\/div>\n<div class=\"flex gap-2 text-[#333] subcontainer\">\n<div class=\"relative tooltip-container\" role=\"tooltip\">\n<p>Follow us<\/p>\n<div class=\"font-ui-heading max-sm:hidden tooltip absolute left-1\/2 bg-gray-900 text-white text-xs leading-none px-3 py-1.5 rounded-md z-[10001] whitespace-nowrap\" id=\"tooltip-add-us-as-a-preferred-source-on-google\" role=\"tooltip\" aria-hidden=\"true\">\nAdd us as a preferred source on Google\n<\/div>\n<\/div>\n<div class=\"relative tooltip-container\" role=\"tooltip\">\n<div class=\"font-ui-heading max-sm:hidden tooltip absolute left-1\/2 bg-gray-900 text-white text-xs leading-none px-3 py-1.5 rounded-md z-[10001] whitespace-nowrap\" id=\"tooltip-subscribe-to-our-newsletter\" role=\"tooltip\" aria-hidden=\"true\">\nSubscribe to our newsletter\n<\/div>\n<\/div>\n<\/div>\n<\/div>\n<p id=\"elk-0a60195a-a219-11f1-b628-bb2676e772bb\">Loes Adegeest (Lidl-Trek) claimed an emphatic victory in the UCI 1.1 Kreiz Breizh Elites F\u00e9minin in a highly tactical finale in Callac. The Dutch rider out-sprinted Sarah Van Dam (Visma-Lease a Bike) and Mavi Garcia (UAE Team l&#8217;IMAD) from a four-rider breakaway.<\/p>\n<p>World Champion Magdeleine Vallieres (EF Education-Oatly) was fourth.<\/p>\n<p>A breakaway of eight riders escaped in the first hour of racing, with Idoia Eraso (Laboral Kutxa &#8211; Fundaci\u00f3n Euskadi), Ma\u00e9va Plagniol (Tenvels Le D\u00e9voluy), Lilou Jauvin (Mayenne Monbana My Pie), L\u00e9onie Mahieu (Lanester Women Morbihan), Martha Stokkeland (Torelli), Sophie von Berswordt (VolkerWessels Cycling Team), Laury Milette (Team Abadie Magnan), and Giorgia Vettorello (Tenvels Le D\u00e9voluy) in the move.<\/p>\n<p>However, the escapees struggled to gain more than one minute on the peloton over the constantly undulating terrain. Not long after the move was established, half of the riders lost contact with Plagniol, Jauvin, Mahieu and Stokkeland dropped with 89km to go.<\/p>\n<p>The remaining four held a small advantage on the peloton until Eraso attacked with 49km to go, eventually distancing Von Berswordt, Milette and Vettorello, but she too was caught with 37km to go as the race entered the six finishing circuits.<\/p>\n<p>Garcia began the aggression with 33km to go, and was briefly joined by L\u00e9a Stern (Ma Petite Entreprise) but after the Swiss rider lost contact, two riders bridged across: Margot Vanpachtenbeke (Lidl &#8211; Trek) and Caroline Andersson (Liv AlUla Jayco).<\/p>\n<p>Again, the gaps remained small between the leaders and an ever-shrinking chase, and with 12km to go, a dozen riders came together at the head of the race.<\/p>\n<p>The ever-aggressive Garcia launched an attack at the bell lap, joined by Adegeest, Vallieres and Van Dam, but had used up most of her arsenal and could not match the Dutch rider&#8217;s speed.<\/p>\n<p>Agegeest has been active and aggressive throughout a series of one day races this month.<\/p>\n<p id=\"elk-0a60195a-a219-11f1-b628-bb2676e772bb-2\" aria-hidden=\"true\" class=\"kiosq-b\">&#8220;It&#8217;s a brutal course,&#8221; Adegeest said. &#8220;This race has been a goal for me since I saw it on my calendar. So I was really happy that the good feeling returned this week.&#8221;<\/p>\n<div class=\"my-6 w-full overflow-hidden rounded-[10px] lg:my-8\" data-component-name=\"JwPlayer:Carousel\" data-jwp-carousel data-jwp-carousel-payload=\"{&quot;ids&quot;:{&quot;playerID&quot;:&quot;jYDCcabO&quot;,&quot;searchPlaylistID&quot;:&quot;gwjdoYHD&quot;,&quot;divID&quot;:&quot;botr_gwjdoYHD_jYDCcabO_div&quot;,&quot;fallbackPlaylistID&quot;:&quot;gwjdoYHD&quot;,&quot;fallbackDivID&quot;:&quot;botr_gwjdoYHD_jYDCcabO_div&quot;,&quot;key&quot;:&quot;X9\/mXVGac0NphghLH9hZaqWA5d3dhAM\/Ih07grnEyMLjuO2E&quot;,&quot;tintLogo&quot;:true,&quot;useSearchPlaylist&quot;:false,&quot;enabled&quot;:true},&quot;signPostingEnabled&quot;:true,&quot;signPostingLinkEnabled&quot;:true,&quot;waitForAdLoad&quot;:false,&quot;hidePlayerOnDesktop&quot;:false,&quot;hidePlayerOnMobile&quot;:false,&quot;hidePlayerOnTablet&quot;:false}\">\n<div class=\"flex flex-nowrap items-center justify-between gap-3 bg-zinc-900 px-[14px] py-3\" data-jwp-carousel-header>\n<div class=\"flex min-w-0 shrink items-center\"><span class=\"inline-flex items-center gap-1.5 text-sm font-article-heading capitalize leading-5 text-white whitespace-nowrap\"><span class=\"jwp-carousel-title-desktop\">Latest Videos From<\/span><span class=\"jwp-carousel-brand\">Cyclingnews<\/span><\/span><\/div>\n<\/div>\n<div class=\"min-h-[44px] bg-zinc-900 px-[14px] py-3\" data-jwp-carousel-signposting><a class=\"invisible block truncate text-sm font-bold leading-5 text-white underline decoration-solid underline-offset-2\" data-jwp-carousel-signposting-link href target=\"_blank\" rel=\"noopener noreferrer\"><span data-jwp-carousel-signposting-title>Watch full video here: <\/span><\/a><\/div>\n<\/div>\n<h2 id=\"results-3\" aria-hidden=\"true\" class=\"kiosq-b\">Results<\/h2>\n<div class=\"slice-container table-wrapper slice-container-table kiosq-b\" data-component-name=\"Slice:Table\" id=\"elk-5cf47232-a224-11f1-9e46-27c785cf0994\" aria-hidden=\"true\">\n<div class=\"table__instruction\">\nSwipe to scroll horizontally<\/p>\n<\/div>\n<div class=\"table__container\">\n<table tabindex=\"0\" class=\"table__wrapper table__wrapper--inbodyContent table__wrapper--sticky table__wrapper--divider\">\n<thead class=\"table__head\">\n<tr class=\"table__head__row\">\n<th class=\"table__head__heading table__head__heading--left\" colspan=\"1\">\n<p>Position<\/p>\n<\/th>\n<th class=\"table__head__heading table__head__heading--left\" colspan=\"1\">\n<p>Rider (Country) Team<\/p>\n<\/th>\n<th class=\"table__head__heading table__head__heading--left\" colspan=\"1\">\n<p>Time Gap<\/p>\n<\/th>\n<\/tr>\n<\/thead>\n<tbody class=\"table__body\">\n<tr class=\"table__body__row\">\n<td class=\"table_body__data\" colspan=\"1\">\n<p>1<\/p>\n<\/td>\n<td class=\"table_body__data\" colspan=\"1\">\n<p>Loes Adegeest (Ned) Lidl-Trek<\/p>\n<\/td>\n<td class=\"table_body__data\" colspan=\"1\">\n<p>3:37:57<\/p>\n<\/td>\n<\/tr>\n<tr class=\"table__body__row\">\n<td class=\"table_body__data\" colspan=\"1\">\n<p>2<\/p>\n<\/td>\n<td class=\"table_body__data\" colspan=\"1\">\n<p>Margarita Victoria Garcia Ca\u00f1ellas (Spa) UAE Team ADQ<\/p>\n<\/td>\n<td class=\"table_body__data\" colspan=\"1\"><span class=\"sr-only\">Row 1 &#8211; Cell 2 <\/span><\/td>\n<\/tr>\n<tr class=\"table__body__row\">\n<td class=\"table_body__data\" colspan=\"1\">\n<p>3<\/p>\n<\/td>\n<td class=\"table_body__data\" colspan=\"1\">\n<p>Sarah Van Dam (Can) Visma-Lease a Bike<\/p>\n<\/td>\n<td class=\"table_body__data\" colspan=\"1\"><span class=\"sr-only\">Row 2 &#8211; Cell 2 <\/span><\/td>\n<\/tr>\n<tr class=\"table__body__row\">\n<td class=\"table_body__data\" colspan=\"1\">\n<p>4<\/p>\n<\/td>\n<td class=\"table_body__data\" colspan=\"1\">\n<p>Magdeleine Vallieres Mill (Can) EF Education-Oatly<\/p>\n<\/td>\n<td class=\"table_body__data\" colspan=\"1\"><span class=\"sr-only\">Row 3 &#8211; Cell 2 <\/span><\/td>\n<\/tr>\n<tr class=\"table__body__row\">\n<td class=\"table_body__data\" colspan=\"1\">\n<p>5<\/p>\n<\/td>\n<td class=\"table_body__data\" colspan=\"1\">\n<p>Cl\u00e9mence Latimier (Fra) Ma Petite Entreprise<\/p>\n<\/td>\n<td class=\"table_body__data\" colspan=\"1\">\n<p>0:00:39<\/p>\n<\/td>\n<\/tr>\n<tr class=\"table__body__row\">\n<td class=\"table_body__data\" colspan=\"1\">\n<p>6<\/p>\n<\/td>\n<td class=\"table_body__data\" colspan=\"1\">\n<p>Karlijn Swinkels (Ned) UAE Team ADQ<\/p>\n<\/td>\n<td class=\"table_body__data\" colspan=\"1\">\n<p>0:00:55<\/p>\n<\/td>\n<\/tr>\n<tr class=\"table__body__row\">\n<td class=\"table_body__data\" colspan=\"1\">\n<p>7<\/p>\n<\/td>\n<td class=\"table_body__data\" colspan=\"1\">\n<p>Margot Vanpachtenbeke (Bel) Lidl-Trek<\/p>\n<\/td>\n<td class=\"table_body__data\" colspan=\"1\"><span class=\"sr-only\">Row 6 &#8211; Cell 2 <\/span><\/td>\n<\/tr>\n<tr class=\"table__body__row\">\n<td class=\"table_body__data\" colspan=\"1\">\n<p>8<\/p>\n<\/td>\n<td class=\"table_body__data\" colspan=\"1\">\n<p>Eleonora Camilla Gasparrini (Ita) UAE Team ADQ<\/p>\n<\/td>\n<td class=\"table_body__data\" colspan=\"1\"><span class=\"sr-only\">Row 7 &#8211; Cell 2 <\/span><\/td>\n<\/tr>\n<tr class=\"table__body__row\">\n<td class=\"table_body__data\" colspan=\"1\">\n<p>9<\/p>\n<\/td>\n<td class=\"table_body__data\" colspan=\"1\">\n<p>Caroline Andersson (Swe) Liv AlUla Jayco<\/p>\n<\/td>\n<td class=\"table_body__data\" colspan=\"1\"><span class=\"sr-only\">Row 8 &#8211; Cell 2 <\/span><\/td>\n<\/tr>\n<tr class=\"table__body__row\">\n<td class=\"table_body__data\" colspan=\"1\">\n<p>10<\/p>\n<\/td>\n<td class=\"table_body__data\" colspan=\"1\">\n<p>Noemi R\u00fcegg (Swi) EF Education-Oatly<\/p>\n<\/td>\n<td class=\"table_body__data\" colspan=\"1\"><span class=\"sr-only\">Row 9 &#8211; Cell 2 <\/span><\/td>\n<\/tr>\n<\/tbody>\n<\/table>\n<\/div>\n<\/div>\n<div id=\"slice-container-newsletterForm-articleInbodyContent-6eARVQx5459tkZxaP7wJr3\" class=\"slice-container newsletter-inbodyContent-slice newsletterForm-articleInbodyContent-6eARVQx5459tkZxaP7wJr3 slice-container-newsletterForm\">\n<div data-hydrate=\"true\" class=\"newsletter-form__wrapper newsletter-form__wrapper--inbodyContent\">\n<div class=\"newsletter-form__container\">\n<section class=\"newsletter-form__top-bar\">\n<div class=\"newsletter-form__header\">Get The Leadout Newsletter<\/div>\n<\/section>\n<section class=\"newsletter-form__main-section\">\n<p class=\"newsletter-form__strapline\">The latest race content, interviews, features, reviews and expert buying guides, direct to your inbox!<\/p>\n<footer class=\"newsletter-form__footer \">By submitting your information you agree to the Terms &amp; Conditions and Privacy Policy and are aged 16 or over.<\/footer>\n<\/section>\n<\/div>\n<\/div>\n<\/div>\n<\/div>\n<p>[analyse_source url=&#8221;https:\/\/www.cyclingnews.com\/pro-cycling\/racing\/kreiz-breizh-feminin-loes-adegeest-out-sprints-the-late-breakaway-to-take-a-first-win-of-2026\/&#8221;]<\/p>\n","protected":false},"excerpt":{"rendered":"<p>[analyse_image type=&#8221;featured&#8221; src=&#8221;https:\/\/cdn.mos.cms.futurecdn.net\/UEDpMSrbnELU5BTMTafrh3-1024-80.jpg&#8221;] 1 Tour of Britain Women: Kim Le Court-Pienaar soars to spectacular victory atop The Great Orme on stage 3 2 Tour of Britain Women: Kim Le Court-Pienaar claims overall title as unstoppable Lorena Wiebes takes fourth victory in stage 5 finale 3 Tour of Britain Women: Lorena Wiebes claims hard-fought hat trick [&hellip;]<\/p>\n","protected":false},"author":1,"featured_media":0,"comment_status":"open","ping_status":"","sticky":false,"template":"","format":"standard","meta":{"footnotes":""},"categories":[2],"tags":[226,68],"class_list":["post-2115276","post","type-post","status-publish","format-standard","hentry","category-politics","tag-crawlmanager","tag-cyclingnews-com"],"_links":{"self":[{"href":"https:\/\/analyse.optim.biz\/index.php?rest_route=\/wp\/v2\/posts\/2115276","targetHints":{"allow":["GET"]}}],"collection":[{"href":"https:\/\/analyse.optim.biz\/index.php?rest_route=\/wp\/v2\/posts"}],"about":[{"href":"https:\/\/analyse.optim.biz\/index.php?rest_route=\/wp\/v2\/types\/post"}],"author":[{"embeddable":true,"href":"https:\/\/analyse.optim.biz\/index.php?rest_route=\/wp\/v2\/users\/1"}],"replies":[{"embeddable":true,"href":"https:\/\/analyse.optim.biz\/index.php?rest_route=%2Fwp%2Fv2%2Fcomments&post=2115276"}],"version-history":[{"count":0,"href":"https:\/\/analyse.optim.biz\/index.php?rest_route=\/wp\/v2\/posts\/2115276\/revisions"}],"wp:attachment":[{"href":"https:\/\/analyse.optim.biz\/index.php?rest_route=%2Fwp%2Fv2%2Fmedia&parent=2115276"}],"wp:term":[{"taxonomy":"category","embeddable":true,"href":"https:\/\/analyse.optim.biz\/index.php?rest_route=%2Fwp%2Fv2%2Fcategories&post=2115276"},{"taxonomy":"post_tag","embeddable":true,"href":"https:\/\/analyse.optim.biz\/index.php?rest_route=%2Fwp%2Fv2%2Ftags&post=2115276"}],"curies":[{"name":"wp","href":"https:\/\/api.w.org\/{rel}","templated":true}]}}