{"id":2115137,"date":"2026-08-27T21:00:00","date_gmt":"2026-08-27T18:00:00","guid":{"rendered":"https:\/\/analyse.optim.biz\/?p=2115137"},"modified":"2026-08-27T21:00:00","modified_gmt":"2026-08-27T18:00:00","slug":"barbat-din-marasesti-salvat-de-echipajele-saj-vrancea-dupa-30-de-minute-de-lupta-intensa-inima-barbatului-a-reinceput-sa-bata","status":"publish","type":"post","link":"https:\/\/analyse.optim.biz\/?p=2115137","title":{"rendered":"B\u0103rbat din M\u0103r\u0103\u0219e\u0219ti, salvat de echipajele SAJ Vrancea. \u201eDup\u0103 30 de minute de lupt\u0103 intens\u0103, inima b\u0103rbatului a re\u00eenceput s\u0103 bat\u0103\u201d"},"content":{"rendered":"<p>[analyse_image type=&#8221;featured&#8221; src=&#8221;https:\/\/www.monitoruldevrancea.ro\/wp-content\/uploads\/2026\/08\/saj.jpg&#8221;]<\/p>\n<div class=\"td_block_wrap tdb_single_content tdi_123 td-pb-border-top td_block_template_1 td-post-content tagdiv-type\" data-td-block-uid=\"tdi_123\">\n<div class=\"tdb-block-inner td-fix-index\">\n<p><strong>Facebook \/ Serviciul de Ambulanta Judetean Vrancea:<\/strong><\/p>\n<p>O NOU\u0102 \u0218ANS\u0102 LA VIA\u021a\u0102!<\/p>\n<p>B\u0103rbat din M\u0103r\u0103\u0219e\u0219ti, salvat din ghearele mor\u021bii. Meseria de salvator nu este doar o profesie, este o lupt\u0103 continu\u0103 pentru via\u021b\u0103. Substa\u021biile noastre lucreaz\u0103 ne\u00eencetat \u0219i salveaz\u0103 vie\u021bi \u00een fiecare zi.<\/p>\n<p>Joi, echipajul\u00a0 39 SAJ de la Substa\u021bia M\u0103r\u0103\u0219e\u0219ti a intervenit contracronometru pentru un b\u0103rbat de 65 de ani, g\u0103sit \u00een stop cardio-respirator, incon\u0219tient, \u00een curtea casei sale. F\u0103r\u0103 nicio secund\u0103 de ezitare, salvatorii au \u00eenceput manevrele de resuscitare avansat\u0103. Dup\u0103 30 de minute de lupt\u0103 intens\u0103, inima b\u0103rbatului a re\u00eenceput s\u0103 bat\u0103! Dup\u0103 stabilizarea func\u021biilor vitale, pacientul a fost transportat sub monitorizare strict\u0103 la Unitatea de Primiri Urgen\u021be Foc\u0219ani. Ulterior, din cauza st\u0103rii critice, acesta a fost transferat de urgen\u021b\u0103 la un spital de specialitate din Ia\u0219i. Transportul a fost asigurat de o ambulan\u021b\u0103 cu medic, pacientul fiind intubat \u0219i ventilat mecanic.<\/p>\n<p>Felicit\u0103ri echipajului 39 SAJ de la Substa\u021bia M\u0103r\u0103\u0219e\u0219ti, format din asistent medical CHIRIAC Larisa \u0219i ambulan\u021bier STOICA Robert, precum \u0219i echipajului 40 SAJ de la Sta\u021bia Central\u0103 Foc\u0219ani, format din asistent medical DR\u0102GHICI Cristina \u0219i ambulan\u021bier ONESCU George, sosit \u00een sprijinul colegilor! Prin profesionalism, rapiditate \u0219i o colaborare irepro\u0219abil\u0103, cele dou\u0103 echipaje au aplicat eficient manevrele de resuscitare avansat\u0103, reu\u0219ind \u00eempreun\u0103 s\u0103 salveze via\u021ba pacientului aflat \u00een stop cardio-respirator! Suntem m\u00e2ndri de voi! Fiecare secund\u0103 conteaz\u0103 \u00een lupta pentru via\u021b\u0103!<\/p>\n<p>Foto: Facebook \/ Serviciul de Ambulanta Judetean Vrancea<\/p>\n<\/div>\n<\/div>\n<p>[analyse_source url=&#8221;https:\/\/www.monitoruldevrancea.ro\/2026\/08\/28\/barbat-din-marasesti-salvat-de-echipajele-saj-vrancea-dupa-30-de-minute-de-lupta-intensa-inima-barbatului-a-reinceput-sa-bata\/&#8221;]<\/p>\n","protected":false},"excerpt":{"rendered":"<p>[analyse_image type=&#8221;featured&#8221; src=&#8221;https:\/\/www.monitoruldevrancea.ro\/wp-content\/uploads\/2026\/08\/saj.jpg&#8221;] Facebook \/ Serviciul de Ambulanta Judetean Vrancea: O NOU\u0102 \u0218ANS\u0102 LA VIA\u021a\u0102! B\u0103rbat din M\u0103r\u0103\u0219e\u0219ti, salvat din ghearele mor\u021bii. Meseria de salvator nu este doar o profesie, este o lupt\u0103 continu\u0103 pentru via\u021b\u0103. Substa\u021biile noastre lucreaz\u0103 ne\u00eencetat \u0219i salveaz\u0103 vie\u021bi \u00een fiecare zi. Joi, echipajul\u00a0 39 SAJ de la Substa\u021bia M\u0103r\u0103\u0219e\u0219ti a [&hellip;]<\/p>\n","protected":false},"author":1,"featured_media":0,"comment_status":"open","ping_status":"","sticky":false,"template":"","format":"standard","meta":{"footnotes":""},"categories":[89],"tags":[226,209],"class_list":["post-2115137","post","type-post","status-publish","format-standard","hentry","category-romania","tag-crawlmanager","tag-monitoruldevrancea-ro"],"_links":{"self":[{"href":"https:\/\/analyse.optim.biz\/index.php?rest_route=\/wp\/v2\/posts\/2115137","targetHints":{"allow":["GET"]}}],"collection":[{"href":"https:\/\/analyse.optim.biz\/index.php?rest_route=\/wp\/v2\/posts"}],"about":[{"href":"https:\/\/analyse.optim.biz\/index.php?rest_route=\/wp\/v2\/types\/post"}],"author":[{"embeddable":true,"href":"https:\/\/analyse.optim.biz\/index.php?rest_route=\/wp\/v2\/users\/1"}],"replies":[{"embeddable":true,"href":"https:\/\/analyse.optim.biz\/index.php?rest_route=%2Fwp%2Fv2%2Fcomments&post=2115137"}],"version-history":[{"count":0,"href":"https:\/\/analyse.optim.biz\/index.php?rest_route=\/wp\/v2\/posts\/2115137\/revisions"}],"wp:attachment":[{"href":"https:\/\/analyse.optim.biz\/index.php?rest_route=%2Fwp%2Fv2%2Fmedia&parent=2115137"}],"wp:term":[{"taxonomy":"category","embeddable":true,"href":"https:\/\/analyse.optim.biz\/index.php?rest_route=%2Fwp%2Fv2%2Fcategories&post=2115137"},{"taxonomy":"post_tag","embeddable":true,"href":"https:\/\/analyse.optim.biz\/index.php?rest_route=%2Fwp%2Fv2%2Ftags&post=2115137"}],"curies":[{"name":"wp","href":"https:\/\/api.w.org\/{rel}","templated":true}]}}