{"id":2115124,"date":"2026-08-26T13:46:15","date_gmt":"2026-08-26T10:46:15","guid":{"rendered":"https:\/\/analyse.optim.biz\/?p=2115124"},"modified":"2026-08-26T13:46:15","modified_gmt":"2026-08-26T10:46:15","slug":"markus-schulz-vine-la-timisoara-music-festival-show-spectaculos-in-parcul-rozelor-cu-acces-gratuit","status":"publish","type":"post","link":"https:\/\/analyse.optim.biz\/?p=2115124","title":{"rendered":"Markus Schulz vine la Timi\u0219oara Music Festival! Show spectaculos \u00een Parcul Rozelor, cu acces gratuit"},"content":{"rendered":"<p>[analyse_image type=&#8221;featured&#8221; src=&#8221;https:\/\/orasul-timisoara.ro\/wp-content\/uploads\/2026\/08\/thumbnail-2.jpg&#8221;]<\/p>\n<article id=\"post-40542\" class=\"td-post-template-7 post-40542 post type-post status-publish format-standard has-post-thumbnail category-evenimente-in-timisoara category-featured category-stiri-timisoara tag-concerte-timisoara-2 tag-dj-timisoara-2 tag-evenimente-septembrie-timisoara tag-evenimente-timisoara-2 tag-festival-muzica-electronica tag-festival-timisoara-2 tag-global-dj-broadcast tag-markus-schulz tag-muzica-electronica-timisoara tag-norvis-music tag-parcul-rozelor tag-sean-norvis tag-stiri-timisoara-3 tag-timisoara-2 tag-timisoara-music-festival-2026 td-container-wrap\">\n<div class=\"td-full-screen-header-image-wrap\">\n<div class=\"td-container td-post-header\">\n<div class=\"td-crumb-container\">\n<div class=\"entry-crumbs\"><span><a title=\"Vede\u021bi toate articolele \u00een Evenimente in Timisoara\" class=\"entry-crumb\" href=\"https:\/\/orasul-timisoara.ro\/local-category\/evenimente-in-timisoara\/\">Evenimente in Timisoara<\/a><\/span><span class=\"td-bred-no-url-last\">Markus Schulz vine la Timi\u0219oara Music Festival! Show spectaculos \u00een Parcul Rozelor,&#8230;<\/span><\/div>\n<\/div>\n<div class=\"td-post-header-holder\">\n<div class=\"td-parallax-header\">\n<header class=\"td-post-title\">\n<ul class=\"td-category\">\n<li class=\"entry-category\"><a href=\"https:\/\/orasul-timisoara.ro\/local-category\/evenimente-in-timisoara\/\">Evenimente in Timisoara<\/a><\/li>\n<li class=\"entry-category\"><a href=\"https:\/\/orasul-timisoara.ro\/local-category\/stiri-timisoara\/\">\u0218tiri Locale<\/a><\/li>\n<\/ul>\n<h1 class=\"entry-title\">Markus Schulz vine la Timi\u0219oara Music Festival! Show spectaculos \u00een Parcul Rozelor, cu acces gratuit<\/h1>\n<div class=\"td-module-meta-info\">\n<div class=\"td-post-author-name\">\n<div class=\"td-author-by\">De c\u0103tre<\/div>\n<p><a href=\"https:\/\/orasul-timisoara.ro\/author\/timisoara\/\">redactia<\/a><\/p>\n<div class=\"td-author-line\"> &#8211; <\/div>\n<\/div>\n<p><span class=\"td-post-date\"><time class=\"entry-date updated td-module-date\" datetime=\"2026-08-26T16:46:15+03:00\">26\/08\/2026<\/time><\/span><\/div>\n<\/header>\n<\/div>\n<\/div>\n<\/div>\n<div id=\"td-full-screen-header-image\" class=\"td-image-gradient-style7\"><img decoding=\"async\" class=\"td-backstretch\" src=\"https:\/\/orasul-timisoara.ro\/wp-content\/uploads\/2026\/08\/thumbnail-2.jpg\"><\/div>\n<\/div>\n<div class=\"td-container\">\n<div class=\"td-pb-row\">\n<div class=\"td-pb-span8 td-main-content\" role=\"main\">\n<div class=\"td-ss-main-content\">\n<div class=\"td-post-sharing-top\">\n<div class=\"td-post-sharing-classic\"><iframe title=\"topFacebookLike\" frameborder src=\"https:\/\/www.facebook.com\/plugins\/like.php?href=https:\/\/orasul-timisoara.ro\/local-40542\/&amp;layout=button_count&amp;show_faces=false&amp;width=105&amp;action=like&amp;colorscheme=light&amp;height=21\"><\/iframe><\/div>\n<div id=\"td_social_sharing_article_top\" class=\"td-post-sharing td-ps-bg td-ps-notext td-post-sharing-style1 \">\n<div class=\"td-post-sharing-visible\"><a class=\"td-social-sharing-button td-social-sharing-button-js td-social-network td-social-facebook\" href=\"https:\/\/www.facebook.com\/sharer.php?u=https%3A%2F%2Forasul-timisoara.ro%2Flocal-40542%2F\" title=\"Facebook\"><\/p>\n<div class=\"td-social-but-text\">Facebook<\/div>\n<p><\/a><a class=\"td-social-sharing-button td-social-sharing-button-js td-social-network td-social-twitter\" href=\"https:\/\/twitter.com\/intent\/tweet?text=Markus+Schulz+vine+la+Timi%C8%99oara+Music+Festival%21+Show+spectaculos+%C3%AEn+Parcul+Rozelor%2C+cu+acces+gratuit&amp;url=https%3A%2F%2Forasul-timisoara.ro%2Flocal-40542%2F&amp;via=orasultm\" title=\"Twitter\"><\/p>\n<div class=\"td-social-but-text\">Twitter<\/div>\n<p><\/a><a class=\"td-social-sharing-button td-social-sharing-button-js td-social-network td-social-whatsapp\" href=\"https:\/\/api.whatsapp.com\/send?text=Markus+Schulz+vine+la+Timi%C8%99oara+Music+Festival%21+Show+spectaculos+%C3%AEn+Parcul+Rozelor%2C+cu+acces+gratuit%20%0A%0A%20https:\/\/orasul-timisoara.ro\/local-40542\/\" title=\"WhatsApp\"><\/p>\n<div class=\"td-social-but-text\">WhatsApp<\/div>\n<p><\/a><a class=\"td-social-sharing-button td-social-sharing-button-js td-social-network td-social-linkedin\" href=\"https:\/\/www.linkedin.com\/shareArticle?mini=true&amp;url=https:\/\/orasul-timisoara.ro\/local-40542\/&amp;title=Markus+Schulz+vine+la+Timi%C8%99oara+Music+Festival%21+Show+spectaculos+%C3%AEn+Parcul+Rozelor%2C+cu+acces+gratuit\" title=\"Linkedin\"><\/p>\n<div class=\"td-social-but-text\">Linkedin<\/div>\n<p><\/a><a class=\"td-social-sharing-button td-social-sharing-button-js td-social-network td-social-reddit\" href=\"https:\/\/reddit.com\/submit?url=https:\/\/orasul-timisoara.ro\/local-40542\/&amp;title=Markus+Schulz+vine+la+Timi%C8%99oara+Music+Festival%21+Show+spectaculos+%C3%AEn+Parcul+Rozelor%2C+cu+acces+gratuit\" title=\"ReddIt\"><\/p>\n<div class=\"td-social-but-text\">ReddIt<\/div>\n<p><\/a><a class=\"td-social-sharing-button td-social-sharing-button-js td-social-network td-social-mail\" href=\"mailto:?subject=Markus%20Schulz%20vine%20la%20Timi%C8%99oara%20Music%20Festival!%20Show%20spectaculos%20%C3%AEn%20Parcul%20Rozelor,%20cu%20acces%20gratuit&amp;body=https:\/\/orasul-timisoara.ro\/local-40542\/\" title=\"Email\"><\/p>\n<div class=\"td-social-but-text\">Email<\/div>\n<p><\/a><a class=\"td-social-sharing-button td-social-sharing-button-js td-social-network td-social-print\" href=\"https:\/\/orasul-timisoara.ro\/local-40542\/\" title=\"Imprimare\"><\/p>\n<div class=\"td-social-but-text\">Imprimare<\/div>\n<p><\/a><\/div>\n<\/div>\n<\/div>\n<div class=\"td-post-content tagdiv-type\">\n<p class=\"wp-block-paragraph\">Markus Schulz, unul dintre cele mai cunoscute nume ale muzicii electronice interna\u021bionale, vine la Timi\u0219oara Music Festival 2026. Artistul va urca pe scena din Parcul Rozelor \u00een perioada 11\u201313 septembrie, \u00eentr-un festival care promite trei zile de muzic\u0103 electronic\u0103, cu acces general gratuit.<\/p>\n<h2 class=\"wp-block-heading\">Markus Schulz vine la Timi\u0219oara<\/h2>\n<p class=\"wp-block-paragraph\">Timi\u0219oara Music Festival 2026 anun\u021b\u0103 prezen\u021ba lui Markus Schulz pe scena din Parcul Rozelor, \u00eentr-unul dintre cele mai importante evenimente dedicate muzicii electronice din vestul Rom\u00e2niei.<\/p>\n<p class=\"wp-block-paragraph\">Festivalul se desf\u0103\u0219oar\u0103 \u00eentre 11 \u0219i 13 septembrie 2026, iar accesul general este gratuit. Pentru cei care \u00ee\u0219i doresc o experien\u021b\u0103 premium, organizatorii pun la dispozi\u021bie \u0219i bilete VIP.<\/p>\n<p class=\"wp-block-paragraph\">Markus Schulz este una dintre figurile importante ale scenei mondiale de muzic\u0103 electronic\u0103. Din 2002, artistul realizeaz\u0103 Global DJ Broadcast, unul dintre cele mai longevive radio show-uri de DJ din lume, difuzat s\u0103pt\u0103m\u00e2nal de peste dou\u0103 decenii.<\/p>\n<p class=\"wp-block-paragraph\">De-a lungul carierei, Schulz a devenit unul dintre reprezentan\u021bii importan\u021bi ai genurilor trance \u0219i progressive, iar numele s\u0103u este asociat cu scene \u0219i festivaluri interna\u021bionale precum Tomorrowland, Ultra Music Festival, Electric Daisy Carnival \u0219i Dreamstate.<\/p>\n<h2 class=\"wp-block-heading\">Un artist cu peste dou\u0103 decenii de carier\u0103<\/h2>\n<p class=\"wp-block-paragraph\">Markus Schulz a ajuns \u00een DJ Mag Top 10 \u00een 2008 \u0219i a r\u0103mas \u00een clasamentul mondial al celor mai importan\u021bi DJ pentru mai mul\u021bi ani.<\/p>\n<p class=\"wp-block-paragraph\">Artistul este \u0219i fondatorul Coldharbour Recordings, label prin intermediul c\u0103ruia a contribuit la promovarea unor arti\u0219ti \u0219i produc\u021bii importante pentru scena trance.<\/p>\n<p class=\"wp-block-paragraph\">Sub numele Dakota, Markus Schulz exploreaz\u0103 zone mai atmosferice \u0219i progressive ale muzicii electronice.<\/p>\n<p class=\"wp-block-paragraph\">\u00cen cariera sa, artistul a colaborat cu nume precum Emma Hewitt, HALIENE, Christina Novelli \u0219i Adina Butar.<\/p>\n<h2 class=\"wp-block-heading\">Peste 40 de arti\u0219ti vor urca pe scena din Parcul Rozelor<\/h2>\n<p class=\"wp-block-paragraph\">Prezen\u021ba lui Markus Schulz nu este singura atrac\u021bie preg\u0103tit\u0103 de organizatori pentru Timi\u0219oara Music Festival 2026.<\/p>\n<p class=\"wp-block-paragraph\">Al\u0103turi de artistul interna\u021bional vor mixa peste 40 de DJ \u0219i arti\u0219ti din jude\u021bul Timi\u0219, at\u00e2t nume consacrate, c\u00e2t \u0219i arti\u0219ti afla\u021bi la \u00eenceput de drum.<\/p>\n<p class=\"wp-block-paragraph\">Organizatorii spun c\u0103 sus\u021binerea scenei locale reprezint\u0103 una dintre direc\u021biile importante ale festivalului, evenimentul fiind construit ca o \u00eent\u00e2lnire \u00eentre arti\u0219ti interna\u021bionali \u0219i scena electronic\u0103 local\u0103 \u0219i regional\u0103.<\/p>\n<p class=\"wp-block-paragraph\">\u201eAducerea lui Markus Schulz la Timi\u0219oara Music Festival 2026 reprezint\u0103 un moment de referin\u021b\u0103 pentru scena electronic\u0103 din vestul \u021b\u0103rii. Vorbim despre un artist care a dedicat peste dou\u0103 decenii construirii unei comunit\u0103\u021bi globale de iubitori ai muzicii electronice \u2014 exact valorile pe care noi le promov\u0103m prin acest festival\u201d, a declarat Flavius Oprean (Sean Norvis), fondator Norvis Music \u0219i pre\u0219edinte al Asocia\u021biei Timi\u0219oara Entertainment.<\/p>\n<p class=\"wp-block-paragraph\">Acesta a ad\u0103ugat c\u0103 Timi\u0219oara Music Festival \u00ee\u0219i propune s\u0103 aduc\u0103 \u00een ora\u0219 arti\u0219ti de talie mondial\u0103, \u00een timp ce scena local\u0103 prime\u0219te, la r\u00e2ndul s\u0103u, un spa\u021biu important \u00een cadrul evenimentului.<\/p>\n<h2 class=\"wp-block-heading\">Acces general gratuit la Timi\u0219oara Music Festival<\/h2>\n<p class=\"wp-block-paragraph\">Timi\u0219oara Music Festival 2026 va avea loc \u00een Parcul Rozelor \u00een perioada 11\u201313 septembrie.<\/p>\n<p class=\"wp-block-paragraph\">Accesul general este gratuit pentru public.<\/p>\n<p class=\"wp-block-paragraph\">Cei care doresc acces VIP pot cump\u0103ra bilete online p\u00e2n\u0103 la 10 septembrie, la pre\u021bul de 299 de lei plus taxe pentru toate cele trei zile.<\/p>\n<p class=\"wp-block-paragraph\">La intrare, biletele VIP vor costa 399 de lei pentru trei zile sau 149 de lei pentru o singur\u0103 zi.<\/p>\n<p class=\"wp-block-paragraph\">Biletele VIP ofer\u0103 acces \u00een zone exclusive \u0219i beneficii premium, cu o perspectiv\u0103 mai apropiat\u0103 de scena principal\u0103. Num\u0103rul acestora este limitat.<\/p>\n<h2 class=\"wp-block-heading\">Timi\u0219oara Music Festival 2026, trei zile de muzic\u0103 electronic\u0103<\/h2>\n<p class=\"wp-block-paragraph\">Evenimentul este prezentat de organizatori drept unul dintre cele mai importante festivaluri de muzic\u0103 electronic\u0103 din vestul Rom\u00e2niei \u0219i \u00ee\u0219i propune s\u0103 aduc\u0103 la Timi\u0219oara at\u00e2t arti\u0219ti interna\u021bionali, c\u00e2t \u0219i reprezentan\u021bi ai scenei locale.<\/p>\n<p class=\"wp-block-paragraph\">Timi\u0219oara Music Festival este organizat de Norvis Music \u0219i Asocia\u021bia Timi\u0219oara Entertainment, cu misiunea declarat\u0103 de a sus\u021bine scena electronic\u0103 din regiune \u0219i de a transforma Timi\u0219oara \u00eentr-un punct important pe harta evenimentelor de profil.<\/p>\n<p class=\"wp-block-paragraph\">Festivalul va avea loc \u00een perioada 11\u201313 septembrie 2026, \u00een Parcul Rozelor din Timi\u0219oara, iar publicul este a\u0219teptat la trei zile de muzic\u0103 electronic\u0103, cu Markus Schulz drept unul dintre principalele nume ale edi\u021biei din acest an.<\/p>\n<\/div>\n<footer>\n<div class=\"td-post-source-tags\">\n<ul class=\"td-tags td-post-small-box clearfix\">\n<li><span>ETICHETE<\/span><\/li>\n<li><a href=\"https:\/\/orasul-timisoara.ro\/local-tag\/concerte-timisoara-2\/\">concerte Timi\u0219oara<\/a><\/li>\n<li><a href=\"https:\/\/orasul-timisoara.ro\/local-tag\/dj-timisoara-2\/\">DJ Timi\u0219oara<\/a><\/li>\n<li><a href=\"https:\/\/orasul-timisoara.ro\/local-tag\/evenimente-septembrie-timisoara\/\">evenimente septembrie Timi\u0219oara<\/a><\/li>\n<li><a href=\"https:\/\/orasul-timisoara.ro\/local-tag\/evenimente-timisoara-2\/\">evenimente Timi\u0219oara<\/a><\/li>\n<li><a href=\"https:\/\/orasul-timisoara.ro\/local-tag\/festival-muzica-electronica\/\">festival muzic\u0103 electronic\u0103<\/a><\/li>\n<li><a href=\"https:\/\/orasul-timisoara.ro\/local-tag\/festival-timisoara-2\/\">festival Timi\u0219oara<\/a><\/li>\n<li><a href=\"https:\/\/orasul-timisoara.ro\/local-tag\/global-dj-broadcast\/\">Global DJ Broadcast<\/a><\/li>\n<li><a href=\"https:\/\/orasul-timisoara.ro\/local-tag\/markus-schulz\/\">Markus Schulz<\/a><\/li>\n<li><a href=\"https:\/\/orasul-timisoara.ro\/local-tag\/muzica-electronica-timisoara\/\">muzic\u0103 electronic\u0103 Timi\u0219oara<\/a><\/li>\n<li><a href=\"https:\/\/orasul-timisoara.ro\/local-tag\/norvis-music\/\">norvis music<\/a><\/li>\n<li><a href=\"https:\/\/orasul-timisoara.ro\/local-tag\/parcul-rozelor\/\">parcul rozelor<\/a><\/li>\n<li><a href=\"https:\/\/orasul-timisoara.ro\/local-tag\/sean-norvis\/\">sean norvis<\/a><\/li>\n<li><a href=\"https:\/\/orasul-timisoara.ro\/local-tag\/stiri-timisoara-3\/\">\u0218tiri Timi\u0219oara<\/a><\/li>\n<li><a href=\"https:\/\/orasul-timisoara.ro\/local-tag\/timisoara-2\/\">timi\u0219oara<\/a><\/li>\n<li><a href=\"https:\/\/orasul-timisoara.ro\/local-tag\/timisoara-music-festival-2026\/\">Timi\u0219oara Music Festival 2026<\/a><\/li>\n<\/ul>\n<\/div>\n<div class=\"td-post-sharing-bottom\">\n<div class=\"td-post-sharing-classic\"><iframe title=\"bottomFacebookLike\" frameborder src=\"https:\/\/www.facebook.com\/plugins\/like.php?href=https:\/\/orasul-timisoara.ro\/local-40542\/&amp;layout=button_count&amp;show_faces=false&amp;width=105&amp;action=like&amp;colorscheme=light&amp;height=21\"><\/iframe><\/div>\n<div id=\"td_social_sharing_article_bottom\" class=\"td-post-sharing td-ps-bg td-ps-notext td-post-sharing-style1 \">\n<div class=\"td-post-sharing-visible\"><a class=\"td-social-sharing-button td-social-sharing-button-js td-social-network td-social-facebook\" href=\"https:\/\/www.facebook.com\/sharer.php?u=https%3A%2F%2Forasul-timisoara.ro%2Flocal-40542%2F\" title=\"Facebook\"><\/p>\n<div class=\"td-social-but-text\">Facebook<\/div>\n<p><\/a><a class=\"td-social-sharing-button td-social-sharing-button-js td-social-network td-social-twitter\" href=\"https:\/\/twitter.com\/intent\/tweet?text=Markus+Schulz+vine+la+Timi%C8%99oara+Music+Festival%21+Show+spectaculos+%C3%AEn+Parcul+Rozelor%2C+cu+acces+gratuit&amp;url=https%3A%2F%2Forasul-timisoara.ro%2Flocal-40542%2F&amp;via=orasultm\" title=\"Twitter\"><\/p>\n<div class=\"td-social-but-text\">Twitter<\/div>\n<p><\/a><a class=\"td-social-sharing-button td-social-sharing-button-js td-social-network td-social-whatsapp\" href=\"https:\/\/api.whatsapp.com\/send?text=Markus+Schulz+vine+la+Timi%C8%99oara+Music+Festival%21+Show+spectaculos+%C3%AEn+Parcul+Rozelor%2C+cu+acces+gratuit%20%0A%0A%20https:\/\/orasul-timisoara.ro\/local-40542\/\" title=\"WhatsApp\"><\/p>\n<div class=\"td-social-but-text\">WhatsApp<\/div>\n<p><\/a><a class=\"td-social-sharing-button td-social-sharing-button-js td-social-network td-social-linkedin\" href=\"https:\/\/www.linkedin.com\/shareArticle?mini=true&amp;url=https:\/\/orasul-timisoara.ro\/local-40542\/&amp;title=Markus+Schulz+vine+la+Timi%C8%99oara+Music+Festival%21+Show+spectaculos+%C3%AEn+Parcul+Rozelor%2C+cu+acces+gratuit\" title=\"Linkedin\"><\/p>\n<div class=\"td-social-but-text\">Linkedin<\/div>\n<p><\/a><a class=\"td-social-sharing-button td-social-sharing-button-js td-social-network td-social-reddit\" href=\"https:\/\/reddit.com\/submit?url=https:\/\/orasul-timisoara.ro\/local-40542\/&amp;title=Markus+Schulz+vine+la+Timi%C8%99oara+Music+Festival%21+Show+spectaculos+%C3%AEn+Parcul+Rozelor%2C+cu+acces+gratuit\" title=\"ReddIt\"><\/p>\n<div class=\"td-social-but-text\">ReddIt<\/div>\n<p><\/a><a class=\"td-social-sharing-button td-social-sharing-button-js td-social-network td-social-mail\" href=\"mailto:?subject=Markus%20Schulz%20vine%20la%20Timi%C8%99oara%20Music%20Festival!%20Show%20spectaculos%20%C3%AEn%20Parcul%20Rozelor,%20cu%20acces%20gratuit&amp;body=https:\/\/orasul-timisoara.ro\/local-40542\/\" title=\"Email\"><\/p>\n<div class=\"td-social-but-text\">Email<\/div>\n<p><\/a><a class=\"td-social-sharing-button td-social-sharing-button-js td-social-network td-social-print\" href=\"https:\/\/orasul-timisoara.ro\/local-40542\/\" title=\"Imprimare\"><\/p>\n<div class=\"td-social-but-text\">Imprimare<\/div>\n<p><\/a><\/div>\n<\/div>\n<\/div>\n<div class=\"td-block-row td-post-next-prev\">\n<div class=\"td-block-span6 td-post-prev-post\">\n<div class=\"td-post-next-prev-content\"><span>Articolul precedent<\/span><a href=\"https:\/\/orasul-timisoara.ro\/local-40539\/\">Poli\u021bia Local\u0103 Timi\u0219oara, campioan\u0103 la amenzi: peste 1.000 de sanc\u021biuni \u00een doar trei luni<\/a><\/div>\n<\/div>\n<div class=\"td-block-span6 td-post-next-post\">\n<div class=\"td-post-next-prev-content\"><span>Articolul urm\u0103tor<\/span><a href=\"https:\/\/orasul-timisoara.ro\/local-40545\/\">Dup\u0103 Pia\u021ba Traian, \u00eencepe regenerarea \u00een Pia\u021ba Mocioni \u0219i Pia\u021ba Maria. Dou\u0103 \u0219antiere uria\u0219e pentru Timi\u0219oara<\/a><\/div>\n<\/div>\n<\/div>\n<div class=\"td-author-name vcard author\"><span class=\"fn\"><a href=\"https:\/\/orasul-timisoara.ro\/author\/timisoara\/\">redactia<\/a><\/span><\/div>\n<p><span class=\"td-page-meta\"><\/span><span class=\"td-page-meta\"><span class=\"td-page-meta\"><\/span><\/span><span class=\"td-page-meta\"><\/span><\/footer>\n<div class=\"td_block_wrap td_block_related_posts tdi_3 td_with_ajax_pagination td-pb-border-top td_block_template_8\" data-td-block-uid=\"tdi_3\">\n<h4 class=\"td-related-title td-block-title\"><a id=\"tdi_4\" class=\"td-related-left td-cur-simple-item\" data-td_filter_value data-td_block_id=\"tdi_3\" href=\"https:\/\/orasul-timisoara.ro\/local-40542\/\">ARTICOLE SIMILARE<\/a><a id=\"tdi_5\" class=\"td-related-right\" data-td_filter_value=\"td_related_more_from_author\" data-td_block_id=\"tdi_3\" href=\"https:\/\/orasul-timisoara.ro\/local-40542\/\">DE LA ACELA\u0218I AUTOR<\/a><\/h4>\n<div id=\"tdi_3\" class=\"td_block_inner\">\n<div class=\"td-related-row\">\n<div class=\"td-related-span4\">\n<div class=\"td_module_related_posts td-animation-stack td_mod_related_posts\">\n<div class=\"td-module-image\">\n<div class=\"td-module-thumb\"><a href=\"https:\/\/orasul-timisoara.ro\/local-40533\/\" rel=\"bookmark\" class=\"td-image-wrap \" title=\"Miss Rom\u00e2nia The Crown ajunge la Timi\u0219oara! Preselec\u021bii pe 5 septembrie, la Iulius Mall\"><img loading=\"lazy\" decoding=\"async\" class=\"entry-thumb\" src=\"https:\/\/orasul-timisoara.ro\/wp-content\/uploads\/2026\/08\/Miss-Romania-Crown-Pageant-Stage-436x300.jpg\" alt title=\"Miss Rom\u00e2nia The Crown ajunge la Timi\u0219oara! Preselec\u021bii pe 5 septembrie, la Iulius Mall\" width=\"218\" height=\"150\"><\/a><\/div>\n<\/div>\n<div class=\"item-details\">\n<h3 class=\"entry-title td-module-title\"><a href=\"https:\/\/orasul-timisoara.ro\/local-40533\/\" rel=\"bookmark\" title=\"Miss Rom\u00e2nia The Crown ajunge la Timi\u0219oara! Preselec\u021bii pe 5 septembrie, la Iulius Mall\">Miss Rom\u00e2nia The Crown ajunge la Timi\u0219oara! Preselec\u021bii pe 5 septembrie, la Iulius Mall<\/a><\/h3>\n<\/div>\n<\/div>\n<\/div>\n<div class=\"td-related-span4\">\n<div class=\"td_module_related_posts td-animation-stack td_mod_related_posts\">\n<div class=\"td-module-image\">\n<div class=\"td-module-thumb\"><a href=\"https:\/\/orasul-timisoara.ro\/local-40346\/\" rel=\"bookmark\" class=\"td-image-wrap \" title=\"Festivalul Artizanilor revine la Timi\u0219oara. Dou\u0103 zile dedicate oamenilor care creeaz\u0103 cu m\u00e2inile lor\"><img loading=\"lazy\" decoding=\"async\" class=\"entry-thumb\" src=\"https:\/\/orasul-timisoara.ro\/wp-content\/uploads\/2026\/08\/Festivalul-Artizanilor-2025-436x300.jpg\" alt title=\"Festivalul Artizanilor revine la Timi\u0219oara. Dou\u0103 zile dedicate oamenilor care creeaz\u0103 cu m\u00e2inile lor\" width=\"218\" height=\"150\"><\/a><\/div>\n<\/div>\n<div class=\"item-details\">\n<h3 class=\"entry-title td-module-title\"><a href=\"https:\/\/orasul-timisoara.ro\/local-40346\/\" rel=\"bookmark\" title=\"Festivalul Artizanilor revine la Timi\u0219oara. Dou\u0103 zile dedicate oamenilor care creeaz\u0103 cu m\u00e2inile lor\">Festivalul Artizanilor revine la Timi\u0219oara. Dou\u0103 zile dedicate oamenilor care creeaz\u0103 cu m\u00e2inile lor<\/a><\/h3>\n<\/div>\n<\/div>\n<\/div>\n<div class=\"td-related-span4\">\n<div class=\"td_module_related_posts td-animation-stack td_mod_related_posts\">\n<div class=\"td-module-image\">\n<div class=\"td-module-thumb\"><a href=\"https:\/\/orasul-timisoara.ro\/local-40300\/\" rel=\"bookmark\" class=\"td-image-wrap \" title=\"Tinerii din Timi\u0219oara sunt invita\u021bi s\u0103 transforme pove\u0219tile cartierului \u00een texte\"><img loading=\"lazy\" decoding=\"async\" class=\"entry-thumb\" src=\"https:\/\/orasul-timisoara.ro\/wp-content\/uploads\/2026\/08\/podter-atelier-436x300.jpg\" alt title=\"Tinerii din Timi\u0219oara sunt invita\u021bi s\u0103 transforme pove\u0219tile cartierului \u00een texte\" width=\"218\" height=\"150\"><\/a><\/div>\n<\/div>\n<div class=\"item-details\">\n<h3 class=\"entry-title td-module-title\"><a href=\"https:\/\/orasul-timisoara.ro\/local-40300\/\" rel=\"bookmark\" title=\"Tinerii din Timi\u0219oara sunt invita\u021bi s\u0103 transforme pove\u0219tile cartierului \u00een texte\">Tinerii din Timi\u0219oara sunt invita\u021bi s\u0103 transforme pove\u0219tile cartierului \u00een texte<\/a><\/h3>\n<\/div>\n<\/div>\n<\/div>\n<\/div>\n<\/div>\n<\/div>\n<div class=\"comments\" id=\"comments\">\n<div id=\"respond\" class=\"comment-respond\">\n<h3 id=\"reply-title\" class=\"comment-reply-title\">L\u0102SA\u021aI UN MESAJ<\/h3>\n<div class=\"comment-form-input-wrap td-form-comment\">\n<div class=\"td-warning-comment\">V\u0103 rug\u0103m s\u0103 introduce\u021bi comentariul dvs.!<\/div>\n<\/div>\n<div class=\"comment-form-input-wrap td-form-author\">\n<div class=\"td-warning-author\">Introduce\u021bi aici numele dvs.<\/div>\n<\/div>\n<div class=\"comment-form-input-wrap td-form-email\">\n<div class=\"td-warning-email-error\">A\u021bi introdus o adres\u0103 de e-mail incorect\u0103!<\/div>\n<div class=\"td-warning-email\">V\u0103 rug\u0103m s\u0103 introduce\u021bi adresa dvs. de e-mail aici<\/div>\n<\/div>\n<\/div>\n<p class=\"akismet_comment_form_privacy_notice\">Acest site folose\u0219te Akismet pentru a reduce spamul. <a href=\"https:\/\/akismet.com\/privacy\/\" target=\"_blank\" rel=\"nofollow noopener\">Afl\u0103 cum sunt procesate datele comentariilor tale<\/a>.<\/p>\n<\/div>\n<\/div>\n<\/div>\n<div class=\"td-pb-span4 td-main-sidebar\" role=\"complementary\">\n<div class=\"td-ss-main-sidebar\">\n<aside id=\"block-4\" class=\"td_block_template_8 widget block-4 widget_block widget_media_image\">\n<figure class=\"wp-block-image size-full\"><img loading=\"lazy\" decoding=\"async\" width=\"336\" height=\"280\" src=\"https:\/\/orasul-timisoara.ro\/wp-content\/uploads\/2024\/11\/ReTIM-Abonamentul-Verde-Google-Ads-336x280px.gif\" alt class=\"wp-image-29257\"><\/figure>\n<\/aside>\n<div class=\"td_block_wrap td_block_social_counter td_block_widget tdi_6 td-social-style5 td-social-boxed td-pb-border-top td_block_template_8\">\n<div class=\"td-block-title-wrap\">\n<h4 class=\"td-block-title\"><span>Urm\u0103re\u0219te-ne pe Social Media<\/span><\/h4>\n<\/div>\n<div class=\"td-social-list\">\n<div class=\"td_social_type td-pb-margin-side td_social_facebook\">\n<div class=\"td-social-box\"><span class=\"td_social_info td_social_info_counter\">344,595<\/span><span class=\"td_social_info td_social_info_name\">Fani<\/span><span class=\"td_social_button\"><a href=\"https:\/\/www.facebook.com\/247timisoara\" target=\"_blank\" rel=\"nofollow\">\u00cemi place<\/a><\/span><\/div>\n<\/div>\n<div class=\"td_social_type td-pb-margin-side td_social_instagram\">\n<div class=\"td-social-box\"><span class=\"td_social_info td_social_info_counter\">4,416<\/span><span class=\"td_social_info td_social_info_name\">Cititori<\/span><span class=\"td_social_button\"><a href=\"https:\/\/instagram.com\/orasultimisoararo\/\" target=\"_blank\" rel=\"nofollow\">Conecta\u021bi-v\u0103<\/a><\/span><\/div>\n<\/div>\n<div class=\"td_social_type td-pb-margin-side td_social_rss\">\n<div class=\"td-social-box\"><span class=\"td_social_info td_social_info_counter\">12,506<\/span><span class=\"td_social_info td_social_info_name\">Cititori<\/span><span class=\"td_social_button\"><a href=\"https:\/\/orasul-timisoara.ro\/feed\/\" target=\"_blank\" rel=\"nofollow\">Conecta\u021bi-v\u0103<\/a><\/span><\/div>\n<\/div>\n<div class=\"td_social_type td-pb-margin-side td_social_tiktok\">\n<div class=\"td-social-box\"><span class=\"td_social_info td_social_info_counter\">1,500<\/span><span class=\"td_social_info td_social_info_name\">Cititori<\/span><span class=\"td_social_button\"><a href=\"https:\/\/www.tiktok.com\/@orasultimisoara\" target=\"_blank\" rel=\"nofollow\">Conecta\u021bi-v\u0103<\/a><\/span><\/div>\n<\/div>\n<div class=\"td_social_type td-pb-margin-side td_social_twitter\">\n<div class=\"td-social-box\"><span class=\"td_social_info td_social_info_counter\">1,595<\/span><span class=\"td_social_info td_social_info_name\">Cititori<\/span><span class=\"td_social_button\"><a href=\"https:\/\/twitter.com\/orasultm\" target=\"_blank\" rel=\"nofollow\">Conecta\u021bi-v\u0103<\/a><\/span><\/div>\n<\/div>\n<div class=\"td_social_type td-pb-margin-side td_social_youtube\">\n<div class=\"td-social-box\"><span class=\"td_social_info td_social_info_counter\">3,506<\/span><span class=\"td_social_info td_social_info_name\">Abona\u021bi<\/span><span class=\"td_social_button\"><a href=\"https:\/\/www.youtube.com\/channel\/UCQNsQvs2XCSIm1Z-AHRturw?sub_confirmation=1\" target=\"_blank\" rel=\"nofollow\">Abona\u021bi-v\u0103<\/a><\/span><\/div>\n<\/div>\n<\/div>\n<\/div>\n<aside id=\"text-7\" class=\"td_block_template_8 widget text-7 widget_text\">\n<h4 class=\"td-block-title\"><span>C\u0103ut\u0103ri populare pe OTM<\/span><\/h4>\n<div class=\"textwidget\"><a href=\"https:\/\/orasul-timisoara.ro\/?s=timisoara\"><span>Timisoara<\/span><\/a><a href=\"https:\/\/orasul-timisoara.ro\/?s=calin+dobra\"><span>Calin Dobra<\/span><\/a><a href=\"https:\/\/orasul-timisoara.ro\/?s=primaria+timisoara\"><span>Primaria Timisoara<\/span><\/a><a href=\"https:\/\/orasul-timisoara.ro\/?s=dominic+fritz\"><span>Dominic Fritz<\/span><\/a><a href=\"https:\/\/orasul-timisoara.ro\/?s=nicolae+robu\"><span>Nicolae Robu<\/span><\/a><a href=\"https:\/\/orasul-timisoara.ro\/?s=consiliul+local+timisoara\">Consiliul Local Timisoara<\/a><a href=\"https:\/\/orasul-timisoara.ro\/?s=consiliul+judetean+timis\"><span>Consiliul Judetean Timis<\/span><\/a><a href=\"https:\/\/orasul-timisoara.ro\/?s=cjt\"><span>CJT<\/span><\/a><a href=\"https:\/\/orasul-timisoara.ro\/?s=Alfred+Simonis\"><span>Alfred Simonis<\/span><\/a><a href=\"https:\/\/orasul-timisoara.ro\/?s=PNL\"><span>PNL<\/span><\/a><a href=\"https:\/\/orasul-timisoara.ro\/?s=coronavirus\"><span>coronavirus<\/span><\/a><a href=\"https:\/\/orasul-timisoara.ro\/?s=teatru+timisoara\">teatru Timisoara<\/a><a href=\"https:\/\/orasul-timisoara.ro\/?s=restaurante\"><span>restaurante Timisoara<\/span><\/a><a href=\"https:\/\/orasul-timisoara.ro\/?s=diskoteka\"><span>Diskoteka<\/span><\/a><a href=\"https:\/\/orasul-timisoara.ro\/?s=iulius+town\"><span>Iulius Town<\/span><\/a><a href=\"https:\/\/orasul-timisoara.ro\/?s=iulius+mall\"><span>Iulius Mall<\/span><\/a><a href=\"https:\/\/orasul-timisoara.ro\/?s=stpt\"><span>STPT<\/span><\/a><a href=\"https:\/\/orasul-timisoara.ro\/?s=alin+nica\"><span>Alin Nica<\/span><\/a><a href=\"https:\/\/orasul-timisoara.ro\/?s=psd\"><span>PSD<\/span><\/a><a href=\"https:\/\/orasul-timisoara.ro\/?s=aeroport\"><span>Aeroportul International Timisoara<\/span><\/a><a href=\"https:\/\/orasul-timisoara.ro\/?s=babes\"><span>Spitalul Victor Babes Timisoara<\/span><\/a><a href=\"https:\/\/orasul-timisoara.ro\/?s=poli\"><span>Poli Timi\u0219oara<\/span><\/a><a href=\"https:\/\/orasul-timisoara.ro\/?s=carantina\"><span>carantina<\/span><\/a><a href=\"https:\/\/orasul-timisoara.ro\/?s=aquatim\"><span>Aquatim<\/span><\/a><a href=\"https:\/\/orasul-timisoara.ro\/local-category\/stiri-timisoara\/\"><span>Stiri Timisoara<\/span><\/a><a href=\"https:\/\/orasul-timisoara.ro\/local-category\/investitii-in-timisoara\/\"><span>Investi\u021bii in Timi\u0219oara<\/span><\/a><a href=\"https:\/\/orasul-timisoara.ro\/local-9463\/\"><span>shaorma<\/span><\/a><a href=\"https:\/\/orasul-timisoara.ro\/?s=trafic\"><span>trafic rutier<\/span><\/a><a href=\"https:\/\/orasul-timisoara.ro\/?s=politia\"><span>politia locala timisoara<\/span><\/a><a href=\"https:\/\/orasul-timisoara.ro\/?s=roxana\"><span>Roxana Iliescu<\/span><\/a><a href=\"https:\/\/orasul-timisoara.ro\/?s=colterm\"><span>Colterm<\/span><\/a><a href=\"https:\/\/orasul-timisoara.ro\/?s=latcau\"><span>Ruben La\u021bc\u0103u<\/span><\/a><a href=\"https:\/\/orasul-timisoara.ro\/?s=timis\"><span>\u0218tiri din Timi\u0219<\/span><\/a><a href=\"https:\/\/orasul-timisoara.ro\/?s=spital\"><span>Spitale din Timi\u0219oara<\/span><\/a><a href=\"https:\/\/orasul-timisoara.ro\/?s=tabara\"><span>Cosmin Tab\u0103r\u0103<\/span><\/a><\/div>\n<\/aside>\n<aside id=\"rss-2\" class=\"td_block_template_8 widget rss-2 widget_rss\">\n<h4 class=\"td-block-title\"><span><a class=\"rsswidget rss-widget-feed\" href=\"https:\/\/fashionfridays.ro\/feed\"><img decoding=\"async\" class=\"rss-widget-icon\" width=\"14\" height=\"14\" src=\"https:\/\/orasul-timisoara.ro\/wp-includes\/images\/rss.png\" alt=\"Flux RSS: Fashion Fridays\" loading=\"lazy\"><\/a><a class=\"rsswidget rss-widget-title\" href=\"https:\/\/fashionfridays.ro\/\">Fashion Fridays<\/a><\/span><\/h4>\n<ul>\n<li><a class=\"rsswidget\" href=\"https:\/\/fashionfridays.ro\/romania-devine-a-29-a-piata-vogue-o-noua-era-pentru-industria-locala-de-moda\/\">Rom\u00e2nia devine a 29-a pia\u021b\u0103 Vogue: o nou\u0103 er\u0103 pentru industria local\u0103 de mod\u0103<\/a>\n<div class=\"rssSummary\">Revista Vogue \u00ee\u0219i extinde prezen\u021ba global\u0103 \u0219i va fi lansat\u0103 oficial \u00een Rom\u00e2nia \u00een prim\u0103vara anului 2027, marc\u00e2nd intrarea pe cea de-a 29-a pia\u021b\u0103 interna\u021bional\u0103. Proiectul este realizat \u00een parteneriat cu AEMME Publishing, o companie media recent \u00eenfiin\u021bat\u0103, care va publica edi\u021bia local\u0103 sub licen\u021b\u0103. Noua edi\u021bie, Vogue Rom\u00e2nia, \u00ee\u0219i propune s\u0103 combine autoritatea global\u0103 [\u2026]<\/div>\n<\/li>\n<\/ul>\n<\/aside>\n<aside id=\"rss-4\" class=\"td_block_template_8 widget rss-4 widget_rss\">\n<h4 class=\"td-block-title\"><span><a class=\"rsswidget rss-widget-feed\" href=\"https:\/\/emasini.ro\/feed\"><img decoding=\"async\" class=\"rss-widget-icon\" width=\"14\" height=\"14\" src=\"https:\/\/orasul-timisoara.ro\/wp-includes\/images\/rss.png\" alt=\"Flux RSS: eMasini\" loading=\"lazy\"><\/a><a class=\"rsswidget rss-widget-title\" href=\"https:\/\/emasini.ro\/\">eMasini<\/a><\/span><\/h4>\n<ul>\n<li><a class=\"rsswidget\" href=\"https:\/\/emasini.ro\/adio-bordurilor-pline-de-ecrane-mercedes-benz-readuce-butoanele-in-noile-masini-produse\/\">Adio bordurilor pline de ecrane? Mercedes-Benz readuce butoanele \u00een noile ma\u0219ini produse<\/a>\n<div class=\"rssSummary\">Mercedes-Benz \u00ee\u0219i schimb\u0103 direc\u021bia \u00een ceea ce prive\u0219te designul interioarelor \u0219i va readuce comenzile fizice pentru anumite func\u021bii importante. Constructorul german nu renun\u021b\u0103 la ecranele mari \u0219i la tehnologiile digitale, dar recunoa\u0219te c\u0103 a mers prea departe prin eliminarea unor butoane \u0219i comenzi tactile. Ola K\u00e4llenius, pre\u0219edintele Consiliului de Administra\u021bie al Mercedes-Benz Group \u0219i CEO [\u2026]<\/div>\n<\/li>\n<\/ul>\n<\/aside>\n<\/div>\n<\/div>\n<\/div>\n<\/div>\n<\/article>\n<div class=\"td-post-content tagdiv-type\">\n<p class=\"wp-block-paragraph\">Markus Schulz, unul dintre cele mai cunoscute nume ale muzicii electronice interna\u021bionale, vine la Timi\u0219oara Music Festival 2026. Artistul va urca pe scena din Parcul Rozelor \u00een perioada 11\u201313 septembrie, \u00eentr-un festival care promite trei zile de muzic\u0103 electronic\u0103, cu acces general gratuit.<\/p>\n<h2 class=\"wp-block-heading\">Markus Schulz vine la Timi\u0219oara<\/h2>\n<p class=\"wp-block-paragraph\">Timi\u0219oara Music Festival 2026 anun\u021b\u0103 prezen\u021ba lui Markus Schulz pe scena din Parcul Rozelor, \u00eentr-unul dintre cele mai importante evenimente dedicate muzicii electronice din vestul Rom\u00e2niei.<\/p>\n<p class=\"wp-block-paragraph\">Festivalul se desf\u0103\u0219oar\u0103 \u00eentre 11 \u0219i 13 septembrie 2026, iar accesul general este gratuit. Pentru cei care \u00ee\u0219i doresc o experien\u021b\u0103 premium, organizatorii pun la dispozi\u021bie \u0219i bilete VIP.<\/p>\n<p class=\"wp-block-paragraph\">Markus Schulz este una dintre figurile importante ale scenei mondiale de muzic\u0103 electronic\u0103. Din 2002, artistul realizeaz\u0103 Global DJ Broadcast, unul dintre cele mai longevive radio show-uri de DJ din lume, difuzat s\u0103pt\u0103m\u00e2nal de peste dou\u0103 decenii.<\/p>\n<p class=\"wp-block-paragraph\">De-a lungul carierei, Schulz a devenit unul dintre reprezentan\u021bii importan\u021bi ai genurilor trance \u0219i progressive, iar numele s\u0103u este asociat cu scene \u0219i festivaluri interna\u021bionale precum Tomorrowland, Ultra Music Festival, Electric Daisy Carnival \u0219i Dreamstate.<\/p>\n<h2 class=\"wp-block-heading\">Un artist cu peste dou\u0103 decenii de carier\u0103<\/h2>\n<p class=\"wp-block-paragraph\">Markus Schulz a ajuns \u00een DJ Mag Top 10 \u00een 2008 \u0219i a r\u0103mas \u00een clasamentul mondial al celor mai importan\u021bi DJ pentru mai mul\u021bi ani.<\/p>\n<p class=\"wp-block-paragraph\">Artistul este \u0219i fondatorul Coldharbour Recordings, label prin intermediul c\u0103ruia a contribuit la promovarea unor arti\u0219ti \u0219i produc\u021bii importante pentru scena trance.<\/p>\n<p class=\"wp-block-paragraph\">Sub numele Dakota, Markus Schulz exploreaz\u0103 zone mai atmosferice \u0219i progressive ale muzicii electronice.<\/p>\n<p class=\"wp-block-paragraph\">\u00cen cariera sa, artistul a colaborat cu nume precum Emma Hewitt, HALIENE, Christina Novelli \u0219i Adina Butar.<\/p>\n<h2 class=\"wp-block-heading\">Peste 40 de arti\u0219ti vor urca pe scena din Parcul Rozelor<\/h2>\n<p class=\"wp-block-paragraph\">Prezen\u021ba lui Markus Schulz nu este singura atrac\u021bie preg\u0103tit\u0103 de organizatori pentru Timi\u0219oara Music Festival 2026.<\/p>\n<p class=\"wp-block-paragraph\">Al\u0103turi de artistul interna\u021bional vor mixa peste 40 de DJ \u0219i arti\u0219ti din jude\u021bul Timi\u0219, at\u00e2t nume consacrate, c\u00e2t \u0219i arti\u0219ti afla\u021bi la \u00eenceput de drum.<\/p>\n<p class=\"wp-block-paragraph\">Organizatorii spun c\u0103 sus\u021binerea scenei locale reprezint\u0103 una dintre direc\u021biile importante ale festivalului, evenimentul fiind construit ca o \u00eent\u00e2lnire \u00eentre arti\u0219ti interna\u021bionali \u0219i scena electronic\u0103 local\u0103 \u0219i regional\u0103.<\/p>\n<p class=\"wp-block-paragraph\">\u201eAducerea lui Markus Schulz la Timi\u0219oara Music Festival 2026 reprezint\u0103 un moment de referin\u021b\u0103 pentru scena electronic\u0103 din vestul \u021b\u0103rii. Vorbim despre un artist care a dedicat peste dou\u0103 decenii construirii unei comunit\u0103\u021bi globale de iubitori ai muzicii electronice \u2014 exact valorile pe care noi le promov\u0103m prin acest festival\u201d, a declarat Flavius Oprean (Sean Norvis), fondator Norvis Music \u0219i pre\u0219edinte al Asocia\u021biei Timi\u0219oara Entertainment.<\/p>\n<p class=\"wp-block-paragraph\">Acesta a ad\u0103ugat c\u0103 Timi\u0219oara Music Festival \u00ee\u0219i propune s\u0103 aduc\u0103 \u00een ora\u0219 arti\u0219ti de talie mondial\u0103, \u00een timp ce scena local\u0103 prime\u0219te, la r\u00e2ndul s\u0103u, un spa\u021biu important \u00een cadrul evenimentului.<\/p>\n<h2 class=\"wp-block-heading\">Acces general gratuit la Timi\u0219oara Music Festival<\/h2>\n<p class=\"wp-block-paragraph\">Timi\u0219oara Music Festival 2026 va avea loc \u00een Parcul Rozelor \u00een perioada 11\u201313 septembrie.<\/p>\n<p class=\"wp-block-paragraph\">Accesul general este gratuit pentru public.<\/p>\n<p class=\"wp-block-paragraph\">Cei care doresc acces VIP pot cump\u0103ra bilete online p\u00e2n\u0103 la 10 septembrie, la pre\u021bul de 299 de lei plus taxe pentru toate cele trei zile.<\/p>\n<p class=\"wp-block-paragraph\">La intrare, biletele VIP vor costa 399 de lei pentru trei zile sau 149 de lei pentru o singur\u0103 zi.<\/p>\n<p class=\"wp-block-paragraph\">Biletele VIP ofer\u0103 acces \u00een zone exclusive \u0219i beneficii premium, cu o perspectiv\u0103 mai apropiat\u0103 de scena principal\u0103. Num\u0103rul acestora este limitat.<\/p>\n<h2 class=\"wp-block-heading\">Timi\u0219oara Music Festival 2026, trei zile de muzic\u0103 electronic\u0103<\/h2>\n<p class=\"wp-block-paragraph\">Evenimentul este prezentat de organizatori drept unul dintre cele mai importante festivaluri de muzic\u0103 electronic\u0103 din vestul Rom\u00e2niei \u0219i \u00ee\u0219i propune s\u0103 aduc\u0103 la Timi\u0219oara at\u00e2t arti\u0219ti interna\u021bionali, c\u00e2t \u0219i reprezentan\u021bi ai scenei locale.<\/p>\n<p class=\"wp-block-paragraph\">Timi\u0219oara Music Festival este organizat de Norvis Music \u0219i Asocia\u021bia Timi\u0219oara Entertainment, cu misiunea declarat\u0103 de a sus\u021bine scena electronic\u0103 din regiune \u0219i de a transforma Timi\u0219oara \u00eentr-un punct important pe harta evenimentelor de profil.<\/p>\n<p class=\"wp-block-paragraph\">Festivalul va avea loc \u00een perioada 11\u201313 septembrie 2026, \u00een Parcul Rozelor din Timi\u0219oara, iar publicul este a\u0219teptat la trei zile de muzic\u0103 electronic\u0103, cu Markus Schulz drept unul dintre principalele nume ale edi\u021biei din acest an.<\/p>\n<\/div>\n<p>[analyse_source url=&#8221;https:\/\/orasul-timisoara.ro\/local-40542\/&#8221;]<\/p>\n","protected":false},"excerpt":{"rendered":"<p>[analyse_image type=&#8221;featured&#8221; src=&#8221;https:\/\/orasul-timisoara.ro\/wp-content\/uploads\/2026\/08\/thumbnail-2.jpg&#8221;] Evenimente in TimisoaraMarkus Schulz vine la Timi\u0219oara Music Festival! Show spectaculos \u00een Parcul Rozelor,&#8230; Evenimente in Timisoara \u0218tiri Locale Markus Schulz vine la Timi\u0219oara Music Festival! Show spectaculos \u00een Parcul Rozelor, cu acces gratuit De c\u0103tre redactia &#8211; 26\/08\/2026 Facebook Twitter WhatsApp Linkedin ReddIt Email Imprimare Markus Schulz, unul dintre cele mai [&hellip;]<\/p>\n","protected":false},"author":1,"featured_media":0,"comment_status":"open","ping_status":"","sticky":false,"template":"","format":"standard","meta":{"footnotes":""},"categories":[89],"tags":[226,189],"class_list":["post-2115124","post","type-post","status-publish","format-standard","hentry","category-romania","tag-crawlmanager","tag-orasul-timisoara-ro"],"_links":{"self":[{"href":"https:\/\/analyse.optim.biz\/index.php?rest_route=\/wp\/v2\/posts\/2115124","targetHints":{"allow":["GET"]}}],"collection":[{"href":"https:\/\/analyse.optim.biz\/index.php?rest_route=\/wp\/v2\/posts"}],"about":[{"href":"https:\/\/analyse.optim.biz\/index.php?rest_route=\/wp\/v2\/types\/post"}],"author":[{"embeddable":true,"href":"https:\/\/analyse.optim.biz\/index.php?rest_route=\/wp\/v2\/users\/1"}],"replies":[{"embeddable":true,"href":"https:\/\/analyse.optim.biz\/index.php?rest_route=%2Fwp%2Fv2%2Fcomments&post=2115124"}],"version-history":[{"count":0,"href":"https:\/\/analyse.optim.biz\/index.php?rest_route=\/wp\/v2\/posts\/2115124\/revisions"}],"wp:attachment":[{"href":"https:\/\/analyse.optim.biz\/index.php?rest_route=%2Fwp%2Fv2%2Fmedia&parent=2115124"}],"wp:term":[{"taxonomy":"category","embeddable":true,"href":"https:\/\/analyse.optim.biz\/index.php?rest_route=%2Fwp%2Fv2%2Fcategories&post=2115124"},{"taxonomy":"post_tag","embeddable":true,"href":"https:\/\/analyse.optim.biz\/index.php?rest_route=%2Fwp%2Fv2%2Ftags&post=2115124"}],"curies":[{"name":"wp","href":"https:\/\/api.w.org\/{rel}","templated":true}]}}