{"id":2115123,"date":"2026-08-26T13:39:00","date_gmt":"2026-08-26T10:39:00","guid":{"rendered":"https:\/\/analyse.optim.biz\/?p=2115123"},"modified":"2026-08-26T13:39:00","modified_gmt":"2026-08-26T10:39:00","slug":"politia-locala-timisoara-campioana-la-amenzi-peste-1-000-de-sanctiuni-in-doar-trei-luni","status":"publish","type":"post","link":"https:\/\/analyse.optim.biz\/?p=2115123","title":{"rendered":"Poli\u021bia Local\u0103 Timi\u0219oara, campioan\u0103 la amenzi: peste 1.000 de sanc\u021biuni \u00een doar trei luni"},"content":{"rendered":"<p>[analyse_image type=&#8221;featured&#8221; src=&#8221;https:\/\/orasul-timisoara.ro\/wp-content\/uploads\/2026\/08\/foto13.jpg&#8221;]<\/p>\n<article id=\"post-40539\" class=\"td-post-template-7 post-40539 post type-post status-publish format-standard has-post-thumbnail category-featured category-stiri-timisoara tag-amenzi-politia-locala tag-amenzi-timisoara tag-controale-timisoara tag-legea-61-1991 tag-ordine-si-liniste-publica tag-petreceri-timisoara tag-politia-locala-timisoara-2 tag-politisti-locali-2 tag-sanctiuni-timisoara tag-stiri-timisoara-3 tag-timisoara-2 tag-zgomot-timisoara td-container-wrap\">\n<div class=\"td-full-screen-header-image-wrap\">\n<div class=\"td-container td-post-header\">\n<div class=\"td-crumb-container\">\n<div class=\"entry-crumbs\"><span><a title=\"Vede\u021bi toate articolele \u00een \u0218tiri Locale\" class=\"entry-crumb\" href=\"https:\/\/orasul-timisoara.ro\/local-category\/stiri-timisoara\/\">\u0218tiri Locale<\/a><\/span><span class=\"td-bred-no-url-last\">Poli\u021bia Local\u0103 Timi\u0219oara, campioan\u0103 la amenzi: peste 1.000 de sanc\u021biuni \u00een doar&#8230;<\/span><\/div>\n<\/div>\n<div class=\"td-post-header-holder\">\n<div class=\"td-parallax-header\">\n<header class=\"td-post-title\">\n<ul class=\"td-category\">\n<li class=\"entry-category\"><a href=\"https:\/\/orasul-timisoara.ro\/local-category\/stiri-timisoara\/\">\u0218tiri Locale<\/a><\/li>\n<\/ul>\n<h1 class=\"entry-title\">Poli\u021bia Local\u0103 Timi\u0219oara, campioan\u0103 la amenzi: peste 1.000 de sanc\u021biuni \u00een doar trei luni<\/h1>\n<div class=\"td-module-meta-info\">\n<div class=\"td-post-author-name\">\n<div class=\"td-author-by\">De c\u0103tre<\/div>\n<p><a href=\"https:\/\/orasul-timisoara.ro\/author\/timisoara\/\">redactia<\/a><\/p>\n<div class=\"td-author-line\"> &#8211; <\/div>\n<\/div>\n<p><span class=\"td-post-date\"><time class=\"entry-date updated td-module-date\" datetime=\"2026-08-26T16:39:00+03:00\">26\/08\/2026<\/time><\/span><\/div>\n<\/header>\n<\/div>\n<\/div>\n<\/div>\n<div id=\"td-full-screen-header-image\" class=\"td-image-gradient-style7\"><img decoding=\"async\" class=\"td-backstretch\" src=\"https:\/\/orasul-timisoara.ro\/wp-content\/uploads\/2026\/08\/foto13.jpg\"><\/div>\n<\/div>\n<div class=\"td-container\">\n<div class=\"td-pb-row\">\n<div class=\"td-pb-span8 td-main-content\" role=\"main\">\n<div class=\"td-ss-main-content\">\n<div class=\"td-post-sharing-top\">\n<div class=\"td-post-sharing-classic\"><iframe title=\"topFacebookLike\" frameborder src=\"https:\/\/www.facebook.com\/plugins\/like.php?href=https:\/\/orasul-timisoara.ro\/local-40539\/&amp;layout=button_count&amp;show_faces=false&amp;width=105&amp;action=like&amp;colorscheme=light&amp;height=21\"><\/iframe><\/div>\n<div id=\"td_social_sharing_article_top\" class=\"td-post-sharing td-ps-bg td-ps-notext td-post-sharing-style1 \">\n<div class=\"td-post-sharing-visible\"><a class=\"td-social-sharing-button td-social-sharing-button-js td-social-network td-social-facebook\" href=\"https:\/\/www.facebook.com\/sharer.php?u=https%3A%2F%2Forasul-timisoara.ro%2Flocal-40539%2F\" title=\"Facebook\"><\/p>\n<div class=\"td-social-but-text\">Facebook<\/div>\n<p><\/a><a class=\"td-social-sharing-button td-social-sharing-button-js td-social-network td-social-twitter\" href=\"https:\/\/twitter.com\/intent\/tweet?text=Poli%C8%9Bia+Local%C4%83+Timi%C8%99oara%2C+campioan%C4%83+la+amenzi%3A+peste+1.000+de+sanc%C8%9Biuni+%C3%AEn+doar+trei+luni&amp;url=https%3A%2F%2Forasul-timisoara.ro%2Flocal-40539%2F&amp;via=orasultm\" title=\"Twitter\"><\/p>\n<div class=\"td-social-but-text\">Twitter<\/div>\n<p><\/a><a class=\"td-social-sharing-button td-social-sharing-button-js td-social-network td-social-whatsapp\" href=\"https:\/\/api.whatsapp.com\/send?text=Poli%C8%9Bia+Local%C4%83+Timi%C8%99oara%2C+campioan%C4%83+la+amenzi%3A+peste+1.000+de+sanc%C8%9Biuni+%C3%AEn+doar+trei+luni%20%0A%0A%20https:\/\/orasul-timisoara.ro\/local-40539\/\" title=\"WhatsApp\"><\/p>\n<div class=\"td-social-but-text\">WhatsApp<\/div>\n<p><\/a><a class=\"td-social-sharing-button td-social-sharing-button-js td-social-network td-social-linkedin\" href=\"https:\/\/www.linkedin.com\/shareArticle?mini=true&amp;url=https:\/\/orasul-timisoara.ro\/local-40539\/&amp;title=Poli%C8%9Bia+Local%C4%83+Timi%C8%99oara%2C+campioan%C4%83+la+amenzi%3A+peste+1.000+de+sanc%C8%9Biuni+%C3%AEn+doar+trei+luni\" title=\"Linkedin\"><\/p>\n<div class=\"td-social-but-text\">Linkedin<\/div>\n<p><\/a><a class=\"td-social-sharing-button td-social-sharing-button-js td-social-network td-social-reddit\" href=\"https:\/\/reddit.com\/submit?url=https:\/\/orasul-timisoara.ro\/local-40539\/&amp;title=Poli%C8%9Bia+Local%C4%83+Timi%C8%99oara%2C+campioan%C4%83+la+amenzi%3A+peste+1.000+de+sanc%C8%9Biuni+%C3%AEn+doar+trei+luni\" title=\"ReddIt\"><\/p>\n<div class=\"td-social-but-text\">ReddIt<\/div>\n<p><\/a><a class=\"td-social-sharing-button td-social-sharing-button-js td-social-network td-social-mail\" href=\"mailto:?subject=Poli%C8%9Bia%20Local%C4%83%20Timi%C8%99oara,%20campioan%C4%83%20la%20amenzi:%20peste%201.000%20de%20sanc%C8%9Biuni%20%C3%AEn%20doar%20trei%20luni&amp;body=https:\/\/orasul-timisoara.ro\/local-40539\/\" title=\"Email\"><\/p>\n<div class=\"td-social-but-text\">Email<\/div>\n<p><\/a><a class=\"td-social-sharing-button td-social-sharing-button-js td-social-network td-social-print\" href=\"https:\/\/orasul-timisoara.ro\/local-40539\/\" title=\"Imprimare\"><\/p>\n<div class=\"td-social-but-text\">Imprimare<\/div>\n<p><\/a><\/div>\n<\/div>\n<\/div>\n<div class=\"td-post-content tagdiv-type\">\n<p class=\"wp-block-paragraph\">Poli\u021bia Local\u0103 Timi\u0219oara anun\u021b\u0103 c\u0103 a aplicat peste 1.000 de sanc\u021biuni \u00een ultimele trei luni pentru \u00eenc\u0103lcarea normelor privind ordinea \u0219i lini\u0219tea public\u0103. \u00cen total, 1.032 de persoane fizice \u0219i juridice au fost amendate, valoarea sanc\u021biunilor ajung\u00e2nd la 183.925 de lei.<\/p>\n<p class=\"wp-block-paragraph\">Bilan\u021bul transmis de Poli\u021bia Local\u0103 ridic\u0103 \u00eens\u0103 o \u00eentrebare simpl\u0103: c\u00e2t\u0103 preven\u021bie exist\u0103 \u0219i c\u00e2t de mult se rezum\u0103 interven\u021bia institu\u021biei la aplicarea de amenzi?<\/p>\n<h2 class=\"wp-block-heading\">Peste 1.000 de sanc\u021biuni \u00een trei luni<\/h2>\n<p class=\"wp-block-paragraph\">Potrivit comunicatului Poli\u021biei Locale Timi\u0219oara, num\u0103rul sesiz\u0103rilor privind tulburarea lini\u0219tii publice a crescut semnificativ \u00een perioada sezonului cald, acestea devenind aproape zilnice.<\/p>\n<p class=\"wp-block-paragraph\">\u00cen ultimele trei luni, poli\u021bi\u0219tii locali au sanc\u021bionat 1.032 de persoane fizice \u0219i juridice, \u00een baza Legii 61\/1991. Valoarea total\u0103 a amenzilor a fost de 183.925 de lei.<\/p>\n<p class=\"wp-block-paragraph\">Printre faptele constatate se num\u0103r\u0103 consumul de alcool pe domeniul public, ascultarea sau difuzarea de muzic\u0103 la intensitate ridicat\u0103 \u00een timpul nop\u021bii, petrecerile private organizate \u00een zone reziden\u021biale \u0219i zgomotele produse de conduc\u0103torii auto prin folosirea sistemelor audio la volum ridicat.<\/p>\n<p class=\"wp-block-paragraph\">Poli\u021bia Local\u0103 men\u021bioneaz\u0103, de exemplu, petreceri organizate pe str\u0103zile Virgil Magearu, Lucian Blaga, Wilma Traxel, Demetriade \u0219i Turda, pentru care organizatorii au primit amenzi de 2.000 sau 3.000 de lei.<\/p>\n<p class=\"wp-block-paragraph\">Un alt caz prezentat \u00een comunicat este cel al unui \u0219ofer care a ascultat muzic\u0103 la volum maxim \u00een parcarea \u0218colii Generale nr. 30. Acesta a fost sanc\u021bionat cu 800 de lei.<\/p>\n<h2 class=\"wp-block-heading\">Dar unde este preven\u021bia?<\/h2>\n<p class=\"wp-block-paragraph\">Problema nu este c\u0103 Poli\u021bia Local\u0103 sanc\u021bioneaz\u0103 persoanele care \u00eencalc\u0103 legea. Atunci c\u00e2nd cineva tulbur\u0103 \u00een mod repetat lini\u0219tea vecinilor, organizeaz\u0103 petreceri zgomotoase sau transform\u0103 domeniul public \u00eentr-un loc pentru consum de alcool \u0219i scandal, interven\u021bia autorit\u0103\u021bilor este fireasc\u0103.<\/p>\n<p class=\"wp-block-paragraph\">Problema este c\u0103, din comunicatul Poli\u021biei Locale Timi\u0219oara, rezult\u0103 aproape exclusiv imaginea unei institu\u021bii care m\u0103soar\u0103 eficien\u021ba prin num\u0103rul de amenzi aplicate.<\/p>\n<p class=\"wp-block-paragraph\">1.032 de sanc\u021biuni \u0219i aproape 184.000 de lei \u00eencasa\u021bi reprezint\u0103 o statistic\u0103. Dar pentru un ora\u0219 \u00een care problemele de convie\u021buire apar constant, timi\u0219orenii au nevoie \u0219i de preven\u021bie, interven\u021bie \u00eenainte ca situa\u021biile s\u0103 escaladeze, dialog \u0219i solu\u021bii care s\u0103 rezolve problemele, nu doar s\u0103 le transforme \u00een procese-verbale de contraven\u021bie.<\/p>\n<p class=\"wp-block-paragraph\">O institu\u021bie de ordine public\u0103 ar trebui s\u0103 fie prezent\u0103 nu doar dup\u0103 ce problema s-a produs, ci \u0219i \u00eenainte ca aceasta s\u0103 devin\u0103 una repetitiv\u0103.<\/p>\n<h2 class=\"wp-block-heading\">C\u00e2nd omul vine cu problema, nu ar trebui s\u0103 g\u0103seasc\u0103 doar o u\u0219\u0103 \u00eenchis\u0103<\/h2>\n<p class=\"wp-block-paragraph\">Exist\u0103 \u00eens\u0103 \u0219i o alt\u0103 problem\u0103, mai pu\u021bin vizibil\u0103 \u00een bilan\u021burile oficiale: rela\u021bia dintre institu\u021bie \u0219i cet\u0103\u021beanul care ajunge s\u0103 reclame o situa\u021bie sau s\u0103 cear\u0103 explica\u021bii dup\u0103 ce a fost sanc\u021bionat.<\/p>\n<p class=\"wp-block-paragraph\">Un om care ajunge la ghi\u0219eele unei institu\u021bii publice pentru a-\u0219i expune problema nu ar trebui s\u0103 fie \u00eent\u00e2mpinat cu superioritate, ironie sau indiferen\u021b\u0103. Ar trebui s\u0103 g\u0103seasc\u0103 \u00een primul r\u00e2nd <strong>empatie<\/strong>, respect \u0219i disponibilitatea de a i se explica situa\u021bia \u00een mod clar \u0219i civilizat.<\/p>\n<p class=\"wp-block-paragraph\">Mai ales atunci c\u00e2nd omul vine s\u0103 spun\u0103 c\u0103 amenda primit\u0103 \u00eei creeaz\u0103 o problem\u0103 real\u0103, r\u0103spunsul unei institu\u021bii publice nu poate fi simpla atitudine de tipul \u201ea\u021bi primit amend\u0103, pl\u0103ti\u021bi-o\u201d. \u00cen spatele unei sanc\u021biuni exist\u0103 un om, o familie, o situa\u021bie financiar\u0103 \u0219i, uneori, consecin\u021be care pot fi mult mai complicate dec\u00e2t las\u0103 s\u0103 se vad\u0103 o simpl\u0103 cifr\u0103 \u00eentr-un bilan\u021b.<\/p>\n<p class=\"wp-block-paragraph\">Dac\u0103 Poli\u021bia Local\u0103 \u00ee\u0219i dore\u0219te respect din partea cet\u0103\u021benilor, respectul trebuie s\u0103 func\u021bioneze \u00een ambele sensuri. Autoritatea statului nu ar trebui s\u0103 \u00eensemne arogan\u021b\u0103, iar aplicarea legii nu exclude polite\u021bea, explica\u021bia \u0219i compasiunea fa\u021b\u0103 de omul care ajunge \u00een fa\u021ba institu\u021biei.<\/p>\n<h2 class=\"wp-block-heading\">Legea 61\/1991 \u0219i amenzile care pot ajunge la 6.000 de lei<\/h2>\n<p class=\"wp-block-paragraph\">Poli\u021bia Local\u0103 Timi\u0219oara reaminte\u0219te c\u0103 provocarea sau participarea la scandal \u00een locuri publice, tulburarea lini\u0219tii locuitorilor prin zgomote, strig\u0103te sau larm\u0103, precum \u0219i tulburarea lini\u0219tii locatarilor \u00een intervalele 22:00\u20138:00 \u0219i 13:00\u201314:00 pot fi sanc\u021bionate \u00een baza Legii 61\/1991.<\/p>\n<p class=\"wp-block-paragraph\">De asemenea, organizarea de petreceri private \u0219i utilizarea aparaturii muzicale la o intensitate care tulbur\u0103 lini\u0219tea locuitorilor, \u00een apropierea imobilelor cu destina\u021bia de locuin\u021be sau a celor cu caracter social, se sanc\u021bioneaz\u0103 cu amenzi care pot ajunge, \u00een func\u021bie de fapt\u0103, la 6.000 de lei.<\/p>\n<p class=\"wp-block-paragraph\">Consumul de b\u0103uturi alcoolice \u00een anumite spa\u021bii publice poate fi sanc\u021bionat cu amenzi de p\u00e2n\u0103 la 500 de lei.<\/p>\n<p class=\"wp-block-paragraph\">Respectarea legii este obligatorie, iar Poli\u021bia Local\u0103 are responsabilitatea de a interveni atunci c\u00e2nd aceasta este \u00eenc\u0103lcat\u0103. Dar \u00eentre aplicarea legii \u0219i transformarea amenzii \u00een principalul instrument de lucru exist\u0103 o diferen\u021b\u0103 important\u0103.<\/p>\n<p class=\"wp-block-paragraph\">Timi\u0219orenii nu au nevoie doar de o institu\u021bie care s\u0103 numere amenzile. Au nevoie de o Poli\u021bie Local\u0103 care s\u0103 previn\u0103 problemele, s\u0103 intervin\u0103 eficient, s\u0103 explice \u0219i s\u0103 lucreze \u00eempreun\u0103 cu cet\u0103\u021benii pentru ca acelea\u0219i situa\u021bii s\u0103 nu se repete.<\/p>\n<\/div>\n<footer>\n<div class=\"td-post-source-tags\">\n<ul class=\"td-tags td-post-small-box clearfix\">\n<li><span>ETICHETE<\/span><\/li>\n<li><a href=\"https:\/\/orasul-timisoara.ro\/local-tag\/amenzi-politia-locala\/\">amenzi Poli\u021bia Local\u0103<\/a><\/li>\n<li><a href=\"https:\/\/orasul-timisoara.ro\/local-tag\/amenzi-timisoara\/\">amenzi Timi\u0219oara<\/a><\/li>\n<li><a href=\"https:\/\/orasul-timisoara.ro\/local-tag\/controale-timisoara\/\">controale Timi\u0219oara<\/a><\/li>\n<li><a href=\"https:\/\/orasul-timisoara.ro\/local-tag\/legea-61-1991\/\">Legea 61\/1991<\/a><\/li>\n<li><a href=\"https:\/\/orasul-timisoara.ro\/local-tag\/ordine-si-liniste-publica\/\">ordine \u0219i lini\u0219te public\u0103<\/a><\/li>\n<li><a href=\"https:\/\/orasul-timisoara.ro\/local-tag\/petreceri-timisoara\/\">petreceri Timi\u0219oara<\/a><\/li>\n<li><a href=\"https:\/\/orasul-timisoara.ro\/local-tag\/politia-locala-timisoara-2\/\">Poli\u021bia Local\u0103 Timi\u0219oara<\/a><\/li>\n<li><a href=\"https:\/\/orasul-timisoara.ro\/local-tag\/politisti-locali-2\/\">poli\u021bi\u0219ti locali<\/a><\/li>\n<li><a href=\"https:\/\/orasul-timisoara.ro\/local-tag\/sanctiuni-timisoara\/\">sanc\u021biuni Timi\u0219oara<\/a><\/li>\n<li><a href=\"https:\/\/orasul-timisoara.ro\/local-tag\/stiri-timisoara-3\/\">\u0218tiri Timi\u0219oara<\/a><\/li>\n<li><a href=\"https:\/\/orasul-timisoara.ro\/local-tag\/timisoara-2\/\">timi\u0219oara<\/a><\/li>\n<li><a href=\"https:\/\/orasul-timisoara.ro\/local-tag\/zgomot-timisoara\/\">zgomot Timi\u0219oara<\/a><\/li>\n<\/ul>\n<\/div>\n<div class=\"td-post-sharing-bottom\">\n<div class=\"td-post-sharing-classic\"><iframe title=\"bottomFacebookLike\" frameborder src=\"https:\/\/www.facebook.com\/plugins\/like.php?href=https:\/\/orasul-timisoara.ro\/local-40539\/&amp;layout=button_count&amp;show_faces=false&amp;width=105&amp;action=like&amp;colorscheme=light&amp;height=21\"><\/iframe><\/div>\n<div id=\"td_social_sharing_article_bottom\" class=\"td-post-sharing td-ps-bg td-ps-notext td-post-sharing-style1 \">\n<div class=\"td-post-sharing-visible\"><a class=\"td-social-sharing-button td-social-sharing-button-js td-social-network td-social-facebook\" href=\"https:\/\/www.facebook.com\/sharer.php?u=https%3A%2F%2Forasul-timisoara.ro%2Flocal-40539%2F\" title=\"Facebook\"><\/p>\n<div class=\"td-social-but-text\">Facebook<\/div>\n<p><\/a><a class=\"td-social-sharing-button td-social-sharing-button-js td-social-network td-social-twitter\" href=\"https:\/\/twitter.com\/intent\/tweet?text=Poli%C8%9Bia+Local%C4%83+Timi%C8%99oara%2C+campioan%C4%83+la+amenzi%3A+peste+1.000+de+sanc%C8%9Biuni+%C3%AEn+doar+trei+luni&amp;url=https%3A%2F%2Forasul-timisoara.ro%2Flocal-40539%2F&amp;via=orasultm\" title=\"Twitter\"><\/p>\n<div class=\"td-social-but-text\">Twitter<\/div>\n<p><\/a><a class=\"td-social-sharing-button td-social-sharing-button-js td-social-network td-social-whatsapp\" href=\"https:\/\/api.whatsapp.com\/send?text=Poli%C8%9Bia+Local%C4%83+Timi%C8%99oara%2C+campioan%C4%83+la+amenzi%3A+peste+1.000+de+sanc%C8%9Biuni+%C3%AEn+doar+trei+luni%20%0A%0A%20https:\/\/orasul-timisoara.ro\/local-40539\/\" title=\"WhatsApp\"><\/p>\n<div class=\"td-social-but-text\">WhatsApp<\/div>\n<p><\/a><a class=\"td-social-sharing-button td-social-sharing-button-js td-social-network td-social-linkedin\" href=\"https:\/\/www.linkedin.com\/shareArticle?mini=true&amp;url=https:\/\/orasul-timisoara.ro\/local-40539\/&amp;title=Poli%C8%9Bia+Local%C4%83+Timi%C8%99oara%2C+campioan%C4%83+la+amenzi%3A+peste+1.000+de+sanc%C8%9Biuni+%C3%AEn+doar+trei+luni\" title=\"Linkedin\"><\/p>\n<div class=\"td-social-but-text\">Linkedin<\/div>\n<p><\/a><a class=\"td-social-sharing-button td-social-sharing-button-js td-social-network td-social-reddit\" href=\"https:\/\/reddit.com\/submit?url=https:\/\/orasul-timisoara.ro\/local-40539\/&amp;title=Poli%C8%9Bia+Local%C4%83+Timi%C8%99oara%2C+campioan%C4%83+la+amenzi%3A+peste+1.000+de+sanc%C8%9Biuni+%C3%AEn+doar+trei+luni\" title=\"ReddIt\"><\/p>\n<div class=\"td-social-but-text\">ReddIt<\/div>\n<p><\/a><a class=\"td-social-sharing-button td-social-sharing-button-js td-social-network td-social-mail\" href=\"mailto:?subject=Poli%C8%9Bia%20Local%C4%83%20Timi%C8%99oara,%20campioan%C4%83%20la%20amenzi:%20peste%201.000%20de%20sanc%C8%9Biuni%20%C3%AEn%20doar%20trei%20luni&amp;body=https:\/\/orasul-timisoara.ro\/local-40539\/\" title=\"Email\"><\/p>\n<div class=\"td-social-but-text\">Email<\/div>\n<p><\/a><a class=\"td-social-sharing-button td-social-sharing-button-js td-social-network td-social-print\" href=\"https:\/\/orasul-timisoara.ro\/local-40539\/\" title=\"Imprimare\"><\/p>\n<div class=\"td-social-but-text\">Imprimare<\/div>\n<p><\/a><\/div>\n<\/div>\n<\/div>\n<div class=\"td-block-row td-post-next-prev\">\n<div class=\"td-block-span6 td-post-prev-post\">\n<div class=\"td-post-next-prev-content\"><span>Articolul precedent<\/span><a href=\"https:\/\/orasul-timisoara.ro\/local-40536\/\">Restric\u021bii de circula\u021bie \u00een Timi\u0219oara: se \u00eenchid bulevardul Revolu\u021biei 1989 \u0219i Calea Martirilor<\/a><\/div>\n<\/div>\n<div class=\"td-block-span6 td-post-next-post\">\n<div class=\"td-post-next-prev-content\"><span>Articolul urm\u0103tor<\/span><a href=\"https:\/\/orasul-timisoara.ro\/local-40542\/\">Markus Schulz vine la Timi\u0219oara Music Festival! Show spectaculos \u00een Parcul Rozelor, cu acces gratuit<\/a><\/div>\n<\/div>\n<\/div>\n<div class=\"td-author-name vcard author\"><span class=\"fn\"><a href=\"https:\/\/orasul-timisoara.ro\/author\/timisoara\/\">redactia<\/a><\/span><\/div>\n<p><span class=\"td-page-meta\"><\/span><span class=\"td-page-meta\"><span class=\"td-page-meta\"><\/span><\/span><span class=\"td-page-meta\"><\/span><\/footer>\n<div class=\"td_block_wrap td_block_related_posts tdi_3 td_with_ajax_pagination td-pb-border-top td_block_template_8\" data-td-block-uid=\"tdi_3\">\n<h4 class=\"td-related-title td-block-title\"><a id=\"tdi_4\" class=\"td-related-left td-cur-simple-item\" data-td_filter_value data-td_block_id=\"tdi_3\" href=\"https:\/\/orasul-timisoara.ro\/local-40539\/\">ARTICOLE SIMILARE<\/a><a id=\"tdi_5\" class=\"td-related-right\" data-td_filter_value=\"td_related_more_from_author\" data-td_block_id=\"tdi_3\" href=\"https:\/\/orasul-timisoara.ro\/local-40539\/\">DE LA ACELA\u0218I AUTOR<\/a><\/h4>\n<div id=\"tdi_3\" class=\"td_block_inner\">\n<div class=\"td-related-row\">\n<div class=\"td-related-span4\">\n<div class=\"td_module_related_posts td-animation-stack td_mod_related_posts\">\n<div class=\"td-module-image\">\n<div class=\"td-module-thumb\"><a href=\"https:\/\/orasul-timisoara.ro\/local-34506\/\" rel=\"bookmark\" class=\"td-image-wrap \" title=\"Amenzi record \u00een Timi\u0219oara: 480.500 lei pentru abandon de de\u0219euri\"><img loading=\"lazy\" decoding=\"async\" class=\"entry-thumb\" src=\"https:\/\/orasul-timisoara.ro\/wp-content\/uploads\/2025\/09\/foto-radu-de-la-afumati1-1-436x300.jpg\" alt title=\"Amenzi record \u00een Timi\u0219oara: 480.500 lei pentru abandon de de\u0219euri\" width=\"218\" height=\"150\"><\/a><\/div>\n<\/div>\n<div class=\"item-details\">\n<h3 class=\"entry-title td-module-title\"><a href=\"https:\/\/orasul-timisoara.ro\/local-34506\/\" rel=\"bookmark\" title=\"Amenzi record \u00een Timi\u0219oara: 480.500 lei pentru abandon de de\u0219euri\">Amenzi record \u00een Timi\u0219oara: 480.500 lei pentru abandon de de\u0219euri<\/a><\/h3>\n<\/div>\n<\/div>\n<\/div>\n<div class=\"td-related-span4\">\n<div class=\"td_module_related_posts td-animation-stack td_mod_related_posts\">\n<div class=\"td-module-image\">\n<div class=\"td-module-thumb\"><a href=\"https:\/\/orasul-timisoara.ro\/local-33289\/\" rel=\"bookmark\" class=\"td-image-wrap \" title=\"Traficul greu sanc\u021bionat \u00een Timi\u0219oara: 130 de amenzi aplicate pentru \u00eenc\u0103lcarea restric\u021biilor de tonaj\"><img loading=\"lazy\" decoding=\"async\" class=\"entry-thumb\" src=\"https:\/\/orasul-timisoara.ro\/wp-content\/uploads\/2025\/07\/tonaj04-436x300.jpg\" alt title=\"Traficul greu sanc\u021bionat \u00een Timi\u0219oara: 130 de amenzi aplicate pentru \u00eenc\u0103lcarea restric\u021biilor de tonaj\" width=\"218\" height=\"150\"><\/a><\/div>\n<\/div>\n<div class=\"item-details\">\n<h3 class=\"entry-title td-module-title\"><a href=\"https:\/\/orasul-timisoara.ro\/local-33289\/\" rel=\"bookmark\" title=\"Traficul greu sanc\u021bionat \u00een Timi\u0219oara: 130 de amenzi aplicate pentru \u00eenc\u0103lcarea restric\u021biilor de tonaj\">Traficul greu sanc\u021bionat \u00een Timi\u0219oara: 130 de amenzi aplicate pentru \u00eenc\u0103lcarea restric\u021biilor de tonaj<\/a><\/h3>\n<\/div>\n<\/div>\n<\/div>\n<div class=\"td-related-span4\">\n<div class=\"td_module_related_posts td-animation-stack td_mod_related_posts\">\n<div class=\"td-module-image\">\n<div class=\"td-module-thumb\"><a href=\"https:\/\/orasul-timisoara.ro\/local-33210\/\" rel=\"bookmark\" class=\"td-image-wrap \" title=\"Fast-food din Timi\u0219oara, amendat cu 60.000 lei pentru aruncare ilegal\u0103 de de\u0219euri\"><img loading=\"lazy\" decoding=\"async\" class=\"entry-thumb\" src=\"https:\/\/orasul-timisoara.ro\/wp-content\/uploads\/2025\/07\/deseuri2-1-436x300.jpg\" alt title=\"Fast-food din Timi\u0219oara, amendat cu 60.000 lei pentru aruncare ilegal\u0103 de de\u0219euri\" width=\"218\" height=\"150\"><\/a><\/div>\n<\/div>\n<div class=\"item-details\">\n<h3 class=\"entry-title td-module-title\"><a href=\"https:\/\/orasul-timisoara.ro\/local-33210\/\" rel=\"bookmark\" title=\"Fast-food din Timi\u0219oara, amendat cu 60.000 lei pentru aruncare ilegal\u0103 de de\u0219euri\">Fast-food din Timi\u0219oara, amendat cu 60.000 lei pentru aruncare ilegal\u0103 de de\u0219euri<\/a><\/h3>\n<\/div>\n<\/div>\n<\/div>\n<\/div>\n<\/div>\n<\/div>\n<div class=\"comments\" id=\"comments\">\n<div id=\"respond\" class=\"comment-respond\">\n<h3 id=\"reply-title\" class=\"comment-reply-title\">L\u0102SA\u021aI UN MESAJ<\/h3>\n<div class=\"comment-form-input-wrap td-form-comment\">\n<div class=\"td-warning-comment\">V\u0103 rug\u0103m s\u0103 introduce\u021bi comentariul dvs.!<\/div>\n<\/div>\n<div class=\"comment-form-input-wrap td-form-author\">\n<div class=\"td-warning-author\">Introduce\u021bi aici numele dvs.<\/div>\n<\/div>\n<div class=\"comment-form-input-wrap td-form-email\">\n<div class=\"td-warning-email-error\">A\u021bi introdus o adres\u0103 de e-mail incorect\u0103!<\/div>\n<div class=\"td-warning-email\">V\u0103 rug\u0103m s\u0103 introduce\u021bi adresa dvs. de e-mail aici<\/div>\n<\/div>\n<\/div>\n<p class=\"akismet_comment_form_privacy_notice\">Acest site folose\u0219te Akismet pentru a reduce spamul. <a href=\"https:\/\/akismet.com\/privacy\/\" target=\"_blank\" rel=\"nofollow noopener\">Afl\u0103 cum sunt procesate datele comentariilor tale<\/a>.<\/p>\n<\/div>\n<\/div>\n<\/div>\n<div class=\"td-pb-span4 td-main-sidebar\" role=\"complementary\">\n<div class=\"td-ss-main-sidebar\">\n<aside id=\"block-4\" class=\"td_block_template_8 widget block-4 widget_block widget_media_image\">\n<figure class=\"wp-block-image size-full\"><img loading=\"lazy\" decoding=\"async\" width=\"336\" height=\"280\" src=\"https:\/\/orasul-timisoara.ro\/wp-content\/uploads\/2024\/11\/ReTIM-Abonamentul-Verde-Google-Ads-336x280px.gif\" alt class=\"wp-image-29257\"><\/figure>\n<\/aside>\n<div class=\"td_block_wrap td_block_social_counter td_block_widget tdi_6 td-social-style5 td-social-boxed td-pb-border-top td_block_template_8\">\n<div class=\"td-block-title-wrap\">\n<h4 class=\"td-block-title\"><span>Urm\u0103re\u0219te-ne pe Social Media<\/span><\/h4>\n<\/div>\n<div class=\"td-social-list\">\n<div class=\"td_social_type td-pb-margin-side td_social_facebook\">\n<div class=\"td-social-box\"><span class=\"td_social_info td_social_info_counter\">344,595<\/span><span class=\"td_social_info td_social_info_name\">Fani<\/span><span class=\"td_social_button\"><a href=\"https:\/\/www.facebook.com\/247timisoara\" target=\"_blank\" rel=\"nofollow\">\u00cemi place<\/a><\/span><\/div>\n<\/div>\n<div class=\"td_social_type td-pb-margin-side td_social_instagram\">\n<div class=\"td-social-box\"><span class=\"td_social_info td_social_info_counter\">4,416<\/span><span class=\"td_social_info td_social_info_name\">Cititori<\/span><span class=\"td_social_button\"><a href=\"https:\/\/instagram.com\/orasultimisoararo\/\" target=\"_blank\" rel=\"nofollow\">Conecta\u021bi-v\u0103<\/a><\/span><\/div>\n<\/div>\n<div class=\"td_social_type td-pb-margin-side td_social_rss\">\n<div class=\"td-social-box\"><span class=\"td_social_info td_social_info_counter\">12,506<\/span><span class=\"td_social_info td_social_info_name\">Cititori<\/span><span class=\"td_social_button\"><a href=\"https:\/\/orasul-timisoara.ro\/feed\/\" target=\"_blank\" rel=\"nofollow\">Conecta\u021bi-v\u0103<\/a><\/span><\/div>\n<\/div>\n<div class=\"td_social_type td-pb-margin-side td_social_tiktok\">\n<div class=\"td-social-box\"><span class=\"td_social_info td_social_info_counter\">1,500<\/span><span class=\"td_social_info td_social_info_name\">Cititori<\/span><span class=\"td_social_button\"><a href=\"https:\/\/www.tiktok.com\/@orasultimisoara\" target=\"_blank\" rel=\"nofollow\">Conecta\u021bi-v\u0103<\/a><\/span><\/div>\n<\/div>\n<div class=\"td_social_type td-pb-margin-side td_social_twitter\">\n<div class=\"td-social-box\"><span class=\"td_social_info td_social_info_counter\">1,595<\/span><span class=\"td_social_info td_social_info_name\">Cititori<\/span><span class=\"td_social_button\"><a href=\"https:\/\/twitter.com\/orasultm\" target=\"_blank\" rel=\"nofollow\">Conecta\u021bi-v\u0103<\/a><\/span><\/div>\n<\/div>\n<div class=\"td_social_type td-pb-margin-side td_social_youtube\">\n<div class=\"td-social-box\"><span class=\"td_social_info td_social_info_counter\">3,506<\/span><span class=\"td_social_info td_social_info_name\">Abona\u021bi<\/span><span class=\"td_social_button\"><a href=\"https:\/\/www.youtube.com\/channel\/UCQNsQvs2XCSIm1Z-AHRturw?sub_confirmation=1\" target=\"_blank\" rel=\"nofollow\">Abona\u021bi-v\u0103<\/a><\/span><\/div>\n<\/div>\n<\/div>\n<\/div>\n<aside id=\"text-7\" class=\"td_block_template_8 widget text-7 widget_text\">\n<h4 class=\"td-block-title\"><span>C\u0103ut\u0103ri populare pe OTM<\/span><\/h4>\n<div class=\"textwidget\"><a href=\"https:\/\/orasul-timisoara.ro\/?s=timisoara\"><span>Timisoara<\/span><\/a><a href=\"https:\/\/orasul-timisoara.ro\/?s=calin+dobra\"><span>Calin Dobra<\/span><\/a><a href=\"https:\/\/orasul-timisoara.ro\/?s=primaria+timisoara\"><span>Primaria Timisoara<\/span><\/a><a href=\"https:\/\/orasul-timisoara.ro\/?s=dominic+fritz\"><span>Dominic Fritz<\/span><\/a><a href=\"https:\/\/orasul-timisoara.ro\/?s=nicolae+robu\"><span>Nicolae Robu<\/span><\/a><a href=\"https:\/\/orasul-timisoara.ro\/?s=consiliul+local+timisoara\">Consiliul Local Timisoara<\/a><a href=\"https:\/\/orasul-timisoara.ro\/?s=consiliul+judetean+timis\"><span>Consiliul Judetean Timis<\/span><\/a><a href=\"https:\/\/orasul-timisoara.ro\/?s=cjt\"><span>CJT<\/span><\/a><a href=\"https:\/\/orasul-timisoara.ro\/?s=Alfred+Simonis\"><span>Alfred Simonis<\/span><\/a><a href=\"https:\/\/orasul-timisoara.ro\/?s=PNL\"><span>PNL<\/span><\/a><a href=\"https:\/\/orasul-timisoara.ro\/?s=coronavirus\"><span>coronavirus<\/span><\/a><a href=\"https:\/\/orasul-timisoara.ro\/?s=teatru+timisoara\">teatru Timisoara<\/a><a href=\"https:\/\/orasul-timisoara.ro\/?s=restaurante\"><span>restaurante Timisoara<\/span><\/a><a href=\"https:\/\/orasul-timisoara.ro\/?s=diskoteka\"><span>Diskoteka<\/span><\/a><a href=\"https:\/\/orasul-timisoara.ro\/?s=iulius+town\"><span>Iulius Town<\/span><\/a><a href=\"https:\/\/orasul-timisoara.ro\/?s=iulius+mall\"><span>Iulius Mall<\/span><\/a><a href=\"https:\/\/orasul-timisoara.ro\/?s=stpt\"><span>STPT<\/span><\/a><a href=\"https:\/\/orasul-timisoara.ro\/?s=alin+nica\"><span>Alin Nica<\/span><\/a><a href=\"https:\/\/orasul-timisoara.ro\/?s=psd\"><span>PSD<\/span><\/a><a href=\"https:\/\/orasul-timisoara.ro\/?s=aeroport\"><span>Aeroportul International Timisoara<\/span><\/a><a href=\"https:\/\/orasul-timisoara.ro\/?s=babes\"><span>Spitalul Victor Babes Timisoara<\/span><\/a><a href=\"https:\/\/orasul-timisoara.ro\/?s=poli\"><span>Poli Timi\u0219oara<\/span><\/a><a href=\"https:\/\/orasul-timisoara.ro\/?s=carantina\"><span>carantina<\/span><\/a><a href=\"https:\/\/orasul-timisoara.ro\/?s=aquatim\"><span>Aquatim<\/span><\/a><a href=\"https:\/\/orasul-timisoara.ro\/local-category\/stiri-timisoara\/\"><span>Stiri Timisoara<\/span><\/a><a href=\"https:\/\/orasul-timisoara.ro\/local-category\/investitii-in-timisoara\/\"><span>Investi\u021bii in Timi\u0219oara<\/span><\/a><a href=\"https:\/\/orasul-timisoara.ro\/local-9463\/\"><span>shaorma<\/span><\/a><a href=\"https:\/\/orasul-timisoara.ro\/?s=trafic\"><span>trafic rutier<\/span><\/a><a href=\"https:\/\/orasul-timisoara.ro\/?s=politia\"><span>politia locala timisoara<\/span><\/a><a href=\"https:\/\/orasul-timisoara.ro\/?s=roxana\"><span>Roxana Iliescu<\/span><\/a><a href=\"https:\/\/orasul-timisoara.ro\/?s=colterm\"><span>Colterm<\/span><\/a><a href=\"https:\/\/orasul-timisoara.ro\/?s=latcau\"><span>Ruben La\u021bc\u0103u<\/span><\/a><a href=\"https:\/\/orasul-timisoara.ro\/?s=timis\"><span>\u0218tiri din Timi\u0219<\/span><\/a><a href=\"https:\/\/orasul-timisoara.ro\/?s=spital\"><span>Spitale din Timi\u0219oara<\/span><\/a><a href=\"https:\/\/orasul-timisoara.ro\/?s=tabara\"><span>Cosmin Tab\u0103r\u0103<\/span><\/a><\/div>\n<\/aside>\n<aside id=\"rss-2\" class=\"td_block_template_8 widget rss-2 widget_rss\">\n<h4 class=\"td-block-title\"><span><a class=\"rsswidget rss-widget-feed\" href=\"https:\/\/fashionfridays.ro\/feed\"><img decoding=\"async\" class=\"rss-widget-icon\" width=\"14\" height=\"14\" src=\"https:\/\/orasul-timisoara.ro\/wp-includes\/images\/rss.png\" alt=\"Flux RSS: Fashion Fridays\" loading=\"lazy\"><\/a><a class=\"rsswidget rss-widget-title\" href=\"https:\/\/fashionfridays.ro\/\">Fashion Fridays<\/a><\/span><\/h4>\n<ul>\n<li><a class=\"rsswidget\" href=\"https:\/\/fashionfridays.ro\/romania-devine-a-29-a-piata-vogue-o-noua-era-pentru-industria-locala-de-moda\/\">Rom\u00e2nia devine a 29-a pia\u021b\u0103 Vogue: o nou\u0103 er\u0103 pentru industria local\u0103 de mod\u0103<\/a>\n<div class=\"rssSummary\">Revista Vogue \u00ee\u0219i extinde prezen\u021ba global\u0103 \u0219i va fi lansat\u0103 oficial \u00een Rom\u00e2nia \u00een prim\u0103vara anului 2027, marc\u00e2nd intrarea pe cea de-a 29-a pia\u021b\u0103 interna\u021bional\u0103. Proiectul este realizat \u00een parteneriat cu AEMME Publishing, o companie media recent \u00eenfiin\u021bat\u0103, care va publica edi\u021bia local\u0103 sub licen\u021b\u0103. Noua edi\u021bie, Vogue Rom\u00e2nia, \u00ee\u0219i propune s\u0103 combine autoritatea global\u0103 [\u2026]<\/div>\n<\/li>\n<\/ul>\n<\/aside>\n<aside id=\"rss-4\" class=\"td_block_template_8 widget rss-4 widget_rss\">\n<h4 class=\"td-block-title\"><span><a class=\"rsswidget rss-widget-feed\" href=\"https:\/\/emasini.ro\/feed\"><img decoding=\"async\" class=\"rss-widget-icon\" width=\"14\" height=\"14\" src=\"https:\/\/orasul-timisoara.ro\/wp-includes\/images\/rss.png\" alt=\"Flux RSS: eMasini\" loading=\"lazy\"><\/a><a class=\"rsswidget rss-widget-title\" href=\"https:\/\/emasini.ro\/\">eMasini<\/a><\/span><\/h4>\n<ul>\n<li><a class=\"rsswidget\" href=\"https:\/\/emasini.ro\/adio-bordurilor-pline-de-ecrane-mercedes-benz-readuce-butoanele-in-noile-masini-produse\/\">Adio bordurilor pline de ecrane? Mercedes-Benz readuce butoanele \u00een noile ma\u0219ini produse<\/a>\n<div class=\"rssSummary\">Mercedes-Benz \u00ee\u0219i schimb\u0103 direc\u021bia \u00een ceea ce prive\u0219te designul interioarelor \u0219i va readuce comenzile fizice pentru anumite func\u021bii importante. Constructorul german nu renun\u021b\u0103 la ecranele mari \u0219i la tehnologiile digitale, dar recunoa\u0219te c\u0103 a mers prea departe prin eliminarea unor butoane \u0219i comenzi tactile. Ola K\u00e4llenius, pre\u0219edintele Consiliului de Administra\u021bie al Mercedes-Benz Group \u0219i CEO [\u2026]<\/div>\n<\/li>\n<\/ul>\n<\/aside>\n<\/div>\n<\/div>\n<\/div>\n<\/div>\n<\/article>\n<div class=\"td-post-content tagdiv-type\">\n<p class=\"wp-block-paragraph\">Poli\u021bia Local\u0103 Timi\u0219oara anun\u021b\u0103 c\u0103 a aplicat peste 1.000 de sanc\u021biuni \u00een ultimele trei luni pentru \u00eenc\u0103lcarea normelor privind ordinea \u0219i lini\u0219tea public\u0103. \u00cen total, 1.032 de persoane fizice \u0219i juridice au fost amendate, valoarea sanc\u021biunilor ajung\u00e2nd la 183.925 de lei.<\/p>\n<p class=\"wp-block-paragraph\">Bilan\u021bul transmis de Poli\u021bia Local\u0103 ridic\u0103 \u00eens\u0103 o \u00eentrebare simpl\u0103: c\u00e2t\u0103 preven\u021bie exist\u0103 \u0219i c\u00e2t de mult se rezum\u0103 interven\u021bia institu\u021biei la aplicarea de amenzi?<\/p>\n<h2 class=\"wp-block-heading\">Peste 1.000 de sanc\u021biuni \u00een trei luni<\/h2>\n<p class=\"wp-block-paragraph\">Potrivit comunicatului Poli\u021biei Locale Timi\u0219oara, num\u0103rul sesiz\u0103rilor privind tulburarea lini\u0219tii publice a crescut semnificativ \u00een perioada sezonului cald, acestea devenind aproape zilnice.<\/p>\n<p class=\"wp-block-paragraph\">\u00cen ultimele trei luni, poli\u021bi\u0219tii locali au sanc\u021bionat 1.032 de persoane fizice \u0219i juridice, \u00een baza Legii 61\/1991. Valoarea total\u0103 a amenzilor a fost de 183.925 de lei.<\/p>\n<p class=\"wp-block-paragraph\">Printre faptele constatate se num\u0103r\u0103 consumul de alcool pe domeniul public, ascultarea sau difuzarea de muzic\u0103 la intensitate ridicat\u0103 \u00een timpul nop\u021bii, petrecerile private organizate \u00een zone reziden\u021biale \u0219i zgomotele produse de conduc\u0103torii auto prin folosirea sistemelor audio la volum ridicat.<\/p>\n<p class=\"wp-block-paragraph\">Poli\u021bia Local\u0103 men\u021bioneaz\u0103, de exemplu, petreceri organizate pe str\u0103zile Virgil Magearu, Lucian Blaga, Wilma Traxel, Demetriade \u0219i Turda, pentru care organizatorii au primit amenzi de 2.000 sau 3.000 de lei.<\/p>\n<p class=\"wp-block-paragraph\">Un alt caz prezentat \u00een comunicat este cel al unui \u0219ofer care a ascultat muzic\u0103 la volum maxim \u00een parcarea \u0218colii Generale nr. 30. Acesta a fost sanc\u021bionat cu 800 de lei.<\/p>\n<h2 class=\"wp-block-heading\">Dar unde este preven\u021bia?<\/h2>\n<p class=\"wp-block-paragraph\">Problema nu este c\u0103 Poli\u021bia Local\u0103 sanc\u021bioneaz\u0103 persoanele care \u00eencalc\u0103 legea. Atunci c\u00e2nd cineva tulbur\u0103 \u00een mod repetat lini\u0219tea vecinilor, organizeaz\u0103 petreceri zgomotoase sau transform\u0103 domeniul public \u00eentr-un loc pentru consum de alcool \u0219i scandal, interven\u021bia autorit\u0103\u021bilor este fireasc\u0103.<\/p>\n<p class=\"wp-block-paragraph\">Problema este c\u0103, din comunicatul Poli\u021biei Locale Timi\u0219oara, rezult\u0103 aproape exclusiv imaginea unei institu\u021bii care m\u0103soar\u0103 eficien\u021ba prin num\u0103rul de amenzi aplicate.<\/p>\n<p class=\"wp-block-paragraph\">1.032 de sanc\u021biuni \u0219i aproape 184.000 de lei \u00eencasa\u021bi reprezint\u0103 o statistic\u0103. Dar pentru un ora\u0219 \u00een care problemele de convie\u021buire apar constant, timi\u0219orenii au nevoie \u0219i de preven\u021bie, interven\u021bie \u00eenainte ca situa\u021biile s\u0103 escaladeze, dialog \u0219i solu\u021bii care s\u0103 rezolve problemele, nu doar s\u0103 le transforme \u00een procese-verbale de contraven\u021bie.<\/p>\n<p class=\"wp-block-paragraph\">O institu\u021bie de ordine public\u0103 ar trebui s\u0103 fie prezent\u0103 nu doar dup\u0103 ce problema s-a produs, ci \u0219i \u00eenainte ca aceasta s\u0103 devin\u0103 una repetitiv\u0103.<\/p>\n<h2 class=\"wp-block-heading\">C\u00e2nd omul vine cu problema, nu ar trebui s\u0103 g\u0103seasc\u0103 doar o u\u0219\u0103 \u00eenchis\u0103<\/h2>\n<p class=\"wp-block-paragraph\">Exist\u0103 \u00eens\u0103 \u0219i o alt\u0103 problem\u0103, mai pu\u021bin vizibil\u0103 \u00een bilan\u021burile oficiale: rela\u021bia dintre institu\u021bie \u0219i cet\u0103\u021beanul care ajunge s\u0103 reclame o situa\u021bie sau s\u0103 cear\u0103 explica\u021bii dup\u0103 ce a fost sanc\u021bionat.<\/p>\n<p class=\"wp-block-paragraph\">Un om care ajunge la ghi\u0219eele unei institu\u021bii publice pentru a-\u0219i expune problema nu ar trebui s\u0103 fie \u00eent\u00e2mpinat cu superioritate, ironie sau indiferen\u021b\u0103. Ar trebui s\u0103 g\u0103seasc\u0103 \u00een primul r\u00e2nd <strong>empatie<\/strong>, respect \u0219i disponibilitatea de a i se explica situa\u021bia \u00een mod clar \u0219i civilizat.<\/p>\n<p class=\"wp-block-paragraph\">Mai ales atunci c\u00e2nd omul vine s\u0103 spun\u0103 c\u0103 amenda primit\u0103 \u00eei creeaz\u0103 o problem\u0103 real\u0103, r\u0103spunsul unei institu\u021bii publice nu poate fi simpla atitudine de tipul \u201ea\u021bi primit amend\u0103, pl\u0103ti\u021bi-o\u201d. \u00cen spatele unei sanc\u021biuni exist\u0103 un om, o familie, o situa\u021bie financiar\u0103 \u0219i, uneori, consecin\u021be care pot fi mult mai complicate dec\u00e2t las\u0103 s\u0103 se vad\u0103 o simpl\u0103 cifr\u0103 \u00eentr-un bilan\u021b.<\/p>\n<p class=\"wp-block-paragraph\">Dac\u0103 Poli\u021bia Local\u0103 \u00ee\u0219i dore\u0219te respect din partea cet\u0103\u021benilor, respectul trebuie s\u0103 func\u021bioneze \u00een ambele sensuri. Autoritatea statului nu ar trebui s\u0103 \u00eensemne arogan\u021b\u0103, iar aplicarea legii nu exclude polite\u021bea, explica\u021bia \u0219i compasiunea fa\u021b\u0103 de omul care ajunge \u00een fa\u021ba institu\u021biei.<\/p>\n<h2 class=\"wp-block-heading\">Legea 61\/1991 \u0219i amenzile care pot ajunge la 6.000 de lei<\/h2>\n<p class=\"wp-block-paragraph\">Poli\u021bia Local\u0103 Timi\u0219oara reaminte\u0219te c\u0103 provocarea sau participarea la scandal \u00een locuri publice, tulburarea lini\u0219tii locuitorilor prin zgomote, strig\u0103te sau larm\u0103, precum \u0219i tulburarea lini\u0219tii locatarilor \u00een intervalele 22:00\u20138:00 \u0219i 13:00\u201314:00 pot fi sanc\u021bionate \u00een baza Legii 61\/1991.<\/p>\n<p class=\"wp-block-paragraph\">De asemenea, organizarea de petreceri private \u0219i utilizarea aparaturii muzicale la o intensitate care tulbur\u0103 lini\u0219tea locuitorilor, \u00een apropierea imobilelor cu destina\u021bia de locuin\u021be sau a celor cu caracter social, se sanc\u021bioneaz\u0103 cu amenzi care pot ajunge, \u00een func\u021bie de fapt\u0103, la 6.000 de lei.<\/p>\n<p class=\"wp-block-paragraph\">Consumul de b\u0103uturi alcoolice \u00een anumite spa\u021bii publice poate fi sanc\u021bionat cu amenzi de p\u00e2n\u0103 la 500 de lei.<\/p>\n<p class=\"wp-block-paragraph\">Respectarea legii este obligatorie, iar Poli\u021bia Local\u0103 are responsabilitatea de a interveni atunci c\u00e2nd aceasta este \u00eenc\u0103lcat\u0103. Dar \u00eentre aplicarea legii \u0219i transformarea amenzii \u00een principalul instrument de lucru exist\u0103 o diferen\u021b\u0103 important\u0103.<\/p>\n<p class=\"wp-block-paragraph\">Timi\u0219orenii nu au nevoie doar de o institu\u021bie care s\u0103 numere amenzile. Au nevoie de o Poli\u021bie Local\u0103 care s\u0103 previn\u0103 problemele, s\u0103 intervin\u0103 eficient, s\u0103 explice \u0219i s\u0103 lucreze \u00eempreun\u0103 cu cet\u0103\u021benii pentru ca acelea\u0219i situa\u021bii s\u0103 nu se repete.<\/p>\n<\/div>\n<p>[analyse_source url=&#8221;https:\/\/orasul-timisoara.ro\/local-40539\/&#8221;]<\/p>\n","protected":false},"excerpt":{"rendered":"<p>[analyse_image type=&#8221;featured&#8221; src=&#8221;https:\/\/orasul-timisoara.ro\/wp-content\/uploads\/2026\/08\/foto13.jpg&#8221;] \u0218tiri LocalePoli\u021bia Local\u0103 Timi\u0219oara, campioan\u0103 la amenzi: peste 1.000 de sanc\u021biuni \u00een doar&#8230; \u0218tiri Locale Poli\u021bia Local\u0103 Timi\u0219oara, campioan\u0103 la amenzi: peste 1.000 de sanc\u021biuni \u00een doar trei luni De c\u0103tre redactia &#8211; 26\/08\/2026 Facebook Twitter WhatsApp Linkedin ReddIt Email Imprimare Poli\u021bia Local\u0103 Timi\u0219oara anun\u021b\u0103 c\u0103 a aplicat peste 1.000 de sanc\u021biuni [&hellip;]<\/p>\n","protected":false},"author":1,"featured_media":0,"comment_status":"open","ping_status":"","sticky":false,"template":"","format":"standard","meta":{"footnotes":""},"categories":[89],"tags":[226,189],"class_list":["post-2115123","post","type-post","status-publish","format-standard","hentry","category-romania","tag-crawlmanager","tag-orasul-timisoara-ro"],"_links":{"self":[{"href":"https:\/\/analyse.optim.biz\/index.php?rest_route=\/wp\/v2\/posts\/2115123","targetHints":{"allow":["GET"]}}],"collection":[{"href":"https:\/\/analyse.optim.biz\/index.php?rest_route=\/wp\/v2\/posts"}],"about":[{"href":"https:\/\/analyse.optim.biz\/index.php?rest_route=\/wp\/v2\/types\/post"}],"author":[{"embeddable":true,"href":"https:\/\/analyse.optim.biz\/index.php?rest_route=\/wp\/v2\/users\/1"}],"replies":[{"embeddable":true,"href":"https:\/\/analyse.optim.biz\/index.php?rest_route=%2Fwp%2Fv2%2Fcomments&post=2115123"}],"version-history":[{"count":0,"href":"https:\/\/analyse.optim.biz\/index.php?rest_route=\/wp\/v2\/posts\/2115123\/revisions"}],"wp:attachment":[{"href":"https:\/\/analyse.optim.biz\/index.php?rest_route=%2Fwp%2Fv2%2Fmedia&parent=2115123"}],"wp:term":[{"taxonomy":"category","embeddable":true,"href":"https:\/\/analyse.optim.biz\/index.php?rest_route=%2Fwp%2Fv2%2Fcategories&post=2115123"},{"taxonomy":"post_tag","embeddable":true,"href":"https:\/\/analyse.optim.biz\/index.php?rest_route=%2Fwp%2Fv2%2Ftags&post=2115123"}],"curies":[{"name":"wp","href":"https:\/\/api.w.org\/{rel}","templated":true}]}}