{"id":2115121,"date":"2026-08-26T13:02:29","date_gmt":"2026-08-26T10:02:29","guid":{"rendered":"https:\/\/analyse.optim.biz\/?p=2115121"},"modified":"2026-08-26T13:02:29","modified_gmt":"2026-08-26T10:02:29","slug":"flavius-ilioni-va-conduce-interimar-directia-de-asistenta-sociala-a-municipiului-timisoara","status":"publish","type":"post","link":"https:\/\/analyse.optim.biz\/?p=2115121","title":{"rendered":"Flavius Ilioni va conduce interimar Direc\u021bia de Asisten\u021b\u0103 Social\u0103 a Municipiului Timi\u0219oara"},"content":{"rendered":"<p>[analyse_image type=&#8221;featured&#8221; src=&#8221;https:\/\/orasul-timisoara.ro\/wp-content\/uploads\/2026\/08\/flavius-iloni.jpg&#8221;]<\/p>\n<article id=\"post-40527\" class=\"td-post-template-7 post-40527 post type-post status-publish format-standard has-post-thumbnail category-administratie category-featured category-stiri-timisoara tag-asistenta-sociala tag-das-timisoara tag-directia-de-asistenta-sociala tag-directia-de-asistenta-sociala-timisoara tag-director-interimar tag-dominic-fritz tag-esztero-emese tag-flavius-ilioni tag-primaria-timisoara-2 tag-stiri-timisoara-2 tag-timisoara-2 td-container-wrap\">\n<div class=\"td-full-screen-header-image-wrap\">\n<div class=\"td-container td-post-header\">\n<div class=\"td-crumb-container\">\n<div class=\"entry-crumbs\"><span><a title=\"Vede\u021bi toate articolele \u00een Administra\u021bie local\u0103\" class=\"entry-crumb\" href=\"https:\/\/orasul-timisoara.ro\/local-category\/administratie\/\">Administra\u021bie local\u0103<\/a><\/span><span class=\"td-bred-no-url-last\">Flavius Ilioni va conduce interimar Direc\u021bia de Asisten\u021b\u0103 Social\u0103 a Municipiului Timi\u0219oara<\/span><\/div>\n<\/div>\n<div class=\"td-post-header-holder\">\n<div class=\"td-parallax-header\">\n<header class=\"td-post-title\">\n<ul class=\"td-category\">\n<li class=\"entry-category\"><a href=\"https:\/\/orasul-timisoara.ro\/local-category\/administratie\/\">Administra\u021bie local\u0103<\/a><\/li>\n<li class=\"entry-category\"><a href=\"https:\/\/orasul-timisoara.ro\/local-category\/stiri-timisoara\/\">\u0218tiri Locale<\/a><\/li>\n<\/ul>\n<h1 class=\"entry-title\">Flavius Ilioni va conduce interimar Direc\u021bia de Asisten\u021b\u0103 Social\u0103 a Municipiului Timi\u0219oara<\/h1>\n<div class=\"td-module-meta-info\">\n<div class=\"td-post-author-name\">\n<div class=\"td-author-by\">De c\u0103tre<\/div>\n<p><a href=\"https:\/\/orasul-timisoara.ro\/author\/timisoara\/\">redactia<\/a><\/p>\n<div class=\"td-author-line\"> &#8211; <\/div>\n<\/div>\n<p><span class=\"td-post-date\"><time class=\"entry-date updated td-module-date\" datetime=\"2026-08-26T16:02:29+03:00\">26\/08\/2026<\/time><\/span><\/div>\n<\/header>\n<\/div>\n<\/div>\n<\/div>\n<div id=\"td-full-screen-header-image\" class=\"td-image-gradient-style7\"><img decoding=\"async\" class=\"td-backstretch\" src=\"https:\/\/orasul-timisoara.ro\/wp-content\/uploads\/2026\/08\/flavius-iloni.jpg\"><\/div>\n<\/div>\n<div class=\"td-container\">\n<div class=\"td-pb-row\">\n<div class=\"td-pb-span8 td-main-content\" role=\"main\">\n<div class=\"td-ss-main-content\">\n<div class=\"td-post-sharing-top\">\n<div class=\"td-post-sharing-classic\"><iframe title=\"topFacebookLike\" frameborder src=\"https:\/\/www.facebook.com\/plugins\/like.php?href=https:\/\/orasul-timisoara.ro\/local-40527\/&amp;layout=button_count&amp;show_faces=false&amp;width=105&amp;action=like&amp;colorscheme=light&amp;height=21\"><\/iframe><\/div>\n<div id=\"td_social_sharing_article_top\" class=\"td-post-sharing td-ps-bg td-ps-notext td-post-sharing-style1 \">\n<div class=\"td-post-sharing-visible\"><a class=\"td-social-sharing-button td-social-sharing-button-js td-social-network td-social-facebook\" href=\"https:\/\/www.facebook.com\/sharer.php?u=https%3A%2F%2Forasul-timisoara.ro%2Flocal-40527%2F\" title=\"Facebook\"><\/p>\n<div class=\"td-social-but-text\">Facebook<\/div>\n<p><\/a><a class=\"td-social-sharing-button td-social-sharing-button-js td-social-network td-social-twitter\" href=\"https:\/\/twitter.com\/intent\/tweet?text=Flavius+Ilioni+va+conduce+interimar+Direc%C8%9Bia+de+Asisten%C8%9B%C4%83+Social%C4%83+a+Municipiului+Timi%C8%99oara&amp;url=https%3A%2F%2Forasul-timisoara.ro%2Flocal-40527%2F&amp;via=orasultm\" title=\"Twitter\"><\/p>\n<div class=\"td-social-but-text\">Twitter<\/div>\n<p><\/a><a class=\"td-social-sharing-button td-social-sharing-button-js td-social-network td-social-whatsapp\" href=\"https:\/\/api.whatsapp.com\/send?text=Flavius+Ilioni+va+conduce+interimar+Direc%C8%9Bia+de+Asisten%C8%9B%C4%83+Social%C4%83+a+Municipiului+Timi%C8%99oara%20%0A%0A%20https:\/\/orasul-timisoara.ro\/local-40527\/\" title=\"WhatsApp\"><\/p>\n<div class=\"td-social-but-text\">WhatsApp<\/div>\n<p><\/a><a class=\"td-social-sharing-button td-social-sharing-button-js td-social-network td-social-linkedin\" href=\"https:\/\/www.linkedin.com\/shareArticle?mini=true&amp;url=https:\/\/orasul-timisoara.ro\/local-40527\/&amp;title=Flavius+Ilioni+va+conduce+interimar+Direc%C8%9Bia+de+Asisten%C8%9B%C4%83+Social%C4%83+a+Municipiului+Timi%C8%99oara\" title=\"Linkedin\"><\/p>\n<div class=\"td-social-but-text\">Linkedin<\/div>\n<p><\/a><a class=\"td-social-sharing-button td-social-sharing-button-js td-social-network td-social-reddit\" href=\"https:\/\/reddit.com\/submit?url=https:\/\/orasul-timisoara.ro\/local-40527\/&amp;title=Flavius+Ilioni+va+conduce+interimar+Direc%C8%9Bia+de+Asisten%C8%9B%C4%83+Social%C4%83+a+Municipiului+Timi%C8%99oara\" title=\"ReddIt\"><\/p>\n<div class=\"td-social-but-text\">ReddIt<\/div>\n<p><\/a><a class=\"td-social-sharing-button td-social-sharing-button-js td-social-network td-social-mail\" href=\"mailto:?subject=Flavius%20Ilioni%20va%20conduce%20interimar%20Direc%C8%9Bia%20de%20Asisten%C8%9B%C4%83%20Social%C4%83%20a%20Municipiului%20Timi%C8%99oara&amp;body=https:\/\/orasul-timisoara.ro\/local-40527\/\" title=\"Email\"><\/p>\n<div class=\"td-social-but-text\">Email<\/div>\n<p><\/a><a class=\"td-social-sharing-button td-social-sharing-button-js td-social-network td-social-print\" href=\"https:\/\/orasul-timisoara.ro\/local-40527\/\" title=\"Imprimare\"><\/p>\n<div class=\"td-social-but-text\">Imprimare<\/div>\n<p><\/a><\/div>\n<\/div>\n<\/div>\n<div class=\"td-post-content tagdiv-type\">\n<p class=\"wp-block-paragraph\">\u00cencep\u00e2nd cu 1 septembrie 2026, conducerea interimar\u0103 a Direc\u021biei de Asisten\u021b\u0103 Social\u0103 a Municipiului Timi\u0219oara va fi preluat\u0103 de Flavius Ilioni. Acesta va ocupa func\u021bia de director general interimar p\u00e2n\u0103 la 31 decembrie 2026, \u00een baza dispozi\u021biei emise de primarul Dominic Fritz.<\/p>\n<p class=\"wp-block-paragraph\">Flavius Ilioni este asistent social \u0219i are o experien\u021b\u0103 de peste 14 ani \u00een domeniul asisten\u021bei sociale \u00een Timi\u0219oara. Activitatea sa profesional\u0103 este legat\u0103 de sprijinirea grupurilor vulnerabile, dezvoltarea unor ini\u021biative sociale \u0219i educa\u021bionale \u0219i coordonarea unor proiecte finan\u021bate prin programe guvernamentale \u0219i europene.<\/p>\n<h2 class=\"wp-block-heading\">Experien\u021b\u0103 de peste 14 ani \u00een asisten\u021ba social\u0103<\/h2>\n<p class=\"wp-block-paragraph\">De-a lungul carierei, Flavius Ilioni s-a implicat \u00een proiecte destinate persoanelor vulnerabile \u0219i a sus\u021binut implicarea comunit\u0103\u021bii \u00een sprijinirea acestora.<\/p>\n<p class=\"wp-block-paragraph\">\u00cen 2020, a fondat \u0219i a coordonat timp de \u0219apte ani un ONG care a oferit sprijin pentru zeci de mii de persoane vulnerabile \u0219i refugia\u021bi din Timi\u0219oara.<\/p>\n<p class=\"wp-block-paragraph\">Este, de asemenea, membru fondator al mai multor platforme \u0219i re\u021bele na\u021bionale din domeniul protec\u021biei sociale.<\/p>\n<h2 class=\"wp-block-heading\">Implicare \u00een proiecte pentru comunitate<\/h2>\n<p class=\"wp-block-paragraph\">Flavius Ilioni a pus bazele Timi\u0219oara Refugee Art Festival, un festival de art\u0103 dedicat incluziunii \u0219i sprijinirii grupurilor vulnerabile \u0219i comunit\u0103\u021bilor de refugia\u021bi.<\/p>\n<p class=\"wp-block-paragraph\">Parcursul s\u0103u profesional include at\u00e2t activitatea \u00een domeniul social, c\u00e2t \u0219i coordonarea unor proiecte cu finan\u021bare guvernamental\u0103 \u0219i european\u0103.<\/p>\n<h2 class=\"wp-block-heading\">Studii \u00een jurnalism \u0219i asisten\u021b\u0103 social\u0103<\/h2>\n<p class=\"wp-block-paragraph\">Flavius Ilioni este licen\u021biat \u00een jurnalism la Universitatea \u201eAurel Vlaicu\u201d din Arad \u0219i \u00een asisten\u021b\u0103 social\u0103. \u00cen domeniul asisten\u021bei sociale a absolvit \u0219i un program de master la Universitatea de Vest din Timi\u0219oara.<\/p>\n<p class=\"wp-block-paragraph\">El va prelua conducerea interimar\u0103 a Direc\u021biei de Asisten\u021b\u0103 Social\u0103 a Municipiului Timi\u0219oara pentru perioada 1 septembrie \u2013 31 decembrie 2026.<\/p>\n<p class=\"wp-block-paragraph\">Actualul director general al institu\u021biei, Esztero Emese, \u0219i-a anun\u021bat retragerea din func\u021bia de conducere \u00eencep\u00e2nd cu data de 1 septembrie 2026.<\/p>\n<\/div>\n<footer>\n<div class=\"td-post-source-tags\">\n<ul class=\"td-tags td-post-small-box clearfix\">\n<li><span>ETICHETE<\/span><\/li>\n<li><a href=\"https:\/\/orasul-timisoara.ro\/local-tag\/asistenta-sociala\/\">asisten\u021b\u0103 social\u0103<\/a><\/li>\n<li><a href=\"https:\/\/orasul-timisoara.ro\/local-tag\/das-timisoara\/\">DAS Timi\u0219oara<\/a><\/li>\n<li><a href=\"https:\/\/orasul-timisoara.ro\/local-tag\/directia-de-asistenta-sociala\/\">direc\u021bia de asisten\u021b\u0103 social\u0103<\/a><\/li>\n<li><a href=\"https:\/\/orasul-timisoara.ro\/local-tag\/directia-de-asistenta-sociala-timisoara\/\">Direc\u021bia de Asisten\u021b\u0103 Social\u0103 Timi\u0219oara<\/a><\/li>\n<li><a href=\"https:\/\/orasul-timisoara.ro\/local-tag\/director-interimar\/\">director interimar<\/a><\/li>\n<li><a href=\"https:\/\/orasul-timisoara.ro\/local-tag\/dominic-fritz\/\">dominic fritz<\/a><\/li>\n<li><a href=\"https:\/\/orasul-timisoara.ro\/local-tag\/esztero-emese\/\">Esztero Emese<\/a><\/li>\n<li><a href=\"https:\/\/orasul-timisoara.ro\/local-tag\/flavius-ilioni\/\">Flavius Ilioni<\/a><\/li>\n<li><a href=\"https:\/\/orasul-timisoara.ro\/local-tag\/primaria-timisoara-2\/\">Prim\u0103ria Timi\u0219oara<\/a><\/li>\n<li><a href=\"https:\/\/orasul-timisoara.ro\/local-tag\/stiri-timisoara-2\/\">\u0219tiri Timi\u0219oara<\/a><\/li>\n<li><a href=\"https:\/\/orasul-timisoara.ro\/local-tag\/timisoara-2\/\">timi\u0219oara<\/a><\/li>\n<\/ul>\n<\/div>\n<div class=\"td-post-sharing-bottom\">\n<div class=\"td-post-sharing-classic\"><iframe title=\"bottomFacebookLike\" frameborder src=\"https:\/\/www.facebook.com\/plugins\/like.php?href=https:\/\/orasul-timisoara.ro\/local-40527\/&amp;layout=button_count&amp;show_faces=false&amp;width=105&amp;action=like&amp;colorscheme=light&amp;height=21\"><\/iframe><\/div>\n<div id=\"td_social_sharing_article_bottom\" class=\"td-post-sharing td-ps-bg td-ps-notext td-post-sharing-style1 \">\n<div class=\"td-post-sharing-visible\"><a class=\"td-social-sharing-button td-social-sharing-button-js td-social-network td-social-facebook\" href=\"https:\/\/www.facebook.com\/sharer.php?u=https%3A%2F%2Forasul-timisoara.ro%2Flocal-40527%2F\" title=\"Facebook\"><\/p>\n<div class=\"td-social-but-text\">Facebook<\/div>\n<p><\/a><a class=\"td-social-sharing-button td-social-sharing-button-js td-social-network td-social-twitter\" href=\"https:\/\/twitter.com\/intent\/tweet?text=Flavius+Ilioni+va+conduce+interimar+Direc%C8%9Bia+de+Asisten%C8%9B%C4%83+Social%C4%83+a+Municipiului+Timi%C8%99oara&amp;url=https%3A%2F%2Forasul-timisoara.ro%2Flocal-40527%2F&amp;via=orasultm\" title=\"Twitter\"><\/p>\n<div class=\"td-social-but-text\">Twitter<\/div>\n<p><\/a><a class=\"td-social-sharing-button td-social-sharing-button-js td-social-network td-social-whatsapp\" href=\"https:\/\/api.whatsapp.com\/send?text=Flavius+Ilioni+va+conduce+interimar+Direc%C8%9Bia+de+Asisten%C8%9B%C4%83+Social%C4%83+a+Municipiului+Timi%C8%99oara%20%0A%0A%20https:\/\/orasul-timisoara.ro\/local-40527\/\" title=\"WhatsApp\"><\/p>\n<div class=\"td-social-but-text\">WhatsApp<\/div>\n<p><\/a><a class=\"td-social-sharing-button td-social-sharing-button-js td-social-network td-social-linkedin\" href=\"https:\/\/www.linkedin.com\/shareArticle?mini=true&amp;url=https:\/\/orasul-timisoara.ro\/local-40527\/&amp;title=Flavius+Ilioni+va+conduce+interimar+Direc%C8%9Bia+de+Asisten%C8%9B%C4%83+Social%C4%83+a+Municipiului+Timi%C8%99oara\" title=\"Linkedin\"><\/p>\n<div class=\"td-social-but-text\">Linkedin<\/div>\n<p><\/a><a class=\"td-social-sharing-button td-social-sharing-button-js td-social-network td-social-reddit\" href=\"https:\/\/reddit.com\/submit?url=https:\/\/orasul-timisoara.ro\/local-40527\/&amp;title=Flavius+Ilioni+va+conduce+interimar+Direc%C8%9Bia+de+Asisten%C8%9B%C4%83+Social%C4%83+a+Municipiului+Timi%C8%99oara\" title=\"ReddIt\"><\/p>\n<div class=\"td-social-but-text\">ReddIt<\/div>\n<p><\/a><a class=\"td-social-sharing-button td-social-sharing-button-js td-social-network td-social-mail\" href=\"mailto:?subject=Flavius%20Ilioni%20va%20conduce%20interimar%20Direc%C8%9Bia%20de%20Asisten%C8%9B%C4%83%20Social%C4%83%20a%20Municipiului%20Timi%C8%99oara&amp;body=https:\/\/orasul-timisoara.ro\/local-40527\/\" title=\"Email\"><\/p>\n<div class=\"td-social-but-text\">Email<\/div>\n<p><\/a><a class=\"td-social-sharing-button td-social-sharing-button-js td-social-network td-social-print\" href=\"https:\/\/orasul-timisoara.ro\/local-40527\/\" title=\"Imprimare\"><\/p>\n<div class=\"td-social-but-text\">Imprimare<\/div>\n<p><\/a><\/div>\n<\/div>\n<\/div>\n<div class=\"td-block-row td-post-next-prev\">\n<div class=\"td-block-span6 td-post-prev-post\">\n<div class=\"td-post-next-prev-content\"><span>Articolul precedent<\/span><a href=\"https:\/\/orasul-timisoara.ro\/local-40524\/\">Prim\u0103ria Timi\u0219oara elibereaz\u0103 un teren de 7.500 mp din Girocului pentru noi locuri de parcare<\/a><\/div>\n<\/div>\n<div class=\"td-block-span6 td-post-next-post\">\n<div class=\"td-post-next-prev-content\"><span>Articolul urm\u0103tor<\/span><a href=\"https:\/\/orasul-timisoara.ro\/local-40530\/\">Film realizat la Timi\u0219oara, nominalizat la PRIX EUROPA 2026. Ora\u0219ul Paralel concureaz\u0103 la Berlin<\/a><\/div>\n<\/div>\n<\/div>\n<div class=\"td-author-name vcard author\"><span class=\"fn\"><a href=\"https:\/\/orasul-timisoara.ro\/author\/timisoara\/\">redactia<\/a><\/span><\/div>\n<p><span class=\"td-page-meta\"><\/span><span class=\"td-page-meta\"><span class=\"td-page-meta\"><\/span><\/span><span class=\"td-page-meta\"><\/span><\/footer>\n<div class=\"td_block_wrap td_block_related_posts tdi_3 td_with_ajax_pagination td-pb-border-top td_block_template_8\" data-td-block-uid=\"tdi_3\">\n<h4 class=\"td-related-title td-block-title\"><a id=\"tdi_4\" class=\"td-related-left td-cur-simple-item\" data-td_filter_value data-td_block_id=\"tdi_3\" href=\"https:\/\/orasul-timisoara.ro\/local-40527\/\">ARTICOLE SIMILARE<\/a><a id=\"tdi_5\" class=\"td-related-right\" data-td_filter_value=\"td_related_more_from_author\" data-td_block_id=\"tdi_3\" href=\"https:\/\/orasul-timisoara.ro\/local-40527\/\">DE LA ACELA\u0218I AUTOR<\/a><\/h4>\n<div id=\"tdi_3\" class=\"td_block_inner\">\n<div class=\"td-related-row\">\n<div class=\"td-related-span4\">\n<div class=\"td_module_related_posts td-animation-stack td_mod_related_posts\">\n<div class=\"td-module-image\">\n<div class=\"td-module-thumb\"><a href=\"https:\/\/orasul-timisoara.ro\/local-39778\/\" rel=\"bookmark\" class=\"td-image-wrap \" title=\"Timi\u0219oara investe\u0219te \u00een servicii sociale: centru nou pentru v\u00e2rstnici \u0219i \u00eengrijiri paliative\"><img loading=\"lazy\" decoding=\"async\" class=\"entry-thumb\" src=\"https:\/\/orasul-timisoara.ro\/wp-content\/uploads\/2026\/03\/medic-pacient-batran-compasiune-empatie-436x300.jpg\" alt title=\"Timi\u0219oara investe\u0219te \u00een servicii sociale: centru nou pentru v\u00e2rstnici \u0219i \u00eengrijiri paliative\" width=\"218\" height=\"150\"><\/a><\/div>\n<\/div>\n<div class=\"item-details\">\n<h3 class=\"entry-title td-module-title\"><a href=\"https:\/\/orasul-timisoara.ro\/local-39778\/\" rel=\"bookmark\" title=\"Timi\u0219oara investe\u0219te \u00een servicii sociale: centru nou pentru v\u00e2rstnici \u0219i \u00eengrijiri paliative\">Timi\u0219oara investe\u0219te \u00een servicii sociale: centru nou pentru v\u00e2rstnici \u0219i \u00eengrijiri paliative<\/a><\/h3>\n<\/div>\n<\/div>\n<\/div>\n<div class=\"td-related-span4\">\n<div class=\"td_module_related_posts td-animation-stack td_mod_related_posts\">\n<div class=\"td-module-image\">\n<div class=\"td-module-thumb\"><a href=\"https:\/\/orasul-timisoara.ro\/local-39604\/\" rel=\"bookmark\" class=\"td-image-wrap \" title=\"Prim\u0103ria Timi\u0219oara invit\u0103 cet\u0103\u021benii la dezbaterea privind reorganizarea Direc\u021biei de Asisten\u021b\u0103 Social\u0103\"><img loading=\"lazy\" decoding=\"async\" class=\"entry-thumb\" src=\"https:\/\/orasul-timisoara.ro\/wp-content\/uploads\/2021\/01\/primaria-timisoara.jpg\" alt title=\"Prim\u0103ria Timi\u0219oara invit\u0103 cet\u0103\u021benii la dezbaterea privind reorganizarea Direc\u021biei de Asisten\u021b\u0103 Social\u0103\" width=\"218\" height=\"150\"><\/a><\/div>\n<\/div>\n<div class=\"item-details\">\n<h3 class=\"entry-title td-module-title\"><a href=\"https:\/\/orasul-timisoara.ro\/local-39604\/\" rel=\"bookmark\" title=\"Prim\u0103ria Timi\u0219oara invit\u0103 cet\u0103\u021benii la dezbaterea privind reorganizarea Direc\u021biei de Asisten\u021b\u0103 Social\u0103\">Prim\u0103ria Timi\u0219oara invit\u0103 cet\u0103\u021benii la dezbaterea privind reorganizarea Direc\u021biei de Asisten\u021b\u0103 Social\u0103<\/a><\/h3>\n<\/div>\n<\/div>\n<\/div>\n<div class=\"td-related-span4\">\n<div class=\"td_module_related_posts td-animation-stack td_mod_related_posts\">\n<div class=\"td-module-image\">\n<div class=\"td-module-thumb\"><a href=\"https:\/\/orasul-timisoara.ro\/local-37228\/\" rel=\"bookmark\" class=\"td-image-wrap \" title=\"Peste 100 de persoane f\u0103r\u0103 ad\u0103post, depistate de la \u00eenceputul anului. Poli\u021bia Local\u0103 face apel s\u0103 nu li se mai ofere bani (foto)\"><img loading=\"lazy\" decoding=\"async\" class=\"entry-thumb\" src=\"https:\/\/orasul-timisoara.ro\/wp-content\/uploads\/2026\/02\/CERSETORI-01-436x300.jpg\" alt title=\"Peste 100 de persoane f\u0103r\u0103 ad\u0103post, depistate de la \u00eenceputul anului. Poli\u021bia Local\u0103 face apel s\u0103 nu li se mai ofere bani (foto)\" width=\"218\" height=\"150\"><\/a><\/div>\n<\/div>\n<div class=\"item-details\">\n<h3 class=\"entry-title td-module-title\"><a href=\"https:\/\/orasul-timisoara.ro\/local-37228\/\" rel=\"bookmark\" title=\"Peste 100 de persoane f\u0103r\u0103 ad\u0103post, depistate de la \u00eenceputul anului. Poli\u021bia Local\u0103 face apel s\u0103 nu li se mai ofere bani (foto)\">Peste 100 de persoane f\u0103r\u0103 ad\u0103post, depistate de la \u00eenceputul anului. Poli\u021bia Local\u0103 face apel s\u0103 nu li se mai ofere bani (foto)<\/a><\/h3>\n<\/div>\n<\/div>\n<\/div>\n<\/div>\n<\/div>\n<\/div>\n<div class=\"comments\" id=\"comments\">\n<div id=\"respond\" class=\"comment-respond\">\n<h3 id=\"reply-title\" class=\"comment-reply-title\">L\u0102SA\u021aI UN MESAJ<\/h3>\n<div class=\"comment-form-input-wrap td-form-comment\">\n<div class=\"td-warning-comment\">V\u0103 rug\u0103m s\u0103 introduce\u021bi comentariul dvs.!<\/div>\n<\/div>\n<div class=\"comment-form-input-wrap td-form-author\">\n<div class=\"td-warning-author\">Introduce\u021bi aici numele dvs.<\/div>\n<\/div>\n<div class=\"comment-form-input-wrap td-form-email\">\n<div class=\"td-warning-email-error\">A\u021bi introdus o adres\u0103 de e-mail incorect\u0103!<\/div>\n<div class=\"td-warning-email\">V\u0103 rug\u0103m s\u0103 introduce\u021bi adresa dvs. de e-mail aici<\/div>\n<\/div>\n<\/div>\n<p class=\"akismet_comment_form_privacy_notice\">Acest site folose\u0219te Akismet pentru a reduce spamul. <a href=\"https:\/\/akismet.com\/privacy\/\" target=\"_blank\" rel=\"nofollow noopener\">Afl\u0103 cum sunt procesate datele comentariilor tale<\/a>.<\/p>\n<\/div>\n<\/div>\n<\/div>\n<div class=\"td-pb-span4 td-main-sidebar\" role=\"complementary\">\n<div class=\"td-ss-main-sidebar\">\n<aside id=\"block-4\" class=\"td_block_template_8 widget block-4 widget_block widget_media_image\">\n<figure class=\"wp-block-image size-full\"><img loading=\"lazy\" decoding=\"async\" width=\"336\" height=\"280\" src=\"https:\/\/orasul-timisoara.ro\/wp-content\/uploads\/2024\/11\/ReTIM-Abonamentul-Verde-Google-Ads-336x280px.gif\" alt class=\"wp-image-29257\"><\/figure>\n<\/aside>\n<div class=\"td_block_wrap td_block_social_counter td_block_widget tdi_6 td-social-style5 td-social-boxed td-pb-border-top td_block_template_8\">\n<div class=\"td-block-title-wrap\">\n<h4 class=\"td-block-title\"><span>Urm\u0103re\u0219te-ne pe Social Media<\/span><\/h4>\n<\/div>\n<div class=\"td-social-list\">\n<div class=\"td_social_type td-pb-margin-side td_social_facebook\">\n<div class=\"td-social-box\"><span class=\"td_social_info td_social_info_counter\">344,595<\/span><span class=\"td_social_info td_social_info_name\">Fani<\/span><span class=\"td_social_button\"><a href=\"https:\/\/www.facebook.com\/247timisoara\" target=\"_blank\" rel=\"nofollow\">\u00cemi place<\/a><\/span><\/div>\n<\/div>\n<div class=\"td_social_type td-pb-margin-side td_social_instagram\">\n<div class=\"td-social-box\"><span class=\"td_social_info td_social_info_counter\">4,416<\/span><span class=\"td_social_info td_social_info_name\">Cititori<\/span><span class=\"td_social_button\"><a href=\"https:\/\/instagram.com\/orasultimisoararo\/\" target=\"_blank\" rel=\"nofollow\">Conecta\u021bi-v\u0103<\/a><\/span><\/div>\n<\/div>\n<div class=\"td_social_type td-pb-margin-side td_social_rss\">\n<div class=\"td-social-box\"><span class=\"td_social_info td_social_info_counter\">12,506<\/span><span class=\"td_social_info td_social_info_name\">Cititori<\/span><span class=\"td_social_button\"><a href=\"https:\/\/orasul-timisoara.ro\/feed\/\" target=\"_blank\" rel=\"nofollow\">Conecta\u021bi-v\u0103<\/a><\/span><\/div>\n<\/div>\n<div class=\"td_social_type td-pb-margin-side td_social_tiktok\">\n<div class=\"td-social-box\"><span class=\"td_social_info td_social_info_counter\">1,500<\/span><span class=\"td_social_info td_social_info_name\">Cititori<\/span><span class=\"td_social_button\"><a href=\"https:\/\/www.tiktok.com\/@orasultimisoara\" target=\"_blank\" rel=\"nofollow\">Conecta\u021bi-v\u0103<\/a><\/span><\/div>\n<\/div>\n<div class=\"td_social_type td-pb-margin-side td_social_twitter\">\n<div class=\"td-social-box\"><span class=\"td_social_info td_social_info_counter\">1,595<\/span><span class=\"td_social_info td_social_info_name\">Cititori<\/span><span class=\"td_social_button\"><a href=\"https:\/\/twitter.com\/orasultm\" target=\"_blank\" rel=\"nofollow\">Conecta\u021bi-v\u0103<\/a><\/span><\/div>\n<\/div>\n<div class=\"td_social_type td-pb-margin-side td_social_youtube\">\n<div class=\"td-social-box\"><span class=\"td_social_info td_social_info_counter\">3,506<\/span><span class=\"td_social_info td_social_info_name\">Abona\u021bi<\/span><span class=\"td_social_button\"><a href=\"https:\/\/www.youtube.com\/channel\/UCQNsQvs2XCSIm1Z-AHRturw?sub_confirmation=1\" target=\"_blank\" rel=\"nofollow\">Abona\u021bi-v\u0103<\/a><\/span><\/div>\n<\/div>\n<\/div>\n<\/div>\n<aside id=\"text-7\" class=\"td_block_template_8 widget text-7 widget_text\">\n<h4 class=\"td-block-title\"><span>C\u0103ut\u0103ri populare pe OTM<\/span><\/h4>\n<div class=\"textwidget\"><a href=\"https:\/\/orasul-timisoara.ro\/?s=timisoara\"><span>Timisoara<\/span><\/a><a href=\"https:\/\/orasul-timisoara.ro\/?s=calin+dobra\"><span>Calin Dobra<\/span><\/a><a href=\"https:\/\/orasul-timisoara.ro\/?s=primaria+timisoara\"><span>Primaria Timisoara<\/span><\/a><a href=\"https:\/\/orasul-timisoara.ro\/?s=dominic+fritz\"><span>Dominic Fritz<\/span><\/a><a href=\"https:\/\/orasul-timisoara.ro\/?s=nicolae+robu\"><span>Nicolae Robu<\/span><\/a><a href=\"https:\/\/orasul-timisoara.ro\/?s=consiliul+local+timisoara\">Consiliul Local Timisoara<\/a><a href=\"https:\/\/orasul-timisoara.ro\/?s=consiliul+judetean+timis\"><span>Consiliul Judetean Timis<\/span><\/a><a href=\"https:\/\/orasul-timisoara.ro\/?s=cjt\"><span>CJT<\/span><\/a><a href=\"https:\/\/orasul-timisoara.ro\/?s=Alfred+Simonis\"><span>Alfred Simonis<\/span><\/a><a href=\"https:\/\/orasul-timisoara.ro\/?s=PNL\"><span>PNL<\/span><\/a><a href=\"https:\/\/orasul-timisoara.ro\/?s=coronavirus\"><span>coronavirus<\/span><\/a><a href=\"https:\/\/orasul-timisoara.ro\/?s=teatru+timisoara\">teatru Timisoara<\/a><a href=\"https:\/\/orasul-timisoara.ro\/?s=restaurante\"><span>restaurante Timisoara<\/span><\/a><a href=\"https:\/\/orasul-timisoara.ro\/?s=diskoteka\"><span>Diskoteka<\/span><\/a><a href=\"https:\/\/orasul-timisoara.ro\/?s=iulius+town\"><span>Iulius Town<\/span><\/a><a href=\"https:\/\/orasul-timisoara.ro\/?s=iulius+mall\"><span>Iulius Mall<\/span><\/a><a href=\"https:\/\/orasul-timisoara.ro\/?s=stpt\"><span>STPT<\/span><\/a><a href=\"https:\/\/orasul-timisoara.ro\/?s=alin+nica\"><span>Alin Nica<\/span><\/a><a href=\"https:\/\/orasul-timisoara.ro\/?s=psd\"><span>PSD<\/span><\/a><a href=\"https:\/\/orasul-timisoara.ro\/?s=aeroport\"><span>Aeroportul International Timisoara<\/span><\/a><a href=\"https:\/\/orasul-timisoara.ro\/?s=babes\"><span>Spitalul Victor Babes Timisoara<\/span><\/a><a href=\"https:\/\/orasul-timisoara.ro\/?s=poli\"><span>Poli Timi\u0219oara<\/span><\/a><a href=\"https:\/\/orasul-timisoara.ro\/?s=carantina\"><span>carantina<\/span><\/a><a href=\"https:\/\/orasul-timisoara.ro\/?s=aquatim\"><span>Aquatim<\/span><\/a><a href=\"https:\/\/orasul-timisoara.ro\/local-category\/stiri-timisoara\/\"><span>Stiri Timisoara<\/span><\/a><a href=\"https:\/\/orasul-timisoara.ro\/local-category\/investitii-in-timisoara\/\"><span>Investi\u021bii in Timi\u0219oara<\/span><\/a><a href=\"https:\/\/orasul-timisoara.ro\/local-9463\/\"><span>shaorma<\/span><\/a><a href=\"https:\/\/orasul-timisoara.ro\/?s=trafic\"><span>trafic rutier<\/span><\/a><a href=\"https:\/\/orasul-timisoara.ro\/?s=politia\"><span>politia locala timisoara<\/span><\/a><a href=\"https:\/\/orasul-timisoara.ro\/?s=roxana\"><span>Roxana Iliescu<\/span><\/a><a href=\"https:\/\/orasul-timisoara.ro\/?s=colterm\"><span>Colterm<\/span><\/a><a href=\"https:\/\/orasul-timisoara.ro\/?s=latcau\"><span>Ruben La\u021bc\u0103u<\/span><\/a><a href=\"https:\/\/orasul-timisoara.ro\/?s=timis\"><span>\u0218tiri din Timi\u0219<\/span><\/a><a href=\"https:\/\/orasul-timisoara.ro\/?s=spital\"><span>Spitale din Timi\u0219oara<\/span><\/a><a href=\"https:\/\/orasul-timisoara.ro\/?s=tabara\"><span>Cosmin Tab\u0103r\u0103<\/span><\/a><\/div>\n<\/aside>\n<aside id=\"rss-2\" class=\"td_block_template_8 widget rss-2 widget_rss\">\n<h4 class=\"td-block-title\"><span><a class=\"rsswidget rss-widget-feed\" href=\"https:\/\/fashionfridays.ro\/feed\"><img decoding=\"async\" class=\"rss-widget-icon\" width=\"14\" height=\"14\" src=\"https:\/\/orasul-timisoara.ro\/wp-includes\/images\/rss.png\" alt=\"Flux RSS: Fashion Fridays\" loading=\"lazy\"><\/a><a class=\"rsswidget rss-widget-title\" href=\"https:\/\/fashionfridays.ro\/\">Fashion Fridays<\/a><\/span><\/h4>\n<ul>\n<li><a class=\"rsswidget\" href=\"https:\/\/fashionfridays.ro\/romania-devine-a-29-a-piata-vogue-o-noua-era-pentru-industria-locala-de-moda\/\">Rom\u00e2nia devine a 29-a pia\u021b\u0103 Vogue: o nou\u0103 er\u0103 pentru industria local\u0103 de mod\u0103<\/a>\n<div class=\"rssSummary\">Revista Vogue \u00ee\u0219i extinde prezen\u021ba global\u0103 \u0219i va fi lansat\u0103 oficial \u00een Rom\u00e2nia \u00een prim\u0103vara anului 2027, marc\u00e2nd intrarea pe cea de-a 29-a pia\u021b\u0103 interna\u021bional\u0103. Proiectul este realizat \u00een parteneriat cu AEMME Publishing, o companie media recent \u00eenfiin\u021bat\u0103, care va publica edi\u021bia local\u0103 sub licen\u021b\u0103. Noua edi\u021bie, Vogue Rom\u00e2nia, \u00ee\u0219i propune s\u0103 combine autoritatea global\u0103 [\u2026]<\/div>\n<\/li>\n<\/ul>\n<\/aside>\n<aside id=\"rss-4\" class=\"td_block_template_8 widget rss-4 widget_rss\">\n<h4 class=\"td-block-title\"><span><a class=\"rsswidget rss-widget-feed\" href=\"https:\/\/emasini.ro\/feed\"><img decoding=\"async\" class=\"rss-widget-icon\" width=\"14\" height=\"14\" src=\"https:\/\/orasul-timisoara.ro\/wp-includes\/images\/rss.png\" alt=\"Flux RSS: eMasini\" loading=\"lazy\"><\/a><a class=\"rsswidget rss-widget-title\" href=\"https:\/\/emasini.ro\/\">eMasini<\/a><\/span><\/h4>\n<ul>\n<li><a class=\"rsswidget\" href=\"https:\/\/emasini.ro\/adio-bordurilor-pline-de-ecrane-mercedes-benz-readuce-butoanele-in-noile-masini-produse\/\">Adio bordurilor pline de ecrane? Mercedes-Benz readuce butoanele \u00een noile ma\u0219ini produse<\/a>\n<div class=\"rssSummary\">Mercedes-Benz \u00ee\u0219i schimb\u0103 direc\u021bia \u00een ceea ce prive\u0219te designul interioarelor \u0219i va readuce comenzile fizice pentru anumite func\u021bii importante. Constructorul german nu renun\u021b\u0103 la ecranele mari \u0219i la tehnologiile digitale, dar recunoa\u0219te c\u0103 a mers prea departe prin eliminarea unor butoane \u0219i comenzi tactile. Ola K\u00e4llenius, pre\u0219edintele Consiliului de Administra\u021bie al Mercedes-Benz Group \u0219i CEO [\u2026]<\/div>\n<\/li>\n<\/ul>\n<\/aside>\n<\/div>\n<\/div>\n<\/div>\n<\/div>\n<\/article>\n<div class=\"td-post-content tagdiv-type\">\n<p class=\"wp-block-paragraph\">\u00cencep\u00e2nd cu 1 septembrie 2026, conducerea interimar\u0103 a Direc\u021biei de Asisten\u021b\u0103 Social\u0103 a Municipiului Timi\u0219oara va fi preluat\u0103 de Flavius Ilioni. Acesta va ocupa func\u021bia de director general interimar p\u00e2n\u0103 la 31 decembrie 2026, \u00een baza dispozi\u021biei emise de primarul Dominic Fritz.<\/p>\n<p class=\"wp-block-paragraph\">Flavius Ilioni este asistent social \u0219i are o experien\u021b\u0103 de peste 14 ani \u00een domeniul asisten\u021bei sociale \u00een Timi\u0219oara. Activitatea sa profesional\u0103 este legat\u0103 de sprijinirea grupurilor vulnerabile, dezvoltarea unor ini\u021biative sociale \u0219i educa\u021bionale \u0219i coordonarea unor proiecte finan\u021bate prin programe guvernamentale \u0219i europene.<\/p>\n<h2 class=\"wp-block-heading\">Experien\u021b\u0103 de peste 14 ani \u00een asisten\u021ba social\u0103<\/h2>\n<p class=\"wp-block-paragraph\">De-a lungul carierei, Flavius Ilioni s-a implicat \u00een proiecte destinate persoanelor vulnerabile \u0219i a sus\u021binut implicarea comunit\u0103\u021bii \u00een sprijinirea acestora.<\/p>\n<p class=\"wp-block-paragraph\">\u00cen 2020, a fondat \u0219i a coordonat timp de \u0219apte ani un ONG care a oferit sprijin pentru zeci de mii de persoane vulnerabile \u0219i refugia\u021bi din Timi\u0219oara.<\/p>\n<p class=\"wp-block-paragraph\">Este, de asemenea, membru fondator al mai multor platforme \u0219i re\u021bele na\u021bionale din domeniul protec\u021biei sociale.<\/p>\n<h2 class=\"wp-block-heading\">Implicare \u00een proiecte pentru comunitate<\/h2>\n<p class=\"wp-block-paragraph\">Flavius Ilioni a pus bazele Timi\u0219oara Refugee Art Festival, un festival de art\u0103 dedicat incluziunii \u0219i sprijinirii grupurilor vulnerabile \u0219i comunit\u0103\u021bilor de refugia\u021bi.<\/p>\n<p class=\"wp-block-paragraph\">Parcursul s\u0103u profesional include at\u00e2t activitatea \u00een domeniul social, c\u00e2t \u0219i coordonarea unor proiecte cu finan\u021bare guvernamental\u0103 \u0219i european\u0103.<\/p>\n<h2 class=\"wp-block-heading\">Studii \u00een jurnalism \u0219i asisten\u021b\u0103 social\u0103<\/h2>\n<p class=\"wp-block-paragraph\">Flavius Ilioni este licen\u021biat \u00een jurnalism la Universitatea \u201eAurel Vlaicu\u201d din Arad \u0219i \u00een asisten\u021b\u0103 social\u0103. \u00cen domeniul asisten\u021bei sociale a absolvit \u0219i un program de master la Universitatea de Vest din Timi\u0219oara.<\/p>\n<p class=\"wp-block-paragraph\">El va prelua conducerea interimar\u0103 a Direc\u021biei de Asisten\u021b\u0103 Social\u0103 a Municipiului Timi\u0219oara pentru perioada 1 septembrie \u2013 31 decembrie 2026.<\/p>\n<p class=\"wp-block-paragraph\">Actualul director general al institu\u021biei, Esztero Emese, \u0219i-a anun\u021bat retragerea din func\u021bia de conducere \u00eencep\u00e2nd cu data de 1 septembrie 2026.<\/p>\n<\/div>\n<p>[analyse_source url=&#8221;https:\/\/orasul-timisoara.ro\/local-40527\/&#8221;]<\/p>\n","protected":false},"excerpt":{"rendered":"<p>[analyse_image type=&#8221;featured&#8221; src=&#8221;https:\/\/orasul-timisoara.ro\/wp-content\/uploads\/2026\/08\/flavius-iloni.jpg&#8221;] Administra\u021bie local\u0103Flavius Ilioni va conduce interimar Direc\u021bia de Asisten\u021b\u0103 Social\u0103 a Municipiului Timi\u0219oara Administra\u021bie local\u0103 \u0218tiri Locale Flavius Ilioni va conduce interimar Direc\u021bia de Asisten\u021b\u0103 Social\u0103 a Municipiului Timi\u0219oara De c\u0103tre redactia &#8211; 26\/08\/2026 Facebook Twitter WhatsApp Linkedin ReddIt Email Imprimare \u00cencep\u00e2nd cu 1 septembrie 2026, conducerea interimar\u0103 a Direc\u021biei de Asisten\u021b\u0103 [&hellip;]<\/p>\n","protected":false},"author":1,"featured_media":0,"comment_status":"open","ping_status":"","sticky":false,"template":"","format":"standard","meta":{"footnotes":""},"categories":[89],"tags":[226,189],"class_list":["post-2115121","post","type-post","status-publish","format-standard","hentry","category-romania","tag-crawlmanager","tag-orasul-timisoara-ro"],"_links":{"self":[{"href":"https:\/\/analyse.optim.biz\/index.php?rest_route=\/wp\/v2\/posts\/2115121","targetHints":{"allow":["GET"]}}],"collection":[{"href":"https:\/\/analyse.optim.biz\/index.php?rest_route=\/wp\/v2\/posts"}],"about":[{"href":"https:\/\/analyse.optim.biz\/index.php?rest_route=\/wp\/v2\/types\/post"}],"author":[{"embeddable":true,"href":"https:\/\/analyse.optim.biz\/index.php?rest_route=\/wp\/v2\/users\/1"}],"replies":[{"embeddable":true,"href":"https:\/\/analyse.optim.biz\/index.php?rest_route=%2Fwp%2Fv2%2Fcomments&post=2115121"}],"version-history":[{"count":0,"href":"https:\/\/analyse.optim.biz\/index.php?rest_route=\/wp\/v2\/posts\/2115121\/revisions"}],"wp:attachment":[{"href":"https:\/\/analyse.optim.biz\/index.php?rest_route=%2Fwp%2Fv2%2Fmedia&parent=2115121"}],"wp:term":[{"taxonomy":"category","embeddable":true,"href":"https:\/\/analyse.optim.biz\/index.php?rest_route=%2Fwp%2Fv2%2Fcategories&post=2115121"},{"taxonomy":"post_tag","embeddable":true,"href":"https:\/\/analyse.optim.biz\/index.php?rest_route=%2Fwp%2Fv2%2Ftags&post=2115121"}],"curies":[{"name":"wp","href":"https:\/\/api.w.org\/{rel}","templated":true}]}}