{"id":2115120,"date":"2026-08-26T12:55:27","date_gmt":"2026-08-26T09:55:27","guid":{"rendered":"https:\/\/analyse.optim.biz\/?p=2115120"},"modified":"2026-08-26T12:55:27","modified_gmt":"2026-08-26T09:55:27","slug":"primaria-timisoara-elibereaza-un-teren-de-7-500-mp-din-girocului-pentru-noi-locuri-de-parcare","status":"publish","type":"post","link":"https:\/\/analyse.optim.biz\/?p=2115120","title":{"rendered":"Prim\u0103ria Timi\u0219oara elibereaz\u0103 un teren de 7.500 mp din Girocului pentru noi locuri de parcare"},"content":{"rendered":"<p>[analyse_image type=&#8221;featured&#8221; src=&#8221;https:\/\/orasul-timisoara.ro\/wp-content\/uploads\/2026\/08\/martir-elena-nicoara.jpg&#8221;]<\/p>\n<article id=\"post-40524\" class=\"td-post-template-7 post-40524 post type-post status-publish format-standard has-post-thumbnail category-administratie category-featured category-investitii-in-timisoara category-stiri-timisoara tag-calea-girocului tag-constructii-fara-autorizatie tag-constructii-ilegale-2 tag-domeniul-public tag-dominic-fritz tag-girocului tag-locuri-de-parcare-timisoara-2 tag-martir-elena-nicoara tag-parcari-noi tag-parcari-timisoara-2 tag-primaria-timisoara-2 tag-stiri-girocului tag-stiri-timisoara-2 td-container-wrap\">\n<div class=\"td-full-screen-header-image-wrap\">\n<div class=\"td-container td-post-header\">\n<div class=\"td-crumb-container\">\n<div class=\"entry-crumbs\"><span><a title=\"Vede\u021bi toate articolele \u00een Administra\u021bie local\u0103\" class=\"entry-crumb\" href=\"https:\/\/orasul-timisoara.ro\/local-category\/administratie\/\">Administra\u021bie local\u0103<\/a><\/span><span class=\"td-bred-no-url-last\">Prim\u0103ria Timi\u0219oara elibereaz\u0103 un teren de 7.500 mp din Girocului pentru noi&#8230;<\/span><\/div>\n<\/div>\n<div class=\"td-post-header-holder\">\n<div class=\"td-parallax-header\">\n<header class=\"td-post-title\">\n<ul class=\"td-category\">\n<li class=\"entry-category\"><a href=\"https:\/\/orasul-timisoara.ro\/local-category\/administratie\/\">Administra\u021bie local\u0103<\/a><\/li>\n<li class=\"entry-category\"><a href=\"https:\/\/orasul-timisoara.ro\/local-category\/investitii-in-timisoara\/\">Investitii in Timisoara<\/a><\/li>\n<li class=\"entry-category\"><a href=\"https:\/\/orasul-timisoara.ro\/local-category\/stiri-timisoara\/\">\u0218tiri Locale<\/a><\/li>\n<\/ul>\n<h1 class=\"entry-title\">Prim\u0103ria Timi\u0219oara elibereaz\u0103 un teren de 7.500 mp din Girocului pentru noi locuri de parcare<\/h1>\n<div class=\"td-module-meta-info\">\n<div class=\"td-post-author-name\">\n<div class=\"td-author-by\">De c\u0103tre<\/div>\n<p><a href=\"https:\/\/orasul-timisoara.ro\/author\/timisoara\/\">redactia<\/a><\/p>\n<div class=\"td-author-line\"> &#8211; <\/div>\n<\/div>\n<p><span class=\"td-post-date\"><time class=\"entry-date updated td-module-date\" datetime=\"2026-08-26T15:55:27+03:00\">26\/08\/2026<\/time><\/span><\/div>\n<\/header>\n<\/div>\n<\/div>\n<\/div>\n<div id=\"td-full-screen-header-image\" class=\"td-image-gradient-style7\"><img decoding=\"async\" class=\"td-backstretch\" src=\"https:\/\/orasul-timisoara.ro\/wp-content\/uploads\/2026\/08\/martir-elena-nicoara.jpg\"><\/div>\n<\/div>\n<div class=\"td-container\">\n<div class=\"td-pb-row\">\n<div class=\"td-pb-span8 td-main-content\" role=\"main\">\n<div class=\"td-ss-main-content\">\n<div class=\"td-post-sharing-top\">\n<div class=\"td-post-sharing-classic\"><iframe title=\"topFacebookLike\" frameborder src=\"https:\/\/www.facebook.com\/plugins\/like.php?href=https:\/\/orasul-timisoara.ro\/local-40524\/&amp;layout=button_count&amp;show_faces=false&amp;width=105&amp;action=like&amp;colorscheme=light&amp;height=21\"><\/iframe><\/div>\n<div id=\"td_social_sharing_article_top\" class=\"td-post-sharing td-ps-bg td-ps-notext td-post-sharing-style1 \">\n<div class=\"td-post-sharing-visible\"><a class=\"td-social-sharing-button td-social-sharing-button-js td-social-network td-social-facebook\" href=\"https:\/\/www.facebook.com\/sharer.php?u=https%3A%2F%2Forasul-timisoara.ro%2Flocal-40524%2F\" title=\"Facebook\"><\/p>\n<div class=\"td-social-but-text\">Facebook<\/div>\n<p><\/a><a class=\"td-social-sharing-button td-social-sharing-button-js td-social-network td-social-twitter\" href=\"https:\/\/twitter.com\/intent\/tweet?text=Prim%C4%83ria+Timi%C8%99oara+elibereaz%C4%83+un+teren+de+7.500+mp+din+Girocului+pentru+noi+locuri+de+parcare&amp;url=https%3A%2F%2Forasul-timisoara.ro%2Flocal-40524%2F&amp;via=orasultm\" title=\"Twitter\"><\/p>\n<div class=\"td-social-but-text\">Twitter<\/div>\n<p><\/a><a class=\"td-social-sharing-button td-social-sharing-button-js td-social-network td-social-whatsapp\" href=\"https:\/\/api.whatsapp.com\/send?text=Prim%C4%83ria+Timi%C8%99oara+elibereaz%C4%83+un+teren+de+7.500+mp+din+Girocului+pentru+noi+locuri+de+parcare%20%0A%0A%20https:\/\/orasul-timisoara.ro\/local-40524\/\" title=\"WhatsApp\"><\/p>\n<div class=\"td-social-but-text\">WhatsApp<\/div>\n<p><\/a><a class=\"td-social-sharing-button td-social-sharing-button-js td-social-network td-social-linkedin\" href=\"https:\/\/www.linkedin.com\/shareArticle?mini=true&amp;url=https:\/\/orasul-timisoara.ro\/local-40524\/&amp;title=Prim%C4%83ria+Timi%C8%99oara+elibereaz%C4%83+un+teren+de+7.500+mp+din+Girocului+pentru+noi+locuri+de+parcare\" title=\"Linkedin\"><\/p>\n<div class=\"td-social-but-text\">Linkedin<\/div>\n<p><\/a><a class=\"td-social-sharing-button td-social-sharing-button-js td-social-network td-social-reddit\" href=\"https:\/\/reddit.com\/submit?url=https:\/\/orasul-timisoara.ro\/local-40524\/&amp;title=Prim%C4%83ria+Timi%C8%99oara+elibereaz%C4%83+un+teren+de+7.500+mp+din+Girocului+pentru+noi+locuri+de+parcare\" title=\"ReddIt\"><\/p>\n<div class=\"td-social-but-text\">ReddIt<\/div>\n<p><\/a><a class=\"td-social-sharing-button td-social-sharing-button-js td-social-network td-social-mail\" href=\"mailto:?subject=Prim%C4%83ria%20Timi%C8%99oara%20elibereaz%C4%83%20un%20teren%20de%207.500%20mp%20din%20Girocului%20pentru%20noi%20locuri%20de%20parcare&amp;body=https:\/\/orasul-timisoara.ro\/local-40524\/\" title=\"Email\"><\/p>\n<div class=\"td-social-but-text\">Email<\/div>\n<p><\/a><a class=\"td-social-sharing-button td-social-sharing-button-js td-social-network td-social-print\" href=\"https:\/\/orasul-timisoara.ro\/local-40524\/\" title=\"Imprimare\"><\/p>\n<div class=\"td-social-but-text\">Imprimare<\/div>\n<p><\/a><\/div>\n<\/div>\n<\/div>\n<div class=\"td-post-content tagdiv-type\">\n<p class=\"wp-block-paragraph\">Prim\u0103ria Timi\u0219oara elibereaz\u0103 un teren public de aproximativ 7.500 de metri p\u0103tra\u021bi \u00een zona Calea Girocului, unde accesul era blocat de construc\u021bii \u0219i amenaj\u0103ri realizate f\u0103r\u0103 autoriza\u021bie. Dup\u0103 desfiin\u021barea acestora, municipalitatea preg\u0103te\u0219te reorganizarea terenului pentru amenajarea de noi locuri de parcare.<\/p>\n<p class=\"wp-block-paragraph\">Interven\u021bia are loc \u00een zona str\u0103zii Martir Elena Nicoar\u0103 \u0219i face parte din demersurile municipalit\u0103\u021bii de a reda domeniului public terenurile ocupate prin construc\u021bii sau amenaj\u0103ri ilegale.<\/p>\n<h2 class=\"wp-block-heading\">Garduri, containere \u0219i construc\u021bii desfiin\u021bate<\/h2>\n<p class=\"wp-block-paragraph\">Pe terenul public au fost amenajate de-a lungul propriet\u0103\u021bii mai multe construc\u021bii \u0219i \u00eemprejmuiri f\u0103r\u0103 autoriza\u021bie. Printre acestea se num\u0103r\u0103 garduri din beton, plas\u0103 de s\u00e2rm\u0103 \u0219i elemente metalice, precum \u0219i mai multe por\u021bi.<\/p>\n<p class=\"wp-block-paragraph\">\u00cen interiorul suprafe\u021bei \u00eemprejmuite au fost \u00eendep\u0103rtate trei containere \u0219i o structur\u0103 metalic\u0103 prev\u0103zut\u0103 cu panouri fotovoltaice.<\/p>\n<p class=\"wp-block-paragraph\">De asemenea, au fost desfiin\u021bate mai multe copertine \u0219i dou\u0103 terase exterioare.<\/p>\n<p class=\"wp-block-paragraph\">Interven\u021bia include \u0219i desfiin\u021barea unor platforme \u0219i suprafe\u021be betonate sau pavate, printre care \u0219i o parcare improvizat\u0103 cu o suprafa\u021b\u0103 de aproximativ 180 de metri p\u0103tra\u021bi.<\/p>\n<h2 class=\"wp-block-heading\">Terenul va fi reorganizat pentru noi locuri de parcare<\/h2>\n<p class=\"wp-block-paragraph\">Dup\u0103 eliberarea terenului, municipalitatea inten\u021bioneaz\u0103 s\u0103 reorganizeze suprafa\u021ba \u0219i s\u0103 amenajeze noi locuri de parcare pentru locuitorii din zon\u0103.<\/p>\n<p class=\"wp-block-paragraph\">Ac\u021biunea face parte din programul Prim\u0103riei Timi\u0219oara de eliberare a domeniului public de construc\u021bii \u0219i amenaj\u0103ri realizate ilegal \u0219i de redare a terenurilor respective circuitului public.<\/p>\n<p class=\"wp-block-paragraph\">\u00cen ultimii ani, astfel de interven\u021bii au fost realizate \u00een mai multe zone ale ora\u0219ului, iar terenurile eliberate au fost utilizate pentru amenajarea de locuri de parcare, spa\u021bii verzi \u0219i zone de agrement.<\/p>\n<h2 class=\"wp-block-heading\">138 de dispozi\u021bii de desfiin\u021bare semnate de la \u00eenceputul anului<\/h2>\n<p class=\"wp-block-paragraph\">Ac\u021biunile de eliberare a domeniului public continu\u0103 \u0219i \u00een alte zone ale Timi\u0219oarei.<\/p>\n<p class=\"wp-block-paragraph\">De la \u00eenceputul anului, primarul Dominic Fritz a semnat 138 de dispozi\u021bii de desfiin\u021bare a unor construc\u021bii ridicate ilegal pe domeniul public.<\/p>\n<p class=\"wp-block-paragraph\">Prin astfel de interven\u021bii, municipalitatea urm\u0103re\u0219te recuperarea terenurilor care apar\u021bin ora\u0219ului \u0219i redarea acestora \u00een folosul comunit\u0103\u021bii, inclusiv prin transformarea lor \u00een spa\u021bii pentru parc\u0103ri, zone verzi sau alte amenaj\u0103ri publice.<\/p>\n<\/div>\n<footer>\n<div class=\"td-post-source-tags\">\n<ul class=\"td-tags td-post-small-box clearfix\">\n<li><span>ETICHETE<\/span><\/li>\n<li><a href=\"https:\/\/orasul-timisoara.ro\/local-tag\/calea-girocului\/\">Calea Girocului<\/a><\/li>\n<li><a href=\"https:\/\/orasul-timisoara.ro\/local-tag\/constructii-fara-autorizatie\/\">construc\u021bii f\u0103r\u0103 autoriza\u021bie<\/a><\/li>\n<li><a href=\"https:\/\/orasul-timisoara.ro\/local-tag\/constructii-ilegale-2\/\">construc\u021bii ilegale<\/a><\/li>\n<li><a href=\"https:\/\/orasul-timisoara.ro\/local-tag\/domeniul-public\/\">domeniul public<\/a><\/li>\n<li><a href=\"https:\/\/orasul-timisoara.ro\/local-tag\/dominic-fritz\/\">dominic fritz<\/a><\/li>\n<li><a href=\"https:\/\/orasul-timisoara.ro\/local-tag\/girocului\/\">Girocului<\/a><\/li>\n<li><a href=\"https:\/\/orasul-timisoara.ro\/local-tag\/locuri-de-parcare-timisoara-2\/\">locuri de parcare Timi\u0219oara<\/a><\/li>\n<li><a href=\"https:\/\/orasul-timisoara.ro\/local-tag\/martir-elena-nicoara\/\">Martir Elena Nicoar\u0103<\/a><\/li>\n<li><a href=\"https:\/\/orasul-timisoara.ro\/local-tag\/parcari-noi\/\">parc\u0103ri noi<\/a><\/li>\n<li><a href=\"https:\/\/orasul-timisoara.ro\/local-tag\/parcari-timisoara-2\/\">parc\u0103ri Timi\u0219oara<\/a><\/li>\n<li><a href=\"https:\/\/orasul-timisoara.ro\/local-tag\/primaria-timisoara-2\/\">Prim\u0103ria Timi\u0219oara<\/a><\/li>\n<li><a href=\"https:\/\/orasul-timisoara.ro\/local-tag\/stiri-girocului\/\">\u0219tiri Girocului<\/a><\/li>\n<li><a href=\"https:\/\/orasul-timisoara.ro\/local-tag\/stiri-timisoara-2\/\">\u0219tiri Timi\u0219oara<\/a><\/li>\n<\/ul>\n<\/div>\n<div class=\"td-post-sharing-bottom\">\n<div class=\"td-post-sharing-classic\"><iframe title=\"bottomFacebookLike\" frameborder src=\"https:\/\/www.facebook.com\/plugins\/like.php?href=https:\/\/orasul-timisoara.ro\/local-40524\/&amp;layout=button_count&amp;show_faces=false&amp;width=105&amp;action=like&amp;colorscheme=light&amp;height=21\"><\/iframe><\/div>\n<div id=\"td_social_sharing_article_bottom\" class=\"td-post-sharing td-ps-bg td-ps-notext td-post-sharing-style1 \">\n<div class=\"td-post-sharing-visible\"><a class=\"td-social-sharing-button td-social-sharing-button-js td-social-network td-social-facebook\" href=\"https:\/\/www.facebook.com\/sharer.php?u=https%3A%2F%2Forasul-timisoara.ro%2Flocal-40524%2F\" title=\"Facebook\"><\/p>\n<div class=\"td-social-but-text\">Facebook<\/div>\n<p><\/a><a class=\"td-social-sharing-button td-social-sharing-button-js td-social-network td-social-twitter\" href=\"https:\/\/twitter.com\/intent\/tweet?text=Prim%C4%83ria+Timi%C8%99oara+elibereaz%C4%83+un+teren+de+7.500+mp+din+Girocului+pentru+noi+locuri+de+parcare&amp;url=https%3A%2F%2Forasul-timisoara.ro%2Flocal-40524%2F&amp;via=orasultm\" title=\"Twitter\"><\/p>\n<div class=\"td-social-but-text\">Twitter<\/div>\n<p><\/a><a class=\"td-social-sharing-button td-social-sharing-button-js td-social-network td-social-whatsapp\" href=\"https:\/\/api.whatsapp.com\/send?text=Prim%C4%83ria+Timi%C8%99oara+elibereaz%C4%83+un+teren+de+7.500+mp+din+Girocului+pentru+noi+locuri+de+parcare%20%0A%0A%20https:\/\/orasul-timisoara.ro\/local-40524\/\" title=\"WhatsApp\"><\/p>\n<div class=\"td-social-but-text\">WhatsApp<\/div>\n<p><\/a><a class=\"td-social-sharing-button td-social-sharing-button-js td-social-network td-social-linkedin\" href=\"https:\/\/www.linkedin.com\/shareArticle?mini=true&amp;url=https:\/\/orasul-timisoara.ro\/local-40524\/&amp;title=Prim%C4%83ria+Timi%C8%99oara+elibereaz%C4%83+un+teren+de+7.500+mp+din+Girocului+pentru+noi+locuri+de+parcare\" title=\"Linkedin\"><\/p>\n<div class=\"td-social-but-text\">Linkedin<\/div>\n<p><\/a><a class=\"td-social-sharing-button td-social-sharing-button-js td-social-network td-social-reddit\" href=\"https:\/\/reddit.com\/submit?url=https:\/\/orasul-timisoara.ro\/local-40524\/&amp;title=Prim%C4%83ria+Timi%C8%99oara+elibereaz%C4%83+un+teren+de+7.500+mp+din+Girocului+pentru+noi+locuri+de+parcare\" title=\"ReddIt\"><\/p>\n<div class=\"td-social-but-text\">ReddIt<\/div>\n<p><\/a><a class=\"td-social-sharing-button td-social-sharing-button-js td-social-network td-social-mail\" href=\"mailto:?subject=Prim%C4%83ria%20Timi%C8%99oara%20elibereaz%C4%83%20un%20teren%20de%207.500%20mp%20din%20Girocului%20pentru%20noi%20locuri%20de%20parcare&amp;body=https:\/\/orasul-timisoara.ro\/local-40524\/\" title=\"Email\"><\/p>\n<div class=\"td-social-but-text\">Email<\/div>\n<p><\/a><a class=\"td-social-sharing-button td-social-sharing-button-js td-social-network td-social-print\" href=\"https:\/\/orasul-timisoara.ro\/local-40524\/\" title=\"Imprimare\"><\/p>\n<div class=\"td-social-but-text\">Imprimare<\/div>\n<p><\/a><\/div>\n<\/div>\n<\/div>\n<div class=\"td-block-row td-post-next-prev\">\n<div class=\"td-block-span6 td-post-prev-post\">\n<div class=\"td-post-next-prev-content\"><span>Articolul precedent<\/span><a href=\"https:\/\/orasul-timisoara.ro\/local-40521\/\">Peste 200 de copii cu cerin\u021be educative speciale vor \u00eenv\u0103\u021ba \u00eentr-o \u0219coal\u0103 nou\u0103 construit\u0103 de CJ Timi\u0219<\/a><\/div>\n<\/div>\n<div class=\"td-block-span6 td-post-next-post\">\n<div class=\"td-post-next-prev-content\"><span>Articolul urm\u0103tor<\/span><a href=\"https:\/\/orasul-timisoara.ro\/local-40527\/\">Flavius Ilioni va conduce interimar Direc\u021bia de Asisten\u021b\u0103 Social\u0103 a Municipiului Timi\u0219oara<\/a><\/div>\n<\/div>\n<\/div>\n<div class=\"td-author-name vcard author\"><span class=\"fn\"><a href=\"https:\/\/orasul-timisoara.ro\/author\/timisoara\/\">redactia<\/a><\/span><\/div>\n<p><span class=\"td-page-meta\"><\/span><span class=\"td-page-meta\"><span class=\"td-page-meta\"><\/span><\/span><span class=\"td-page-meta\"><\/span><\/footer>\n<div class=\"td_block_wrap td_block_related_posts tdi_3 td_with_ajax_pagination td-pb-border-top td_block_template_8\" data-td-block-uid=\"tdi_3\">\n<h4 class=\"td-related-title td-block-title\"><a id=\"tdi_4\" class=\"td-related-left td-cur-simple-item\" data-td_filter_value data-td_block_id=\"tdi_3\" href=\"https:\/\/orasul-timisoara.ro\/local-40524\/\">ARTICOLE SIMILARE<\/a><a id=\"tdi_5\" class=\"td-related-right\" data-td_filter_value=\"td_related_more_from_author\" data-td_block_id=\"tdi_3\" href=\"https:\/\/orasul-timisoara.ro\/local-40524\/\">DE LA ACELA\u0218I AUTOR<\/a><\/h4>\n<div id=\"tdi_3\" class=\"td_block_inner\">\n<div class=\"td-related-row\">\n<div class=\"td-related-span4\">\n<div class=\"td_module_related_posts td-animation-stack td_mod_related_posts\">\n<div class=\"td-module-image\">\n<div class=\"td-module-thumb\"><a href=\"https:\/\/orasul-timisoara.ro\/local-40545\/\" rel=\"bookmark\" class=\"td-image-wrap \" title=\"Dup\u0103 Pia\u021ba Traian, \u00eencepe regenerarea \u00een Pia\u021ba Mocioni \u0219i Pia\u021ba Maria. Dou\u0103 \u0219antiere uria\u0219e pentru Timi\u0219oara\"><img loading=\"lazy\" decoding=\"async\" class=\"entry-thumb\" src=\"https:\/\/orasul-timisoara.ro\/wp-content\/uploads\/2024\/12\/regenerare-urbana-mocioni-436x300.jpg\" alt title=\"Dup\u0103 Pia\u021ba Traian, \u00eencepe regenerarea \u00een Pia\u021ba Mocioni \u0219i Pia\u021ba Maria. Dou\u0103 \u0219antiere uria\u0219e pentru Timi\u0219oara\" width=\"218\" height=\"150\"><\/a><\/div>\n<\/div>\n<div class=\"item-details\">\n<h3 class=\"entry-title td-module-title\"><a href=\"https:\/\/orasul-timisoara.ro\/local-40545\/\" rel=\"bookmark\" title=\"Dup\u0103 Pia\u021ba Traian, \u00eencepe regenerarea \u00een Pia\u021ba Mocioni \u0219i Pia\u021ba Maria. Dou\u0103 \u0219antiere uria\u0219e pentru Timi\u0219oara\">Dup\u0103 Pia\u021ba Traian, \u00eencepe regenerarea \u00een Pia\u021ba Mocioni \u0219i Pia\u021ba Maria. Dou\u0103 \u0219antiere uria\u0219e pentru Timi\u0219oara<\/a><\/h3>\n<\/div>\n<\/div>\n<\/div>\n<div class=\"td-related-span4\">\n<div class=\"td_module_related_posts td-animation-stack td_mod_related_posts\">\n<div class=\"td-module-image\">\n<div class=\"td-module-thumb\"><a href=\"https:\/\/orasul-timisoara.ro\/local-40527\/\" rel=\"bookmark\" class=\"td-image-wrap \" title=\"Flavius Ilioni va conduce interimar Direc\u021bia de Asisten\u021b\u0103 Social\u0103 a Municipiului Timi\u0219oara\"><img loading=\"lazy\" decoding=\"async\" class=\"entry-thumb\" src=\"https:\/\/orasul-timisoara.ro\/wp-content\/uploads\/2026\/08\/flavius-iloni-436x300.jpg\" alt title=\"Flavius Ilioni va conduce interimar Direc\u021bia de Asisten\u021b\u0103 Social\u0103 a Municipiului Timi\u0219oara\" width=\"218\" height=\"150\"><\/a><\/div>\n<\/div>\n<div class=\"item-details\">\n<h3 class=\"entry-title td-module-title\"><a href=\"https:\/\/orasul-timisoara.ro\/local-40527\/\" rel=\"bookmark\" title=\"Flavius Ilioni va conduce interimar Direc\u021bia de Asisten\u021b\u0103 Social\u0103 a Municipiului Timi\u0219oara\">Flavius Ilioni va conduce interimar Direc\u021bia de Asisten\u021b\u0103 Social\u0103 a Municipiului Timi\u0219oara<\/a><\/h3>\n<\/div>\n<\/div>\n<\/div>\n<div class=\"td-related-span4\">\n<div class=\"td_module_related_posts td-animation-stack td_mod_related_posts\">\n<div class=\"td-module-image\">\n<div class=\"td-module-thumb\"><a href=\"https:\/\/orasul-timisoara.ro\/local-40518\/\" rel=\"bookmark\" class=\"td-image-wrap \" title=\"Senatul a adoptat \u201eamendamentul Fritz\u201d. Dominic Fritz \u00ee\u0219i va pierde mandatul de primar al Timi\u0219oarei\"><img loading=\"lazy\" decoding=\"async\" class=\"entry-thumb\" src=\"https:\/\/orasul-timisoara.ro\/wp-content\/uploads\/2026\/01\/dominic-fritz-stadion-436x300.jpg\" alt title=\"Senatul a adoptat \u201eamendamentul Fritz\u201d. Dominic Fritz \u00ee\u0219i va pierde mandatul de primar al Timi\u0219oarei\" width=\"218\" height=\"150\"><\/a><\/div>\n<\/div>\n<div class=\"item-details\">\n<h3 class=\"entry-title td-module-title\"><a href=\"https:\/\/orasul-timisoara.ro\/local-40518\/\" rel=\"bookmark\" title=\"Senatul a adoptat \u201eamendamentul Fritz\u201d. Dominic Fritz \u00ee\u0219i va pierde mandatul de primar al Timi\u0219oarei\">Senatul a adoptat \u201eamendamentul Fritz\u201d. Dominic Fritz \u00ee\u0219i va pierde mandatul de primar al Timi\u0219oarei<\/a><\/h3>\n<\/div>\n<\/div>\n<\/div>\n<\/div>\n<\/div>\n<\/div>\n<div class=\"comments\" id=\"comments\">\n<div id=\"respond\" class=\"comment-respond\">\n<h3 id=\"reply-title\" class=\"comment-reply-title\">L\u0102SA\u021aI UN MESAJ<\/h3>\n<div class=\"comment-form-input-wrap td-form-comment\">\n<div class=\"td-warning-comment\">V\u0103 rug\u0103m s\u0103 introduce\u021bi comentariul dvs.!<\/div>\n<\/div>\n<div class=\"comment-form-input-wrap td-form-author\">\n<div class=\"td-warning-author\">Introduce\u021bi aici numele dvs.<\/div>\n<\/div>\n<div class=\"comment-form-input-wrap td-form-email\">\n<div class=\"td-warning-email-error\">A\u021bi introdus o adres\u0103 de e-mail incorect\u0103!<\/div>\n<div class=\"td-warning-email\">V\u0103 rug\u0103m s\u0103 introduce\u021bi adresa dvs. de e-mail aici<\/div>\n<\/div>\n<\/div>\n<p class=\"akismet_comment_form_privacy_notice\">Acest site folose\u0219te Akismet pentru a reduce spamul. <a href=\"https:\/\/akismet.com\/privacy\/\" target=\"_blank\" rel=\"nofollow noopener\">Afl\u0103 cum sunt procesate datele comentariilor tale<\/a>.<\/p>\n<\/div>\n<\/div>\n<\/div>\n<div class=\"td-pb-span4 td-main-sidebar\" role=\"complementary\">\n<div class=\"td-ss-main-sidebar\">\n<aside id=\"block-4\" class=\"td_block_template_8 widget block-4 widget_block widget_media_image\">\n<figure class=\"wp-block-image size-full\"><img loading=\"lazy\" decoding=\"async\" width=\"336\" height=\"280\" src=\"https:\/\/orasul-timisoara.ro\/wp-content\/uploads\/2024\/11\/ReTIM-Abonamentul-Verde-Google-Ads-336x280px.gif\" alt class=\"wp-image-29257\"><\/figure>\n<\/aside>\n<div class=\"td_block_wrap td_block_social_counter td_block_widget tdi_6 td-social-style5 td-social-boxed td-pb-border-top td_block_template_8\">\n<div class=\"td-block-title-wrap\">\n<h4 class=\"td-block-title\"><span>Urm\u0103re\u0219te-ne pe Social Media<\/span><\/h4>\n<\/div>\n<div class=\"td-social-list\">\n<div class=\"td_social_type td-pb-margin-side td_social_facebook\">\n<div class=\"td-social-box\"><span class=\"td_social_info td_social_info_counter\">344,595<\/span><span class=\"td_social_info td_social_info_name\">Fani<\/span><span class=\"td_social_button\"><a href=\"https:\/\/www.facebook.com\/247timisoara\" target=\"_blank\" rel=\"nofollow\">\u00cemi place<\/a><\/span><\/div>\n<\/div>\n<div class=\"td_social_type td-pb-margin-side td_social_instagram\">\n<div class=\"td-social-box\"><span class=\"td_social_info td_social_info_counter\">4,416<\/span><span class=\"td_social_info td_social_info_name\">Cititori<\/span><span class=\"td_social_button\"><a href=\"https:\/\/instagram.com\/orasultimisoararo\/\" target=\"_blank\" rel=\"nofollow\">Conecta\u021bi-v\u0103<\/a><\/span><\/div>\n<\/div>\n<div class=\"td_social_type td-pb-margin-side td_social_rss\">\n<div class=\"td-social-box\"><span class=\"td_social_info td_social_info_counter\">12,506<\/span><span class=\"td_social_info td_social_info_name\">Cititori<\/span><span class=\"td_social_button\"><a href=\"https:\/\/orasul-timisoara.ro\/feed\/\" target=\"_blank\" rel=\"nofollow\">Conecta\u021bi-v\u0103<\/a><\/span><\/div>\n<\/div>\n<div class=\"td_social_type td-pb-margin-side td_social_tiktok\">\n<div class=\"td-social-box\"><span class=\"td_social_info td_social_info_counter\">1,500<\/span><span class=\"td_social_info td_social_info_name\">Cititori<\/span><span class=\"td_social_button\"><a href=\"https:\/\/www.tiktok.com\/@orasultimisoara\" target=\"_blank\" rel=\"nofollow\">Conecta\u021bi-v\u0103<\/a><\/span><\/div>\n<\/div>\n<div class=\"td_social_type td-pb-margin-side td_social_twitter\">\n<div class=\"td-social-box\"><span class=\"td_social_info td_social_info_counter\">1,595<\/span><span class=\"td_social_info td_social_info_name\">Cititori<\/span><span class=\"td_social_button\"><a href=\"https:\/\/twitter.com\/orasultm\" target=\"_blank\" rel=\"nofollow\">Conecta\u021bi-v\u0103<\/a><\/span><\/div>\n<\/div>\n<div class=\"td_social_type td-pb-margin-side td_social_youtube\">\n<div class=\"td-social-box\"><span class=\"td_social_info td_social_info_counter\">3,506<\/span><span class=\"td_social_info td_social_info_name\">Abona\u021bi<\/span><span class=\"td_social_button\"><a href=\"https:\/\/www.youtube.com\/channel\/UCQNsQvs2XCSIm1Z-AHRturw?sub_confirmation=1\" target=\"_blank\" rel=\"nofollow\">Abona\u021bi-v\u0103<\/a><\/span><\/div>\n<\/div>\n<\/div>\n<\/div>\n<aside id=\"text-7\" class=\"td_block_template_8 widget text-7 widget_text\">\n<h4 class=\"td-block-title\"><span>C\u0103ut\u0103ri populare pe OTM<\/span><\/h4>\n<div class=\"textwidget\"><a href=\"https:\/\/orasul-timisoara.ro\/?s=timisoara\"><span>Timisoara<\/span><\/a><a href=\"https:\/\/orasul-timisoara.ro\/?s=calin+dobra\"><span>Calin Dobra<\/span><\/a><a href=\"https:\/\/orasul-timisoara.ro\/?s=primaria+timisoara\"><span>Primaria Timisoara<\/span><\/a><a href=\"https:\/\/orasul-timisoara.ro\/?s=dominic+fritz\"><span>Dominic Fritz<\/span><\/a><a href=\"https:\/\/orasul-timisoara.ro\/?s=nicolae+robu\"><span>Nicolae Robu<\/span><\/a><a href=\"https:\/\/orasul-timisoara.ro\/?s=consiliul+local+timisoara\">Consiliul Local Timisoara<\/a><a href=\"https:\/\/orasul-timisoara.ro\/?s=consiliul+judetean+timis\"><span>Consiliul Judetean Timis<\/span><\/a><a href=\"https:\/\/orasul-timisoara.ro\/?s=cjt\"><span>CJT<\/span><\/a><a href=\"https:\/\/orasul-timisoara.ro\/?s=Alfred+Simonis\"><span>Alfred Simonis<\/span><\/a><a href=\"https:\/\/orasul-timisoara.ro\/?s=PNL\"><span>PNL<\/span><\/a><a href=\"https:\/\/orasul-timisoara.ro\/?s=coronavirus\"><span>coronavirus<\/span><\/a><a href=\"https:\/\/orasul-timisoara.ro\/?s=teatru+timisoara\">teatru Timisoara<\/a><a href=\"https:\/\/orasul-timisoara.ro\/?s=restaurante\"><span>restaurante Timisoara<\/span><\/a><a href=\"https:\/\/orasul-timisoara.ro\/?s=diskoteka\"><span>Diskoteka<\/span><\/a><a href=\"https:\/\/orasul-timisoara.ro\/?s=iulius+town\"><span>Iulius Town<\/span><\/a><a href=\"https:\/\/orasul-timisoara.ro\/?s=iulius+mall\"><span>Iulius Mall<\/span><\/a><a href=\"https:\/\/orasul-timisoara.ro\/?s=stpt\"><span>STPT<\/span><\/a><a href=\"https:\/\/orasul-timisoara.ro\/?s=alin+nica\"><span>Alin Nica<\/span><\/a><a href=\"https:\/\/orasul-timisoara.ro\/?s=psd\"><span>PSD<\/span><\/a><a href=\"https:\/\/orasul-timisoara.ro\/?s=aeroport\"><span>Aeroportul International Timisoara<\/span><\/a><a href=\"https:\/\/orasul-timisoara.ro\/?s=babes\"><span>Spitalul Victor Babes Timisoara<\/span><\/a><a href=\"https:\/\/orasul-timisoara.ro\/?s=poli\"><span>Poli Timi\u0219oara<\/span><\/a><a href=\"https:\/\/orasul-timisoara.ro\/?s=carantina\"><span>carantina<\/span><\/a><a href=\"https:\/\/orasul-timisoara.ro\/?s=aquatim\"><span>Aquatim<\/span><\/a><a href=\"https:\/\/orasul-timisoara.ro\/local-category\/stiri-timisoara\/\"><span>Stiri Timisoara<\/span><\/a><a href=\"https:\/\/orasul-timisoara.ro\/local-category\/investitii-in-timisoara\/\"><span>Investi\u021bii in Timi\u0219oara<\/span><\/a><a href=\"https:\/\/orasul-timisoara.ro\/local-9463\/\"><span>shaorma<\/span><\/a><a href=\"https:\/\/orasul-timisoara.ro\/?s=trafic\"><span>trafic rutier<\/span><\/a><a href=\"https:\/\/orasul-timisoara.ro\/?s=politia\"><span>politia locala timisoara<\/span><\/a><a href=\"https:\/\/orasul-timisoara.ro\/?s=roxana\"><span>Roxana Iliescu<\/span><\/a><a href=\"https:\/\/orasul-timisoara.ro\/?s=colterm\"><span>Colterm<\/span><\/a><a href=\"https:\/\/orasul-timisoara.ro\/?s=latcau\"><span>Ruben La\u021bc\u0103u<\/span><\/a><a href=\"https:\/\/orasul-timisoara.ro\/?s=timis\"><span>\u0218tiri din Timi\u0219<\/span><\/a><a href=\"https:\/\/orasul-timisoara.ro\/?s=spital\"><span>Spitale din Timi\u0219oara<\/span><\/a><a href=\"https:\/\/orasul-timisoara.ro\/?s=tabara\"><span>Cosmin Tab\u0103r\u0103<\/span><\/a><\/div>\n<\/aside>\n<aside id=\"rss-2\" class=\"td_block_template_8 widget rss-2 widget_rss\">\n<h4 class=\"td-block-title\"><span><a class=\"rsswidget rss-widget-feed\" href=\"https:\/\/fashionfridays.ro\/feed\"><img decoding=\"async\" class=\"rss-widget-icon\" width=\"14\" height=\"14\" src=\"https:\/\/orasul-timisoara.ro\/wp-includes\/images\/rss.png\" alt=\"Flux RSS: Fashion Fridays\" loading=\"lazy\"><\/a><a class=\"rsswidget rss-widget-title\" href=\"https:\/\/fashionfridays.ro\/\">Fashion Fridays<\/a><\/span><\/h4>\n<ul>\n<li><a class=\"rsswidget\" href=\"https:\/\/fashionfridays.ro\/romania-devine-a-29-a-piata-vogue-o-noua-era-pentru-industria-locala-de-moda\/\">Rom\u00e2nia devine a 29-a pia\u021b\u0103 Vogue: o nou\u0103 er\u0103 pentru industria local\u0103 de mod\u0103<\/a>\n<div class=\"rssSummary\">Revista Vogue \u00ee\u0219i extinde prezen\u021ba global\u0103 \u0219i va fi lansat\u0103 oficial \u00een Rom\u00e2nia \u00een prim\u0103vara anului 2027, marc\u00e2nd intrarea pe cea de-a 29-a pia\u021b\u0103 interna\u021bional\u0103. Proiectul este realizat \u00een parteneriat cu AEMME Publishing, o companie media recent \u00eenfiin\u021bat\u0103, care va publica edi\u021bia local\u0103 sub licen\u021b\u0103. Noua edi\u021bie, Vogue Rom\u00e2nia, \u00ee\u0219i propune s\u0103 combine autoritatea global\u0103 [\u2026]<\/div>\n<\/li>\n<\/ul>\n<\/aside>\n<aside id=\"rss-4\" class=\"td_block_template_8 widget rss-4 widget_rss\">\n<h4 class=\"td-block-title\"><span><a class=\"rsswidget rss-widget-feed\" href=\"https:\/\/emasini.ro\/feed\"><img decoding=\"async\" class=\"rss-widget-icon\" width=\"14\" height=\"14\" src=\"https:\/\/orasul-timisoara.ro\/wp-includes\/images\/rss.png\" alt=\"Flux RSS: eMasini\" loading=\"lazy\"><\/a><a class=\"rsswidget rss-widget-title\" href=\"https:\/\/emasini.ro\/\">eMasini<\/a><\/span><\/h4>\n<ul>\n<li><a class=\"rsswidget\" href=\"https:\/\/emasini.ro\/adio-bordurilor-pline-de-ecrane-mercedes-benz-readuce-butoanele-in-noile-masini-produse\/\">Adio bordurilor pline de ecrane? Mercedes-Benz readuce butoanele \u00een noile ma\u0219ini produse<\/a>\n<div class=\"rssSummary\">Mercedes-Benz \u00ee\u0219i schimb\u0103 direc\u021bia \u00een ceea ce prive\u0219te designul interioarelor \u0219i va readuce comenzile fizice pentru anumite func\u021bii importante. Constructorul german nu renun\u021b\u0103 la ecranele mari \u0219i la tehnologiile digitale, dar recunoa\u0219te c\u0103 a mers prea departe prin eliminarea unor butoane \u0219i comenzi tactile. Ola K\u00e4llenius, pre\u0219edintele Consiliului de Administra\u021bie al Mercedes-Benz Group \u0219i CEO [\u2026]<\/div>\n<\/li>\n<\/ul>\n<\/aside>\n<\/div>\n<\/div>\n<\/div>\n<\/div>\n<\/article>\n<div class=\"td-post-content tagdiv-type\">\n<p class=\"wp-block-paragraph\">Prim\u0103ria Timi\u0219oara elibereaz\u0103 un teren public de aproximativ 7.500 de metri p\u0103tra\u021bi \u00een zona Calea Girocului, unde accesul era blocat de construc\u021bii \u0219i amenaj\u0103ri realizate f\u0103r\u0103 autoriza\u021bie. Dup\u0103 desfiin\u021barea acestora, municipalitatea preg\u0103te\u0219te reorganizarea terenului pentru amenajarea de noi locuri de parcare.<\/p>\n<p class=\"wp-block-paragraph\">Interven\u021bia are loc \u00een zona str\u0103zii Martir Elena Nicoar\u0103 \u0219i face parte din demersurile municipalit\u0103\u021bii de a reda domeniului public terenurile ocupate prin construc\u021bii sau amenaj\u0103ri ilegale.<\/p>\n<h2 class=\"wp-block-heading\">Garduri, containere \u0219i construc\u021bii desfiin\u021bate<\/h2>\n<p class=\"wp-block-paragraph\">Pe terenul public au fost amenajate de-a lungul propriet\u0103\u021bii mai multe construc\u021bii \u0219i \u00eemprejmuiri f\u0103r\u0103 autoriza\u021bie. Printre acestea se num\u0103r\u0103 garduri din beton, plas\u0103 de s\u00e2rm\u0103 \u0219i elemente metalice, precum \u0219i mai multe por\u021bi.<\/p>\n<p class=\"wp-block-paragraph\">\u00cen interiorul suprafe\u021bei \u00eemprejmuite au fost \u00eendep\u0103rtate trei containere \u0219i o structur\u0103 metalic\u0103 prev\u0103zut\u0103 cu panouri fotovoltaice.<\/p>\n<p class=\"wp-block-paragraph\">De asemenea, au fost desfiin\u021bate mai multe copertine \u0219i dou\u0103 terase exterioare.<\/p>\n<p class=\"wp-block-paragraph\">Interven\u021bia include \u0219i desfiin\u021barea unor platforme \u0219i suprafe\u021be betonate sau pavate, printre care \u0219i o parcare improvizat\u0103 cu o suprafa\u021b\u0103 de aproximativ 180 de metri p\u0103tra\u021bi.<\/p>\n<h2 class=\"wp-block-heading\">Terenul va fi reorganizat pentru noi locuri de parcare<\/h2>\n<p class=\"wp-block-paragraph\">Dup\u0103 eliberarea terenului, municipalitatea inten\u021bioneaz\u0103 s\u0103 reorganizeze suprafa\u021ba \u0219i s\u0103 amenajeze noi locuri de parcare pentru locuitorii din zon\u0103.<\/p>\n<p class=\"wp-block-paragraph\">Ac\u021biunea face parte din programul Prim\u0103riei Timi\u0219oara de eliberare a domeniului public de construc\u021bii \u0219i amenaj\u0103ri realizate ilegal \u0219i de redare a terenurilor respective circuitului public.<\/p>\n<p class=\"wp-block-paragraph\">\u00cen ultimii ani, astfel de interven\u021bii au fost realizate \u00een mai multe zone ale ora\u0219ului, iar terenurile eliberate au fost utilizate pentru amenajarea de locuri de parcare, spa\u021bii verzi \u0219i zone de agrement.<\/p>\n<h2 class=\"wp-block-heading\">138 de dispozi\u021bii de desfiin\u021bare semnate de la \u00eenceputul anului<\/h2>\n<p class=\"wp-block-paragraph\">Ac\u021biunile de eliberare a domeniului public continu\u0103 \u0219i \u00een alte zone ale Timi\u0219oarei.<\/p>\n<p class=\"wp-block-paragraph\">De la \u00eenceputul anului, primarul Dominic Fritz a semnat 138 de dispozi\u021bii de desfiin\u021bare a unor construc\u021bii ridicate ilegal pe domeniul public.<\/p>\n<p class=\"wp-block-paragraph\">Prin astfel de interven\u021bii, municipalitatea urm\u0103re\u0219te recuperarea terenurilor care apar\u021bin ora\u0219ului \u0219i redarea acestora \u00een folosul comunit\u0103\u021bii, inclusiv prin transformarea lor \u00een spa\u021bii pentru parc\u0103ri, zone verzi sau alte amenaj\u0103ri publice.<\/p>\n<\/div>\n<p>[analyse_source url=&#8221;https:\/\/orasul-timisoara.ro\/local-40524\/&#8221;]<\/p>\n","protected":false},"excerpt":{"rendered":"<p>[analyse_image type=&#8221;featured&#8221; src=&#8221;https:\/\/orasul-timisoara.ro\/wp-content\/uploads\/2026\/08\/martir-elena-nicoara.jpg&#8221;] Administra\u021bie local\u0103Prim\u0103ria Timi\u0219oara elibereaz\u0103 un teren de 7.500 mp din Girocului pentru noi&#8230; Administra\u021bie local\u0103 Investitii in Timisoara \u0218tiri Locale Prim\u0103ria Timi\u0219oara elibereaz\u0103 un teren de 7.500 mp din Girocului pentru noi locuri de parcare De c\u0103tre redactia &#8211; 26\/08\/2026 Facebook Twitter WhatsApp Linkedin ReddIt Email Imprimare Prim\u0103ria Timi\u0219oara elibereaz\u0103 un teren [&hellip;]<\/p>\n","protected":false},"author":1,"featured_media":0,"comment_status":"open","ping_status":"","sticky":false,"template":"","format":"standard","meta":{"footnotes":""},"categories":[89],"tags":[226,189],"class_list":["post-2115120","post","type-post","status-publish","format-standard","hentry","category-romania","tag-crawlmanager","tag-orasul-timisoara-ro"],"_links":{"self":[{"href":"https:\/\/analyse.optim.biz\/index.php?rest_route=\/wp\/v2\/posts\/2115120","targetHints":{"allow":["GET"]}}],"collection":[{"href":"https:\/\/analyse.optim.biz\/index.php?rest_route=\/wp\/v2\/posts"}],"about":[{"href":"https:\/\/analyse.optim.biz\/index.php?rest_route=\/wp\/v2\/types\/post"}],"author":[{"embeddable":true,"href":"https:\/\/analyse.optim.biz\/index.php?rest_route=\/wp\/v2\/users\/1"}],"replies":[{"embeddable":true,"href":"https:\/\/analyse.optim.biz\/index.php?rest_route=%2Fwp%2Fv2%2Fcomments&post=2115120"}],"version-history":[{"count":0,"href":"https:\/\/analyse.optim.biz\/index.php?rest_route=\/wp\/v2\/posts\/2115120\/revisions"}],"wp:attachment":[{"href":"https:\/\/analyse.optim.biz\/index.php?rest_route=%2Fwp%2Fv2%2Fmedia&parent=2115120"}],"wp:term":[{"taxonomy":"category","embeddable":true,"href":"https:\/\/analyse.optim.biz\/index.php?rest_route=%2Fwp%2Fv2%2Fcategories&post=2115120"},{"taxonomy":"post_tag","embeddable":true,"href":"https:\/\/analyse.optim.biz\/index.php?rest_route=%2Fwp%2Fv2%2Ftags&post=2115120"}],"curies":[{"name":"wp","href":"https:\/\/api.w.org\/{rel}","templated":true}]}}