{"id":2115119,"date":"2026-08-26T12:39:17","date_gmt":"2026-08-26T09:39:17","guid":{"rendered":"https:\/\/analyse.optim.biz\/?p=2115119"},"modified":"2026-08-26T12:39:17","modified_gmt":"2026-08-26T09:39:17","slug":"peste-200-de-copii-cu-cerinte-educative-speciale-vor-invata-intr-o-scoala-noua-construita-de-cj-timis","status":"publish","type":"post","link":"https:\/\/analyse.optim.biz\/?p=2115119","title":{"rendered":"Peste 200 de copii cu cerin\u021be educative speciale vor \u00eenv\u0103\u021ba \u00eentr-o \u0219coal\u0103 nou\u0103 construit\u0103 de CJ Timi\u0219"},"content":{"rendered":"<p>[analyse_image type=&#8221;featured&#8221; src=&#8221;https:\/\/orasul-timisoara.ro\/wp-content\/uploads\/2026\/08\/787598677_1080931407740890_344315713820674664_n.jpg&#8221;]<\/p>\n<article id=\"post-40521\" class=\"td-post-template-7 post-40521 post type-post status-publish format-standard has-post-thumbnail category-administratie category-featured category-stiri-timisoara tag-alfred-simonis tag-centrul-scolar-dumitru-ciumageanu tag-cerinte-educative-speciale tag-consiliul-judetean-timis-2 tag-copii-cu-nevoi-speciale tag-dumitru-ciumageanu tag-educatie-incluziva-2 tag-educatie-timis tag-scoala-copii-nevoi-speciale tag-scoala-noua-2 tag-timis-2 td-container-wrap\">\n<div class=\"td-full-screen-header-image-wrap\">\n<div class=\"td-container td-post-header\">\n<div class=\"td-crumb-container\">\n<div class=\"entry-crumbs\"><span><a title=\"Vede\u021bi toate articolele \u00een Administra\u021bie local\u0103\" class=\"entry-crumb\" href=\"https:\/\/orasul-timisoara.ro\/local-category\/administratie\/\">Administra\u021bie local\u0103<\/a><\/span><span class=\"td-bred-no-url-last\">Peste 200 de copii cu cerin\u021be educative speciale vor \u00eenv\u0103\u021ba \u00eentr-o \u0219coal\u0103&#8230;<\/span><\/div>\n<\/div>\n<div class=\"td-post-header-holder\">\n<div class=\"td-parallax-header\">\n<header class=\"td-post-title\">\n<ul class=\"td-category\">\n<li class=\"entry-category\"><a href=\"https:\/\/orasul-timisoara.ro\/local-category\/administratie\/\">Administra\u021bie local\u0103<\/a><\/li>\n<li class=\"entry-category\"><a href=\"https:\/\/orasul-timisoara.ro\/local-category\/stiri-timisoara\/\">\u0218tiri Locale<\/a><\/li>\n<\/ul>\n<h1 class=\"entry-title\">Peste 200 de copii cu cerin\u021be educative speciale vor \u00eenv\u0103\u021ba \u00eentr-o \u0219coal\u0103 nou\u0103 construit\u0103 de CJ Timi\u0219<\/h1>\n<div class=\"td-module-meta-info\">\n<div class=\"td-post-author-name\">\n<div class=\"td-author-by\">De c\u0103tre<\/div>\n<p><a href=\"https:\/\/orasul-timisoara.ro\/author\/timisoara\/\">redactia<\/a><\/p>\n<div class=\"td-author-line\"> &#8211; <\/div>\n<\/div>\n<p><span class=\"td-post-date\"><time class=\"entry-date updated td-module-date\" datetime=\"2026-08-26T15:39:17+03:00\">26\/08\/2026<\/time><\/span><\/div>\n<\/header>\n<\/div>\n<\/div>\n<\/div>\n<div id=\"td-full-screen-header-image\" class=\"td-image-gradient-style7\"><img decoding=\"async\" class=\"td-backstretch\" src=\"https:\/\/orasul-timisoara.ro\/wp-content\/uploads\/2026\/08\/787598677_1080931407740890_344315713820674664_n.jpg\"><\/div>\n<\/div>\n<div class=\"td-container\">\n<div class=\"td-pb-row\">\n<div class=\"td-pb-span8 td-main-content\" role=\"main\">\n<div class=\"td-ss-main-content\">\n<div class=\"td-post-sharing-top\">\n<div class=\"td-post-sharing-classic\"><iframe title=\"topFacebookLike\" frameborder src=\"https:\/\/www.facebook.com\/plugins\/like.php?href=https:\/\/orasul-timisoara.ro\/local-40521\/&amp;layout=button_count&amp;show_faces=false&amp;width=105&amp;action=like&amp;colorscheme=light&amp;height=21\"><\/iframe><\/div>\n<div id=\"td_social_sharing_article_top\" class=\"td-post-sharing td-ps-bg td-ps-notext td-post-sharing-style1 \">\n<div class=\"td-post-sharing-visible\"><a class=\"td-social-sharing-button td-social-sharing-button-js td-social-network td-social-facebook\" href=\"https:\/\/www.facebook.com\/sharer.php?u=https%3A%2F%2Forasul-timisoara.ro%2Flocal-40521%2F\" title=\"Facebook\"><\/p>\n<div class=\"td-social-but-text\">Facebook<\/div>\n<p><\/a><a class=\"td-social-sharing-button td-social-sharing-button-js td-social-network td-social-twitter\" href=\"https:\/\/twitter.com\/intent\/tweet?text=Peste+200+de+copii+cu+cerin%C8%9Be+educative+speciale+vor+%C3%AEnv%C4%83%C8%9Ba+%C3%AEntr-o+%C8%99coal%C4%83+nou%C4%83+construit%C4%83+de+CJ+Timi%C8%99&amp;url=https%3A%2F%2Forasul-timisoara.ro%2Flocal-40521%2F&amp;via=orasultm\" title=\"Twitter\"><\/p>\n<div class=\"td-social-but-text\">Twitter<\/div>\n<p><\/a><a class=\"td-social-sharing-button td-social-sharing-button-js td-social-network td-social-whatsapp\" href=\"https:\/\/api.whatsapp.com\/send?text=Peste+200+de+copii+cu+cerin%C8%9Be+educative+speciale+vor+%C3%AEnv%C4%83%C8%9Ba+%C3%AEntr-o+%C8%99coal%C4%83+nou%C4%83+construit%C4%83+de+CJ+Timi%C8%99%20%0A%0A%20https:\/\/orasul-timisoara.ro\/local-40521\/\" title=\"WhatsApp\"><\/p>\n<div class=\"td-social-but-text\">WhatsApp<\/div>\n<p><\/a><a class=\"td-social-sharing-button td-social-sharing-button-js td-social-network td-social-linkedin\" href=\"https:\/\/www.linkedin.com\/shareArticle?mini=true&amp;url=https:\/\/orasul-timisoara.ro\/local-40521\/&amp;title=Peste+200+de+copii+cu+cerin%C8%9Be+educative+speciale+vor+%C3%AEnv%C4%83%C8%9Ba+%C3%AEntr-o+%C8%99coal%C4%83+nou%C4%83+construit%C4%83+de+CJ+Timi%C8%99\" title=\"Linkedin\"><\/p>\n<div class=\"td-social-but-text\">Linkedin<\/div>\n<p><\/a><a class=\"td-social-sharing-button td-social-sharing-button-js td-social-network td-social-reddit\" href=\"https:\/\/reddit.com\/submit?url=https:\/\/orasul-timisoara.ro\/local-40521\/&amp;title=Peste+200+de+copii+cu+cerin%C8%9Be+educative+speciale+vor+%C3%AEnv%C4%83%C8%9Ba+%C3%AEntr-o+%C8%99coal%C4%83+nou%C4%83+construit%C4%83+de+CJ+Timi%C8%99\" title=\"ReddIt\"><\/p>\n<div class=\"td-social-but-text\">ReddIt<\/div>\n<p><\/a><a class=\"td-social-sharing-button td-social-sharing-button-js td-social-network td-social-mail\" href=\"mailto:?subject=Peste%20200%20de%20copii%20cu%20cerin%C8%9Be%20educative%20speciale%20vor%20%C3%AEnv%C4%83%C8%9Ba%20%C3%AEntr-o%20%C8%99coal%C4%83%20nou%C4%83%20construit%C4%83%20de%20CJ%20Timi%C8%99&amp;body=https:\/\/orasul-timisoara.ro\/local-40521\/\" title=\"Email\"><\/p>\n<div class=\"td-social-but-text\">Email<\/div>\n<p><\/a><a class=\"td-social-sharing-button td-social-sharing-button-js td-social-network td-social-print\" href=\"https:\/\/orasul-timisoara.ro\/local-40521\/\" title=\"Imprimare\"><\/p>\n<div class=\"td-social-but-text\">Imprimare<\/div>\n<p><\/a><\/div>\n<\/div>\n<\/div>\n<div class=\"td-post-content tagdiv-type\">\n<p class=\"wp-block-paragraph\">Peste 200 de copii cu cerin\u021be educative speciale vor \u00eenv\u0103\u021ba, din aceast\u0103 toamn\u0103, \u00eentr-o \u0219coal\u0103 nou\u0103 construit\u0103 de Consiliul Jude\u021bean Timi\u0219 de la zero, \u00eentr-un singur an. Este vorba despre Centrul \u0218colar pentru Educa\u021bie Incluziv\u0103 \u201eDumitru Cium\u0103geanu\u201d, o investi\u021bie de aproximativ 62 de milioane de lei.<\/p>\n<p class=\"wp-block-paragraph\">Noua unitate de \u00eenv\u0103\u021b\u0103m\u00e2nt a fost proiectat\u0103 pentru a r\u0103spunde nevoilor copiilor care beneficiaz\u0103 de servicii educa\u021bionale \u0219i terapii specifice, oferind at\u00e2t spa\u021bii pentru cursuri, c\u00e2t \u0219i cabinete \u0219i zone dedicate activit\u0103\u021bilor terapeutice.<\/p>\n<h2 class=\"wp-block-heading\">28 de s\u0103li de clas\u0103 \u0219i 22 de cabinete psihopedagogice<\/h2>\n<p class=\"wp-block-paragraph\">Centrul \u0218colar pentru Educa\u021bie Incluziv\u0103 \u201eDumitru Cium\u0103geanu\u201d dispune de 28 de s\u0103li de clas\u0103 \u0219i 22 de cabinete psihopedagogice. Noua \u0219coal\u0103 are \u0219i cabinete destinate terapiilor, s\u0103li pentru activit\u0103\u021bi \u0219i lectur\u0103, precum \u0219i o sal\u0103 Optimusic.<\/p>\n<p class=\"wp-block-paragraph\">\u00cen cadrul centrului au fost amenajate \u0219i ateliere pentru ol\u0103rit, pictur\u0103 \u0219i mici me\u0219te\u0219uguri, precum \u0219i o sal\u0103 de a\u0219teptare destinat\u0103 p\u0103rin\u021bilor.<\/p>\n<p class=\"wp-block-paragraph\">Unitatea de \u00eenv\u0103\u021b\u0103m\u00e2nt are patru puncte de acces pietonal \u0219i 47 de locuri de parcare.<\/p>\n<h2 class=\"wp-block-heading\">Gr\u0103din\u0103 senzorial\u0103 de peste 700 de metri p\u0103tra\u021bi<\/h2>\n<p class=\"wp-block-paragraph\">Printre facilit\u0103\u021bile noii \u0219coli se num\u0103r\u0103 \u0219i o gr\u0103din\u0103 senzorial\u0103 cu o suprafa\u021b\u0103 de peste 700 de metri p\u0103tra\u021bi.<\/p>\n<p class=\"wp-block-paragraph\">Aceasta este \u00eemp\u0103r\u021bit\u0103 \u00een cinci zone func\u021bionale, dedicate stimul\u0103rii diferitelor sim\u021buri: auditiv\u0103, tactil\u0103, vizual\u0103, olfactiv\u0103 \u0219i gustativ\u0103.<\/p>\n<p class=\"wp-block-paragraph\">Spa\u021biul este destinat activit\u0103\u021bilor adaptate nevoilor copiilor \u0219i completeaz\u0103 facilit\u0103\u021bile educa\u021bionale \u0219i terapeutice ale centrului.<\/p>\n<h2 class=\"wp-block-heading\">Capacitatea \u0219colii ajunge la 250 de locuri<\/h2>\n<p class=\"wp-block-paragraph\">Centrul \u0218colar pentru Educa\u021bie Incluziv\u0103 \u201eDumitru Cium\u0103geanu\u201d oferea \u00een urm\u0103 cu c\u00e2\u021biva ani servicii educa\u021bionale, de compensare \u0219i corectare prin terapii specifice pentru aproximativ 150 de copii cu nevoi speciale.<\/p>\n<p class=\"wp-block-paragraph\">\u00cen prezent, num\u0103rul elevilor \u00eenscri\u0219i a ajuns la 210, iar investi\u021bia realizat\u0103 de Consiliul Jude\u021bean Timi\u0219 permite cre\u0219terea capacit\u0103\u021bii p\u00e2n\u0103 la 250 de locuri.<\/p>\n<p class=\"wp-block-paragraph\">\u201ePeste 200 de copii cu cerin\u021be educative speciale vor \u00eenv\u0103\u021ba din aceast\u0103 toamn\u0103 \u00eentr-o \u0219coal\u0103 nou\u0103 pe care am construit-o de la zero \u00eentr-un an. Este vorba de Centrul \u0218colar pentru Educa\u021bie Incluziv\u0103 Dumitru Cium\u0103geanu, o investi\u021bie de aproximativ 62 de milioane de lei\u201d, a transmis Alfred Simonis, pre\u0219edintele Consiliului Jude\u021bean Timi\u0219.<\/p>\n<p class=\"wp-block-paragraph\">Noua unitate de \u00eenv\u0103\u021b\u0103m\u00e2nt este astfel preg\u0103tit\u0103 s\u0103 ofere condi\u021bii moderne unui num\u0103r mai mare de copii \u0219i s\u0103 r\u0103spund\u0103 nevoilor educa\u021bionale \u0219i terapeutice ale elevilor cu cerin\u021be educative speciale din jude\u021b.<\/p>\n<\/div>\n<footer>\n<div class=\"td-post-source-tags\">\n<ul class=\"td-tags td-post-small-box clearfix\">\n<li><span>ETICHETE<\/span><\/li>\n<li><a href=\"https:\/\/orasul-timisoara.ro\/local-tag\/alfred-simonis\/\">alfred simonis<\/a><\/li>\n<li><a href=\"https:\/\/orasul-timisoara.ro\/local-tag\/centrul-scolar-dumitru-ciumageanu\/\">Centrul \u0218colar Dumitru Cium\u0103geanu<\/a><\/li>\n<li><a href=\"https:\/\/orasul-timisoara.ro\/local-tag\/cerinte-educative-speciale\/\">cerin\u021be educative speciale<\/a><\/li>\n<li><a href=\"https:\/\/orasul-timisoara.ro\/local-tag\/consiliul-judetean-timis-2\/\">Consiliul Jude\u021bean Timi\u0219<\/a><\/li>\n<li><a href=\"https:\/\/orasul-timisoara.ro\/local-tag\/copii-cu-nevoi-speciale\/\">copii cu nevoi speciale<\/a><\/li>\n<li><a href=\"https:\/\/orasul-timisoara.ro\/local-tag\/dumitru-ciumageanu\/\">Dumitru Cium\u0103geanu<\/a><\/li>\n<li><a href=\"https:\/\/orasul-timisoara.ro\/local-tag\/educatie-incluziva-2\/\">educa\u021bie incluziv\u0103<\/a><\/li>\n<li><a href=\"https:\/\/orasul-timisoara.ro\/local-tag\/educatie-timis\/\">educa\u021bie Timi\u0219<\/a><\/li>\n<li><a href=\"https:\/\/orasul-timisoara.ro\/local-tag\/scoala-copii-nevoi-speciale\/\">\u0219coal\u0103 copii nevoi speciale<\/a><\/li>\n<li><a href=\"https:\/\/orasul-timisoara.ro\/local-tag\/scoala-noua-2\/\">\u0219coal\u0103 nou\u0103<\/a><\/li>\n<li><a href=\"https:\/\/orasul-timisoara.ro\/local-tag\/timis-2\/\">timi\u0219<\/a><\/li>\n<\/ul>\n<\/div>\n<div class=\"td-post-sharing-bottom\">\n<div class=\"td-post-sharing-classic\"><iframe title=\"bottomFacebookLike\" frameborder src=\"https:\/\/www.facebook.com\/plugins\/like.php?href=https:\/\/orasul-timisoara.ro\/local-40521\/&amp;layout=button_count&amp;show_faces=false&amp;width=105&amp;action=like&amp;colorscheme=light&amp;height=21\"><\/iframe><\/div>\n<div id=\"td_social_sharing_article_bottom\" class=\"td-post-sharing td-ps-bg td-ps-notext td-post-sharing-style1 \">\n<div class=\"td-post-sharing-visible\"><a class=\"td-social-sharing-button td-social-sharing-button-js td-social-network td-social-facebook\" href=\"https:\/\/www.facebook.com\/sharer.php?u=https%3A%2F%2Forasul-timisoara.ro%2Flocal-40521%2F\" title=\"Facebook\"><\/p>\n<div class=\"td-social-but-text\">Facebook<\/div>\n<p><\/a><a class=\"td-social-sharing-button td-social-sharing-button-js td-social-network td-social-twitter\" href=\"https:\/\/twitter.com\/intent\/tweet?text=Peste+200+de+copii+cu+cerin%C8%9Be+educative+speciale+vor+%C3%AEnv%C4%83%C8%9Ba+%C3%AEntr-o+%C8%99coal%C4%83+nou%C4%83+construit%C4%83+de+CJ+Timi%C8%99&amp;url=https%3A%2F%2Forasul-timisoara.ro%2Flocal-40521%2F&amp;via=orasultm\" title=\"Twitter\"><\/p>\n<div class=\"td-social-but-text\">Twitter<\/div>\n<p><\/a><a class=\"td-social-sharing-button td-social-sharing-button-js td-social-network td-social-whatsapp\" href=\"https:\/\/api.whatsapp.com\/send?text=Peste+200+de+copii+cu+cerin%C8%9Be+educative+speciale+vor+%C3%AEnv%C4%83%C8%9Ba+%C3%AEntr-o+%C8%99coal%C4%83+nou%C4%83+construit%C4%83+de+CJ+Timi%C8%99%20%0A%0A%20https:\/\/orasul-timisoara.ro\/local-40521\/\" title=\"WhatsApp\"><\/p>\n<div class=\"td-social-but-text\">WhatsApp<\/div>\n<p><\/a><a class=\"td-social-sharing-button td-social-sharing-button-js td-social-network td-social-linkedin\" href=\"https:\/\/www.linkedin.com\/shareArticle?mini=true&amp;url=https:\/\/orasul-timisoara.ro\/local-40521\/&amp;title=Peste+200+de+copii+cu+cerin%C8%9Be+educative+speciale+vor+%C3%AEnv%C4%83%C8%9Ba+%C3%AEntr-o+%C8%99coal%C4%83+nou%C4%83+construit%C4%83+de+CJ+Timi%C8%99\" title=\"Linkedin\"><\/p>\n<div class=\"td-social-but-text\">Linkedin<\/div>\n<p><\/a><a class=\"td-social-sharing-button td-social-sharing-button-js td-social-network td-social-reddit\" href=\"https:\/\/reddit.com\/submit?url=https:\/\/orasul-timisoara.ro\/local-40521\/&amp;title=Peste+200+de+copii+cu+cerin%C8%9Be+educative+speciale+vor+%C3%AEnv%C4%83%C8%9Ba+%C3%AEntr-o+%C8%99coal%C4%83+nou%C4%83+construit%C4%83+de+CJ+Timi%C8%99\" title=\"ReddIt\"><\/p>\n<div class=\"td-social-but-text\">ReddIt<\/div>\n<p><\/a><a class=\"td-social-sharing-button td-social-sharing-button-js td-social-network td-social-mail\" href=\"mailto:?subject=Peste%20200%20de%20copii%20cu%20cerin%C8%9Be%20educative%20speciale%20vor%20%C3%AEnv%C4%83%C8%9Ba%20%C3%AEntr-o%20%C8%99coal%C4%83%20nou%C4%83%20construit%C4%83%20de%20CJ%20Timi%C8%99&amp;body=https:\/\/orasul-timisoara.ro\/local-40521\/\" title=\"Email\"><\/p>\n<div class=\"td-social-but-text\">Email<\/div>\n<p><\/a><a class=\"td-social-sharing-button td-social-sharing-button-js td-social-network td-social-print\" href=\"https:\/\/orasul-timisoara.ro\/local-40521\/\" title=\"Imprimare\"><\/p>\n<div class=\"td-social-but-text\">Imprimare<\/div>\n<p><\/a><\/div>\n<\/div>\n<\/div>\n<div class=\"td-block-row td-post-next-prev\">\n<div class=\"td-block-span6 td-post-prev-post\">\n<div class=\"td-post-next-prev-content\"><span>Articolul precedent<\/span><a href=\"https:\/\/orasul-timisoara.ro\/local-40518\/\">Senatul a adoptat \u201eamendamentul Fritz\u201d. Dominic Fritz \u00ee\u0219i va pierde mandatul de primar al Timi\u0219oarei<\/a><\/div>\n<\/div>\n<div class=\"td-block-span6 td-post-next-post\">\n<div class=\"td-post-next-prev-content\"><span>Articolul urm\u0103tor<\/span><a href=\"https:\/\/orasul-timisoara.ro\/local-40524\/\">Prim\u0103ria Timi\u0219oara elibereaz\u0103 un teren de 7.500 mp din Girocului pentru noi locuri de parcare<\/a><\/div>\n<\/div>\n<\/div>\n<div class=\"td-author-name vcard author\"><span class=\"fn\"><a href=\"https:\/\/orasul-timisoara.ro\/author\/timisoara\/\">redactia<\/a><\/span><\/div>\n<p><span class=\"td-page-meta\"><\/span><span class=\"td-page-meta\"><span class=\"td-page-meta\"><\/span><\/span><span class=\"td-page-meta\"><\/span><\/footer>\n<div class=\"td_block_wrap td_block_related_posts tdi_3 td_with_ajax_pagination td-pb-border-top td_block_template_8\" data-td-block-uid=\"tdi_3\">\n<h4 class=\"td-related-title td-block-title\"><a id=\"tdi_4\" class=\"td-related-left td-cur-simple-item\" data-td_filter_value data-td_block_id=\"tdi_3\" href=\"https:\/\/orasul-timisoara.ro\/local-40521\/\">ARTICOLE SIMILARE<\/a><a id=\"tdi_5\" class=\"td-related-right\" data-td_filter_value=\"td_related_more_from_author\" data-td_block_id=\"tdi_3\" href=\"https:\/\/orasul-timisoara.ro\/local-40521\/\">DE LA ACELA\u0218I AUTOR<\/a><\/h4>\n<div id=\"tdi_3\" class=\"td_block_inner\">\n<div class=\"td-related-row\">\n<div class=\"td-related-span4\">\n<div class=\"td_module_related_posts td-animation-stack td_mod_related_posts\">\n<div class=\"td-module-image\">\n<div class=\"td-module-thumb\"><a href=\"https:\/\/orasul-timisoara.ro\/local-40457\/\" rel=\"bookmark\" class=\"td-image-wrap \" title=\"Noul \u201eDan P\u0103ltini\u0219anu\u201d intr\u0103 \u00een linie dreapt\u0103. Simonis: \u201eTimi\u0219oara \u0219i Timi\u0219ul au a\u0219teptat suficient\u201d (video)\"><img loading=\"lazy\" decoding=\"async\" class=\"entry-thumb\" src=\"https:\/\/orasul-timisoara.ro\/wp-content\/uploads\/2026\/08\/783621665_1073572408377871_8887093214961580410_n-436x300.jpg\" alt title=\"Noul \u201eDan P\u0103ltini\u0219anu\u201d intr\u0103 \u00een linie dreapt\u0103. Simonis: \u201eTimi\u0219oara \u0219i Timi\u0219ul au a\u0219teptat suficient\u201d (video)\" width=\"218\" height=\"150\"><\/a><\/div>\n<\/div>\n<div class=\"item-details\">\n<h3 class=\"entry-title td-module-title\"><a href=\"https:\/\/orasul-timisoara.ro\/local-40457\/\" rel=\"bookmark\" title=\"Noul \u201eDan P\u0103ltini\u0219anu\u201d intr\u0103 \u00een linie dreapt\u0103. Simonis: \u201eTimi\u0219oara \u0219i Timi\u0219ul au a\u0219teptat suficient\u201d (video)\">Noul \u201eDan P\u0103ltini\u0219anu\u201d intr\u0103 \u00een linie dreapt\u0103. Simonis: \u201eTimi\u0219oara \u0219i Timi\u0219ul au a\u0219teptat suficient\u201d (video)<\/a><\/h3>\n<\/div>\n<\/div>\n<\/div>\n<div class=\"td-related-span4\">\n<div class=\"td_module_related_posts td-animation-stack td_mod_related_posts\">\n<div class=\"td-module-image\">\n<div class=\"td-module-thumb\"><a href=\"https:\/\/orasul-timisoara.ro\/local-40423\/\" rel=\"bookmark\" class=\"td-image-wrap \" title=\"Deponeul de la Ghizela ajunge la 86% din lucr\u0103rile pentru Celula 3. Investi\u021bie de aproape 46 de milioane de lei\"><img loading=\"lazy\" decoding=\"async\" class=\"entry-thumb\" src=\"https:\/\/orasul-timisoara.ro\/wp-content\/uploads\/2026\/08\/Ghizela-2-436x300.jpg\" alt title=\"Deponeul de la Ghizela ajunge la 86% din lucr\u0103rile pentru Celula 3. Investi\u021bie de aproape 46 de milioane de lei\" width=\"218\" height=\"150\"><\/a><\/div>\n<\/div>\n<div class=\"item-details\">\n<h3 class=\"entry-title td-module-title\"><a href=\"https:\/\/orasul-timisoara.ro\/local-40423\/\" rel=\"bookmark\" title=\"Deponeul de la Ghizela ajunge la 86% din lucr\u0103rile pentru Celula 3. Investi\u021bie de aproape 46 de milioane de lei\">Deponeul de la Ghizela ajunge la 86% din lucr\u0103rile pentru Celula 3. Investi\u021bie de aproape 46 de milioane de lei<\/a><\/h3>\n<\/div>\n<\/div>\n<\/div>\n<div class=\"td-related-span4\">\n<div class=\"td_module_related_posts td-animation-stack td_mod_related_posts\">\n<div class=\"td-module-image\">\n<div class=\"td-module-thumb\"><a href=\"https:\/\/orasul-timisoara.ro\/local-40367\/\" rel=\"bookmark\" class=\"td-image-wrap \" title=\"Investi\u021bii \u00een infrastructur\u0103, transport \u0219colar \u0219i pista de biciclete Timi\u0219oara\u2013Dumbr\u0103vi\u021ba\u2013Giarmata, pe masa CJ Timi\u0219\"><img loading=\"lazy\" decoding=\"async\" class=\"entry-thumb\" src=\"https:\/\/orasul-timisoara.ro\/wp-content\/uploads\/2020\/10\/prefectura-timis-consiliul-judetean-cjt-palat-centru.jpg\" alt title=\"Investi\u021bii \u00een infrastructur\u0103, transport \u0219colar \u0219i pista de biciclete Timi\u0219oara\u2013Dumbr\u0103vi\u021ba\u2013Giarmata, pe masa CJ Timi\u0219\" width=\"218\" height=\"150\"><\/a><\/div>\n<\/div>\n<div class=\"item-details\">\n<h3 class=\"entry-title td-module-title\"><a href=\"https:\/\/orasul-timisoara.ro\/local-40367\/\" rel=\"bookmark\" title=\"Investi\u021bii \u00een infrastructur\u0103, transport \u0219colar \u0219i pista de biciclete Timi\u0219oara\u2013Dumbr\u0103vi\u021ba\u2013Giarmata, pe masa CJ Timi\u0219\">Investi\u021bii \u00een infrastructur\u0103, transport \u0219colar \u0219i pista de biciclete Timi\u0219oara\u2013Dumbr\u0103vi\u021ba\u2013Giarmata, pe masa CJ Timi\u0219<\/a><\/h3>\n<\/div>\n<\/div>\n<\/div>\n<\/div>\n<\/div>\n<\/div>\n<div class=\"comments\" id=\"comments\">\n<div id=\"respond\" class=\"comment-respond\">\n<h3 id=\"reply-title\" class=\"comment-reply-title\">L\u0102SA\u021aI UN MESAJ<\/h3>\n<div class=\"comment-form-input-wrap td-form-comment\">\n<div class=\"td-warning-comment\">V\u0103 rug\u0103m s\u0103 introduce\u021bi comentariul dvs.!<\/div>\n<\/div>\n<div class=\"comment-form-input-wrap td-form-author\">\n<div class=\"td-warning-author\">Introduce\u021bi aici numele dvs.<\/div>\n<\/div>\n<div class=\"comment-form-input-wrap td-form-email\">\n<div class=\"td-warning-email-error\">A\u021bi introdus o adres\u0103 de e-mail incorect\u0103!<\/div>\n<div class=\"td-warning-email\">V\u0103 rug\u0103m s\u0103 introduce\u021bi adresa dvs. de e-mail aici<\/div>\n<\/div>\n<\/div>\n<p class=\"akismet_comment_form_privacy_notice\">Acest site folose\u0219te Akismet pentru a reduce spamul. <a href=\"https:\/\/akismet.com\/privacy\/\" target=\"_blank\" rel=\"nofollow noopener\">Afl\u0103 cum sunt procesate datele comentariilor tale<\/a>.<\/p>\n<\/div>\n<\/div>\n<\/div>\n<div class=\"td-pb-span4 td-main-sidebar\" role=\"complementary\">\n<div class=\"td-ss-main-sidebar\">\n<aside id=\"block-4\" class=\"td_block_template_8 widget block-4 widget_block widget_media_image\">\n<figure class=\"wp-block-image size-full\"><img loading=\"lazy\" decoding=\"async\" width=\"336\" height=\"280\" src=\"https:\/\/orasul-timisoara.ro\/wp-content\/uploads\/2024\/11\/ReTIM-Abonamentul-Verde-Google-Ads-336x280px.gif\" alt class=\"wp-image-29257\"><\/figure>\n<\/aside>\n<div class=\"td_block_wrap td_block_social_counter td_block_widget tdi_6 td-social-style5 td-social-boxed td-pb-border-top td_block_template_8\">\n<div class=\"td-block-title-wrap\">\n<h4 class=\"td-block-title\"><span>Urm\u0103re\u0219te-ne pe Social Media<\/span><\/h4>\n<\/div>\n<div class=\"td-social-list\">\n<div class=\"td_social_type td-pb-margin-side td_social_facebook\">\n<div class=\"td-social-box\"><span class=\"td_social_info td_social_info_counter\">344,595<\/span><span class=\"td_social_info td_social_info_name\">Fani<\/span><span class=\"td_social_button\"><a href=\"https:\/\/www.facebook.com\/247timisoara\" target=\"_blank\" rel=\"nofollow\">\u00cemi place<\/a><\/span><\/div>\n<\/div>\n<div class=\"td_social_type td-pb-margin-side td_social_instagram\">\n<div class=\"td-social-box\"><span class=\"td_social_info td_social_info_counter\">4,416<\/span><span class=\"td_social_info td_social_info_name\">Cititori<\/span><span class=\"td_social_button\"><a href=\"https:\/\/instagram.com\/orasultimisoararo\/\" target=\"_blank\" rel=\"nofollow\">Conecta\u021bi-v\u0103<\/a><\/span><\/div>\n<\/div>\n<div class=\"td_social_type td-pb-margin-side td_social_rss\">\n<div class=\"td-social-box\"><span class=\"td_social_info td_social_info_counter\">12,506<\/span><span class=\"td_social_info td_social_info_name\">Cititori<\/span><span class=\"td_social_button\"><a href=\"https:\/\/orasul-timisoara.ro\/feed\/\" target=\"_blank\" rel=\"nofollow\">Conecta\u021bi-v\u0103<\/a><\/span><\/div>\n<\/div>\n<div class=\"td_social_type td-pb-margin-side td_social_tiktok\">\n<div class=\"td-social-box\"><span class=\"td_social_info td_social_info_counter\">1,500<\/span><span class=\"td_social_info td_social_info_name\">Cititori<\/span><span class=\"td_social_button\"><a href=\"https:\/\/www.tiktok.com\/@orasultimisoara\" target=\"_blank\" rel=\"nofollow\">Conecta\u021bi-v\u0103<\/a><\/span><\/div>\n<\/div>\n<div class=\"td_social_type td-pb-margin-side td_social_twitter\">\n<div class=\"td-social-box\"><span class=\"td_social_info td_social_info_counter\">1,595<\/span><span class=\"td_social_info td_social_info_name\">Cititori<\/span><span class=\"td_social_button\"><a href=\"https:\/\/twitter.com\/orasultm\" target=\"_blank\" rel=\"nofollow\">Conecta\u021bi-v\u0103<\/a><\/span><\/div>\n<\/div>\n<div class=\"td_social_type td-pb-margin-side td_social_youtube\">\n<div class=\"td-social-box\"><span class=\"td_social_info td_social_info_counter\">3,506<\/span><span class=\"td_social_info td_social_info_name\">Abona\u021bi<\/span><span class=\"td_social_button\"><a href=\"https:\/\/www.youtube.com\/channel\/UCQNsQvs2XCSIm1Z-AHRturw?sub_confirmation=1\" target=\"_blank\" rel=\"nofollow\">Abona\u021bi-v\u0103<\/a><\/span><\/div>\n<\/div>\n<\/div>\n<\/div>\n<aside id=\"text-7\" class=\"td_block_template_8 widget text-7 widget_text\">\n<h4 class=\"td-block-title\"><span>C\u0103ut\u0103ri populare pe OTM<\/span><\/h4>\n<div class=\"textwidget\"><a href=\"https:\/\/orasul-timisoara.ro\/?s=timisoara\"><span>Timisoara<\/span><\/a><a href=\"https:\/\/orasul-timisoara.ro\/?s=calin+dobra\"><span>Calin Dobra<\/span><\/a><a href=\"https:\/\/orasul-timisoara.ro\/?s=primaria+timisoara\"><span>Primaria Timisoara<\/span><\/a><a href=\"https:\/\/orasul-timisoara.ro\/?s=dominic+fritz\"><span>Dominic Fritz<\/span><\/a><a href=\"https:\/\/orasul-timisoara.ro\/?s=nicolae+robu\"><span>Nicolae Robu<\/span><\/a><a href=\"https:\/\/orasul-timisoara.ro\/?s=consiliul+local+timisoara\">Consiliul Local Timisoara<\/a><a href=\"https:\/\/orasul-timisoara.ro\/?s=consiliul+judetean+timis\"><span>Consiliul Judetean Timis<\/span><\/a><a href=\"https:\/\/orasul-timisoara.ro\/?s=cjt\"><span>CJT<\/span><\/a><a href=\"https:\/\/orasul-timisoara.ro\/?s=Alfred+Simonis\"><span>Alfred Simonis<\/span><\/a><a href=\"https:\/\/orasul-timisoara.ro\/?s=PNL\"><span>PNL<\/span><\/a><a href=\"https:\/\/orasul-timisoara.ro\/?s=coronavirus\"><span>coronavirus<\/span><\/a><a href=\"https:\/\/orasul-timisoara.ro\/?s=teatru+timisoara\">teatru Timisoara<\/a><a href=\"https:\/\/orasul-timisoara.ro\/?s=restaurante\"><span>restaurante Timisoara<\/span><\/a><a href=\"https:\/\/orasul-timisoara.ro\/?s=diskoteka\"><span>Diskoteka<\/span><\/a><a href=\"https:\/\/orasul-timisoara.ro\/?s=iulius+town\"><span>Iulius Town<\/span><\/a><a href=\"https:\/\/orasul-timisoara.ro\/?s=iulius+mall\"><span>Iulius Mall<\/span><\/a><a href=\"https:\/\/orasul-timisoara.ro\/?s=stpt\"><span>STPT<\/span><\/a><a href=\"https:\/\/orasul-timisoara.ro\/?s=alin+nica\"><span>Alin Nica<\/span><\/a><a href=\"https:\/\/orasul-timisoara.ro\/?s=psd\"><span>PSD<\/span><\/a><a href=\"https:\/\/orasul-timisoara.ro\/?s=aeroport\"><span>Aeroportul International Timisoara<\/span><\/a><a href=\"https:\/\/orasul-timisoara.ro\/?s=babes\"><span>Spitalul Victor Babes Timisoara<\/span><\/a><a href=\"https:\/\/orasul-timisoara.ro\/?s=poli\"><span>Poli Timi\u0219oara<\/span><\/a><a href=\"https:\/\/orasul-timisoara.ro\/?s=carantina\"><span>carantina<\/span><\/a><a href=\"https:\/\/orasul-timisoara.ro\/?s=aquatim\"><span>Aquatim<\/span><\/a><a href=\"https:\/\/orasul-timisoara.ro\/local-category\/stiri-timisoara\/\"><span>Stiri Timisoara<\/span><\/a><a href=\"https:\/\/orasul-timisoara.ro\/local-category\/investitii-in-timisoara\/\"><span>Investi\u021bii in Timi\u0219oara<\/span><\/a><a href=\"https:\/\/orasul-timisoara.ro\/local-9463\/\"><span>shaorma<\/span><\/a><a href=\"https:\/\/orasul-timisoara.ro\/?s=trafic\"><span>trafic rutier<\/span><\/a><a href=\"https:\/\/orasul-timisoara.ro\/?s=politia\"><span>politia locala timisoara<\/span><\/a><a href=\"https:\/\/orasul-timisoara.ro\/?s=roxana\"><span>Roxana Iliescu<\/span><\/a><a href=\"https:\/\/orasul-timisoara.ro\/?s=colterm\"><span>Colterm<\/span><\/a><a href=\"https:\/\/orasul-timisoara.ro\/?s=latcau\"><span>Ruben La\u021bc\u0103u<\/span><\/a><a href=\"https:\/\/orasul-timisoara.ro\/?s=timis\"><span>\u0218tiri din Timi\u0219<\/span><\/a><a href=\"https:\/\/orasul-timisoara.ro\/?s=spital\"><span>Spitale din Timi\u0219oara<\/span><\/a><a href=\"https:\/\/orasul-timisoara.ro\/?s=tabara\"><span>Cosmin Tab\u0103r\u0103<\/span><\/a><\/div>\n<\/aside>\n<aside id=\"rss-2\" class=\"td_block_template_8 widget rss-2 widget_rss\">\n<h4 class=\"td-block-title\"><span><a class=\"rsswidget rss-widget-feed\" href=\"https:\/\/fashionfridays.ro\/feed\"><img decoding=\"async\" class=\"rss-widget-icon\" width=\"14\" height=\"14\" src=\"https:\/\/orasul-timisoara.ro\/wp-includes\/images\/rss.png\" alt=\"Flux RSS: Fashion Fridays\" loading=\"lazy\"><\/a><a class=\"rsswidget rss-widget-title\" href=\"https:\/\/fashionfridays.ro\/\">Fashion Fridays<\/a><\/span><\/h4>\n<ul>\n<li><a class=\"rsswidget\" href=\"https:\/\/fashionfridays.ro\/romania-devine-a-29-a-piata-vogue-o-noua-era-pentru-industria-locala-de-moda\/\">Rom\u00e2nia devine a 29-a pia\u021b\u0103 Vogue: o nou\u0103 er\u0103 pentru industria local\u0103 de mod\u0103<\/a>\n<div class=\"rssSummary\">Revista Vogue \u00ee\u0219i extinde prezen\u021ba global\u0103 \u0219i va fi lansat\u0103 oficial \u00een Rom\u00e2nia \u00een prim\u0103vara anului 2027, marc\u00e2nd intrarea pe cea de-a 29-a pia\u021b\u0103 interna\u021bional\u0103. Proiectul este realizat \u00een parteneriat cu AEMME Publishing, o companie media recent \u00eenfiin\u021bat\u0103, care va publica edi\u021bia local\u0103 sub licen\u021b\u0103. Noua edi\u021bie, Vogue Rom\u00e2nia, \u00ee\u0219i propune s\u0103 combine autoritatea global\u0103 [\u2026]<\/div>\n<\/li>\n<\/ul>\n<\/aside>\n<aside id=\"rss-4\" class=\"td_block_template_8 widget rss-4 widget_rss\">\n<h4 class=\"td-block-title\"><span><a class=\"rsswidget rss-widget-feed\" href=\"https:\/\/emasini.ro\/feed\"><img decoding=\"async\" class=\"rss-widget-icon\" width=\"14\" height=\"14\" src=\"https:\/\/orasul-timisoara.ro\/wp-includes\/images\/rss.png\" alt=\"Flux RSS: eMasini\" loading=\"lazy\"><\/a><a class=\"rsswidget rss-widget-title\" href=\"https:\/\/emasini.ro\/\">eMasini<\/a><\/span><\/h4>\n<ul>\n<li><a class=\"rsswidget\" href=\"https:\/\/emasini.ro\/adio-bordurilor-pline-de-ecrane-mercedes-benz-readuce-butoanele-in-noile-masini-produse\/\">Adio bordurilor pline de ecrane? Mercedes-Benz readuce butoanele \u00een noile ma\u0219ini produse<\/a>\n<div class=\"rssSummary\">Mercedes-Benz \u00ee\u0219i schimb\u0103 direc\u021bia \u00een ceea ce prive\u0219te designul interioarelor \u0219i va readuce comenzile fizice pentru anumite func\u021bii importante. Constructorul german nu renun\u021b\u0103 la ecranele mari \u0219i la tehnologiile digitale, dar recunoa\u0219te c\u0103 a mers prea departe prin eliminarea unor butoane \u0219i comenzi tactile. Ola K\u00e4llenius, pre\u0219edintele Consiliului de Administra\u021bie al Mercedes-Benz Group \u0219i CEO [\u2026]<\/div>\n<\/li>\n<\/ul>\n<\/aside>\n<\/div>\n<\/div>\n<\/div>\n<\/div>\n<\/article>\n<div class=\"td-post-content tagdiv-type\">\n<p class=\"wp-block-paragraph\">Peste 200 de copii cu cerin\u021be educative speciale vor \u00eenv\u0103\u021ba, din aceast\u0103 toamn\u0103, \u00eentr-o \u0219coal\u0103 nou\u0103 construit\u0103 de Consiliul Jude\u021bean Timi\u0219 de la zero, \u00eentr-un singur an. Este vorba despre Centrul \u0218colar pentru Educa\u021bie Incluziv\u0103 \u201eDumitru Cium\u0103geanu\u201d, o investi\u021bie de aproximativ 62 de milioane de lei.<\/p>\n<p class=\"wp-block-paragraph\">Noua unitate de \u00eenv\u0103\u021b\u0103m\u00e2nt a fost proiectat\u0103 pentru a r\u0103spunde nevoilor copiilor care beneficiaz\u0103 de servicii educa\u021bionale \u0219i terapii specifice, oferind at\u00e2t spa\u021bii pentru cursuri, c\u00e2t \u0219i cabinete \u0219i zone dedicate activit\u0103\u021bilor terapeutice.<\/p>\n<h2 class=\"wp-block-heading\">28 de s\u0103li de clas\u0103 \u0219i 22 de cabinete psihopedagogice<\/h2>\n<p class=\"wp-block-paragraph\">Centrul \u0218colar pentru Educa\u021bie Incluziv\u0103 \u201eDumitru Cium\u0103geanu\u201d dispune de 28 de s\u0103li de clas\u0103 \u0219i 22 de cabinete psihopedagogice. Noua \u0219coal\u0103 are \u0219i cabinete destinate terapiilor, s\u0103li pentru activit\u0103\u021bi \u0219i lectur\u0103, precum \u0219i o sal\u0103 Optimusic.<\/p>\n<p class=\"wp-block-paragraph\">\u00cen cadrul centrului au fost amenajate \u0219i ateliere pentru ol\u0103rit, pictur\u0103 \u0219i mici me\u0219te\u0219uguri, precum \u0219i o sal\u0103 de a\u0219teptare destinat\u0103 p\u0103rin\u021bilor.<\/p>\n<p class=\"wp-block-paragraph\">Unitatea de \u00eenv\u0103\u021b\u0103m\u00e2nt are patru puncte de acces pietonal \u0219i 47 de locuri de parcare.<\/p>\n<h2 class=\"wp-block-heading\">Gr\u0103din\u0103 senzorial\u0103 de peste 700 de metri p\u0103tra\u021bi<\/h2>\n<p class=\"wp-block-paragraph\">Printre facilit\u0103\u021bile noii \u0219coli se num\u0103r\u0103 \u0219i o gr\u0103din\u0103 senzorial\u0103 cu o suprafa\u021b\u0103 de peste 700 de metri p\u0103tra\u021bi.<\/p>\n<p class=\"wp-block-paragraph\">Aceasta este \u00eemp\u0103r\u021bit\u0103 \u00een cinci zone func\u021bionale, dedicate stimul\u0103rii diferitelor sim\u021buri: auditiv\u0103, tactil\u0103, vizual\u0103, olfactiv\u0103 \u0219i gustativ\u0103.<\/p>\n<p class=\"wp-block-paragraph\">Spa\u021biul este destinat activit\u0103\u021bilor adaptate nevoilor copiilor \u0219i completeaz\u0103 facilit\u0103\u021bile educa\u021bionale \u0219i terapeutice ale centrului.<\/p>\n<h2 class=\"wp-block-heading\">Capacitatea \u0219colii ajunge la 250 de locuri<\/h2>\n<p class=\"wp-block-paragraph\">Centrul \u0218colar pentru Educa\u021bie Incluziv\u0103 \u201eDumitru Cium\u0103geanu\u201d oferea \u00een urm\u0103 cu c\u00e2\u021biva ani servicii educa\u021bionale, de compensare \u0219i corectare prin terapii specifice pentru aproximativ 150 de copii cu nevoi speciale.<\/p>\n<p class=\"wp-block-paragraph\">\u00cen prezent, num\u0103rul elevilor \u00eenscri\u0219i a ajuns la 210, iar investi\u021bia realizat\u0103 de Consiliul Jude\u021bean Timi\u0219 permite cre\u0219terea capacit\u0103\u021bii p\u00e2n\u0103 la 250 de locuri.<\/p>\n<p class=\"wp-block-paragraph\">\u201ePeste 200 de copii cu cerin\u021be educative speciale vor \u00eenv\u0103\u021ba din aceast\u0103 toamn\u0103 \u00eentr-o \u0219coal\u0103 nou\u0103 pe care am construit-o de la zero \u00eentr-un an. Este vorba de Centrul \u0218colar pentru Educa\u021bie Incluziv\u0103 Dumitru Cium\u0103geanu, o investi\u021bie de aproximativ 62 de milioane de lei\u201d, a transmis Alfred Simonis, pre\u0219edintele Consiliului Jude\u021bean Timi\u0219.<\/p>\n<p class=\"wp-block-paragraph\">Noua unitate de \u00eenv\u0103\u021b\u0103m\u00e2nt este astfel preg\u0103tit\u0103 s\u0103 ofere condi\u021bii moderne unui num\u0103r mai mare de copii \u0219i s\u0103 r\u0103spund\u0103 nevoilor educa\u021bionale \u0219i terapeutice ale elevilor cu cerin\u021be educative speciale din jude\u021b.<\/p>\n<\/div>\n<p>[analyse_source url=&#8221;https:\/\/orasul-timisoara.ro\/local-40521\/&#8221;]<\/p>\n","protected":false},"excerpt":{"rendered":"<p>[analyse_image type=&#8221;featured&#8221; src=&#8221;https:\/\/orasul-timisoara.ro\/wp-content\/uploads\/2026\/08\/787598677_1080931407740890_344315713820674664_n.jpg&#8221;] Administra\u021bie local\u0103Peste 200 de copii cu cerin\u021be educative speciale vor \u00eenv\u0103\u021ba \u00eentr-o \u0219coal\u0103&#8230; Administra\u021bie local\u0103 \u0218tiri Locale Peste 200 de copii cu cerin\u021be educative speciale vor \u00eenv\u0103\u021ba \u00eentr-o \u0219coal\u0103 nou\u0103 construit\u0103 de CJ Timi\u0219 De c\u0103tre redactia &#8211; 26\/08\/2026 Facebook Twitter WhatsApp Linkedin ReddIt Email Imprimare Peste 200 de copii cu cerin\u021be [&hellip;]<\/p>\n","protected":false},"author":1,"featured_media":0,"comment_status":"open","ping_status":"","sticky":false,"template":"","format":"standard","meta":{"footnotes":""},"categories":[89],"tags":[226,189],"class_list":["post-2115119","post","type-post","status-publish","format-standard","hentry","category-romania","tag-crawlmanager","tag-orasul-timisoara-ro"],"_links":{"self":[{"href":"https:\/\/analyse.optim.biz\/index.php?rest_route=\/wp\/v2\/posts\/2115119","targetHints":{"allow":["GET"]}}],"collection":[{"href":"https:\/\/analyse.optim.biz\/index.php?rest_route=\/wp\/v2\/posts"}],"about":[{"href":"https:\/\/analyse.optim.biz\/index.php?rest_route=\/wp\/v2\/types\/post"}],"author":[{"embeddable":true,"href":"https:\/\/analyse.optim.biz\/index.php?rest_route=\/wp\/v2\/users\/1"}],"replies":[{"embeddable":true,"href":"https:\/\/analyse.optim.biz\/index.php?rest_route=%2Fwp%2Fv2%2Fcomments&post=2115119"}],"version-history":[{"count":0,"href":"https:\/\/analyse.optim.biz\/index.php?rest_route=\/wp\/v2\/posts\/2115119\/revisions"}],"wp:attachment":[{"href":"https:\/\/analyse.optim.biz\/index.php?rest_route=%2Fwp%2Fv2%2Fmedia&parent=2115119"}],"wp:term":[{"taxonomy":"category","embeddable":true,"href":"https:\/\/analyse.optim.biz\/index.php?rest_route=%2Fwp%2Fv2%2Fcategories&post=2115119"},{"taxonomy":"post_tag","embeddable":true,"href":"https:\/\/analyse.optim.biz\/index.php?rest_route=%2Fwp%2Fv2%2Ftags&post=2115119"}],"curies":[{"name":"wp","href":"https:\/\/api.w.org\/{rel}","templated":true}]}}