{"id":2115116,"date":"2026-08-26T06:59:28","date_gmt":"2026-08-26T03:59:28","guid":{"rendered":"https:\/\/analyse.optim.biz\/?p=2115116"},"modified":"2026-08-26T06:59:28","modified_gmt":"2026-08-26T03:59:28","slug":"ce-se-intampla-cu-alesii-locali-care-si-au-dat-demisia-de-teama-incompatibilitatii","status":"publish","type":"post","link":"https:\/\/analyse.optim.biz\/?p=2115116","title":{"rendered":"Ce se \u00eent\u00e2mpl\u0103 cu ale\u0219ii locali care \u0219i-au dat demisia de teama incompatibilit\u0103\u021bii"},"content":{"rendered":"<p>[analyse_image type=&#8221;featured&#8221; src=&#8221;https:\/\/renasterea.ro\/ro\/wp-content\/uploads\/2026\/08\/birou.jpghttps:\/\/renasterea.ro\/ro\/wp-content\/uploads\/2026\/08\/birou.jpg&#8221;]<\/p>\n<div class=\"entry-content\"><img loading=\"lazy\" decoding=\"async\" width=\"600\" height=\"337\" src=\"https:\/\/renasterea.ro\/ro\/wp-content\/uploads\/2026\/08\/birou.jpg\" class=\"attachment-medium size-medium wp-post-image\" alt=\"Ce se \u00eent\u00e2mpl\u0103 cu ale\u0219ii locali care \u0219i-au dat demisia de teama incompatibilit\u0103\u021bii\" title=\"Ce se \u00eent\u00e2mpl\u0103 cu ale\u0219ii locali care \u0219i-au dat demisia de teama incompatibilit\u0103\u021bii 1\"><\/p>\n<h4><strong>Ce se \u00eent\u00e2mpl\u0103 cu ale\u0219ii locali care \u0219i-au dat demisia de teama incompatibilit\u0103\u021bii.<\/strong><\/h4>\n<p>Ministrul Dezvolt\u0103rii, Cseke Attila, sus\u021bine c\u0103 nu exist\u0103, potrivit legisla\u021biei \u00een vigoare, o incompatibilitate \u00eentre calitatea de consilier local sau jude\u021bean \u0219i cea de personal contractual angajat \u00een administra\u021bia public\u0103.<\/p>\n<p>Ministrul afirm\u0103 c\u0103 informa\u021bia contrar\u0103 s-a r\u0103sp\u00e2ndit f\u0103r\u0103 s\u0103 provin\u0103 dintr-un document oficial \u0219i a provocat inclusiv demisii ale unor ale\u0219i locali.<\/p>\n<p><strong>Cseke Attila: \u201eNu exist\u0103 incompatibilitate\u201d<\/strong><\/p>\n<p>\u00centr-o interven\u021bie la Digi24, ministrul Dezvolt\u0103rii a declarat c\u0103 institu\u021bia pe care o conduce a constituit o echip\u0103 de speciali\u0219ti dup\u0103 apari\u021bia controversei \u0219i a discutat inclusiv cu reprezentan\u021bii Agen\u021biei Na\u021bionale de Integritate (ANI).<\/p>\n<p>\u201eNoi, \u00een momentul \u00een care am aflat de aceast\u0103 chestiune, am instituit o echip\u0103 de speciali\u0219ti la Minister. Am fost \u00een leg\u0103tur\u0103 \u0219i cu colegii de la ANI, astfel \u00eenc\u00e2t s\u0103 emitem un punct de vedere de specialitate pe aceast\u0103 spe\u021b\u0103. \u0218i acest punct de vedere a fost trimis prefecturilor, care au trimis la prim\u0103rii\u201d, a declarat Cseke Attila.<\/p>\n<p>Ministrul a insistat c\u0103, \u00een interpretarea Ministerului Dezvolt\u0103rii, incompatibilitatea invocat\u0103 \u00een spa\u021biul administrativ nu exist\u0103. \u201eNu exist\u0103 incompatibilitate ast\u0103zi, pe legea \u00een vigoare, \u00eentre calitatea de ales local, consilier local sau consilier jude\u021bean, \u0219i personal contractual angajat \u00een administra\u021bia public\u0103\u201d, a afirmat ministrul.<\/p>\n<p>\u00centrebat explicit dac\u0103 ale\u0219ii locali care lucreaz\u0103 \u0219i la stat sunt \u00een prezent incompatibili, Cseke Attila a r\u0103spuns: \u201eNu sunt\u201d.<\/p>\n<p><strong>Ministrul acuz\u0103 propagarea unei \u201einforma\u021bii eronate\u201d<\/strong><\/p>\n<p>Cseke Attila sus\u021bine c\u0103 problema a pornit dup\u0103 ce o interpretare pe care o consider\u0103 gre\u0219it\u0103 a circulat \u00een administra\u021bia public\u0103, f\u0103r\u0103 s\u0103 fie verificat\u0103 anterior cu institu\u021biile competente. \u201eS-a r\u0103sp\u00e2ndit \u00een sistemul administrativ o informa\u021bie eronat\u0103, incorect\u0103 cu privire la faptul c\u0103 a existat incompatibilitate. Deci nu a existat p\u00e2n\u0103 la aceast\u0103 adres\u0103 nimic oficial din partea autorit\u0103\u021bilor statului\u201d, a spus ministrul.<\/p>\n<p>El a criticat \u0219i faptul c\u0103 unii secretari generali ai prim\u0103riilor ar fi transmis aceast\u0103 interpretare mai departe, iar unor consilieri locali \u0219i jude\u021beni li s-ar fi cerut s\u0103 \u00ee\u0219i suspende contractele de munc\u0103.<\/p>\n<p>\u201eDac\u0103 eram \u00eentreba\u021bi \u00eenainte ca unii secretari generali de prim\u0103rii \u0219i unii de la prim\u0103rii s\u0103 sune consilierii locali \u0219i jude\u021beni \u0219i s\u0103 le spun\u0103 c\u0103 trebuie s\u0103 \u00ee\u0219i suspende contractul de munc\u0103, \u00eenainte dac\u0103 autoritatea statului era \u00eentrebat\u0103 \u0219i se emitea un punct de vedere, atunci eram \u00eentr-o alt\u0103 situa\u021bie\u201d, a declarat Cseke Attila.<\/p>\n<p><strong>Ce se \u00eent\u00e2mpl\u0103 cu ale\u0219ii locali care \u0219i-au dat demisia<\/strong><\/p>\n<p>Ministrul a precizat c\u0103 depunerea unei demisii nu produce automat \u00eencetarea mandatului de consilier. Potrivit explica\u021biilor sale, demisia trebuie constatat\u0103 de consiliul local sau jude\u021bean \u00een prima \u0219edin\u021b\u0103 desf\u0103\u0219urat\u0103 dup\u0103 depunerea documentului.<\/p>\n<p>\u201eDemisia devine efectiv\u0103 din calitatea de consilier local sau consilier jude\u021bean \u00een momentul \u00een care consiliul local sau consiliul jude\u021bean constat\u0103 demisia acelui consilier \u00een prima \u0219edin\u021b\u0103 de consiliu care urmeaz\u0103 dup\u0103 depunerea demisiei\u201d, a explicat ministrul.<\/p>\n<p>Cseke Attila a ad\u0103ugat c\u0103, p\u00e2n\u0103 atunci, demisia poate fi retras\u0103: \u201e\u00cen acest moment demisia nu se produce efectiv, ea poate fi revocat\u0103, deci momentul \u00een care demisia devine irevocabil\u0103 este momentul vot\u0103rii de consiliul local \u00een care se constat\u0103 aceast\u0103 demisie\u201d.<\/p>\n<p>\u00centrebat dac\u0103 demisiile depuse \u00een ultimele zile nu \u0219i-au produs \u00eenc\u0103 efectele \u00een lipsa \u0219edin\u021belor respective, ministrul a r\u0103spuns: \u201eExact, Codul administrativ este foarte clar, aceast\u0103 demisie se constat\u0103 \u00een prima \u0219edin\u021b\u0103 care urmeaz\u0103 acestui act de voin\u021b\u0103\u201d.<\/p>\n<p>Cseke Attila a precizat c\u0103 nu de\u021bine, \u00een acest moment, informa\u021bii privind num\u0103rul consilierilor locali sau jude\u021beni care \u0219i-au depus demisia.<\/p>\n<p><strong>\u201eP\u00e2n\u0103 atunci au fost doar zvonuri \u0219i informa\u021bii incorecte\u201d<\/strong><\/p>\n<p>Ministrul a sus\u021binut c\u0103 punctul de vedere transmis de Ministerul Dezvolt\u0103rii prefecturilor reprezint\u0103 primul document oficial al unei autorit\u0103\u021bi a statului pe aceast\u0103 tem\u0103.<\/p>\n<p>\u201ePrimul document, dac\u0103 vre\u021bi, oficial asumat de autoritatea statului rom\u00e2n a fost acest document pe care l-am trimis prefecturilor \u0219i l-au primit \u0219i prim\u0103riile. P\u00e2n\u0103 atunci au fost doar zvonuri \u0219i informa\u021bii incorecte \u0219i eronate care au circulat \u00een mediul, dac\u0103 vre\u021bi, digital\u201d, a declarat Cseke Attila.<\/p>\n<p>Referindu-se la discu\u021biile privind modificarea legisla\u021biei \u00een Parlament, ministrul a pus ini\u021biativa pe seama confuziei produse \u00een administra\u021bie \u0219i a valului de reac\u021bii generat de aceasta.<\/p>\n<p>\u201eNu exist\u0103 niciun document oficial \u00een sensul \u00een care aceasta ar fi o incompatibilitate, dar aceast\u0103 informa\u021bie, circul\u00e2nd \u00een tot sistemul, nefiind verificat\u0103 de c\u0103tre autorit\u0103\u021bile publice, a generat acest val de dezbatere, dac\u0103 vre\u021bi, \u0219i unele demisii \u00een anumite locuri\u201d, a afirmat ministrul.<\/p>\n<p>Potrivit lui Cseke Attila, situa\u021bia a fost \u00eentre timp clarificat\u0103 prin punctul de vedere transmis \u00een teritoriu: \u201eLucrurile s-au rezolvat de ieri, sunt rezolvate. Autoritatea statului are un punct de vedere valabil\u201d.<\/p>\n<p>(sursa: <a href=\"https:\/\/mediafax.ro\/\" target=\"_blank\" rel=\"noopener\">Mediafax<\/a>)<\/p>\n<h2><strong>CITE\u0218TE \u0218I: <a href=\"https:\/\/renasterea.ro\/accident-violent-intre-un-camion-si-un-autobuz-cu-40-de-persoane-la-timisoara-sunt-mai-multi-raniti\/\">Accident violent \u00eentre un camion \u0219i cu un autobuz cu 40 de persoane, la Timi\u0219oara<\/a><\/strong><\/h2>\n<\/div>\n<p>[analyse_source url=&#8221;https:\/\/renasterea.ro\/ce-se-intampla-cu-alesii-locali-care-si-au-dat-demisia-de-teama-incompatibilitatii\/&#8221;]<\/p>\n","protected":false},"excerpt":{"rendered":"<p>[analyse_image type=&#8221;featured&#8221; src=&#8221;https:\/\/renasterea.ro\/ro\/wp-content\/uploads\/2026\/08\/birou.jpghttps:\/\/renasterea.ro\/ro\/wp-content\/uploads\/2026\/08\/birou.jpg&#8221;] Ce se \u00eent\u00e2mpl\u0103 cu ale\u0219ii locali care \u0219i-au dat demisia de teama incompatibilit\u0103\u021bii. Ministrul Dezvolt\u0103rii, Cseke Attila, sus\u021bine c\u0103 nu exist\u0103, potrivit legisla\u021biei \u00een vigoare, o incompatibilitate \u00eentre calitatea de consilier local sau jude\u021bean \u0219i cea de personal contractual angajat \u00een administra\u021bia public\u0103. Ministrul afirm\u0103 c\u0103 informa\u021bia contrar\u0103 s-a r\u0103sp\u00e2ndit f\u0103r\u0103 s\u0103 [&hellip;]<\/p>\n","protected":false},"author":1,"featured_media":0,"comment_status":"open","ping_status":"","sticky":false,"template":"","format":"standard","meta":{"footnotes":""},"categories":[89],"tags":[226,188],"class_list":["post-2115116","post","type-post","status-publish","format-standard","hentry","category-romania","tag-crawlmanager","tag-renasterea-ro"],"_links":{"self":[{"href":"https:\/\/analyse.optim.biz\/index.php?rest_route=\/wp\/v2\/posts\/2115116","targetHints":{"allow":["GET"]}}],"collection":[{"href":"https:\/\/analyse.optim.biz\/index.php?rest_route=\/wp\/v2\/posts"}],"about":[{"href":"https:\/\/analyse.optim.biz\/index.php?rest_route=\/wp\/v2\/types\/post"}],"author":[{"embeddable":true,"href":"https:\/\/analyse.optim.biz\/index.php?rest_route=\/wp\/v2\/users\/1"}],"replies":[{"embeddable":true,"href":"https:\/\/analyse.optim.biz\/index.php?rest_route=%2Fwp%2Fv2%2Fcomments&post=2115116"}],"version-history":[{"count":0,"href":"https:\/\/analyse.optim.biz\/index.php?rest_route=\/wp\/v2\/posts\/2115116\/revisions"}],"wp:attachment":[{"href":"https:\/\/analyse.optim.biz\/index.php?rest_route=%2Fwp%2Fv2%2Fmedia&parent=2115116"}],"wp:term":[{"taxonomy":"category","embeddable":true,"href":"https:\/\/analyse.optim.biz\/index.php?rest_route=%2Fwp%2Fv2%2Fcategories&post=2115116"},{"taxonomy":"post_tag","embeddable":true,"href":"https:\/\/analyse.optim.biz\/index.php?rest_route=%2Fwp%2Fv2%2Ftags&post=2115116"}],"curies":[{"name":"wp","href":"https:\/\/api.w.org\/{rel}","templated":true}]}}