{"id":2115115,"date":"2026-08-25T14:39:42","date_gmt":"2026-08-25T11:39:42","guid":{"rendered":"https:\/\/analyse.optim.biz\/?p=2115115"},"modified":"2026-08-25T14:39:42","modified_gmt":"2026-08-25T11:39:42","slug":"scm-politehnica-timisoara-incepe-meciurile-de-pregatire-primul-test-la-szeged","status":"publish","type":"post","link":"https:\/\/analyse.optim.biz\/?p=2115115","title":{"rendered":"SCM Politehnica Timi\u0219oara \u00eencepe meciurile de preg\u0103tire. Primul test, la Szeged"},"content":{"rendered":"<p>[analyse_image type=&#8221;featured&#8221; src=&#8221;https:\/\/orasul-timisoara.ro\/wp-content\/uploads\/2026\/08\/scm-politehnica-tm-baschet.jpg&#8221;]<\/p>\n<article id=\"post-40484\" class=\"td-post-template-7 post-40484 post type-post status-publish format-standard has-post-thumbnail category-featured category-sport-local category-stiri-timisoara tag-baschet tag-baschet-timisoara tag-meci-amical tag-presezon tag-scm-politehnica-timisoara tag-stiri-timisoara tag-szeged tag-szte-szedeak td-container-wrap\">\n<div class=\"td-full-screen-header-image-wrap\">\n<div class=\"td-container td-post-header\">\n<div class=\"td-crumb-container\">\n<div class=\"entry-crumbs\"><span><a title=\"Vede\u021bi toate articolele \u00een Sport Local\" class=\"entry-crumb\" href=\"https:\/\/orasul-timisoara.ro\/local-category\/sport-local\/\">Sport Local<\/a><\/span><span class=\"td-bred-no-url-last\">SCM Politehnica Timi\u0219oara \u00eencepe meciurile de preg\u0103tire. Primul test, la Szeged<\/span><\/div>\n<\/div>\n<div class=\"td-post-header-holder\">\n<div class=\"td-parallax-header\">\n<header class=\"td-post-title\">\n<ul class=\"td-category\">\n<li class=\"entry-category\"><a href=\"https:\/\/orasul-timisoara.ro\/local-category\/sport-local\/\">Sport Local<\/a><\/li>\n<li class=\"entry-category\"><a href=\"https:\/\/orasul-timisoara.ro\/local-category\/stiri-timisoara\/\">\u0218tiri Locale<\/a><\/li>\n<\/ul>\n<h1 class=\"entry-title\">SCM Politehnica Timi\u0219oara \u00eencepe meciurile de preg\u0103tire. Primul test, la Szeged<\/h1>\n<div class=\"td-module-meta-info\">\n<div class=\"td-post-author-name\">\n<div class=\"td-author-by\">De c\u0103tre<\/div>\n<p><a href=\"https:\/\/orasul-timisoara.ro\/author\/timisoara\/\">redactia<\/a><\/p>\n<div class=\"td-author-line\"> &#8211; <\/div>\n<\/div>\n<p><span class=\"td-post-date\"><time class=\"entry-date updated td-module-date\" datetime=\"2026-08-25T17:39:42+03:00\">25\/08\/2026<\/time><\/span><\/div>\n<\/header>\n<\/div>\n<\/div>\n<\/div>\n<div id=\"td-full-screen-header-image\" class=\"td-image-gradient-style7\"><img decoding=\"async\" class=\"td-backstretch\" src=\"https:\/\/orasul-timisoara.ro\/wp-content\/uploads\/2026\/08\/scm-politehnica-tm-baschet.jpg\"><\/div>\n<\/div>\n<div class=\"td-container\">\n<div class=\"td-pb-row\">\n<div class=\"td-pb-span8 td-main-content\" role=\"main\">\n<div class=\"td-ss-main-content\">\n<div class=\"td-post-sharing-top\">\n<div class=\"td-post-sharing-classic\"><iframe title=\"topFacebookLike\" frameborder src=\"https:\/\/www.facebook.com\/plugins\/like.php?href=https:\/\/orasul-timisoara.ro\/local-40484\/&amp;layout=button_count&amp;show_faces=false&amp;width=105&amp;action=like&amp;colorscheme=light&amp;height=21\"><\/iframe><\/div>\n<div id=\"td_social_sharing_article_top\" class=\"td-post-sharing td-ps-bg td-ps-notext td-post-sharing-style1 \">\n<div class=\"td-post-sharing-visible\"><a class=\"td-social-sharing-button td-social-sharing-button-js td-social-network td-social-facebook\" href=\"https:\/\/www.facebook.com\/sharer.php?u=https%3A%2F%2Forasul-timisoara.ro%2Flocal-40484%2F\" title=\"Facebook\"><\/p>\n<div class=\"td-social-but-text\">Facebook<\/div>\n<p><\/a><a class=\"td-social-sharing-button td-social-sharing-button-js td-social-network td-social-twitter\" href=\"https:\/\/twitter.com\/intent\/tweet?text=SCM+Politehnica+Timi%C8%99oara+%C3%AEncepe+meciurile+de+preg%C4%83tire.+Primul+test%2C+la+Szeged&amp;url=https%3A%2F%2Forasul-timisoara.ro%2Flocal-40484%2F&amp;via=orasultm\" title=\"Twitter\"><\/p>\n<div class=\"td-social-but-text\">Twitter<\/div>\n<p><\/a><a class=\"td-social-sharing-button td-social-sharing-button-js td-social-network td-social-whatsapp\" href=\"https:\/\/api.whatsapp.com\/send?text=SCM+Politehnica+Timi%C8%99oara+%C3%AEncepe+meciurile+de+preg%C4%83tire.+Primul+test%2C+la+Szeged%20%0A%0A%20https:\/\/orasul-timisoara.ro\/local-40484\/\" title=\"WhatsApp\"><\/p>\n<div class=\"td-social-but-text\">WhatsApp<\/div>\n<p><\/a><a class=\"td-social-sharing-button td-social-sharing-button-js td-social-network td-social-linkedin\" href=\"https:\/\/www.linkedin.com\/shareArticle?mini=true&amp;url=https:\/\/orasul-timisoara.ro\/local-40484\/&amp;title=SCM+Politehnica+Timi%C8%99oara+%C3%AEncepe+meciurile+de+preg%C4%83tire.+Primul+test%2C+la+Szeged\" title=\"Linkedin\"><\/p>\n<div class=\"td-social-but-text\">Linkedin<\/div>\n<p><\/a><a class=\"td-social-sharing-button td-social-sharing-button-js td-social-network td-social-reddit\" href=\"https:\/\/reddit.com\/submit?url=https:\/\/orasul-timisoara.ro\/local-40484\/&amp;title=SCM+Politehnica+Timi%C8%99oara+%C3%AEncepe+meciurile+de+preg%C4%83tire.+Primul+test%2C+la+Szeged\" title=\"ReddIt\"><\/p>\n<div class=\"td-social-but-text\">ReddIt<\/div>\n<p><\/a><a class=\"td-social-sharing-button td-social-sharing-button-js td-social-network td-social-mail\" href=\"mailto:?subject=SCM%20Politehnica%20Timi%C8%99oara%20%C3%AEncepe%20meciurile%20de%20preg%C4%83tire.%20Primul%20test,%20la%20Szeged&amp;body=https:\/\/orasul-timisoara.ro\/local-40484\/\" title=\"Email\"><\/p>\n<div class=\"td-social-but-text\">Email<\/div>\n<p><\/a><a class=\"td-social-sharing-button td-social-sharing-button-js td-social-network td-social-print\" href=\"https:\/\/orasul-timisoara.ro\/local-40484\/\" title=\"Imprimare\"><\/p>\n<div class=\"td-social-but-text\">Imprimare<\/div>\n<p><\/a><\/div>\n<\/div>\n<\/div>\n<div class=\"td-post-content tagdiv-type\">\n<p class=\"wp-block-paragraph\">SCM Politehnica Timi\u0219oara, echipa de baschet, disput\u0103 miercuri, 26 august, primul meci de verificare din presezon. Alb-viole\u021bii se deplaseaz\u0103 \u00een Ungaria, la Szeged, unde vor \u00eent\u00e2lni forma\u021bia SZTE-Szede\u00e1k, \u00eentr-o partid\u0103 programat\u0103 de la ora 19:00.<\/p>\n<h2 class=\"wp-block-heading\">SCM Politehnica Timi\u0219oara \u00eencepe seria meciurilor de preg\u0103tire<\/h2>\n<p class=\"wp-block-paragraph\">Dup\u0103 primele zile dedicate \u00een principal preg\u0103tirii fizice \u0219i jocurilor \u00een interiorul lotului, baschetbali\u0219tii timi\u0219oreni trec la confrunt\u0103rile cu adversari reali. Partida de la Szeged reprezint\u0103 primul test pentru echipa preg\u0103tit\u0103 de Petricevic-Pesic-Markovic.<\/p>\n<p class=\"wp-block-paragraph\">Antrenorii nu vor putea conta pe Kentwan Smith, convocat la na\u021bionala statului Bahamas.<\/p>\n<p class=\"wp-block-paragraph\">\u201eJuc\u0103torii trebuie s\u0103 se cunoasc\u0103 \u00een condi\u021biile unui adversar real, deoarece p\u00e2n\u0103 acum am f\u0103cut doar jocuri \u00een interiorul lotului nostru. Nu ne dorim nici m\u0103car s\u0103 verific\u0103m rela\u021biile de joc, ci doar s\u0103 ne familiariz\u0103m unii cu al\u021bii. Primele zile au fost dedicate preg\u0103tirii fizice, iar de acum \u00eencepem s\u0103 cl\u0103dim \u0219i rela\u021biile de joc, a\u0219a \u00eenc\u00e2t Cupa Timi\u0219oara, de s\u0103pt\u0103m\u00e2na viitoare, s\u0103 nu ne prind\u0103 f\u0103r\u0103 meciuri de verificare\u201d, a declarat Dragan Petricevic, antrenorul principal al SCM Politehnica Timi\u0219oara.<\/p>\n<h2 class=\"wp-block-heading\">Primul adversar, o echip\u0103 din prima lig\u0103 maghiar\u0103<\/h2>\n<p class=\"wp-block-paragraph\">SZTE-Szede\u00e1k evolueaz\u0103 \u00een prima lig\u0103 de baschet din Ungaria. \u00cen sezonul trecut, forma\u021bia din Szeged s-a clasat pe pozi\u021bia a patra \u00een play-out, locul 12 \u00een clasamentul general.<\/p>\n<p class=\"wp-block-paragraph\">Pentru SCM Politehnica Timi\u0219oara, partida reprezint\u0103 primul prilej de a testa \u00een condi\u021bii de joc rela\u021biile construite \u00een perioada de preg\u0103tire \u0219i de a vedea cum reac\u021bioneaz\u0103 lotul \u00een fa\u021ba unui adversar extern.<\/p>\n<p class=\"wp-block-paragraph\">Meciul de la Szeged va oferi staffului tehnic \u0219i primele repere privind nivelul echipei dup\u0103 perioada de preg\u0103tire fizic\u0103 \u0219i primele antrenamente comune.<\/p>\n<h2 class=\"wp-block-heading\">Al doilea amical, la Oradea<\/h2>\n<p class=\"wp-block-paragraph\">Seria meciurilor de preg\u0103tire va continua la finalul s\u0103pt\u0103m\u00e2nii. Baschetbali\u0219tii de la SCM Politehnica Timi\u0219oara vor disputa s\u00e2mb\u0103t\u0103, 29 august, de la ora 18:00, un al doilea meci amical, tot \u00een deplasare, \u00eempotriva forma\u021biei CSM CSU Raiffeisen Oradea.<\/p>\n<p class=\"wp-block-paragraph\">Cele dou\u0103 partide fac parte din programul de preg\u0103tire al echipei timi\u0219orene \u00eenaintea noului sezon. Meciurile de verificare vor permite staffului tehnic s\u0103 testeze formulele de joc \u0219i s\u0103 consolideze rela\u021biile dintre juc\u0103tori \u00eenaintea competi\u021biilor oficiale.<\/p>\n<p class=\"wp-block-paragraph\">Cupa Timi\u0219oara, men\u021bionat\u0103 de antrenorul Dragan Petricevic, va reprezenta urm\u0103toarea etap\u0103 important\u0103 a preg\u0103tirii echipei \u00eenainte de startul noului sezon.<\/p>\n<\/div>\n<footer>\n<div class=\"td-post-source-tags\">\n<ul class=\"td-tags td-post-small-box clearfix\">\n<li><span>ETICHETE<\/span><\/li>\n<li><a href=\"https:\/\/orasul-timisoara.ro\/local-tag\/baschet\/\">baschet<\/a><\/li>\n<li><a href=\"https:\/\/orasul-timisoara.ro\/local-tag\/baschet-timisoara\/\">baschet timisoara<\/a><\/li>\n<li><a href=\"https:\/\/orasul-timisoara.ro\/local-tag\/meci-amical\/\">meci amical<\/a><\/li>\n<li><a href=\"https:\/\/orasul-timisoara.ro\/local-tag\/presezon\/\">presezon<\/a><\/li>\n<li><a href=\"https:\/\/orasul-timisoara.ro\/local-tag\/scm-politehnica-timisoara\/\">scm politehnica timisoara<\/a><\/li>\n<li><a href=\"https:\/\/orasul-timisoara.ro\/local-tag\/stiri-timisoara\/\">stiri timisoara<\/a><\/li>\n<li><a href=\"https:\/\/orasul-timisoara.ro\/local-tag\/szeged\/\">Szeged<\/a><\/li>\n<li><a href=\"https:\/\/orasul-timisoara.ro\/local-tag\/szte-szedeak\/\">szte-szedeak<\/a><\/li>\n<\/ul>\n<\/div>\n<div class=\"td-post-sharing-bottom\">\n<div class=\"td-post-sharing-classic\"><iframe title=\"bottomFacebookLike\" frameborder src=\"https:\/\/www.facebook.com\/plugins\/like.php?href=https:\/\/orasul-timisoara.ro\/local-40484\/&amp;layout=button_count&amp;show_faces=false&amp;width=105&amp;action=like&amp;colorscheme=light&amp;height=21\"><\/iframe><\/div>\n<div id=\"td_social_sharing_article_bottom\" class=\"td-post-sharing td-ps-bg td-ps-notext td-post-sharing-style1 \">\n<div class=\"td-post-sharing-visible\"><a class=\"td-social-sharing-button td-social-sharing-button-js td-social-network td-social-facebook\" href=\"https:\/\/www.facebook.com\/sharer.php?u=https%3A%2F%2Forasul-timisoara.ro%2Flocal-40484%2F\" title=\"Facebook\"><\/p>\n<div class=\"td-social-but-text\">Facebook<\/div>\n<p><\/a><a class=\"td-social-sharing-button td-social-sharing-button-js td-social-network td-social-twitter\" href=\"https:\/\/twitter.com\/intent\/tweet?text=SCM+Politehnica+Timi%C8%99oara+%C3%AEncepe+meciurile+de+preg%C4%83tire.+Primul+test%2C+la+Szeged&amp;url=https%3A%2F%2Forasul-timisoara.ro%2Flocal-40484%2F&amp;via=orasultm\" title=\"Twitter\"><\/p>\n<div class=\"td-social-but-text\">Twitter<\/div>\n<p><\/a><a class=\"td-social-sharing-button td-social-sharing-button-js td-social-network td-social-whatsapp\" href=\"https:\/\/api.whatsapp.com\/send?text=SCM+Politehnica+Timi%C8%99oara+%C3%AEncepe+meciurile+de+preg%C4%83tire.+Primul+test%2C+la+Szeged%20%0A%0A%20https:\/\/orasul-timisoara.ro\/local-40484\/\" title=\"WhatsApp\"><\/p>\n<div class=\"td-social-but-text\">WhatsApp<\/div>\n<p><\/a><a class=\"td-social-sharing-button td-social-sharing-button-js td-social-network td-social-linkedin\" href=\"https:\/\/www.linkedin.com\/shareArticle?mini=true&amp;url=https:\/\/orasul-timisoara.ro\/local-40484\/&amp;title=SCM+Politehnica+Timi%C8%99oara+%C3%AEncepe+meciurile+de+preg%C4%83tire.+Primul+test%2C+la+Szeged\" title=\"Linkedin\"><\/p>\n<div class=\"td-social-but-text\">Linkedin<\/div>\n<p><\/a><a class=\"td-social-sharing-button td-social-sharing-button-js td-social-network td-social-reddit\" href=\"https:\/\/reddit.com\/submit?url=https:\/\/orasul-timisoara.ro\/local-40484\/&amp;title=SCM+Politehnica+Timi%C8%99oara+%C3%AEncepe+meciurile+de+preg%C4%83tire.+Primul+test%2C+la+Szeged\" title=\"ReddIt\"><\/p>\n<div class=\"td-social-but-text\">ReddIt<\/div>\n<p><\/a><a class=\"td-social-sharing-button td-social-sharing-button-js td-social-network td-social-mail\" href=\"mailto:?subject=SCM%20Politehnica%20Timi%C8%99oara%20%C3%AEncepe%20meciurile%20de%20preg%C4%83tire.%20Primul%20test,%20la%20Szeged&amp;body=https:\/\/orasul-timisoara.ro\/local-40484\/\" title=\"Email\"><\/p>\n<div class=\"td-social-but-text\">Email<\/div>\n<p><\/a><a class=\"td-social-sharing-button td-social-sharing-button-js td-social-network td-social-print\" href=\"https:\/\/orasul-timisoara.ro\/local-40484\/\" title=\"Imprimare\"><\/p>\n<div class=\"td-social-but-text\">Imprimare<\/div>\n<p><\/a><\/div>\n<\/div>\n<\/div>\n<div class=\"td-block-row td-post-next-prev\">\n<div class=\"td-block-span6 td-post-prev-post\">\n<div class=\"td-post-next-prev-content\"><span>Articolul precedent<\/span><a href=\"https:\/\/orasul-timisoara.ro\/local-40481\/\">Lovitur\u0103 pentru ale\u0219ii locali angaja\u021bi la stat: consilierii trebuie s\u0103 aleag\u0103 \u00eentre func\u021bie \u0219i mandat<\/a><\/div>\n<\/div>\n<div class=\"td-block-span6 td-post-next-post\">\n<div class=\"td-post-next-prev-content\"><span>Articolul urm\u0103tor<\/span><a href=\"https:\/\/orasul-timisoara.ro\/local-40487\/\">Aniri Cards aduce la Timi\u0219oara carduri rare \u0219i tricouri semnate de fotbali\u0219ti, \u00een weekend la Iulius Town<\/a><\/div>\n<\/div>\n<\/div>\n<div class=\"td-author-name vcard author\"><span class=\"fn\"><a href=\"https:\/\/orasul-timisoara.ro\/author\/timisoara\/\">redactia<\/a><\/span><\/div>\n<p><span class=\"td-page-meta\"><\/span><span class=\"td-page-meta\"><span class=\"td-page-meta\"><\/span><\/span><span class=\"td-page-meta\"><\/span><\/footer>\n<div class=\"td_block_wrap td_block_related_posts tdi_3 td_with_ajax_pagination td-pb-border-top td_block_template_8\" data-td-block-uid=\"tdi_3\">\n<h4 class=\"td-related-title td-block-title\"><a id=\"tdi_4\" class=\"td-related-left td-cur-simple-item\" data-td_filter_value data-td_block_id=\"tdi_3\" href=\"https:\/\/orasul-timisoara.ro\/local-40484\/\">ARTICOLE SIMILARE<\/a><a id=\"tdi_5\" class=\"td-related-right\" data-td_filter_value=\"td_related_more_from_author\" data-td_block_id=\"tdi_3\" href=\"https:\/\/orasul-timisoara.ro\/local-40484\/\">DE LA ACELA\u0218I AUTOR<\/a><\/h4>\n<div id=\"tdi_3\" class=\"td_block_inner\">\n<div class=\"td-related-row\">\n<div class=\"td-related-span4\">\n<div class=\"td_module_related_posts td-animation-stack td_mod_related_posts\">\n<div class=\"td-module-image\">\n<div class=\"td-module-thumb\"><a href=\"https:\/\/orasul-timisoara.ro\/local-40090\/\" rel=\"bookmark\" class=\"td-image-wrap \" title=\"Au \u00eenceput \u00eenscrierile la \u201eOra de Sport\u201d, programul gratuit dedicat copiilor din Timi\u0219oara\"><img loading=\"lazy\" decoding=\"async\" class=\"entry-thumb\" src=\"https:\/\/orasul-timisoara.ro\/wp-content\/uploads\/2026\/08\/Vasile-Deheleanu-436x300.jpg\" alt title=\"Au \u00eenceput \u00eenscrierile la \u201eOra de Sport\u201d, programul gratuit dedicat copiilor din Timi\u0219oara\" width=\"218\" height=\"150\"><\/a><\/div>\n<\/div>\n<div class=\"item-details\">\n<h3 class=\"entry-title td-module-title\"><a href=\"https:\/\/orasul-timisoara.ro\/local-40090\/\" rel=\"bookmark\" title=\"Au \u00eenceput \u00eenscrierile la \u201eOra de Sport\u201d, programul gratuit dedicat copiilor din Timi\u0219oara\">Au \u00eenceput \u00eenscrierile la \u201eOra de Sport\u201d, programul gratuit dedicat copiilor din Timi\u0219oara<\/a><\/h3>\n<\/div>\n<\/div>\n<\/div>\n<div class=\"td-related-span4\">\n<div class=\"td_module_related_posts td-animation-stack td_mod_related_posts\">\n<div class=\"td-module-image\">\n<div class=\"td-module-thumb\"><a href=\"https:\/\/orasul-timisoara.ro\/local-39293\/\" rel=\"bookmark\" class=\"td-image-wrap \" title=\"Primele mut\u0103ri pentru sezonul 2026\/2027: doi baschetbali\u0219ti rom\u00e2ni vin la Timi\u0219oara\"><img loading=\"lazy\" decoding=\"async\" class=\"entry-thumb\" src=\"https:\/\/orasul-timisoara.ro\/wp-content\/uploads\/2026\/06\/Gavriloaia-si-Stan-436x300.jpg\" alt title=\"Primele mut\u0103ri pentru sezonul 2026\/2027: doi baschetbali\u0219ti rom\u00e2ni vin la Timi\u0219oara\" width=\"218\" height=\"150\"><\/a><\/div>\n<\/div>\n<div class=\"item-details\">\n<h3 class=\"entry-title td-module-title\"><a href=\"https:\/\/orasul-timisoara.ro\/local-39293\/\" rel=\"bookmark\" title=\"Primele mut\u0103ri pentru sezonul 2026\/2027: doi baschetbali\u0219ti rom\u00e2ni vin la Timi\u0219oara\">Primele mut\u0103ri pentru sezonul 2026\/2027: doi baschetbali\u0219ti rom\u00e2ni vin la Timi\u0219oara<\/a><\/h3>\n<\/div>\n<\/div>\n<\/div>\n<div class=\"td-related-span4\">\n<div class=\"td_module_related_posts td-animation-stack td_mod_related_posts\">\n<div class=\"td-module-image\">\n<div class=\"td-module-thumb\"><a href=\"https:\/\/orasul-timisoara.ro\/local-37936\/\" rel=\"bookmark\" class=\"td-image-wrap \" title=\"Meci decisiv pentru SCM Politehnica Timi\u0219oara: duel cu CSO Voluntari pentru play-off\"><img loading=\"lazy\" decoding=\"async\" class=\"entry-thumb\" src=\"https:\/\/orasul-timisoara.ro\/wp-content\/uploads\/2026\/04\/baschet-436x300.jpg\" alt title=\"Meci decisiv pentru SCM Politehnica Timi\u0219oara: duel cu CSO Voluntari pentru play-off\" width=\"218\" height=\"150\"><\/a><\/div>\n<\/div>\n<div class=\"item-details\">\n<h3 class=\"entry-title td-module-title\"><a href=\"https:\/\/orasul-timisoara.ro\/local-37936\/\" rel=\"bookmark\" title=\"Meci decisiv pentru SCM Politehnica Timi\u0219oara: duel cu CSO Voluntari pentru play-off\">Meci decisiv pentru SCM Politehnica Timi\u0219oara: duel cu CSO Voluntari pentru play-off<\/a><\/h3>\n<\/div>\n<\/div>\n<\/div>\n<\/div>\n<\/div>\n<\/div>\n<div class=\"comments\" id=\"comments\">\n<div id=\"respond\" class=\"comment-respond\">\n<h3 id=\"reply-title\" class=\"comment-reply-title\">L\u0102SA\u021aI UN MESAJ<\/h3>\n<div class=\"comment-form-input-wrap td-form-comment\">\n<div class=\"td-warning-comment\">V\u0103 rug\u0103m s\u0103 introduce\u021bi comentariul dvs.!<\/div>\n<\/div>\n<div class=\"comment-form-input-wrap td-form-author\">\n<div class=\"td-warning-author\">Introduce\u021bi aici numele dvs.<\/div>\n<\/div>\n<div class=\"comment-form-input-wrap td-form-email\">\n<div class=\"td-warning-email-error\">A\u021bi introdus o adres\u0103 de e-mail incorect\u0103!<\/div>\n<div class=\"td-warning-email\">V\u0103 rug\u0103m s\u0103 introduce\u021bi adresa dvs. de e-mail aici<\/div>\n<\/div>\n<\/div>\n<p class=\"akismet_comment_form_privacy_notice\">Acest site folose\u0219te Akismet pentru a reduce spamul. <a href=\"https:\/\/akismet.com\/privacy\/\" target=\"_blank\" rel=\"nofollow noopener\">Afl\u0103 cum sunt procesate datele comentariilor tale<\/a>.<\/p>\n<\/div>\n<\/div>\n<\/div>\n<div class=\"td-pb-span4 td-main-sidebar\" role=\"complementary\">\n<div class=\"td-ss-main-sidebar\">\n<aside id=\"block-4\" class=\"td_block_template_8 widget block-4 widget_block widget_media_image\">\n<figure class=\"wp-block-image size-full\"><img loading=\"lazy\" decoding=\"async\" width=\"336\" height=\"280\" src=\"https:\/\/orasul-timisoara.ro\/wp-content\/uploads\/2024\/11\/ReTIM-Abonamentul-Verde-Google-Ads-336x280px.gif\" alt class=\"wp-image-29257\"><\/figure>\n<\/aside>\n<div class=\"td_block_wrap td_block_social_counter td_block_widget tdi_6 td-social-style5 td-social-boxed td-pb-border-top td_block_template_8\">\n<div class=\"td-block-title-wrap\">\n<h4 class=\"td-block-title\"><span>Urm\u0103re\u0219te-ne pe Social Media<\/span><\/h4>\n<\/div>\n<div class=\"td-social-list\">\n<div class=\"td_social_type td-pb-margin-side td_social_facebook\">\n<div class=\"td-social-box\"><span class=\"td_social_info td_social_info_counter\">344,595<\/span><span class=\"td_social_info td_social_info_name\">Fani<\/span><span class=\"td_social_button\"><a href=\"https:\/\/www.facebook.com\/247timisoara\" target=\"_blank\" rel=\"nofollow\">\u00cemi place<\/a><\/span><\/div>\n<\/div>\n<div class=\"td_social_type td-pb-margin-side td_social_instagram\">\n<div class=\"td-social-box\"><span class=\"td_social_info td_social_info_counter\">4,416<\/span><span class=\"td_social_info td_social_info_name\">Cititori<\/span><span class=\"td_social_button\"><a href=\"https:\/\/instagram.com\/orasultimisoararo\/\" target=\"_blank\" rel=\"nofollow\">Conecta\u021bi-v\u0103<\/a><\/span><\/div>\n<\/div>\n<div class=\"td_social_type td-pb-margin-side td_social_rss\">\n<div class=\"td-social-box\"><span class=\"td_social_info td_social_info_counter\">12,506<\/span><span class=\"td_social_info td_social_info_name\">Cititori<\/span><span class=\"td_social_button\"><a href=\"https:\/\/orasul-timisoara.ro\/feed\/\" target=\"_blank\" rel=\"nofollow\">Conecta\u021bi-v\u0103<\/a><\/span><\/div>\n<\/div>\n<div class=\"td_social_type td-pb-margin-side td_social_tiktok\">\n<div class=\"td-social-box\"><span class=\"td_social_info td_social_info_counter\">1,500<\/span><span class=\"td_social_info td_social_info_name\">Cititori<\/span><span class=\"td_social_button\"><a href=\"https:\/\/www.tiktok.com\/@orasultimisoara\" target=\"_blank\" rel=\"nofollow\">Conecta\u021bi-v\u0103<\/a><\/span><\/div>\n<\/div>\n<div class=\"td_social_type td-pb-margin-side td_social_twitter\">\n<div class=\"td-social-box\"><span class=\"td_social_info td_social_info_counter\">1,595<\/span><span class=\"td_social_info td_social_info_name\">Cititori<\/span><span class=\"td_social_button\"><a href=\"https:\/\/twitter.com\/orasultm\" target=\"_blank\" rel=\"nofollow\">Conecta\u021bi-v\u0103<\/a><\/span><\/div>\n<\/div>\n<div class=\"td_social_type td-pb-margin-side td_social_youtube\">\n<div class=\"td-social-box\"><span class=\"td_social_info td_social_info_counter\">3,506<\/span><span class=\"td_social_info td_social_info_name\">Abona\u021bi<\/span><span class=\"td_social_button\"><a href=\"https:\/\/www.youtube.com\/channel\/UCQNsQvs2XCSIm1Z-AHRturw?sub_confirmation=1\" target=\"_blank\" rel=\"nofollow\">Abona\u021bi-v\u0103<\/a><\/span><\/div>\n<\/div>\n<\/div>\n<\/div>\n<aside id=\"text-7\" class=\"td_block_template_8 widget text-7 widget_text\">\n<h4 class=\"td-block-title\"><span>C\u0103ut\u0103ri populare pe OTM<\/span><\/h4>\n<div class=\"textwidget\"><a href=\"https:\/\/orasul-timisoara.ro\/?s=timisoara\"><span>Timisoara<\/span><\/a><a href=\"https:\/\/orasul-timisoara.ro\/?s=calin+dobra\"><span>Calin Dobra<\/span><\/a><a href=\"https:\/\/orasul-timisoara.ro\/?s=primaria+timisoara\"><span>Primaria Timisoara<\/span><\/a><a href=\"https:\/\/orasul-timisoara.ro\/?s=dominic+fritz\"><span>Dominic Fritz<\/span><\/a><a href=\"https:\/\/orasul-timisoara.ro\/?s=nicolae+robu\"><span>Nicolae Robu<\/span><\/a><a href=\"https:\/\/orasul-timisoara.ro\/?s=consiliul+local+timisoara\">Consiliul Local Timisoara<\/a><a href=\"https:\/\/orasul-timisoara.ro\/?s=consiliul+judetean+timis\"><span>Consiliul Judetean Timis<\/span><\/a><a href=\"https:\/\/orasul-timisoara.ro\/?s=cjt\"><span>CJT<\/span><\/a><a href=\"https:\/\/orasul-timisoara.ro\/?s=Alfred+Simonis\"><span>Alfred Simonis<\/span><\/a><a href=\"https:\/\/orasul-timisoara.ro\/?s=PNL\"><span>PNL<\/span><\/a><a href=\"https:\/\/orasul-timisoara.ro\/?s=coronavirus\"><span>coronavirus<\/span><\/a><a href=\"https:\/\/orasul-timisoara.ro\/?s=teatru+timisoara\">teatru Timisoara<\/a><a href=\"https:\/\/orasul-timisoara.ro\/?s=restaurante\"><span>restaurante Timisoara<\/span><\/a><a href=\"https:\/\/orasul-timisoara.ro\/?s=diskoteka\"><span>Diskoteka<\/span><\/a><a href=\"https:\/\/orasul-timisoara.ro\/?s=iulius+town\"><span>Iulius Town<\/span><\/a><a href=\"https:\/\/orasul-timisoara.ro\/?s=iulius+mall\"><span>Iulius Mall<\/span><\/a><a href=\"https:\/\/orasul-timisoara.ro\/?s=stpt\"><span>STPT<\/span><\/a><a href=\"https:\/\/orasul-timisoara.ro\/?s=alin+nica\"><span>Alin Nica<\/span><\/a><a href=\"https:\/\/orasul-timisoara.ro\/?s=psd\"><span>PSD<\/span><\/a><a href=\"https:\/\/orasul-timisoara.ro\/?s=aeroport\"><span>Aeroportul International Timisoara<\/span><\/a><a href=\"https:\/\/orasul-timisoara.ro\/?s=babes\"><span>Spitalul Victor Babes Timisoara<\/span><\/a><a href=\"https:\/\/orasul-timisoara.ro\/?s=poli\"><span>Poli Timi\u0219oara<\/span><\/a><a href=\"https:\/\/orasul-timisoara.ro\/?s=carantina\"><span>carantina<\/span><\/a><a href=\"https:\/\/orasul-timisoara.ro\/?s=aquatim\"><span>Aquatim<\/span><\/a><a href=\"https:\/\/orasul-timisoara.ro\/local-category\/stiri-timisoara\/\"><span>Stiri Timisoara<\/span><\/a><a href=\"https:\/\/orasul-timisoara.ro\/local-category\/investitii-in-timisoara\/\"><span>Investi\u021bii in Timi\u0219oara<\/span><\/a><a href=\"https:\/\/orasul-timisoara.ro\/local-9463\/\"><span>shaorma<\/span><\/a><a href=\"https:\/\/orasul-timisoara.ro\/?s=trafic\"><span>trafic rutier<\/span><\/a><a href=\"https:\/\/orasul-timisoara.ro\/?s=politia\"><span>politia locala timisoara<\/span><\/a><a href=\"https:\/\/orasul-timisoara.ro\/?s=roxana\"><span>Roxana Iliescu<\/span><\/a><a href=\"https:\/\/orasul-timisoara.ro\/?s=colterm\"><span>Colterm<\/span><\/a><a href=\"https:\/\/orasul-timisoara.ro\/?s=latcau\"><span>Ruben La\u021bc\u0103u<\/span><\/a><a href=\"https:\/\/orasul-timisoara.ro\/?s=timis\"><span>\u0218tiri din Timi\u0219<\/span><\/a><a href=\"https:\/\/orasul-timisoara.ro\/?s=spital\"><span>Spitale din Timi\u0219oara<\/span><\/a><a href=\"https:\/\/orasul-timisoara.ro\/?s=tabara\"><span>Cosmin Tab\u0103r\u0103<\/span><\/a><\/div>\n<\/aside>\n<aside id=\"rss-2\" class=\"td_block_template_8 widget rss-2 widget_rss\">\n<h4 class=\"td-block-title\"><span><a class=\"rsswidget rss-widget-feed\" href=\"https:\/\/fashionfridays.ro\/feed\"><img decoding=\"async\" class=\"rss-widget-icon\" width=\"14\" height=\"14\" src=\"https:\/\/orasul-timisoara.ro\/wp-includes\/images\/rss.png\" alt=\"Flux RSS: Fashion Fridays\" loading=\"lazy\"><\/a><a class=\"rsswidget rss-widget-title\" href=\"https:\/\/fashionfridays.ro\/\">Fashion Fridays<\/a><\/span><\/h4>\n<ul>\n<li><a class=\"rsswidget\" href=\"https:\/\/fashionfridays.ro\/romania-devine-a-29-a-piata-vogue-o-noua-era-pentru-industria-locala-de-moda\/\">Rom\u00e2nia devine a 29-a pia\u021b\u0103 Vogue: o nou\u0103 er\u0103 pentru industria local\u0103 de mod\u0103<\/a>\n<div class=\"rssSummary\">Revista Vogue \u00ee\u0219i extinde prezen\u021ba global\u0103 \u0219i va fi lansat\u0103 oficial \u00een Rom\u00e2nia \u00een prim\u0103vara anului 2027, marc\u00e2nd intrarea pe cea de-a 29-a pia\u021b\u0103 interna\u021bional\u0103. Proiectul este realizat \u00een parteneriat cu AEMME Publishing, o companie media recent \u00eenfiin\u021bat\u0103, care va publica edi\u021bia local\u0103 sub licen\u021b\u0103. Noua edi\u021bie, Vogue Rom\u00e2nia, \u00ee\u0219i propune s\u0103 combine autoritatea global\u0103 [\u2026]<\/div>\n<\/li>\n<\/ul>\n<\/aside>\n<aside id=\"rss-4\" class=\"td_block_template_8 widget rss-4 widget_rss\">\n<h4 class=\"td-block-title\"><span><a class=\"rsswidget rss-widget-feed\" href=\"https:\/\/emasini.ro\/feed\"><img decoding=\"async\" class=\"rss-widget-icon\" width=\"14\" height=\"14\" src=\"https:\/\/orasul-timisoara.ro\/wp-includes\/images\/rss.png\" alt=\"Flux RSS: eMasini\" loading=\"lazy\"><\/a><a class=\"rsswidget rss-widget-title\" href=\"https:\/\/emasini.ro\/\">eMasini<\/a><\/span><\/h4>\n<ul>\n<li><a class=\"rsswidget\" href=\"https:\/\/emasini.ro\/adio-bordurilor-pline-de-ecrane-mercedes-benz-readuce-butoanele-in-noile-masini-produse\/\">Adio bordurilor pline de ecrane? Mercedes-Benz readuce butoanele \u00een noile ma\u0219ini produse<\/a>\n<div class=\"rssSummary\">Mercedes-Benz \u00ee\u0219i schimb\u0103 direc\u021bia \u00een ceea ce prive\u0219te designul interioarelor \u0219i va readuce comenzile fizice pentru anumite func\u021bii importante. Constructorul german nu renun\u021b\u0103 la ecranele mari \u0219i la tehnologiile digitale, dar recunoa\u0219te c\u0103 a mers prea departe prin eliminarea unor butoane \u0219i comenzi tactile. Ola K\u00e4llenius, pre\u0219edintele Consiliului de Administra\u021bie al Mercedes-Benz Group \u0219i CEO [\u2026]<\/div>\n<\/li>\n<\/ul>\n<\/aside>\n<\/div>\n<\/div>\n<\/div>\n<\/div>\n<\/article>\n<div class=\"td-post-content tagdiv-type\">\n<p class=\"wp-block-paragraph\">SCM Politehnica Timi\u0219oara, echipa de baschet, disput\u0103 miercuri, 26 august, primul meci de verificare din presezon. Alb-viole\u021bii se deplaseaz\u0103 \u00een Ungaria, la Szeged, unde vor \u00eent\u00e2lni forma\u021bia SZTE-Szede\u00e1k, \u00eentr-o partid\u0103 programat\u0103 de la ora 19:00.<\/p>\n<h2 class=\"wp-block-heading\">SCM Politehnica Timi\u0219oara \u00eencepe seria meciurilor de preg\u0103tire<\/h2>\n<p class=\"wp-block-paragraph\">Dup\u0103 primele zile dedicate \u00een principal preg\u0103tirii fizice \u0219i jocurilor \u00een interiorul lotului, baschetbali\u0219tii timi\u0219oreni trec la confrunt\u0103rile cu adversari reali. Partida de la Szeged reprezint\u0103 primul test pentru echipa preg\u0103tit\u0103 de Petricevic-Pesic-Markovic.<\/p>\n<p class=\"wp-block-paragraph\">Antrenorii nu vor putea conta pe Kentwan Smith, convocat la na\u021bionala statului Bahamas.<\/p>\n<p class=\"wp-block-paragraph\">\u201eJuc\u0103torii trebuie s\u0103 se cunoasc\u0103 \u00een condi\u021biile unui adversar real, deoarece p\u00e2n\u0103 acum am f\u0103cut doar jocuri \u00een interiorul lotului nostru. Nu ne dorim nici m\u0103car s\u0103 verific\u0103m rela\u021biile de joc, ci doar s\u0103 ne familiariz\u0103m unii cu al\u021bii. Primele zile au fost dedicate preg\u0103tirii fizice, iar de acum \u00eencepem s\u0103 cl\u0103dim \u0219i rela\u021biile de joc, a\u0219a \u00eenc\u00e2t Cupa Timi\u0219oara, de s\u0103pt\u0103m\u00e2na viitoare, s\u0103 nu ne prind\u0103 f\u0103r\u0103 meciuri de verificare\u201d, a declarat Dragan Petricevic, antrenorul principal al SCM Politehnica Timi\u0219oara.<\/p>\n<h2 class=\"wp-block-heading\">Primul adversar, o echip\u0103 din prima lig\u0103 maghiar\u0103<\/h2>\n<p class=\"wp-block-paragraph\">SZTE-Szede\u00e1k evolueaz\u0103 \u00een prima lig\u0103 de baschet din Ungaria. \u00cen sezonul trecut, forma\u021bia din Szeged s-a clasat pe pozi\u021bia a patra \u00een play-out, locul 12 \u00een clasamentul general.<\/p>\n<p class=\"wp-block-paragraph\">Pentru SCM Politehnica Timi\u0219oara, partida reprezint\u0103 primul prilej de a testa \u00een condi\u021bii de joc rela\u021biile construite \u00een perioada de preg\u0103tire \u0219i de a vedea cum reac\u021bioneaz\u0103 lotul \u00een fa\u021ba unui adversar extern.<\/p>\n<p class=\"wp-block-paragraph\">Meciul de la Szeged va oferi staffului tehnic \u0219i primele repere privind nivelul echipei dup\u0103 perioada de preg\u0103tire fizic\u0103 \u0219i primele antrenamente comune.<\/p>\n<h2 class=\"wp-block-heading\">Al doilea amical, la Oradea<\/h2>\n<p class=\"wp-block-paragraph\">Seria meciurilor de preg\u0103tire va continua la finalul s\u0103pt\u0103m\u00e2nii. Baschetbali\u0219tii de la SCM Politehnica Timi\u0219oara vor disputa s\u00e2mb\u0103t\u0103, 29 august, de la ora 18:00, un al doilea meci amical, tot \u00een deplasare, \u00eempotriva forma\u021biei CSM CSU Raiffeisen Oradea.<\/p>\n<p class=\"wp-block-paragraph\">Cele dou\u0103 partide fac parte din programul de preg\u0103tire al echipei timi\u0219orene \u00eenaintea noului sezon. Meciurile de verificare vor permite staffului tehnic s\u0103 testeze formulele de joc \u0219i s\u0103 consolideze rela\u021biile dintre juc\u0103tori \u00eenaintea competi\u021biilor oficiale.<\/p>\n<p class=\"wp-block-paragraph\">Cupa Timi\u0219oara, men\u021bionat\u0103 de antrenorul Dragan Petricevic, va reprezenta urm\u0103toarea etap\u0103 important\u0103 a preg\u0103tirii echipei \u00eenainte de startul noului sezon.<\/p>\n<\/div>\n<p>[analyse_source url=&#8221;https:\/\/orasul-timisoara.ro\/local-40484\/&#8221;]<\/p>\n","protected":false},"excerpt":{"rendered":"<p>[analyse_image type=&#8221;featured&#8221; src=&#8221;https:\/\/orasul-timisoara.ro\/wp-content\/uploads\/2026\/08\/scm-politehnica-tm-baschet.jpg&#8221;] Sport LocalSCM Politehnica Timi\u0219oara \u00eencepe meciurile de preg\u0103tire. Primul test, la Szeged Sport Local \u0218tiri Locale SCM Politehnica Timi\u0219oara \u00eencepe meciurile de preg\u0103tire. Primul test, la Szeged De c\u0103tre redactia &#8211; 25\/08\/2026 Facebook Twitter WhatsApp Linkedin ReddIt Email Imprimare SCM Politehnica Timi\u0219oara, echipa de baschet, disput\u0103 miercuri, 26 august, primul meci de [&hellip;]<\/p>\n","protected":false},"author":1,"featured_media":0,"comment_status":"open","ping_status":"","sticky":false,"template":"","format":"standard","meta":{"footnotes":""},"categories":[89],"tags":[226,189],"class_list":["post-2115115","post","type-post","status-publish","format-standard","hentry","category-romania","tag-crawlmanager","tag-orasul-timisoara-ro"],"_links":{"self":[{"href":"https:\/\/analyse.optim.biz\/index.php?rest_route=\/wp\/v2\/posts\/2115115","targetHints":{"allow":["GET"]}}],"collection":[{"href":"https:\/\/analyse.optim.biz\/index.php?rest_route=\/wp\/v2\/posts"}],"about":[{"href":"https:\/\/analyse.optim.biz\/index.php?rest_route=\/wp\/v2\/types\/post"}],"author":[{"embeddable":true,"href":"https:\/\/analyse.optim.biz\/index.php?rest_route=\/wp\/v2\/users\/1"}],"replies":[{"embeddable":true,"href":"https:\/\/analyse.optim.biz\/index.php?rest_route=%2Fwp%2Fv2%2Fcomments&post=2115115"}],"version-history":[{"count":0,"href":"https:\/\/analyse.optim.biz\/index.php?rest_route=\/wp\/v2\/posts\/2115115\/revisions"}],"wp:attachment":[{"href":"https:\/\/analyse.optim.biz\/index.php?rest_route=%2Fwp%2Fv2%2Fmedia&parent=2115115"}],"wp:term":[{"taxonomy":"category","embeddable":true,"href":"https:\/\/analyse.optim.biz\/index.php?rest_route=%2Fwp%2Fv2%2Fcategories&post=2115115"},{"taxonomy":"post_tag","embeddable":true,"href":"https:\/\/analyse.optim.biz\/index.php?rest_route=%2Fwp%2Fv2%2Ftags&post=2115115"}],"curies":[{"name":"wp","href":"https:\/\/api.w.org\/{rel}","templated":true}]}}