{"id":2115111,"date":"2026-08-26T13:58:42","date_gmt":"2026-08-26T10:58:42","guid":{"rendered":"https:\/\/analyse.optim.biz\/?p=2115111"},"modified":"2026-08-26T13:58:42","modified_gmt":"2026-08-26T10:58:42","slug":"dupa-piata-traian-incepe-regenerarea-in-piata-mocioni-si-piata-maria-doua-santiere-uriase-pentru-timisoara","status":"publish","type":"post","link":"https:\/\/analyse.optim.biz\/?p=2115111","title":{"rendered":"Dup\u0103 Pia\u021ba Traian, \u00eencepe regenerarea \u00een Pia\u021ba Mocioni \u0219i Pia\u021ba Maria. Dou\u0103 \u0219antiere uria\u0219e pentru Timi\u0219oara"},"content":{"rendered":"<p>[analyse_image type=&#8221;featured&#8221; src=&#8221;https:\/\/orasul-timisoara.ro\/wp-content\/uploads\/2024\/12\/regenerare-urbana-mocioni.jpg&#8221;]<\/p>\n<article id=\"post-40545\" class=\"td-post-template-7 post-40545 post type-post status-publish format-standard has-post-thumbnail category-featured category-stiri-timisoara tag-dominic-fritz tag-fonduri-europene-timisoara tag-infrastructura-timisoara-2 tag-investitii-timisoara-2 tag-iosefin tag-piata-maria-2 tag-piata-mocioni-2 tag-piata-sinaia tag-piata-traian-2 tag-proiecte-timisoara-2 tag-regenerare-urbana-timisoara tag-santier-timisoara tag-spatii-verzi-timisoara tag-stiri-timisoara-3 tag-timisoara-2 td-container-wrap\">\n<div class=\"td-full-screen-header-image-wrap\">\n<div class=\"td-container td-post-header\">\n<div class=\"td-crumb-container\">\n<div class=\"entry-crumbs\"><span><a title=\"Vede\u021bi toate articolele \u00een \u0218tiri Locale\" class=\"entry-crumb\" href=\"https:\/\/orasul-timisoara.ro\/local-category\/stiri-timisoara\/\">\u0218tiri Locale<\/a><\/span><span class=\"td-bred-no-url-last\">Dup\u0103 Pia\u021ba Traian, \u00eencepe regenerarea \u00een Pia\u021ba Mocioni \u0219i Pia\u021ba Maria. Dou\u0103&#8230;<\/span><\/div>\n<\/div>\n<div class=\"td-post-header-holder\">\n<div class=\"td-parallax-header\">\n<header class=\"td-post-title\">\n<ul class=\"td-category\">\n<li class=\"entry-category\"><a href=\"https:\/\/orasul-timisoara.ro\/local-category\/stiri-timisoara\/\">\u0218tiri Locale<\/a><\/li>\n<\/ul>\n<h1 class=\"entry-title\">Dup\u0103 Pia\u021ba Traian, \u00eencepe regenerarea \u00een Pia\u021ba Mocioni \u0219i Pia\u021ba Maria. Dou\u0103 \u0219antiere uria\u0219e pentru Timi\u0219oara<\/h1>\n<div class=\"td-module-meta-info\">\n<div class=\"td-post-author-name\">\n<div class=\"td-author-by\">De c\u0103tre<\/div>\n<p><a href=\"https:\/\/orasul-timisoara.ro\/author\/timisoara\/\">redactia<\/a><\/p>\n<div class=\"td-author-line\"> &#8211; <\/div>\n<\/div>\n<p><span class=\"td-post-date\"><time class=\"entry-date updated td-module-date\" datetime=\"2026-08-26T16:58:42+03:00\">26\/08\/2026<\/time><\/span><\/div>\n<\/header>\n<\/div>\n<\/div>\n<\/div>\n<div id=\"td-full-screen-header-image\" class=\"td-image-gradient-style7\"><img decoding=\"async\" class=\"td-backstretch\" src=\"https:\/\/orasul-timisoara.ro\/wp-content\/uploads\/2024\/12\/regenerare-urbana-mocioni.jpg\"><\/div>\n<\/div>\n<div class=\"td-container\">\n<div class=\"td-pb-row\">\n<div class=\"td-pb-span8 td-main-content\" role=\"main\">\n<div class=\"td-ss-main-content\">\n<div class=\"td-post-sharing-top\">\n<div class=\"td-post-sharing-classic\"><iframe title=\"topFacebookLike\" frameborder src=\"https:\/\/www.facebook.com\/plugins\/like.php?href=https:\/\/orasul-timisoara.ro\/local-40545\/&amp;layout=button_count&amp;show_faces=false&amp;width=105&amp;action=like&amp;colorscheme=light&amp;height=21\"><\/iframe><\/div>\n<div id=\"td_social_sharing_article_top\" class=\"td-post-sharing td-ps-bg td-ps-notext td-post-sharing-style1 \">\n<div class=\"td-post-sharing-visible\"><a class=\"td-social-sharing-button td-social-sharing-button-js td-social-network td-social-facebook\" href=\"https:\/\/www.facebook.com\/sharer.php?u=https%3A%2F%2Forasul-timisoara.ro%2Flocal-40545%2F\" title=\"Facebook\"><\/p>\n<div class=\"td-social-but-text\">Facebook<\/div>\n<p><\/a><a class=\"td-social-sharing-button td-social-sharing-button-js td-social-network td-social-twitter\" href=\"https:\/\/twitter.com\/intent\/tweet?text=Dup%C4%83+Pia%C8%9Ba+Traian%2C+%C3%AEncepe+regenerarea+%C3%AEn+Pia%C8%9Ba+Mocioni+%C8%99i+Pia%C8%9Ba+Maria.+Dou%C4%83+%C8%99antiere+uria%C8%99e+pentru+Timi%C8%99oara&amp;url=https%3A%2F%2Forasul-timisoara.ro%2Flocal-40545%2F&amp;via=orasultm\" title=\"Twitter\"><\/p>\n<div class=\"td-social-but-text\">Twitter<\/div>\n<p><\/a><a class=\"td-social-sharing-button td-social-sharing-button-js td-social-network td-social-whatsapp\" href=\"https:\/\/api.whatsapp.com\/send?text=Dup%C4%83+Pia%C8%9Ba+Traian%2C+%C3%AEncepe+regenerarea+%C3%AEn+Pia%C8%9Ba+Mocioni+%C8%99i+Pia%C8%9Ba+Maria.+Dou%C4%83+%C8%99antiere+uria%C8%99e+pentru+Timi%C8%99oara%20%0A%0A%20https:\/\/orasul-timisoara.ro\/local-40545\/\" title=\"WhatsApp\"><\/p>\n<div class=\"td-social-but-text\">WhatsApp<\/div>\n<p><\/a><a class=\"td-social-sharing-button td-social-sharing-button-js td-social-network td-social-linkedin\" href=\"https:\/\/www.linkedin.com\/shareArticle?mini=true&amp;url=https:\/\/orasul-timisoara.ro\/local-40545\/&amp;title=Dup%C4%83+Pia%C8%9Ba+Traian%2C+%C3%AEncepe+regenerarea+%C3%AEn+Pia%C8%9Ba+Mocioni+%C8%99i+Pia%C8%9Ba+Maria.+Dou%C4%83+%C8%99antiere+uria%C8%99e+pentru+Timi%C8%99oara\" title=\"Linkedin\"><\/p>\n<div class=\"td-social-but-text\">Linkedin<\/div>\n<p><\/a><a class=\"td-social-sharing-button td-social-sharing-button-js td-social-network td-social-reddit\" href=\"https:\/\/reddit.com\/submit?url=https:\/\/orasul-timisoara.ro\/local-40545\/&amp;title=Dup%C4%83+Pia%C8%9Ba+Traian%2C+%C3%AEncepe+regenerarea+%C3%AEn+Pia%C8%9Ba+Mocioni+%C8%99i+Pia%C8%9Ba+Maria.+Dou%C4%83+%C8%99antiere+uria%C8%99e+pentru+Timi%C8%99oara\" title=\"ReddIt\"><\/p>\n<div class=\"td-social-but-text\">ReddIt<\/div>\n<p><\/a><a class=\"td-social-sharing-button td-social-sharing-button-js td-social-network td-social-mail\" href=\"mailto:?subject=Dup%C4%83%20Pia%C8%9Ba%20Traian,%20%C3%AEncepe%20regenerarea%20%C3%AEn%20Pia%C8%9Ba%20Mocioni%20%C8%99i%20Pia%C8%9Ba%20Maria.%20Dou%C4%83%20%C8%99antiere%20uria%C8%99e%20pentru%20Timi%C8%99oara&amp;body=https:\/\/orasul-timisoara.ro\/local-40545\/\" title=\"Email\"><\/p>\n<div class=\"td-social-but-text\">Email<\/div>\n<p><\/a><a class=\"td-social-sharing-button td-social-sharing-button-js td-social-network td-social-print\" href=\"https:\/\/orasul-timisoara.ro\/local-40545\/\" title=\"Imprimare\"><\/p>\n<div class=\"td-social-but-text\">Imprimare<\/div>\n<p><\/a><\/div>\n<\/div>\n<\/div>\n<div class=\"td-post-content tagdiv-type\">\n<p class=\"wp-block-paragraph\">Timi\u0219oara intr\u0103 \u00eentr-o nou\u0103 etap\u0103 de regenerare urban\u0103, cu dou\u0103 proiecte majore desf\u0103\u0219urate \u00een paralel. Dup\u0103 lucr\u0103rile \u00eencepute \u00een Pia\u021ba Traian, municipalitatea se preg\u0103te\u0219te s\u0103 deschid\u0103 un nou \u0219antier \u00een zona Pia\u021ba Mocioni \u2013 Pia\u021ba Maria \u2013 Pia\u021ba Sinaia \u0219i pe 11 str\u0103zi din cartierele \u00eenvecinate.<\/p>\n<p class=\"wp-block-paragraph\">Primarul Dominic Fritz spune c\u0103 cele dou\u0103 proiecte au o valoare total\u0103 de aproape 50 de milioane de euro, bani proveni\u021bi din fonduri europene \u0219i de la bugetul local.<\/p>\n<h2 class=\"wp-block-heading\">\u00cencepe regenerarea urban\u0103 \u00een Pia\u021ba Mocioni<\/h2>\n<p class=\"wp-block-paragraph\">Dominic Fritz anun\u021b\u0103 c\u0103 lucr\u0103rile de regenerare urban\u0103 din zona Mocioni-Sinaia intr\u0103 \u00een linie dreapt\u0103. Municipalitatea parcurge ultimele etape preg\u0103titoare \u00eenainte de deschiderea efectiv\u0103 a \u0219antierului.<\/p>\n<p class=\"wp-block-paragraph\">Proiectul vizeaz\u0103 Pia\u021ba Maria, Pia\u021ba Sinaia \u0219i 11 str\u0103zi din zona adiacent\u0103 \u0219i are ca obiectiv transformarea spa\u021biului urban \u00eentr-o zon\u0103 mai bine organizat\u0103, cu mai multe spa\u021bii verzi \u0219i locuri dedicate comunit\u0103\u021bii.<\/p>\n<p class=\"wp-block-paragraph\">\u00cen cadrul proiectului sunt prev\u0103zute amenaj\u0103ri pentru pietoni \u0219i bicicli\u0219ti, precum \u0219i interven\u021bii care s\u0103 \u00eembun\u0103t\u0103\u021beasc\u0103 infrastructura destinat\u0103 transportului public.<\/p>\n<p class=\"wp-block-paragraph\">Investi\u021bia beneficiaz\u0103 de aproximativ 9 milioane de euro din fonduri europene.<\/p>\n<h2 class=\"wp-block-heading\">Dou\u0103 \u0219antiere mari \u00een acela\u0219i timp<\/h2>\n<p class=\"wp-block-paragraph\">Noul \u0219antier va porni \u00een timp ce lucr\u0103rile de regenerare din Pia\u021ba Traian continu\u0103.<\/p>\n<p class=\"wp-block-paragraph\">\u201e\u0218antier \u00een lucru, \u0219antier care urmeaz\u0103. \u00cen Traian am \u00eenceput montarea dalelor de piatr\u0103, \u00een Mocioni\/Sinaia parcurgem ultimele etape preg\u0103titoare \u00eenainte de \u00eenceperea \u0219antierului\u201d, a transmis Dominic Fritz.<\/p>\n<p class=\"wp-block-paragraph\">Potrivit primarului, cele dou\u0103 proiecte reprezint\u0103 investi\u021bii majore pentru ora\u0219, cu o valoare cumulat\u0103 de aproape 50 de milioane de euro, bani europeni \u0219i fonduri de la bugetul local.<\/p>\n<p class=\"wp-block-paragraph\">\u201eDou\u0103 proiecte uria\u0219e de aproape 50 mil euro (bani europeni \u0219i bani de la bugetul local) care vor schimba Timi\u0219oara\u201d, a mai transmis edilul.<\/p>\n<h2 class=\"wp-block-heading\">Mai multe spa\u021bii verzi \u0219i locuri pentru comunitate<\/h2>\n<p class=\"wp-block-paragraph\">Prin proiectul din zona Mocioni-Sinaia, municipalitatea \u00ee\u0219i propune s\u0103 schimbe modul \u00een care este utilizat spa\u021biul public din aceast\u0103 parte a Timi\u0219oarei.<\/p>\n<p class=\"wp-block-paragraph\">Zonele vizate urmeaz\u0103 s\u0103 beneficieze de spa\u021bii verzi \u0219i zone de agrement, dar \u0219i de amenaj\u0103ri care s\u0103 ofere mai mult loc pietonilor \u0219i bicicli\u0219tilor.<\/p>\n<p class=\"wp-block-paragraph\">Totodat\u0103, proiectul include interven\u021bii pentru transportul \u00een comun, astfel \u00eenc\u00e2t zona s\u0103 devin\u0103 mai accesibil\u0103 \u0219i mai bine conectat\u0103 cu restul ora\u0219ului.<\/p>\n<p class=\"wp-block-paragraph\">Investi\u021bia reprezint\u0103 \u0219i o interven\u021bie important\u0103 asupra unei zone istorice a Timi\u0219oarei, \u00een special asupra spa\u021biului urban din jurul Pie\u021bei Maria \u0219i Pie\u021bei Sinaia.<\/p>\n<h2 class=\"wp-block-heading\">Prim\u0103ria avertizeaz\u0103 c\u0103 lucr\u0103rile vor aduce \u0219i disconfort<\/h2>\n<p class=\"wp-block-paragraph\">Deschiderea unui \u0219antier de asemenea dimensiuni va \u00eensemna, inevitabil, restric\u021bii \u0219i disconfort pentru locuitorii \u0219i cei care circul\u0103 \u00een zon\u0103.<\/p>\n<p class=\"wp-block-paragraph\">Dominic Fritz le-a transmis timi\u0219orenilor c\u0103 municipalitatea este con\u0219tient\u0103 de dificult\u0103\u021bile care vor ap\u0103rea pe durata lucr\u0103rilor \u0219i le-a mul\u021bumit pentru r\u0103bdare \u0219i \u00een\u021belegere.<\/p>\n<p class=\"wp-block-paragraph\">\u00cen acela\u0219i timp, primarul sus\u021bine c\u0103 Timi\u0219oara trebuie s\u0103 foloseasc\u0103 fondurile europene disponibile pentru proiectele de regenerare urban\u0103. \u00cen caz contrar, banii ar putea fi pierdu\u021bi, iar astfel de interven\u021bii de amploare asupra unor zone istorice ale ora\u0219ului ar deveni mult mai dificil de realizat.<\/p>\n<p class=\"wp-block-paragraph\">Noua investi\u021bie vine astfel \u00eentr-un moment \u00een care municipalitatea \u00eencearc\u0103 s\u0103 accelereze proiectele finan\u021bate din fonduri europene \u0219i s\u0103 transforme zone importante ale Timi\u0219oarei.<\/p>\n<p class=\"wp-block-paragraph\">\u00cen paralel, lucr\u0103rile din Pia\u021ba Traian au intrat deja \u00eentr-o etap\u0103 avansat\u0103, unde a \u00eenceput montarea dalelor de piatr\u0103 natural\u0103.<\/p>\n<p class=\"wp-block-paragraph\">Pentru Timi\u0219oara urmeaz\u0103, astfel, o perioad\u0103 cu dou\u0103 mari \u0219antiere de regenerare urban\u0103 desf\u0103\u0219urate \u00een paralel, cu interven\u021bii care vizeaz\u0103 at\u00e2t spa\u021biul public, c\u00e2t \u0219i modul \u00een care locuitorii vor utiliza aceste zone dup\u0103 finalizarea lucr\u0103rilor.<\/p>\n<\/div>\n<footer>\n<div class=\"td-post-source-tags\">\n<ul class=\"td-tags td-post-small-box clearfix\">\n<li><span>ETICHETE<\/span><\/li>\n<li><a href=\"https:\/\/orasul-timisoara.ro\/local-tag\/dominic-fritz\/\">dominic fritz<\/a><\/li>\n<li><a href=\"https:\/\/orasul-timisoara.ro\/local-tag\/fonduri-europene-timisoara\/\">fonduri europene Timi\u0219oara<\/a><\/li>\n<li><a href=\"https:\/\/orasul-timisoara.ro\/local-tag\/infrastructura-timisoara-2\/\">infrastructur\u0103 Timi\u0219oara<\/a><\/li>\n<li><a href=\"https:\/\/orasul-timisoara.ro\/local-tag\/investitii-timisoara-2\/\">investi\u021bii Timi\u0219oara<\/a><\/li>\n<li><a href=\"https:\/\/orasul-timisoara.ro\/local-tag\/iosefin\/\">iosefin<\/a><\/li>\n<li><a href=\"https:\/\/orasul-timisoara.ro\/local-tag\/piata-maria-2\/\">Pia\u021ba Maria<\/a><\/li>\n<li><a href=\"https:\/\/orasul-timisoara.ro\/local-tag\/piata-mocioni-2\/\">Pia\u021ba Mocioni<\/a><\/li>\n<li><a href=\"https:\/\/orasul-timisoara.ro\/local-tag\/piata-sinaia\/\">Pia\u021ba Sinaia<\/a><\/li>\n<li><a href=\"https:\/\/orasul-timisoara.ro\/local-tag\/piata-traian-2\/\">Pia\u021ba Traian<\/a><\/li>\n<li><a href=\"https:\/\/orasul-timisoara.ro\/local-tag\/proiecte-timisoara-2\/\">proiecte Timi\u0219oara<\/a><\/li>\n<li><a href=\"https:\/\/orasul-timisoara.ro\/local-tag\/regenerare-urbana-timisoara\/\">regenerare urban\u0103 Timi\u0219oara<\/a><\/li>\n<li><a href=\"https:\/\/orasul-timisoara.ro\/local-tag\/santier-timisoara\/\">\u0219antier Timi\u0219oara<\/a><\/li>\n<li><a href=\"https:\/\/orasul-timisoara.ro\/local-tag\/spatii-verzi-timisoara\/\">spa\u021bii verzi timi\u0219oara<\/a><\/li>\n<li><a href=\"https:\/\/orasul-timisoara.ro\/local-tag\/stiri-timisoara-3\/\">\u0218tiri Timi\u0219oara<\/a><\/li>\n<li><a href=\"https:\/\/orasul-timisoara.ro\/local-tag\/timisoara-2\/\">timi\u0219oara<\/a><\/li>\n<\/ul>\n<\/div>\n<div class=\"td-post-sharing-bottom\">\n<div class=\"td-post-sharing-classic\"><iframe title=\"bottomFacebookLike\" frameborder src=\"https:\/\/www.facebook.com\/plugins\/like.php?href=https:\/\/orasul-timisoara.ro\/local-40545\/&amp;layout=button_count&amp;show_faces=false&amp;width=105&amp;action=like&amp;colorscheme=light&amp;height=21\"><\/iframe><\/div>\n<div id=\"td_social_sharing_article_bottom\" class=\"td-post-sharing td-ps-bg td-ps-notext td-post-sharing-style1 \">\n<div class=\"td-post-sharing-visible\"><a class=\"td-social-sharing-button td-social-sharing-button-js td-social-network td-social-facebook\" href=\"https:\/\/www.facebook.com\/sharer.php?u=https%3A%2F%2Forasul-timisoara.ro%2Flocal-40545%2F\" title=\"Facebook\"><\/p>\n<div class=\"td-social-but-text\">Facebook<\/div>\n<p><\/a><a class=\"td-social-sharing-button td-social-sharing-button-js td-social-network td-social-twitter\" href=\"https:\/\/twitter.com\/intent\/tweet?text=Dup%C4%83+Pia%C8%9Ba+Traian%2C+%C3%AEncepe+regenerarea+%C3%AEn+Pia%C8%9Ba+Mocioni+%C8%99i+Pia%C8%9Ba+Maria.+Dou%C4%83+%C8%99antiere+uria%C8%99e+pentru+Timi%C8%99oara&amp;url=https%3A%2F%2Forasul-timisoara.ro%2Flocal-40545%2F&amp;via=orasultm\" title=\"Twitter\"><\/p>\n<div class=\"td-social-but-text\">Twitter<\/div>\n<p><\/a><a class=\"td-social-sharing-button td-social-sharing-button-js td-social-network td-social-whatsapp\" href=\"https:\/\/api.whatsapp.com\/send?text=Dup%C4%83+Pia%C8%9Ba+Traian%2C+%C3%AEncepe+regenerarea+%C3%AEn+Pia%C8%9Ba+Mocioni+%C8%99i+Pia%C8%9Ba+Maria.+Dou%C4%83+%C8%99antiere+uria%C8%99e+pentru+Timi%C8%99oara%20%0A%0A%20https:\/\/orasul-timisoara.ro\/local-40545\/\" title=\"WhatsApp\"><\/p>\n<div class=\"td-social-but-text\">WhatsApp<\/div>\n<p><\/a><a class=\"td-social-sharing-button td-social-sharing-button-js td-social-network td-social-linkedin\" href=\"https:\/\/www.linkedin.com\/shareArticle?mini=true&amp;url=https:\/\/orasul-timisoara.ro\/local-40545\/&amp;title=Dup%C4%83+Pia%C8%9Ba+Traian%2C+%C3%AEncepe+regenerarea+%C3%AEn+Pia%C8%9Ba+Mocioni+%C8%99i+Pia%C8%9Ba+Maria.+Dou%C4%83+%C8%99antiere+uria%C8%99e+pentru+Timi%C8%99oara\" title=\"Linkedin\"><\/p>\n<div class=\"td-social-but-text\">Linkedin<\/div>\n<p><\/a><a class=\"td-social-sharing-button td-social-sharing-button-js td-social-network td-social-reddit\" href=\"https:\/\/reddit.com\/submit?url=https:\/\/orasul-timisoara.ro\/local-40545\/&amp;title=Dup%C4%83+Pia%C8%9Ba+Traian%2C+%C3%AEncepe+regenerarea+%C3%AEn+Pia%C8%9Ba+Mocioni+%C8%99i+Pia%C8%9Ba+Maria.+Dou%C4%83+%C8%99antiere+uria%C8%99e+pentru+Timi%C8%99oara\" title=\"ReddIt\"><\/p>\n<div class=\"td-social-but-text\">ReddIt<\/div>\n<p><\/a><a class=\"td-social-sharing-button td-social-sharing-button-js td-social-network td-social-mail\" href=\"mailto:?subject=Dup%C4%83%20Pia%C8%9Ba%20Traian,%20%C3%AEncepe%20regenerarea%20%C3%AEn%20Pia%C8%9Ba%20Mocioni%20%C8%99i%20Pia%C8%9Ba%20Maria.%20Dou%C4%83%20%C8%99antiere%20uria%C8%99e%20pentru%20Timi%C8%99oara&amp;body=https:\/\/orasul-timisoara.ro\/local-40545\/\" title=\"Email\"><\/p>\n<div class=\"td-social-but-text\">Email<\/div>\n<p><\/a><a class=\"td-social-sharing-button td-social-sharing-button-js td-social-network td-social-print\" href=\"https:\/\/orasul-timisoara.ro\/local-40545\/\" title=\"Imprimare\"><\/p>\n<div class=\"td-social-but-text\">Imprimare<\/div>\n<p><\/a><\/div>\n<\/div>\n<\/div>\n<div class=\"td-block-row td-post-next-prev\">\n<div class=\"td-block-span6 td-post-prev-post\">\n<div class=\"td-post-next-prev-content\"><span>Articolul precedent<\/span><a href=\"https:\/\/orasul-timisoara.ro\/local-40542\/\">Markus Schulz vine la Timi\u0219oara Music Festival! Show spectaculos \u00een Parcul Rozelor, cu acces gratuit<\/a><\/div>\n<\/div>\n<div class=\"td-block-span6 td-post-next-post\">\n<div class=\"td-post-next-prev-content\"><span>Articolul urm\u0103tor<\/span><a href=\"https:\/\/orasul-timisoara.ro\/local-40547\/\">Via Carpatia, autostrada de 3.000 de kilometri care va traversa Rom\u00e2nia \u0219i va ajunge la Salonic<\/a><\/div>\n<\/div>\n<\/div>\n<div class=\"td-author-name vcard author\"><span class=\"fn\"><a href=\"https:\/\/orasul-timisoara.ro\/author\/timisoara\/\">redactia<\/a><\/span><\/div>\n<p><span class=\"td-page-meta\"><\/span><span class=\"td-page-meta\"><span class=\"td-page-meta\"><\/span><\/span><span class=\"td-page-meta\"><\/span><\/footer>\n<div class=\"td_block_wrap td_block_related_posts tdi_3 td_with_ajax_pagination td-pb-border-top td_block_template_8\" data-td-block-uid=\"tdi_3\">\n<h4 class=\"td-related-title td-block-title\"><a id=\"tdi_4\" class=\"td-related-left td-cur-simple-item\" data-td_filter_value data-td_block_id=\"tdi_3\" href=\"https:\/\/orasul-timisoara.ro\/local-40545\/\">ARTICOLE SIMILARE<\/a><a id=\"tdi_5\" class=\"td-related-right\" data-td_filter_value=\"td_related_more_from_author\" data-td_block_id=\"tdi_3\" href=\"https:\/\/orasul-timisoara.ro\/local-40545\/\">DE LA ACELA\u0218I AUTOR<\/a><\/h4>\n<div id=\"tdi_3\" class=\"td_block_inner\">\n<div class=\"td-related-row\">\n<div class=\"td-related-span4\">\n<div class=\"td_module_related_posts td-animation-stack td_mod_related_posts\">\n<div class=\"td-module-image\">\n<div class=\"td-module-thumb\"><a href=\"https:\/\/orasul-timisoara.ro\/local-40530\/\" rel=\"bookmark\" class=\"td-image-wrap \" title=\"Film realizat la Timi\u0219oara, nominalizat la PRIX EUROPA 2026. Ora\u0219ul Paralel concureaz\u0103 la Berlin\"><img loading=\"lazy\" decoding=\"async\" class=\"entry-thumb\" src=\"https:\/\/orasul-timisoara.ro\/wp-content\/uploads\/2026\/08\/3-Orasul-Paralel_cadru-film-436x300.jpg\" alt title=\"Film realizat la Timi\u0219oara, nominalizat la PRIX EUROPA 2026. Ora\u0219ul Paralel concureaz\u0103 la Berlin\" width=\"218\" height=\"150\"><\/a><\/div>\n<\/div>\n<div class=\"item-details\">\n<h3 class=\"entry-title td-module-title\"><a href=\"https:\/\/orasul-timisoara.ro\/local-40530\/\" rel=\"bookmark\" title=\"Film realizat la Timi\u0219oara, nominalizat la PRIX EUROPA 2026. Ora\u0219ul Paralel concureaz\u0103 la Berlin\">Film realizat la Timi\u0219oara, nominalizat la PRIX EUROPA 2026. Ora\u0219ul Paralel concureaz\u0103 la Berlin<\/a><\/h3>\n<\/div>\n<\/div>\n<\/div>\n<div class=\"td-related-span4\">\n<div class=\"td_module_related_posts td-animation-stack td_mod_related_posts\">\n<div class=\"td-module-image\">\n<div class=\"td-module-thumb\"><a href=\"https:\/\/orasul-timisoara.ro\/local-40527\/\" rel=\"bookmark\" class=\"td-image-wrap \" title=\"Flavius Ilioni va conduce interimar Direc\u021bia de Asisten\u021b\u0103 Social\u0103 a Municipiului Timi\u0219oara\"><img loading=\"lazy\" decoding=\"async\" class=\"entry-thumb\" src=\"https:\/\/orasul-timisoara.ro\/wp-content\/uploads\/2026\/08\/flavius-iloni-436x300.jpg\" alt title=\"Flavius Ilioni va conduce interimar Direc\u021bia de Asisten\u021b\u0103 Social\u0103 a Municipiului Timi\u0219oara\" width=\"218\" height=\"150\"><\/a><\/div>\n<\/div>\n<div class=\"item-details\">\n<h3 class=\"entry-title td-module-title\"><a href=\"https:\/\/orasul-timisoara.ro\/local-40527\/\" rel=\"bookmark\" title=\"Flavius Ilioni va conduce interimar Direc\u021bia de Asisten\u021b\u0103 Social\u0103 a Municipiului Timi\u0219oara\">Flavius Ilioni va conduce interimar Direc\u021bia de Asisten\u021b\u0103 Social\u0103 a Municipiului Timi\u0219oara<\/a><\/h3>\n<\/div>\n<\/div>\n<\/div>\n<div class=\"td-related-span4\">\n<div class=\"td_module_related_posts td-animation-stack td_mod_related_posts\">\n<div class=\"td-module-image\">\n<div class=\"td-module-thumb\"><a href=\"https:\/\/orasul-timisoara.ro\/local-40524\/\" rel=\"bookmark\" class=\"td-image-wrap \" title=\"Prim\u0103ria Timi\u0219oara elibereaz\u0103 un teren de 7.500 mp din Girocului pentru noi locuri de parcare\"><img loading=\"lazy\" decoding=\"async\" class=\"entry-thumb\" src=\"https:\/\/orasul-timisoara.ro\/wp-content\/uploads\/2026\/08\/martir-elena-nicoara-436x300.jpg\" alt title=\"Prim\u0103ria Timi\u0219oara elibereaz\u0103 un teren de 7.500 mp din Girocului pentru noi locuri de parcare\" width=\"218\" height=\"150\"><\/a><\/div>\n<\/div>\n<div class=\"item-details\">\n<h3 class=\"entry-title td-module-title\"><a href=\"https:\/\/orasul-timisoara.ro\/local-40524\/\" rel=\"bookmark\" title=\"Prim\u0103ria Timi\u0219oara elibereaz\u0103 un teren de 7.500 mp din Girocului pentru noi locuri de parcare\">Prim\u0103ria Timi\u0219oara elibereaz\u0103 un teren de 7.500 mp din Girocului pentru noi locuri de parcare<\/a><\/h3>\n<\/div>\n<\/div>\n<\/div>\n<\/div>\n<\/div>\n<\/div>\n<div class=\"comments\" id=\"comments\">\n<div id=\"respond\" class=\"comment-respond\">\n<h3 id=\"reply-title\" class=\"comment-reply-title\">L\u0102SA\u021aI UN MESAJ<\/h3>\n<div class=\"comment-form-input-wrap td-form-comment\">\n<div class=\"td-warning-comment\">V\u0103 rug\u0103m s\u0103 introduce\u021bi comentariul dvs.!<\/div>\n<\/div>\n<div class=\"comment-form-input-wrap td-form-author\">\n<div class=\"td-warning-author\">Introduce\u021bi aici numele dvs.<\/div>\n<\/div>\n<div class=\"comment-form-input-wrap td-form-email\">\n<div class=\"td-warning-email-error\">A\u021bi introdus o adres\u0103 de e-mail incorect\u0103!<\/div>\n<div class=\"td-warning-email\">V\u0103 rug\u0103m s\u0103 introduce\u021bi adresa dvs. de e-mail aici<\/div>\n<\/div>\n<\/div>\n<p class=\"akismet_comment_form_privacy_notice\">Acest site folose\u0219te Akismet pentru a reduce spamul. <a href=\"https:\/\/akismet.com\/privacy\/\" target=\"_blank\" rel=\"nofollow noopener\">Afl\u0103 cum sunt procesate datele comentariilor tale<\/a>.<\/p>\n<\/div>\n<\/div>\n<\/div>\n<div class=\"td-pb-span4 td-main-sidebar\" role=\"complementary\">\n<div class=\"td-ss-main-sidebar\">\n<aside id=\"block-4\" class=\"td_block_template_8 widget block-4 widget_block widget_media_image\">\n<figure class=\"wp-block-image size-full\"><img loading=\"lazy\" decoding=\"async\" width=\"336\" height=\"280\" src=\"https:\/\/orasul-timisoara.ro\/wp-content\/uploads\/2024\/11\/ReTIM-Abonamentul-Verde-Google-Ads-336x280px.gif\" alt class=\"wp-image-29257\"><\/figure>\n<\/aside>\n<div class=\"td_block_wrap td_block_social_counter td_block_widget tdi_6 td-social-style5 td-social-boxed td-pb-border-top td_block_template_8\">\n<div class=\"td-block-title-wrap\">\n<h4 class=\"td-block-title\"><span>Urm\u0103re\u0219te-ne pe Social Media<\/span><\/h4>\n<\/div>\n<div class=\"td-social-list\">\n<div class=\"td_social_type td-pb-margin-side td_social_facebook\">\n<div class=\"td-social-box\"><span class=\"td_social_info td_social_info_counter\">344,595<\/span><span class=\"td_social_info td_social_info_name\">Fani<\/span><span class=\"td_social_button\"><a href=\"https:\/\/www.facebook.com\/247timisoara\" target=\"_blank\" rel=\"nofollow\">\u00cemi place<\/a><\/span><\/div>\n<\/div>\n<div class=\"td_social_type td-pb-margin-side td_social_instagram\">\n<div class=\"td-social-box\"><span class=\"td_social_info td_social_info_counter\">4,416<\/span><span class=\"td_social_info td_social_info_name\">Cititori<\/span><span class=\"td_social_button\"><a href=\"https:\/\/instagram.com\/orasultimisoararo\/\" target=\"_blank\" rel=\"nofollow\">Conecta\u021bi-v\u0103<\/a><\/span><\/div>\n<\/div>\n<div class=\"td_social_type td-pb-margin-side td_social_rss\">\n<div class=\"td-social-box\"><span class=\"td_social_info td_social_info_counter\">12,506<\/span><span class=\"td_social_info td_social_info_name\">Cititori<\/span><span class=\"td_social_button\"><a href=\"https:\/\/orasul-timisoara.ro\/feed\/\" target=\"_blank\" rel=\"nofollow\">Conecta\u021bi-v\u0103<\/a><\/span><\/div>\n<\/div>\n<div class=\"td_social_type td-pb-margin-side td_social_tiktok\">\n<div class=\"td-social-box\"><span class=\"td_social_info td_social_info_counter\">1,500<\/span><span class=\"td_social_info td_social_info_name\">Cititori<\/span><span class=\"td_social_button\"><a href=\"https:\/\/www.tiktok.com\/@orasultimisoara\" target=\"_blank\" rel=\"nofollow\">Conecta\u021bi-v\u0103<\/a><\/span><\/div>\n<\/div>\n<div class=\"td_social_type td-pb-margin-side td_social_twitter\">\n<div class=\"td-social-box\"><span class=\"td_social_info td_social_info_counter\">1,595<\/span><span class=\"td_social_info td_social_info_name\">Cititori<\/span><span class=\"td_social_button\"><a href=\"https:\/\/twitter.com\/orasultm\" target=\"_blank\" rel=\"nofollow\">Conecta\u021bi-v\u0103<\/a><\/span><\/div>\n<\/div>\n<div class=\"td_social_type td-pb-margin-side td_social_youtube\">\n<div class=\"td-social-box\"><span class=\"td_social_info td_social_info_counter\">3,506<\/span><span class=\"td_social_info td_social_info_name\">Abona\u021bi<\/span><span class=\"td_social_button\"><a href=\"https:\/\/www.youtube.com\/channel\/UCQNsQvs2XCSIm1Z-AHRturw?sub_confirmation=1\" target=\"_blank\" rel=\"nofollow\">Abona\u021bi-v\u0103<\/a><\/span><\/div>\n<\/div>\n<\/div>\n<\/div>\n<aside id=\"text-7\" class=\"td_block_template_8 widget text-7 widget_text\">\n<h4 class=\"td-block-title\"><span>C\u0103ut\u0103ri populare pe OTM<\/span><\/h4>\n<div class=\"textwidget\"><a href=\"https:\/\/orasul-timisoara.ro\/?s=timisoara\"><span>Timisoara<\/span><\/a><a href=\"https:\/\/orasul-timisoara.ro\/?s=calin+dobra\"><span>Calin Dobra<\/span><\/a><a href=\"https:\/\/orasul-timisoara.ro\/?s=primaria+timisoara\"><span>Primaria Timisoara<\/span><\/a><a href=\"https:\/\/orasul-timisoara.ro\/?s=dominic+fritz\"><span>Dominic Fritz<\/span><\/a><a href=\"https:\/\/orasul-timisoara.ro\/?s=nicolae+robu\"><span>Nicolae Robu<\/span><\/a><a href=\"https:\/\/orasul-timisoara.ro\/?s=consiliul+local+timisoara\">Consiliul Local Timisoara<\/a><a href=\"https:\/\/orasul-timisoara.ro\/?s=consiliul+judetean+timis\"><span>Consiliul Judetean Timis<\/span><\/a><a href=\"https:\/\/orasul-timisoara.ro\/?s=cjt\"><span>CJT<\/span><\/a><a href=\"https:\/\/orasul-timisoara.ro\/?s=Alfred+Simonis\"><span>Alfred Simonis<\/span><\/a><a href=\"https:\/\/orasul-timisoara.ro\/?s=PNL\"><span>PNL<\/span><\/a><a href=\"https:\/\/orasul-timisoara.ro\/?s=coronavirus\"><span>coronavirus<\/span><\/a><a href=\"https:\/\/orasul-timisoara.ro\/?s=teatru+timisoara\">teatru Timisoara<\/a><a href=\"https:\/\/orasul-timisoara.ro\/?s=restaurante\"><span>restaurante Timisoara<\/span><\/a><a href=\"https:\/\/orasul-timisoara.ro\/?s=diskoteka\"><span>Diskoteka<\/span><\/a><a href=\"https:\/\/orasul-timisoara.ro\/?s=iulius+town\"><span>Iulius Town<\/span><\/a><a href=\"https:\/\/orasul-timisoara.ro\/?s=iulius+mall\"><span>Iulius Mall<\/span><\/a><a href=\"https:\/\/orasul-timisoara.ro\/?s=stpt\"><span>STPT<\/span><\/a><a href=\"https:\/\/orasul-timisoara.ro\/?s=alin+nica\"><span>Alin Nica<\/span><\/a><a href=\"https:\/\/orasul-timisoara.ro\/?s=psd\"><span>PSD<\/span><\/a><a href=\"https:\/\/orasul-timisoara.ro\/?s=aeroport\"><span>Aeroportul International Timisoara<\/span><\/a><a href=\"https:\/\/orasul-timisoara.ro\/?s=babes\"><span>Spitalul Victor Babes Timisoara<\/span><\/a><a href=\"https:\/\/orasul-timisoara.ro\/?s=poli\"><span>Poli Timi\u0219oara<\/span><\/a><a href=\"https:\/\/orasul-timisoara.ro\/?s=carantina\"><span>carantina<\/span><\/a><a href=\"https:\/\/orasul-timisoara.ro\/?s=aquatim\"><span>Aquatim<\/span><\/a><a href=\"https:\/\/orasul-timisoara.ro\/local-category\/stiri-timisoara\/\"><span>Stiri Timisoara<\/span><\/a><a href=\"https:\/\/orasul-timisoara.ro\/local-category\/investitii-in-timisoara\/\"><span>Investi\u021bii in Timi\u0219oara<\/span><\/a><a href=\"https:\/\/orasul-timisoara.ro\/local-9463\/\"><span>shaorma<\/span><\/a><a href=\"https:\/\/orasul-timisoara.ro\/?s=trafic\"><span>trafic rutier<\/span><\/a><a href=\"https:\/\/orasul-timisoara.ro\/?s=politia\"><span>politia locala timisoara<\/span><\/a><a href=\"https:\/\/orasul-timisoara.ro\/?s=roxana\"><span>Roxana Iliescu<\/span><\/a><a href=\"https:\/\/orasul-timisoara.ro\/?s=colterm\"><span>Colterm<\/span><\/a><a href=\"https:\/\/orasul-timisoara.ro\/?s=latcau\"><span>Ruben La\u021bc\u0103u<\/span><\/a><a href=\"https:\/\/orasul-timisoara.ro\/?s=timis\"><span>\u0218tiri din Timi\u0219<\/span><\/a><a href=\"https:\/\/orasul-timisoara.ro\/?s=spital\"><span>Spitale din Timi\u0219oara<\/span><\/a><a href=\"https:\/\/orasul-timisoara.ro\/?s=tabara\"><span>Cosmin Tab\u0103r\u0103<\/span><\/a><\/div>\n<\/aside>\n<aside id=\"rss-2\" class=\"td_block_template_8 widget rss-2 widget_rss\">\n<h4 class=\"td-block-title\"><span><a class=\"rsswidget rss-widget-feed\" href=\"https:\/\/fashionfridays.ro\/feed\"><img decoding=\"async\" class=\"rss-widget-icon\" width=\"14\" height=\"14\" src=\"https:\/\/orasul-timisoara.ro\/wp-includes\/images\/rss.png\" alt=\"Flux RSS: Fashion Fridays\" loading=\"lazy\"><\/a><a class=\"rsswidget rss-widget-title\" href=\"https:\/\/fashionfridays.ro\/\">Fashion Fridays<\/a><\/span><\/h4>\n<ul>\n<li><a class=\"rsswidget\" href=\"https:\/\/fashionfridays.ro\/romania-devine-a-29-a-piata-vogue-o-noua-era-pentru-industria-locala-de-moda\/\">Rom\u00e2nia devine a 29-a pia\u021b\u0103 Vogue: o nou\u0103 er\u0103 pentru industria local\u0103 de mod\u0103<\/a>\n<div class=\"rssSummary\">Revista Vogue \u00ee\u0219i extinde prezen\u021ba global\u0103 \u0219i va fi lansat\u0103 oficial \u00een Rom\u00e2nia \u00een prim\u0103vara anului 2027, marc\u00e2nd intrarea pe cea de-a 29-a pia\u021b\u0103 interna\u021bional\u0103. Proiectul este realizat \u00een parteneriat cu AEMME Publishing, o companie media recent \u00eenfiin\u021bat\u0103, care va publica edi\u021bia local\u0103 sub licen\u021b\u0103. Noua edi\u021bie, Vogue Rom\u00e2nia, \u00ee\u0219i propune s\u0103 combine autoritatea global\u0103 [\u2026]<\/div>\n<\/li>\n<\/ul>\n<\/aside>\n<aside id=\"rss-4\" class=\"td_block_template_8 widget rss-4 widget_rss\">\n<h4 class=\"td-block-title\"><span><a class=\"rsswidget rss-widget-feed\" href=\"https:\/\/emasini.ro\/feed\"><img decoding=\"async\" class=\"rss-widget-icon\" width=\"14\" height=\"14\" src=\"https:\/\/orasul-timisoara.ro\/wp-includes\/images\/rss.png\" alt=\"Flux RSS: eMasini\" loading=\"lazy\"><\/a><a class=\"rsswidget rss-widget-title\" href=\"https:\/\/emasini.ro\/\">eMasini<\/a><\/span><\/h4>\n<ul>\n<li><a class=\"rsswidget\" href=\"https:\/\/emasini.ro\/adio-bordurilor-pline-de-ecrane-mercedes-benz-readuce-butoanele-in-noile-masini-produse\/\">Adio bordurilor pline de ecrane? Mercedes-Benz readuce butoanele \u00een noile ma\u0219ini produse<\/a>\n<div class=\"rssSummary\">Mercedes-Benz \u00ee\u0219i schimb\u0103 direc\u021bia \u00een ceea ce prive\u0219te designul interioarelor \u0219i va readuce comenzile fizice pentru anumite func\u021bii importante. Constructorul german nu renun\u021b\u0103 la ecranele mari \u0219i la tehnologiile digitale, dar recunoa\u0219te c\u0103 a mers prea departe prin eliminarea unor butoane \u0219i comenzi tactile. Ola K\u00e4llenius, pre\u0219edintele Consiliului de Administra\u021bie al Mercedes-Benz Group \u0219i CEO [\u2026]<\/div>\n<\/li>\n<\/ul>\n<\/aside>\n<\/div>\n<\/div>\n<\/div>\n<\/div>\n<\/article>\n<div class=\"td-post-content tagdiv-type\">\n<p class=\"wp-block-paragraph\">Timi\u0219oara intr\u0103 \u00eentr-o nou\u0103 etap\u0103 de regenerare urban\u0103, cu dou\u0103 proiecte majore desf\u0103\u0219urate \u00een paralel. Dup\u0103 lucr\u0103rile \u00eencepute \u00een Pia\u021ba Traian, municipalitatea se preg\u0103te\u0219te s\u0103 deschid\u0103 un nou \u0219antier \u00een zona Pia\u021ba Mocioni \u2013 Pia\u021ba Maria \u2013 Pia\u021ba Sinaia \u0219i pe 11 str\u0103zi din cartierele \u00eenvecinate.<\/p>\n<p class=\"wp-block-paragraph\">Primarul Dominic Fritz spune c\u0103 cele dou\u0103 proiecte au o valoare total\u0103 de aproape 50 de milioane de euro, bani proveni\u021bi din fonduri europene \u0219i de la bugetul local.<\/p>\n<h2 class=\"wp-block-heading\">\u00cencepe regenerarea urban\u0103 \u00een Pia\u021ba Mocioni<\/h2>\n<p class=\"wp-block-paragraph\">Dominic Fritz anun\u021b\u0103 c\u0103 lucr\u0103rile de regenerare urban\u0103 din zona Mocioni-Sinaia intr\u0103 \u00een linie dreapt\u0103. Municipalitatea parcurge ultimele etape preg\u0103titoare \u00eenainte de deschiderea efectiv\u0103 a \u0219antierului.<\/p>\n<p class=\"wp-block-paragraph\">Proiectul vizeaz\u0103 Pia\u021ba Maria, Pia\u021ba Sinaia \u0219i 11 str\u0103zi din zona adiacent\u0103 \u0219i are ca obiectiv transformarea spa\u021biului urban \u00eentr-o zon\u0103 mai bine organizat\u0103, cu mai multe spa\u021bii verzi \u0219i locuri dedicate comunit\u0103\u021bii.<\/p>\n<p class=\"wp-block-paragraph\">\u00cen cadrul proiectului sunt prev\u0103zute amenaj\u0103ri pentru pietoni \u0219i bicicli\u0219ti, precum \u0219i interven\u021bii care s\u0103 \u00eembun\u0103t\u0103\u021beasc\u0103 infrastructura destinat\u0103 transportului public.<\/p>\n<p class=\"wp-block-paragraph\">Investi\u021bia beneficiaz\u0103 de aproximativ 9 milioane de euro din fonduri europene.<\/p>\n<h2 class=\"wp-block-heading\">Dou\u0103 \u0219antiere mari \u00een acela\u0219i timp<\/h2>\n<p class=\"wp-block-paragraph\">Noul \u0219antier va porni \u00een timp ce lucr\u0103rile de regenerare din Pia\u021ba Traian continu\u0103.<\/p>\n<p class=\"wp-block-paragraph\">\u201e\u0218antier \u00een lucru, \u0219antier care urmeaz\u0103. \u00cen Traian am \u00eenceput montarea dalelor de piatr\u0103, \u00een Mocioni\/Sinaia parcurgem ultimele etape preg\u0103titoare \u00eenainte de \u00eenceperea \u0219antierului\u201d, a transmis Dominic Fritz.<\/p>\n<p class=\"wp-block-paragraph\">Potrivit primarului, cele dou\u0103 proiecte reprezint\u0103 investi\u021bii majore pentru ora\u0219, cu o valoare cumulat\u0103 de aproape 50 de milioane de euro, bani europeni \u0219i fonduri de la bugetul local.<\/p>\n<p class=\"wp-block-paragraph\">\u201eDou\u0103 proiecte uria\u0219e de aproape 50 mil euro (bani europeni \u0219i bani de la bugetul local) care vor schimba Timi\u0219oara\u201d, a mai transmis edilul.<\/p>\n<h2 class=\"wp-block-heading\">Mai multe spa\u021bii verzi \u0219i locuri pentru comunitate<\/h2>\n<p class=\"wp-block-paragraph\">Prin proiectul din zona Mocioni-Sinaia, municipalitatea \u00ee\u0219i propune s\u0103 schimbe modul \u00een care este utilizat spa\u021biul public din aceast\u0103 parte a Timi\u0219oarei.<\/p>\n<p class=\"wp-block-paragraph\">Zonele vizate urmeaz\u0103 s\u0103 beneficieze de spa\u021bii verzi \u0219i zone de agrement, dar \u0219i de amenaj\u0103ri care s\u0103 ofere mai mult loc pietonilor \u0219i bicicli\u0219tilor.<\/p>\n<p class=\"wp-block-paragraph\">Totodat\u0103, proiectul include interven\u021bii pentru transportul \u00een comun, astfel \u00eenc\u00e2t zona s\u0103 devin\u0103 mai accesibil\u0103 \u0219i mai bine conectat\u0103 cu restul ora\u0219ului.<\/p>\n<p class=\"wp-block-paragraph\">Investi\u021bia reprezint\u0103 \u0219i o interven\u021bie important\u0103 asupra unei zone istorice a Timi\u0219oarei, \u00een special asupra spa\u021biului urban din jurul Pie\u021bei Maria \u0219i Pie\u021bei Sinaia.<\/p>\n<h2 class=\"wp-block-heading\">Prim\u0103ria avertizeaz\u0103 c\u0103 lucr\u0103rile vor aduce \u0219i disconfort<\/h2>\n<p class=\"wp-block-paragraph\">Deschiderea unui \u0219antier de asemenea dimensiuni va \u00eensemna, inevitabil, restric\u021bii \u0219i disconfort pentru locuitorii \u0219i cei care circul\u0103 \u00een zon\u0103.<\/p>\n<p class=\"wp-block-paragraph\">Dominic Fritz le-a transmis timi\u0219orenilor c\u0103 municipalitatea este con\u0219tient\u0103 de dificult\u0103\u021bile care vor ap\u0103rea pe durata lucr\u0103rilor \u0219i le-a mul\u021bumit pentru r\u0103bdare \u0219i \u00een\u021belegere.<\/p>\n<p class=\"wp-block-paragraph\">\u00cen acela\u0219i timp, primarul sus\u021bine c\u0103 Timi\u0219oara trebuie s\u0103 foloseasc\u0103 fondurile europene disponibile pentru proiectele de regenerare urban\u0103. \u00cen caz contrar, banii ar putea fi pierdu\u021bi, iar astfel de interven\u021bii de amploare asupra unor zone istorice ale ora\u0219ului ar deveni mult mai dificil de realizat.<\/p>\n<p class=\"wp-block-paragraph\">Noua investi\u021bie vine astfel \u00eentr-un moment \u00een care municipalitatea \u00eencearc\u0103 s\u0103 accelereze proiectele finan\u021bate din fonduri europene \u0219i s\u0103 transforme zone importante ale Timi\u0219oarei.<\/p>\n<p class=\"wp-block-paragraph\">\u00cen paralel, lucr\u0103rile din Pia\u021ba Traian au intrat deja \u00eentr-o etap\u0103 avansat\u0103, unde a \u00eenceput montarea dalelor de piatr\u0103 natural\u0103.<\/p>\n<p class=\"wp-block-paragraph\">Pentru Timi\u0219oara urmeaz\u0103, astfel, o perioad\u0103 cu dou\u0103 mari \u0219antiere de regenerare urban\u0103 desf\u0103\u0219urate \u00een paralel, cu interven\u021bii care vizeaz\u0103 at\u00e2t spa\u021biul public, c\u00e2t \u0219i modul \u00een care locuitorii vor utiliza aceste zone dup\u0103 finalizarea lucr\u0103rilor.<\/p>\n<\/div>\n<p>[analyse_source url=&#8221;https:\/\/orasul-timisoara.ro\/local-40545\/&#8221;]<\/p>\n","protected":false},"excerpt":{"rendered":"<p>[analyse_image type=&#8221;featured&#8221; src=&#8221;https:\/\/orasul-timisoara.ro\/wp-content\/uploads\/2024\/12\/regenerare-urbana-mocioni.jpg&#8221;] \u0218tiri LocaleDup\u0103 Pia\u021ba Traian, \u00eencepe regenerarea \u00een Pia\u021ba Mocioni \u0219i Pia\u021ba Maria. Dou\u0103&#8230; \u0218tiri Locale Dup\u0103 Pia\u021ba Traian, \u00eencepe regenerarea \u00een Pia\u021ba Mocioni \u0219i Pia\u021ba Maria. Dou\u0103 \u0219antiere uria\u0219e pentru Timi\u0219oara De c\u0103tre redactia &#8211; 26\/08\/2026 Facebook Twitter WhatsApp Linkedin ReddIt Email Imprimare Timi\u0219oara intr\u0103 \u00eentr-o nou\u0103 etap\u0103 de regenerare urban\u0103, cu [&hellip;]<\/p>\n","protected":false},"author":1,"featured_media":0,"comment_status":"open","ping_status":"","sticky":false,"template":"","format":"standard","meta":{"footnotes":""},"categories":[89],"tags":[226,189],"class_list":["post-2115111","post","type-post","status-publish","format-standard","hentry","category-romania","tag-crawlmanager","tag-orasul-timisoara-ro"],"_links":{"self":[{"href":"https:\/\/analyse.optim.biz\/index.php?rest_route=\/wp\/v2\/posts\/2115111","targetHints":{"allow":["GET"]}}],"collection":[{"href":"https:\/\/analyse.optim.biz\/index.php?rest_route=\/wp\/v2\/posts"}],"about":[{"href":"https:\/\/analyse.optim.biz\/index.php?rest_route=\/wp\/v2\/types\/post"}],"author":[{"embeddable":true,"href":"https:\/\/analyse.optim.biz\/index.php?rest_route=\/wp\/v2\/users\/1"}],"replies":[{"embeddable":true,"href":"https:\/\/analyse.optim.biz\/index.php?rest_route=%2Fwp%2Fv2%2Fcomments&post=2115111"}],"version-history":[{"count":0,"href":"https:\/\/analyse.optim.biz\/index.php?rest_route=\/wp\/v2\/posts\/2115111\/revisions"}],"wp:attachment":[{"href":"https:\/\/analyse.optim.biz\/index.php?rest_route=%2Fwp%2Fv2%2Fmedia&parent=2115111"}],"wp:term":[{"taxonomy":"category","embeddable":true,"href":"https:\/\/analyse.optim.biz\/index.php?rest_route=%2Fwp%2Fv2%2Fcategories&post=2115111"},{"taxonomy":"post_tag","embeddable":true,"href":"https:\/\/analyse.optim.biz\/index.php?rest_route=%2Fwp%2Fv2%2Ftags&post=2115111"}],"curies":[{"name":"wp","href":"https:\/\/api.w.org\/{rel}","templated":true}]}}