{"id":2115104,"date":"2026-08-27T18:07:00","date_gmt":"2026-08-27T15:07:00","guid":{"rendered":"https:\/\/analyse.optim.biz\/?p=2115104"},"modified":"2026-08-27T18:07:00","modified_gmt":"2026-08-27T15:07:00","slug":"barbat-scos-de-pompieri-dintr-o-fantana-dupa-ce-a-cazut-acolo-in-timp-ce-incerca-sa-bea-apa-stiri-suceava","status":"publish","type":"post","link":"https:\/\/analyse.optim.biz\/?p=2115104","title":{"rendered":"B\u0103rbat scos de pompieri dintr-o f\u00e2nt\u00e2n\u0103 dup\u0103 ce a c\u0103zut acolo \u00een timp ce \u00eencerca s\u0103 bea ap\u0103 &#8211; Stiri Suceava"},"content":{"rendered":"<p>[analyse_image type=&#8221;featured&#8221; src=&#8221;https:\/\/www.informatiata.ro\/wp-content\/uploads\/2026\/08\/fantama-1024&#215;610.jpg&#8221;]<\/p>\n<div class=\"td-post-content tagdiv-type\">\n<div class=\"td-post-featured-image\"><a href=\"https:\/\/www.informatiata.ro\/wp-content\/uploads\/2026\/08\/fantama.jpg\" data-caption><img loading=\"lazy\" decoding=\"async\" width=\"696\" height=\"414\" class=\"entry-thumb td-modal-image\" src=\"https:\/\/www.informatiata.ro\/wp-content\/uploads\/2026\/08\/fantama-696x414.jpg\" alt title=\"f\u00e2nt\u00e2m\u0103\"><img loading=\"lazy\" decoding=\"async\" width=\"696\" height=\"414\" class=\"entry-thumb td-modal-image\" src=\"https:\/\/www.informatiata.ro\/wp-content\/uploads\/2026\/08\/fantama-696x414.jpg\" alt title=\"f\u00e2nt\u00e2m\u0103\"><\/a><\/div>\n<p>B\u0103rbat scos de pompieri dintr-o f\u00e2nt\u00e2n\u0103 dup\u0103 ce a c\u0103zut acolo \u00een timp ce \u00eencerca s\u0103 bea ap\u0103.<\/p>\n<p>Este vorba despre un b\u0103rbat \u00een v\u00e2rst\u0103 de 69 de ani, din comuna Gr\u0103me\u0219ti, jude\u021bul Suceava.<\/p>\n<div class=\"td-a-rec td-a-rec-id-content_inlineright  tdi_7 td_block_template_1\"><img loading=\"lazy\" decoding=\"async\" class=\"aligncenter size-full wp-image-66137\" src=\"https:\/\/www.informatiata.ro\/wp-content\/uploads\/2026\/08\/SAVCOM-6.gif\" alt width=\"299\" height=\"250\"><img loading=\"lazy\" decoding=\"async\" class=\"aligncenter size-full wp-image-66137\" src=\"https:\/\/www.informatiata.ro\/wp-content\/uploads\/2026\/08\/SAVCOM-6.gif\" alt width=\"299\" height=\"250\"><img loading=\"lazy\" decoding=\"async\" class=\"aligncenter size-full wp-image-66138\" src=\"https:\/\/www.informatiata.ro\/wp-content\/uploads\/2026\/08\/FACOS-5.gif\" alt width=\"300\" height=\"250\"><img loading=\"lazy\" decoding=\"async\" class=\"aligncenter size-full wp-image-66138\" src=\"https:\/\/www.informatiata.ro\/wp-content\/uploads\/2026\/08\/FACOS-5.gif\" alt width=\"300\" height=\"250\"><\/div>\n<p>Poli\u021bia ora\u0219ului Siret a fost sesizat\u0103 prin SNUAU 112, mar\u021bi, \u00een jurul orei 06.00, cu privire la faptul c\u0103 o persoan\u0103 a c\u0103zut \u00eentr-o f\u00e2nt\u00e2n\u0103 de pe raza comunei Gr\u0103me\u0219ti.<\/p>\n<p>La fa\u021ba locului au intervenit poli\u021bi\u0219ti din cadrul Sec\u021biei 13 Poli\u021bie Rural\u0103 B\u0103lc\u0103u\u021bi, precum \u0219i echipaje de pompieri \u0219i SMURD. Salvatorii au reu\u0219it s\u0103 scoat\u0103 b\u0103rbatul din interiorul f\u00e2nt\u00e2nii, acesta fiind preluat ulterior de echipajul medical \u0219i transportat la Spitalul de Boli Cronice Siret pentru \u00eengrijiri de specialitate.<\/p>\n<p>Potrivit medicului de gard\u0103, b\u0103rbatul a fost diagnosticat cu hipotermie \u0219i excoria\u021bii multiple.<\/p>\n<p>\u00cen urma verific\u0103rilor efectuate de poli\u021bi\u0219ti, s-a stabilit c\u0103 b\u0103rbatul nu a fost agresat \u0219i c\u0103 incidentul a fost unul accidental. Acesta ar fi \u00eencercat s\u0103 bea ap\u0103 din f\u00e2nt\u00e2n\u0103, moment \u00een care s-a dezechilibrat \u0219i a alunecat \u00een interiorul pu\u021bului.<\/p>\n<div class=\"td-a-rec td-a-rec-id-content_bottom  td-rec-hide-on-m tdi_8 td_block_template_1\"><img loading=\"lazy\" decoding=\"async\" class=\"aligncenter size-large wp-image-66091\" src=\"https:\/\/www.informatiata.ro\/wp-content\/uploads\/2026\/08\/LEVANT-300-x-250-pixels-2025-1024x852.jpg\" alt width=\"696\" height=\"579\"><img loading=\"lazy\" decoding=\"async\" class=\"aligncenter size-large wp-image-66091\" src=\"https:\/\/www.informatiata.ro\/wp-content\/uploads\/2026\/08\/LEVANT-300-x-250-pixels-2025-1024x852.jpg\" alt width=\"696\" height=\"579\"><img loading=\"lazy\" decoding=\"async\" class=\"aligncenter size-large wp-image-66092\" src=\"https:\/\/www.informatiata.ro\/wp-content\/uploads\/2026\/08\/costume-Japonia-Romania-300-x-250-pixels-2025-1024x888.jpg\" alt width=\"696\" height=\"604\"><img loading=\"lazy\" decoding=\"async\" class=\"aligncenter size-large wp-image-66092\" src=\"https:\/\/www.informatiata.ro\/wp-content\/uploads\/2026\/08\/costume-Japonia-Romania-300-x-250-pixels-2025-1024x888.jpg\" alt width=\"696\" height=\"604\"><\/p>\n<p>\u00a0<\/p><\/div>\n<\/div>\n<p>[analyse_source url=&#8221;https:\/\/www.informatiata.ro\/barbat-salbat-de-pompieri-din-fantana\/&#8221;]<\/p>\n","protected":false},"excerpt":{"rendered":"<p>[analyse_image type=&#8221;featured&#8221; src=&#8221;https:\/\/www.informatiata.ro\/wp-content\/uploads\/2026\/08\/fantama-1024&#215;610.jpg&#8221;] B\u0103rbat scos de pompieri dintr-o f\u00e2nt\u00e2n\u0103 dup\u0103 ce a c\u0103zut acolo \u00een timp ce \u00eencerca s\u0103 bea ap\u0103. Este vorba despre un b\u0103rbat \u00een v\u00e2rst\u0103 de 69 de ani, din comuna Gr\u0103me\u0219ti, jude\u021bul Suceava. Poli\u021bia ora\u0219ului Siret a fost sesizat\u0103 prin SNUAU 112, mar\u021bi, \u00een jurul orei 06.00, cu privire la faptul [&hellip;]<\/p>\n","protected":false},"author":1,"featured_media":0,"comment_status":"open","ping_status":"","sticky":false,"template":"","format":"standard","meta":{"footnotes":""},"categories":[89],"tags":[226,167],"class_list":["post-2115104","post","type-post","status-publish","format-standard","hentry","category-romania","tag-crawlmanager","tag-informatiata-ro"],"_links":{"self":[{"href":"https:\/\/analyse.optim.biz\/index.php?rest_route=\/wp\/v2\/posts\/2115104","targetHints":{"allow":["GET"]}}],"collection":[{"href":"https:\/\/analyse.optim.biz\/index.php?rest_route=\/wp\/v2\/posts"}],"about":[{"href":"https:\/\/analyse.optim.biz\/index.php?rest_route=\/wp\/v2\/types\/post"}],"author":[{"embeddable":true,"href":"https:\/\/analyse.optim.biz\/index.php?rest_route=\/wp\/v2\/users\/1"}],"replies":[{"embeddable":true,"href":"https:\/\/analyse.optim.biz\/index.php?rest_route=%2Fwp%2Fv2%2Fcomments&post=2115104"}],"version-history":[{"count":0,"href":"https:\/\/analyse.optim.biz\/index.php?rest_route=\/wp\/v2\/posts\/2115104\/revisions"}],"wp:attachment":[{"href":"https:\/\/analyse.optim.biz\/index.php?rest_route=%2Fwp%2Fv2%2Fmedia&parent=2115104"}],"wp:term":[{"taxonomy":"category","embeddable":true,"href":"https:\/\/analyse.optim.biz\/index.php?rest_route=%2Fwp%2Fv2%2Fcategories&post=2115104"},{"taxonomy":"post_tag","embeddable":true,"href":"https:\/\/analyse.optim.biz\/index.php?rest_route=%2Fwp%2Fv2%2Ftags&post=2115104"}],"curies":[{"name":"wp","href":"https:\/\/api.w.org\/{rel}","templated":true}]}}