{"id":2115084,"date":"2026-08-27T15:01:33","date_gmt":"2026-08-27T12:01:33","guid":{"rendered":"https:\/\/analyse.optim.biz\/?p=2115084"},"modified":"2026-08-27T15:01:33","modified_gmt":"2026-08-27T12:01:33","slug":"politistii-din-urziceni-au-prins-un-smenar","status":"publish","type":"post","link":"https:\/\/analyse.optim.biz\/?p=2115084","title":{"rendered":"Poli\u021bi\u0219tii din Urziceni au prins un ,,\u0219menar,,"},"content":{"rendered":"<p>[analyse_image type=&#8221;featured&#8221; src=&#8221;https:\/\/blitz24.ro\/wp-content\/uploads\/2022\/01\/bani-proxeneti-scaled.jpg&#8221;]<\/p>\n<div class=\"cm-entry-summary\">\n<p align=\"justify\"><span><span><i><b>Poli\u021bi\u0219tii Biroului Investiga\u021bii Criminale din cadrul Poli\u021biei Municipiului Urziceni au identificat \u0219i re\u021binut, pentru 24 de ore, un b\u0103rbat de 37 de ani, din ora\u0219ul Pantelimon, jude\u021bul Ilfov, b\u0103nuit de s\u0103v\u00e2r\u0219irea infrac\u021biunii de \u00een\u0219el\u0103ciune prin metoda \u201e\u0219men\u201d. <\/b><\/i><\/span><\/span><\/p>\n<p lang=\"en-US\" align=\"justify\"><span><span>La data de 6 iulie , poli\u021bi\u0219tii din Urziceni au fost sesiza\u021bi de o femeie, de 39 de ani, din municipiul Urziceni, cu privire la faptul c\u0103 ar fi fost victima unei \u00een\u0219el\u0103ciuni.<\/span><\/span><\/p>\n<p lang=\"en-US\" align=\"justify\"><span><span>Din cercet\u0103ri a reie\u0219it c\u0103, \u00een timpul unei tranzac\u021bii desf\u0103\u0219urate \u00eentr-o unitate comercial\u0103, b\u0103rbatul ar fi distras aten\u021bia persoanei v\u0103t\u0103mate prin mi\u0219c\u0103ri rapide ale m\u00e2inilor \u0219i adresarea succesiv\u0103 a mai multor \u00eentreb\u0103ri, context \u00een care \u0219i-ar fi \u00eensu\u0219it suma de 200 de lei din restul primit.<\/span><\/span><\/p>\n<p lang=\"en-US\" align=\"justify\">CITE\u0218TE \u0218I <a href=\"https:\/\/blitz24.ro\/stiri-judetene\/actualitate-stiri-judetene\/politistii-ialomiteni-au-depistat-un-tanar-aflat-la-volanul-unui-autoturism-radiat\/\">Poli\u021bi\u0219tii ialomi\u021beni au depistat un t\u00e2n\u0103r aflat la volanul unui autoturism radiat<\/a><\/p>\n<p lang=\"en-US\" align=\"justify\"><span><span>\u00cen urma activit\u0103\u021bilor investigativ-operative \u0219i a probatoriului administrat, poli\u021bi\u0219tii au identificat persoana b\u0103nuit\u0103 de comiterea faptei, iar la data de 26 august a.c. au dispus fa\u021b\u0103 de aceasta m\u0103sura re\u021binerii pentru 24 de ore. <\/span><\/span><\/p>\n<p lang=\"en-US\" align=\"justify\"><span><span>B\u0103rbatul a fost introdus \u00een Centrul de Re\u021binere \u0219i Arestare Preventiv\u0103 Ialomi\u021ba.<\/span><\/span><\/p>\n<p lang=\"en-US\" align=\"justify\"><span><span>Cercet\u0103rile sunt continuate, sub coordonarea procurorului din cadrul Parchetului de pe l\u00e2ang\u0103 Judec\u0103toria Urziceni, sub aspectul s\u0103v\u00e2r\u0219irii infrac\u021biunii de \u00een\u0219el\u0103ciune.<\/span><\/span><\/p>\n<\/div>\n<p>[analyse_source url=&#8221;https:\/\/blitz24.ro\/stiri-judetene\/actualitate-stiri-judetene\/politistii-din-urziceni-au-prins-un-smenar\/&#8221;]<\/p>\n","protected":false},"excerpt":{"rendered":"<p>[analyse_image type=&#8221;featured&#8221; src=&#8221;https:\/\/blitz24.ro\/wp-content\/uploads\/2022\/01\/bani-proxeneti-scaled.jpg&#8221;] Poli\u021bi\u0219tii Biroului Investiga\u021bii Criminale din cadrul Poli\u021biei Municipiului Urziceni au identificat \u0219i re\u021binut, pentru 24 de ore, un b\u0103rbat de 37 de ani, din ora\u0219ul Pantelimon, jude\u021bul Ilfov, b\u0103nuit de s\u0103v\u00e2r\u0219irea infrac\u021biunii de \u00een\u0219el\u0103ciune prin metoda \u201e\u0219men\u201d. La data de 6 iulie , poli\u021bi\u0219tii din Urziceni au fost sesiza\u021bi de o femeie, [&hellip;]<\/p>\n","protected":false},"author":1,"featured_media":0,"comment_status":"open","ping_status":"","sticky":false,"template":"","format":"standard","meta":{"footnotes":""},"categories":[2],"tags":[42,226],"class_list":["post-2115084","post","type-post","status-publish","format-standard","hentry","category-politics","tag-blitz24-ro","tag-crawlmanager"],"_links":{"self":[{"href":"https:\/\/analyse.optim.biz\/index.php?rest_route=\/wp\/v2\/posts\/2115084","targetHints":{"allow":["GET"]}}],"collection":[{"href":"https:\/\/analyse.optim.biz\/index.php?rest_route=\/wp\/v2\/posts"}],"about":[{"href":"https:\/\/analyse.optim.biz\/index.php?rest_route=\/wp\/v2\/types\/post"}],"author":[{"embeddable":true,"href":"https:\/\/analyse.optim.biz\/index.php?rest_route=\/wp\/v2\/users\/1"}],"replies":[{"embeddable":true,"href":"https:\/\/analyse.optim.biz\/index.php?rest_route=%2Fwp%2Fv2%2Fcomments&post=2115084"}],"version-history":[{"count":0,"href":"https:\/\/analyse.optim.biz\/index.php?rest_route=\/wp\/v2\/posts\/2115084\/revisions"}],"wp:attachment":[{"href":"https:\/\/analyse.optim.biz\/index.php?rest_route=%2Fwp%2Fv2%2Fmedia&parent=2115084"}],"wp:term":[{"taxonomy":"category","embeddable":true,"href":"https:\/\/analyse.optim.biz\/index.php?rest_route=%2Fwp%2Fv2%2Fcategories&post=2115084"},{"taxonomy":"post_tag","embeddable":true,"href":"https:\/\/analyse.optim.biz\/index.php?rest_route=%2Fwp%2Fv2%2Ftags&post=2115084"}],"curies":[{"name":"wp","href":"https:\/\/api.w.org\/{rel}","templated":true}]}}