{"id":2115077,"date":"2026-08-27T14:35:44","date_gmt":"2026-08-27T11:35:44","guid":{"rendered":"https:\/\/analyse.optim.biz\/?p=2115077"},"modified":"2026-08-27T14:35:44","modified_gmt":"2026-08-27T11:35:44","slug":"pnl-pune-deocamdata-mana-pe-conducerea-invatamantului-buzoian","status":"publish","type":"post","link":"https:\/\/analyse.optim.biz\/?p=2115077","title":{"rendered":"PNL pune deocamdat\u0103 m\u00e2na pe conducerea \u00eenv\u0103\u021b\u0103m\u00e2ntului buzoian"},"content":{"rendered":"<p>[analyse_image type=&#8221;featured&#8221; src=&#8221;https:\/\/blitz24.ro\/wp-content\/uploads\/2024\/10\/gina-manea-puiesti-inspector-scolar-adjunct-buzau-2024.jpg&#8221;]<\/p>\n<div class=\"cm-entry-summary\">\n<p><strong>Faptul c\u0103 PSD a ie\u0219it de la guvernare \u00een urm\u0103 cu 113 zile, nu a \u00eensemnat vreun efect imediat \u00een teritoriu.<\/strong><\/p>\n<p>\u00cens\u0103, iat\u0103 c\u0103 dup\u0103 aceast\u0103 perioad\u0103 interimar\u0103 de guvernare, se produc primele schimb\u0103ri , de data asta la Buz\u0103u, chiar la Inspectoratul \u0218colar.<\/p>\n<p>Daniela Palc\u0103u, precum \u0219i adjunc\u021bii Dan Popescu \u0219i Daniela L\u0103ptoiu, to\u021bi membri ai Partidului Social Democrat, au fost revoca\u021bi din func\u021biile de conducere ale Inspectoratului \u0218colar Jude\u021bean Buz\u0103u.<\/p>\n<p>\u00cen locul \u0219efei I\u0218J, Daniela Palc\u0103u, Bolojan a numit-o pe Gina Manea, secondat\u0103 de Felicia Bo\u0219codeal\u0103.<\/p>\n<p>Noua directoare a I\u0218J Buz\u0103u este originar\u0103 din comuna Puie\u0219ti, este \u00eenv\u0103\u021b\u0103toare iar din 2012 a \u0219i condus unitatea \u0219colar\u0103 de la Puie\u0219ti.<\/p>\n<p>CITE\u0218TE \u0218I <a href=\"https:\/\/blitz24.ro\/stiri-judetene\/actualitate-stiri-judetene\/consiliul-judetean-buzau-sustine-tinerii-si-performanta\/\">Consiliul Jude\u021bean Buz\u0103u sus\u021bine tinerii \u0219i performan\u021ba<\/a><\/p>\n<p>Felicia Bo\u0219codeal\u0103 este profesoar\u0103 de istorie, iar din luna septembrie 2025 a fost numit\u0103 inspector \u0219colar pentru Istorie cu atribu\u021bii suplimentare \u0219i pentru materia ,,Geografie,,.<\/p>\n<p>\u0218i USR \u00ee\u0219i va numi un om \u00een interiorul Inspectoratului \u0218colar, \u00een persoana Lilianei \u0218erb\u0103nic\u0103, care provine din \u00eenv\u0103\u021b\u0103m\u00e2ntul special.<\/p>\n<\/div>\n<p>[analyse_source url=&#8221;https:\/\/blitz24.ro\/stiri-judetene\/politica-stiri-judetene\/pnl-pune-deocamdata-mana-pe-conducerea-invatamantului-buzoian\/&#8221;]<\/p>\n","protected":false},"excerpt":{"rendered":"<p>[analyse_image type=&#8221;featured&#8221; src=&#8221;https:\/\/blitz24.ro\/wp-content\/uploads\/2024\/10\/gina-manea-puiesti-inspector-scolar-adjunct-buzau-2024.jpg&#8221;] Faptul c\u0103 PSD a ie\u0219it de la guvernare \u00een urm\u0103 cu 113 zile, nu a \u00eensemnat vreun efect imediat \u00een teritoriu. \u00cens\u0103, iat\u0103 c\u0103 dup\u0103 aceast\u0103 perioad\u0103 interimar\u0103 de guvernare, se produc primele schimb\u0103ri , de data asta la Buz\u0103u, chiar la Inspectoratul \u0218colar. Daniela Palc\u0103u, precum \u0219i adjunc\u021bii Dan Popescu \u0219i [&hellip;]<\/p>\n","protected":false},"author":1,"featured_media":0,"comment_status":"open","ping_status":"","sticky":false,"template":"","format":"standard","meta":{"footnotes":""},"categories":[2],"tags":[42,226],"class_list":["post-2115077","post","type-post","status-publish","format-standard","hentry","category-politics","tag-blitz24-ro","tag-crawlmanager"],"_links":{"self":[{"href":"https:\/\/analyse.optim.biz\/index.php?rest_route=\/wp\/v2\/posts\/2115077","targetHints":{"allow":["GET"]}}],"collection":[{"href":"https:\/\/analyse.optim.biz\/index.php?rest_route=\/wp\/v2\/posts"}],"about":[{"href":"https:\/\/analyse.optim.biz\/index.php?rest_route=\/wp\/v2\/types\/post"}],"author":[{"embeddable":true,"href":"https:\/\/analyse.optim.biz\/index.php?rest_route=\/wp\/v2\/users\/1"}],"replies":[{"embeddable":true,"href":"https:\/\/analyse.optim.biz\/index.php?rest_route=%2Fwp%2Fv2%2Fcomments&post=2115077"}],"version-history":[{"count":0,"href":"https:\/\/analyse.optim.biz\/index.php?rest_route=\/wp\/v2\/posts\/2115077\/revisions"}],"wp:attachment":[{"href":"https:\/\/analyse.optim.biz\/index.php?rest_route=%2Fwp%2Fv2%2Fmedia&parent=2115077"}],"wp:term":[{"taxonomy":"category","embeddable":true,"href":"https:\/\/analyse.optim.biz\/index.php?rest_route=%2Fwp%2Fv2%2Fcategories&post=2115077"},{"taxonomy":"post_tag","embeddable":true,"href":"https:\/\/analyse.optim.biz\/index.php?rest_route=%2Fwp%2Fv2%2Ftags&post=2115077"}],"curies":[{"name":"wp","href":"https:\/\/api.w.org\/{rel}","templated":true}]}}