{"id":2115065,"date":"2026-08-27T17:40:02","date_gmt":"2026-08-27T14:40:02","guid":{"rendered":"https:\/\/analyse.optim.biz\/?p=2115065"},"modified":"2026-08-27T17:40:02","modified_gmt":"2026-08-27T14:40:02","slug":"a-good-day-but-lets-not-give-it-too-much-importance-enric-mas-remains-cautious-after-matching-tadej-pogacar-on-vuelta-a-espana-gravel-climb","status":"publish","type":"post","link":"https:\/\/analyse.optim.biz\/?p=2115065","title":{"rendered":"&#8216;A good day, but let&#8217;s not give it too much importance&#8217; &#8211; Enric Mas remains cautious after matching Tadej Poga\u010dar on Vuelta a Espa\u00f1a gravel climb"},"content":{"rendered":"<p>[analyse_image type=&#8221;featured&#8221; src=&#8221;https:\/\/cdn.mos.cms.futurecdn.net\/x95sC8eRpV3thnhQgo4RgK-2000-80.jpg&#8221;]<\/p>\n<article class=\"m-0 box-border flex flex-row items-center pr-2.5 gap-[15px] w-[278px] h-20 flex-none upnext-article-divider\" role=\"listitem\" aria-label=\"Recommended article 1 of 3\">\n<div class=\"relative flex-none w-20 h-20\">\n    <source type=\"image\/webp\" srcset=\"https:\/\/cdn.mos.cms.futurecdn.net\/vETsTHza7k737YsxL2SqkR-160-80.jpg.webp 160w, https:\/\/cdn.mos.cms.futurecdn.net\/vETsTHza7k737YsxL2SqkR-80-80.jpg.webp 80w\" sizes=\"80px\" \/><\/p>\n<div class=\"flex items-center justify-center absolute w-4 h-6 left-0 top-0 bg-white\/90 flex-none z-[1]\" aria-hidden=\"true\"><span class=\"font-normal text-base leading-[17px] tracking-[1.3px] uppercase text-black flex-none\">1<\/span><\/div>\n<\/div>\n<div class=\"flex flex-col items-center justify-center gap-1.5 w-[173px] h-20 flex-none\">\n<p class=\"font-article-heading font-medium text-base leading-[21px] text-gray-800 w-[173px] line-clamp-3 group-hover:underline\">\n                                    As it happened: Domination on stage 4 of the Vuelta a Espa\u00f1a with a long-range solo move in Andorra\n                                <\/p>\n<\/div>\n<\/article>\n<article class=\"m-0 box-border flex flex-row items-center pr-2.5 gap-[15px] w-[278px] h-20 flex-none upnext-article-divider\" role=\"listitem\" aria-label=\"Recommended article 2 of 3\">\n<div class=\"relative flex-none w-20 h-20\">\n    <source type=\"image\/webp\" srcset=\"https:\/\/cdn.mos.cms.futurecdn.net\/kFPTziBmAaofmHBVkXzTih-160-80.png.webp 160w, https:\/\/cdn.mos.cms.futurecdn.net\/kFPTziBmAaofmHBVkXzTih-80-80.png.webp 80w\" sizes=\"80px\" \/><\/p>\n<div class=\"flex items-center justify-center absolute w-[18px] h-6 left-0 top-0 bg-white\/90 flex-none z-[1]\" aria-hidden=\"true\"><span class=\"font-normal text-base leading-[17px] tracking-[1.3px] uppercase text-black flex-none\">2<\/span><\/div>\n<\/div>\n<div class=\"flex flex-col items-center justify-center gap-1.5 w-[173px] h-20 flex-none\">\n<p class=\"font-article-heading font-medium text-base leading-[21px] text-gray-800 w-[173px] line-clamp-3 group-hover:underline\">\n                                    As it happened: The red jersey wins again on Vuelta a Espa\u00f1a gravel but it wasn&#8217;t pure domination this time\n                                <\/p>\n<\/div>\n<\/article>\n<article class=\"m-0 box-border flex flex-row items-center pr-2.5 gap-[15px] w-[278px] h-20 flex-none\" role=\"listitem\" aria-label=\"Recommended article 3 of 3\">\n<div class=\"relative flex-none w-20 h-20\">\n    <source type=\"image\/webp\" srcset=\"https:\/\/cdn.mos.cms.futurecdn.net\/aekFgrU4n7wapnhxKvXSon-160-80.jpg.webp 160w, https:\/\/cdn.mos.cms.futurecdn.net\/aekFgrU4n7wapnhxKvXSon-80-80.jpg.webp 80w\" sizes=\"80px\" \/><\/p>\n<div class=\"flex items-center justify-center absolute w-[18px] h-6 left-0 top-0 bg-white\/90 flex-none z-[1]\" aria-hidden=\"true\"><span class=\"font-normal text-base leading-[17px] tracking-[1.3px] uppercase text-black flex-none\">3<\/span><\/div>\n<\/div>\n<div class=\"flex flex-col items-center justify-center gap-1.5 w-[173px] h-20 flex-none\">\n<p class=\"font-article-heading font-medium text-base leading-[21px] text-gray-800 w-[173px] line-clamp-3 group-hover:underline\">\n                                    Vuelta a Espa\u00f1a GC standings &#8211; Tadej Poga\u010dar gains more time on stage 6\n                                <\/p>\n<\/div>\n<\/article>\n<article class=\"page-content-onecol flex-1\nnews-article article\n\"><\/p>\n<div class=\"widget-area-group widget-area-group-2col flex flex-wrap box-border\">\n<div id=\"widgetArea16\" class=\"widget-area basis-full md:basis-2\/3 widget-area-g-md-vp-2-3 widget-area-g-lg-vp-2-3 widget-area-g-xl-vp-2-3 page-widget-area-16\">\n<div data-widget-type=\"hero\" id=\"hero\" class=\"clear-both widget widget-hero widget-hero widget-hero-hero widget-hero widget-hero-fter-news\">\n<div class=\"news-article\">\n<header data-component-name=\"Article:Hero\">\n<nav class=\"breadcrumb\" aria-label=\"Breadcrumbs\">\n<ol>\n<li>\nPro Cycling\n<\/li>\n<li>\nTeams &amp; Riders\n<\/li>\n<li>\nEnric Mas\n<\/li>\n<\/ol>\n<\/nav>\n<h1>&#8216;A good day, but let&#8217;s not give it too much importance&#8217; &#8211; Enric Mas remains cautious after matching Tadej Poga\u010dar on Vuelta a Espa\u00f1a gravel climb<\/h1>\n<div class=\"byline-social\">\n<div class=\"vds-byline-block flex flex-row flex-nowrap my-1.5 gap-2 text-left items-start justify-start\" data-component-name=\"Article:BylineBlock\">\n<p>News<\/p>\n<div class=\"my-auto vds-simple-byline\"><span class=\"inline-block vds-author\"><br \/>\nBy<br \/>\nAlasdair Fotheringham <\/span><\/p>\n<div class=\"flex gap-1 vds-byline-with-avatar__meta\"><span class=\"vds-date block font-normal tracking-normal normal-case text-xs\"><br \/>\nPublished<br \/>\n<time data-component-name=\"UI:DateTime\" datetime=\"2026-08-27T17:40:02Z\" class=\"relative-date\"><br \/>\n27 August 2026<br \/>\n<\/time><\/span><\/div>\n<\/div>\n<\/div>\n<p class=\"strapline\">Veteran Spaniard moves up to second overall, but remains over three minutes back on Poga\u010dar<\/p>\n<\/div>\n<aside class=\"text-gray-700 flex items-center mx-0 my-5 p-0 justify-start text-left\" id=\"affiliate-disclaimer\" data-component-name=\"AffiliateDisclaimer\" data-hawk-message=\"Affiliate disclaimer removed because hawk deemed there are no affiliate links on this page\">\n<p class=\"text-[color:var(--affiliate-disclaimer--text-color,inherit)] mb-2 text-[length:var(--affiliate-disclaimer--font-size,0.75rem)] leading-[18px] md:text-[13px] [&amp;&gt;a]:text-inherit [&amp;&gt;a]:underline\">\nWhen you purchase through links on our site, we may earn an affiliate commission. Here\u2019s how it works.\n<\/p>\n<\/aside>\n<\/header>\n<\/div>\n<\/div>\n<div data-widget-type=\"contentparsed\" id=\"content\" class=\"clear-both widget widget-contentparsed widget-content widget-contentparsed-content widget-content-parsed widget-content-parsed-content_document \">\n<div class=\"wcp-item-content\">\n<section class=\"content-wrapper\">\n<div class=\"box less-space hero-image-wrapper\">\n<figure class=\"mb-0\">\n<source type=\"image\/webp\" srcset=\"https:\/\/cdn.mos.cms.futurecdn.net\/x95sC8eRpV3thnhQgo4RgK-1920-80.jpg.webp 1920w, https:\/\/cdn.mos.cms.futurecdn.net\/x95sC8eRpV3thnhQgo4RgK-1600-80.jpg.webp 1600w, https:\/\/cdn.mos.cms.futurecdn.net\/x95sC8eRpV3thnhQgo4RgK-1200-80.jpg.webp 1200w, https:\/\/cdn.mos.cms.futurecdn.net\/x95sC8eRpV3thnhQgo4RgK-1024-80.jpg.webp 1024w, https:\/\/cdn.mos.cms.futurecdn.net\/x95sC8eRpV3thnhQgo4RgK-970-80.jpg.webp 970w, https:\/\/cdn.mos.cms.futurecdn.net\/x95sC8eRpV3thnhQgo4RgK-750-80.jpg.webp 750w, https:\/\/cdn.mos.cms.futurecdn.net\/x95sC8eRpV3thnhQgo4RgK-650-80.jpg.webp 650w, https:\/\/cdn.mos.cms.futurecdn.net\/x95sC8eRpV3thnhQgo4RgK-480-80.jpg.webp 480w, https:\/\/cdn.mos.cms.futurecdn.net\/x95sC8eRpV3thnhQgo4RgK-320-80.jpg.webp 320w\" sizes=\"(min-width: 1000px) 600px, 100vw\" \/><figcaption class=\"font-article-copy text-(--image--text--color) font-article-copy mt-2\"><span class=\"credit font-article-copy\">(Image credit: Getty Images)<\/span><\/figcaption><\/figure>\n<\/div>\n<div id=\"article-body\" class=\"text-copy bodyCopy auto paywall-locker\">\n<div data-analytics-id=\"utility-bar\" id=\"utility-bar\" class=\"font-ui-heading flex justify-between items-center py-2 border-t border-b border-gray-300 border-solid mb-5 mx-auto\" data-component-name=\"UtilityBar\" data-mrf-recirculation=\"utility-bar\">\n<div class=\"flex gap-2 text-[#333] subcontainer\">\n<div class=\"relative tooltip-container\" role=\"tooltip\">\n<div data-component-name=\"Social:Dropdown\" role=\"menu\" id=\"utilitybar__dropdown--share\" aria-labelledby=\"utilitybar__button--share\" class=\"absolute left-0 top-full w-44 bg-white rounded-md shadow-md border border-neutral-200 z-[9996] list-none m-0 py-2 px-3 border-solid\">\n<ul class=\"m-0!\">\n<li class=\"!p-0 !m-0 list-none border-b border-gray-200 border-solid\">\n<li class=\"!p-0 !m-0 list-none border-b border-gray-200 border-solid\">\n<p>Facebook<\/p>\n<\/li>\n<li class=\"!p-0 !m-0 list-none border-b border-gray-200 border-solid\">\n<p>X<\/p>\n<\/li>\n<li class=\"!p-0 !m-0 list-none border-b border-gray-200 border-solid\">\n<p>Pinterest<\/p>\n<\/li>\n<li class=\"!p-0 !m-0 list-none border-b border-gray-200 border-solid\">\n<p>Email<\/p>\n<\/li>\n<\/ul>\n<\/div>\n<div class=\"font-ui-heading max-sm:hidden tooltip absolute left-1\/2 bg-gray-900 text-white text-xs leading-none px-3 py-1.5 rounded-md z-[10001] whitespace-nowrap\" id=\"tooltip-share-this-article\" role=\"tooltip\" aria-hidden=\"true\">\nShare this article\n<\/div>\n<\/div>\n<div class=\"relative tooltip-container\" role=\"tooltip\"><span class=\"ml-1 inline-flex h-5 px-2 shrink-0 items-center justify-center self-center overflow-hidden whitespace-nowrap rounded-[10px] bg-primary-500 text-[11px] leading-none font-ui-heading font-semibold text-white\">1<\/span><\/p>\n<div class=\"font-ui-heading max-sm:hidden tooltip absolute left-1\/2 bg-gray-900 text-white text-xs leading-none px-3 py-1.5 rounded-md z-[10001] whitespace-nowrap\" id=\"tooltip-join-the-conversation\" role=\"tooltip\" aria-hidden=\"true\">\nJoin the conversation\n<\/div>\n<\/div>\n<\/div>\n<div class=\"flex gap-2 text-[#333] subcontainer\">\n<div class=\"relative tooltip-container\" role=\"tooltip\">\n<p>Follow us<\/p>\n<div class=\"font-ui-heading max-sm:hidden tooltip absolute left-1\/2 bg-gray-900 text-white text-xs leading-none px-3 py-1.5 rounded-md z-[10001] whitespace-nowrap\" id=\"tooltip-add-us-as-a-preferred-source-on-google\" role=\"tooltip\" aria-hidden=\"true\">\nAdd us as a preferred source on Google\n<\/div>\n<\/div>\n<div class=\"relative tooltip-container\" role=\"tooltip\">\n<div class=\"font-ui-heading max-sm:hidden tooltip absolute left-1\/2 bg-gray-900 text-white text-xs leading-none px-3 py-1.5 rounded-md z-[10001] whitespace-nowrap\" id=\"tooltip-subscribe-to-our-newsletter\" role=\"tooltip\" aria-hidden=\"true\">\nSubscribe to our newsletter\n<\/div>\n<\/div>\n<\/div>\n<\/div>\n<p id=\"elk-2c393c12-a23e-11f1-9f22-37d32fc25473\">Veteran Spanish Grand Tour specialist Enric Mas has played down the significance of catching Tadej Poga\u010dar in the closing kilometres of stage 6 of the Vuelta a Espa\u00f1a, saying simply that &#8220;it was a good day for me, but let&#8217;s not give it too much importance.&#8221;<\/p>\n<p>On the bounceback from a long spell of illness and injury, the 31-year-old Movistar racer launched a counter-attack on Puerto de El Bartolo to chase down Poga\u010dar by the summit and, after handling a perilous descent with the Slovenian, then ride with him all the way to the finish.<\/p>\n<p id=\"elk-2c393c12-a23e-11f1-9f22-37d32fc25473-2\" aria-hidden=\"true\" class=\"kiosq-b\">After such a long time away, this was Mas&#8217; most spectacular performance in a Grand Tour in years. And for all his insistence this was not such a big deal, the number of times that Poga\u010dar has been caught on one of his trademark solo breakaways in recent years can be counted on the fingers of one hand.<\/p>\n<div class=\"my-6 w-full overflow-hidden rounded-[10px] lg:my-8\" data-component-name=\"JwPlayer:Carousel\" data-jwp-carousel data-jwp-carousel-payload=\"{&quot;ids&quot;:{&quot;playerID&quot;:&quot;jYDCcabO&quot;,&quot;searchPlaylistID&quot;:&quot;gwjdoYHD&quot;,&quot;divID&quot;:&quot;botr_gwjdoYHD_jYDCcabO_div&quot;,&quot;fallbackPlaylistID&quot;:&quot;gwjdoYHD&quot;,&quot;fallbackDivID&quot;:&quot;botr_gwjdoYHD_jYDCcabO_div&quot;,&quot;key&quot;:&quot;X9\/mXVGac0NphghLH9hZaqWA5d3dhAM\/Ih07grnEyMLjuO2E&quot;,&quot;tintLogo&quot;:true,&quot;useSearchPlaylist&quot;:false,&quot;enabled&quot;:true},&quot;signPostingEnabled&quot;:true,&quot;signPostingLinkEnabled&quot;:true,&quot;waitForAdLoad&quot;:false,&quot;hidePlayerOnDesktop&quot;:false,&quot;hidePlayerOnMobile&quot;:false,&quot;hidePlayerOnTablet&quot;:false}\">\n<div class=\"flex flex-nowrap items-center justify-between gap-3 bg-zinc-900 px-[14px] py-3\" data-jwp-carousel-header>\n<div class=\"flex min-w-0 shrink items-center\"><span class=\"inline-flex items-center gap-1.5 text-sm font-article-heading capitalize leading-5 text-white whitespace-nowrap\"><span class=\"jwp-carousel-title-desktop\">Latest Videos From<\/span><span class=\"jwp-carousel-brand\">Cyclingnews<\/span><\/span><\/div>\n<\/div>\n<div class=\"min-h-[44px] bg-zinc-900 px-[14px] py-3\" data-jwp-carousel-signposting><a class=\"invisible block truncate text-sm font-bold leading-5 text-white underline decoration-solid underline-offset-2\" data-jwp-carousel-signposting-link href target=\"_blank\" rel=\"noopener noreferrer\"><span data-jwp-carousel-signposting-title>Watch full video here: <\/span><\/a><\/div>\n<\/div>\n<p aria-hidden=\"true\" class=\"kiosq-b\">Yet four years after Mas clinched his last victory &#8211; in the Giro dell&#8217;Emilia of 2022, and curiously enough, where Poga\u010dar was also present &#8211; that was exactly what the Spaniard managed to do. In the process, he&#8217;s moved up to second overall at 3:34, too, putting the four-times Vuelta podium finisher in pole position to fight for a fifth between here and Granada on September 13.<\/p>\n<p aria-hidden=\"true\" class=\"kiosq-b\">&#8220;It&#8217;s been almost two years since I fought for the overall in a Grand Tour, we&#8217;re on stage 6, and we have to take things little by little,&#8221; Mas, second at the finish behind Poga\u010dar after the two gained a hefty 46 seconds on their rivals, told reporters.<\/p>\n<aside data-component-name=\"Recirculation:ArticleRiver\" data-recirculation-type=\"inline\" data-mrf-recirculation=\"Trending Bar\" data-nosnippet class=\"clear-both pt-2 pb-0 mb-4\"><span class=\"\n            flex\n            after:content-[&apos;&apos;] after:flex-1 after:ml-4 after:my-[0.7rem] after:border-t after:border-solid after:border-t-[#ccc]\n            before:content-[&apos;&apos;] before:flex-1 before:mr-4 before:my-[0.7rem] before:border-t before:border-solid before:border-t-[#ccc]\n            font-article-heading pb-0 text-[length:var(--article-river-title--font-size,1em)] uppercase sm:text-[length:var(--article-river-title--font-size,0.875em)] font-bold\n        \"><br \/>\n            You may like<br \/>\n        <\/span><\/p>\n<ul class=\"flex flex-col gap-0 m-0 max-w-full\">\n<li class=\"m-0 list-none border-b border-solid border-[#ededed] py-2\" data-recirculation-id=\"recirculation-card-1\" id=\"recirculation-inline-1\" data-analytics-id=\"recirculation-inline-1\" data-mrf-recirculation=\"recirculation-inline-1\">\n    <source type=\"image\/webp\" srcset=\"https:\/\/cdn.mos.cms.futurecdn.net\/txLrgsAEFvggkkWcyvZfem-250-80.jpg.webp 250w, https:\/\/cdn.mos.cms.futurecdn.net\/txLrgsAEFvggkkWcyvZfem-150-80.jpg.webp 150w\" sizes=\"150px\" \/><span class=\"w-full text-base font-[var(--article-river-item--font-weight,500)] font-article-heading line-clamp-3 md:line-clamp-2\">&#8216;I was like &#8211; what&#8217;s going on, is this a spectator?&#8217; &#8211; Tadej Poga\u010dar surprised by Enric Mas on Vuelta a Espa\u00f1a gravel climb<\/span><\/li>\n<li class=\"m-0 list-none border-b border-solid border-[#ededed] py-2\" data-recirculation-id=\"recirculation-card-2\" id=\"recirculation-inline-2\" data-analytics-id=\"recirculation-inline-2\" data-mrf-recirculation=\"recirculation-inline-2\">\n    <source type=\"image\/webp\" srcset=\"https:\/\/cdn.mos.cms.futurecdn.net\/2k9AaM8BvbGd7oqzTEr8Kc-250-80.jpg.webp 250w, https:\/\/cdn.mos.cms.futurecdn.net\/2k9AaM8BvbGd7oqzTEr8Kc-150-80.jpg.webp 150w\" sizes=\"150px\" \/><span class=\"w-full text-base font-[var(--article-river-item--font-weight,500)] font-article-heading line-clamp-3 md:line-clamp-2\">Vuelta a Espa\u00f1a: Tadej Poga\u010dar survives near-crash on descent for third victory of the race on stage 6<\/span><\/li>\n<li class=\"m-0 list-none border-b border-solid border-[#ccc] py-2\" data-recirculation-id=\"recirculation-card-3\" id=\"recirculation-inline-3\" data-analytics-id=\"recirculation-inline-3\" data-mrf-recirculation=\"recirculation-inline-3\">\n    <source type=\"image\/webp\" srcset=\"https:\/\/cdn.mos.cms.futurecdn.net\/iHbBV2os4chYos54xt5x2L-250-80.jpg.webp 250w, https:\/\/cdn.mos.cms.futurecdn.net\/iHbBV2os4chYos54xt5x2L-150-80.jpg.webp 150w\" sizes=\"150px\" \/><span class=\"w-full text-base font-[var(--article-river-item--font-weight,500)] font-article-heading line-clamp-3 md:line-clamp-2\">&#8216;We didn&#8217;t know that Enric was so close&#8217; &#8211; Inaccurate time gaps explain how Tadej Poga\u010dar was caught during Vuelta a Espa\u00f1a attack<\/span><\/li>\n<\/ul>\n<\/aside>\n<p aria-hidden=\"true\" class=\"kiosq-b\">&#8220;Pog&#8217; is Pog&#8217; and we have to take things on the day by day. I&#8217;m second overall, I feel good and thanks to the team.<\/p>\n<p aria-hidden=\"true\" class=\"kiosq-b\">&#8220;I went for the sprint on the top of the climb because the team told me there was a bonus and when I caught Poga\u010dar, I thought &#8211; OK, I&#8217;ll try and get past first. I don&#8217;t know if he was surprised, but I managed to get those six seconds.&#8221;<\/p>\n<div id=\"slice-container-newsletterForm-articleInbodyContent-xqLePGuHVN2NkTKmxe5Zs9\" class=\"slice-container newsletter-inbodyContent-slice newsletterForm-articleInbodyContent-xqLePGuHVN2NkTKmxe5Zs9 slice-container-newsletterForm\">\n<div data-hydrate=\"true\" class=\"newsletter-form__wrapper newsletter-form__wrapper--inbodyContent\">\n<div class=\"newsletter-form__container\">\n<section class=\"newsletter-form__top-bar\">\n<div class=\"newsletter-form__header\">Get The Leadout Newsletter<\/div>\n<\/section>\n<section class=\"newsletter-form__main-section\">\n<p class=\"newsletter-form__strapline\">The latest race content, interviews, features, reviews and expert buying guides, direct to your inbox!<\/p>\n<footer class=\"newsletter-form__footer \">By submitting your information you agree to the Terms &amp; Conditions and Privacy Policy and are aged 16 or over.<\/footer>\n<\/section>\n<\/div>\n<\/div>\n<\/div>\n<p aria-hidden=\"true\" class=\"kiosq-b\">The tricky, technical downhill was almost as critical to the race outcome as the climb itself, with Poga\u010dar briefly going off course after Mas overcooked one slalom but staying upright and able to return to the road. Mas then took charge of handling the descent and even indicated with his hand to his rival, following behind, when the most dangerous corners were approaching.<\/p>\n<p aria-hidden=\"true\" class=\"kiosq-b\">&#8220;I warned him there was a difficult bend, and we had to be alert. There was a moment when I gave it a little too much, the road was a bit dirty because it was cement, but you all saw the way he can handle his bike. He went off course, but by the time I had turned round, he was already back with me.&#8221;<\/p>\n<p aria-hidden=\"true\" class=\"kiosq-b\">Mas was also as typically understated as ever about the dangers of the descent, saying, &#8220;We knew it was a cement-surfaced descent of the kind we&#8217;re not used to handling, so I took it calmly; there were a few moments when I skidded, but that&#8217;s part of racing.&#8221;<\/p>\n<aside data-component-name=\"Recirculation:ArticleRiver\" data-recirculation-type=\"inline\" data-mrf-recirculation=\"Trending Bar\" data-nosnippet class=\"clear-both pt-2 pb-0 mb-4\"><span class=\"\n            flex\n            after:content-[&apos;&apos;] after:flex-1 after:ml-4 after:my-[0.7rem] after:border-t after:border-solid after:border-t-[#ccc]\n            before:content-[&apos;&apos;] before:flex-1 before:mr-4 before:my-[0.7rem] before:border-t before:border-solid before:border-t-[#ccc]\n            font-article-heading pb-0 text-[length:var(--article-river-title--font-size,1em)] uppercase sm:text-[length:var(--article-river-title--font-size,0.875em)] font-bold\n        \"><br \/>\n            What to read next<br \/>\n        <\/span><\/p>\n<ul class=\"flex flex-col gap-0 m-0 max-w-full\">\n<li class=\"m-0 list-none border-b border-solid border-[#ededed] py-2\" data-recirculation-id=\"recirculation-card-1\" id=\"recirculation-inline-2-1\" data-analytics-id=\"recirculation-2-inline-1\" data-mrf-recirculation=\"recirculation-2-inline-1\">\n    <source type=\"image\/webp\" srcset=\"https:\/\/cdn.mos.cms.futurecdn.net\/cLSHcRATZJ5wsZjNMcxxtC-250-80.jpg.webp 250w, https:\/\/cdn.mos.cms.futurecdn.net\/cLSHcRATZJ5wsZjNMcxxtC-150-80.jpg.webp 150w\" sizes=\"150px\" \/><span class=\"w-full text-base font-[var(--article-river-item--font-weight,500)] font-article-heading line-clamp-3 md:line-clamp-2\">&#8216;When Wout goes, you have to react&#8217; &#8211; Tadej Poga\u010dar retains Vuelta a Espa\u00f1a lead after sizzling finale duel with Van Aert<\/span><\/li>\n<li class=\"m-0 list-none border-b border-solid border-[#ededed] py-2\" data-recirculation-id=\"recirculation-card-2\" id=\"recirculation-inline-2-2\" data-analytics-id=\"recirculation-2-inline-2\" data-mrf-recirculation=\"recirculation-2-inline-2\">\n    <source type=\"image\/webp\" srcset=\"https:\/\/cdn.mos.cms.futurecdn.net\/JLYbQXUaN585xQmKbegacC-250-80.jpg.webp 250w, https:\/\/cdn.mos.cms.futurecdn.net\/JLYbQXUaN585xQmKbegacC-150-80.jpg.webp 150w\" sizes=\"150px\" \/><span class=\"w-full text-base font-[var(--article-river-item--font-weight,500)] font-article-heading line-clamp-3 md:line-clamp-2\">&#8216;Tadej has made a big statement&#8217; &#8211; UAE Team Emirates-XRG cautiously delighted with Poga\u010dar&#8217;s knock-out Vuelta a Espa\u00f1a stage win<\/span><\/li>\n<li class=\"m-0 list-none border-b border-solid border-[#ccc] py-2\" data-recirculation-id=\"recirculation-card-3\" id=\"recirculation-inline-2-3\" data-analytics-id=\"recirculation-2-inline-3\" data-mrf-recirculation=\"recirculation-2-inline-3\">\n    <source type=\"image\/webp\" srcset=\"https:\/\/cdn.mos.cms.futurecdn.net\/mTCv9V3z6mz9pLLTqshU2V-250-80.jpg.webp 250w, https:\/\/cdn.mos.cms.futurecdn.net\/mTCv9V3z6mz9pLLTqshU2V-150-80.jpg.webp 150w\" sizes=\"150px\" \/><span class=\"w-full text-base font-[var(--article-river-item--font-weight,500)] font-article-heading line-clamp-3 md:line-clamp-2\">&#8216;I&#8217;m not thinking about who is the best&#8217; &#8211; Vuelta a Espa\u00f1a dominator Tadej Poga\u010dar sidesteps debate over place in cycling history<\/span><\/li>\n<\/ul>\n<\/aside>\n<p aria-hidden=\"true\" class=\"kiosq-b\">Despite being the first rider to catch Poga\u010dar in a breakaway since Mattias Skjelmose (Lidl-Trek) and Remco Evenepoel (Red Bull-Bora-Hansgrohe) tracked down the Slovenian at Amstel Gold last year, Mas preferred to look ahead.<\/p>\n<p aria-hidden=\"true\" class=\"kiosq-b\">&#8220;Tomorrow [Valdelinares] is a summit finish which I think can be important for the team,&#8221; he pointed out, &#8220;and we&#8217;ll try and get somebody up there.&#8221;<\/p>\n<p aria-hidden=\"true\" class=\"kiosq-b\">But for all his refusal to give his achievement too much importance, as little as seven days ago in the pre-race press conference in Monaco, Mas had commented that Poga\u010dar&#8217;s presence in the Vuelta, &#8220;would have a huge influence on the race and he&#8217;ll do what he wants, one day he&#8217;ll get a shedload of minutes on us all.&#8221;<\/p>\n<p aria-hidden=\"true\" class=\"kiosq-b\">That was certainly true in Andorra, but just two days later, Mas managed to stay on terms with Poga\u010dar on a stage that looked like it was made for the Slovenian to conquer with the same ease he had crushed the Pyrenees.<\/p>\n<p aria-hidden=\"true\" class=\"kiosq-b\">No matter your perspective, that&#8217;s an utterly unexpected development and one which provides the race&#8217;s next summit finish at Valdelinares on Thursday with a whole new level of interest, too.<\/p>\n<p id=\"elk-2c393d3e-a23e-11f1-870b-f3facdc0e3e7\" aria-hidden=\"true\" class=\"kiosq-b\"><strong>For unbeatable coverage across road, gravel and tech, subscribe to Cyclingnews. You&#8217;ll get comprehensive race coverage of La Vuelta a Espa\u00f1a, subscriber-exclusive analysis from our expert columnists, in-depth features and industry-leading tech insight. Plus, the Cyclingnews app lets you follow the action wherever you go! <\/strong><u><strong>Join today<\/strong><\/u><\/p>\n<\/div>\n<div class=\"block mb-5\" id=\"articleTag\" data-component-name=\"PostArticleLinks\" data-nosnippet data-mrf-recirculation=\"post-article-links\">\n<div class=\"border-b border-b-black border-solid py-2.5 text-black font-bold uppercase\">TOPICS<\/div>\n<nav class=\"py-2.5 flex gap-2.5 flex-wrap\" data-analytics-id=\"article-tag\" data-mrf-recirculation=\"article-tag\">\n<p>Road<\/p>\n<\/nav>\n<\/div>\n<div id=\"slice-container-authorBio-xqLePGuHVN2NkTKmxe5Zs9\" class=\"slice-container slice-author-bio authorBio-xqLePGuHVN2NkTKmxe5Zs9 slice-container-authorBio\">\n<div class=\"author author__default-layout author--separator author--collapsible\" data-hydrate=\"true\">\n<div class=\"author__header\">\n<div class=\"author__avatar-block\">\n<figure class=\"image-wrapped__wrapper\" data-bordeaux-image-check=\"false\">\n<div class=\"image-wrapped__widthsetter\">\n<div class=\"image-wrapped__aspect-padding\">\n<div><source class=\"author__avatar image-wrapped__image image__image\" type=\"image\/webp\" srcset=\"https:\/\/cdn.mos.cms.futurecdn.net\/5QLhaPay9asJvmaNsCjFVZ-140-80.jpg.webp 140w\" sizes=\"99vw\" data-normal=\"https:\/\/cdn.mos.cms.futurecdn.net\/5QLhaPay9asJvmaNsCjFVZ.jpg\" data-original-mos=\"https:\/\/cdn.mos.cms.futurecdn.net\/5QLhaPay9asJvmaNsCjFVZ.jpg\" data-pin-media=\"https:\/\/cdn.mos.cms.futurecdn.net\/5QLhaPay9asJvmaNsCjFVZ.jpg\" data-pin-nopin=\"true\" data-slice-image=\"true\" \/><\/div>\n<\/div>\n<\/div>\n<\/figure>\n<\/div>\n<div class=\"author__heading\">\n<div class=\"author__name\">Alasdair Fotheringham<\/div>\n<div class=\"author__social\">\n<nav class=\"button-social-group author__social-buttons\" aria-labelledby=\"button-social-group- author__social-buttons\">\n<div id=\"button-social-group- author__social-buttons\">Social Links Navigation<\/div>\n<\/nav>\n<\/div>\n<\/div>\n<\/div>\n<div class=\"author__bio-wrapper\">\n<div class=\"author__biography\">\n<p>Alasdair Fotheringham has been reporting on cycling since 1991. He has covered every Tour de France since 1992 bar one, as well as numerous other bike races of all shapes and sizes, ranging from the Olympic Games in 2008 to the now sadly defunct Subida a Urkiola hill climb in Spain. As well as working for <em>Cyclingnews<\/em>, he has also written for <em>The Independent<\/em>,\u00a0 <em>The Guardian<\/em>,\u00a0 <em>ProCycling<\/em>, <em>The Express<\/em> and <em>Reuters<\/em>.<\/p>\n<\/div>\n<\/div>\n<\/div>\n<\/div>\n<\/section>\n<div class=\"relative max-w-[1070px] viafoura-twig-component mt-6 mx-4 lg:mx-0\" data-component-name=\"Viafoura:Comments\" data-nosnippet data-community-guidelines-text=\"&lt;p class=&apos;vfcustom-community-guidelines&apos;&gt;Please follow our &lt;a href=&quot;https:\/\/www.cyclingnews.com\/about\/#section-community-guidelines&quot; target=&quot;_blank&quot;&gt;community guidelines&lt;\/a&gt;.&lt;\/p&gt;\" data-join-the-conversation-text=\"Join the Conversation\">\n<div class=\"absolute top-0 left-0 w-full h-full flex items-center justify-center z-50 bg-white\/90 border-1 rounded-b-[var(--comment-widget-border-radius,0)]\">\n<div class=\"p-2 text-center\">\n<p class=\"mb-3 text-lg!\">You must confirm your public display name before commenting<\/p>\n<p class=\"mb-3 text-sm!\">Please logout and then login again, you will then be prompted to enter your display name.<\/p>\n<\/div>\n<\/div>\n<\/div>\n<section class=\"mx-2 my-5 sm:mx-0\">\n<aside class=\"w-full\" data-nosnippet data-mrf-recirculation=\"article-river-stacked\">\n<div data-recirc-id=\"article-river-stacked-adviser:hybrid\">\n<div class=\"text-white py-4 px-3 mb-4 bg-[#333] uppercase font-bold custom-header-styles\">Read more<\/div>\n<div class=\"grid grid-cols-1 gap-4 mt-4 mb-5\">\n<div>\n<div class=\"aspect-[var(--img-listing-aspect-ratio,16\/9)] relative mb-3.5\">\n    <source type=\"image\/webp\" srcset=\"https:\/\/cdn.mos.cms.futurecdn.net\/txLrgsAEFvggkkWcyvZfem-840-80.jpg.webp 840w, https:\/\/cdn.mos.cms.futurecdn.net\/txLrgsAEFvggkkWcyvZfem-650-80.jpg.webp 650w, https:\/\/cdn.mos.cms.futurecdn.net\/txLrgsAEFvggkkWcyvZfem-500-80.jpg.webp 500w, https:\/\/cdn.mos.cms.futurecdn.net\/txLrgsAEFvggkkWcyvZfem-450-80.jpg.webp 450w, https:\/\/cdn.mos.cms.futurecdn.net\/txLrgsAEFvggkkWcyvZfem-320-80.jpg.webp 320w\" sizes=\"(min-width: 900px) 925px, (min-width: 700px) 450px, calc(100vw - 48px)\" \/><\/div>\n<p><span class=\"custom-subheading-styles\">Racing<\/span><span class=\"text-base text-black font-bold mx-0 my-2.5 p-0 block custom-text-styles\">&#8216;I was like &#8211; what&#8217;s going on, is this a spectator?&#8217; &#8211; Tadej Poga\u010dar surprised by Enric Mas on Vuelta a Espa\u00f1a gravel climb<\/span><\/div>\n<div class=\"relative recirc-feed sponsored-card min-h-[250px]\" data-recirc-id=\"article-river-stacked-ads:native-cards\" data-mrf-recirculation=\"article-river-ads\" data-nosnippet data-ad-slot-path=\"feed-sponsored-post\" data-attribute-device=\"all\">\n<div class=\"max-w-full sponsored-post--placeholder animate-pulse\">\n<div class=\"relative!\"><span class=\"text-base text-black font-bold mx-0 my-2.5 p-0 block bg-gray-100\">\u00a0<br \/>\u00a0<\/span><\/div>\n<\/div>\n<\/div>\n<div>\n<div class=\"aspect-[var(--img-listing-aspect-ratio,16\/9)] relative mb-3.5\">\n    <source type=\"image\/webp\" srcset=\"https:\/\/cdn.mos.cms.futurecdn.net\/2k9AaM8BvbGd7oqzTEr8Kc-840-80.jpg.webp 840w, https:\/\/cdn.mos.cms.futurecdn.net\/2k9AaM8BvbGd7oqzTEr8Kc-650-80.jpg.webp 650w, https:\/\/cdn.mos.cms.futurecdn.net\/2k9AaM8BvbGd7oqzTEr8Kc-500-80.jpg.webp 500w, https:\/\/cdn.mos.cms.futurecdn.net\/2k9AaM8BvbGd7oqzTEr8Kc-450-80.jpg.webp 450w, https:\/\/cdn.mos.cms.futurecdn.net\/2k9AaM8BvbGd7oqzTEr8Kc-320-80.jpg.webp 320w\" sizes=\"(min-width: 900px) 925px, (min-width: 700px) 450px, calc(100vw - 48px)\" \/><\/div>\n<p><span class=\"custom-subheading-styles\">Racing<\/span><span class=\"text-base text-black font-bold mx-0 my-2.5 p-0 block custom-text-styles\">Vuelta a Espa\u00f1a: Tadej Poga\u010dar survives near-crash on descent for third victory of the race on stage 6<\/span><\/div>\n<div class=\"relative recirc-feed sponsored-card min-h-[250px]\" data-recirc-id=\"article-river-stacked-ads:native-cards\" data-mrf-recirculation=\"article-river-ads\" data-nosnippet data-ad-slot-path=\"feed-sponsored-post\" data-attribute-device=\"all\">\n<div class=\"max-w-full sponsored-post--placeholder animate-pulse\">\n<div class=\"relative!\"><span class=\"text-base text-black font-bold mx-0 my-2.5 p-0 block bg-gray-100\">\u00a0<br \/>\u00a0<\/span><\/div>\n<\/div>\n<\/div>\n<div>\n<div class=\"aspect-[var(--img-listing-aspect-ratio,16\/9)] relative mb-3.5\">\n    <source type=\"image\/webp\" srcset=\"https:\/\/cdn.mos.cms.futurecdn.net\/iHbBV2os4chYos54xt5x2L-840-80.jpg.webp 840w, https:\/\/cdn.mos.cms.futurecdn.net\/iHbBV2os4chYos54xt5x2L-650-80.jpg.webp 650w, https:\/\/cdn.mos.cms.futurecdn.net\/iHbBV2os4chYos54xt5x2L-500-80.jpg.webp 500w, https:\/\/cdn.mos.cms.futurecdn.net\/iHbBV2os4chYos54xt5x2L-450-80.jpg.webp 450w, https:\/\/cdn.mos.cms.futurecdn.net\/iHbBV2os4chYos54xt5x2L-320-80.jpg.webp 320w\" sizes=\"(min-width: 900px) 925px, (min-width: 700px) 450px, calc(100vw - 48px)\" \/><\/div>\n<p><span class=\"custom-subheading-styles\">Teams &amp; Riders<\/span><span class=\"text-base text-black font-bold mx-0 my-2.5 p-0 block custom-text-styles\">&#8216;We didn&#8217;t know that Enric was so close&#8217; &#8211; Inaccurate time gaps explain how Tadej Poga\u010dar was caught during Vuelta a Espa\u00f1a attack<\/span><\/div>\n<div class=\"relative recirc-feed sponsored-card min-h-[250px]\" data-recirc-id=\"article-river-stacked-ads:native-cards\" data-mrf-recirculation=\"article-river-ads\" data-nosnippet data-ad-slot-path=\"feed-sponsored-post\" data-attribute-device=\"all\">\n<div class=\"max-w-full sponsored-post--placeholder animate-pulse\">\n<div class=\"relative!\"><span class=\"text-base text-black font-bold mx-0 my-2.5 p-0 block bg-gray-100\">\u00a0<br \/>\u00a0<\/span><\/div>\n<\/div>\n<\/div>\n<div>\n<div class=\"aspect-[var(--img-listing-aspect-ratio,16\/9)] relative mb-3.5\">\n    <source type=\"image\/webp\" srcset=\"https:\/\/cdn.mos.cms.futurecdn.net\/cLSHcRATZJ5wsZjNMcxxtC-840-80.jpg.webp 840w, https:\/\/cdn.mos.cms.futurecdn.net\/cLSHcRATZJ5wsZjNMcxxtC-650-80.jpg.webp 650w, https:\/\/cdn.mos.cms.futurecdn.net\/cLSHcRATZJ5wsZjNMcxxtC-500-80.jpg.webp 500w, https:\/\/cdn.mos.cms.futurecdn.net\/cLSHcRATZJ5wsZjNMcxxtC-450-80.jpg.webp 450w, https:\/\/cdn.mos.cms.futurecdn.net\/cLSHcRATZJ5wsZjNMcxxtC-320-80.jpg.webp 320w\" sizes=\"(min-width: 900px) 925px, (min-width: 700px) 450px, calc(100vw - 48px)\" \/><\/div>\n<p><span class=\"custom-subheading-styles\">Teams &amp; Riders<\/span><span class=\"text-base text-black font-bold mx-0 my-2.5 p-0 block custom-text-styles\">&#8216;When Wout goes, you have to react&#8217; &#8211; Tadej Poga\u010dar retains Vuelta a Espa\u00f1a lead after sizzling finale duel with Van Aert<\/span><\/div>\n<div class=\"relative recirc-feed sponsored-card min-h-[250px]\" data-recirc-id=\"article-river-stacked-ads:native-cards\" data-mrf-recirculation=\"article-river-ads\" data-nosnippet data-ad-slot-path=\"feed-sponsored-post\" data-attribute-device=\"all\">\n<div class=\"max-w-full sponsored-post--placeholder animate-pulse\">\n<div class=\"relative!\"><span class=\"text-base text-black font-bold mx-0 my-2.5 p-0 block bg-gray-100\">\u00a0<br \/>\u00a0<\/span><\/div>\n<\/div>\n<\/div>\n<div>\n<div class=\"aspect-[var(--img-listing-aspect-ratio,16\/9)] relative mb-3.5\">\n    <source type=\"image\/webp\" srcset=\"https:\/\/cdn.mos.cms.futurecdn.net\/JLYbQXUaN585xQmKbegacC-840-80.jpg.webp 840w, https:\/\/cdn.mos.cms.futurecdn.net\/JLYbQXUaN585xQmKbegacC-650-80.jpg.webp 650w, https:\/\/cdn.mos.cms.futurecdn.net\/JLYbQXUaN585xQmKbegacC-500-80.jpg.webp 500w, https:\/\/cdn.mos.cms.futurecdn.net\/JLYbQXUaN585xQmKbegacC-450-80.jpg.webp 450w, https:\/\/cdn.mos.cms.futurecdn.net\/JLYbQXUaN585xQmKbegacC-320-80.jpg.webp 320w\" sizes=\"(min-width: 900px) 925px, (min-width: 700px) 450px, calc(100vw - 48px)\" \/><\/div>\n<p><span class=\"custom-subheading-styles\">Teams &amp; Riders<\/span><span class=\"text-base text-black font-bold mx-0 my-2.5 p-0 block custom-text-styles\">&#8216;Tadej has made a big statement&#8217; &#8211; UAE Team Emirates-XRG cautiously delighted with Poga\u010dar&#8217;s knock-out Vuelta a Espa\u00f1a stage win<\/span><\/div>\n<div class=\"relative recirc-feed sponsored-card min-h-[250px]\" data-recirc-id=\"article-river-stacked-ads:native-cards\" data-mrf-recirculation=\"article-river-ads\" data-nosnippet data-ad-slot-path=\"feed-sponsored-post\" data-attribute-device=\"all\">\n<div class=\"max-w-full sponsored-post--placeholder animate-pulse\">\n<div class=\"relative!\"><span class=\"text-base text-black font-bold mx-0 my-2.5 p-0 block bg-gray-100\">\u00a0<br \/>\u00a0<\/span><\/div>\n<\/div>\n<\/div>\n<div>\n<div class=\"aspect-[var(--img-listing-aspect-ratio,16\/9)] relative mb-3.5\">\n    <source type=\"image\/webp\" srcset=\"https:\/\/cdn.mos.cms.futurecdn.net\/mTCv9V3z6mz9pLLTqshU2V-840-80.jpg.webp 840w, https:\/\/cdn.mos.cms.futurecdn.net\/mTCv9V3z6mz9pLLTqshU2V-650-80.jpg.webp 650w, https:\/\/cdn.mos.cms.futurecdn.net\/mTCv9V3z6mz9pLLTqshU2V-500-80.jpg.webp 500w, https:\/\/cdn.mos.cms.futurecdn.net\/mTCv9V3z6mz9pLLTqshU2V-450-80.jpg.webp 450w, https:\/\/cdn.mos.cms.futurecdn.net\/mTCv9V3z6mz9pLLTqshU2V-320-80.jpg.webp 320w\" sizes=\"(min-width: 900px) 925px, (min-width: 700px) 450px, calc(100vw - 48px)\" \/><\/div>\n<p><span class=\"custom-subheading-styles\">Teams &amp; Riders<\/span><span class=\"text-base text-black font-bold mx-0 my-2.5 p-0 block custom-text-styles\">&#8216;I&#8217;m not thinking about who is the best&#8217; &#8211; Vuelta a Espa\u00f1a dominator Tadej Poga\u010dar sidesteps debate over place in cycling history<\/span><\/div>\n<div class=\"relative recirc-feed sponsored-card min-h-[250px]\" data-recirc-id=\"article-river-stacked-ads:native-cards\" data-mrf-recirculation=\"article-river-ads\" data-nosnippet data-ad-slot-path=\"feed-sponsored-post\" data-attribute-device=\"all\">\n<div class=\"max-w-full sponsored-post--placeholder animate-pulse\">\n<div class=\"relative!\"><span class=\"text-base text-black font-bold mx-0 my-2.5 p-0 block bg-gray-100\">\u00a0<br \/>\u00a0<\/span><\/div>\n<\/div>\n<\/div>\n<\/div>\n<\/div>\n<\/aside>\n<aside class=\"w-full\" data-nosnippet data-mrf-recirculation=\"article-river-stacked\">\n<div data-recirc-id=\"article-river-stacked-solr:latest-category\">\n<div class=\"text-white py-4 px-3 mb-4 bg-[#333] uppercase font-bold custom-header-styles\">Latest in Teams &amp; Riders<\/div>\n<div class=\"grid grid-cols-1 gap-4 mt-4 mb-5\">\n<div>\n<div class=\"aspect-[var(--img-listing-aspect-ratio,16\/9)] relative mb-3.5\">\n    <source type=\"image\/webp\" srcset=\"https:\/\/cdn.mos.cms.futurecdn.net\/iHbBV2os4chYos54xt5x2L-840-80.jpg.webp 840w, https:\/\/cdn.mos.cms.futurecdn.net\/iHbBV2os4chYos54xt5x2L-650-80.jpg.webp 650w, https:\/\/cdn.mos.cms.futurecdn.net\/iHbBV2os4chYos54xt5x2L-500-80.jpg.webp 500w, https:\/\/cdn.mos.cms.futurecdn.net\/iHbBV2os4chYos54xt5x2L-450-80.jpg.webp 450w, https:\/\/cdn.mos.cms.futurecdn.net\/iHbBV2os4chYos54xt5x2L-320-80.jpg.webp 320w\" sizes=\"(min-width: 900px) 925px, (min-width: 700px) 450px, calc(100vw - 48px)\" \/><\/div>\n<p><span class=\"custom-subheading-styles\">Teams &amp; Riders<\/span><span class=\"text-base text-black font-bold mx-0 my-2.5 p-0 block custom-text-styles\">&#8216;We didn&#8217;t know that Enric was so close&#8217; &#8211; Inaccurate time gaps explain how Tadej Poga\u010dar was caught during Vuelta a Espa\u00f1a attack<\/span><\/div>\n<div class=\"relative recirc-feed sponsored-card min-h-[250px]\" data-recirc-id=\"article-river-stacked-ads:native-cards\" data-mrf-recirculation=\"article-river-ads\" data-nosnippet data-ad-slot-path=\"feed-sponsored-post\" data-attribute-device=\"all\">\n<div class=\"max-w-full sponsored-post--placeholder animate-pulse\">\n<div class=\"relative!\"><span class=\"text-base text-black font-bold mx-0 my-2.5 p-0 block bg-gray-100\">\u00a0<br \/>\u00a0<\/span><\/div>\n<\/div>\n<\/div>\n<div>\n<div class=\"aspect-[var(--img-listing-aspect-ratio,16\/9)] relative mb-3.5\">\n    <source type=\"image\/webp\" srcset=\"https:\/\/cdn.mos.cms.futurecdn.net\/p56aURTcLn8xpb8hLtVub6-840-80.jpg.webp 840w, https:\/\/cdn.mos.cms.futurecdn.net\/p56aURTcLn8xpb8hLtVub6-650-80.jpg.webp 650w, https:\/\/cdn.mos.cms.futurecdn.net\/p56aURTcLn8xpb8hLtVub6-500-80.jpg.webp 500w, https:\/\/cdn.mos.cms.futurecdn.net\/p56aURTcLn8xpb8hLtVub6-450-80.jpg.webp 450w, https:\/\/cdn.mos.cms.futurecdn.net\/p56aURTcLn8xpb8hLtVub6-320-80.jpg.webp 320w\" sizes=\"(min-width: 900px) 925px, (min-width: 700px) 450px, calc(100vw - 48px)\" \/><\/div>\n<p><span class=\"custom-subheading-styles\">Teams &amp; Riders<\/span><span class=\"text-base text-black font-bold mx-0 my-2.5 p-0 block custom-text-styles\">Scare for Tadej Poga\u010dar as he veers off-road following rival&#8217;s warning to take it easy on Vuelta a Espa\u00f1a descent \u2013 Video<\/span><\/div>\n<div class=\"relative recirc-feed sponsored-card min-h-[250px]\" data-recirc-id=\"article-river-stacked-ads:native-cards\" data-mrf-recirculation=\"article-river-ads\" data-nosnippet data-ad-slot-path=\"feed-sponsored-post\" data-attribute-device=\"all\">\n<div class=\"max-w-full sponsored-post--placeholder animate-pulse\">\n<div class=\"relative!\"><span class=\"text-base text-black font-bold mx-0 my-2.5 p-0 block bg-gray-100\">\u00a0<br \/>\u00a0<\/span><\/div>\n<\/div>\n<\/div>\n<div>\n<div class=\"aspect-[var(--img-listing-aspect-ratio,16\/9)] relative mb-3.5\">\n    <source type=\"image\/webp\" srcset=\"https:\/\/cdn.mos.cms.futurecdn.net\/xz5gEu7yBu4E9KZWwpsbAi-840-80.jpg.webp 840w, https:\/\/cdn.mos.cms.futurecdn.net\/xz5gEu7yBu4E9KZWwpsbAi-650-80.jpg.webp 650w, https:\/\/cdn.mos.cms.futurecdn.net\/xz5gEu7yBu4E9KZWwpsbAi-500-80.jpg.webp 500w, https:\/\/cdn.mos.cms.futurecdn.net\/xz5gEu7yBu4E9KZWwpsbAi-450-80.jpg.webp 450w, https:\/\/cdn.mos.cms.futurecdn.net\/xz5gEu7yBu4E9KZWwpsbAi-320-80.jpg.webp 320w\" sizes=\"(min-width: 900px) 925px, (min-width: 700px) 450px, calc(100vw - 48px)\" \/><\/div>\n<p><span class=\"custom-subheading-styles\">Transfers<\/span><span class=\"text-base text-black font-bold mx-0 my-2.5 p-0 block custom-text-styles\">Shirin van Anrooij makes &#8216;bold switch&#8217; to Canyon-SRAM, with transfer to come into force before 2026 is over<\/span><\/div>\n<div class=\"relative recirc-feed sponsored-card min-h-[250px]\" data-recirc-id=\"article-river-stacked-ads:native-cards\" data-mrf-recirculation=\"article-river-ads\" data-nosnippet data-ad-slot-path=\"feed-sponsored-post\" data-attribute-device=\"all\">\n<div class=\"max-w-full sponsored-post--placeholder animate-pulse\">\n<div class=\"relative!\"><span class=\"text-base text-black font-bold mx-0 my-2.5 p-0 block bg-gray-100\">\u00a0<br \/>\u00a0<\/span><\/div>\n<\/div>\n<\/div>\n<div>\n<div class=\"aspect-[var(--img-listing-aspect-ratio,16\/9)] relative mb-3.5\">\n    <source type=\"image\/webp\" srcset=\"https:\/\/cdn.mos.cms.futurecdn.net\/SyQVzG9aSiFNF9eeLPRwj4-840-80.jpg.webp 840w, https:\/\/cdn.mos.cms.futurecdn.net\/SyQVzG9aSiFNF9eeLPRwj4-650-80.jpg.webp 650w, https:\/\/cdn.mos.cms.futurecdn.net\/SyQVzG9aSiFNF9eeLPRwj4-500-80.jpg.webp 500w, https:\/\/cdn.mos.cms.futurecdn.net\/SyQVzG9aSiFNF9eeLPRwj4-450-80.jpg.webp 450w, https:\/\/cdn.mos.cms.futurecdn.net\/SyQVzG9aSiFNF9eeLPRwj4-320-80.jpg.webp 320w\" sizes=\"(min-width: 900px) 925px, (min-width: 700px) 450px, calc(100vw - 48px)\" \/><\/div>\n<p><span class=\"custom-subheading-styles\">Racing<\/span><span class=\"text-base text-black font-bold mx-0 my-2.5 p-0 block custom-text-styles\">Josh Tarling abandons the Vuelta a Espa\u00f1a during stage 6<\/span><\/div>\n<div class=\"relative recirc-feed sponsored-card min-h-[250px]\" data-recirc-id=\"article-river-stacked-ads:native-cards\" data-mrf-recirculation=\"article-river-ads\" data-nosnippet data-ad-slot-path=\"feed-sponsored-post\" data-attribute-device=\"all\">\n<div class=\"max-w-full sponsored-post--placeholder animate-pulse\">\n<div class=\"relative!\"><span class=\"text-base text-black font-bold mx-0 my-2.5 p-0 block bg-gray-100\">\u00a0<br \/>\u00a0<\/span><\/div>\n<\/div>\n<\/div>\n<div>\n<div class=\"aspect-[var(--img-listing-aspect-ratio,16\/9)] relative mb-3.5\">\n    <source type=\"image\/webp\" srcset=\"https:\/\/cdn.mos.cms.futurecdn.net\/3iZJDSFZU9XdXY5PfvQduh-840-80.jpg.webp 840w, https:\/\/cdn.mos.cms.futurecdn.net\/3iZJDSFZU9XdXY5PfvQduh-650-80.jpg.webp 650w, https:\/\/cdn.mos.cms.futurecdn.net\/3iZJDSFZU9XdXY5PfvQduh-500-80.jpg.webp 500w, https:\/\/cdn.mos.cms.futurecdn.net\/3iZJDSFZU9XdXY5PfvQduh-450-80.jpg.webp 450w, https:\/\/cdn.mos.cms.futurecdn.net\/3iZJDSFZU9XdXY5PfvQduh-320-80.jpg.webp 320w\" sizes=\"(min-width: 900px) 925px, (min-width: 700px) 450px, calc(100vw - 48px)\" \/><\/div>\n<p><span class=\"custom-subheading-styles\">Teams &amp; Riders<\/span><span class=\"text-base text-black font-bold mx-0 my-2.5 p-0 block custom-text-styles\">&#8216;Heartbroken&#8217; Chad Haga says his career is over after a heavy crash in training<\/span><\/div>\n<div class=\"relative recirc-feed sponsored-card min-h-[250px]\" data-recirc-id=\"article-river-stacked-ads:native-cards\" data-mrf-recirculation=\"article-river-ads\" data-nosnippet data-ad-slot-path=\"feed-sponsored-post\" data-attribute-device=\"all\">\n<div class=\"max-w-full sponsored-post--placeholder animate-pulse\">\n<div class=\"relative!\"><span class=\"text-base text-black font-bold mx-0 my-2.5 p-0 block bg-gray-100\">\u00a0<br \/>\u00a0<\/span><\/div>\n<\/div>\n<\/div>\n<div>\n<div class=\"aspect-[var(--img-listing-aspect-ratio,16\/9)] relative mb-3.5\">\n    <source type=\"image\/webp\" srcset=\"https:\/\/cdn.mos.cms.futurecdn.net\/vGSz3mmntd7cRcLKHDx2hk-840-80.jpg.webp 840w, https:\/\/cdn.mos.cms.futurecdn.net\/vGSz3mmntd7cRcLKHDx2hk-650-80.jpg.webp 650w, https:\/\/cdn.mos.cms.futurecdn.net\/vGSz3mmntd7cRcLKHDx2hk-500-80.jpg.webp 500w, https:\/\/cdn.mos.cms.futurecdn.net\/vGSz3mmntd7cRcLKHDx2hk-450-80.jpg.webp 450w, https:\/\/cdn.mos.cms.futurecdn.net\/vGSz3mmntd7cRcLKHDx2hk-320-80.jpg.webp 320w\" sizes=\"(min-width: 900px) 925px, (min-width: 700px) 450px, calc(100vw - 48px)\" \/><\/div>\n<p><span class=\"custom-subheading-styles\">Teams &amp; Riders<\/span><span class=\"text-base text-black font-bold mx-0 my-2.5 p-0 block custom-text-styles\">&#8216;I&#8217;m not like Poga\u010dar&#8217; \u2013 Wout van Aert happy in support role at Vuelta a Espa\u00f1a but wants his sunglasses back<\/span><\/div>\n<div class=\"relative recirc-feed sponsored-card min-h-[250px]\" data-recirc-id=\"article-river-stacked-ads:native-cards\" data-mrf-recirculation=\"article-river-ads\" data-nosnippet data-ad-slot-path=\"feed-sponsored-post\" data-attribute-device=\"all\">\n<div class=\"max-w-full sponsored-post--placeholder animate-pulse\">\n<div class=\"relative!\"><span class=\"text-base text-black font-bold mx-0 my-2.5 p-0 block bg-gray-100\">\u00a0<br \/>\u00a0<\/span><\/div>\n<\/div>\n<\/div>\n<\/div>\n<\/div>\n<\/aside>\n<aside class=\"w-full\" data-nosnippet data-mrf-recirculation=\"article-river-stacked\">\n<div data-recirc-id=\"article-river-stacked-solr:latest-articletype\">\n<div class=\"text-white py-4 px-3 mb-4 bg-[#333] uppercase font-bold custom-header-styles\">Latest in News<\/div>\n<div class=\"grid grid-cols-1 gap-4 mt-4 mb-5\">\n<div>\n<div class=\"aspect-[var(--img-listing-aspect-ratio,16\/9)] relative mb-3.5\">\n    <source type=\"image\/webp\" srcset=\"https:\/\/cdn.mos.cms.futurecdn.net\/iHbBV2os4chYos54xt5x2L-840-80.jpg.webp 840w, https:\/\/cdn.mos.cms.futurecdn.net\/iHbBV2os4chYos54xt5x2L-650-80.jpg.webp 650w, https:\/\/cdn.mos.cms.futurecdn.net\/iHbBV2os4chYos54xt5x2L-500-80.jpg.webp 500w, https:\/\/cdn.mos.cms.futurecdn.net\/iHbBV2os4chYos54xt5x2L-450-80.jpg.webp 450w, https:\/\/cdn.mos.cms.futurecdn.net\/iHbBV2os4chYos54xt5x2L-320-80.jpg.webp 320w\" sizes=\"(min-width: 900px) 925px, (min-width: 700px) 450px, calc(100vw - 48px)\" \/><\/div>\n<p><span class=\"custom-subheading-styles\">Teams &amp; Riders<\/span><span class=\"text-base text-black font-bold mx-0 my-2.5 p-0 block custom-text-styles\">&#8216;We didn&#8217;t know that Enric was so close&#8217; &#8211; Inaccurate time gaps explain how Tadej Poga\u010dar was caught during Vuelta a Espa\u00f1a attack<\/span><\/div>\n<div class=\"relative recirc-feed sponsored-card min-h-[250px]\" data-recirc-id=\"article-river-stacked-ads:native-cards\" data-mrf-recirculation=\"article-river-ads\" data-nosnippet data-ad-slot-path=\"feed-sponsored-post\" data-attribute-device=\"all\">\n<div class=\"max-w-full sponsored-post--placeholder animate-pulse\">\n<div class=\"relative!\"><span class=\"text-base text-black font-bold mx-0 my-2.5 p-0 block bg-gray-100\">\u00a0<br \/>\u00a0<\/span><\/div>\n<\/div>\n<\/div>\n<div>\n<div class=\"aspect-[var(--img-listing-aspect-ratio,16\/9)] relative mb-3.5\">\n    <source type=\"image\/webp\" srcset=\"https:\/\/cdn.mos.cms.futurecdn.net\/txLrgsAEFvggkkWcyvZfem-840-80.jpg.webp 840w, https:\/\/cdn.mos.cms.futurecdn.net\/txLrgsAEFvggkkWcyvZfem-650-80.jpg.webp 650w, https:\/\/cdn.mos.cms.futurecdn.net\/txLrgsAEFvggkkWcyvZfem-500-80.jpg.webp 500w, https:\/\/cdn.mos.cms.futurecdn.net\/txLrgsAEFvggkkWcyvZfem-450-80.jpg.webp 450w, https:\/\/cdn.mos.cms.futurecdn.net\/txLrgsAEFvggkkWcyvZfem-320-80.jpg.webp 320w\" sizes=\"(min-width: 900px) 925px, (min-width: 700px) 450px, calc(100vw - 48px)\" \/><\/div>\n<p><span class=\"custom-subheading-styles\">Racing<\/span><span class=\"text-base text-black font-bold mx-0 my-2.5 p-0 block custom-text-styles\">&#8216;I was like &#8211; what&#8217;s going on, is this a spectator?&#8217; &#8211; Tadej Poga\u010dar surprised by Enric Mas on Vuelta a Espa\u00f1a gravel climb<\/span><\/div>\n<div class=\"relative recirc-feed sponsored-card min-h-[250px]\" data-recirc-id=\"article-river-stacked-ads:native-cards\" data-mrf-recirculation=\"article-river-ads\" data-nosnippet data-ad-slot-path=\"feed-sponsored-post\" data-attribute-device=\"all\">\n<div class=\"max-w-full sponsored-post--placeholder animate-pulse\">\n<div class=\"relative!\"><span class=\"text-base text-black font-bold mx-0 my-2.5 p-0 block bg-gray-100\">\u00a0<br \/>\u00a0<\/span><\/div>\n<\/div>\n<\/div>\n<div>\n<div class=\"aspect-[var(--img-listing-aspect-ratio,16\/9)] relative mb-3.5\">\n    <source type=\"image\/webp\" srcset=\"https:\/\/cdn.mos.cms.futurecdn.net\/p56aURTcLn8xpb8hLtVub6-840-80.jpg.webp 840w, https:\/\/cdn.mos.cms.futurecdn.net\/p56aURTcLn8xpb8hLtVub6-650-80.jpg.webp 650w, https:\/\/cdn.mos.cms.futurecdn.net\/p56aURTcLn8xpb8hLtVub6-500-80.jpg.webp 500w, https:\/\/cdn.mos.cms.futurecdn.net\/p56aURTcLn8xpb8hLtVub6-450-80.jpg.webp 450w, https:\/\/cdn.mos.cms.futurecdn.net\/p56aURTcLn8xpb8hLtVub6-320-80.jpg.webp 320w\" sizes=\"(min-width: 900px) 925px, (min-width: 700px) 450px, calc(100vw - 48px)\" \/><\/div>\n<p><span class=\"custom-subheading-styles\">Teams &amp; Riders<\/span><span class=\"text-base text-black font-bold mx-0 my-2.5 p-0 block custom-text-styles\">Scare for Tadej Poga\u010dar as he veers off-road following rival&#8217;s warning to take it easy on Vuelta a Espa\u00f1a descent \u2013 Video<\/span><\/div>\n<div class=\"relative recirc-feed sponsored-card min-h-[250px]\" data-recirc-id=\"article-river-stacked-ads:native-cards\" data-mrf-recirculation=\"article-river-ads\" data-nosnippet data-ad-slot-path=\"feed-sponsored-post\" data-attribute-device=\"all\">\n<div class=\"max-w-full sponsored-post--placeholder animate-pulse\">\n<div class=\"relative!\"><span class=\"text-base text-black font-bold mx-0 my-2.5 p-0 block bg-gray-100\">\u00a0<br \/>\u00a0<\/span><\/div>\n<\/div>\n<\/div>\n<div>\n<div class=\"aspect-[var(--img-listing-aspect-ratio,16\/9)] relative mb-3.5\">\n    <source type=\"image\/webp\" srcset=\"https:\/\/cdn.mos.cms.futurecdn.net\/xz5gEu7yBu4E9KZWwpsbAi-840-80.jpg.webp 840w, https:\/\/cdn.mos.cms.futurecdn.net\/xz5gEu7yBu4E9KZWwpsbAi-650-80.jpg.webp 650w, https:\/\/cdn.mos.cms.futurecdn.net\/xz5gEu7yBu4E9KZWwpsbAi-500-80.jpg.webp 500w, https:\/\/cdn.mos.cms.futurecdn.net\/xz5gEu7yBu4E9KZWwpsbAi-450-80.jpg.webp 450w, https:\/\/cdn.mos.cms.futurecdn.net\/xz5gEu7yBu4E9KZWwpsbAi-320-80.jpg.webp 320w\" sizes=\"(min-width: 900px) 925px, (min-width: 700px) 450px, calc(100vw - 48px)\" \/><\/div>\n<p><span class=\"custom-subheading-styles\">Transfers<\/span><span class=\"text-base text-black font-bold mx-0 my-2.5 p-0 block custom-text-styles\">Shirin van Anrooij makes &#8216;bold switch&#8217; to Canyon-SRAM, with transfer to come into force before 2026 is over<\/span><\/div>\n<div class=\"relative recirc-feed sponsored-card min-h-[250px]\" data-recirc-id=\"article-river-stacked-ads:native-cards\" data-mrf-recirculation=\"article-river-ads\" data-nosnippet data-ad-slot-path=\"feed-sponsored-post\" data-attribute-device=\"all\">\n<div class=\"max-w-full sponsored-post--placeholder animate-pulse\">\n<div class=\"relative!\"><span class=\"text-base text-black font-bold mx-0 my-2.5 p-0 block bg-gray-100\">\u00a0<br \/>\u00a0<\/span><\/div>\n<\/div>\n<\/div>\n<div>\n<div class=\"aspect-[var(--img-listing-aspect-ratio,16\/9)] relative mb-3.5\">\n    <source type=\"image\/webp\" srcset=\"https:\/\/cdn.mos.cms.futurecdn.net\/SyQVzG9aSiFNF9eeLPRwj4-840-80.jpg.webp 840w, https:\/\/cdn.mos.cms.futurecdn.net\/SyQVzG9aSiFNF9eeLPRwj4-650-80.jpg.webp 650w, https:\/\/cdn.mos.cms.futurecdn.net\/SyQVzG9aSiFNF9eeLPRwj4-500-80.jpg.webp 500w, https:\/\/cdn.mos.cms.futurecdn.net\/SyQVzG9aSiFNF9eeLPRwj4-450-80.jpg.webp 450w, https:\/\/cdn.mos.cms.futurecdn.net\/SyQVzG9aSiFNF9eeLPRwj4-320-80.jpg.webp 320w\" sizes=\"(min-width: 900px) 925px, (min-width: 700px) 450px, calc(100vw - 48px)\" \/><\/div>\n<p><span class=\"custom-subheading-styles\">Racing<\/span><span class=\"text-base text-black font-bold mx-0 my-2.5 p-0 block custom-text-styles\">Josh Tarling abandons the Vuelta a Espa\u00f1a during stage 6<\/span><\/div>\n<div class=\"relative recirc-feed sponsored-card min-h-[250px]\" data-recirc-id=\"article-river-stacked-ads:native-cards\" data-mrf-recirculation=\"article-river-ads\" data-nosnippet data-ad-slot-path=\"feed-sponsored-post\" data-attribute-device=\"all\">\n<div class=\"max-w-full sponsored-post--placeholder animate-pulse\">\n<div class=\"relative!\"><span class=\"text-base text-black font-bold mx-0 my-2.5 p-0 block bg-gray-100\">\u00a0<br \/>\u00a0<\/span><\/div>\n<\/div>\n<\/div>\n<div>\n<div class=\"aspect-[var(--img-listing-aspect-ratio,16\/9)] relative mb-3.5\">\n    <source type=\"image\/webp\" srcset=\"https:\/\/cdn.mos.cms.futurecdn.net\/3iZJDSFZU9XdXY5PfvQduh-840-80.jpg.webp 840w, https:\/\/cdn.mos.cms.futurecdn.net\/3iZJDSFZU9XdXY5PfvQduh-650-80.jpg.webp 650w, https:\/\/cdn.mos.cms.futurecdn.net\/3iZJDSFZU9XdXY5PfvQduh-500-80.jpg.webp 500w, https:\/\/cdn.mos.cms.futurecdn.net\/3iZJDSFZU9XdXY5PfvQduh-450-80.jpg.webp 450w, https:\/\/cdn.mos.cms.futurecdn.net\/3iZJDSFZU9XdXY5PfvQduh-320-80.jpg.webp 320w\" sizes=\"(min-width: 900px) 925px, (min-width: 700px) 450px, calc(100vw - 48px)\" \/><\/div>\n<p><span class=\"custom-subheading-styles\">Teams &amp; Riders<\/span><span class=\"text-base text-black font-bold mx-0 my-2.5 p-0 block custom-text-styles\">&#8216;Heartbroken&#8217; Chad Haga says his career is over after a heavy crash in training<\/span><\/div>\n<div class=\"relative recirc-feed sponsored-card min-h-[250px]\" data-recirc-id=\"article-river-stacked-ads:native-cards\" data-mrf-recirculation=\"article-river-ads\" data-nosnippet data-ad-slot-path=\"feed-sponsored-post\" data-attribute-device=\"all\">\n<div class=\"max-w-full sponsored-post--placeholder animate-pulse\">\n<div class=\"relative!\"><span class=\"text-base text-black font-bold mx-0 my-2.5 p-0 block bg-gray-100\">\u00a0<br \/>\u00a0<\/span><\/div>\n<\/div>\n<\/div>\n<\/div>\n<\/div>\n<\/aside>\n<\/section>\n<\/div>\n<\/div>\n<\/div>\n<div id=\"widgetArea17\" class=\"widget-area md:basis-1\/3 widget-area-g-md-vp-1-3 widget-area-g-lg-vp-1-3 widget-area-g-xl-vp-1-3 page-widget-area-17\">\n<div data-widget-type=\"dynamic\" id=\"popular-data\" class=\"clear-both widget widget-dynamic widget-popular-data widget-dynamic-popular-data widget-dynamic-fter-popular-box\">\n<div class=\"wdn-fte-pb pos-relative space-t20\n\"><\/p>\n<div class=\"slice-container popular-box-slice\">\n<section class=\"popular-box\" data-component-name=\"Slice:PopularBox\">\n<div class=\"popular-box__label\">\n<div class=\"popular-box__label__tab popular-box__label__tab--active\" role=\"heading\">\nLATEST ARTICLES\n<\/div>\n<\/div>\n<ol class=\"popular-box__articles-list popular-box__articles-list--active\">\n<li class=\"popular-box__article-list\">\n<div class=\"popular-box__article-list__container\">\n<div class=\"popular-box__article-list__image-wrapper\">\n<div>\n<source type=\"image\/webp\" srcset=\"https:\/\/cdn.mos.cms.futurecdn.net\/txLrgsAEFvggkkWcyvZfem-1280-80.jpg.webp 1280w, https:\/\/cdn.mos.cms.futurecdn.net\/txLrgsAEFvggkkWcyvZfem-720-80.jpg.webp 720w, https:\/\/cdn.mos.cms.futurecdn.net\/txLrgsAEFvggkkWcyvZfem-640-80.jpg.webp 640w, https:\/\/cdn.mos.cms.futurecdn.net\/txLrgsAEFvggkkWcyvZfem-320-80.jpg.webp 320w\" sizes=\"99vw\" \/><\/div>\n<\/div>\n<div class=\"popular-box__article-list__content\">\n<div class=\"popular-box__article-list__number-text\">1<\/div>\n<div class=\"popular-box__article-list__heading\">\n<p>&#8216;I was like &#8211; what&#8217;s going on, is this a spectator?&#8217; &#8211; Tadej Poga\u010dar surprised by Enric Mas on Vuelta a Espa\u00f1a gravel climb<\/p>\n<\/div>\n<\/div>\n<\/div>\n<\/li>\n<li class=\"popular-box__article-list\">\n<div class=\"popular-box__article-list__container\">\n<div class=\"popular-box__article-list__content\">\n<div class=\"popular-box__article-list__number-text\">2<\/div>\n<div class=\"popular-box__article-list__heading\">\n<p>&#8216;A good day, but let&#8217;s not give it too much importance&#8217; &#8211; Enric Mas remains cautious after matching Tadej Poga\u010dar on Vuelta a Espa\u00f1a gravel climb<\/p>\n<\/div>\n<\/div>\n<\/div>\n<\/li>\n<li class=\"popular-box__article-list\">\n<div class=\"popular-box__article-list__container\">\n<div class=\"popular-box__article-list__content\">\n<div class=\"popular-box__article-list__number-text\">3<\/div>\n<div class=\"popular-box__article-list__heading\">\n<p>Scare for Tadej Poga\u010dar as he veers off-road following rival&#8217;s warning to take it easy on Vuelta a Espa\u00f1a descent \u2013 Video<\/p>\n<\/div>\n<\/div>\n<\/div>\n<\/li>\n<li class=\"popular-box__article-list\">\n<div class=\"popular-box__article-list__container\">\n<div class=\"popular-box__article-list__content\">\n<div class=\"popular-box__article-list__number-text\">4<\/div>\n<div class=\"popular-box__article-list__heading\">\n<p>UCI Mountain Bike World Championships: Laura Stigger, Adrien Boichis claim narrow victories in elite short track<\/p>\n<\/div>\n<\/div>\n<\/div>\n<\/li>\n<li class=\"popular-box__article-list\">\n<div class=\"popular-box__article-list__container\">\n<div class=\"popular-box__article-list__content\">\n<div class=\"popular-box__article-list__number-text\">5<\/div>\n<div class=\"popular-box__article-list__heading\">\n<p>Vuelta a Espa\u00f1a: Tadej Poga\u010dar survives near-crash on descent for third victory of the race on stage 6<\/p>\n<\/div>\n<\/div>\n<\/div>\n<\/li>\n<\/ol>\n<\/section>\n<\/div>\n<\/div>\n<\/div>\n<\/div>\n<\/div>\n<\/article>\n<article class=\"page-content-onecol flex-1\nnews-article article\n\"><\/p>\n<div class=\"widget-area-group widget-area-group-2col flex flex-wrap box-border\">\n<div id=\"widgetArea16\" class=\"widget-area basis-full md:basis-2\/3 widget-area-g-md-vp-2-3 widget-area-g-lg-vp-2-3 widget-area-g-xl-vp-2-3 page-widget-area-16\">\n<div data-widget-type=\"hero\" id=\"hero\" class=\"clear-both widget widget-hero widget-hero widget-hero-hero widget-hero widget-hero-fter-news\">\n<div class=\"news-article\">\n<header data-component-name=\"Article:Hero\">\n<nav class=\"breadcrumb\" aria-label=\"Breadcrumbs\">\n<ol>\n<li>\nPro Cycling\n<\/li>\n<li>\nTeams &amp; Riders\n<\/li>\n<li>\nEnric Mas\n<\/li>\n<\/ol>\n<\/nav>\n<h1>&#8216;A good day, but let&#8217;s not give it too much importance&#8217; &#8211; Enric Mas remains cautious after matching Tadej Poga\u010dar on Vuelta a Espa\u00f1a gravel climb<\/h1>\n<div class=\"byline-social\">\n<div class=\"vds-byline-block flex flex-row flex-nowrap my-1.5 gap-2 text-left items-start justify-start\" data-component-name=\"Article:BylineBlock\">\n<p>News<\/p>\n<div class=\"my-auto vds-simple-byline\"><span class=\"inline-block vds-author\"><br \/>\nBy<br \/>\nAlasdair Fotheringham <\/span><\/p>\n<div class=\"flex gap-1 vds-byline-with-avatar__meta\"><span class=\"vds-date block font-normal tracking-normal normal-case text-xs\"><br \/>\nPublished<br \/>\n<time data-component-name=\"UI:DateTime\" datetime=\"2026-08-27T17:40:02Z\" class=\"relative-date\"><br \/>\n27 August 2026<br \/>\n<\/time><\/span><\/div>\n<\/div>\n<\/div>\n<p class=\"strapline\">Veteran Spaniard moves up to second overall, but remains over three minutes back on Poga\u010dar<\/p>\n<\/div>\n<aside class=\"text-gray-700 flex items-center mx-0 my-5 p-0 justify-start text-left\" id=\"affiliate-disclaimer\" data-component-name=\"AffiliateDisclaimer\" data-hawk-message=\"Affiliate disclaimer removed because hawk deemed there are no affiliate links on this page\">\n<p class=\"text-[color:var(--affiliate-disclaimer--text-color,inherit)] mb-2 text-[length:var(--affiliate-disclaimer--font-size,0.75rem)] leading-[18px] md:text-[13px] [&amp;&gt;a]:text-inherit [&amp;&gt;a]:underline\">\nWhen you purchase through links on our site, we may earn an affiliate commission. Here\u2019s how it works.\n<\/p>\n<\/aside>\n<\/header>\n<\/div>\n<\/div>\n<div data-widget-type=\"contentparsed\" id=\"content\" class=\"clear-both widget widget-contentparsed widget-content widget-contentparsed-content widget-content-parsed widget-content-parsed-content_document \">\n<div class=\"wcp-item-content\">\n<section class=\"content-wrapper\">\n<div class=\"box less-space hero-image-wrapper\">\n<figure class=\"mb-0\">\n<source type=\"image\/webp\" srcset=\"https:\/\/cdn.mos.cms.futurecdn.net\/x95sC8eRpV3thnhQgo4RgK-1920-80.jpg.webp 1920w, https:\/\/cdn.mos.cms.futurecdn.net\/x95sC8eRpV3thnhQgo4RgK-1600-80.jpg.webp 1600w, https:\/\/cdn.mos.cms.futurecdn.net\/x95sC8eRpV3thnhQgo4RgK-1200-80.jpg.webp 1200w, https:\/\/cdn.mos.cms.futurecdn.net\/x95sC8eRpV3thnhQgo4RgK-1024-80.jpg.webp 1024w, https:\/\/cdn.mos.cms.futurecdn.net\/x95sC8eRpV3thnhQgo4RgK-970-80.jpg.webp 970w, https:\/\/cdn.mos.cms.futurecdn.net\/x95sC8eRpV3thnhQgo4RgK-750-80.jpg.webp 750w, https:\/\/cdn.mos.cms.futurecdn.net\/x95sC8eRpV3thnhQgo4RgK-650-80.jpg.webp 650w, https:\/\/cdn.mos.cms.futurecdn.net\/x95sC8eRpV3thnhQgo4RgK-480-80.jpg.webp 480w, https:\/\/cdn.mos.cms.futurecdn.net\/x95sC8eRpV3thnhQgo4RgK-320-80.jpg.webp 320w\" sizes=\"(min-width: 1000px) 600px, 100vw\" \/><figcaption class=\"font-article-copy text-(--image--text--color) font-article-copy mt-2\"><span class=\"credit font-article-copy\">(Image credit: Getty Images)<\/span><\/figcaption><\/figure>\n<\/div>\n<div id=\"article-body\" class=\"text-copy bodyCopy auto paywall-locker\">\n<div data-analytics-id=\"utility-bar\" id=\"utility-bar\" class=\"font-ui-heading flex justify-between items-center py-2 border-t border-b border-gray-300 border-solid mb-5 mx-auto\" data-component-name=\"UtilityBar\" data-mrf-recirculation=\"utility-bar\">\n<div class=\"flex gap-2 text-[#333] subcontainer\">\n<div class=\"relative tooltip-container\" role=\"tooltip\">\n<div data-component-name=\"Social:Dropdown\" role=\"menu\" id=\"utilitybar__dropdown--share\" aria-labelledby=\"utilitybar__button--share\" class=\"absolute left-0 top-full w-44 bg-white rounded-md shadow-md border border-neutral-200 z-[9996] list-none m-0 py-2 px-3 border-solid\">\n<ul class=\"m-0!\">\n<li class=\"!p-0 !m-0 list-none border-b border-gray-200 border-solid\">\n<li class=\"!p-0 !m-0 list-none border-b border-gray-200 border-solid\">\n<p>Facebook<\/p>\n<\/li>\n<li class=\"!p-0 !m-0 list-none border-b border-gray-200 border-solid\">\n<p>X<\/p>\n<\/li>\n<li class=\"!p-0 !m-0 list-none border-b border-gray-200 border-solid\">\n<p>Pinterest<\/p>\n<\/li>\n<li class=\"!p-0 !m-0 list-none border-b border-gray-200 border-solid\">\n<p>Email<\/p>\n<\/li>\n<\/ul>\n<\/div>\n<div class=\"font-ui-heading max-sm:hidden tooltip absolute left-1\/2 bg-gray-900 text-white text-xs leading-none px-3 py-1.5 rounded-md z-[10001] whitespace-nowrap\" id=\"tooltip-share-this-article\" role=\"tooltip\" aria-hidden=\"true\">\nShare this article\n<\/div>\n<\/div>\n<div class=\"relative tooltip-container\" role=\"tooltip\"><span class=\"ml-1 inline-flex h-5 px-2 shrink-0 items-center justify-center self-center overflow-hidden whitespace-nowrap rounded-[10px] bg-primary-500 text-[11px] leading-none font-ui-heading font-semibold text-white\">1<\/span><\/p>\n<div class=\"font-ui-heading max-sm:hidden tooltip absolute left-1\/2 bg-gray-900 text-white text-xs leading-none px-3 py-1.5 rounded-md z-[10001] whitespace-nowrap\" id=\"tooltip-join-the-conversation\" role=\"tooltip\" aria-hidden=\"true\">\nJoin the conversation\n<\/div>\n<\/div>\n<\/div>\n<div class=\"flex gap-2 text-[#333] subcontainer\">\n<div class=\"relative tooltip-container\" role=\"tooltip\">\n<p>Follow us<\/p>\n<div class=\"font-ui-heading max-sm:hidden tooltip absolute left-1\/2 bg-gray-900 text-white text-xs leading-none px-3 py-1.5 rounded-md z-[10001] whitespace-nowrap\" id=\"tooltip-add-us-as-a-preferred-source-on-google\" role=\"tooltip\" aria-hidden=\"true\">\nAdd us as a preferred source on Google\n<\/div>\n<\/div>\n<div class=\"relative tooltip-container\" role=\"tooltip\">\n<div class=\"font-ui-heading max-sm:hidden tooltip absolute left-1\/2 bg-gray-900 text-white text-xs leading-none px-3 py-1.5 rounded-md z-[10001] whitespace-nowrap\" id=\"tooltip-subscribe-to-our-newsletter\" role=\"tooltip\" aria-hidden=\"true\">\nSubscribe to our newsletter\n<\/div>\n<\/div>\n<\/div>\n<\/div>\n<p id=\"elk-2c393c12-a23e-11f1-9f22-37d32fc25473\">Veteran Spanish Grand Tour specialist Enric Mas has played down the significance of catching Tadej Poga\u010dar in the closing kilometres of stage 6 of the Vuelta a Espa\u00f1a, saying simply that &#8220;it was a good day for me, but let&#8217;s not give it too much importance.&#8221;<\/p>\n<p>On the bounceback from a long spell of illness and injury, the 31-year-old Movistar racer launched a counter-attack on Puerto de El Bartolo to chase down Poga\u010dar by the summit and, after handling a perilous descent with the Slovenian, then ride with him all the way to the finish.<\/p>\n<p id=\"elk-2c393c12-a23e-11f1-9f22-37d32fc25473-2\" aria-hidden=\"true\" class=\"kiosq-b\">After such a long time away, this was Mas&#8217; most spectacular performance in a Grand Tour in years. And for all his insistence this was not such a big deal, the number of times that Poga\u010dar has been caught on one of his trademark solo breakaways in recent years can be counted on the fingers of one hand.<\/p>\n<div class=\"my-6 w-full overflow-hidden rounded-[10px] lg:my-8\" data-component-name=\"JwPlayer:Carousel\" data-jwp-carousel data-jwp-carousel-payload=\"{&quot;ids&quot;:{&quot;playerID&quot;:&quot;jYDCcabO&quot;,&quot;searchPlaylistID&quot;:&quot;gwjdoYHD&quot;,&quot;divID&quot;:&quot;botr_gwjdoYHD_jYDCcabO_div&quot;,&quot;fallbackPlaylistID&quot;:&quot;gwjdoYHD&quot;,&quot;fallbackDivID&quot;:&quot;botr_gwjdoYHD_jYDCcabO_div&quot;,&quot;key&quot;:&quot;X9\/mXVGac0NphghLH9hZaqWA5d3dhAM\/Ih07grnEyMLjuO2E&quot;,&quot;tintLogo&quot;:true,&quot;useSearchPlaylist&quot;:false,&quot;enabled&quot;:true},&quot;signPostingEnabled&quot;:true,&quot;signPostingLinkEnabled&quot;:true,&quot;waitForAdLoad&quot;:false,&quot;hidePlayerOnDesktop&quot;:false,&quot;hidePlayerOnMobile&quot;:false,&quot;hidePlayerOnTablet&quot;:false}\">\n<div class=\"flex flex-nowrap items-center justify-between gap-3 bg-zinc-900 px-[14px] py-3\" data-jwp-carousel-header>\n<div class=\"flex min-w-0 shrink items-center\"><span class=\"inline-flex items-center gap-1.5 text-sm font-article-heading capitalize leading-5 text-white whitespace-nowrap\"><span class=\"jwp-carousel-title-desktop\">Latest Videos From<\/span><span class=\"jwp-carousel-brand\">Cyclingnews<\/span><\/span><\/div>\n<\/div>\n<div class=\"min-h-[44px] bg-zinc-900 px-[14px] py-3\" data-jwp-carousel-signposting><a class=\"invisible block truncate text-sm font-bold leading-5 text-white underline decoration-solid underline-offset-2\" data-jwp-carousel-signposting-link href target=\"_blank\" rel=\"noopener noreferrer\"><span data-jwp-carousel-signposting-title>Watch full video here: <\/span><\/a><\/div>\n<\/div>\n<p aria-hidden=\"true\" class=\"kiosq-b\">Yet four years after Mas clinched his last victory &#8211; in the Giro dell&#8217;Emilia of 2022, and curiously enough, where Poga\u010dar was also present &#8211; that was exactly what the Spaniard managed to do. In the process, he&#8217;s moved up to second overall at 3:34, too, putting the four-times Vuelta podium finisher in pole position to fight for a fifth between here and Granada on September 13.<\/p>\n<p aria-hidden=\"true\" class=\"kiosq-b\">&#8220;It&#8217;s been almost two years since I fought for the overall in a Grand Tour, we&#8217;re on stage 6, and we have to take things little by little,&#8221; Mas, second at the finish behind Poga\u010dar after the two gained a hefty 46 seconds on their rivals, told reporters.<\/p>\n<aside data-component-name=\"Recirculation:ArticleRiver\" data-recirculation-type=\"inline\" data-mrf-recirculation=\"Trending Bar\" data-nosnippet class=\"clear-both pt-2 pb-0 mb-4\"><span class=\"\n            flex\n            after:content-[&apos;&apos;] after:flex-1 after:ml-4 after:my-[0.7rem] after:border-t after:border-solid after:border-t-[#ccc]\n            before:content-[&apos;&apos;] before:flex-1 before:mr-4 before:my-[0.7rem] before:border-t before:border-solid before:border-t-[#ccc]\n            font-article-heading pb-0 text-[length:var(--article-river-title--font-size,1em)] uppercase sm:text-[length:var(--article-river-title--font-size,0.875em)] font-bold\n        \"><br \/>\n            You may like<br \/>\n        <\/span><\/p>\n<ul class=\"flex flex-col gap-0 m-0 max-w-full\">\n<li class=\"m-0 list-none border-b border-solid border-[#ededed] py-2\" data-recirculation-id=\"recirculation-card-1\" id=\"recirculation-inline-1\" data-analytics-id=\"recirculation-inline-1\" data-mrf-recirculation=\"recirculation-inline-1\">\n    <source type=\"image\/webp\" srcset=\"https:\/\/cdn.mos.cms.futurecdn.net\/txLrgsAEFvggkkWcyvZfem-250-80.jpg.webp 250w, https:\/\/cdn.mos.cms.futurecdn.net\/txLrgsAEFvggkkWcyvZfem-150-80.jpg.webp 150w\" sizes=\"150px\" \/><span class=\"w-full text-base font-[var(--article-river-item--font-weight,500)] font-article-heading line-clamp-3 md:line-clamp-2\">&#8216;I was like &#8211; what&#8217;s going on, is this a spectator?&#8217; &#8211; Tadej Poga\u010dar surprised by Enric Mas on Vuelta a Espa\u00f1a gravel climb<\/span><\/li>\n<li class=\"m-0 list-none border-b border-solid border-[#ededed] py-2\" data-recirculation-id=\"recirculation-card-2\" id=\"recirculation-inline-2\" data-analytics-id=\"recirculation-inline-2\" data-mrf-recirculation=\"recirculation-inline-2\">\n    <source type=\"image\/webp\" srcset=\"https:\/\/cdn.mos.cms.futurecdn.net\/2k9AaM8BvbGd7oqzTEr8Kc-250-80.jpg.webp 250w, https:\/\/cdn.mos.cms.futurecdn.net\/2k9AaM8BvbGd7oqzTEr8Kc-150-80.jpg.webp 150w\" sizes=\"150px\" \/><span class=\"w-full text-base font-[var(--article-river-item--font-weight,500)] font-article-heading line-clamp-3 md:line-clamp-2\">Vuelta a Espa\u00f1a: Tadej Poga\u010dar survives near-crash on descent for third victory of the race on stage 6<\/span><\/li>\n<li class=\"m-0 list-none border-b border-solid border-[#ccc] py-2\" data-recirculation-id=\"recirculation-card-3\" id=\"recirculation-inline-3\" data-analytics-id=\"recirculation-inline-3\" data-mrf-recirculation=\"recirculation-inline-3\">\n    <source type=\"image\/webp\" srcset=\"https:\/\/cdn.mos.cms.futurecdn.net\/iHbBV2os4chYos54xt5x2L-250-80.jpg.webp 250w, https:\/\/cdn.mos.cms.futurecdn.net\/iHbBV2os4chYos54xt5x2L-150-80.jpg.webp 150w\" sizes=\"150px\" \/><span class=\"w-full text-base font-[var(--article-river-item--font-weight,500)] font-article-heading line-clamp-3 md:line-clamp-2\">&#8216;We didn&#8217;t know that Enric was so close&#8217; &#8211; Inaccurate time gaps explain how Tadej Poga\u010dar was caught during Vuelta a Espa\u00f1a attack<\/span><\/li>\n<\/ul>\n<\/aside>\n<p aria-hidden=\"true\" class=\"kiosq-b\">&#8220;Pog&#8217; is Pog&#8217; and we have to take things on the day by day. I&#8217;m second overall, I feel good and thanks to the team.<\/p>\n<p aria-hidden=\"true\" class=\"kiosq-b\">&#8220;I went for the sprint on the top of the climb because the team told me there was a bonus and when I caught Poga\u010dar, I thought &#8211; OK, I&#8217;ll try and get past first. I don&#8217;t know if he was surprised, but I managed to get those six seconds.&#8221;<\/p>\n<div id=\"slice-container-newsletterForm-articleInbodyContent-xqLePGuHVN2NkTKmxe5Zs9\" class=\"slice-container newsletter-inbodyContent-slice newsletterForm-articleInbodyContent-xqLePGuHVN2NkTKmxe5Zs9 slice-container-newsletterForm\">\n<div data-hydrate=\"true\" class=\"newsletter-form__wrapper newsletter-form__wrapper--inbodyContent\">\n<div class=\"newsletter-form__container\">\n<section class=\"newsletter-form__top-bar\">\n<div class=\"newsletter-form__header\">Get The Leadout Newsletter<\/div>\n<\/section>\n<section class=\"newsletter-form__main-section\">\n<p class=\"newsletter-form__strapline\">The latest race content, interviews, features, reviews and expert buying guides, direct to your inbox!<\/p>\n<footer class=\"newsletter-form__footer \">By submitting your information you agree to the Terms &amp; Conditions and Privacy Policy and are aged 16 or over.<\/footer>\n<\/section>\n<\/div>\n<\/div>\n<\/div>\n<p aria-hidden=\"true\" class=\"kiosq-b\">The tricky, technical downhill was almost as critical to the race outcome as the climb itself, with Poga\u010dar briefly going off course after Mas overcooked one slalom but staying upright and able to return to the road. Mas then took charge of handling the descent and even indicated with his hand to his rival, following behind, when the most dangerous corners were approaching.<\/p>\n<p aria-hidden=\"true\" class=\"kiosq-b\">&#8220;I warned him there was a difficult bend, and we had to be alert. There was a moment when I gave it a little too much, the road was a bit dirty because it was cement, but you all saw the way he can handle his bike. He went off course, but by the time I had turned round, he was already back with me.&#8221;<\/p>\n<p aria-hidden=\"true\" class=\"kiosq-b\">Mas was also as typically understated as ever about the dangers of the descent, saying, &#8220;We knew it was a cement-surfaced descent of the kind we&#8217;re not used to handling, so I took it calmly; there were a few moments when I skidded, but that&#8217;s part of racing.&#8221;<\/p>\n<aside data-component-name=\"Recirculation:ArticleRiver\" data-recirculation-type=\"inline\" data-mrf-recirculation=\"Trending Bar\" data-nosnippet class=\"clear-both pt-2 pb-0 mb-4\"><span class=\"\n            flex\n            after:content-[&apos;&apos;] after:flex-1 after:ml-4 after:my-[0.7rem] after:border-t after:border-solid after:border-t-[#ccc]\n            before:content-[&apos;&apos;] before:flex-1 before:mr-4 before:my-[0.7rem] before:border-t before:border-solid before:border-t-[#ccc]\n            font-article-heading pb-0 text-[length:var(--article-river-title--font-size,1em)] uppercase sm:text-[length:var(--article-river-title--font-size,0.875em)] font-bold\n        \"><br \/>\n            What to read next<br \/>\n        <\/span><\/p>\n<ul class=\"flex flex-col gap-0 m-0 max-w-full\">\n<li class=\"m-0 list-none border-b border-solid border-[#ededed] py-2\" data-recirculation-id=\"recirculation-card-1\" id=\"recirculation-inline-2-1\" data-analytics-id=\"recirculation-2-inline-1\" data-mrf-recirculation=\"recirculation-2-inline-1\">\n    <source type=\"image\/webp\" srcset=\"https:\/\/cdn.mos.cms.futurecdn.net\/cLSHcRATZJ5wsZjNMcxxtC-250-80.jpg.webp 250w, https:\/\/cdn.mos.cms.futurecdn.net\/cLSHcRATZJ5wsZjNMcxxtC-150-80.jpg.webp 150w\" sizes=\"150px\" \/><span class=\"w-full text-base font-[var(--article-river-item--font-weight,500)] font-article-heading line-clamp-3 md:line-clamp-2\">&#8216;When Wout goes, you have to react&#8217; &#8211; Tadej Poga\u010dar retains Vuelta a Espa\u00f1a lead after sizzling finale duel with Van Aert<\/span><\/li>\n<li class=\"m-0 list-none border-b border-solid border-[#ededed] py-2\" data-recirculation-id=\"recirculation-card-2\" id=\"recirculation-inline-2-2\" data-analytics-id=\"recirculation-2-inline-2\" data-mrf-recirculation=\"recirculation-2-inline-2\">\n    <source type=\"image\/webp\" srcset=\"https:\/\/cdn.mos.cms.futurecdn.net\/JLYbQXUaN585xQmKbegacC-250-80.jpg.webp 250w, https:\/\/cdn.mos.cms.futurecdn.net\/JLYbQXUaN585xQmKbegacC-150-80.jpg.webp 150w\" sizes=\"150px\" \/><span class=\"w-full text-base font-[var(--article-river-item--font-weight,500)] font-article-heading line-clamp-3 md:line-clamp-2\">&#8216;Tadej has made a big statement&#8217; &#8211; UAE Team Emirates-XRG cautiously delighted with Poga\u010dar&#8217;s knock-out Vuelta a Espa\u00f1a stage win<\/span><\/li>\n<li class=\"m-0 list-none border-b border-solid border-[#ccc] py-2\" data-recirculation-id=\"recirculation-card-3\" id=\"recirculation-inline-2-3\" data-analytics-id=\"recirculation-2-inline-3\" data-mrf-recirculation=\"recirculation-2-inline-3\">\n    <source type=\"image\/webp\" srcset=\"https:\/\/cdn.mos.cms.futurecdn.net\/mTCv9V3z6mz9pLLTqshU2V-250-80.jpg.webp 250w, https:\/\/cdn.mos.cms.futurecdn.net\/mTCv9V3z6mz9pLLTqshU2V-150-80.jpg.webp 150w\" sizes=\"150px\" \/><span class=\"w-full text-base font-[var(--article-river-item--font-weight,500)] font-article-heading line-clamp-3 md:line-clamp-2\">&#8216;I&#8217;m not thinking about who is the best&#8217; &#8211; Vuelta a Espa\u00f1a dominator Tadej Poga\u010dar sidesteps debate over place in cycling history<\/span><\/li>\n<\/ul>\n<\/aside>\n<p aria-hidden=\"true\" class=\"kiosq-b\">Despite being the first rider to catch Poga\u010dar in a breakaway since Mattias Skjelmose (Lidl-Trek) and Remco Evenepoel (Red Bull-Bora-Hansgrohe) tracked down the Slovenian at Amstel Gold last year, Mas preferred to look ahead.<\/p>\n<p aria-hidden=\"true\" class=\"kiosq-b\">&#8220;Tomorrow [Valdelinares] is a summit finish which I think can be important for the team,&#8221; he pointed out, &#8220;and we&#8217;ll try and get somebody up there.&#8221;<\/p>\n<p aria-hidden=\"true\" class=\"kiosq-b\">But for all his refusal to give his achievement too much importance, as little as seven days ago in the pre-race press conference in Monaco, Mas had commented that Poga\u010dar&#8217;s presence in the Vuelta, &#8220;would have a huge influence on the race and he&#8217;ll do what he wants, one day he&#8217;ll get a shedload of minutes on us all.&#8221;<\/p>\n<p aria-hidden=\"true\" class=\"kiosq-b\">That was certainly true in Andorra, but just two days later, Mas managed to stay on terms with Poga\u010dar on a stage that looked like it was made for the Slovenian to conquer with the same ease he had crushed the Pyrenees.<\/p>\n<p aria-hidden=\"true\" class=\"kiosq-b\">No matter your perspective, that&#8217;s an utterly unexpected development and one which provides the race&#8217;s next summit finish at Valdelinares on Thursday with a whole new level of interest, too.<\/p>\n<p id=\"elk-2c393d3e-a23e-11f1-870b-f3facdc0e3e7\" aria-hidden=\"true\" class=\"kiosq-b\"><strong>For unbeatable coverage across road, gravel and tech, subscribe to Cyclingnews. You&#8217;ll get comprehensive race coverage of La Vuelta a Espa\u00f1a, subscriber-exclusive analysis from our expert columnists, in-depth features and industry-leading tech insight. Plus, the Cyclingnews app lets you follow the action wherever you go! <\/strong><u><strong>Join today<\/strong><\/u><\/p>\n<\/div>\n<div class=\"block mb-5\" id=\"articleTag\" data-component-name=\"PostArticleLinks\" data-nosnippet data-mrf-recirculation=\"post-article-links\">\n<div class=\"border-b border-b-black border-solid py-2.5 text-black font-bold uppercase\">TOPICS<\/div>\n<nav class=\"py-2.5 flex gap-2.5 flex-wrap\" data-analytics-id=\"article-tag\" data-mrf-recirculation=\"article-tag\">\n<p>Road<\/p>\n<\/nav>\n<\/div>\n<div id=\"slice-container-authorBio-xqLePGuHVN2NkTKmxe5Zs9\" class=\"slice-container slice-author-bio authorBio-xqLePGuHVN2NkTKmxe5Zs9 slice-container-authorBio\">\n<div class=\"author author__default-layout author--separator author--collapsible\" data-hydrate=\"true\">\n<div class=\"author__header\">\n<div class=\"author__avatar-block\">\n<figure class=\"image-wrapped__wrapper\" data-bordeaux-image-check=\"false\">\n<div class=\"image-wrapped__widthsetter\">\n<div class=\"image-wrapped__aspect-padding\">\n<div><source class=\"author__avatar image-wrapped__image image__image\" type=\"image\/webp\" srcset=\"https:\/\/cdn.mos.cms.futurecdn.net\/5QLhaPay9asJvmaNsCjFVZ-140-80.jpg.webp 140w\" sizes=\"99vw\" data-normal=\"https:\/\/cdn.mos.cms.futurecdn.net\/5QLhaPay9asJvmaNsCjFVZ.jpg\" data-original-mos=\"https:\/\/cdn.mos.cms.futurecdn.net\/5QLhaPay9asJvmaNsCjFVZ.jpg\" data-pin-media=\"https:\/\/cdn.mos.cms.futurecdn.net\/5QLhaPay9asJvmaNsCjFVZ.jpg\" data-pin-nopin=\"true\" data-slice-image=\"true\" \/><\/div>\n<\/div>\n<\/div>\n<\/figure>\n<\/div>\n<div class=\"author__heading\">\n<div class=\"author__name\">Alasdair Fotheringham<\/div>\n<div class=\"author__social\">\n<nav class=\"button-social-group author__social-buttons\" aria-labelledby=\"button-social-group- author__social-buttons\">\n<div id=\"button-social-group- author__social-buttons\">Social Links Navigation<\/div>\n<\/nav>\n<\/div>\n<\/div>\n<\/div>\n<div class=\"author__bio-wrapper\">\n<div class=\"author__biography\">\n<p>Alasdair Fotheringham has been reporting on cycling since 1991. He has covered every Tour de France since 1992 bar one, as well as numerous other bike races of all shapes and sizes, ranging from the Olympic Games in 2008 to the now sadly defunct Subida a Urkiola hill climb in Spain. As well as working for <em>Cyclingnews<\/em>, he has also written for <em>The Independent<\/em>,\u00a0 <em>The Guardian<\/em>,\u00a0 <em>ProCycling<\/em>, <em>The Express<\/em> and <em>Reuters<\/em>.<\/p>\n<\/div>\n<\/div>\n<\/div>\n<\/div>\n<\/section>\n<div class=\"relative max-w-[1070px] viafoura-twig-component mt-6 mx-4 lg:mx-0\" data-component-name=\"Viafoura:Comments\" data-nosnippet data-community-guidelines-text=\"&lt;p class=&apos;vfcustom-community-guidelines&apos;&gt;Please follow our &lt;a href=&quot;https:\/\/www.cyclingnews.com\/about\/#section-community-guidelines&quot; target=&quot;_blank&quot;&gt;community guidelines&lt;\/a&gt;.&lt;\/p&gt;\" data-join-the-conversation-text=\"Join the Conversation\">\n<div class=\"absolute top-0 left-0 w-full h-full flex items-center justify-center z-50 bg-white\/90 border-1 rounded-b-[var(--comment-widget-border-radius,0)]\">\n<div class=\"p-2 text-center\">\n<p class=\"mb-3 text-lg!\">You must confirm your public display name before commenting<\/p>\n<p class=\"mb-3 text-sm!\">Please logout and then login again, you will then be prompted to enter your display name.<\/p>\n<\/div>\n<\/div>\n<\/div>\n<section class=\"mx-2 my-5 sm:mx-0\">\n<aside class=\"w-full\" data-nosnippet data-mrf-recirculation=\"article-river-stacked\">\n<div data-recirc-id=\"article-river-stacked-adviser:hybrid\">\n<div class=\"text-white py-4 px-3 mb-4 bg-[#333] uppercase font-bold custom-header-styles\">Read more<\/div>\n<div class=\"grid grid-cols-1 gap-4 mt-4 mb-5\">\n<div>\n<div class=\"aspect-[var(--img-listing-aspect-ratio,16\/9)] relative mb-3.5\">\n    <source type=\"image\/webp\" srcset=\"https:\/\/cdn.mos.cms.futurecdn.net\/txLrgsAEFvggkkWcyvZfem-840-80.jpg.webp 840w, https:\/\/cdn.mos.cms.futurecdn.net\/txLrgsAEFvggkkWcyvZfem-650-80.jpg.webp 650w, https:\/\/cdn.mos.cms.futurecdn.net\/txLrgsAEFvggkkWcyvZfem-500-80.jpg.webp 500w, https:\/\/cdn.mos.cms.futurecdn.net\/txLrgsAEFvggkkWcyvZfem-450-80.jpg.webp 450w, https:\/\/cdn.mos.cms.futurecdn.net\/txLrgsAEFvggkkWcyvZfem-320-80.jpg.webp 320w\" sizes=\"(min-width: 900px) 925px, (min-width: 700px) 450px, calc(100vw - 48px)\" \/><\/div>\n<p><span class=\"custom-subheading-styles\">Racing<\/span><span class=\"text-base text-black font-bold mx-0 my-2.5 p-0 block custom-text-styles\">&#8216;I was like &#8211; what&#8217;s going on, is this a spectator?&#8217; &#8211; Tadej Poga\u010dar surprised by Enric Mas on Vuelta a Espa\u00f1a gravel climb<\/span><\/div>\n<div class=\"relative recirc-feed sponsored-card min-h-[250px]\" data-recirc-id=\"article-river-stacked-ads:native-cards\" data-mrf-recirculation=\"article-river-ads\" data-nosnippet data-ad-slot-path=\"feed-sponsored-post\" data-attribute-device=\"all\">\n<div class=\"max-w-full sponsored-post--placeholder animate-pulse\">\n<div class=\"relative!\"><span class=\"text-base text-black font-bold mx-0 my-2.5 p-0 block bg-gray-100\">\u00a0<br \/>\u00a0<\/span><\/div>\n<\/div>\n<\/div>\n<div>\n<div class=\"aspect-[var(--img-listing-aspect-ratio,16\/9)] relative mb-3.5\">\n    <source type=\"image\/webp\" srcset=\"https:\/\/cdn.mos.cms.futurecdn.net\/2k9AaM8BvbGd7oqzTEr8Kc-840-80.jpg.webp 840w, https:\/\/cdn.mos.cms.futurecdn.net\/2k9AaM8BvbGd7oqzTEr8Kc-650-80.jpg.webp 650w, https:\/\/cdn.mos.cms.futurecdn.net\/2k9AaM8BvbGd7oqzTEr8Kc-500-80.jpg.webp 500w, https:\/\/cdn.mos.cms.futurecdn.net\/2k9AaM8BvbGd7oqzTEr8Kc-450-80.jpg.webp 450w, https:\/\/cdn.mos.cms.futurecdn.net\/2k9AaM8BvbGd7oqzTEr8Kc-320-80.jpg.webp 320w\" sizes=\"(min-width: 900px) 925px, (min-width: 700px) 450px, calc(100vw - 48px)\" \/><\/div>\n<p><span class=\"custom-subheading-styles\">Racing<\/span><span class=\"text-base text-black font-bold mx-0 my-2.5 p-0 block custom-text-styles\">Vuelta a Espa\u00f1a: Tadej Poga\u010dar survives near-crash on descent for third victory of the race on stage 6<\/span><\/div>\n<div class=\"relative recirc-feed sponsored-card min-h-[250px]\" data-recirc-id=\"article-river-stacked-ads:native-cards\" data-mrf-recirculation=\"article-river-ads\" data-nosnippet data-ad-slot-path=\"feed-sponsored-post\" data-attribute-device=\"all\">\n<div class=\"max-w-full sponsored-post--placeholder animate-pulse\">\n<div class=\"relative!\"><span class=\"text-base text-black font-bold mx-0 my-2.5 p-0 block bg-gray-100\">\u00a0<br \/>\u00a0<\/span><\/div>\n<\/div>\n<\/div>\n<div>\n<div class=\"aspect-[var(--img-listing-aspect-ratio,16\/9)] relative mb-3.5\">\n    <source type=\"image\/webp\" srcset=\"https:\/\/cdn.mos.cms.futurecdn.net\/iHbBV2os4chYos54xt5x2L-840-80.jpg.webp 840w, https:\/\/cdn.mos.cms.futurecdn.net\/iHbBV2os4chYos54xt5x2L-650-80.jpg.webp 650w, https:\/\/cdn.mos.cms.futurecdn.net\/iHbBV2os4chYos54xt5x2L-500-80.jpg.webp 500w, https:\/\/cdn.mos.cms.futurecdn.net\/iHbBV2os4chYos54xt5x2L-450-80.jpg.webp 450w, https:\/\/cdn.mos.cms.futurecdn.net\/iHbBV2os4chYos54xt5x2L-320-80.jpg.webp 320w\" sizes=\"(min-width: 900px) 925px, (min-width: 700px) 450px, calc(100vw - 48px)\" \/><\/div>\n<p><span class=\"custom-subheading-styles\">Teams &amp; Riders<\/span><span class=\"text-base text-black font-bold mx-0 my-2.5 p-0 block custom-text-styles\">&#8216;We didn&#8217;t know that Enric was so close&#8217; &#8211; Inaccurate time gaps explain how Tadej Poga\u010dar was caught during Vuelta a Espa\u00f1a attack<\/span><\/div>\n<div class=\"relative recirc-feed sponsored-card min-h-[250px]\" data-recirc-id=\"article-river-stacked-ads:native-cards\" data-mrf-recirculation=\"article-river-ads\" data-nosnippet data-ad-slot-path=\"feed-sponsored-post\" data-attribute-device=\"all\">\n<div class=\"max-w-full sponsored-post--placeholder animate-pulse\">\n<div class=\"relative!\"><span class=\"text-base text-black font-bold mx-0 my-2.5 p-0 block bg-gray-100\">\u00a0<br \/>\u00a0<\/span><\/div>\n<\/div>\n<\/div>\n<div>\n<div class=\"aspect-[var(--img-listing-aspect-ratio,16\/9)] relative mb-3.5\">\n    <source type=\"image\/webp\" srcset=\"https:\/\/cdn.mos.cms.futurecdn.net\/cLSHcRATZJ5wsZjNMcxxtC-840-80.jpg.webp 840w, https:\/\/cdn.mos.cms.futurecdn.net\/cLSHcRATZJ5wsZjNMcxxtC-650-80.jpg.webp 650w, https:\/\/cdn.mos.cms.futurecdn.net\/cLSHcRATZJ5wsZjNMcxxtC-500-80.jpg.webp 500w, https:\/\/cdn.mos.cms.futurecdn.net\/cLSHcRATZJ5wsZjNMcxxtC-450-80.jpg.webp 450w, https:\/\/cdn.mos.cms.futurecdn.net\/cLSHcRATZJ5wsZjNMcxxtC-320-80.jpg.webp 320w\" sizes=\"(min-width: 900px) 925px, (min-width: 700px) 450px, calc(100vw - 48px)\" \/><\/div>\n<p><span class=\"custom-subheading-styles\">Teams &amp; Riders<\/span><span class=\"text-base text-black font-bold mx-0 my-2.5 p-0 block custom-text-styles\">&#8216;When Wout goes, you have to react&#8217; &#8211; Tadej Poga\u010dar retains Vuelta a Espa\u00f1a lead after sizzling finale duel with Van Aert<\/span><\/div>\n<div class=\"relative recirc-feed sponsored-card min-h-[250px]\" data-recirc-id=\"article-river-stacked-ads:native-cards\" data-mrf-recirculation=\"article-river-ads\" data-nosnippet data-ad-slot-path=\"feed-sponsored-post\" data-attribute-device=\"all\">\n<div class=\"max-w-full sponsored-post--placeholder animate-pulse\">\n<div class=\"relative!\"><span class=\"text-base text-black font-bold mx-0 my-2.5 p-0 block bg-gray-100\">\u00a0<br \/>\u00a0<\/span><\/div>\n<\/div>\n<\/div>\n<div>\n<div class=\"aspect-[var(--img-listing-aspect-ratio,16\/9)] relative mb-3.5\">\n    <source type=\"image\/webp\" srcset=\"https:\/\/cdn.mos.cms.futurecdn.net\/JLYbQXUaN585xQmKbegacC-840-80.jpg.webp 840w, https:\/\/cdn.mos.cms.futurecdn.net\/JLYbQXUaN585xQmKbegacC-650-80.jpg.webp 650w, https:\/\/cdn.mos.cms.futurecdn.net\/JLYbQXUaN585xQmKbegacC-500-80.jpg.webp 500w, https:\/\/cdn.mos.cms.futurecdn.net\/JLYbQXUaN585xQmKbegacC-450-80.jpg.webp 450w, https:\/\/cdn.mos.cms.futurecdn.net\/JLYbQXUaN585xQmKbegacC-320-80.jpg.webp 320w\" sizes=\"(min-width: 900px) 925px, (min-width: 700px) 450px, calc(100vw - 48px)\" \/><\/div>\n<p><span class=\"custom-subheading-styles\">Teams &amp; Riders<\/span><span class=\"text-base text-black font-bold mx-0 my-2.5 p-0 block custom-text-styles\">&#8216;Tadej has made a big statement&#8217; &#8211; UAE Team Emirates-XRG cautiously delighted with Poga\u010dar&#8217;s knock-out Vuelta a Espa\u00f1a stage win<\/span><\/div>\n<div class=\"relative recirc-feed sponsored-card min-h-[250px]\" data-recirc-id=\"article-river-stacked-ads:native-cards\" data-mrf-recirculation=\"article-river-ads\" data-nosnippet data-ad-slot-path=\"feed-sponsored-post\" data-attribute-device=\"all\">\n<div class=\"max-w-full sponsored-post--placeholder animate-pulse\">\n<div class=\"relative!\"><span class=\"text-base text-black font-bold mx-0 my-2.5 p-0 block bg-gray-100\">\u00a0<br \/>\u00a0<\/span><\/div>\n<\/div>\n<\/div>\n<div>\n<div class=\"aspect-[var(--img-listing-aspect-ratio,16\/9)] relative mb-3.5\">\n    <source type=\"image\/webp\" srcset=\"https:\/\/cdn.mos.cms.futurecdn.net\/mTCv9V3z6mz9pLLTqshU2V-840-80.jpg.webp 840w, https:\/\/cdn.mos.cms.futurecdn.net\/mTCv9V3z6mz9pLLTqshU2V-650-80.jpg.webp 650w, https:\/\/cdn.mos.cms.futurecdn.net\/mTCv9V3z6mz9pLLTqshU2V-500-80.jpg.webp 500w, https:\/\/cdn.mos.cms.futurecdn.net\/mTCv9V3z6mz9pLLTqshU2V-450-80.jpg.webp 450w, https:\/\/cdn.mos.cms.futurecdn.net\/mTCv9V3z6mz9pLLTqshU2V-320-80.jpg.webp 320w\" sizes=\"(min-width: 900px) 925px, (min-width: 700px) 450px, calc(100vw - 48px)\" \/><\/div>\n<p><span class=\"custom-subheading-styles\">Teams &amp; Riders<\/span><span class=\"text-base text-black font-bold mx-0 my-2.5 p-0 block custom-text-styles\">&#8216;I&#8217;m not thinking about who is the best&#8217; &#8211; Vuelta a Espa\u00f1a dominator Tadej Poga\u010dar sidesteps debate over place in cycling history<\/span><\/div>\n<div class=\"relative recirc-feed sponsored-card min-h-[250px]\" data-recirc-id=\"article-river-stacked-ads:native-cards\" data-mrf-recirculation=\"article-river-ads\" data-nosnippet data-ad-slot-path=\"feed-sponsored-post\" data-attribute-device=\"all\">\n<div class=\"max-w-full sponsored-post--placeholder animate-pulse\">\n<div class=\"relative!\"><span class=\"text-base text-black font-bold mx-0 my-2.5 p-0 block bg-gray-100\">\u00a0<br \/>\u00a0<\/span><\/div>\n<\/div>\n<\/div>\n<\/div>\n<\/div>\n<\/aside>\n<aside class=\"w-full\" data-nosnippet data-mrf-recirculation=\"article-river-stacked\">\n<div data-recirc-id=\"article-river-stacked-solr:latest-category\">\n<div class=\"text-white py-4 px-3 mb-4 bg-[#333] uppercase font-bold custom-header-styles\">Latest in Teams &amp; Riders<\/div>\n<div class=\"grid grid-cols-1 gap-4 mt-4 mb-5\">\n<div>\n<div class=\"aspect-[var(--img-listing-aspect-ratio,16\/9)] relative mb-3.5\">\n    <source type=\"image\/webp\" srcset=\"https:\/\/cdn.mos.cms.futurecdn.net\/iHbBV2os4chYos54xt5x2L-840-80.jpg.webp 840w, https:\/\/cdn.mos.cms.futurecdn.net\/iHbBV2os4chYos54xt5x2L-650-80.jpg.webp 650w, https:\/\/cdn.mos.cms.futurecdn.net\/iHbBV2os4chYos54xt5x2L-500-80.jpg.webp 500w, https:\/\/cdn.mos.cms.futurecdn.net\/iHbBV2os4chYos54xt5x2L-450-80.jpg.webp 450w, https:\/\/cdn.mos.cms.futurecdn.net\/iHbBV2os4chYos54xt5x2L-320-80.jpg.webp 320w\" sizes=\"(min-width: 900px) 925px, (min-width: 700px) 450px, calc(100vw - 48px)\" \/><\/div>\n<p><span class=\"custom-subheading-styles\">Teams &amp; Riders<\/span><span class=\"text-base text-black font-bold mx-0 my-2.5 p-0 block custom-text-styles\">&#8216;We didn&#8217;t know that Enric was so close&#8217; &#8211; Inaccurate time gaps explain how Tadej Poga\u010dar was caught during Vuelta a Espa\u00f1a attack<\/span><\/div>\n<div class=\"relative recirc-feed sponsored-card min-h-[250px]\" data-recirc-id=\"article-river-stacked-ads:native-cards\" data-mrf-recirculation=\"article-river-ads\" data-nosnippet data-ad-slot-path=\"feed-sponsored-post\" data-attribute-device=\"all\">\n<div class=\"max-w-full sponsored-post--placeholder animate-pulse\">\n<div class=\"relative!\"><span class=\"text-base text-black font-bold mx-0 my-2.5 p-0 block bg-gray-100\">\u00a0<br \/>\u00a0<\/span><\/div>\n<\/div>\n<\/div>\n<div>\n<div class=\"aspect-[var(--img-listing-aspect-ratio,16\/9)] relative mb-3.5\">\n    <source type=\"image\/webp\" srcset=\"https:\/\/cdn.mos.cms.futurecdn.net\/p56aURTcLn8xpb8hLtVub6-840-80.jpg.webp 840w, https:\/\/cdn.mos.cms.futurecdn.net\/p56aURTcLn8xpb8hLtVub6-650-80.jpg.webp 650w, https:\/\/cdn.mos.cms.futurecdn.net\/p56aURTcLn8xpb8hLtVub6-500-80.jpg.webp 500w, https:\/\/cdn.mos.cms.futurecdn.net\/p56aURTcLn8xpb8hLtVub6-450-80.jpg.webp 450w, https:\/\/cdn.mos.cms.futurecdn.net\/p56aURTcLn8xpb8hLtVub6-320-80.jpg.webp 320w\" sizes=\"(min-width: 900px) 925px, (min-width: 700px) 450px, calc(100vw - 48px)\" \/><\/div>\n<p><span class=\"custom-subheading-styles\">Teams &amp; Riders<\/span><span class=\"text-base text-black font-bold mx-0 my-2.5 p-0 block custom-text-styles\">Scare for Tadej Poga\u010dar as he veers off-road following rival&#8217;s warning to take it easy on Vuelta a Espa\u00f1a descent \u2013 Video<\/span><\/div>\n<div class=\"relative recirc-feed sponsored-card min-h-[250px]\" data-recirc-id=\"article-river-stacked-ads:native-cards\" data-mrf-recirculation=\"article-river-ads\" data-nosnippet data-ad-slot-path=\"feed-sponsored-post\" data-attribute-device=\"all\">\n<div class=\"max-w-full sponsored-post--placeholder animate-pulse\">\n<div class=\"relative!\"><span class=\"text-base text-black font-bold mx-0 my-2.5 p-0 block bg-gray-100\">\u00a0<br \/>\u00a0<\/span><\/div>\n<\/div>\n<\/div>\n<div>\n<div class=\"aspect-[var(--img-listing-aspect-ratio,16\/9)] relative mb-3.5\">\n    <source type=\"image\/webp\" srcset=\"https:\/\/cdn.mos.cms.futurecdn.net\/xz5gEu7yBu4E9KZWwpsbAi-840-80.jpg.webp 840w, https:\/\/cdn.mos.cms.futurecdn.net\/xz5gEu7yBu4E9KZWwpsbAi-650-80.jpg.webp 650w, https:\/\/cdn.mos.cms.futurecdn.net\/xz5gEu7yBu4E9KZWwpsbAi-500-80.jpg.webp 500w, https:\/\/cdn.mos.cms.futurecdn.net\/xz5gEu7yBu4E9KZWwpsbAi-450-80.jpg.webp 450w, https:\/\/cdn.mos.cms.futurecdn.net\/xz5gEu7yBu4E9KZWwpsbAi-320-80.jpg.webp 320w\" sizes=\"(min-width: 900px) 925px, (min-width: 700px) 450px, calc(100vw - 48px)\" \/><\/div>\n<p><span class=\"custom-subheading-styles\">Transfers<\/span><span class=\"text-base text-black font-bold mx-0 my-2.5 p-0 block custom-text-styles\">Shirin van Anrooij makes &#8216;bold switch&#8217; to Canyon-SRAM, with transfer to come into force before 2026 is over<\/span><\/div>\n<div class=\"relative recirc-feed sponsored-card min-h-[250px]\" data-recirc-id=\"article-river-stacked-ads:native-cards\" data-mrf-recirculation=\"article-river-ads\" data-nosnippet data-ad-slot-path=\"feed-sponsored-post\" data-attribute-device=\"all\">\n<div class=\"max-w-full sponsored-post--placeholder animate-pulse\">\n<div class=\"relative!\"><span class=\"text-base text-black font-bold mx-0 my-2.5 p-0 block bg-gray-100\">\u00a0<br \/>\u00a0<\/span><\/div>\n<\/div>\n<\/div>\n<div>\n<div class=\"aspect-[var(--img-listing-aspect-ratio,16\/9)] relative mb-3.5\">\n    <source type=\"image\/webp\" srcset=\"https:\/\/cdn.mos.cms.futurecdn.net\/SyQVzG9aSiFNF9eeLPRwj4-840-80.jpg.webp 840w, https:\/\/cdn.mos.cms.futurecdn.net\/SyQVzG9aSiFNF9eeLPRwj4-650-80.jpg.webp 650w, https:\/\/cdn.mos.cms.futurecdn.net\/SyQVzG9aSiFNF9eeLPRwj4-500-80.jpg.webp 500w, https:\/\/cdn.mos.cms.futurecdn.net\/SyQVzG9aSiFNF9eeLPRwj4-450-80.jpg.webp 450w, https:\/\/cdn.mos.cms.futurecdn.net\/SyQVzG9aSiFNF9eeLPRwj4-320-80.jpg.webp 320w\" sizes=\"(min-width: 900px) 925px, (min-width: 700px) 450px, calc(100vw - 48px)\" \/><\/div>\n<p><span class=\"custom-subheading-styles\">Racing<\/span><span class=\"text-base text-black font-bold mx-0 my-2.5 p-0 block custom-text-styles\">Josh Tarling abandons the Vuelta a Espa\u00f1a during stage 6<\/span><\/div>\n<div class=\"relative recirc-feed sponsored-card min-h-[250px]\" data-recirc-id=\"article-river-stacked-ads:native-cards\" data-mrf-recirculation=\"article-river-ads\" data-nosnippet data-ad-slot-path=\"feed-sponsored-post\" data-attribute-device=\"all\">\n<div class=\"max-w-full sponsored-post--placeholder animate-pulse\">\n<div class=\"relative!\"><span class=\"text-base text-black font-bold mx-0 my-2.5 p-0 block bg-gray-100\">\u00a0<br \/>\u00a0<\/span><\/div>\n<\/div>\n<\/div>\n<div>\n<div class=\"aspect-[var(--img-listing-aspect-ratio,16\/9)] relative mb-3.5\">\n    <source type=\"image\/webp\" srcset=\"https:\/\/cdn.mos.cms.futurecdn.net\/3iZJDSFZU9XdXY5PfvQduh-840-80.jpg.webp 840w, https:\/\/cdn.mos.cms.futurecdn.net\/3iZJDSFZU9XdXY5PfvQduh-650-80.jpg.webp 650w, https:\/\/cdn.mos.cms.futurecdn.net\/3iZJDSFZU9XdXY5PfvQduh-500-80.jpg.webp 500w, https:\/\/cdn.mos.cms.futurecdn.net\/3iZJDSFZU9XdXY5PfvQduh-450-80.jpg.webp 450w, https:\/\/cdn.mos.cms.futurecdn.net\/3iZJDSFZU9XdXY5PfvQduh-320-80.jpg.webp 320w\" sizes=\"(min-width: 900px) 925px, (min-width: 700px) 450px, calc(100vw - 48px)\" \/><\/div>\n<p><span class=\"custom-subheading-styles\">Teams &amp; Riders<\/span><span class=\"text-base text-black font-bold mx-0 my-2.5 p-0 block custom-text-styles\">&#8216;Heartbroken&#8217; Chad Haga says his career is over after a heavy crash in training<\/span><\/div>\n<div class=\"relative recirc-feed sponsored-card min-h-[250px]\" data-recirc-id=\"article-river-stacked-ads:native-cards\" data-mrf-recirculation=\"article-river-ads\" data-nosnippet data-ad-slot-path=\"feed-sponsored-post\" data-attribute-device=\"all\">\n<div class=\"max-w-full sponsored-post--placeholder animate-pulse\">\n<div class=\"relative!\"><span class=\"text-base text-black font-bold mx-0 my-2.5 p-0 block bg-gray-100\">\u00a0<br \/>\u00a0<\/span><\/div>\n<\/div>\n<\/div>\n<div>\n<div class=\"aspect-[var(--img-listing-aspect-ratio,16\/9)] relative mb-3.5\">\n    <source type=\"image\/webp\" srcset=\"https:\/\/cdn.mos.cms.futurecdn.net\/vGSz3mmntd7cRcLKHDx2hk-840-80.jpg.webp 840w, https:\/\/cdn.mos.cms.futurecdn.net\/vGSz3mmntd7cRcLKHDx2hk-650-80.jpg.webp 650w, https:\/\/cdn.mos.cms.futurecdn.net\/vGSz3mmntd7cRcLKHDx2hk-500-80.jpg.webp 500w, https:\/\/cdn.mos.cms.futurecdn.net\/vGSz3mmntd7cRcLKHDx2hk-450-80.jpg.webp 450w, https:\/\/cdn.mos.cms.futurecdn.net\/vGSz3mmntd7cRcLKHDx2hk-320-80.jpg.webp 320w\" sizes=\"(min-width: 900px) 925px, (min-width: 700px) 450px, calc(100vw - 48px)\" \/><\/div>\n<p><span class=\"custom-subheading-styles\">Teams &amp; Riders<\/span><span class=\"text-base text-black font-bold mx-0 my-2.5 p-0 block custom-text-styles\">&#8216;I&#8217;m not like Poga\u010dar&#8217; \u2013 Wout van Aert happy in support role at Vuelta a Espa\u00f1a but wants his sunglasses back<\/span><\/div>\n<div class=\"relative recirc-feed sponsored-card min-h-[250px]\" data-recirc-id=\"article-river-stacked-ads:native-cards\" data-mrf-recirculation=\"article-river-ads\" data-nosnippet data-ad-slot-path=\"feed-sponsored-post\" data-attribute-device=\"all\">\n<div class=\"max-w-full sponsored-post--placeholder animate-pulse\">\n<div class=\"relative!\"><span class=\"text-base text-black font-bold mx-0 my-2.5 p-0 block bg-gray-100\">\u00a0<br \/>\u00a0<\/span><\/div>\n<\/div>\n<\/div>\n<\/div>\n<\/div>\n<\/aside>\n<aside class=\"w-full\" data-nosnippet data-mrf-recirculation=\"article-river-stacked\">\n<div data-recirc-id=\"article-river-stacked-solr:latest-articletype\">\n<div class=\"text-white py-4 px-3 mb-4 bg-[#333] uppercase font-bold custom-header-styles\">Latest in News<\/div>\n<div class=\"grid grid-cols-1 gap-4 mt-4 mb-5\">\n<div>\n<div class=\"aspect-[var(--img-listing-aspect-ratio,16\/9)] relative mb-3.5\">\n    <source type=\"image\/webp\" srcset=\"https:\/\/cdn.mos.cms.futurecdn.net\/iHbBV2os4chYos54xt5x2L-840-80.jpg.webp 840w, https:\/\/cdn.mos.cms.futurecdn.net\/iHbBV2os4chYos54xt5x2L-650-80.jpg.webp 650w, https:\/\/cdn.mos.cms.futurecdn.net\/iHbBV2os4chYos54xt5x2L-500-80.jpg.webp 500w, https:\/\/cdn.mos.cms.futurecdn.net\/iHbBV2os4chYos54xt5x2L-450-80.jpg.webp 450w, https:\/\/cdn.mos.cms.futurecdn.net\/iHbBV2os4chYos54xt5x2L-320-80.jpg.webp 320w\" sizes=\"(min-width: 900px) 925px, (min-width: 700px) 450px, calc(100vw - 48px)\" \/><\/div>\n<p><span class=\"custom-subheading-styles\">Teams &amp; Riders<\/span><span class=\"text-base text-black font-bold mx-0 my-2.5 p-0 block custom-text-styles\">&#8216;We didn&#8217;t know that Enric was so close&#8217; &#8211; Inaccurate time gaps explain how Tadej Poga\u010dar was caught during Vuelta a Espa\u00f1a attack<\/span><\/div>\n<div class=\"relative recirc-feed sponsored-card min-h-[250px]\" data-recirc-id=\"article-river-stacked-ads:native-cards\" data-mrf-recirculation=\"article-river-ads\" data-nosnippet data-ad-slot-path=\"feed-sponsored-post\" data-attribute-device=\"all\">\n<div class=\"max-w-full sponsored-post--placeholder animate-pulse\">\n<div class=\"relative!\"><span class=\"text-base text-black font-bold mx-0 my-2.5 p-0 block bg-gray-100\">\u00a0<br \/>\u00a0<\/span><\/div>\n<\/div>\n<\/div>\n<div>\n<div class=\"aspect-[var(--img-listing-aspect-ratio,16\/9)] relative mb-3.5\">\n    <source type=\"image\/webp\" srcset=\"https:\/\/cdn.mos.cms.futurecdn.net\/txLrgsAEFvggkkWcyvZfem-840-80.jpg.webp 840w, https:\/\/cdn.mos.cms.futurecdn.net\/txLrgsAEFvggkkWcyvZfem-650-80.jpg.webp 650w, https:\/\/cdn.mos.cms.futurecdn.net\/txLrgsAEFvggkkWcyvZfem-500-80.jpg.webp 500w, https:\/\/cdn.mos.cms.futurecdn.net\/txLrgsAEFvggkkWcyvZfem-450-80.jpg.webp 450w, https:\/\/cdn.mos.cms.futurecdn.net\/txLrgsAEFvggkkWcyvZfem-320-80.jpg.webp 320w\" sizes=\"(min-width: 900px) 925px, (min-width: 700px) 450px, calc(100vw - 48px)\" \/><\/div>\n<p><span class=\"custom-subheading-styles\">Racing<\/span><span class=\"text-base text-black font-bold mx-0 my-2.5 p-0 block custom-text-styles\">&#8216;I was like &#8211; what&#8217;s going on, is this a spectator?&#8217; &#8211; Tadej Poga\u010dar surprised by Enric Mas on Vuelta a Espa\u00f1a gravel climb<\/span><\/div>\n<div class=\"relative recirc-feed sponsored-card min-h-[250px]\" data-recirc-id=\"article-river-stacked-ads:native-cards\" data-mrf-recirculation=\"article-river-ads\" data-nosnippet data-ad-slot-path=\"feed-sponsored-post\" data-attribute-device=\"all\">\n<div class=\"max-w-full sponsored-post--placeholder animate-pulse\">\n<div class=\"relative!\"><span class=\"text-base text-black font-bold mx-0 my-2.5 p-0 block bg-gray-100\">\u00a0<br \/>\u00a0<\/span><\/div>\n<\/div>\n<\/div>\n<div>\n<div class=\"aspect-[var(--img-listing-aspect-ratio,16\/9)] relative mb-3.5\">\n    <source type=\"image\/webp\" srcset=\"https:\/\/cdn.mos.cms.futurecdn.net\/p56aURTcLn8xpb8hLtVub6-840-80.jpg.webp 840w, https:\/\/cdn.mos.cms.futurecdn.net\/p56aURTcLn8xpb8hLtVub6-650-80.jpg.webp 650w, https:\/\/cdn.mos.cms.futurecdn.net\/p56aURTcLn8xpb8hLtVub6-500-80.jpg.webp 500w, https:\/\/cdn.mos.cms.futurecdn.net\/p56aURTcLn8xpb8hLtVub6-450-80.jpg.webp 450w, https:\/\/cdn.mos.cms.futurecdn.net\/p56aURTcLn8xpb8hLtVub6-320-80.jpg.webp 320w\" sizes=\"(min-width: 900px) 925px, (min-width: 700px) 450px, calc(100vw - 48px)\" \/><\/div>\n<p><span class=\"custom-subheading-styles\">Teams &amp; Riders<\/span><span class=\"text-base text-black font-bold mx-0 my-2.5 p-0 block custom-text-styles\">Scare for Tadej Poga\u010dar as he veers off-road following rival&#8217;s warning to take it easy on Vuelta a Espa\u00f1a descent \u2013 Video<\/span><\/div>\n<div class=\"relative recirc-feed sponsored-card min-h-[250px]\" data-recirc-id=\"article-river-stacked-ads:native-cards\" data-mrf-recirculation=\"article-river-ads\" data-nosnippet data-ad-slot-path=\"feed-sponsored-post\" data-attribute-device=\"all\">\n<div class=\"max-w-full sponsored-post--placeholder animate-pulse\">\n<div class=\"relative!\"><span class=\"text-base text-black font-bold mx-0 my-2.5 p-0 block bg-gray-100\">\u00a0<br \/>\u00a0<\/span><\/div>\n<\/div>\n<\/div>\n<div>\n<div class=\"aspect-[var(--img-listing-aspect-ratio,16\/9)] relative mb-3.5\">\n    <source type=\"image\/webp\" srcset=\"https:\/\/cdn.mos.cms.futurecdn.net\/xz5gEu7yBu4E9KZWwpsbAi-840-80.jpg.webp 840w, https:\/\/cdn.mos.cms.futurecdn.net\/xz5gEu7yBu4E9KZWwpsbAi-650-80.jpg.webp 650w, https:\/\/cdn.mos.cms.futurecdn.net\/xz5gEu7yBu4E9KZWwpsbAi-500-80.jpg.webp 500w, https:\/\/cdn.mos.cms.futurecdn.net\/xz5gEu7yBu4E9KZWwpsbAi-450-80.jpg.webp 450w, https:\/\/cdn.mos.cms.futurecdn.net\/xz5gEu7yBu4E9KZWwpsbAi-320-80.jpg.webp 320w\" sizes=\"(min-width: 900px) 925px, (min-width: 700px) 450px, calc(100vw - 48px)\" \/><\/div>\n<p><span class=\"custom-subheading-styles\">Transfers<\/span><span class=\"text-base text-black font-bold mx-0 my-2.5 p-0 block custom-text-styles\">Shirin van Anrooij makes &#8216;bold switch&#8217; to Canyon-SRAM, with transfer to come into force before 2026 is over<\/span><\/div>\n<div class=\"relative recirc-feed sponsored-card min-h-[250px]\" data-recirc-id=\"article-river-stacked-ads:native-cards\" data-mrf-recirculation=\"article-river-ads\" data-nosnippet data-ad-slot-path=\"feed-sponsored-post\" data-attribute-device=\"all\">\n<div class=\"max-w-full sponsored-post--placeholder animate-pulse\">\n<div class=\"relative!\"><span class=\"text-base text-black font-bold mx-0 my-2.5 p-0 block bg-gray-100\">\u00a0<br \/>\u00a0<\/span><\/div>\n<\/div>\n<\/div>\n<div>\n<div class=\"aspect-[var(--img-listing-aspect-ratio,16\/9)] relative mb-3.5\">\n    <source type=\"image\/webp\" srcset=\"https:\/\/cdn.mos.cms.futurecdn.net\/SyQVzG9aSiFNF9eeLPRwj4-840-80.jpg.webp 840w, https:\/\/cdn.mos.cms.futurecdn.net\/SyQVzG9aSiFNF9eeLPRwj4-650-80.jpg.webp 650w, https:\/\/cdn.mos.cms.futurecdn.net\/SyQVzG9aSiFNF9eeLPRwj4-500-80.jpg.webp 500w, https:\/\/cdn.mos.cms.futurecdn.net\/SyQVzG9aSiFNF9eeLPRwj4-450-80.jpg.webp 450w, https:\/\/cdn.mos.cms.futurecdn.net\/SyQVzG9aSiFNF9eeLPRwj4-320-80.jpg.webp 320w\" sizes=\"(min-width: 900px) 925px, (min-width: 700px) 450px, calc(100vw - 48px)\" \/><\/div>\n<p><span class=\"custom-subheading-styles\">Racing<\/span><span class=\"text-base text-black font-bold mx-0 my-2.5 p-0 block custom-text-styles\">Josh Tarling abandons the Vuelta a Espa\u00f1a during stage 6<\/span><\/div>\n<div class=\"relative recirc-feed sponsored-card min-h-[250px]\" data-recirc-id=\"article-river-stacked-ads:native-cards\" data-mrf-recirculation=\"article-river-ads\" data-nosnippet data-ad-slot-path=\"feed-sponsored-post\" data-attribute-device=\"all\">\n<div class=\"max-w-full sponsored-post--placeholder animate-pulse\">\n<div class=\"relative!\"><span class=\"text-base text-black font-bold mx-0 my-2.5 p-0 block bg-gray-100\">\u00a0<br \/>\u00a0<\/span><\/div>\n<\/div>\n<\/div>\n<div>\n<div class=\"aspect-[var(--img-listing-aspect-ratio,16\/9)] relative mb-3.5\">\n    <source type=\"image\/webp\" srcset=\"https:\/\/cdn.mos.cms.futurecdn.net\/3iZJDSFZU9XdXY5PfvQduh-840-80.jpg.webp 840w, https:\/\/cdn.mos.cms.futurecdn.net\/3iZJDSFZU9XdXY5PfvQduh-650-80.jpg.webp 650w, https:\/\/cdn.mos.cms.futurecdn.net\/3iZJDSFZU9XdXY5PfvQduh-500-80.jpg.webp 500w, https:\/\/cdn.mos.cms.futurecdn.net\/3iZJDSFZU9XdXY5PfvQduh-450-80.jpg.webp 450w, https:\/\/cdn.mos.cms.futurecdn.net\/3iZJDSFZU9XdXY5PfvQduh-320-80.jpg.webp 320w\" sizes=\"(min-width: 900px) 925px, (min-width: 700px) 450px, calc(100vw - 48px)\" \/><\/div>\n<p><span class=\"custom-subheading-styles\">Teams &amp; Riders<\/span><span class=\"text-base text-black font-bold mx-0 my-2.5 p-0 block custom-text-styles\">&#8216;Heartbroken&#8217; Chad Haga says his career is over after a heavy crash in training<\/span><\/div>\n<div class=\"relative recirc-feed sponsored-card min-h-[250px]\" data-recirc-id=\"article-river-stacked-ads:native-cards\" data-mrf-recirculation=\"article-river-ads\" data-nosnippet data-ad-slot-path=\"feed-sponsored-post\" data-attribute-device=\"all\">\n<div class=\"max-w-full sponsored-post--placeholder animate-pulse\">\n<div class=\"relative!\"><span class=\"text-base text-black font-bold mx-0 my-2.5 p-0 block bg-gray-100\">\u00a0<br \/>\u00a0<\/span><\/div>\n<\/div>\n<\/div>\n<\/div>\n<\/div>\n<\/aside>\n<\/section>\n<\/div>\n<\/div>\n<\/div>\n<div id=\"widgetArea17\" class=\"widget-area md:basis-1\/3 widget-area-g-md-vp-1-3 widget-area-g-lg-vp-1-3 widget-area-g-xl-vp-1-3 page-widget-area-17\">\n<div data-widget-type=\"dynamic\" id=\"popular-data\" class=\"clear-both widget widget-dynamic widget-popular-data widget-dynamic-popular-data widget-dynamic-fter-popular-box\">\n<div class=\"wdn-fte-pb pos-relative space-t20\n\"><\/p>\n<div class=\"slice-container popular-box-slice\">\n<section class=\"popular-box\" data-component-name=\"Slice:PopularBox\">\n<div class=\"popular-box__label\">\n<div class=\"popular-box__label__tab popular-box__label__tab--active\" role=\"heading\">\nLATEST ARTICLES\n<\/div>\n<\/div>\n<ol class=\"popular-box__articles-list popular-box__articles-list--active\">\n<li class=\"popular-box__article-list\">\n<div class=\"popular-box__article-list__container\">\n<div class=\"popular-box__article-list__image-wrapper\">\n<div>\n<source type=\"image\/webp\" srcset=\"https:\/\/cdn.mos.cms.futurecdn.net\/txLrgsAEFvggkkWcyvZfem-1280-80.jpg.webp 1280w, https:\/\/cdn.mos.cms.futurecdn.net\/txLrgsAEFvggkkWcyvZfem-720-80.jpg.webp 720w, https:\/\/cdn.mos.cms.futurecdn.net\/txLrgsAEFvggkkWcyvZfem-640-80.jpg.webp 640w, https:\/\/cdn.mos.cms.futurecdn.net\/txLrgsAEFvggkkWcyvZfem-320-80.jpg.webp 320w\" sizes=\"99vw\" \/><\/div>\n<\/div>\n<div class=\"popular-box__article-list__content\">\n<div class=\"popular-box__article-list__number-text\">1<\/div>\n<div class=\"popular-box__article-list__heading\">\n<p>&#8216;I was like &#8211; what&#8217;s going on, is this a spectator?&#8217; &#8211; Tadej Poga\u010dar surprised by Enric Mas on Vuelta a Espa\u00f1a gravel climb<\/p>\n<\/div>\n<\/div>\n<\/div>\n<\/li>\n<li class=\"popular-box__article-list\">\n<div class=\"popular-box__article-list__container\">\n<div class=\"popular-box__article-list__content\">\n<div class=\"popular-box__article-list__number-text\">2<\/div>\n<div class=\"popular-box__article-list__heading\">\n<p>&#8216;A good day, but let&#8217;s not give it too much importance&#8217; &#8211; Enric Mas remains cautious after matching Tadej Poga\u010dar on Vuelta a Espa\u00f1a gravel climb<\/p>\n<\/div>\n<\/div>\n<\/div>\n<\/li>\n<li class=\"popular-box__article-list\">\n<div class=\"popular-box__article-list__container\">\n<div class=\"popular-box__article-list__content\">\n<div class=\"popular-box__article-list__number-text\">3<\/div>\n<div class=\"popular-box__article-list__heading\">\n<p>Scare for Tadej Poga\u010dar as he veers off-road following rival&#8217;s warning to take it easy on Vuelta a Espa\u00f1a descent \u2013 Video<\/p>\n<\/div>\n<\/div>\n<\/div>\n<\/li>\n<li class=\"popular-box__article-list\">\n<div class=\"popular-box__article-list__container\">\n<div class=\"popular-box__article-list__content\">\n<div class=\"popular-box__article-list__number-text\">4<\/div>\n<div class=\"popular-box__article-list__heading\">\n<p>UCI Mountain Bike World Championships: Laura Stigger, Adrien Boichis claim narrow victories in elite short track<\/p>\n<\/div>\n<\/div>\n<\/div>\n<\/li>\n<li class=\"popular-box__article-list\">\n<div class=\"popular-box__article-list__container\">\n<div class=\"popular-box__article-list__content\">\n<div class=\"popular-box__article-list__number-text\">5<\/div>\n<div class=\"popular-box__article-list__heading\">\n<p>Vuelta a Espa\u00f1a: Tadej Poga\u010dar survives near-crash on descent for third victory of the race on stage 6<\/p>\n<\/div>\n<\/div>\n<\/div>\n<\/li>\n<\/ol>\n<\/section>\n<\/div>\n<\/div>\n<\/div>\n<\/div>\n<\/div>\n<\/article>\n<div class=\"news-article\">\n<header data-component-name=\"Article:Hero\">\n<nav class=\"breadcrumb\" aria-label=\"Breadcrumbs\">\n<ol>\n<li>\nPro Cycling\n<\/li>\n<li>\nTeams &amp; Riders\n<\/li>\n<li>\nEnric Mas\n<\/li>\n<\/ol>\n<\/nav>\n<h1>&#8216;A good day, but let&#8217;s not give it too much importance&#8217; &#8211; Enric Mas remains cautious after matching Tadej Poga\u010dar on Vuelta a Espa\u00f1a gravel climb<\/h1>\n<div class=\"byline-social\">\n<div class=\"vds-byline-block flex flex-row flex-nowrap my-1.5 gap-2 text-left items-start justify-start\" data-component-name=\"Article:BylineBlock\">\n<p>News<\/p>\n<div class=\"my-auto vds-simple-byline\"><span class=\"inline-block vds-author\"><br \/>\nBy<br \/>\nAlasdair Fotheringham <\/span><\/p>\n<div class=\"flex gap-1 vds-byline-with-avatar__meta\"><span class=\"vds-date block font-normal tracking-normal normal-case text-xs\"><br \/>\nPublished<br \/>\n<time data-component-name=\"UI:DateTime\" datetime=\"2026-08-27T17:40:02Z\" class=\"relative-date\"><br \/>\n27 August 2026<br \/>\n<\/time><\/span><\/div>\n<\/div>\n<\/div>\n<p class=\"strapline\">Veteran Spaniard moves up to second overall, but remains over three minutes back on Poga\u010dar<\/p>\n<\/div>\n<aside class=\"text-gray-700 flex items-center mx-0 my-5 p-0 justify-start text-left\" id=\"affiliate-disclaimer\" data-component-name=\"AffiliateDisclaimer\" data-hawk-message=\"Affiliate disclaimer removed because hawk deemed there are no affiliate links on this page\">\n<p class=\"text-[color:var(--affiliate-disclaimer--text-color,inherit)] mb-2 text-[length:var(--affiliate-disclaimer--font-size,0.75rem)] leading-[18px] md:text-[13px] [&amp;&gt;a]:text-inherit [&amp;&gt;a]:underline\">\nWhen you purchase through links on our site, we may earn an affiliate commission. Here\u2019s how it works.\n<\/p>\n<\/aside>\n<\/header>\n<\/div>\n<div id=\"article-body\" class=\"text-copy bodyCopy auto paywall-locker\">\n<div data-analytics-id=\"utility-bar\" id=\"utility-bar\" class=\"font-ui-heading flex justify-between items-center py-2 border-t border-b border-gray-300 border-solid mb-5 mx-auto\" data-component-name=\"UtilityBar\" data-mrf-recirculation=\"utility-bar\">\n<div class=\"flex gap-2 text-[#333] subcontainer\">\n<div class=\"relative tooltip-container\" role=\"tooltip\">\n<div data-component-name=\"Social:Dropdown\" role=\"menu\" id=\"utilitybar__dropdown--share\" aria-labelledby=\"utilitybar__button--share\" class=\"absolute left-0 top-full w-44 bg-white rounded-md shadow-md border border-neutral-200 z-[9996] list-none m-0 py-2 px-3 border-solid\">\n<ul class=\"m-0!\">\n<li class=\"!p-0 !m-0 list-none border-b border-gray-200 border-solid\">\n<li class=\"!p-0 !m-0 list-none border-b border-gray-200 border-solid\">\n<p>Facebook<\/p>\n<\/li>\n<li class=\"!p-0 !m-0 list-none border-b border-gray-200 border-solid\">\n<p>X<\/p>\n<\/li>\n<li class=\"!p-0 !m-0 list-none border-b border-gray-200 border-solid\">\n<p>Pinterest<\/p>\n<\/li>\n<li class=\"!p-0 !m-0 list-none border-b border-gray-200 border-solid\">\n<p>Email<\/p>\n<\/li>\n<\/ul>\n<\/div>\n<div class=\"font-ui-heading max-sm:hidden tooltip absolute left-1\/2 bg-gray-900 text-white text-xs leading-none px-3 py-1.5 rounded-md z-[10001] whitespace-nowrap\" id=\"tooltip-share-this-article\" role=\"tooltip\" aria-hidden=\"true\">\nShare this article\n<\/div>\n<\/div>\n<div class=\"relative tooltip-container\" role=\"tooltip\"><span class=\"ml-1 inline-flex h-5 px-2 shrink-0 items-center justify-center self-center overflow-hidden whitespace-nowrap rounded-[10px] bg-primary-500 text-[11px] leading-none font-ui-heading font-semibold text-white\">1<\/span><\/p>\n<div class=\"font-ui-heading max-sm:hidden tooltip absolute left-1\/2 bg-gray-900 text-white text-xs leading-none px-3 py-1.5 rounded-md z-[10001] whitespace-nowrap\" id=\"tooltip-join-the-conversation\" role=\"tooltip\" aria-hidden=\"true\">\nJoin the conversation\n<\/div>\n<\/div>\n<\/div>\n<div class=\"flex gap-2 text-[#333] subcontainer\">\n<div class=\"relative tooltip-container\" role=\"tooltip\">\n<p>Follow us<\/p>\n<div class=\"font-ui-heading max-sm:hidden tooltip absolute left-1\/2 bg-gray-900 text-white text-xs leading-none px-3 py-1.5 rounded-md z-[10001] whitespace-nowrap\" id=\"tooltip-add-us-as-a-preferred-source-on-google\" role=\"tooltip\" aria-hidden=\"true\">\nAdd us as a preferred source on Google\n<\/div>\n<\/div>\n<div class=\"relative tooltip-container\" role=\"tooltip\">\n<div class=\"font-ui-heading max-sm:hidden tooltip absolute left-1\/2 bg-gray-900 text-white text-xs leading-none px-3 py-1.5 rounded-md z-[10001] whitespace-nowrap\" id=\"tooltip-subscribe-to-our-newsletter\" role=\"tooltip\" aria-hidden=\"true\">\nSubscribe to our newsletter\n<\/div>\n<\/div>\n<\/div>\n<\/div>\n<p id=\"elk-2c393c12-a23e-11f1-9f22-37d32fc25473\">Veteran Spanish Grand Tour specialist Enric Mas has played down the significance of catching Tadej Poga\u010dar in the closing kilometres of stage 6 of the Vuelta a Espa\u00f1a, saying simply that &#8220;it was a good day for me, but let&#8217;s not give it too much importance.&#8221;<\/p>\n<p>On the bounceback from a long spell of illness and injury, the 31-year-old Movistar racer launched a counter-attack on Puerto de El Bartolo to chase down Poga\u010dar by the summit and, after handling a perilous descent with the Slovenian, then ride with him all the way to the finish.<\/p>\n<p id=\"elk-2c393c12-a23e-11f1-9f22-37d32fc25473-2\" aria-hidden=\"true\" class=\"kiosq-b\">After such a long time away, this was Mas&#8217; most spectacular performance in a Grand Tour in years. And for all his insistence this was not such a big deal, the number of times that Poga\u010dar has been caught on one of his trademark solo breakaways in recent years can be counted on the fingers of one hand.<\/p>\n<div class=\"my-6 w-full overflow-hidden rounded-[10px] lg:my-8\" data-component-name=\"JwPlayer:Carousel\" data-jwp-carousel data-jwp-carousel-payload=\"{&quot;ids&quot;:{&quot;playerID&quot;:&quot;jYDCcabO&quot;,&quot;searchPlaylistID&quot;:&quot;gwjdoYHD&quot;,&quot;divID&quot;:&quot;botr_gwjdoYHD_jYDCcabO_div&quot;,&quot;fallbackPlaylistID&quot;:&quot;gwjdoYHD&quot;,&quot;fallbackDivID&quot;:&quot;botr_gwjdoYHD_jYDCcabO_div&quot;,&quot;key&quot;:&quot;X9\/mXVGac0NphghLH9hZaqWA5d3dhAM\/Ih07grnEyMLjuO2E&quot;,&quot;tintLogo&quot;:true,&quot;useSearchPlaylist&quot;:false,&quot;enabled&quot;:true},&quot;signPostingEnabled&quot;:true,&quot;signPostingLinkEnabled&quot;:true,&quot;waitForAdLoad&quot;:false,&quot;hidePlayerOnDesktop&quot;:false,&quot;hidePlayerOnMobile&quot;:false,&quot;hidePlayerOnTablet&quot;:false}\">\n<div class=\"flex flex-nowrap items-center justify-between gap-3 bg-zinc-900 px-[14px] py-3\" data-jwp-carousel-header>\n<div class=\"flex min-w-0 shrink items-center\"><span class=\"inline-flex items-center gap-1.5 text-sm font-article-heading capitalize leading-5 text-white whitespace-nowrap\"><span class=\"jwp-carousel-title-desktop\">Latest Videos From<\/span><span class=\"jwp-carousel-brand\">Cyclingnews<\/span><\/span><\/div>\n<\/div>\n<div class=\"min-h-[44px] bg-zinc-900 px-[14px] py-3\" data-jwp-carousel-signposting><a class=\"invisible block truncate text-sm font-bold leading-5 text-white underline decoration-solid underline-offset-2\" data-jwp-carousel-signposting-link href target=\"_blank\" rel=\"noopener noreferrer\"><span data-jwp-carousel-signposting-title>Watch full video here: <\/span><\/a><\/div>\n<\/div>\n<p aria-hidden=\"true\" class=\"kiosq-b\">Yet four years after Mas clinched his last victory &#8211; in the Giro dell&#8217;Emilia of 2022, and curiously enough, where Poga\u010dar was also present &#8211; that was exactly what the Spaniard managed to do. In the process, he&#8217;s moved up to second overall at 3:34, too, putting the four-times Vuelta podium finisher in pole position to fight for a fifth between here and Granada on September 13.<\/p>\n<p aria-hidden=\"true\" class=\"kiosq-b\">&#8220;It&#8217;s been almost two years since I fought for the overall in a Grand Tour, we&#8217;re on stage 6, and we have to take things little by little,&#8221; Mas, second at the finish behind Poga\u010dar after the two gained a hefty 46 seconds on their rivals, told reporters.<\/p>\n<aside data-component-name=\"Recirculation:ArticleRiver\" data-recirculation-type=\"inline\" data-mrf-recirculation=\"Trending Bar\" data-nosnippet class=\"clear-both pt-2 pb-0 mb-4\"><span class=\"\n            flex\n            after:content-[&apos;&apos;] after:flex-1 after:ml-4 after:my-[0.7rem] after:border-t after:border-solid after:border-t-[#ccc]\n            before:content-[&apos;&apos;] before:flex-1 before:mr-4 before:my-[0.7rem] before:border-t before:border-solid before:border-t-[#ccc]\n            font-article-heading pb-0 text-[length:var(--article-river-title--font-size,1em)] uppercase sm:text-[length:var(--article-river-title--font-size,0.875em)] font-bold\n        \"><br \/>\n            You may like<br \/>\n        <\/span><\/p>\n<ul class=\"flex flex-col gap-0 m-0 max-w-full\">\n<li class=\"m-0 list-none border-b border-solid border-[#ededed] py-2\" data-recirculation-id=\"recirculation-card-1\" id=\"recirculation-inline-1\" data-analytics-id=\"recirculation-inline-1\" data-mrf-recirculation=\"recirculation-inline-1\">\n    <source type=\"image\/webp\" srcset=\"https:\/\/cdn.mos.cms.futurecdn.net\/txLrgsAEFvggkkWcyvZfem-250-80.jpg.webp 250w, https:\/\/cdn.mos.cms.futurecdn.net\/txLrgsAEFvggkkWcyvZfem-150-80.jpg.webp 150w\" sizes=\"150px\" \/><span class=\"w-full text-base font-[var(--article-river-item--font-weight,500)] font-article-heading line-clamp-3 md:line-clamp-2\">&#8216;I was like &#8211; what&#8217;s going on, is this a spectator?&#8217; &#8211; Tadej Poga\u010dar surprised by Enric Mas on Vuelta a Espa\u00f1a gravel climb<\/span><\/li>\n<li class=\"m-0 list-none border-b border-solid border-[#ededed] py-2\" data-recirculation-id=\"recirculation-card-2\" id=\"recirculation-inline-2\" data-analytics-id=\"recirculation-inline-2\" data-mrf-recirculation=\"recirculation-inline-2\">\n    <source type=\"image\/webp\" srcset=\"https:\/\/cdn.mos.cms.futurecdn.net\/2k9AaM8BvbGd7oqzTEr8Kc-250-80.jpg.webp 250w, https:\/\/cdn.mos.cms.futurecdn.net\/2k9AaM8BvbGd7oqzTEr8Kc-150-80.jpg.webp 150w\" sizes=\"150px\" \/><span class=\"w-full text-base font-[var(--article-river-item--font-weight,500)] font-article-heading line-clamp-3 md:line-clamp-2\">Vuelta a Espa\u00f1a: Tadej Poga\u010dar survives near-crash on descent for third victory of the race on stage 6<\/span><\/li>\n<li class=\"m-0 list-none border-b border-solid border-[#ccc] py-2\" data-recirculation-id=\"recirculation-card-3\" id=\"recirculation-inline-3\" data-analytics-id=\"recirculation-inline-3\" data-mrf-recirculation=\"recirculation-inline-3\">\n    <source type=\"image\/webp\" srcset=\"https:\/\/cdn.mos.cms.futurecdn.net\/iHbBV2os4chYos54xt5x2L-250-80.jpg.webp 250w, https:\/\/cdn.mos.cms.futurecdn.net\/iHbBV2os4chYos54xt5x2L-150-80.jpg.webp 150w\" sizes=\"150px\" \/><span class=\"w-full text-base font-[var(--article-river-item--font-weight,500)] font-article-heading line-clamp-3 md:line-clamp-2\">&#8216;We didn&#8217;t know that Enric was so close&#8217; &#8211; Inaccurate time gaps explain how Tadej Poga\u010dar was caught during Vuelta a Espa\u00f1a attack<\/span><\/li>\n<\/ul>\n<\/aside>\n<p aria-hidden=\"true\" class=\"kiosq-b\">&#8220;Pog&#8217; is Pog&#8217; and we have to take things on the day by day. I&#8217;m second overall, I feel good and thanks to the team.<\/p>\n<p aria-hidden=\"true\" class=\"kiosq-b\">&#8220;I went for the sprint on the top of the climb because the team told me there was a bonus and when I caught Poga\u010dar, I thought &#8211; OK, I&#8217;ll try and get past first. I don&#8217;t know if he was surprised, but I managed to get those six seconds.&#8221;<\/p>\n<div id=\"slice-container-newsletterForm-articleInbodyContent-xqLePGuHVN2NkTKmxe5Zs9\" class=\"slice-container newsletter-inbodyContent-slice newsletterForm-articleInbodyContent-xqLePGuHVN2NkTKmxe5Zs9 slice-container-newsletterForm\">\n<div data-hydrate=\"true\" class=\"newsletter-form__wrapper newsletter-form__wrapper--inbodyContent\">\n<div class=\"newsletter-form__container\">\n<section class=\"newsletter-form__top-bar\">\n<div class=\"newsletter-form__header\">Get The Leadout Newsletter<\/div>\n<\/section>\n<section class=\"newsletter-form__main-section\">\n<p class=\"newsletter-form__strapline\">The latest race content, interviews, features, reviews and expert buying guides, direct to your inbox!<\/p>\n<footer class=\"newsletter-form__footer \">By submitting your information you agree to the Terms &amp; Conditions and Privacy Policy and are aged 16 or over.<\/footer>\n<\/section>\n<\/div>\n<\/div>\n<\/div>\n<p aria-hidden=\"true\" class=\"kiosq-b\">The tricky, technical downhill was almost as critical to the race outcome as the climb itself, with Poga\u010dar briefly going off course after Mas overcooked one slalom but staying upright and able to return to the road. Mas then took charge of handling the descent and even indicated with his hand to his rival, following behind, when the most dangerous corners were approaching.<\/p>\n<p aria-hidden=\"true\" class=\"kiosq-b\">&#8220;I warned him there was a difficult bend, and we had to be alert. There was a moment when I gave it a little too much, the road was a bit dirty because it was cement, but you all saw the way he can handle his bike. He went off course, but by the time I had turned round, he was already back with me.&#8221;<\/p>\n<p aria-hidden=\"true\" class=\"kiosq-b\">Mas was also as typically understated as ever about the dangers of the descent, saying, &#8220;We knew it was a cement-surfaced descent of the kind we&#8217;re not used to handling, so I took it calmly; there were a few moments when I skidded, but that&#8217;s part of racing.&#8221;<\/p>\n<aside data-component-name=\"Recirculation:ArticleRiver\" data-recirculation-type=\"inline\" data-mrf-recirculation=\"Trending Bar\" data-nosnippet class=\"clear-both pt-2 pb-0 mb-4\"><span class=\"\n            flex\n            after:content-[&apos;&apos;] after:flex-1 after:ml-4 after:my-[0.7rem] after:border-t after:border-solid after:border-t-[#ccc]\n            before:content-[&apos;&apos;] before:flex-1 before:mr-4 before:my-[0.7rem] before:border-t before:border-solid before:border-t-[#ccc]\n            font-article-heading pb-0 text-[length:var(--article-river-title--font-size,1em)] uppercase sm:text-[length:var(--article-river-title--font-size,0.875em)] font-bold\n        \"><br \/>\n            What to read next<br \/>\n        <\/span><\/p>\n<ul class=\"flex flex-col gap-0 m-0 max-w-full\">\n<li class=\"m-0 list-none border-b border-solid border-[#ededed] py-2\" data-recirculation-id=\"recirculation-card-1\" id=\"recirculation-inline-2-1\" data-analytics-id=\"recirculation-2-inline-1\" data-mrf-recirculation=\"recirculation-2-inline-1\">\n    <source type=\"image\/webp\" srcset=\"https:\/\/cdn.mos.cms.futurecdn.net\/cLSHcRATZJ5wsZjNMcxxtC-250-80.jpg.webp 250w, https:\/\/cdn.mos.cms.futurecdn.net\/cLSHcRATZJ5wsZjNMcxxtC-150-80.jpg.webp 150w\" sizes=\"150px\" \/><span class=\"w-full text-base font-[var(--article-river-item--font-weight,500)] font-article-heading line-clamp-3 md:line-clamp-2\">&#8216;When Wout goes, you have to react&#8217; &#8211; Tadej Poga\u010dar retains Vuelta a Espa\u00f1a lead after sizzling finale duel with Van Aert<\/span><\/li>\n<li class=\"m-0 list-none border-b border-solid border-[#ededed] py-2\" data-recirculation-id=\"recirculation-card-2\" id=\"recirculation-inline-2-2\" data-analytics-id=\"recirculation-2-inline-2\" data-mrf-recirculation=\"recirculation-2-inline-2\">\n    <source type=\"image\/webp\" srcset=\"https:\/\/cdn.mos.cms.futurecdn.net\/JLYbQXUaN585xQmKbegacC-250-80.jpg.webp 250w, https:\/\/cdn.mos.cms.futurecdn.net\/JLYbQXUaN585xQmKbegacC-150-80.jpg.webp 150w\" sizes=\"150px\" \/><span class=\"w-full text-base font-[var(--article-river-item--font-weight,500)] font-article-heading line-clamp-3 md:line-clamp-2\">&#8216;Tadej has made a big statement&#8217; &#8211; UAE Team Emirates-XRG cautiously delighted with Poga\u010dar&#8217;s knock-out Vuelta a Espa\u00f1a stage win<\/span><\/li>\n<li class=\"m-0 list-none border-b border-solid border-[#ccc] py-2\" data-recirculation-id=\"recirculation-card-3\" id=\"recirculation-inline-2-3\" data-analytics-id=\"recirculation-2-inline-3\" data-mrf-recirculation=\"recirculation-2-inline-3\">\n    <source type=\"image\/webp\" srcset=\"https:\/\/cdn.mos.cms.futurecdn.net\/mTCv9V3z6mz9pLLTqshU2V-250-80.jpg.webp 250w, https:\/\/cdn.mos.cms.futurecdn.net\/mTCv9V3z6mz9pLLTqshU2V-150-80.jpg.webp 150w\" sizes=\"150px\" \/><span class=\"w-full text-base font-[var(--article-river-item--font-weight,500)] font-article-heading line-clamp-3 md:line-clamp-2\">&#8216;I&#8217;m not thinking about who is the best&#8217; &#8211; Vuelta a Espa\u00f1a dominator Tadej Poga\u010dar sidesteps debate over place in cycling history<\/span><\/li>\n<\/ul>\n<\/aside>\n<p aria-hidden=\"true\" class=\"kiosq-b\">Despite being the first rider to catch Poga\u010dar in a breakaway since Mattias Skjelmose (Lidl-Trek) and Remco Evenepoel (Red Bull-Bora-Hansgrohe) tracked down the Slovenian at Amstel Gold last year, Mas preferred to look ahead.<\/p>\n<p aria-hidden=\"true\" class=\"kiosq-b\">&#8220;Tomorrow [Valdelinares] is a summit finish which I think can be important for the team,&#8221; he pointed out, &#8220;and we&#8217;ll try and get somebody up there.&#8221;<\/p>\n<p aria-hidden=\"true\" class=\"kiosq-b\">But for all his refusal to give his achievement too much importance, as little as seven days ago in the pre-race press conference in Monaco, Mas had commented that Poga\u010dar&#8217;s presence in the Vuelta, &#8220;would have a huge influence on the race and he&#8217;ll do what he wants, one day he&#8217;ll get a shedload of minutes on us all.&#8221;<\/p>\n<p aria-hidden=\"true\" class=\"kiosq-b\">That was certainly true in Andorra, but just two days later, Mas managed to stay on terms with Poga\u010dar on a stage that looked like it was made for the Slovenian to conquer with the same ease he had crushed the Pyrenees.<\/p>\n<p aria-hidden=\"true\" class=\"kiosq-b\">No matter your perspective, that&#8217;s an utterly unexpected development and one which provides the race&#8217;s next summit finish at Valdelinares on Thursday with a whole new level of interest, too.<\/p>\n<p id=\"elk-2c393d3e-a23e-11f1-870b-f3facdc0e3e7\" aria-hidden=\"true\" class=\"kiosq-b\"><strong>For unbeatable coverage across road, gravel and tech, subscribe to Cyclingnews. You&#8217;ll get comprehensive race coverage of La Vuelta a Espa\u00f1a, subscriber-exclusive analysis from our expert columnists, in-depth features and industry-leading tech insight. Plus, the Cyclingnews app lets you follow the action wherever you go! <\/strong><u><strong>Join today<\/strong><\/u><\/p>\n<\/div>\n<p>[analyse_source url=&#8221;https:\/\/www.cyclingnews.com\/pro-cycling\/teams-riders\/a-good-day-but-lets-not-give-it-too-much-importance-enric-mas-remains-cautious-after-matching-tadej-pogacar-on-vuelta-a-espana-gravel-climb\/&#8221;]<\/p>\n","protected":false},"excerpt":{"rendered":"<p>[analyse_image type=&#8221;featured&#8221; src=&#8221;https:\/\/cdn.mos.cms.futurecdn.net\/x95sC8eRpV3thnhQgo4RgK-2000-80.jpg&#8221;] 1 As it happened: Domination on stage 4 of the Vuelta a Espa\u00f1a with a long-range solo move in Andorra 2 As it happened: The red jersey wins again on Vuelta a Espa\u00f1a gravel but it wasn&#8217;t pure domination this time 3 Vuelta a Espa\u00f1a GC standings &#8211; Tadej Poga\u010dar gains more [&hellip;]<\/p>\n","protected":false},"author":1,"featured_media":0,"comment_status":"open","ping_status":"","sticky":false,"template":"","format":"standard","meta":{"footnotes":""},"categories":[2],"tags":[226,68],"class_list":["post-2115065","post","type-post","status-publish","format-standard","hentry","category-politics","tag-crawlmanager","tag-cyclingnews-com"],"_links":{"self":[{"href":"https:\/\/analyse.optim.biz\/index.php?rest_route=\/wp\/v2\/posts\/2115065","targetHints":{"allow":["GET"]}}],"collection":[{"href":"https:\/\/analyse.optim.biz\/index.php?rest_route=\/wp\/v2\/posts"}],"about":[{"href":"https:\/\/analyse.optim.biz\/index.php?rest_route=\/wp\/v2\/types\/post"}],"author":[{"embeddable":true,"href":"https:\/\/analyse.optim.biz\/index.php?rest_route=\/wp\/v2\/users\/1"}],"replies":[{"embeddable":true,"href":"https:\/\/analyse.optim.biz\/index.php?rest_route=%2Fwp%2Fv2%2Fcomments&post=2115065"}],"version-history":[{"count":0,"href":"https:\/\/analyse.optim.biz\/index.php?rest_route=\/wp\/v2\/posts\/2115065\/revisions"}],"wp:attachment":[{"href":"https:\/\/analyse.optim.biz\/index.php?rest_route=%2Fwp%2Fv2%2Fmedia&parent=2115065"}],"wp:term":[{"taxonomy":"category","embeddable":true,"href":"https:\/\/analyse.optim.biz\/index.php?rest_route=%2Fwp%2Fv2%2Fcategories&post=2115065"},{"taxonomy":"post_tag","embeddable":true,"href":"https:\/\/analyse.optim.biz\/index.php?rest_route=%2Fwp%2Fv2%2Ftags&post=2115065"}],"curies":[{"name":"wp","href":"https:\/\/api.w.org\/{rel}","templated":true}]}}