{"id":2115050,"date":"2026-08-27T12:29:10","date_gmt":"2026-08-27T09:29:10","guid":{"rendered":"https:\/\/analyse.optim.biz\/?p=2115050"},"modified":"2026-08-27T12:29:10","modified_gmt":"2026-08-27T09:29:10","slug":"heartbroken-chad-haga-says-his-career-is-over-after-a-heavy-crash-in-training","status":"publish","type":"post","link":"https:\/\/analyse.optim.biz\/?p=2115050","title":{"rendered":"&#8216;Heartbroken&#8217; Chad Haga says his career is over after a heavy crash in training"},"content":{"rendered":"<p>[analyse_image type=&#8221;featured&#8221; src=&#8221;https:\/\/cdn.mos.cms.futurecdn.net\/3iZJDSFZU9XdXY5PfvQduh-1500-80.jpg&#8221;]<\/p>\n<article class=\"m-0 box-border flex flex-row items-center pr-2.5 gap-[15px] w-[278px] h-20 flex-none upnext-article-divider\" role=\"listitem\" aria-label=\"Recommended article 1 of 3\">\n<div class=\"relative flex-none w-20 h-20\">\n    <source type=\"image\/webp\" srcset=\"https:\/\/cdn.mos.cms.futurecdn.net\/preyXU8URFip5kJRmtcp5W-160-80.jpg.webp 160w, https:\/\/cdn.mos.cms.futurecdn.net\/preyXU8URFip5kJRmtcp5W-80-80.jpg.webp 80w\" sizes=\"80px\" \/><\/p>\n<div class=\"flex items-center justify-center absolute w-4 h-6 left-0 top-0 bg-white\/90 flex-none z-[1]\" aria-hidden=\"true\"><span class=\"font-normal text-base leading-[17px] tracking-[1.3px] uppercase text-black flex-none\">1<\/span><\/div>\n<\/div>\n<div class=\"flex flex-col items-center justify-center gap-1.5 w-[173px] h-20 flex-none\">\n<p class=\"font-article-heading font-medium text-base leading-[21px] text-gray-800 w-[173px] line-clamp-3 group-hover:underline\">\n                                    Julian Alaphilippe has reportedly called an early end to his professional racing career\n                                <\/p>\n<\/div>\n<\/article>\n<article class=\"m-0 box-border flex flex-row items-center pr-2.5 gap-[15px] w-[278px] h-20 flex-none upnext-article-divider\" role=\"listitem\" aria-label=\"Recommended article 2 of 3\">\n<div class=\"relative flex-none w-20 h-20\">\n    <source type=\"image\/webp\" srcset=\"https:\/\/cdn.mos.cms.futurecdn.net\/e6sGShuYn9HxtcRgKLWLpM-160-80.jpg.webp 160w, https:\/\/cdn.mos.cms.futurecdn.net\/e6sGShuYn9HxtcRgKLWLpM-80-80.jpg.webp 80w\" sizes=\"80px\" \/><\/p>\n<div class=\"flex items-center justify-center absolute w-[18px] h-6 left-0 top-0 bg-white\/90 flex-none z-[1]\" aria-hidden=\"true\"><span class=\"font-normal text-base leading-[17px] tracking-[1.3px] uppercase text-black flex-none\">2<\/span><\/div>\n<\/div>\n<div class=\"flex flex-col items-center justify-center gap-1.5 w-[173px] h-20 flex-none\">\n<p class=\"font-article-heading font-medium text-base leading-[21px] text-gray-800 w-[173px] line-clamp-3 group-hover:underline\">\n                                    &#8216;I gave everything I had, and cycling gave me everything in return&#8217; \u2013 Julian Alaphilippe confirms his career is over\n                                <\/p>\n<\/div>\n<\/article>\n<article class=\"m-0 box-border flex flex-row items-center pr-2.5 gap-[15px] w-[278px] h-20 flex-none\" role=\"listitem\" aria-label=\"Recommended article 3 of 3\">\n<div class=\"relative flex-none w-20 h-20\">\n    <source type=\"image\/webp\" srcset=\"https:\/\/cdn.mos.cms.futurecdn.net\/YvLurAtwGrsupwv3CVbzQM-160-80.jpg.webp 160w, https:\/\/cdn.mos.cms.futurecdn.net\/YvLurAtwGrsupwv3CVbzQM-80-80.jpg.webp 80w\" sizes=\"80px\" \/><\/p>\n<div class=\"flex items-center justify-center absolute w-[18px] h-6 left-0 top-0 bg-white\/90 flex-none z-[1]\" aria-hidden=\"true\"><span class=\"font-normal text-base leading-[17px] tracking-[1.3px] uppercase text-black flex-none\">3<\/span><\/div>\n<\/div>\n<div class=\"flex flex-col items-center justify-center gap-1.5 w-[173px] h-20 flex-none\">\n<p class=\"font-article-heading font-medium text-base leading-[21px] text-gray-800 w-[173px] line-clamp-3 group-hover:underline\">\n                                    &#8216;Just putting my socks on these last three weeks was the hardest&#8217; &#8211; Primo\u017e Rogli\u010d reveals scale of post-crash injuries and challenge to reach Vuelta a Espa\u00f1a startline\n                                <\/p>\n<\/div>\n<\/article>\n<article class=\"page-content-onecol flex-1\nnews-article article\n\"><\/p>\n<div class=\"widget-area-group widget-area-group-2col flex flex-wrap box-border\">\n<div id=\"widgetArea16\" class=\"widget-area basis-full md:basis-2\/3 widget-area-g-md-vp-2-3 widget-area-g-lg-vp-2-3 widget-area-g-xl-vp-2-3 page-widget-area-16\">\n<div data-widget-type=\"hero\" id=\"hero\" class=\"clear-both widget widget-hero widget-hero widget-hero-hero widget-hero widget-hero-fter-news\">\n<div class=\"news-article\">\n<header data-component-name=\"Article:Hero\">\n<nav class=\"breadcrumb\" aria-label=\"Breadcrumbs\">\n<ol>\n<li>\nPro Cycling\n<\/li>\n<li>\nTeams &amp; Riders\n<\/li>\n<li>\nChad Haga\n<\/li>\n<\/ol>\n<\/nav>\n<h1>&#8216;Heartbroken&#8217; Chad Haga says his career is over after a heavy crash in training<\/h1>\n<div class=\"byline-social\">\n<div class=\"vds-byline-block flex flex-row flex-nowrap my-1.5 gap-2 text-left items-start justify-start\" data-component-name=\"Article:BylineBlock\">\n<p>News<\/p>\n<div class=\"my-auto vds-simple-byline\"><span class=\"inline-block vds-author\"><br \/>\nBy<br \/>\nPatrick Fletcher <\/span><\/p>\n<div class=\"flex gap-1 vds-byline-with-avatar__meta\"><span class=\"vds-date block font-normal tracking-normal normal-case text-xs\"><br \/>\nPublished<br \/>\n<time data-component-name=\"UI:DateTime\" datetime=\"2026-08-27T12:29:10Z\" class=\"relative-date\"><br \/>\n27 August 2026<br \/>\n<\/time><\/span><\/div>\n<\/div>\n<\/div>\n<p class=\"strapline\">US gravel racer had planned to hang up his wheels at the end of 2026 but retirement now comes early and with a string of injuries<\/p>\n<\/div>\n<aside class=\"text-gray-700 flex items-center mx-0 my-5 p-0 justify-start text-left\" id=\"affiliate-disclaimer\" data-component-name=\"AffiliateDisclaimer\" data-hawk-message=\"Affiliate disclaimer removed because hawk deemed there are no affiliate links on this page\">\n<p class=\"text-[color:var(--affiliate-disclaimer--text-color,inherit)] mb-2 text-[length:var(--affiliate-disclaimer--font-size,0.75rem)] leading-[18px] md:text-[13px] [&amp;&gt;a]:text-inherit [&amp;&gt;a]:underline\">\nWhen you purchase through links on our site, we may earn an affiliate commission. Here\u2019s how it works.\n<\/p>\n<\/aside>\n<\/header>\n<\/div>\n<\/div>\n<div data-widget-type=\"contentparsed\" id=\"content\" class=\"clear-both widget widget-contentparsed widget-content widget-contentparsed-content widget-content-parsed widget-content-parsed-content_document \">\n<div class=\"wcp-item-content\">\n<section class=\"content-wrapper\">\n<div class=\"box less-space hero-image-wrapper\">\n<figure class=\"mb-0\">\n<source type=\"image\/webp\" srcset=\"https:\/\/cdn.mos.cms.futurecdn.net\/3iZJDSFZU9XdXY5PfvQduh-1500-80.jpg.webp 1920w, https:\/\/cdn.mos.cms.futurecdn.net\/3iZJDSFZU9XdXY5PfvQduh-1500-80.jpg.webp 1600w, https:\/\/cdn.mos.cms.futurecdn.net\/3iZJDSFZU9XdXY5PfvQduh-1200-80.jpg.webp 1200w, https:\/\/cdn.mos.cms.futurecdn.net\/3iZJDSFZU9XdXY5PfvQduh-1024-80.jpg.webp 1024w, https:\/\/cdn.mos.cms.futurecdn.net\/3iZJDSFZU9XdXY5PfvQduh-970-80.jpg.webp 970w, https:\/\/cdn.mos.cms.futurecdn.net\/3iZJDSFZU9XdXY5PfvQduh-750-80.jpg.webp 750w, https:\/\/cdn.mos.cms.futurecdn.net\/3iZJDSFZU9XdXY5PfvQduh-650-80.jpg.webp 650w, https:\/\/cdn.mos.cms.futurecdn.net\/3iZJDSFZU9XdXY5PfvQduh-480-80.jpg.webp 480w, https:\/\/cdn.mos.cms.futurecdn.net\/3iZJDSFZU9XdXY5PfvQduh-320-80.jpg.webp 320w\" sizes=\"(min-width: 1000px) 600px, 100vw\" \/><figcaption class=\"font-article-copy text-(--image--text--color) font-article-copy mt-2\"><span class=\"caption-text font-article-copy\">Chad Haga (PAS Racing) out the front in the break at Unbound Gravel 200 in 2024<\/span><span class=\"credit font-article-copy\">(Image credit: Life Time\/Dan Hughes)<\/span><\/figcaption><\/figure>\n<\/div>\n<div id=\"article-body\" class=\"text-copy bodyCopy auto paywall-locker\">\n<div data-analytics-id=\"utility-bar\" id=\"utility-bar\" class=\"font-ui-heading flex justify-between items-center py-2 border-t border-b border-gray-300 border-solid mb-5 mx-auto\" data-component-name=\"UtilityBar\" data-mrf-recirculation=\"utility-bar\">\n<div class=\"flex gap-2 text-[#333] subcontainer\">\n<div class=\"relative tooltip-container\" role=\"tooltip\">\n<div data-component-name=\"Social:Dropdown\" role=\"menu\" id=\"utilitybar__dropdown--share\" aria-labelledby=\"utilitybar__button--share\" class=\"absolute left-0 top-full w-44 bg-white rounded-md shadow-md border border-neutral-200 z-[9996] list-none m-0 py-2 px-3 border-solid\">\n<ul class=\"m-0!\">\n<li class=\"!p-0 !m-0 list-none border-b border-gray-200 border-solid\">\n<li class=\"!p-0 !m-0 list-none border-b border-gray-200 border-solid\">\n<p>Facebook<\/p>\n<\/li>\n<li class=\"!p-0 !m-0 list-none border-b border-gray-200 border-solid\">\n<p>X<\/p>\n<\/li>\n<li class=\"!p-0 !m-0 list-none border-b border-gray-200 border-solid\">\n<p>Pinterest<\/p>\n<\/li>\n<li class=\"!p-0 !m-0 list-none border-b border-gray-200 border-solid\">\n<p>Email<\/p>\n<\/li>\n<\/ul>\n<\/div>\n<div class=\"font-ui-heading max-sm:hidden tooltip absolute left-1\/2 bg-gray-900 text-white text-xs leading-none px-3 py-1.5 rounded-md z-[10001] whitespace-nowrap\" id=\"tooltip-share-this-article\" role=\"tooltip\" aria-hidden=\"true\">\nShare this article\n<\/div>\n<\/div>\n<div class=\"relative tooltip-container\" role=\"tooltip\"><span class=\"ml-1 inline-flex h-5 px-2 shrink-0 items-center justify-center self-center overflow-hidden whitespace-nowrap rounded-[10px] bg-primary-500 text-[11px] leading-none font-ui-heading font-semibold text-white\">0<\/span><\/p>\n<div class=\"font-ui-heading max-sm:hidden tooltip absolute left-1\/2 bg-gray-900 text-white text-xs leading-none px-3 py-1.5 rounded-md z-[10001] whitespace-nowrap\" id=\"tooltip-join-the-conversation\" role=\"tooltip\" aria-hidden=\"true\">\nJoin the conversation\n<\/div>\n<\/div>\n<\/div>\n<div class=\"flex gap-2 text-[#333] subcontainer\">\n<div class=\"relative tooltip-container\" role=\"tooltip\">\n<p>Follow us<\/p>\n<div class=\"font-ui-heading max-sm:hidden tooltip absolute left-1\/2 bg-gray-900 text-white text-xs leading-none px-3 py-1.5 rounded-md z-[10001] whitespace-nowrap\" id=\"tooltip-add-us-as-a-preferred-source-on-google\" role=\"tooltip\" aria-hidden=\"true\">\nAdd us as a preferred source on Google\n<\/div>\n<\/div>\n<div class=\"relative tooltip-container\" role=\"tooltip\">\n<div class=\"font-ui-heading max-sm:hidden tooltip absolute left-1\/2 bg-gray-900 text-white text-xs leading-none px-3 py-1.5 rounded-md z-[10001] whitespace-nowrap\" id=\"tooltip-subscribe-to-our-newsletter\" role=\"tooltip\" aria-hidden=\"true\">\nSubscribe to our newsletter\n<\/div>\n<\/div>\n<\/div>\n<\/div>\n<p id=\"elk-c50a1e2e-a20d-11f1-b9e5-a7dc9fb9a042\">Chad Haga has indicated that his cycling career is over after a heavy crash on his mountain bike left him with multiple injuries.<\/p>\n<p>The 38-year-old US rider has carved out a successful secondary career in gravel since retiring from road cycling at the end of 2023, but recently revealed his plans to hang up his wheels at the end of this season.<\/p>\n<p id=\"elk-c50a1e2e-a20d-11f1-b9e5-a7dc9fb9a042-2\" aria-hidden=\"true\" class=\"kiosq-b\">That ending has now come prematurely, and without a fitting farewell, as Haga revealed in an emotional social media post on Thursday morning.<\/p>\n<div class=\"my-6 w-full overflow-hidden rounded-[10px] lg:my-8\" data-component-name=\"JwPlayer:Carousel\" data-jwp-carousel data-jwp-carousel-payload=\"{&quot;ids&quot;:{&quot;playerID&quot;:&quot;jYDCcabO&quot;,&quot;searchPlaylistID&quot;:&quot;gwjdoYHD&quot;,&quot;divID&quot;:&quot;botr_gwjdoYHD_jYDCcabO_div&quot;,&quot;fallbackPlaylistID&quot;:&quot;gwjdoYHD&quot;,&quot;fallbackDivID&quot;:&quot;botr_gwjdoYHD_jYDCcabO_div&quot;,&quot;key&quot;:&quot;X9\/mXVGac0NphghLH9hZaqWA5d3dhAM\/Ih07grnEyMLjuO2E&quot;,&quot;tintLogo&quot;:true,&quot;useSearchPlaylist&quot;:false,&quot;enabled&quot;:true},&quot;signPostingEnabled&quot;:true,&quot;signPostingLinkEnabled&quot;:true,&quot;waitForAdLoad&quot;:false,&quot;hidePlayerOnDesktop&quot;:false,&quot;hidePlayerOnMobile&quot;:false,&quot;hidePlayerOnTablet&quot;:false}\">\n<div class=\"flex flex-nowrap items-center justify-between gap-3 bg-zinc-900 px-[14px] py-3\" data-jwp-carousel-header>\n<div class=\"flex min-w-0 shrink items-center\"><span class=\"inline-flex items-center gap-1.5 text-sm font-article-heading capitalize leading-5 text-white whitespace-nowrap\"><span class=\"jwp-carousel-title-desktop\">Latest Videos From<\/span><span class=\"jwp-carousel-brand\">Cyclingnews<\/span><\/span><\/div>\n<\/div>\n<div class=\"min-h-[44px] bg-zinc-900 px-[14px] py-3\" data-jwp-carousel-signposting><a class=\"invisible block truncate text-sm font-bold leading-5 text-white underline decoration-solid underline-offset-2\" data-jwp-carousel-signposting-link href target=\"_blank\" rel=\"noopener noreferrer\"><span data-jwp-carousel-signposting-title>Watch full video here: <\/span><\/a><\/div>\n<\/div>\n<p aria-hidden=\"true\" class=\"kiosq-b\">&#8220;Heartbroken,&#8221; he wrote alongside a photo of himself in a hospital bed.<\/p>\n<p aria-hidden=\"true\" class=\"kiosq-b\">&#8220;This morning I gave a little mtb jump too much pop and ended my career early.&#8221;<\/p>\n<aside data-component-name=\"Recirculation:ArticleRiver\" data-recirculation-type=\"inline\" data-mrf-recirculation=\"Trending Bar\" data-nosnippet class=\"clear-both pt-2 pb-0 mb-4\"><span class=\"\n            flex\n            after:content-[&apos;&apos;] after:flex-1 after:ml-4 after:my-[0.7rem] after:border-t after:border-solid after:border-t-[#ccc]\n            before:content-[&apos;&apos;] before:flex-1 before:mr-4 before:my-[0.7rem] before:border-t before:border-solid before:border-t-[#ccc]\n            font-article-heading pb-0 text-[length:var(--article-river-title--font-size,1em)] uppercase sm:text-[length:var(--article-river-title--font-size,0.875em)] font-bold\n        \"><br \/>\n            You may like<br \/>\n        <\/span><\/p>\n<ul class=\"flex flex-col gap-0 m-0 max-w-full\">\n<li class=\"m-0 list-none border-b border-solid border-[#ededed] py-2\" data-recirculation-id=\"recirculation-card-1\" id=\"recirculation-inline-1\" data-analytics-id=\"recirculation-inline-1\" data-mrf-recirculation=\"recirculation-inline-1\">\n    <source type=\"image\/webp\" srcset=\"https:\/\/cdn.mos.cms.futurecdn.net\/oFHHPQJ4KKJ9XpSBHAhNHC-250-80.jpg.webp 250w, https:\/\/cdn.mos.cms.futurecdn.net\/oFHHPQJ4KKJ9XpSBHAhNHC-150-80.jpg.webp 150w\" sizes=\"150px\" \/><span class=\"w-full text-base font-[var(--article-river-item--font-weight,500)] font-article-heading line-clamp-3 md:line-clamp-2\">Jonas Vingegaard out for rest of season with no return possible after crash<\/span><\/li>\n<li class=\"m-0 list-none border-b border-solid border-[#ededed] py-2\" data-recirculation-id=\"recirculation-card-2\" id=\"recirculation-inline-2\" data-analytics-id=\"recirculation-inline-2\" data-mrf-recirculation=\"recirculation-inline-2\">\n    <source type=\"image\/webp\" srcset=\"https:\/\/cdn.mos.cms.futurecdn.net\/Mt3AtJFa6VeX8otHqnyqJY-250-80.jpg.webp 250w, https:\/\/cdn.mos.cms.futurecdn.net\/Mt3AtJFa6VeX8otHqnyqJY-150-80.jpg.webp 150w\" sizes=\"150px\" \/><span class=\"w-full text-base font-[var(--article-river-item--font-weight,500)] font-article-heading line-clamp-3 md:line-clamp-2\">&#8216;At least the struggle now makes sense&#8217; \u2013 Uno-X Mobility rider reveals he raced half the Giro d&#8217;Italia with a broken rib and three lower back fractures<\/span><\/li>\n<li class=\"m-0 list-none border-b border-solid border-[#ccc] py-2\" data-recirculation-id=\"recirculation-card-3\" id=\"recirculation-inline-3\" data-analytics-id=\"recirculation-inline-3\" data-mrf-recirculation=\"recirculation-inline-3\">\n    <source type=\"image\/webp\" srcset=\"https:\/\/cdn.mos.cms.futurecdn.net\/bZWAncvpLsdhmW3LWV4FTJ-250-80.jpg.webp 250w, https:\/\/cdn.mos.cms.futurecdn.net\/bZWAncvpLsdhmW3LWV4FTJ-150-80.jpg.webp 150w\" sizes=\"150px\" \/><span class=\"w-full text-base font-[var(--article-river-item--font-weight,500)] font-article-heading line-clamp-3 md:line-clamp-2\">Four-time Tour de France winner Chris Froome announces retirement from pro cycling<\/span><\/li>\n<\/ul>\n<\/aside>\n<p aria-hidden=\"true\" class=\"kiosq-b\">Haga then listed out the injuries he had sustained, which include damage to both forearms as well as two broken ribs, a collarbone injury, and a collapsed lung.<\/p>\n<p aria-hidden=\"true\" class=\"kiosq-b\">The radius and the ulna are the two bones that comprise the forearm, and while Haga does not specifically state as such, it is presumed that he suffered a fracture in the top of his left radius and a fracture to his right ulna.<\/p>\n<div id=\"slice-container-newsletterForm-articleInbodyContent-bVGvudkPhd5EgCongbBL5d\" class=\"slice-container newsletter-inbodyContent-slice newsletterForm-articleInbodyContent-bVGvudkPhd5EgCongbBL5d slice-container-newsletterForm\">\n<div data-hydrate=\"true\" class=\"newsletter-form__wrapper newsletter-form__wrapper--inbodyContent\">\n<div class=\"newsletter-form__container\">\n<section class=\"newsletter-form__top-bar\">\n<div class=\"newsletter-form__header\">Get The Leadout Newsletter<\/div>\n<\/section>\n<section class=\"newsletter-form__main-section\">\n<p class=\"newsletter-form__strapline\">The latest race content, interviews, features, reviews and expert buying guides, direct to your inbox!<\/p>\n<footer class=\"newsletter-form__footer \">By submitting your information you agree to the Terms &amp; Conditions and Privacy Policy and are aged 16 or over.<\/footer>\n<\/section>\n<\/div>\n<\/div>\n<\/div>\n<p aria-hidden=\"true\" class=\"kiosq-b\">Haga also indicated that he suffered a head impact.<\/p>\n<p aria-hidden=\"true\" class=\"kiosq-b\">&#8220;I&#8217;m thankful that my helmet did its job and saved my brain,&#8221; he wrote, going on to thank the emergency medical technicians who treated him as well as his family and friends.<\/p>\n<p id=\"elk-309bf452-a211-11f1-9650-cbf0c80e0f99\" aria-hidden=\"true\" class=\"kiosq-b\">Haga spent a decade as a pro road racer and won a stage of the Giro d&#8217;Italia with the Sunweb team before following the wave of road pros heading into the burgeoning gravel scene in 2024. After a number of solo missions to &#8216;prove that I belong&#8217;, he bagged a ride with the PAS Racing set-up and went on to finish runner-up at that year&#8217;s Unbound 200, the biggest race in gravel.<\/p>\n<aside data-component-name=\"Recirculation:ArticleRiver\" data-recirculation-type=\"inline\" data-mrf-recirculation=\"Trending Bar\" data-nosnippet class=\"clear-both pt-2 pb-0 mb-4\"><span class=\"\n            flex\n            after:content-[&apos;&apos;] after:flex-1 after:ml-4 after:my-[0.7rem] after:border-t after:border-solid after:border-t-[#ccc]\n            before:content-[&apos;&apos;] before:flex-1 before:mr-4 before:my-[0.7rem] before:border-t before:border-solid before:border-t-[#ccc]\n            font-article-heading pb-0 text-[length:var(--article-river-title--font-size,1em)] uppercase sm:text-[length:var(--article-river-title--font-size,0.875em)] font-bold\n        \"><br \/>\n            What to read next<br \/>\n        <\/span><\/p>\n<ul class=\"flex flex-col gap-0 m-0 max-w-full\">\n<li class=\"m-0 list-none border-b border-solid border-[#ededed] py-2\" data-recirculation-id=\"recirculation-card-1\" id=\"recirculation-inline-2-1\" data-analytics-id=\"recirculation-2-inline-1\" data-mrf-recirculation=\"recirculation-2-inline-1\">\n    <source type=\"image\/webp\" srcset=\"https:\/\/cdn.mos.cms.futurecdn.net\/QL4TfcDkAYHJLFp34Pqnma-250-80.jpg.webp 250w, https:\/\/cdn.mos.cms.futurecdn.net\/QL4TfcDkAYHJLFp34Pqnma-150-80.jpg.webp 150w\" sizes=\"150px\" \/><span class=\"w-full text-base font-[var(--article-river-item--font-weight,500)] font-article-heading line-clamp-3 md:line-clamp-2\">&#8216;I think my season&#8217;s over&#8217; &#8211; Lucas Bourgoyne misses momentum at American Criterium Cup with appendectomy<\/span><\/li>\n<li class=\"m-0 list-none border-b border-solid border-[#ededed] py-2\" data-recirculation-id=\"recirculation-card-2\" id=\"recirculation-inline-2-2\" data-analytics-id=\"recirculation-2-inline-2\" data-mrf-recirculation=\"recirculation-2-inline-2\">\n    <source type=\"image\/webp\" srcset=\"https:\/\/cdn.mos.cms.futurecdn.net\/feBPM3GKhNiUugBhAd2aeh-250-80.jpg.webp 250w, https:\/\/cdn.mos.cms.futurecdn.net\/feBPM3GKhNiUugBhAd2aeh-150-80.jpg.webp 150w\" sizes=\"150px\" \/><span class=\"w-full text-base font-[var(--article-river-item--font-weight,500)] font-article-heading line-clamp-3 md:line-clamp-2\">Albert Philipsen faces another injury recovery after training crash leaves him with three fractures<\/span><\/li>\n<li class=\"m-0 list-none border-b border-solid border-[#ccc] py-2\" data-recirculation-id=\"recirculation-card-3\" id=\"recirculation-inline-2-3\" data-analytics-id=\"recirculation-2-inline-3\" data-mrf-recirculation=\"recirculation-2-inline-3\">\n    <source type=\"image\/webp\" srcset=\"https:\/\/cdn.mos.cms.futurecdn.net\/Wm8EWp7sSyGBcoXqRLHGyJ-250-80.jpg.webp 250w, https:\/\/cdn.mos.cms.futurecdn.net\/Wm8EWp7sSyGBcoXqRLHGyJ-150-80.jpg.webp 150w\" sizes=\"150px\" \/><span class=\"w-full text-base font-[var(--article-river-item--font-weight,500)] font-article-heading line-clamp-3 md:line-clamp-2\">Jonas Vingegaard crashes out of Tour de France \u2013 Dane suffers broken collarbone and will undergo surgery<\/span><\/li>\n<\/ul>\n<\/aside>\n<p aria-hidden=\"true\" class=\"kiosq-b\">Towards the end of 2024, he suffered a very similar injury to this latest one, breaking the radius and ulna in his right arm in a training ride. At the end of a 2025 campaign in which he went full privateer as a gravel racer, he had surgery to remove a plate in that right forearm.<\/p>\n<p aria-hidden=\"true\" class=\"kiosq-b\">Haga has continued to race the world&#8217;s biggest off-road events with a strong line-up of personal sponsors in 2026, but at the start of August he revealed that he would not race on in 2027.<\/p>\n<p aria-hidden=\"true\" class=\"kiosq-b\">&#8220;It was on a sledding day in January of this year when I realised I didn\u2019t want to keep making the sacrifices it takes to perform at the highest level, so this year I\u2019m doing the best I can with the time that I have to train, and I\u2019m going to wrap it up and move onto new adventures,&#8221; he said in a social media update.<\/p>\n<p aria-hidden=\"true\" class=\"kiosq-b\">&#8220;I\u2019m excited about that. There are just a couple of months left so I\u2019m going to make the most of my last few races.&#8221;<\/p>\n<p aria-hidden=\"true\" class=\"kiosq-b\">Haga raced the Leadville Trail MTB event earlier this month, but had not publicly stated which races remained and where he planned to compete for the final time. In any case, that ending has now been taken away.<\/p>\n<p id=\"elk-c50a1f50-a20d-11f1-bd6f-ef4927946ab2\" aria-hidden=\"true\" class=\"kiosq-b\"><strong>For unbeatable coverage across road, gravel and tech, subscribe to Cyclingnews. You&#8217;ll get comprehensive race coverage of La Vuelta a Espa\u00f1a, subscriber-exclusive analysis from our expert columnists, in-depth features and industry-leading tech insight. Plus, the Cyclingnews app lets you follow the action wherever you go! <\/strong><u><strong>Join today.<\/strong><\/u><\/p>\n<\/div>\n<div class=\"block mb-5\" id=\"articleTag\" data-component-name=\"PostArticleLinks\" data-nosnippet data-mrf-recirculation=\"post-article-links\">\n<div class=\"border-b border-b-black border-solid py-2.5 text-black font-bold uppercase\">TOPICS<\/div>\n<nav class=\"py-2.5 flex gap-2.5 flex-wrap\" data-analytics-id=\"article-tag\" data-mrf-recirculation=\"article-tag\">\n<p>North American<\/p>\n<\/nav>\n<\/div>\n<div id=\"slice-container-authorBio-bVGvudkPhd5EgCongbBL5d\" class=\"slice-container slice-author-bio authorBio-bVGvudkPhd5EgCongbBL5d slice-container-authorBio\">\n<div class=\"author author__default-layout author--separator author--collapsible\" data-hydrate=\"true\">\n<div class=\"author__header\">\n<div class=\"author__avatar-block\">\n<figure class=\"image-wrapped__wrapper\" data-bordeaux-image-check=\"false\">\n<div class=\"image-wrapped__widthsetter\">\n<div class=\"image-wrapped__aspect-padding\">\n<div><source class=\"author__avatar image-wrapped__image image__image\" type=\"image\/webp\" srcset=\"https:\/\/cdn.mos.cms.futurecdn.net\/2QoJgeVtEMbCKNujw2pLoH-140-80.jpg.webp 140w\" sizes=\"99vw\" data-normal=\"https:\/\/cdn.mos.cms.futurecdn.net\/2QoJgeVtEMbCKNujw2pLoH.jpg\" data-original-mos=\"https:\/\/cdn.mos.cms.futurecdn.net\/2QoJgeVtEMbCKNujw2pLoH.jpg\" data-pin-media=\"https:\/\/cdn.mos.cms.futurecdn.net\/2QoJgeVtEMbCKNujw2pLoH.jpg\" data-pin-nopin=\"true\" data-slice-image=\"true\" \/><\/div>\n<\/div>\n<\/div>\n<\/figure>\n<\/div>\n<div class=\"author__heading\">\n<div class=\"author__name\">Patrick Fletcher<\/div>\n<div class=\"author__role\">Deputy Editor<\/div>\n<\/div>\n<\/div>\n<div class=\"author__bio-wrapper\">\n<div class=\"author__biography\">\n<p>Patrick is an NCTJ-accredited journalist with a bachelor\u2019s degree in modern languages (French and Spanish) and a decade\u2019s experience in digital sports media, largely within the world of cycling. He re-joined Cyclingnews as Deputy Editor in February 2026, having previously spent eight years on staff between 2015 and 2023. In between, he was Deputy Editor at GCN and spent 18 months working across the sports portfolio at Future before returning to the cycling press pack. Patrick works across Cyclingnews\u2019 wide-ranging output, assisting the Editor in global content strategy, with a particular focus on shaping CN&#8217;s news operation.<\/p>\n<\/div>\n<\/div>\n<\/div>\n<\/div>\n<\/section>\n<div class=\"relative max-w-[1070px] viafoura-twig-component mt-6 mx-4 lg:mx-0\" data-component-name=\"Viafoura:Comments\" data-nosnippet data-community-guidelines-text=\"&lt;p class=&apos;vfcustom-community-guidelines&apos;&gt;Please follow our &lt;a href=&quot;https:\/\/www.cyclingnews.com\/about\/#section-community-guidelines&quot; target=&quot;_blank&quot;&gt;community guidelines&lt;\/a&gt;.&lt;\/p&gt;\" data-join-the-conversation-text=\"Join the Conversation\">\n<div class=\"absolute top-0 left-0 w-full h-full flex items-center justify-center z-50 bg-white\/90 border-1 rounded-b-[var(--comment-widget-border-radius,0)]\">\n<div class=\"p-2 text-center\">\n<p class=\"mb-3 text-lg!\">You must confirm your public display name before commenting<\/p>\n<p class=\"mb-3 text-sm!\">Please logout and then login again, you will then be prompted to enter your display name.<\/p>\n<\/div>\n<\/div>\n<\/div>\n<section class=\"mx-2 my-5 sm:mx-0\">\n<aside class=\"w-full\" data-nosnippet data-mrf-recirculation=\"article-river-stacked\">\n<div data-recirc-id=\"article-river-stacked-adviser:hybrid\">\n<div class=\"text-white py-4 px-3 mb-4 bg-[#333] uppercase font-bold custom-header-styles\">Read more<\/div>\n<div class=\"grid grid-cols-1 gap-4 mt-4 mb-5\">\n<div>\n<div class=\"aspect-[var(--img-listing-aspect-ratio,16\/9)] relative mb-3.5\">\n    <source type=\"image\/webp\" srcset=\"https:\/\/cdn.mos.cms.futurecdn.net\/oFHHPQJ4KKJ9XpSBHAhNHC-840-80.jpg.webp 840w, https:\/\/cdn.mos.cms.futurecdn.net\/oFHHPQJ4KKJ9XpSBHAhNHC-650-80.jpg.webp 650w, https:\/\/cdn.mos.cms.futurecdn.net\/oFHHPQJ4KKJ9XpSBHAhNHC-500-80.jpg.webp 500w, https:\/\/cdn.mos.cms.futurecdn.net\/oFHHPQJ4KKJ9XpSBHAhNHC-450-80.jpg.webp 450w, https:\/\/cdn.mos.cms.futurecdn.net\/oFHHPQJ4KKJ9XpSBHAhNHC-320-80.jpg.webp 320w\" sizes=\"(min-width: 900px) 925px, (min-width: 700px) 450px, calc(100vw - 48px)\" \/><\/div>\n<p><span class=\"custom-subheading-styles\">Racing<\/span><span class=\"text-base text-black font-bold mx-0 my-2.5 p-0 block custom-text-styles\">Jonas Vingegaard out for rest of season with no return possible after crash<\/span><\/div>\n<div class=\"relative recirc-feed sponsored-card min-h-[250px]\" data-recirc-id=\"article-river-stacked-ads:native-cards\" data-mrf-recirculation=\"article-river-ads\" data-nosnippet data-ad-slot-path=\"feed-sponsored-post\" data-attribute-device=\"all\">\n<div class=\"max-w-full sponsored-post--placeholder animate-pulse\">\n<div class=\"relative!\"><span class=\"text-base text-black font-bold mx-0 my-2.5 p-0 block bg-gray-100\">\u00a0<br \/>\u00a0<\/span><\/div>\n<\/div>\n<\/div>\n<div>\n<div class=\"aspect-[var(--img-listing-aspect-ratio,16\/9)] relative mb-3.5\">\n    <source type=\"image\/webp\" srcset=\"https:\/\/cdn.mos.cms.futurecdn.net\/Mt3AtJFa6VeX8otHqnyqJY-840-80.jpg.webp 840w, https:\/\/cdn.mos.cms.futurecdn.net\/Mt3AtJFa6VeX8otHqnyqJY-650-80.jpg.webp 650w, https:\/\/cdn.mos.cms.futurecdn.net\/Mt3AtJFa6VeX8otHqnyqJY-500-80.jpg.webp 500w, https:\/\/cdn.mos.cms.futurecdn.net\/Mt3AtJFa6VeX8otHqnyqJY-450-80.jpg.webp 450w, https:\/\/cdn.mos.cms.futurecdn.net\/Mt3AtJFa6VeX8otHqnyqJY-320-80.jpg.webp 320w\" sizes=\"(min-width: 900px) 925px, (min-width: 700px) 450px, calc(100vw - 48px)\" \/><\/div>\n<p><span class=\"custom-subheading-styles\">Teams &amp; Riders<\/span><span class=\"text-base text-black font-bold mx-0 my-2.5 p-0 block custom-text-styles\">&#8216;At least the struggle now makes sense&#8217; \u2013 Uno-X Mobility rider reveals he raced half the Giro d&#8217;Italia with a broken rib and three lower back fractures<\/span><\/div>\n<div class=\"relative recirc-feed sponsored-card min-h-[250px]\" data-recirc-id=\"article-river-stacked-ads:native-cards\" data-mrf-recirculation=\"article-river-ads\" data-nosnippet data-ad-slot-path=\"feed-sponsored-post\" data-attribute-device=\"all\">\n<div class=\"max-w-full sponsored-post--placeholder animate-pulse\">\n<div class=\"relative!\"><span class=\"text-base text-black font-bold mx-0 my-2.5 p-0 block bg-gray-100\">\u00a0<br \/>\u00a0<\/span><\/div>\n<\/div>\n<\/div>\n<div>\n<div class=\"aspect-[var(--img-listing-aspect-ratio,16\/9)] relative mb-3.5\">\n    <source type=\"image\/webp\" srcset=\"https:\/\/cdn.mos.cms.futurecdn.net\/QL4TfcDkAYHJLFp34Pqnma-840-80.jpg.webp 840w, https:\/\/cdn.mos.cms.futurecdn.net\/QL4TfcDkAYHJLFp34Pqnma-650-80.jpg.webp 650w, https:\/\/cdn.mos.cms.futurecdn.net\/QL4TfcDkAYHJLFp34Pqnma-500-80.jpg.webp 500w, https:\/\/cdn.mos.cms.futurecdn.net\/QL4TfcDkAYHJLFp34Pqnma-450-80.jpg.webp 450w, https:\/\/cdn.mos.cms.futurecdn.net\/QL4TfcDkAYHJLFp34Pqnma-320-80.jpg.webp 320w\" sizes=\"(min-width: 900px) 925px, (min-width: 700px) 450px, calc(100vw - 48px)\" \/><\/div>\n<p><span class=\"custom-subheading-styles\">Teams &amp; Riders<\/span><span class=\"text-base text-black font-bold mx-0 my-2.5 p-0 block custom-text-styles\">&#8216;I think my season&#8217;s over&#8217; &#8211; Lucas Bourgoyne misses momentum at American Criterium Cup with appendectomy<\/span><\/div>\n<div class=\"relative recirc-feed sponsored-card min-h-[250px]\" data-recirc-id=\"article-river-stacked-ads:native-cards\" data-mrf-recirculation=\"article-river-ads\" data-nosnippet data-ad-slot-path=\"feed-sponsored-post\" data-attribute-device=\"all\">\n<div class=\"max-w-full sponsored-post--placeholder animate-pulse\">\n<div class=\"relative!\"><span class=\"text-base text-black font-bold mx-0 my-2.5 p-0 block bg-gray-100\">\u00a0<br \/>\u00a0<\/span><\/div>\n<\/div>\n<\/div>\n<div>\n<div class=\"aspect-[var(--img-listing-aspect-ratio,16\/9)] relative mb-3.5\">\n    <source type=\"image\/webp\" srcset=\"https:\/\/cdn.mos.cms.futurecdn.net\/bZWAncvpLsdhmW3LWV4FTJ-840-80.jpg.webp 840w, https:\/\/cdn.mos.cms.futurecdn.net\/bZWAncvpLsdhmW3LWV4FTJ-650-80.jpg.webp 650w, https:\/\/cdn.mos.cms.futurecdn.net\/bZWAncvpLsdhmW3LWV4FTJ-500-80.jpg.webp 500w, https:\/\/cdn.mos.cms.futurecdn.net\/bZWAncvpLsdhmW3LWV4FTJ-450-80.jpg.webp 450w, https:\/\/cdn.mos.cms.futurecdn.net\/bZWAncvpLsdhmW3LWV4FTJ-320-80.jpg.webp 320w\" sizes=\"(min-width: 900px) 925px, (min-width: 700px) 450px, calc(100vw - 48px)\" \/><\/div>\n<p><span class=\"custom-subheading-styles\">Teams &amp; Riders<\/span><span class=\"text-base text-black font-bold mx-0 my-2.5 p-0 block custom-text-styles\">Four-time Tour de France winner Chris Froome announces retirement from pro cycling<\/span><\/div>\n<div class=\"relative recirc-feed sponsored-card min-h-[250px]\" data-recirc-id=\"article-river-stacked-ads:native-cards\" data-mrf-recirculation=\"article-river-ads\" data-nosnippet data-ad-slot-path=\"feed-sponsored-post\" data-attribute-device=\"all\">\n<div class=\"max-w-full sponsored-post--placeholder animate-pulse\">\n<div class=\"relative!\"><span class=\"text-base text-black font-bold mx-0 my-2.5 p-0 block bg-gray-100\">\u00a0<br \/>\u00a0<\/span><\/div>\n<\/div>\n<\/div>\n<div>\n<div class=\"aspect-[var(--img-listing-aspect-ratio,16\/9)] relative mb-3.5\">\n    <source type=\"image\/webp\" srcset=\"https:\/\/cdn.mos.cms.futurecdn.net\/feBPM3GKhNiUugBhAd2aeh-840-80.jpg.webp 840w, https:\/\/cdn.mos.cms.futurecdn.net\/feBPM3GKhNiUugBhAd2aeh-650-80.jpg.webp 650w, https:\/\/cdn.mos.cms.futurecdn.net\/feBPM3GKhNiUugBhAd2aeh-500-80.jpg.webp 500w, https:\/\/cdn.mos.cms.futurecdn.net\/feBPM3GKhNiUugBhAd2aeh-450-80.jpg.webp 450w, https:\/\/cdn.mos.cms.futurecdn.net\/feBPM3GKhNiUugBhAd2aeh-320-80.jpg.webp 320w\" sizes=\"(min-width: 900px) 925px, (min-width: 700px) 450px, calc(100vw - 48px)\" \/><\/div>\n<p><span class=\"custom-subheading-styles\">Teams &amp; Riders<\/span><span class=\"text-base text-black font-bold mx-0 my-2.5 p-0 block custom-text-styles\">Albert Philipsen faces another injury recovery after training crash leaves him with three fractures<\/span><\/div>\n<div class=\"relative recirc-feed sponsored-card min-h-[250px]\" data-recirc-id=\"article-river-stacked-ads:native-cards\" data-mrf-recirculation=\"article-river-ads\" data-nosnippet data-ad-slot-path=\"feed-sponsored-post\" data-attribute-device=\"all\">\n<div class=\"max-w-full sponsored-post--placeholder animate-pulse\">\n<div class=\"relative!\"><span class=\"text-base text-black font-bold mx-0 my-2.5 p-0 block bg-gray-100\">\u00a0<br \/>\u00a0<\/span><\/div>\n<\/div>\n<\/div>\n<div>\n<div class=\"aspect-[var(--img-listing-aspect-ratio,16\/9)] relative mb-3.5\">\n    <source type=\"image\/webp\" srcset=\"https:\/\/cdn.mos.cms.futurecdn.net\/Wm8EWp7sSyGBcoXqRLHGyJ-840-80.jpg.webp 840w, https:\/\/cdn.mos.cms.futurecdn.net\/Wm8EWp7sSyGBcoXqRLHGyJ-650-80.jpg.webp 650w, https:\/\/cdn.mos.cms.futurecdn.net\/Wm8EWp7sSyGBcoXqRLHGyJ-500-80.jpg.webp 500w, https:\/\/cdn.mos.cms.futurecdn.net\/Wm8EWp7sSyGBcoXqRLHGyJ-450-80.jpg.webp 450w, https:\/\/cdn.mos.cms.futurecdn.net\/Wm8EWp7sSyGBcoXqRLHGyJ-320-80.jpg.webp 320w\" sizes=\"(min-width: 900px) 925px, (min-width: 700px) 450px, calc(100vw - 48px)\" \/><\/div>\n<p><span class=\"custom-subheading-styles\">Teams &amp; Riders<\/span><span class=\"text-base text-black font-bold mx-0 my-2.5 p-0 block custom-text-styles\">Jonas Vingegaard crashes out of Tour de France \u2013 Dane suffers broken collarbone and will undergo surgery<\/span><\/div>\n<div class=\"relative recirc-feed sponsored-card min-h-[250px]\" data-recirc-id=\"article-river-stacked-ads:native-cards\" data-mrf-recirculation=\"article-river-ads\" data-nosnippet data-ad-slot-path=\"feed-sponsored-post\" data-attribute-device=\"all\">\n<div class=\"max-w-full sponsored-post--placeholder animate-pulse\">\n<div class=\"relative!\"><span class=\"text-base text-black font-bold mx-0 my-2.5 p-0 block bg-gray-100\">\u00a0<br \/>\u00a0<\/span><\/div>\n<\/div>\n<\/div>\n<\/div>\n<\/div>\n<\/aside>\n<aside class=\"w-full\" data-nosnippet data-mrf-recirculation=\"article-river-stacked\">\n<div data-recirc-id=\"article-river-stacked-solr:latest-category\">\n<div class=\"text-white py-4 px-3 mb-4 bg-[#333] uppercase font-bold custom-header-styles\">Latest in Teams &amp; Riders<\/div>\n<div class=\"grid grid-cols-1 gap-4 mt-4 mb-5\">\n<div>\n<div class=\"aspect-[var(--img-listing-aspect-ratio,16\/9)] relative mb-3.5\">\n    <source type=\"image\/webp\" srcset=\"https:\/\/cdn.mos.cms.futurecdn.net\/SyQVzG9aSiFNF9eeLPRwj4-840-80.jpg.webp 840w, https:\/\/cdn.mos.cms.futurecdn.net\/SyQVzG9aSiFNF9eeLPRwj4-650-80.jpg.webp 650w, https:\/\/cdn.mos.cms.futurecdn.net\/SyQVzG9aSiFNF9eeLPRwj4-500-80.jpg.webp 500w, https:\/\/cdn.mos.cms.futurecdn.net\/SyQVzG9aSiFNF9eeLPRwj4-450-80.jpg.webp 450w, https:\/\/cdn.mos.cms.futurecdn.net\/SyQVzG9aSiFNF9eeLPRwj4-320-80.jpg.webp 320w\" sizes=\"(min-width: 900px) 925px, (min-width: 700px) 450px, calc(100vw - 48px)\" \/><\/div>\n<p><span class=\"custom-subheading-styles\">Racing<\/span><span class=\"text-base text-black font-bold mx-0 my-2.5 p-0 block custom-text-styles\">Josh Tarling abandons the Vuelta a Espa\u00f1a during stage 6<\/span><\/div>\n<div class=\"relative recirc-feed sponsored-card min-h-[250px]\" data-recirc-id=\"article-river-stacked-ads:native-cards\" data-mrf-recirculation=\"article-river-ads\" data-nosnippet data-ad-slot-path=\"feed-sponsored-post\" data-attribute-device=\"all\">\n<div class=\"max-w-full sponsored-post--placeholder animate-pulse\">\n<div class=\"relative!\"><span class=\"text-base text-black font-bold mx-0 my-2.5 p-0 block bg-gray-100\">\u00a0<br \/>\u00a0<\/span><\/div>\n<\/div>\n<\/div>\n<div>\n<div class=\"aspect-[var(--img-listing-aspect-ratio,16\/9)] relative mb-3.5\">\n    <source type=\"image\/webp\" srcset=\"https:\/\/cdn.mos.cms.futurecdn.net\/vGSz3mmntd7cRcLKHDx2hk-840-80.jpg.webp 840w, https:\/\/cdn.mos.cms.futurecdn.net\/vGSz3mmntd7cRcLKHDx2hk-650-80.jpg.webp 650w, https:\/\/cdn.mos.cms.futurecdn.net\/vGSz3mmntd7cRcLKHDx2hk-500-80.jpg.webp 500w, https:\/\/cdn.mos.cms.futurecdn.net\/vGSz3mmntd7cRcLKHDx2hk-450-80.jpg.webp 450w, https:\/\/cdn.mos.cms.futurecdn.net\/vGSz3mmntd7cRcLKHDx2hk-320-80.jpg.webp 320w\" sizes=\"(min-width: 900px) 925px, (min-width: 700px) 450px, calc(100vw - 48px)\" \/><\/div>\n<p><span class=\"custom-subheading-styles\">Teams &amp; Riders<\/span><span class=\"text-base text-black font-bold mx-0 my-2.5 p-0 block custom-text-styles\">&#8216;I&#8217;m not like Poga\u010dar&#8217; \u2013 Wout van Aert happy in support role at Vuelta a Espa\u00f1a but wants his sunglasses back<\/span><\/div>\n<div class=\"relative recirc-feed sponsored-card min-h-[250px]\" data-recirc-id=\"article-river-stacked-ads:native-cards\" data-mrf-recirculation=\"article-river-ads\" data-nosnippet data-ad-slot-path=\"feed-sponsored-post\" data-attribute-device=\"all\">\n<div class=\"max-w-full sponsored-post--placeholder animate-pulse\">\n<div class=\"relative!\"><span class=\"text-base text-black font-bold mx-0 my-2.5 p-0 block bg-gray-100\">\u00a0<br \/>\u00a0<\/span><\/div>\n<\/div>\n<\/div>\n<div>\n<div class=\"aspect-[var(--img-listing-aspect-ratio,16\/9)] relative mb-3.5\">\n    <source type=\"image\/webp\" srcset=\"https:\/\/cdn.mos.cms.futurecdn.net\/REnMEnCGVgxZadbdFY944G-840-80.jpg.webp 840w, https:\/\/cdn.mos.cms.futurecdn.net\/REnMEnCGVgxZadbdFY944G-650-80.jpg.webp 650w, https:\/\/cdn.mos.cms.futurecdn.net\/REnMEnCGVgxZadbdFY944G-500-80.jpg.webp 500w, https:\/\/cdn.mos.cms.futurecdn.net\/REnMEnCGVgxZadbdFY944G-450-80.jpg.webp 450w, https:\/\/cdn.mos.cms.futurecdn.net\/REnMEnCGVgxZadbdFY944G-320-80.jpg.webp 320w\" sizes=\"(min-width: 900px) 925px, (min-width: 700px) 450px, calc(100vw - 48px)\" \/><\/div>\n<p><span class=\"custom-subheading-styles\">Transfers<\/span><span class=\"text-base text-black font-bold mx-0 my-2.5 p-0 block custom-text-styles\">Pinarello-Q36.5 poach Tour de l&#8217;Avenir runner-up and top Belgian prospect Niels Driesen for 2027<\/span><\/div>\n<div class=\"relative recirc-feed sponsored-card min-h-[250px]\" data-recirc-id=\"article-river-stacked-ads:native-cards\" data-mrf-recirculation=\"article-river-ads\" data-nosnippet data-ad-slot-path=\"feed-sponsored-post\" data-attribute-device=\"all\">\n<div class=\"max-w-full sponsored-post--placeholder animate-pulse\">\n<div class=\"relative!\"><span class=\"text-base text-black font-bold mx-0 my-2.5 p-0 block bg-gray-100\">\u00a0<br \/>\u00a0<\/span><\/div>\n<\/div>\n<\/div>\n<div>\n<div class=\"aspect-[var(--img-listing-aspect-ratio,16\/9)] relative mb-3.5\">\n    <source type=\"image\/webp\" srcset=\"https:\/\/cdn.mos.cms.futurecdn.net\/QMB5s9ZeX2YDZtuJBWDVNP-840-80.jpg.webp 840w, https:\/\/cdn.mos.cms.futurecdn.net\/QMB5s9ZeX2YDZtuJBWDVNP-650-80.jpg.webp 650w, https:\/\/cdn.mos.cms.futurecdn.net\/QMB5s9ZeX2YDZtuJBWDVNP-500-80.jpg.webp 500w, https:\/\/cdn.mos.cms.futurecdn.net\/QMB5s9ZeX2YDZtuJBWDVNP-450-80.jpg.webp 450w, https:\/\/cdn.mos.cms.futurecdn.net\/QMB5s9ZeX2YDZtuJBWDVNP-320-80.jpg.webp 320w\" sizes=\"(min-width: 900px) 925px, (min-width: 700px) 450px, calc(100vw - 48px)\" \/><\/div>\n<p><span class=\"custom-subheading-styles\">Teams &amp; Riders<\/span><span class=\"text-base text-black font-bold mx-0 my-2.5 p-0 block custom-text-styles\">&#8216;For some reason, my legs aren&#8217;t responding as they should&#8217; &#8211; Carlos Rodr\u00edguez looking for answers to unexplained subpar form at the Vuelta a Espa\u00f1a<\/span><\/div>\n<div class=\"relative recirc-feed sponsored-card min-h-[250px]\" data-recirc-id=\"article-river-stacked-ads:native-cards\" data-mrf-recirculation=\"article-river-ads\" data-nosnippet data-ad-slot-path=\"feed-sponsored-post\" data-attribute-device=\"all\">\n<div class=\"max-w-full sponsored-post--placeholder animate-pulse\">\n<div class=\"relative!\"><span class=\"text-base text-black font-bold mx-0 my-2.5 p-0 block bg-gray-100\">\u00a0<br \/>\u00a0<\/span><\/div>\n<\/div>\n<\/div>\n<div>\n<div class=\"aspect-[var(--img-listing-aspect-ratio,16\/9)] relative mb-3.5\">\n    <source type=\"image\/webp\" srcset=\"https:\/\/cdn.mos.cms.futurecdn.net\/GbTwR8dgcxzbfFRYVG2iLh-840-80.jpg.webp 840w, https:\/\/cdn.mos.cms.futurecdn.net\/GbTwR8dgcxzbfFRYVG2iLh-650-80.jpg.webp 650w, https:\/\/cdn.mos.cms.futurecdn.net\/GbTwR8dgcxzbfFRYVG2iLh-500-80.jpg.webp 500w, https:\/\/cdn.mos.cms.futurecdn.net\/GbTwR8dgcxzbfFRYVG2iLh-450-80.jpg.webp 450w, https:\/\/cdn.mos.cms.futurecdn.net\/GbTwR8dgcxzbfFRYVG2iLh-320-80.jpg.webp 320w\" sizes=\"(min-width: 900px) 925px, (min-width: 700px) 450px, calc(100vw - 48px)\" \/><\/div>\n<p><span class=\"custom-subheading-styles\">Teams &amp; Riders<\/span><span class=\"text-base text-black font-bold mx-0 my-2.5 p-0 block custom-text-styles\">&#8216;There&#8217;s still a battle going on&#8217; &#8211; Vuelta a Espa\u00f1a stage 5 winner Matthew Brennan explains how Visma-Lease a Bike use terrain to stop Tadej Poga\u010dar<\/span><\/div>\n<div class=\"relative recirc-feed sponsored-card min-h-[250px]\" data-recirc-id=\"article-river-stacked-ads:native-cards\" data-mrf-recirculation=\"article-river-ads\" data-nosnippet data-ad-slot-path=\"feed-sponsored-post\" data-attribute-device=\"all\">\n<div class=\"max-w-full sponsored-post--placeholder animate-pulse\">\n<div class=\"relative!\"><span class=\"text-base text-black font-bold mx-0 my-2.5 p-0 block bg-gray-100\">\u00a0<br \/>\u00a0<\/span><\/div>\n<\/div>\n<\/div>\n<div>\n<div class=\"aspect-[var(--img-listing-aspect-ratio,16\/9)] relative mb-3.5\">\n    <source type=\"image\/webp\" srcset=\"https:\/\/cdn.mos.cms.futurecdn.net\/6nEGi3LHNPsKibQZtPpSgi-840-80.jpg.webp 840w, https:\/\/cdn.mos.cms.futurecdn.net\/6nEGi3LHNPsKibQZtPpSgi-650-80.jpg.webp 650w, https:\/\/cdn.mos.cms.futurecdn.net\/6nEGi3LHNPsKibQZtPpSgi-500-80.jpg.webp 500w, https:\/\/cdn.mos.cms.futurecdn.net\/6nEGi3LHNPsKibQZtPpSgi-450-80.jpg.webp 450w, https:\/\/cdn.mos.cms.futurecdn.net\/6nEGi3LHNPsKibQZtPpSgi-320-80.jpg.webp 320w\" sizes=\"(min-width: 900px) 925px, (min-width: 700px) 450px, calc(100vw - 48px)\" \/><\/div>\n<p><span class=\"custom-subheading-styles\">Women&#8217;s Cycling<\/span><span class=\"text-base text-black font-bold mx-0 my-2.5 p-0 block custom-text-styles\">Caroline Andersson joins AG Insurance-Soudal in major boost for Kim Le Court-Pienaar&#8217;s support squad \u2013 Analysis<\/span><\/div>\n<div class=\"relative recirc-feed sponsored-card min-h-[250px]\" data-recirc-id=\"article-river-stacked-ads:native-cards\" data-mrf-recirculation=\"article-river-ads\" data-nosnippet data-ad-slot-path=\"feed-sponsored-post\" data-attribute-device=\"all\">\n<div class=\"max-w-full sponsored-post--placeholder animate-pulse\">\n<div class=\"relative!\"><span class=\"text-base text-black font-bold mx-0 my-2.5 p-0 block bg-gray-100\">\u00a0<br \/>\u00a0<\/span><\/div>\n<\/div>\n<\/div>\n<\/div>\n<\/div>\n<\/aside>\n<aside class=\"w-full\" data-nosnippet data-mrf-recirculation=\"article-river-stacked\">\n<div data-recirc-id=\"article-river-stacked-solr:latest-articletype\">\n<div class=\"text-white py-4 px-3 mb-4 bg-[#333] uppercase font-bold custom-header-styles\">Latest in News<\/div>\n<div class=\"grid grid-cols-1 gap-4 mt-4 mb-5\">\n<div>\n<div class=\"aspect-[var(--img-listing-aspect-ratio,16\/9)] relative mb-3.5\">\n    <source type=\"image\/webp\" srcset=\"https:\/\/cdn.mos.cms.futurecdn.net\/SyQVzG9aSiFNF9eeLPRwj4-840-80.jpg.webp 840w, https:\/\/cdn.mos.cms.futurecdn.net\/SyQVzG9aSiFNF9eeLPRwj4-650-80.jpg.webp 650w, https:\/\/cdn.mos.cms.futurecdn.net\/SyQVzG9aSiFNF9eeLPRwj4-500-80.jpg.webp 500w, https:\/\/cdn.mos.cms.futurecdn.net\/SyQVzG9aSiFNF9eeLPRwj4-450-80.jpg.webp 450w, https:\/\/cdn.mos.cms.futurecdn.net\/SyQVzG9aSiFNF9eeLPRwj4-320-80.jpg.webp 320w\" sizes=\"(min-width: 900px) 925px, (min-width: 700px) 450px, calc(100vw - 48px)\" \/><\/div>\n<p><span class=\"custom-subheading-styles\">Racing<\/span><span class=\"text-base text-black font-bold mx-0 my-2.5 p-0 block custom-text-styles\">Josh Tarling abandons the Vuelta a Espa\u00f1a during stage 6<\/span><\/div>\n<div class=\"relative recirc-feed sponsored-card min-h-[250px]\" data-recirc-id=\"article-river-stacked-ads:native-cards\" data-mrf-recirculation=\"article-river-ads\" data-nosnippet data-ad-slot-path=\"feed-sponsored-post\" data-attribute-device=\"all\">\n<div class=\"max-w-full sponsored-post--placeholder animate-pulse\">\n<div class=\"relative!\"><span class=\"text-base text-black font-bold mx-0 my-2.5 p-0 block bg-gray-100\">\u00a0<br \/>\u00a0<\/span><\/div>\n<\/div>\n<\/div>\n<div>\n<div class=\"aspect-[var(--img-listing-aspect-ratio,16\/9)] relative mb-3.5\">\n    <source type=\"image\/webp\" srcset=\"https:\/\/cdn.mos.cms.futurecdn.net\/vGSz3mmntd7cRcLKHDx2hk-840-80.jpg.webp 840w, https:\/\/cdn.mos.cms.futurecdn.net\/vGSz3mmntd7cRcLKHDx2hk-650-80.jpg.webp 650w, https:\/\/cdn.mos.cms.futurecdn.net\/vGSz3mmntd7cRcLKHDx2hk-500-80.jpg.webp 500w, https:\/\/cdn.mos.cms.futurecdn.net\/vGSz3mmntd7cRcLKHDx2hk-450-80.jpg.webp 450w, https:\/\/cdn.mos.cms.futurecdn.net\/vGSz3mmntd7cRcLKHDx2hk-320-80.jpg.webp 320w\" sizes=\"(min-width: 900px) 925px, (min-width: 700px) 450px, calc(100vw - 48px)\" \/><\/div>\n<p><span class=\"custom-subheading-styles\">Teams &amp; Riders<\/span><span class=\"text-base text-black font-bold mx-0 my-2.5 p-0 block custom-text-styles\">&#8216;I&#8217;m not like Poga\u010dar&#8217; \u2013 Wout van Aert happy in support role at Vuelta a Espa\u00f1a but wants his sunglasses back<\/span><\/div>\n<div class=\"relative recirc-feed sponsored-card min-h-[250px]\" data-recirc-id=\"article-river-stacked-ads:native-cards\" data-mrf-recirculation=\"article-river-ads\" data-nosnippet data-ad-slot-path=\"feed-sponsored-post\" data-attribute-device=\"all\">\n<div class=\"max-w-full sponsored-post--placeholder animate-pulse\">\n<div class=\"relative!\"><span class=\"text-base text-black font-bold mx-0 my-2.5 p-0 block bg-gray-100\">\u00a0<br \/>\u00a0<\/span><\/div>\n<\/div>\n<\/div>\n<div>\n<div class=\"aspect-[var(--img-listing-aspect-ratio,16\/9)] relative mb-3.5\">\n    <source type=\"image\/webp\" srcset=\"https:\/\/cdn.mos.cms.futurecdn.net\/s9pb6Pf4NK7DnxSUoxjaKJ-840-80.jpg.webp 840w, https:\/\/cdn.mos.cms.futurecdn.net\/s9pb6Pf4NK7DnxSUoxjaKJ-650-80.jpg.webp 650w, https:\/\/cdn.mos.cms.futurecdn.net\/s9pb6Pf4NK7DnxSUoxjaKJ-500-80.jpg.webp 500w, https:\/\/cdn.mos.cms.futurecdn.net\/s9pb6Pf4NK7DnxSUoxjaKJ-450-80.jpg.webp 450w, https:\/\/cdn.mos.cms.futurecdn.net\/s9pb6Pf4NK7DnxSUoxjaKJ-320-80.jpg.webp 320w\" sizes=\"(min-width: 900px) 925px, (min-width: 700px) 450px, calc(100vw - 48px)\" \/><\/div>\n<p><span class=\"custom-subheading-styles\">Cycling Tech &amp; Components<\/span><span class=\"text-base text-black font-bold mx-0 my-2.5 p-0 block custom-text-styles\">Hope for Lapierre as court decision gives French bike manufacturer &#8216;the right and the time to fight&#8217;<\/span><\/div>\n<div class=\"relative recirc-feed sponsored-card min-h-[250px]\" data-recirc-id=\"article-river-stacked-ads:native-cards\" data-mrf-recirculation=\"article-river-ads\" data-nosnippet data-ad-slot-path=\"feed-sponsored-post\" data-attribute-device=\"all\">\n<div class=\"max-w-full sponsored-post--placeholder animate-pulse\">\n<div class=\"relative!\"><span class=\"text-base text-black font-bold mx-0 my-2.5 p-0 block bg-gray-100\">\u00a0<br \/>\u00a0<\/span><\/div>\n<\/div>\n<\/div>\n<div>\n<div class=\"aspect-[var(--img-listing-aspect-ratio,16\/9)] relative mb-3.5\">\n    <source type=\"image\/webp\" srcset=\"https:\/\/cdn.mos.cms.futurecdn.net\/REnMEnCGVgxZadbdFY944G-840-80.jpg.webp 840w, https:\/\/cdn.mos.cms.futurecdn.net\/REnMEnCGVgxZadbdFY944G-650-80.jpg.webp 650w, https:\/\/cdn.mos.cms.futurecdn.net\/REnMEnCGVgxZadbdFY944G-500-80.jpg.webp 500w, https:\/\/cdn.mos.cms.futurecdn.net\/REnMEnCGVgxZadbdFY944G-450-80.jpg.webp 450w, https:\/\/cdn.mos.cms.futurecdn.net\/REnMEnCGVgxZadbdFY944G-320-80.jpg.webp 320w\" sizes=\"(min-width: 900px) 925px, (min-width: 700px) 450px, calc(100vw - 48px)\" \/><\/div>\n<p><span class=\"custom-subheading-styles\">Transfers<\/span><span class=\"text-base text-black font-bold mx-0 my-2.5 p-0 block custom-text-styles\">Pinarello-Q36.5 poach Tour de l&#8217;Avenir runner-up and top Belgian prospect Niels Driesen for 2027<\/span><\/div>\n<div class=\"relative recirc-feed sponsored-card min-h-[250px]\" data-recirc-id=\"article-river-stacked-ads:native-cards\" data-mrf-recirculation=\"article-river-ads\" data-nosnippet data-ad-slot-path=\"feed-sponsored-post\" data-attribute-device=\"all\">\n<div class=\"max-w-full sponsored-post--placeholder animate-pulse\">\n<div class=\"relative!\"><span class=\"text-base text-black font-bold mx-0 my-2.5 p-0 block bg-gray-100\">\u00a0<br \/>\u00a0<\/span><\/div>\n<\/div>\n<\/div>\n<div>\n<div class=\"aspect-[var(--img-listing-aspect-ratio,16\/9)] relative mb-3.5\">\n    <source type=\"image\/webp\" srcset=\"https:\/\/cdn.mos.cms.futurecdn.net\/Dehdt74XTPxrschCrHgZLf-840-80.jpg.webp 840w, https:\/\/cdn.mos.cms.futurecdn.net\/Dehdt74XTPxrschCrHgZLf-650-80.jpg.webp 650w, https:\/\/cdn.mos.cms.futurecdn.net\/Dehdt74XTPxrschCrHgZLf-500-80.jpg.webp 500w, https:\/\/cdn.mos.cms.futurecdn.net\/Dehdt74XTPxrschCrHgZLf-450-80.jpg.webp 450w, https:\/\/cdn.mos.cms.futurecdn.net\/Dehdt74XTPxrschCrHgZLf-320-80.jpg.webp 320w\" sizes=\"(min-width: 900px) 925px, (min-width: 700px) 450px, calc(100vw - 48px)\" \/><\/div>\n<p><span class=\"custom-subheading-styles\">Racing<\/span><span class=\"text-base text-black font-bold mx-0 my-2.5 p-0 block custom-text-styles\">&#8216;Still in good shape, I think&#8217; \u2013 Oscar Onley moves past stomach bug at Vuelta a Espa\u00f1a as first Grand Tour with Netcompany Ineos takes shape<\/span><\/div>\n<div class=\"relative recirc-feed sponsored-card min-h-[250px]\" data-recirc-id=\"article-river-stacked-ads:native-cards\" data-mrf-recirculation=\"article-river-ads\" data-nosnippet data-ad-slot-path=\"feed-sponsored-post\" data-attribute-device=\"all\">\n<div class=\"max-w-full sponsored-post--placeholder animate-pulse\">\n<div class=\"relative!\"><span class=\"text-base text-black font-bold mx-0 my-2.5 p-0 block bg-gray-100\">\u00a0<br \/>\u00a0<\/span><\/div>\n<\/div>\n<\/div>\n<div>\n<div class=\"aspect-[var(--img-listing-aspect-ratio,16\/9)] relative mb-3.5\">\n    <source type=\"image\/webp\" srcset=\"https:\/\/cdn.mos.cms.futurecdn.net\/QMB5s9ZeX2YDZtuJBWDVNP-840-80.jpg.webp 840w, https:\/\/cdn.mos.cms.futurecdn.net\/QMB5s9ZeX2YDZtuJBWDVNP-650-80.jpg.webp 650w, https:\/\/cdn.mos.cms.futurecdn.net\/QMB5s9ZeX2YDZtuJBWDVNP-500-80.jpg.webp 500w, https:\/\/cdn.mos.cms.futurecdn.net\/QMB5s9ZeX2YDZtuJBWDVNP-450-80.jpg.webp 450w, https:\/\/cdn.mos.cms.futurecdn.net\/QMB5s9ZeX2YDZtuJBWDVNP-320-80.jpg.webp 320w\" sizes=\"(min-width: 900px) 925px, (min-width: 700px) 450px, calc(100vw - 48px)\" \/><\/div>\n<p><span class=\"custom-subheading-styles\">Teams &amp; Riders<\/span><span class=\"text-base text-black font-bold mx-0 my-2.5 p-0 block custom-text-styles\">&#8216;For some reason, my legs aren&#8217;t responding as they should&#8217; &#8211; Carlos Rodr\u00edguez looking for answers to unexplained subpar form at the Vuelta a Espa\u00f1a<\/span><\/div>\n<div class=\"relative recirc-feed sponsored-card min-h-[250px]\" data-recirc-id=\"article-river-stacked-ads:native-cards\" data-mrf-recirculation=\"article-river-ads\" data-nosnippet data-ad-slot-path=\"feed-sponsored-post\" data-attribute-device=\"all\">\n<div class=\"max-w-full sponsored-post--placeholder animate-pulse\">\n<div class=\"relative!\"><span class=\"text-base text-black font-bold mx-0 my-2.5 p-0 block bg-gray-100\">\u00a0<br \/>\u00a0<\/span><\/div>\n<\/div>\n<\/div>\n<\/div>\n<\/div>\n<\/aside>\n<\/section>\n<\/div>\n<\/div>\n<\/div>\n<div id=\"widgetArea17\" class=\"widget-area md:basis-1\/3 widget-area-g-md-vp-1-3 widget-area-g-lg-vp-1-3 widget-area-g-xl-vp-1-3 page-widget-area-17\">\n<div data-widget-type=\"dynamic\" id=\"popular-data\" class=\"clear-both widget widget-dynamic widget-popular-data widget-dynamic-popular-data widget-dynamic-fter-popular-box\">\n<div class=\"wdn-fte-pb pos-relative space-t20\n\"><\/p>\n<div class=\"slice-container popular-box-slice\">\n<section class=\"popular-box\" data-component-name=\"Slice:PopularBox\">\n<div class=\"popular-box__label\">\n<div class=\"popular-box__label__tab popular-box__label__tab--active\" role=\"heading\">\nLATEST ARTICLES\n<\/div>\n<\/div>\n<ol class=\"popular-box__articles-list popular-box__articles-list--active\">\n<li class=\"popular-box__article-list\">\n<div class=\"popular-box__article-list__container\">\n<div class=\"popular-box__article-list__image-wrapper\">\n<div>\n<source type=\"image\/webp\" srcset=\"https:\/\/cdn.mos.cms.futurecdn.net\/SyQVzG9aSiFNF9eeLPRwj4-1280-80.jpg.webp 1280w, https:\/\/cdn.mos.cms.futurecdn.net\/SyQVzG9aSiFNF9eeLPRwj4-720-80.jpg.webp 720w, https:\/\/cdn.mos.cms.futurecdn.net\/SyQVzG9aSiFNF9eeLPRwj4-640-80.jpg.webp 640w, https:\/\/cdn.mos.cms.futurecdn.net\/SyQVzG9aSiFNF9eeLPRwj4-320-80.jpg.webp 320w\" sizes=\"99vw\" \/><\/div>\n<\/div>\n<div class=\"popular-box__article-list__content\">\n<div class=\"popular-box__article-list__number-text\">1<\/div>\n<div class=\"popular-box__article-list__heading\">\n<p>Josh Tarling abandons the Vuelta a Espa\u00f1a during stage 6<\/p>\n<\/div>\n<\/div>\n<\/div>\n<\/li>\n<li class=\"popular-box__article-list\">\n<div class=\"popular-box__article-list__container\">\n<div class=\"popular-box__article-list__content\">\n<div class=\"popular-box__article-list__number-text\">2<\/div>\n<div class=\"popular-box__article-list__heading\">\n<p>&#8216;Heartbroken&#8217; Chad Haga says his career is over after a heavy crash in training<\/p>\n<\/div>\n<\/div>\n<\/div>\n<\/li>\n<li class=\"popular-box__article-list\">\n<div class=\"popular-box__article-list__container\">\n<div class=\"popular-box__article-list__content\">\n<div class=\"popular-box__article-list__number-text\">3<\/div>\n<div class=\"popular-box__article-list__heading\">\n<p>UCI Mountain Bike World Championships: Rising Australian multi-discipline star Connor Wright takes junior men&#8217;s XCO title, Anja Grossmann wins women&#8217;s race<\/p>\n<\/div>\n<\/div>\n<\/div>\n<\/li>\n<li class=\"popular-box__article-list\">\n<div class=\"popular-box__article-list__container\">\n<div class=\"popular-box__article-list__content\">\n<div class=\"popular-box__article-list__number-text\">4<\/div>\n<div class=\"popular-box__article-list__heading\">\n<p>Hope for Lapierre as court decision gives French bike manufacturer &#8216;the right and the time to fight&#8217;<\/p>\n<\/div>\n<\/div>\n<\/div>\n<\/li>\n<li class=\"popular-box__article-list\">\n<div class=\"popular-box__article-list__container\">\n<div class=\"popular-box__article-list__content\">\n<div class=\"popular-box__article-list__number-text\">5<\/div>\n<div class=\"popular-box__article-list__heading\">\n<p>&#8216;I&#8217;m not like Poga\u010dar&#8217; \u2013 Wout van Aert happy in support role at Vuelta a Espa\u00f1a but wants his sunglasses back<\/p>\n<\/div>\n<\/div>\n<\/div>\n<\/li>\n<\/ol>\n<\/section>\n<\/div>\n<\/div>\n<\/div>\n<\/div>\n<\/div>\n<\/article>\n<article class=\"page-content-onecol flex-1\nnews-article article\n\"><\/p>\n<div class=\"widget-area-group widget-area-group-2col flex flex-wrap box-border\">\n<div id=\"widgetArea16\" class=\"widget-area basis-full md:basis-2\/3 widget-area-g-md-vp-2-3 widget-area-g-lg-vp-2-3 widget-area-g-xl-vp-2-3 page-widget-area-16\">\n<div data-widget-type=\"hero\" id=\"hero\" class=\"clear-both widget widget-hero widget-hero widget-hero-hero widget-hero widget-hero-fter-news\">\n<div class=\"news-article\">\n<header data-component-name=\"Article:Hero\">\n<nav class=\"breadcrumb\" aria-label=\"Breadcrumbs\">\n<ol>\n<li>\nPro Cycling\n<\/li>\n<li>\nTeams &amp; Riders\n<\/li>\n<li>\nChad Haga\n<\/li>\n<\/ol>\n<\/nav>\n<h1>&#8216;Heartbroken&#8217; Chad Haga says his career is over after a heavy crash in training<\/h1>\n<div class=\"byline-social\">\n<div class=\"vds-byline-block flex flex-row flex-nowrap my-1.5 gap-2 text-left items-start justify-start\" data-component-name=\"Article:BylineBlock\">\n<p>News<\/p>\n<div class=\"my-auto vds-simple-byline\"><span class=\"inline-block vds-author\"><br \/>\nBy<br \/>\nPatrick Fletcher <\/span><\/p>\n<div class=\"flex gap-1 vds-byline-with-avatar__meta\"><span class=\"vds-date block font-normal tracking-normal normal-case text-xs\"><br \/>\nPublished<br \/>\n<time data-component-name=\"UI:DateTime\" datetime=\"2026-08-27T12:29:10Z\" class=\"relative-date\"><br \/>\n27 August 2026<br \/>\n<\/time><\/span><\/div>\n<\/div>\n<\/div>\n<p class=\"strapline\">US gravel racer had planned to hang up his wheels at the end of 2026 but retirement now comes early and with a string of injuries<\/p>\n<\/div>\n<aside class=\"text-gray-700 flex items-center mx-0 my-5 p-0 justify-start text-left\" id=\"affiliate-disclaimer\" data-component-name=\"AffiliateDisclaimer\" data-hawk-message=\"Affiliate disclaimer removed because hawk deemed there are no affiliate links on this page\">\n<p class=\"text-[color:var(--affiliate-disclaimer--text-color,inherit)] mb-2 text-[length:var(--affiliate-disclaimer--font-size,0.75rem)] leading-[18px] md:text-[13px] [&amp;&gt;a]:text-inherit [&amp;&gt;a]:underline\">\nWhen you purchase through links on our site, we may earn an affiliate commission. Here\u2019s how it works.\n<\/p>\n<\/aside>\n<\/header>\n<\/div>\n<\/div>\n<div data-widget-type=\"contentparsed\" id=\"content\" class=\"clear-both widget widget-contentparsed widget-content widget-contentparsed-content widget-content-parsed widget-content-parsed-content_document \">\n<div class=\"wcp-item-content\">\n<section class=\"content-wrapper\">\n<div class=\"box less-space hero-image-wrapper\">\n<figure class=\"mb-0\">\n<source type=\"image\/webp\" srcset=\"https:\/\/cdn.mos.cms.futurecdn.net\/3iZJDSFZU9XdXY5PfvQduh-1500-80.jpg.webp 1920w, https:\/\/cdn.mos.cms.futurecdn.net\/3iZJDSFZU9XdXY5PfvQduh-1500-80.jpg.webp 1600w, https:\/\/cdn.mos.cms.futurecdn.net\/3iZJDSFZU9XdXY5PfvQduh-1200-80.jpg.webp 1200w, https:\/\/cdn.mos.cms.futurecdn.net\/3iZJDSFZU9XdXY5PfvQduh-1024-80.jpg.webp 1024w, https:\/\/cdn.mos.cms.futurecdn.net\/3iZJDSFZU9XdXY5PfvQduh-970-80.jpg.webp 970w, https:\/\/cdn.mos.cms.futurecdn.net\/3iZJDSFZU9XdXY5PfvQduh-750-80.jpg.webp 750w, https:\/\/cdn.mos.cms.futurecdn.net\/3iZJDSFZU9XdXY5PfvQduh-650-80.jpg.webp 650w, https:\/\/cdn.mos.cms.futurecdn.net\/3iZJDSFZU9XdXY5PfvQduh-480-80.jpg.webp 480w, https:\/\/cdn.mos.cms.futurecdn.net\/3iZJDSFZU9XdXY5PfvQduh-320-80.jpg.webp 320w\" sizes=\"(min-width: 1000px) 600px, 100vw\" \/><figcaption class=\"font-article-copy text-(--image--text--color) font-article-copy mt-2\"><span class=\"caption-text font-article-copy\">Chad Haga (PAS Racing) out the front in the break at Unbound Gravel 200 in 2024<\/span><span class=\"credit font-article-copy\">(Image credit: Life Time\/Dan Hughes)<\/span><\/figcaption><\/figure>\n<\/div>\n<div id=\"article-body\" class=\"text-copy bodyCopy auto paywall-locker\">\n<div data-analytics-id=\"utility-bar\" id=\"utility-bar\" class=\"font-ui-heading flex justify-between items-center py-2 border-t border-b border-gray-300 border-solid mb-5 mx-auto\" data-component-name=\"UtilityBar\" data-mrf-recirculation=\"utility-bar\">\n<div class=\"flex gap-2 text-[#333] subcontainer\">\n<div class=\"relative tooltip-container\" role=\"tooltip\">\n<div data-component-name=\"Social:Dropdown\" role=\"menu\" id=\"utilitybar__dropdown--share\" aria-labelledby=\"utilitybar__button--share\" class=\"absolute left-0 top-full w-44 bg-white rounded-md shadow-md border border-neutral-200 z-[9996] list-none m-0 py-2 px-3 border-solid\">\n<ul class=\"m-0!\">\n<li class=\"!p-0 !m-0 list-none border-b border-gray-200 border-solid\">\n<li class=\"!p-0 !m-0 list-none border-b border-gray-200 border-solid\">\n<p>Facebook<\/p>\n<\/li>\n<li class=\"!p-0 !m-0 list-none border-b border-gray-200 border-solid\">\n<p>X<\/p>\n<\/li>\n<li class=\"!p-0 !m-0 list-none border-b border-gray-200 border-solid\">\n<p>Pinterest<\/p>\n<\/li>\n<li class=\"!p-0 !m-0 list-none border-b border-gray-200 border-solid\">\n<p>Email<\/p>\n<\/li>\n<\/ul>\n<\/div>\n<div class=\"font-ui-heading max-sm:hidden tooltip absolute left-1\/2 bg-gray-900 text-white text-xs leading-none px-3 py-1.5 rounded-md z-[10001] whitespace-nowrap\" id=\"tooltip-share-this-article\" role=\"tooltip\" aria-hidden=\"true\">\nShare this article\n<\/div>\n<\/div>\n<div class=\"relative tooltip-container\" role=\"tooltip\"><span class=\"ml-1 inline-flex h-5 px-2 shrink-0 items-center justify-center self-center overflow-hidden whitespace-nowrap rounded-[10px] bg-primary-500 text-[11px] leading-none font-ui-heading font-semibold text-white\">0<\/span><\/p>\n<div class=\"font-ui-heading max-sm:hidden tooltip absolute left-1\/2 bg-gray-900 text-white text-xs leading-none px-3 py-1.5 rounded-md z-[10001] whitespace-nowrap\" id=\"tooltip-join-the-conversation\" role=\"tooltip\" aria-hidden=\"true\">\nJoin the conversation\n<\/div>\n<\/div>\n<\/div>\n<div class=\"flex gap-2 text-[#333] subcontainer\">\n<div class=\"relative tooltip-container\" role=\"tooltip\">\n<p>Follow us<\/p>\n<div class=\"font-ui-heading max-sm:hidden tooltip absolute left-1\/2 bg-gray-900 text-white text-xs leading-none px-3 py-1.5 rounded-md z-[10001] whitespace-nowrap\" id=\"tooltip-add-us-as-a-preferred-source-on-google\" role=\"tooltip\" aria-hidden=\"true\">\nAdd us as a preferred source on Google\n<\/div>\n<\/div>\n<div class=\"relative tooltip-container\" role=\"tooltip\">\n<div class=\"font-ui-heading max-sm:hidden tooltip absolute left-1\/2 bg-gray-900 text-white text-xs leading-none px-3 py-1.5 rounded-md z-[10001] whitespace-nowrap\" id=\"tooltip-subscribe-to-our-newsletter\" role=\"tooltip\" aria-hidden=\"true\">\nSubscribe to our newsletter\n<\/div>\n<\/div>\n<\/div>\n<\/div>\n<p id=\"elk-c50a1e2e-a20d-11f1-b9e5-a7dc9fb9a042\">Chad Haga has indicated that his cycling career is over after a heavy crash on his mountain bike left him with multiple injuries.<\/p>\n<p>The 38-year-old US rider has carved out a successful secondary career in gravel since retiring from road cycling at the end of 2023, but recently revealed his plans to hang up his wheels at the end of this season.<\/p>\n<p id=\"elk-c50a1e2e-a20d-11f1-b9e5-a7dc9fb9a042-2\" aria-hidden=\"true\" class=\"kiosq-b\">That ending has now come prematurely, and without a fitting farewell, as Haga revealed in an emotional social media post on Thursday morning.<\/p>\n<div class=\"my-6 w-full overflow-hidden rounded-[10px] lg:my-8\" data-component-name=\"JwPlayer:Carousel\" data-jwp-carousel data-jwp-carousel-payload=\"{&quot;ids&quot;:{&quot;playerID&quot;:&quot;jYDCcabO&quot;,&quot;searchPlaylistID&quot;:&quot;gwjdoYHD&quot;,&quot;divID&quot;:&quot;botr_gwjdoYHD_jYDCcabO_div&quot;,&quot;fallbackPlaylistID&quot;:&quot;gwjdoYHD&quot;,&quot;fallbackDivID&quot;:&quot;botr_gwjdoYHD_jYDCcabO_div&quot;,&quot;key&quot;:&quot;X9\/mXVGac0NphghLH9hZaqWA5d3dhAM\/Ih07grnEyMLjuO2E&quot;,&quot;tintLogo&quot;:true,&quot;useSearchPlaylist&quot;:false,&quot;enabled&quot;:true},&quot;signPostingEnabled&quot;:true,&quot;signPostingLinkEnabled&quot;:true,&quot;waitForAdLoad&quot;:false,&quot;hidePlayerOnDesktop&quot;:false,&quot;hidePlayerOnMobile&quot;:false,&quot;hidePlayerOnTablet&quot;:false}\">\n<div class=\"flex flex-nowrap items-center justify-between gap-3 bg-zinc-900 px-[14px] py-3\" data-jwp-carousel-header>\n<div class=\"flex min-w-0 shrink items-center\"><span class=\"inline-flex items-center gap-1.5 text-sm font-article-heading capitalize leading-5 text-white whitespace-nowrap\"><span class=\"jwp-carousel-title-desktop\">Latest Videos From<\/span><span class=\"jwp-carousel-brand\">Cyclingnews<\/span><\/span><\/div>\n<\/div>\n<div class=\"min-h-[44px] bg-zinc-900 px-[14px] py-3\" data-jwp-carousel-signposting><a class=\"invisible block truncate text-sm font-bold leading-5 text-white underline decoration-solid underline-offset-2\" data-jwp-carousel-signposting-link href target=\"_blank\" rel=\"noopener noreferrer\"><span data-jwp-carousel-signposting-title>Watch full video here: <\/span><\/a><\/div>\n<\/div>\n<p aria-hidden=\"true\" class=\"kiosq-b\">&#8220;Heartbroken,&#8221; he wrote alongside a photo of himself in a hospital bed.<\/p>\n<p aria-hidden=\"true\" class=\"kiosq-b\">&#8220;This morning I gave a little mtb jump too much pop and ended my career early.&#8221;<\/p>\n<aside data-component-name=\"Recirculation:ArticleRiver\" data-recirculation-type=\"inline\" data-mrf-recirculation=\"Trending Bar\" data-nosnippet class=\"clear-both pt-2 pb-0 mb-4\"><span class=\"\n            flex\n            after:content-[&apos;&apos;] after:flex-1 after:ml-4 after:my-[0.7rem] after:border-t after:border-solid after:border-t-[#ccc]\n            before:content-[&apos;&apos;] before:flex-1 before:mr-4 before:my-[0.7rem] before:border-t before:border-solid before:border-t-[#ccc]\n            font-article-heading pb-0 text-[length:var(--article-river-title--font-size,1em)] uppercase sm:text-[length:var(--article-river-title--font-size,0.875em)] font-bold\n        \"><br \/>\n            You may like<br \/>\n        <\/span><\/p>\n<ul class=\"flex flex-col gap-0 m-0 max-w-full\">\n<li class=\"m-0 list-none border-b border-solid border-[#ededed] py-2\" data-recirculation-id=\"recirculation-card-1\" id=\"recirculation-inline-1\" data-analytics-id=\"recirculation-inline-1\" data-mrf-recirculation=\"recirculation-inline-1\">\n    <source type=\"image\/webp\" srcset=\"https:\/\/cdn.mos.cms.futurecdn.net\/oFHHPQJ4KKJ9XpSBHAhNHC-250-80.jpg.webp 250w, https:\/\/cdn.mos.cms.futurecdn.net\/oFHHPQJ4KKJ9XpSBHAhNHC-150-80.jpg.webp 150w\" sizes=\"150px\" \/><span class=\"w-full text-base font-[var(--article-river-item--font-weight,500)] font-article-heading line-clamp-3 md:line-clamp-2\">Jonas Vingegaard out for rest of season with no return possible after crash<\/span><\/li>\n<li class=\"m-0 list-none border-b border-solid border-[#ededed] py-2\" data-recirculation-id=\"recirculation-card-2\" id=\"recirculation-inline-2\" data-analytics-id=\"recirculation-inline-2\" data-mrf-recirculation=\"recirculation-inline-2\">\n    <source type=\"image\/webp\" srcset=\"https:\/\/cdn.mos.cms.futurecdn.net\/Mt3AtJFa6VeX8otHqnyqJY-250-80.jpg.webp 250w, https:\/\/cdn.mos.cms.futurecdn.net\/Mt3AtJFa6VeX8otHqnyqJY-150-80.jpg.webp 150w\" sizes=\"150px\" \/><span class=\"w-full text-base font-[var(--article-river-item--font-weight,500)] font-article-heading line-clamp-3 md:line-clamp-2\">&#8216;At least the struggle now makes sense&#8217; \u2013 Uno-X Mobility rider reveals he raced half the Giro d&#8217;Italia with a broken rib and three lower back fractures<\/span><\/li>\n<li class=\"m-0 list-none border-b border-solid border-[#ccc] py-2\" data-recirculation-id=\"recirculation-card-3\" id=\"recirculation-inline-3\" data-analytics-id=\"recirculation-inline-3\" data-mrf-recirculation=\"recirculation-inline-3\">\n    <source type=\"image\/webp\" srcset=\"https:\/\/cdn.mos.cms.futurecdn.net\/bZWAncvpLsdhmW3LWV4FTJ-250-80.jpg.webp 250w, https:\/\/cdn.mos.cms.futurecdn.net\/bZWAncvpLsdhmW3LWV4FTJ-150-80.jpg.webp 150w\" sizes=\"150px\" \/><span class=\"w-full text-base font-[var(--article-river-item--font-weight,500)] font-article-heading line-clamp-3 md:line-clamp-2\">Four-time Tour de France winner Chris Froome announces retirement from pro cycling<\/span><\/li>\n<\/ul>\n<\/aside>\n<p aria-hidden=\"true\" class=\"kiosq-b\">Haga then listed out the injuries he had sustained, which include damage to both forearms as well as two broken ribs, a collarbone injury, and a collapsed lung.<\/p>\n<p aria-hidden=\"true\" class=\"kiosq-b\">The radius and the ulna are the two bones that comprise the forearm, and while Haga does not specifically state as such, it is presumed that he suffered a fracture in the top of his left radius and a fracture to his right ulna.<\/p>\n<div id=\"slice-container-newsletterForm-articleInbodyContent-bVGvudkPhd5EgCongbBL5d\" class=\"slice-container newsletter-inbodyContent-slice newsletterForm-articleInbodyContent-bVGvudkPhd5EgCongbBL5d slice-container-newsletterForm\">\n<div data-hydrate=\"true\" class=\"newsletter-form__wrapper newsletter-form__wrapper--inbodyContent\">\n<div class=\"newsletter-form__container\">\n<section class=\"newsletter-form__top-bar\">\n<div class=\"newsletter-form__header\">Get The Leadout Newsletter<\/div>\n<\/section>\n<section class=\"newsletter-form__main-section\">\n<p class=\"newsletter-form__strapline\">The latest race content, interviews, features, reviews and expert buying guides, direct to your inbox!<\/p>\n<footer class=\"newsletter-form__footer \">By submitting your information you agree to the Terms &amp; Conditions and Privacy Policy and are aged 16 or over.<\/footer>\n<\/section>\n<\/div>\n<\/div>\n<\/div>\n<p aria-hidden=\"true\" class=\"kiosq-b\">Haga also indicated that he suffered a head impact.<\/p>\n<p aria-hidden=\"true\" class=\"kiosq-b\">&#8220;I&#8217;m thankful that my helmet did its job and saved my brain,&#8221; he wrote, going on to thank the emergency medical technicians who treated him as well as his family and friends.<\/p>\n<p id=\"elk-309bf452-a211-11f1-9650-cbf0c80e0f99\" aria-hidden=\"true\" class=\"kiosq-b\">Haga spent a decade as a pro road racer and won a stage of the Giro d&#8217;Italia with the Sunweb team before following the wave of road pros heading into the burgeoning gravel scene in 2024. After a number of solo missions to &#8216;prove that I belong&#8217;, he bagged a ride with the PAS Racing set-up and went on to finish runner-up at that year&#8217;s Unbound 200, the biggest race in gravel.<\/p>\n<aside data-component-name=\"Recirculation:ArticleRiver\" data-recirculation-type=\"inline\" data-mrf-recirculation=\"Trending Bar\" data-nosnippet class=\"clear-both pt-2 pb-0 mb-4\"><span class=\"\n            flex\n            after:content-[&apos;&apos;] after:flex-1 after:ml-4 after:my-[0.7rem] after:border-t after:border-solid after:border-t-[#ccc]\n            before:content-[&apos;&apos;] before:flex-1 before:mr-4 before:my-[0.7rem] before:border-t before:border-solid before:border-t-[#ccc]\n            font-article-heading pb-0 text-[length:var(--article-river-title--font-size,1em)] uppercase sm:text-[length:var(--article-river-title--font-size,0.875em)] font-bold\n        \"><br \/>\n            What to read next<br \/>\n        <\/span><\/p>\n<ul class=\"flex flex-col gap-0 m-0 max-w-full\">\n<li class=\"m-0 list-none border-b border-solid border-[#ededed] py-2\" data-recirculation-id=\"recirculation-card-1\" id=\"recirculation-inline-2-1\" data-analytics-id=\"recirculation-2-inline-1\" data-mrf-recirculation=\"recirculation-2-inline-1\">\n    <source type=\"image\/webp\" srcset=\"https:\/\/cdn.mos.cms.futurecdn.net\/QL4TfcDkAYHJLFp34Pqnma-250-80.jpg.webp 250w, https:\/\/cdn.mos.cms.futurecdn.net\/QL4TfcDkAYHJLFp34Pqnma-150-80.jpg.webp 150w\" sizes=\"150px\" \/><span class=\"w-full text-base font-[var(--article-river-item--font-weight,500)] font-article-heading line-clamp-3 md:line-clamp-2\">&#8216;I think my season&#8217;s over&#8217; &#8211; Lucas Bourgoyne misses momentum at American Criterium Cup with appendectomy<\/span><\/li>\n<li class=\"m-0 list-none border-b border-solid border-[#ededed] py-2\" data-recirculation-id=\"recirculation-card-2\" id=\"recirculation-inline-2-2\" data-analytics-id=\"recirculation-2-inline-2\" data-mrf-recirculation=\"recirculation-2-inline-2\">\n    <source type=\"image\/webp\" srcset=\"https:\/\/cdn.mos.cms.futurecdn.net\/feBPM3GKhNiUugBhAd2aeh-250-80.jpg.webp 250w, https:\/\/cdn.mos.cms.futurecdn.net\/feBPM3GKhNiUugBhAd2aeh-150-80.jpg.webp 150w\" sizes=\"150px\" \/><span class=\"w-full text-base font-[var(--article-river-item--font-weight,500)] font-article-heading line-clamp-3 md:line-clamp-2\">Albert Philipsen faces another injury recovery after training crash leaves him with three fractures<\/span><\/li>\n<li class=\"m-0 list-none border-b border-solid border-[#ccc] py-2\" data-recirculation-id=\"recirculation-card-3\" id=\"recirculation-inline-2-3\" data-analytics-id=\"recirculation-2-inline-3\" data-mrf-recirculation=\"recirculation-2-inline-3\">\n    <source type=\"image\/webp\" srcset=\"https:\/\/cdn.mos.cms.futurecdn.net\/Wm8EWp7sSyGBcoXqRLHGyJ-250-80.jpg.webp 250w, https:\/\/cdn.mos.cms.futurecdn.net\/Wm8EWp7sSyGBcoXqRLHGyJ-150-80.jpg.webp 150w\" sizes=\"150px\" \/><span class=\"w-full text-base font-[var(--article-river-item--font-weight,500)] font-article-heading line-clamp-3 md:line-clamp-2\">Jonas Vingegaard crashes out of Tour de France \u2013 Dane suffers broken collarbone and will undergo surgery<\/span><\/li>\n<\/ul>\n<\/aside>\n<p aria-hidden=\"true\" class=\"kiosq-b\">Towards the end of 2024, he suffered a very similar injury to this latest one, breaking the radius and ulna in his right arm in a training ride. At the end of a 2025 campaign in which he went full privateer as a gravel racer, he had surgery to remove a plate in that right forearm.<\/p>\n<p aria-hidden=\"true\" class=\"kiosq-b\">Haga has continued to race the world&#8217;s biggest off-road events with a strong line-up of personal sponsors in 2026, but at the start of August he revealed that he would not race on in 2027.<\/p>\n<p aria-hidden=\"true\" class=\"kiosq-b\">&#8220;It was on a sledding day in January of this year when I realised I didn\u2019t want to keep making the sacrifices it takes to perform at the highest level, so this year I\u2019m doing the best I can with the time that I have to train, and I\u2019m going to wrap it up and move onto new adventures,&#8221; he said in a social media update.<\/p>\n<p aria-hidden=\"true\" class=\"kiosq-b\">&#8220;I\u2019m excited about that. There are just a couple of months left so I\u2019m going to make the most of my last few races.&#8221;<\/p>\n<p aria-hidden=\"true\" class=\"kiosq-b\">Haga raced the Leadville Trail MTB event earlier this month, but had not publicly stated which races remained and where he planned to compete for the final time. In any case, that ending has now been taken away.<\/p>\n<p id=\"elk-c50a1f50-a20d-11f1-bd6f-ef4927946ab2\" aria-hidden=\"true\" class=\"kiosq-b\"><strong>For unbeatable coverage across road, gravel and tech, subscribe to Cyclingnews. You&#8217;ll get comprehensive race coverage of La Vuelta a Espa\u00f1a, subscriber-exclusive analysis from our expert columnists, in-depth features and industry-leading tech insight. Plus, the Cyclingnews app lets you follow the action wherever you go! <\/strong><u><strong>Join today.<\/strong><\/u><\/p>\n<\/div>\n<div class=\"block mb-5\" id=\"articleTag\" data-component-name=\"PostArticleLinks\" data-nosnippet data-mrf-recirculation=\"post-article-links\">\n<div class=\"border-b border-b-black border-solid py-2.5 text-black font-bold uppercase\">TOPICS<\/div>\n<nav class=\"py-2.5 flex gap-2.5 flex-wrap\" data-analytics-id=\"article-tag\" data-mrf-recirculation=\"article-tag\">\n<p>North American<\/p>\n<\/nav>\n<\/div>\n<div id=\"slice-container-authorBio-bVGvudkPhd5EgCongbBL5d\" class=\"slice-container slice-author-bio authorBio-bVGvudkPhd5EgCongbBL5d slice-container-authorBio\">\n<div class=\"author author__default-layout author--separator author--collapsible\" data-hydrate=\"true\">\n<div class=\"author__header\">\n<div class=\"author__avatar-block\">\n<figure class=\"image-wrapped__wrapper\" data-bordeaux-image-check=\"false\">\n<div class=\"image-wrapped__widthsetter\">\n<div class=\"image-wrapped__aspect-padding\">\n<div><source class=\"author__avatar image-wrapped__image image__image\" type=\"image\/webp\" srcset=\"https:\/\/cdn.mos.cms.futurecdn.net\/2QoJgeVtEMbCKNujw2pLoH-140-80.jpg.webp 140w\" sizes=\"99vw\" data-normal=\"https:\/\/cdn.mos.cms.futurecdn.net\/2QoJgeVtEMbCKNujw2pLoH.jpg\" data-original-mos=\"https:\/\/cdn.mos.cms.futurecdn.net\/2QoJgeVtEMbCKNujw2pLoH.jpg\" data-pin-media=\"https:\/\/cdn.mos.cms.futurecdn.net\/2QoJgeVtEMbCKNujw2pLoH.jpg\" data-pin-nopin=\"true\" data-slice-image=\"true\" \/><\/div>\n<\/div>\n<\/div>\n<\/figure>\n<\/div>\n<div class=\"author__heading\">\n<div class=\"author__name\">Patrick Fletcher<\/div>\n<div class=\"author__role\">Deputy Editor<\/div>\n<\/div>\n<\/div>\n<div class=\"author__bio-wrapper\">\n<div class=\"author__biography\">\n<p>Patrick is an NCTJ-accredited journalist with a bachelor\u2019s degree in modern languages (French and Spanish) and a decade\u2019s experience in digital sports media, largely within the world of cycling. He re-joined Cyclingnews as Deputy Editor in February 2026, having previously spent eight years on staff between 2015 and 2023. In between, he was Deputy Editor at GCN and spent 18 months working across the sports portfolio at Future before returning to the cycling press pack. Patrick works across Cyclingnews\u2019 wide-ranging output, assisting the Editor in global content strategy, with a particular focus on shaping CN&#8217;s news operation.<\/p>\n<\/div>\n<\/div>\n<\/div>\n<\/div>\n<\/section>\n<div class=\"relative max-w-[1070px] viafoura-twig-component mt-6 mx-4 lg:mx-0\" data-component-name=\"Viafoura:Comments\" data-nosnippet data-community-guidelines-text=\"&lt;p class=&apos;vfcustom-community-guidelines&apos;&gt;Please follow our &lt;a href=&quot;https:\/\/www.cyclingnews.com\/about\/#section-community-guidelines&quot; target=&quot;_blank&quot;&gt;community guidelines&lt;\/a&gt;.&lt;\/p&gt;\" data-join-the-conversation-text=\"Join the Conversation\">\n<div class=\"absolute top-0 left-0 w-full h-full flex items-center justify-center z-50 bg-white\/90 border-1 rounded-b-[var(--comment-widget-border-radius,0)]\">\n<div class=\"p-2 text-center\">\n<p class=\"mb-3 text-lg!\">You must confirm your public display name before commenting<\/p>\n<p class=\"mb-3 text-sm!\">Please logout and then login again, you will then be prompted to enter your display name.<\/p>\n<\/div>\n<\/div>\n<\/div>\n<section class=\"mx-2 my-5 sm:mx-0\">\n<aside class=\"w-full\" data-nosnippet data-mrf-recirculation=\"article-river-stacked\">\n<div data-recirc-id=\"article-river-stacked-adviser:hybrid\">\n<div class=\"text-white py-4 px-3 mb-4 bg-[#333] uppercase font-bold custom-header-styles\">Read more<\/div>\n<div class=\"grid grid-cols-1 gap-4 mt-4 mb-5\">\n<div>\n<div class=\"aspect-[var(--img-listing-aspect-ratio,16\/9)] relative mb-3.5\">\n    <source type=\"image\/webp\" srcset=\"https:\/\/cdn.mos.cms.futurecdn.net\/oFHHPQJ4KKJ9XpSBHAhNHC-840-80.jpg.webp 840w, https:\/\/cdn.mos.cms.futurecdn.net\/oFHHPQJ4KKJ9XpSBHAhNHC-650-80.jpg.webp 650w, https:\/\/cdn.mos.cms.futurecdn.net\/oFHHPQJ4KKJ9XpSBHAhNHC-500-80.jpg.webp 500w, https:\/\/cdn.mos.cms.futurecdn.net\/oFHHPQJ4KKJ9XpSBHAhNHC-450-80.jpg.webp 450w, https:\/\/cdn.mos.cms.futurecdn.net\/oFHHPQJ4KKJ9XpSBHAhNHC-320-80.jpg.webp 320w\" sizes=\"(min-width: 900px) 925px, (min-width: 700px) 450px, calc(100vw - 48px)\" \/><\/div>\n<p><span class=\"custom-subheading-styles\">Racing<\/span><span class=\"text-base text-black font-bold mx-0 my-2.5 p-0 block custom-text-styles\">Jonas Vingegaard out for rest of season with no return possible after crash<\/span><\/div>\n<div class=\"relative recirc-feed sponsored-card min-h-[250px]\" data-recirc-id=\"article-river-stacked-ads:native-cards\" data-mrf-recirculation=\"article-river-ads\" data-nosnippet data-ad-slot-path=\"feed-sponsored-post\" data-attribute-device=\"all\">\n<div class=\"max-w-full sponsored-post--placeholder animate-pulse\">\n<div class=\"relative!\"><span class=\"text-base text-black font-bold mx-0 my-2.5 p-0 block bg-gray-100\">\u00a0<br \/>\u00a0<\/span><\/div>\n<\/div>\n<\/div>\n<div>\n<div class=\"aspect-[var(--img-listing-aspect-ratio,16\/9)] relative mb-3.5\">\n    <source type=\"image\/webp\" srcset=\"https:\/\/cdn.mos.cms.futurecdn.net\/Mt3AtJFa6VeX8otHqnyqJY-840-80.jpg.webp 840w, https:\/\/cdn.mos.cms.futurecdn.net\/Mt3AtJFa6VeX8otHqnyqJY-650-80.jpg.webp 650w, https:\/\/cdn.mos.cms.futurecdn.net\/Mt3AtJFa6VeX8otHqnyqJY-500-80.jpg.webp 500w, https:\/\/cdn.mos.cms.futurecdn.net\/Mt3AtJFa6VeX8otHqnyqJY-450-80.jpg.webp 450w, https:\/\/cdn.mos.cms.futurecdn.net\/Mt3AtJFa6VeX8otHqnyqJY-320-80.jpg.webp 320w\" sizes=\"(min-width: 900px) 925px, (min-width: 700px) 450px, calc(100vw - 48px)\" \/><\/div>\n<p><span class=\"custom-subheading-styles\">Teams &amp; Riders<\/span><span class=\"text-base text-black font-bold mx-0 my-2.5 p-0 block custom-text-styles\">&#8216;At least the struggle now makes sense&#8217; \u2013 Uno-X Mobility rider reveals he raced half the Giro d&#8217;Italia with a broken rib and three lower back fractures<\/span><\/div>\n<div class=\"relative recirc-feed sponsored-card min-h-[250px]\" data-recirc-id=\"article-river-stacked-ads:native-cards\" data-mrf-recirculation=\"article-river-ads\" data-nosnippet data-ad-slot-path=\"feed-sponsored-post\" data-attribute-device=\"all\">\n<div class=\"max-w-full sponsored-post--placeholder animate-pulse\">\n<div class=\"relative!\"><span class=\"text-base text-black font-bold mx-0 my-2.5 p-0 block bg-gray-100\">\u00a0<br \/>\u00a0<\/span><\/div>\n<\/div>\n<\/div>\n<div>\n<div class=\"aspect-[var(--img-listing-aspect-ratio,16\/9)] relative mb-3.5\">\n    <source type=\"image\/webp\" srcset=\"https:\/\/cdn.mos.cms.futurecdn.net\/QL4TfcDkAYHJLFp34Pqnma-840-80.jpg.webp 840w, https:\/\/cdn.mos.cms.futurecdn.net\/QL4TfcDkAYHJLFp34Pqnma-650-80.jpg.webp 650w, https:\/\/cdn.mos.cms.futurecdn.net\/QL4TfcDkAYHJLFp34Pqnma-500-80.jpg.webp 500w, https:\/\/cdn.mos.cms.futurecdn.net\/QL4TfcDkAYHJLFp34Pqnma-450-80.jpg.webp 450w, https:\/\/cdn.mos.cms.futurecdn.net\/QL4TfcDkAYHJLFp34Pqnma-320-80.jpg.webp 320w\" sizes=\"(min-width: 900px) 925px, (min-width: 700px) 450px, calc(100vw - 48px)\" \/><\/div>\n<p><span class=\"custom-subheading-styles\">Teams &amp; Riders<\/span><span class=\"text-base text-black font-bold mx-0 my-2.5 p-0 block custom-text-styles\">&#8216;I think my season&#8217;s over&#8217; &#8211; Lucas Bourgoyne misses momentum at American Criterium Cup with appendectomy<\/span><\/div>\n<div class=\"relative recirc-feed sponsored-card min-h-[250px]\" data-recirc-id=\"article-river-stacked-ads:native-cards\" data-mrf-recirculation=\"article-river-ads\" data-nosnippet data-ad-slot-path=\"feed-sponsored-post\" data-attribute-device=\"all\">\n<div class=\"max-w-full sponsored-post--placeholder animate-pulse\">\n<div class=\"relative!\"><span class=\"text-base text-black font-bold mx-0 my-2.5 p-0 block bg-gray-100\">\u00a0<br \/>\u00a0<\/span><\/div>\n<\/div>\n<\/div>\n<div>\n<div class=\"aspect-[var(--img-listing-aspect-ratio,16\/9)] relative mb-3.5\">\n    <source type=\"image\/webp\" srcset=\"https:\/\/cdn.mos.cms.futurecdn.net\/bZWAncvpLsdhmW3LWV4FTJ-840-80.jpg.webp 840w, https:\/\/cdn.mos.cms.futurecdn.net\/bZWAncvpLsdhmW3LWV4FTJ-650-80.jpg.webp 650w, https:\/\/cdn.mos.cms.futurecdn.net\/bZWAncvpLsdhmW3LWV4FTJ-500-80.jpg.webp 500w, https:\/\/cdn.mos.cms.futurecdn.net\/bZWAncvpLsdhmW3LWV4FTJ-450-80.jpg.webp 450w, https:\/\/cdn.mos.cms.futurecdn.net\/bZWAncvpLsdhmW3LWV4FTJ-320-80.jpg.webp 320w\" sizes=\"(min-width: 900px) 925px, (min-width: 700px) 450px, calc(100vw - 48px)\" \/><\/div>\n<p><span class=\"custom-subheading-styles\">Teams &amp; Riders<\/span><span class=\"text-base text-black font-bold mx-0 my-2.5 p-0 block custom-text-styles\">Four-time Tour de France winner Chris Froome announces retirement from pro cycling<\/span><\/div>\n<div class=\"relative recirc-feed sponsored-card min-h-[250px]\" data-recirc-id=\"article-river-stacked-ads:native-cards\" data-mrf-recirculation=\"article-river-ads\" data-nosnippet data-ad-slot-path=\"feed-sponsored-post\" data-attribute-device=\"all\">\n<div class=\"max-w-full sponsored-post--placeholder animate-pulse\">\n<div class=\"relative!\"><span class=\"text-base text-black font-bold mx-0 my-2.5 p-0 block bg-gray-100\">\u00a0<br \/>\u00a0<\/span><\/div>\n<\/div>\n<\/div>\n<div>\n<div class=\"aspect-[var(--img-listing-aspect-ratio,16\/9)] relative mb-3.5\">\n    <source type=\"image\/webp\" srcset=\"https:\/\/cdn.mos.cms.futurecdn.net\/feBPM3GKhNiUugBhAd2aeh-840-80.jpg.webp 840w, https:\/\/cdn.mos.cms.futurecdn.net\/feBPM3GKhNiUugBhAd2aeh-650-80.jpg.webp 650w, https:\/\/cdn.mos.cms.futurecdn.net\/feBPM3GKhNiUugBhAd2aeh-500-80.jpg.webp 500w, https:\/\/cdn.mos.cms.futurecdn.net\/feBPM3GKhNiUugBhAd2aeh-450-80.jpg.webp 450w, https:\/\/cdn.mos.cms.futurecdn.net\/feBPM3GKhNiUugBhAd2aeh-320-80.jpg.webp 320w\" sizes=\"(min-width: 900px) 925px, (min-width: 700px) 450px, calc(100vw - 48px)\" \/><\/div>\n<p><span class=\"custom-subheading-styles\">Teams &amp; Riders<\/span><span class=\"text-base text-black font-bold mx-0 my-2.5 p-0 block custom-text-styles\">Albert Philipsen faces another injury recovery after training crash leaves him with three fractures<\/span><\/div>\n<div class=\"relative recirc-feed sponsored-card min-h-[250px]\" data-recirc-id=\"article-river-stacked-ads:native-cards\" data-mrf-recirculation=\"article-river-ads\" data-nosnippet data-ad-slot-path=\"feed-sponsored-post\" data-attribute-device=\"all\">\n<div class=\"max-w-full sponsored-post--placeholder animate-pulse\">\n<div class=\"relative!\"><span class=\"text-base text-black font-bold mx-0 my-2.5 p-0 block bg-gray-100\">\u00a0<br \/>\u00a0<\/span><\/div>\n<\/div>\n<\/div>\n<div>\n<div class=\"aspect-[var(--img-listing-aspect-ratio,16\/9)] relative mb-3.5\">\n    <source type=\"image\/webp\" srcset=\"https:\/\/cdn.mos.cms.futurecdn.net\/Wm8EWp7sSyGBcoXqRLHGyJ-840-80.jpg.webp 840w, https:\/\/cdn.mos.cms.futurecdn.net\/Wm8EWp7sSyGBcoXqRLHGyJ-650-80.jpg.webp 650w, https:\/\/cdn.mos.cms.futurecdn.net\/Wm8EWp7sSyGBcoXqRLHGyJ-500-80.jpg.webp 500w, https:\/\/cdn.mos.cms.futurecdn.net\/Wm8EWp7sSyGBcoXqRLHGyJ-450-80.jpg.webp 450w, https:\/\/cdn.mos.cms.futurecdn.net\/Wm8EWp7sSyGBcoXqRLHGyJ-320-80.jpg.webp 320w\" sizes=\"(min-width: 900px) 925px, (min-width: 700px) 450px, calc(100vw - 48px)\" \/><\/div>\n<p><span class=\"custom-subheading-styles\">Teams &amp; Riders<\/span><span class=\"text-base text-black font-bold mx-0 my-2.5 p-0 block custom-text-styles\">Jonas Vingegaard crashes out of Tour de France \u2013 Dane suffers broken collarbone and will undergo surgery<\/span><\/div>\n<div class=\"relative recirc-feed sponsored-card min-h-[250px]\" data-recirc-id=\"article-river-stacked-ads:native-cards\" data-mrf-recirculation=\"article-river-ads\" data-nosnippet data-ad-slot-path=\"feed-sponsored-post\" data-attribute-device=\"all\">\n<div class=\"max-w-full sponsored-post--placeholder animate-pulse\">\n<div class=\"relative!\"><span class=\"text-base text-black font-bold mx-0 my-2.5 p-0 block bg-gray-100\">\u00a0<br \/>\u00a0<\/span><\/div>\n<\/div>\n<\/div>\n<\/div>\n<\/div>\n<\/aside>\n<aside class=\"w-full\" data-nosnippet data-mrf-recirculation=\"article-river-stacked\">\n<div data-recirc-id=\"article-river-stacked-solr:latest-category\">\n<div class=\"text-white py-4 px-3 mb-4 bg-[#333] uppercase font-bold custom-header-styles\">Latest in Teams &amp; Riders<\/div>\n<div class=\"grid grid-cols-1 gap-4 mt-4 mb-5\">\n<div>\n<div class=\"aspect-[var(--img-listing-aspect-ratio,16\/9)] relative mb-3.5\">\n    <source type=\"image\/webp\" srcset=\"https:\/\/cdn.mos.cms.futurecdn.net\/SyQVzG9aSiFNF9eeLPRwj4-840-80.jpg.webp 840w, https:\/\/cdn.mos.cms.futurecdn.net\/SyQVzG9aSiFNF9eeLPRwj4-650-80.jpg.webp 650w, https:\/\/cdn.mos.cms.futurecdn.net\/SyQVzG9aSiFNF9eeLPRwj4-500-80.jpg.webp 500w, https:\/\/cdn.mos.cms.futurecdn.net\/SyQVzG9aSiFNF9eeLPRwj4-450-80.jpg.webp 450w, https:\/\/cdn.mos.cms.futurecdn.net\/SyQVzG9aSiFNF9eeLPRwj4-320-80.jpg.webp 320w\" sizes=\"(min-width: 900px) 925px, (min-width: 700px) 450px, calc(100vw - 48px)\" \/><\/div>\n<p><span class=\"custom-subheading-styles\">Racing<\/span><span class=\"text-base text-black font-bold mx-0 my-2.5 p-0 block custom-text-styles\">Josh Tarling abandons the Vuelta a Espa\u00f1a during stage 6<\/span><\/div>\n<div class=\"relative recirc-feed sponsored-card min-h-[250px]\" data-recirc-id=\"article-river-stacked-ads:native-cards\" data-mrf-recirculation=\"article-river-ads\" data-nosnippet data-ad-slot-path=\"feed-sponsored-post\" data-attribute-device=\"all\">\n<div class=\"max-w-full sponsored-post--placeholder animate-pulse\">\n<div class=\"relative!\"><span class=\"text-base text-black font-bold mx-0 my-2.5 p-0 block bg-gray-100\">\u00a0<br \/>\u00a0<\/span><\/div>\n<\/div>\n<\/div>\n<div>\n<div class=\"aspect-[var(--img-listing-aspect-ratio,16\/9)] relative mb-3.5\">\n    <source type=\"image\/webp\" srcset=\"https:\/\/cdn.mos.cms.futurecdn.net\/vGSz3mmntd7cRcLKHDx2hk-840-80.jpg.webp 840w, https:\/\/cdn.mos.cms.futurecdn.net\/vGSz3mmntd7cRcLKHDx2hk-650-80.jpg.webp 650w, https:\/\/cdn.mos.cms.futurecdn.net\/vGSz3mmntd7cRcLKHDx2hk-500-80.jpg.webp 500w, https:\/\/cdn.mos.cms.futurecdn.net\/vGSz3mmntd7cRcLKHDx2hk-450-80.jpg.webp 450w, https:\/\/cdn.mos.cms.futurecdn.net\/vGSz3mmntd7cRcLKHDx2hk-320-80.jpg.webp 320w\" sizes=\"(min-width: 900px) 925px, (min-width: 700px) 450px, calc(100vw - 48px)\" \/><\/div>\n<p><span class=\"custom-subheading-styles\">Teams &amp; Riders<\/span><span class=\"text-base text-black font-bold mx-0 my-2.5 p-0 block custom-text-styles\">&#8216;I&#8217;m not like Poga\u010dar&#8217; \u2013 Wout van Aert happy in support role at Vuelta a Espa\u00f1a but wants his sunglasses back<\/span><\/div>\n<div class=\"relative recirc-feed sponsored-card min-h-[250px]\" data-recirc-id=\"article-river-stacked-ads:native-cards\" data-mrf-recirculation=\"article-river-ads\" data-nosnippet data-ad-slot-path=\"feed-sponsored-post\" data-attribute-device=\"all\">\n<div class=\"max-w-full sponsored-post--placeholder animate-pulse\">\n<div class=\"relative!\"><span class=\"text-base text-black font-bold mx-0 my-2.5 p-0 block bg-gray-100\">\u00a0<br \/>\u00a0<\/span><\/div>\n<\/div>\n<\/div>\n<div>\n<div class=\"aspect-[var(--img-listing-aspect-ratio,16\/9)] relative mb-3.5\">\n    <source type=\"image\/webp\" srcset=\"https:\/\/cdn.mos.cms.futurecdn.net\/REnMEnCGVgxZadbdFY944G-840-80.jpg.webp 840w, https:\/\/cdn.mos.cms.futurecdn.net\/REnMEnCGVgxZadbdFY944G-650-80.jpg.webp 650w, https:\/\/cdn.mos.cms.futurecdn.net\/REnMEnCGVgxZadbdFY944G-500-80.jpg.webp 500w, https:\/\/cdn.mos.cms.futurecdn.net\/REnMEnCGVgxZadbdFY944G-450-80.jpg.webp 450w, https:\/\/cdn.mos.cms.futurecdn.net\/REnMEnCGVgxZadbdFY944G-320-80.jpg.webp 320w\" sizes=\"(min-width: 900px) 925px, (min-width: 700px) 450px, calc(100vw - 48px)\" \/><\/div>\n<p><span class=\"custom-subheading-styles\">Transfers<\/span><span class=\"text-base text-black font-bold mx-0 my-2.5 p-0 block custom-text-styles\">Pinarello-Q36.5 poach Tour de l&#8217;Avenir runner-up and top Belgian prospect Niels Driesen for 2027<\/span><\/div>\n<div class=\"relative recirc-feed sponsored-card min-h-[250px]\" data-recirc-id=\"article-river-stacked-ads:native-cards\" data-mrf-recirculation=\"article-river-ads\" data-nosnippet data-ad-slot-path=\"feed-sponsored-post\" data-attribute-device=\"all\">\n<div class=\"max-w-full sponsored-post--placeholder animate-pulse\">\n<div class=\"relative!\"><span class=\"text-base text-black font-bold mx-0 my-2.5 p-0 block bg-gray-100\">\u00a0<br \/>\u00a0<\/span><\/div>\n<\/div>\n<\/div>\n<div>\n<div class=\"aspect-[var(--img-listing-aspect-ratio,16\/9)] relative mb-3.5\">\n    <source type=\"image\/webp\" srcset=\"https:\/\/cdn.mos.cms.futurecdn.net\/QMB5s9ZeX2YDZtuJBWDVNP-840-80.jpg.webp 840w, https:\/\/cdn.mos.cms.futurecdn.net\/QMB5s9ZeX2YDZtuJBWDVNP-650-80.jpg.webp 650w, https:\/\/cdn.mos.cms.futurecdn.net\/QMB5s9ZeX2YDZtuJBWDVNP-500-80.jpg.webp 500w, https:\/\/cdn.mos.cms.futurecdn.net\/QMB5s9ZeX2YDZtuJBWDVNP-450-80.jpg.webp 450w, https:\/\/cdn.mos.cms.futurecdn.net\/QMB5s9ZeX2YDZtuJBWDVNP-320-80.jpg.webp 320w\" sizes=\"(min-width: 900px) 925px, (min-width: 700px) 450px, calc(100vw - 48px)\" \/><\/div>\n<p><span class=\"custom-subheading-styles\">Teams &amp; Riders<\/span><span class=\"text-base text-black font-bold mx-0 my-2.5 p-0 block custom-text-styles\">&#8216;For some reason, my legs aren&#8217;t responding as they should&#8217; &#8211; Carlos Rodr\u00edguez looking for answers to unexplained subpar form at the Vuelta a Espa\u00f1a<\/span><\/div>\n<div class=\"relative recirc-feed sponsored-card min-h-[250px]\" data-recirc-id=\"article-river-stacked-ads:native-cards\" data-mrf-recirculation=\"article-river-ads\" data-nosnippet data-ad-slot-path=\"feed-sponsored-post\" data-attribute-device=\"all\">\n<div class=\"max-w-full sponsored-post--placeholder animate-pulse\">\n<div class=\"relative!\"><span class=\"text-base text-black font-bold mx-0 my-2.5 p-0 block bg-gray-100\">\u00a0<br \/>\u00a0<\/span><\/div>\n<\/div>\n<\/div>\n<div>\n<div class=\"aspect-[var(--img-listing-aspect-ratio,16\/9)] relative mb-3.5\">\n    <source type=\"image\/webp\" srcset=\"https:\/\/cdn.mos.cms.futurecdn.net\/GbTwR8dgcxzbfFRYVG2iLh-840-80.jpg.webp 840w, https:\/\/cdn.mos.cms.futurecdn.net\/GbTwR8dgcxzbfFRYVG2iLh-650-80.jpg.webp 650w, https:\/\/cdn.mos.cms.futurecdn.net\/GbTwR8dgcxzbfFRYVG2iLh-500-80.jpg.webp 500w, https:\/\/cdn.mos.cms.futurecdn.net\/GbTwR8dgcxzbfFRYVG2iLh-450-80.jpg.webp 450w, https:\/\/cdn.mos.cms.futurecdn.net\/GbTwR8dgcxzbfFRYVG2iLh-320-80.jpg.webp 320w\" sizes=\"(min-width: 900px) 925px, (min-width: 700px) 450px, calc(100vw - 48px)\" \/><\/div>\n<p><span class=\"custom-subheading-styles\">Teams &amp; Riders<\/span><span class=\"text-base text-black font-bold mx-0 my-2.5 p-0 block custom-text-styles\">&#8216;There&#8217;s still a battle going on&#8217; &#8211; Vuelta a Espa\u00f1a stage 5 winner Matthew Brennan explains how Visma-Lease a Bike use terrain to stop Tadej Poga\u010dar<\/span><\/div>\n<div class=\"relative recirc-feed sponsored-card min-h-[250px]\" data-recirc-id=\"article-river-stacked-ads:native-cards\" data-mrf-recirculation=\"article-river-ads\" data-nosnippet data-ad-slot-path=\"feed-sponsored-post\" data-attribute-device=\"all\">\n<div class=\"max-w-full sponsored-post--placeholder animate-pulse\">\n<div class=\"relative!\"><span class=\"text-base text-black font-bold mx-0 my-2.5 p-0 block bg-gray-100\">\u00a0<br \/>\u00a0<\/span><\/div>\n<\/div>\n<\/div>\n<div>\n<div class=\"aspect-[var(--img-listing-aspect-ratio,16\/9)] relative mb-3.5\">\n    <source type=\"image\/webp\" srcset=\"https:\/\/cdn.mos.cms.futurecdn.net\/6nEGi3LHNPsKibQZtPpSgi-840-80.jpg.webp 840w, https:\/\/cdn.mos.cms.futurecdn.net\/6nEGi3LHNPsKibQZtPpSgi-650-80.jpg.webp 650w, https:\/\/cdn.mos.cms.futurecdn.net\/6nEGi3LHNPsKibQZtPpSgi-500-80.jpg.webp 500w, https:\/\/cdn.mos.cms.futurecdn.net\/6nEGi3LHNPsKibQZtPpSgi-450-80.jpg.webp 450w, https:\/\/cdn.mos.cms.futurecdn.net\/6nEGi3LHNPsKibQZtPpSgi-320-80.jpg.webp 320w\" sizes=\"(min-width: 900px) 925px, (min-width: 700px) 450px, calc(100vw - 48px)\" \/><\/div>\n<p><span class=\"custom-subheading-styles\">Women&#8217;s Cycling<\/span><span class=\"text-base text-black font-bold mx-0 my-2.5 p-0 block custom-text-styles\">Caroline Andersson joins AG Insurance-Soudal in major boost for Kim Le Court-Pienaar&#8217;s support squad \u2013 Analysis<\/span><\/div>\n<div class=\"relative recirc-feed sponsored-card min-h-[250px]\" data-recirc-id=\"article-river-stacked-ads:native-cards\" data-mrf-recirculation=\"article-river-ads\" data-nosnippet data-ad-slot-path=\"feed-sponsored-post\" data-attribute-device=\"all\">\n<div class=\"max-w-full sponsored-post--placeholder animate-pulse\">\n<div class=\"relative!\"><span class=\"text-base text-black font-bold mx-0 my-2.5 p-0 block bg-gray-100\">\u00a0<br \/>\u00a0<\/span><\/div>\n<\/div>\n<\/div>\n<\/div>\n<\/div>\n<\/aside>\n<aside class=\"w-full\" data-nosnippet data-mrf-recirculation=\"article-river-stacked\">\n<div data-recirc-id=\"article-river-stacked-solr:latest-articletype\">\n<div class=\"text-white py-4 px-3 mb-4 bg-[#333] uppercase font-bold custom-header-styles\">Latest in News<\/div>\n<div class=\"grid grid-cols-1 gap-4 mt-4 mb-5\">\n<div>\n<div class=\"aspect-[var(--img-listing-aspect-ratio,16\/9)] relative mb-3.5\">\n    <source type=\"image\/webp\" srcset=\"https:\/\/cdn.mos.cms.futurecdn.net\/SyQVzG9aSiFNF9eeLPRwj4-840-80.jpg.webp 840w, https:\/\/cdn.mos.cms.futurecdn.net\/SyQVzG9aSiFNF9eeLPRwj4-650-80.jpg.webp 650w, https:\/\/cdn.mos.cms.futurecdn.net\/SyQVzG9aSiFNF9eeLPRwj4-500-80.jpg.webp 500w, https:\/\/cdn.mos.cms.futurecdn.net\/SyQVzG9aSiFNF9eeLPRwj4-450-80.jpg.webp 450w, https:\/\/cdn.mos.cms.futurecdn.net\/SyQVzG9aSiFNF9eeLPRwj4-320-80.jpg.webp 320w\" sizes=\"(min-width: 900px) 925px, (min-width: 700px) 450px, calc(100vw - 48px)\" \/><\/div>\n<p><span class=\"custom-subheading-styles\">Racing<\/span><span class=\"text-base text-black font-bold mx-0 my-2.5 p-0 block custom-text-styles\">Josh Tarling abandons the Vuelta a Espa\u00f1a during stage 6<\/span><\/div>\n<div class=\"relative recirc-feed sponsored-card min-h-[250px]\" data-recirc-id=\"article-river-stacked-ads:native-cards\" data-mrf-recirculation=\"article-river-ads\" data-nosnippet data-ad-slot-path=\"feed-sponsored-post\" data-attribute-device=\"all\">\n<div class=\"max-w-full sponsored-post--placeholder animate-pulse\">\n<div class=\"relative!\"><span class=\"text-base text-black font-bold mx-0 my-2.5 p-0 block bg-gray-100\">\u00a0<br \/>\u00a0<\/span><\/div>\n<\/div>\n<\/div>\n<div>\n<div class=\"aspect-[var(--img-listing-aspect-ratio,16\/9)] relative mb-3.5\">\n    <source type=\"image\/webp\" srcset=\"https:\/\/cdn.mos.cms.futurecdn.net\/vGSz3mmntd7cRcLKHDx2hk-840-80.jpg.webp 840w, https:\/\/cdn.mos.cms.futurecdn.net\/vGSz3mmntd7cRcLKHDx2hk-650-80.jpg.webp 650w, https:\/\/cdn.mos.cms.futurecdn.net\/vGSz3mmntd7cRcLKHDx2hk-500-80.jpg.webp 500w, https:\/\/cdn.mos.cms.futurecdn.net\/vGSz3mmntd7cRcLKHDx2hk-450-80.jpg.webp 450w, https:\/\/cdn.mos.cms.futurecdn.net\/vGSz3mmntd7cRcLKHDx2hk-320-80.jpg.webp 320w\" sizes=\"(min-width: 900px) 925px, (min-width: 700px) 450px, calc(100vw - 48px)\" \/><\/div>\n<p><span class=\"custom-subheading-styles\">Teams &amp; Riders<\/span><span class=\"text-base text-black font-bold mx-0 my-2.5 p-0 block custom-text-styles\">&#8216;I&#8217;m not like Poga\u010dar&#8217; \u2013 Wout van Aert happy in support role at Vuelta a Espa\u00f1a but wants his sunglasses back<\/span><\/div>\n<div class=\"relative recirc-feed sponsored-card min-h-[250px]\" data-recirc-id=\"article-river-stacked-ads:native-cards\" data-mrf-recirculation=\"article-river-ads\" data-nosnippet data-ad-slot-path=\"feed-sponsored-post\" data-attribute-device=\"all\">\n<div class=\"max-w-full sponsored-post--placeholder animate-pulse\">\n<div class=\"relative!\"><span class=\"text-base text-black font-bold mx-0 my-2.5 p-0 block bg-gray-100\">\u00a0<br \/>\u00a0<\/span><\/div>\n<\/div>\n<\/div>\n<div>\n<div class=\"aspect-[var(--img-listing-aspect-ratio,16\/9)] relative mb-3.5\">\n    <source type=\"image\/webp\" srcset=\"https:\/\/cdn.mos.cms.futurecdn.net\/s9pb6Pf4NK7DnxSUoxjaKJ-840-80.jpg.webp 840w, https:\/\/cdn.mos.cms.futurecdn.net\/s9pb6Pf4NK7DnxSUoxjaKJ-650-80.jpg.webp 650w, https:\/\/cdn.mos.cms.futurecdn.net\/s9pb6Pf4NK7DnxSUoxjaKJ-500-80.jpg.webp 500w, https:\/\/cdn.mos.cms.futurecdn.net\/s9pb6Pf4NK7DnxSUoxjaKJ-450-80.jpg.webp 450w, https:\/\/cdn.mos.cms.futurecdn.net\/s9pb6Pf4NK7DnxSUoxjaKJ-320-80.jpg.webp 320w\" sizes=\"(min-width: 900px) 925px, (min-width: 700px) 450px, calc(100vw - 48px)\" \/><\/div>\n<p><span class=\"custom-subheading-styles\">Cycling Tech &amp; Components<\/span><span class=\"text-base text-black font-bold mx-0 my-2.5 p-0 block custom-text-styles\">Hope for Lapierre as court decision gives French bike manufacturer &#8216;the right and the time to fight&#8217;<\/span><\/div>\n<div class=\"relative recirc-feed sponsored-card min-h-[250px]\" data-recirc-id=\"article-river-stacked-ads:native-cards\" data-mrf-recirculation=\"article-river-ads\" data-nosnippet data-ad-slot-path=\"feed-sponsored-post\" data-attribute-device=\"all\">\n<div class=\"max-w-full sponsored-post--placeholder animate-pulse\">\n<div class=\"relative!\"><span class=\"text-base text-black font-bold mx-0 my-2.5 p-0 block bg-gray-100\">\u00a0<br \/>\u00a0<\/span><\/div>\n<\/div>\n<\/div>\n<div>\n<div class=\"aspect-[var(--img-listing-aspect-ratio,16\/9)] relative mb-3.5\">\n    <source type=\"image\/webp\" srcset=\"https:\/\/cdn.mos.cms.futurecdn.net\/REnMEnCGVgxZadbdFY944G-840-80.jpg.webp 840w, https:\/\/cdn.mos.cms.futurecdn.net\/REnMEnCGVgxZadbdFY944G-650-80.jpg.webp 650w, https:\/\/cdn.mos.cms.futurecdn.net\/REnMEnCGVgxZadbdFY944G-500-80.jpg.webp 500w, https:\/\/cdn.mos.cms.futurecdn.net\/REnMEnCGVgxZadbdFY944G-450-80.jpg.webp 450w, https:\/\/cdn.mos.cms.futurecdn.net\/REnMEnCGVgxZadbdFY944G-320-80.jpg.webp 320w\" sizes=\"(min-width: 900px) 925px, (min-width: 700px) 450px, calc(100vw - 48px)\" \/><\/div>\n<p><span class=\"custom-subheading-styles\">Transfers<\/span><span class=\"text-base text-black font-bold mx-0 my-2.5 p-0 block custom-text-styles\">Pinarello-Q36.5 poach Tour de l&#8217;Avenir runner-up and top Belgian prospect Niels Driesen for 2027<\/span><\/div>\n<div class=\"relative recirc-feed sponsored-card min-h-[250px]\" data-recirc-id=\"article-river-stacked-ads:native-cards\" data-mrf-recirculation=\"article-river-ads\" data-nosnippet data-ad-slot-path=\"feed-sponsored-post\" data-attribute-device=\"all\">\n<div class=\"max-w-full sponsored-post--placeholder animate-pulse\">\n<div class=\"relative!\"><span class=\"text-base text-black font-bold mx-0 my-2.5 p-0 block bg-gray-100\">\u00a0<br \/>\u00a0<\/span><\/div>\n<\/div>\n<\/div>\n<div>\n<div class=\"aspect-[var(--img-listing-aspect-ratio,16\/9)] relative mb-3.5\">\n    <source type=\"image\/webp\" srcset=\"https:\/\/cdn.mos.cms.futurecdn.net\/Dehdt74XTPxrschCrHgZLf-840-80.jpg.webp 840w, https:\/\/cdn.mos.cms.futurecdn.net\/Dehdt74XTPxrschCrHgZLf-650-80.jpg.webp 650w, https:\/\/cdn.mos.cms.futurecdn.net\/Dehdt74XTPxrschCrHgZLf-500-80.jpg.webp 500w, https:\/\/cdn.mos.cms.futurecdn.net\/Dehdt74XTPxrschCrHgZLf-450-80.jpg.webp 450w, https:\/\/cdn.mos.cms.futurecdn.net\/Dehdt74XTPxrschCrHgZLf-320-80.jpg.webp 320w\" sizes=\"(min-width: 900px) 925px, (min-width: 700px) 450px, calc(100vw - 48px)\" \/><\/div>\n<p><span class=\"custom-subheading-styles\">Racing<\/span><span class=\"text-base text-black font-bold mx-0 my-2.5 p-0 block custom-text-styles\">&#8216;Still in good shape, I think&#8217; \u2013 Oscar Onley moves past stomach bug at Vuelta a Espa\u00f1a as first Grand Tour with Netcompany Ineos takes shape<\/span><\/div>\n<div class=\"relative recirc-feed sponsored-card min-h-[250px]\" data-recirc-id=\"article-river-stacked-ads:native-cards\" data-mrf-recirculation=\"article-river-ads\" data-nosnippet data-ad-slot-path=\"feed-sponsored-post\" data-attribute-device=\"all\">\n<div class=\"max-w-full sponsored-post--placeholder animate-pulse\">\n<div class=\"relative!\"><span class=\"text-base text-black font-bold mx-0 my-2.5 p-0 block bg-gray-100\">\u00a0<br \/>\u00a0<\/span><\/div>\n<\/div>\n<\/div>\n<div>\n<div class=\"aspect-[var(--img-listing-aspect-ratio,16\/9)] relative mb-3.5\">\n    <source type=\"image\/webp\" srcset=\"https:\/\/cdn.mos.cms.futurecdn.net\/QMB5s9ZeX2YDZtuJBWDVNP-840-80.jpg.webp 840w, https:\/\/cdn.mos.cms.futurecdn.net\/QMB5s9ZeX2YDZtuJBWDVNP-650-80.jpg.webp 650w, https:\/\/cdn.mos.cms.futurecdn.net\/QMB5s9ZeX2YDZtuJBWDVNP-500-80.jpg.webp 500w, https:\/\/cdn.mos.cms.futurecdn.net\/QMB5s9ZeX2YDZtuJBWDVNP-450-80.jpg.webp 450w, https:\/\/cdn.mos.cms.futurecdn.net\/QMB5s9ZeX2YDZtuJBWDVNP-320-80.jpg.webp 320w\" sizes=\"(min-width: 900px) 925px, (min-width: 700px) 450px, calc(100vw - 48px)\" \/><\/div>\n<p><span class=\"custom-subheading-styles\">Teams &amp; Riders<\/span><span class=\"text-base text-black font-bold mx-0 my-2.5 p-0 block custom-text-styles\">&#8216;For some reason, my legs aren&#8217;t responding as they should&#8217; &#8211; Carlos Rodr\u00edguez looking for answers to unexplained subpar form at the Vuelta a Espa\u00f1a<\/span><\/div>\n<div class=\"relative recirc-feed sponsored-card min-h-[250px]\" data-recirc-id=\"article-river-stacked-ads:native-cards\" data-mrf-recirculation=\"article-river-ads\" data-nosnippet data-ad-slot-path=\"feed-sponsored-post\" data-attribute-device=\"all\">\n<div class=\"max-w-full sponsored-post--placeholder animate-pulse\">\n<div class=\"relative!\"><span class=\"text-base text-black font-bold mx-0 my-2.5 p-0 block bg-gray-100\">\u00a0<br \/>\u00a0<\/span><\/div>\n<\/div>\n<\/div>\n<\/div>\n<\/div>\n<\/aside>\n<\/section>\n<\/div>\n<\/div>\n<\/div>\n<div id=\"widgetArea17\" class=\"widget-area md:basis-1\/3 widget-area-g-md-vp-1-3 widget-area-g-lg-vp-1-3 widget-area-g-xl-vp-1-3 page-widget-area-17\">\n<div data-widget-type=\"dynamic\" id=\"popular-data\" class=\"clear-both widget widget-dynamic widget-popular-data widget-dynamic-popular-data widget-dynamic-fter-popular-box\">\n<div class=\"wdn-fte-pb pos-relative space-t20\n\"><\/p>\n<div class=\"slice-container popular-box-slice\">\n<section class=\"popular-box\" data-component-name=\"Slice:PopularBox\">\n<div class=\"popular-box__label\">\n<div class=\"popular-box__label__tab popular-box__label__tab--active\" role=\"heading\">\nLATEST ARTICLES\n<\/div>\n<\/div>\n<ol class=\"popular-box__articles-list popular-box__articles-list--active\">\n<li class=\"popular-box__article-list\">\n<div class=\"popular-box__article-list__container\">\n<div class=\"popular-box__article-list__image-wrapper\">\n<div>\n<source type=\"image\/webp\" srcset=\"https:\/\/cdn.mos.cms.futurecdn.net\/SyQVzG9aSiFNF9eeLPRwj4-1280-80.jpg.webp 1280w, https:\/\/cdn.mos.cms.futurecdn.net\/SyQVzG9aSiFNF9eeLPRwj4-720-80.jpg.webp 720w, https:\/\/cdn.mos.cms.futurecdn.net\/SyQVzG9aSiFNF9eeLPRwj4-640-80.jpg.webp 640w, https:\/\/cdn.mos.cms.futurecdn.net\/SyQVzG9aSiFNF9eeLPRwj4-320-80.jpg.webp 320w\" sizes=\"99vw\" \/><\/div>\n<\/div>\n<div class=\"popular-box__article-list__content\">\n<div class=\"popular-box__article-list__number-text\">1<\/div>\n<div class=\"popular-box__article-list__heading\">\n<p>Josh Tarling abandons the Vuelta a Espa\u00f1a during stage 6<\/p>\n<\/div>\n<\/div>\n<\/div>\n<\/li>\n<li class=\"popular-box__article-list\">\n<div class=\"popular-box__article-list__container\">\n<div class=\"popular-box__article-list__content\">\n<div class=\"popular-box__article-list__number-text\">2<\/div>\n<div class=\"popular-box__article-list__heading\">\n<p>&#8216;Heartbroken&#8217; Chad Haga says his career is over after a heavy crash in training<\/p>\n<\/div>\n<\/div>\n<\/div>\n<\/li>\n<li class=\"popular-box__article-list\">\n<div class=\"popular-box__article-list__container\">\n<div class=\"popular-box__article-list__content\">\n<div class=\"popular-box__article-list__number-text\">3<\/div>\n<div class=\"popular-box__article-list__heading\">\n<p>UCI Mountain Bike World Championships: Rising Australian multi-discipline star Connor Wright takes junior men&#8217;s XCO title, Anja Grossmann wins women&#8217;s race<\/p>\n<\/div>\n<\/div>\n<\/div>\n<\/li>\n<li class=\"popular-box__article-list\">\n<div class=\"popular-box__article-list__container\">\n<div class=\"popular-box__article-list__content\">\n<div class=\"popular-box__article-list__number-text\">4<\/div>\n<div class=\"popular-box__article-list__heading\">\n<p>Hope for Lapierre as court decision gives French bike manufacturer &#8216;the right and the time to fight&#8217;<\/p>\n<\/div>\n<\/div>\n<\/div>\n<\/li>\n<li class=\"popular-box__article-list\">\n<div class=\"popular-box__article-list__container\">\n<div class=\"popular-box__article-list__content\">\n<div class=\"popular-box__article-list__number-text\">5<\/div>\n<div class=\"popular-box__article-list__heading\">\n<p>&#8216;I&#8217;m not like Poga\u010dar&#8217; \u2013 Wout van Aert happy in support role at Vuelta a Espa\u00f1a but wants his sunglasses back<\/p>\n<\/div>\n<\/div>\n<\/div>\n<\/li>\n<\/ol>\n<\/section>\n<\/div>\n<\/div>\n<\/div>\n<\/div>\n<\/div>\n<\/article>\n<div class=\"news-article\">\n<header data-component-name=\"Article:Hero\">\n<nav class=\"breadcrumb\" aria-label=\"Breadcrumbs\">\n<ol>\n<li>\nPro Cycling\n<\/li>\n<li>\nTeams &amp; Riders\n<\/li>\n<li>\nChad Haga\n<\/li>\n<\/ol>\n<\/nav>\n<h1>&#8216;Heartbroken&#8217; Chad Haga says his career is over after a heavy crash in training<\/h1>\n<div class=\"byline-social\">\n<div class=\"vds-byline-block flex flex-row flex-nowrap my-1.5 gap-2 text-left items-start justify-start\" data-component-name=\"Article:BylineBlock\">\n<p>News<\/p>\n<div class=\"my-auto vds-simple-byline\"><span class=\"inline-block vds-author\"><br \/>\nBy<br \/>\nPatrick Fletcher <\/span><\/p>\n<div class=\"flex gap-1 vds-byline-with-avatar__meta\"><span class=\"vds-date block font-normal tracking-normal normal-case text-xs\"><br \/>\nPublished<br \/>\n<time data-component-name=\"UI:DateTime\" datetime=\"2026-08-27T12:29:10Z\" class=\"relative-date\"><br \/>\n27 August 2026<br \/>\n<\/time><\/span><\/div>\n<\/div>\n<\/div>\n<p class=\"strapline\">US gravel racer had planned to hang up his wheels at the end of 2026 but retirement now comes early and with a string of injuries<\/p>\n<\/div>\n<aside class=\"text-gray-700 flex items-center mx-0 my-5 p-0 justify-start text-left\" id=\"affiliate-disclaimer\" data-component-name=\"AffiliateDisclaimer\" data-hawk-message=\"Affiliate disclaimer removed because hawk deemed there are no affiliate links on this page\">\n<p class=\"text-[color:var(--affiliate-disclaimer--text-color,inherit)] mb-2 text-[length:var(--affiliate-disclaimer--font-size,0.75rem)] leading-[18px] md:text-[13px] [&amp;&gt;a]:text-inherit [&amp;&gt;a]:underline\">\nWhen you purchase through links on our site, we may earn an affiliate commission. Here\u2019s how it works.\n<\/p>\n<\/aside>\n<\/header>\n<\/div>\n<div id=\"article-body\" class=\"text-copy bodyCopy auto paywall-locker\">\n<div data-analytics-id=\"utility-bar\" id=\"utility-bar\" class=\"font-ui-heading flex justify-between items-center py-2 border-t border-b border-gray-300 border-solid mb-5 mx-auto\" data-component-name=\"UtilityBar\" data-mrf-recirculation=\"utility-bar\">\n<div class=\"flex gap-2 text-[#333] subcontainer\">\n<div class=\"relative tooltip-container\" role=\"tooltip\">\n<div data-component-name=\"Social:Dropdown\" role=\"menu\" id=\"utilitybar__dropdown--share\" aria-labelledby=\"utilitybar__button--share\" class=\"absolute left-0 top-full w-44 bg-white rounded-md shadow-md border border-neutral-200 z-[9996] list-none m-0 py-2 px-3 border-solid\">\n<ul class=\"m-0!\">\n<li class=\"!p-0 !m-0 list-none border-b border-gray-200 border-solid\">\n<li class=\"!p-0 !m-0 list-none border-b border-gray-200 border-solid\">\n<p>Facebook<\/p>\n<\/li>\n<li class=\"!p-0 !m-0 list-none border-b border-gray-200 border-solid\">\n<p>X<\/p>\n<\/li>\n<li class=\"!p-0 !m-0 list-none border-b border-gray-200 border-solid\">\n<p>Pinterest<\/p>\n<\/li>\n<li class=\"!p-0 !m-0 list-none border-b border-gray-200 border-solid\">\n<p>Email<\/p>\n<\/li>\n<\/ul>\n<\/div>\n<div class=\"font-ui-heading max-sm:hidden tooltip absolute left-1\/2 bg-gray-900 text-white text-xs leading-none px-3 py-1.5 rounded-md z-[10001] whitespace-nowrap\" id=\"tooltip-share-this-article\" role=\"tooltip\" aria-hidden=\"true\">\nShare this article\n<\/div>\n<\/div>\n<div class=\"relative tooltip-container\" role=\"tooltip\"><span class=\"ml-1 inline-flex h-5 px-2 shrink-0 items-center justify-center self-center overflow-hidden whitespace-nowrap rounded-[10px] bg-primary-500 text-[11px] leading-none font-ui-heading font-semibold text-white\">0<\/span><\/p>\n<div class=\"font-ui-heading max-sm:hidden tooltip absolute left-1\/2 bg-gray-900 text-white text-xs leading-none px-3 py-1.5 rounded-md z-[10001] whitespace-nowrap\" id=\"tooltip-join-the-conversation\" role=\"tooltip\" aria-hidden=\"true\">\nJoin the conversation\n<\/div>\n<\/div>\n<\/div>\n<div class=\"flex gap-2 text-[#333] subcontainer\">\n<div class=\"relative tooltip-container\" role=\"tooltip\">\n<p>Follow us<\/p>\n<div class=\"font-ui-heading max-sm:hidden tooltip absolute left-1\/2 bg-gray-900 text-white text-xs leading-none px-3 py-1.5 rounded-md z-[10001] whitespace-nowrap\" id=\"tooltip-add-us-as-a-preferred-source-on-google\" role=\"tooltip\" aria-hidden=\"true\">\nAdd us as a preferred source on Google\n<\/div>\n<\/div>\n<div class=\"relative tooltip-container\" role=\"tooltip\">\n<div class=\"font-ui-heading max-sm:hidden tooltip absolute left-1\/2 bg-gray-900 text-white text-xs leading-none px-3 py-1.5 rounded-md z-[10001] whitespace-nowrap\" id=\"tooltip-subscribe-to-our-newsletter\" role=\"tooltip\" aria-hidden=\"true\">\nSubscribe to our newsletter\n<\/div>\n<\/div>\n<\/div>\n<\/div>\n<p id=\"elk-c50a1e2e-a20d-11f1-b9e5-a7dc9fb9a042\">Chad Haga has indicated that his cycling career is over after a heavy crash on his mountain bike left him with multiple injuries.<\/p>\n<p>The 38-year-old US rider has carved out a successful secondary career in gravel since retiring from road cycling at the end of 2023, but recently revealed his plans to hang up his wheels at the end of this season.<\/p>\n<p id=\"elk-c50a1e2e-a20d-11f1-b9e5-a7dc9fb9a042-2\" aria-hidden=\"true\" class=\"kiosq-b\">That ending has now come prematurely, and without a fitting farewell, as Haga revealed in an emotional social media post on Thursday morning.<\/p>\n<div class=\"my-6 w-full overflow-hidden rounded-[10px] lg:my-8\" data-component-name=\"JwPlayer:Carousel\" data-jwp-carousel data-jwp-carousel-payload=\"{&quot;ids&quot;:{&quot;playerID&quot;:&quot;jYDCcabO&quot;,&quot;searchPlaylistID&quot;:&quot;gwjdoYHD&quot;,&quot;divID&quot;:&quot;botr_gwjdoYHD_jYDCcabO_div&quot;,&quot;fallbackPlaylistID&quot;:&quot;gwjdoYHD&quot;,&quot;fallbackDivID&quot;:&quot;botr_gwjdoYHD_jYDCcabO_div&quot;,&quot;key&quot;:&quot;X9\/mXVGac0NphghLH9hZaqWA5d3dhAM\/Ih07grnEyMLjuO2E&quot;,&quot;tintLogo&quot;:true,&quot;useSearchPlaylist&quot;:false,&quot;enabled&quot;:true},&quot;signPostingEnabled&quot;:true,&quot;signPostingLinkEnabled&quot;:true,&quot;waitForAdLoad&quot;:false,&quot;hidePlayerOnDesktop&quot;:false,&quot;hidePlayerOnMobile&quot;:false,&quot;hidePlayerOnTablet&quot;:false}\">\n<div class=\"flex flex-nowrap items-center justify-between gap-3 bg-zinc-900 px-[14px] py-3\" data-jwp-carousel-header>\n<div class=\"flex min-w-0 shrink items-center\"><span class=\"inline-flex items-center gap-1.5 text-sm font-article-heading capitalize leading-5 text-white whitespace-nowrap\"><span class=\"jwp-carousel-title-desktop\">Latest Videos From<\/span><span class=\"jwp-carousel-brand\">Cyclingnews<\/span><\/span><\/div>\n<\/div>\n<div class=\"min-h-[44px] bg-zinc-900 px-[14px] py-3\" data-jwp-carousel-signposting><a class=\"invisible block truncate text-sm font-bold leading-5 text-white underline decoration-solid underline-offset-2\" data-jwp-carousel-signposting-link href target=\"_blank\" rel=\"noopener noreferrer\"><span data-jwp-carousel-signposting-title>Watch full video here: <\/span><\/a><\/div>\n<\/div>\n<p aria-hidden=\"true\" class=\"kiosq-b\">&#8220;Heartbroken,&#8221; he wrote alongside a photo of himself in a hospital bed.<\/p>\n<p aria-hidden=\"true\" class=\"kiosq-b\">&#8220;This morning I gave a little mtb jump too much pop and ended my career early.&#8221;<\/p>\n<aside data-component-name=\"Recirculation:ArticleRiver\" data-recirculation-type=\"inline\" data-mrf-recirculation=\"Trending Bar\" data-nosnippet class=\"clear-both pt-2 pb-0 mb-4\"><span class=\"\n            flex\n            after:content-[&apos;&apos;] after:flex-1 after:ml-4 after:my-[0.7rem] after:border-t after:border-solid after:border-t-[#ccc]\n            before:content-[&apos;&apos;] before:flex-1 before:mr-4 before:my-[0.7rem] before:border-t before:border-solid before:border-t-[#ccc]\n            font-article-heading pb-0 text-[length:var(--article-river-title--font-size,1em)] uppercase sm:text-[length:var(--article-river-title--font-size,0.875em)] font-bold\n        \"><br \/>\n            You may like<br \/>\n        <\/span><\/p>\n<ul class=\"flex flex-col gap-0 m-0 max-w-full\">\n<li class=\"m-0 list-none border-b border-solid border-[#ededed] py-2\" data-recirculation-id=\"recirculation-card-1\" id=\"recirculation-inline-1\" data-analytics-id=\"recirculation-inline-1\" data-mrf-recirculation=\"recirculation-inline-1\">\n    <source type=\"image\/webp\" srcset=\"https:\/\/cdn.mos.cms.futurecdn.net\/oFHHPQJ4KKJ9XpSBHAhNHC-250-80.jpg.webp 250w, https:\/\/cdn.mos.cms.futurecdn.net\/oFHHPQJ4KKJ9XpSBHAhNHC-150-80.jpg.webp 150w\" sizes=\"150px\" \/><span class=\"w-full text-base font-[var(--article-river-item--font-weight,500)] font-article-heading line-clamp-3 md:line-clamp-2\">Jonas Vingegaard out for rest of season with no return possible after crash<\/span><\/li>\n<li class=\"m-0 list-none border-b border-solid border-[#ededed] py-2\" data-recirculation-id=\"recirculation-card-2\" id=\"recirculation-inline-2\" data-analytics-id=\"recirculation-inline-2\" data-mrf-recirculation=\"recirculation-inline-2\">\n    <source type=\"image\/webp\" srcset=\"https:\/\/cdn.mos.cms.futurecdn.net\/Mt3AtJFa6VeX8otHqnyqJY-250-80.jpg.webp 250w, https:\/\/cdn.mos.cms.futurecdn.net\/Mt3AtJFa6VeX8otHqnyqJY-150-80.jpg.webp 150w\" sizes=\"150px\" \/><span class=\"w-full text-base font-[var(--article-river-item--font-weight,500)] font-article-heading line-clamp-3 md:line-clamp-2\">&#8216;At least the struggle now makes sense&#8217; \u2013 Uno-X Mobility rider reveals he raced half the Giro d&#8217;Italia with a broken rib and three lower back fractures<\/span><\/li>\n<li class=\"m-0 list-none border-b border-solid border-[#ccc] py-2\" data-recirculation-id=\"recirculation-card-3\" id=\"recirculation-inline-3\" data-analytics-id=\"recirculation-inline-3\" data-mrf-recirculation=\"recirculation-inline-3\">\n    <source type=\"image\/webp\" srcset=\"https:\/\/cdn.mos.cms.futurecdn.net\/bZWAncvpLsdhmW3LWV4FTJ-250-80.jpg.webp 250w, https:\/\/cdn.mos.cms.futurecdn.net\/bZWAncvpLsdhmW3LWV4FTJ-150-80.jpg.webp 150w\" sizes=\"150px\" \/><span class=\"w-full text-base font-[var(--article-river-item--font-weight,500)] font-article-heading line-clamp-3 md:line-clamp-2\">Four-time Tour de France winner Chris Froome announces retirement from pro cycling<\/span><\/li>\n<\/ul>\n<\/aside>\n<p aria-hidden=\"true\" class=\"kiosq-b\">Haga then listed out the injuries he had sustained, which include damage to both forearms as well as two broken ribs, a collarbone injury, and a collapsed lung.<\/p>\n<p aria-hidden=\"true\" class=\"kiosq-b\">The radius and the ulna are the two bones that comprise the forearm, and while Haga does not specifically state as such, it is presumed that he suffered a fracture in the top of his left radius and a fracture to his right ulna.<\/p>\n<div id=\"slice-container-newsletterForm-articleInbodyContent-bVGvudkPhd5EgCongbBL5d\" class=\"slice-container newsletter-inbodyContent-slice newsletterForm-articleInbodyContent-bVGvudkPhd5EgCongbBL5d slice-container-newsletterForm\">\n<div data-hydrate=\"true\" class=\"newsletter-form__wrapper newsletter-form__wrapper--inbodyContent\">\n<div class=\"newsletter-form__container\">\n<section class=\"newsletter-form__top-bar\">\n<div class=\"newsletter-form__header\">Get The Leadout Newsletter<\/div>\n<\/section>\n<section class=\"newsletter-form__main-section\">\n<p class=\"newsletter-form__strapline\">The latest race content, interviews, features, reviews and expert buying guides, direct to your inbox!<\/p>\n<footer class=\"newsletter-form__footer \">By submitting your information you agree to the Terms &amp; Conditions and Privacy Policy and are aged 16 or over.<\/footer>\n<\/section>\n<\/div>\n<\/div>\n<\/div>\n<p aria-hidden=\"true\" class=\"kiosq-b\">Haga also indicated that he suffered a head impact.<\/p>\n<p aria-hidden=\"true\" class=\"kiosq-b\">&#8220;I&#8217;m thankful that my helmet did its job and saved my brain,&#8221; he wrote, going on to thank the emergency medical technicians who treated him as well as his family and friends.<\/p>\n<p id=\"elk-309bf452-a211-11f1-9650-cbf0c80e0f99\" aria-hidden=\"true\" class=\"kiosq-b\">Haga spent a decade as a pro road racer and won a stage of the Giro d&#8217;Italia with the Sunweb team before following the wave of road pros heading into the burgeoning gravel scene in 2024. After a number of solo missions to &#8216;prove that I belong&#8217;, he bagged a ride with the PAS Racing set-up and went on to finish runner-up at that year&#8217;s Unbound 200, the biggest race in gravel.<\/p>\n<aside data-component-name=\"Recirculation:ArticleRiver\" data-recirculation-type=\"inline\" data-mrf-recirculation=\"Trending Bar\" data-nosnippet class=\"clear-both pt-2 pb-0 mb-4\"><span class=\"\n            flex\n            after:content-[&apos;&apos;] after:flex-1 after:ml-4 after:my-[0.7rem] after:border-t after:border-solid after:border-t-[#ccc]\n            before:content-[&apos;&apos;] before:flex-1 before:mr-4 before:my-[0.7rem] before:border-t before:border-solid before:border-t-[#ccc]\n            font-article-heading pb-0 text-[length:var(--article-river-title--font-size,1em)] uppercase sm:text-[length:var(--article-river-title--font-size,0.875em)] font-bold\n        \"><br \/>\n            What to read next<br \/>\n        <\/span><\/p>\n<ul class=\"flex flex-col gap-0 m-0 max-w-full\">\n<li class=\"m-0 list-none border-b border-solid border-[#ededed] py-2\" data-recirculation-id=\"recirculation-card-1\" id=\"recirculation-inline-2-1\" data-analytics-id=\"recirculation-2-inline-1\" data-mrf-recirculation=\"recirculation-2-inline-1\">\n    <source type=\"image\/webp\" srcset=\"https:\/\/cdn.mos.cms.futurecdn.net\/QL4TfcDkAYHJLFp34Pqnma-250-80.jpg.webp 250w, https:\/\/cdn.mos.cms.futurecdn.net\/QL4TfcDkAYHJLFp34Pqnma-150-80.jpg.webp 150w\" sizes=\"150px\" \/><span class=\"w-full text-base font-[var(--article-river-item--font-weight,500)] font-article-heading line-clamp-3 md:line-clamp-2\">&#8216;I think my season&#8217;s over&#8217; &#8211; Lucas Bourgoyne misses momentum at American Criterium Cup with appendectomy<\/span><\/li>\n<li class=\"m-0 list-none border-b border-solid border-[#ededed] py-2\" data-recirculation-id=\"recirculation-card-2\" id=\"recirculation-inline-2-2\" data-analytics-id=\"recirculation-2-inline-2\" data-mrf-recirculation=\"recirculation-2-inline-2\">\n    <source type=\"image\/webp\" srcset=\"https:\/\/cdn.mos.cms.futurecdn.net\/feBPM3GKhNiUugBhAd2aeh-250-80.jpg.webp 250w, https:\/\/cdn.mos.cms.futurecdn.net\/feBPM3GKhNiUugBhAd2aeh-150-80.jpg.webp 150w\" sizes=\"150px\" \/><span class=\"w-full text-base font-[var(--article-river-item--font-weight,500)] font-article-heading line-clamp-3 md:line-clamp-2\">Albert Philipsen faces another injury recovery after training crash leaves him with three fractures<\/span><\/li>\n<li class=\"m-0 list-none border-b border-solid border-[#ccc] py-2\" data-recirculation-id=\"recirculation-card-3\" id=\"recirculation-inline-2-3\" data-analytics-id=\"recirculation-2-inline-3\" data-mrf-recirculation=\"recirculation-2-inline-3\">\n    <source type=\"image\/webp\" srcset=\"https:\/\/cdn.mos.cms.futurecdn.net\/Wm8EWp7sSyGBcoXqRLHGyJ-250-80.jpg.webp 250w, https:\/\/cdn.mos.cms.futurecdn.net\/Wm8EWp7sSyGBcoXqRLHGyJ-150-80.jpg.webp 150w\" sizes=\"150px\" \/><span class=\"w-full text-base font-[var(--article-river-item--font-weight,500)] font-article-heading line-clamp-3 md:line-clamp-2\">Jonas Vingegaard crashes out of Tour de France \u2013 Dane suffers broken collarbone and will undergo surgery<\/span><\/li>\n<\/ul>\n<\/aside>\n<p aria-hidden=\"true\" class=\"kiosq-b\">Towards the end of 2024, he suffered a very similar injury to this latest one, breaking the radius and ulna in his right arm in a training ride. At the end of a 2025 campaign in which he went full privateer as a gravel racer, he had surgery to remove a plate in that right forearm.<\/p>\n<p aria-hidden=\"true\" class=\"kiosq-b\">Haga has continued to race the world&#8217;s biggest off-road events with a strong line-up of personal sponsors in 2026, but at the start of August he revealed that he would not race on in 2027.<\/p>\n<p aria-hidden=\"true\" class=\"kiosq-b\">&#8220;It was on a sledding day in January of this year when I realised I didn\u2019t want to keep making the sacrifices it takes to perform at the highest level, so this year I\u2019m doing the best I can with the time that I have to train, and I\u2019m going to wrap it up and move onto new adventures,&#8221; he said in a social media update.<\/p>\n<p aria-hidden=\"true\" class=\"kiosq-b\">&#8220;I\u2019m excited about that. There are just a couple of months left so I\u2019m going to make the most of my last few races.&#8221;<\/p>\n<p aria-hidden=\"true\" class=\"kiosq-b\">Haga raced the Leadville Trail MTB event earlier this month, but had not publicly stated which races remained and where he planned to compete for the final time. In any case, that ending has now been taken away.<\/p>\n<p id=\"elk-c50a1f50-a20d-11f1-bd6f-ef4927946ab2\" aria-hidden=\"true\" class=\"kiosq-b\"><strong>For unbeatable coverage across road, gravel and tech, subscribe to Cyclingnews. You&#8217;ll get comprehensive race coverage of La Vuelta a Espa\u00f1a, subscriber-exclusive analysis from our expert columnists, in-depth features and industry-leading tech insight. Plus, the Cyclingnews app lets you follow the action wherever you go! <\/strong><u><strong>Join today.<\/strong><\/u><\/p>\n<\/div>\n<p>[analyse_source url=&#8221;https:\/\/www.cyclingnews.com\/pro-cycling\/teams-riders\/heartbroken-chad-haga-says-his-career-is-over-after-a-heavy-crash-in-training\/&#8221;]<\/p>\n","protected":false},"excerpt":{"rendered":"<p>[analyse_image type=&#8221;featured&#8221; src=&#8221;https:\/\/cdn.mos.cms.futurecdn.net\/3iZJDSFZU9XdXY5PfvQduh-1500-80.jpg&#8221;] 1 Julian Alaphilippe has reportedly called an early end to his professional racing career 2 &#8216;I gave everything I had, and cycling gave me everything in return&#8217; \u2013 Julian Alaphilippe confirms his career is over 3 &#8216;Just putting my socks on these last three weeks was the hardest&#8217; &#8211; Primo\u017e Rogli\u010d reveals [&hellip;]<\/p>\n","protected":false},"author":1,"featured_media":0,"comment_status":"open","ping_status":"","sticky":false,"template":"","format":"standard","meta":{"footnotes":""},"categories":[2],"tags":[226,68],"class_list":["post-2115050","post","type-post","status-publish","format-standard","hentry","category-politics","tag-crawlmanager","tag-cyclingnews-com"],"_links":{"self":[{"href":"https:\/\/analyse.optim.biz\/index.php?rest_route=\/wp\/v2\/posts\/2115050","targetHints":{"allow":["GET"]}}],"collection":[{"href":"https:\/\/analyse.optim.biz\/index.php?rest_route=\/wp\/v2\/posts"}],"about":[{"href":"https:\/\/analyse.optim.biz\/index.php?rest_route=\/wp\/v2\/types\/post"}],"author":[{"embeddable":true,"href":"https:\/\/analyse.optim.biz\/index.php?rest_route=\/wp\/v2\/users\/1"}],"replies":[{"embeddable":true,"href":"https:\/\/analyse.optim.biz\/index.php?rest_route=%2Fwp%2Fv2%2Fcomments&post=2115050"}],"version-history":[{"count":0,"href":"https:\/\/analyse.optim.biz\/index.php?rest_route=\/wp\/v2\/posts\/2115050\/revisions"}],"wp:attachment":[{"href":"https:\/\/analyse.optim.biz\/index.php?rest_route=%2Fwp%2Fv2%2Fmedia&parent=2115050"}],"wp:term":[{"taxonomy":"category","embeddable":true,"href":"https:\/\/analyse.optim.biz\/index.php?rest_route=%2Fwp%2Fv2%2Fcategories&post=2115050"},{"taxonomy":"post_tag","embeddable":true,"href":"https:\/\/analyse.optim.biz\/index.php?rest_route=%2Fwp%2Fv2%2Ftags&post=2115050"}],"curies":[{"name":"wp","href":"https:\/\/api.w.org\/{rel}","templated":true}]}}