{"id":2114807,"date":"2026-08-26T17:50:54","date_gmt":"2026-08-26T14:50:54","guid":{"rendered":"https:\/\/analyse.optim.biz\/?p=2114807"},"modified":"2026-08-26T17:50:54","modified_gmt":"2026-08-26T14:50:54","slug":"orasul-horezu-sarbatoreste-539-de-ani-de-atestare-documentara-trei-zile-de-spectacole-folclor-si-distractie-intre-4-si-6-septembrie","status":"publish","type":"post","link":"https:\/\/analyse.optim.biz\/?p=2114807","title":{"rendered":"Ora\u0219ul Horezu s\u0103rb\u0103tore\u0219te 539 de ani de atestare documentar\u0103. Trei zile de spectacole, folclor \u0219i distrac\u021bie, \u00eentre 4 \u0219i 6 septembrie"},"content":{"rendered":"<p>[analyse_image type=&#8221;featured&#8221; src=&#8221;https:\/\/www.impactreal.ro\/wp-content\/uploads\/2026\/08\/horezu-ok-2026-1024&#215;768.png&#8221;]<\/p>\n<div class=\"single-news-content\">\n<div class=\"news-image\"><img loading=\"lazy\" decoding=\"async\" width=\"1448\" height=\"1086\" src=\"https:\/\/www.impactreal.ro\/wp-content\/uploads\/2026\/08\/horezu-ok-2026.png\" class=\"img-responsive wp-post-image\" alt=\"Ora\u0219ul Horezu s\u0103rb\u0103tore\u0219te 539 de ani de atestare documentar\u0103. Trei zile de spectacole, folclor \u0219i distrac\u021bie, \u00eentre 4 \u0219i 6 septembrie\"><\/div>\n<div class=\"news-detail clearfix\">\n<div class=\"entry-meta\"><span class=\"posted-date\"><a href=\"https:\/\/www.impactreal.ro\/2026\/08\/26\/orasul-horezu-sarbatoreste-539-de-ani-de-atestare-documentara-trei-zile-de-spectacole-folclor-si-distractie-intre-4-si-6-septembrie\/\" rel=\"bookmark\"><time class=\"entry-date published updated\" datetime=\"2026-08-26T20:50:54+03:00\">26 august 2026<\/time><\/a><\/span><span class=\"author vcard\"><a href=\"https:\/\/www.impactreal.ro\/author\/claudia-schiopu\/\">Claudia Schiopu<\/a><\/span><span class=\"cat-links\"><a href=\"https:\/\/www.impactreal.ro\/category\/actualitate\/\" rel=\"category tag\">Actual<\/a><a href=\"https:\/\/www.impactreal.ro\/category\/horezu\/\" rel=\"category tag\">Horezu<\/a><\/span><\/div>\n<div class=\"news-content editor-content-entry\">\n<p>Ora\u0219ul Horezu \u00ee\u0219i s\u0103rb\u0103tore\u0219te cei 539 de ani de atestare documentar\u0103 printr-un program organizat pe parcursul a trei zile. \u00centre 4 \u0219i 6 septembrie, localnicii \u0219i turi\u0219tii sunt a\u0219tepta\u021bi la spectacole, ateliere me\u0219te\u0219ug\u0103re\u0219ti, activit\u0103\u021bi pentru copii, seri de folclor \u0219i un foc de artificii.<\/p>\n<p><strong><u>Evenimentele \u00eencep vineri, 4 septembrie<\/u><\/strong>, la ora 11.00. P\u00e2n\u0103 la ora 16.30 vor fi deschise terasele alimentare, atelierele me\u0219te\u0219ug\u0103re\u0219ti \u0219i parcul de distrac\u021bii.<\/p>\n<p>De la ora 16.30 este programat un spectacol pentru copii \u0219i familii. Prima sear\u0103 se \u00eencheie cu recitaluri sus\u021binute de Iuliana Zlatov, Nicu Atanase, Dan \u021a\u0103ranu \u0219i Maria Bra\u0219il.<\/p>\n<p><strong><u>Deschiderea oficial\u0103 are loc s\u00e2mb\u0103t\u0103<\/u><\/strong><\/p>\n<p>Programul de s\u00e2mb\u0103t\u0103, <strong><u>5 septembrie, \u00eencepe la ora 11.00<\/u><\/strong>, cu muzic\u0103 de promenad\u0103 \u0219i deschiderea zonei comerciale. Ceremonia oficial\u0103 este programat\u0103 de la ora 12.00 \u0219i va cuprinde cuv\u00e2ntul de deschidere, premieri \u0219i un spectacol sus\u021binut de ansambluri folclorice.<\/p>\n<p>Seara de folclor \u00eencepe la ora 18.30. Pe scen\u0103 vor urca Roberta Crintea, Constantin \u0219i Cosmin Gaciu, Valeria Arn\u0103utu \u0219i Taraful Cristi Caliu. La ora 22.00 va avea loc focul de artificii.<\/p>\n<p>Duminic\u0103, 6 septembrie, atelierele me\u0219te\u0219ug\u0103re\u0219ti \u0219i parcul de distrac\u021bii vor fi deschise \u00eentre orele 11.00 \u0219i 18.00. Spectacolul de final \u00eei aduce \u00een fa\u021ba publicului pe R\u0103zvan Piticu, Domnul G, UDDI \u0219i Cristina Ene.<\/p>\n<p>\u00cenchiderea oficial\u0103 a Zilelor Ora\u0219ului Horezu este programat\u0103 duminic\u0103 seara, \u00eentre orele 22.45 \u0219i 23.00.<\/p>\n<p>\u00a0<\/p>\n<\/div>\n<\/div>\n<\/div>\n<div class=\"news-content editor-content-entry\">\n<p>Ora\u0219ul Horezu \u00ee\u0219i s\u0103rb\u0103tore\u0219te cei 539 de ani de atestare documentar\u0103 printr-un program organizat pe parcursul a trei zile. \u00centre 4 \u0219i 6 septembrie, localnicii \u0219i turi\u0219tii sunt a\u0219tepta\u021bi la spectacole, ateliere me\u0219te\u0219ug\u0103re\u0219ti, activit\u0103\u021bi pentru copii, seri de folclor \u0219i un foc de artificii.<\/p>\n<p><strong><u>Evenimentele \u00eencep vineri, 4 septembrie<\/u><\/strong>, la ora 11.00. P\u00e2n\u0103 la ora 16.30 vor fi deschise terasele alimentare, atelierele me\u0219te\u0219ug\u0103re\u0219ti \u0219i parcul de distrac\u021bii.<\/p>\n<p>De la ora 16.30 este programat un spectacol pentru copii \u0219i familii. Prima sear\u0103 se \u00eencheie cu recitaluri sus\u021binute de Iuliana Zlatov, Nicu Atanase, Dan \u021a\u0103ranu \u0219i Maria Bra\u0219il.<\/p>\n<p><strong><u>Deschiderea oficial\u0103 are loc s\u00e2mb\u0103t\u0103<\/u><\/strong><\/p>\n<p>Programul de s\u00e2mb\u0103t\u0103, <strong><u>5 septembrie, \u00eencepe la ora 11.00<\/u><\/strong>, cu muzic\u0103 de promenad\u0103 \u0219i deschiderea zonei comerciale. Ceremonia oficial\u0103 este programat\u0103 de la ora 12.00 \u0219i va cuprinde cuv\u00e2ntul de deschidere, premieri \u0219i un spectacol sus\u021binut de ansambluri folclorice.<\/p>\n<p>Seara de folclor \u00eencepe la ora 18.30. Pe scen\u0103 vor urca Roberta Crintea, Constantin \u0219i Cosmin Gaciu, Valeria Arn\u0103utu \u0219i Taraful Cristi Caliu. La ora 22.00 va avea loc focul de artificii.<\/p>\n<p>Duminic\u0103, 6 septembrie, atelierele me\u0219te\u0219ug\u0103re\u0219ti \u0219i parcul de distrac\u021bii vor fi deschise \u00eentre orele 11.00 \u0219i 18.00. Spectacolul de final \u00eei aduce \u00een fa\u021ba publicului pe R\u0103zvan Piticu, Domnul G, UDDI \u0219i Cristina Ene.<\/p>\n<p>\u00cenchiderea oficial\u0103 a Zilelor Ora\u0219ului Horezu este programat\u0103 duminic\u0103 seara, \u00eentre orele 22.45 \u0219i 23.00.<\/p>\n<p>\u00a0<\/p>\n<\/div>\n<div class=\"news-content editor-content-entry\">\n<p>Ora\u0219ul Horezu \u00ee\u0219i s\u0103rb\u0103tore\u0219te cei 539 de ani de atestare documentar\u0103 printr-un program organizat pe parcursul a trei zile. \u00centre 4 \u0219i 6 septembrie, localnicii \u0219i turi\u0219tii sunt a\u0219tepta\u021bi la spectacole, ateliere me\u0219te\u0219ug\u0103re\u0219ti, activit\u0103\u021bi pentru copii, seri de folclor \u0219i un foc de artificii.<\/p>\n<p><strong><u>Evenimentele \u00eencep vineri, 4 septembrie<\/u><\/strong>, la ora 11.00. P\u00e2n\u0103 la ora 16.30 vor fi deschise terasele alimentare, atelierele me\u0219te\u0219ug\u0103re\u0219ti \u0219i parcul de distrac\u021bii.<\/p>\n<p>De la ora 16.30 este programat un spectacol pentru copii \u0219i familii. Prima sear\u0103 se \u00eencheie cu recitaluri sus\u021binute de Iuliana Zlatov, Nicu Atanase, Dan \u021a\u0103ranu \u0219i Maria Bra\u0219il.<\/p>\n<p><strong><u>Deschiderea oficial\u0103 are loc s\u00e2mb\u0103t\u0103<\/u><\/strong><\/p>\n<p>Programul de s\u00e2mb\u0103t\u0103, <strong><u>5 septembrie, \u00eencepe la ora 11.00<\/u><\/strong>, cu muzic\u0103 de promenad\u0103 \u0219i deschiderea zonei comerciale. Ceremonia oficial\u0103 este programat\u0103 de la ora 12.00 \u0219i va cuprinde cuv\u00e2ntul de deschidere, premieri \u0219i un spectacol sus\u021binut de ansambluri folclorice.<\/p>\n<p>Seara de folclor \u00eencepe la ora 18.30. Pe scen\u0103 vor urca Roberta Crintea, Constantin \u0219i Cosmin Gaciu, Valeria Arn\u0103utu \u0219i Taraful Cristi Caliu. La ora 22.00 va avea loc focul de artificii.<\/p>\n<p>Duminic\u0103, 6 septembrie, atelierele me\u0219te\u0219ug\u0103re\u0219ti \u0219i parcul de distrac\u021bii vor fi deschise \u00eentre orele 11.00 \u0219i 18.00. Spectacolul de final \u00eei aduce \u00een fa\u021ba publicului pe R\u0103zvan Piticu, Domnul G, UDDI \u0219i Cristina Ene.<\/p>\n<p>\u00cenchiderea oficial\u0103 a Zilelor Ora\u0219ului Horezu este programat\u0103 duminic\u0103 seara, \u00eentre orele 22.45 \u0219i 23.00.<\/p>\n<p>\u00a0<\/p>\n<\/div>\n<p>[analyse_source url=&#8221;https:\/\/www.impactreal.ro\/2026\/08\/26\/orasul-horezu-sarbatoreste-539-de-ani-de-atestare-documentara-trei-zile-de-spectacole-folclor-si-distractie-intre-4-si-6-septembrie\/&#8221;]<\/p>\n","protected":false},"excerpt":{"rendered":"<p>[analyse_image type=&#8221;featured&#8221; src=&#8221;https:\/\/www.impactreal.ro\/wp-content\/uploads\/2026\/08\/horezu-ok-2026-1024&#215;768.png&#8221;] 26 august 2026Claudia SchiopuActualHorezu Ora\u0219ul Horezu \u00ee\u0219i s\u0103rb\u0103tore\u0219te cei 539 de ani de atestare documentar\u0103 printr-un program organizat pe parcursul a trei zile. \u00centre 4 \u0219i 6 septembrie, localnicii \u0219i turi\u0219tii sunt a\u0219tepta\u021bi la spectacole, ateliere me\u0219te\u0219ug\u0103re\u0219ti, activit\u0103\u021bi pentru copii, seri de folclor \u0219i un foc de artificii. Evenimentele \u00eencep vineri, 4 [&hellip;]<\/p>\n","protected":false},"author":1,"featured_media":0,"comment_status":"open","ping_status":"","sticky":false,"template":"","format":"standard","meta":{"footnotes":""},"categories":[89],"tags":[226,212],"class_list":["post-2114807","post","type-post","status-publish","format-standard","hentry","category-romania","tag-crawlmanager","tag-impactreal-ro"],"_links":{"self":[{"href":"https:\/\/analyse.optim.biz\/index.php?rest_route=\/wp\/v2\/posts\/2114807","targetHints":{"allow":["GET"]}}],"collection":[{"href":"https:\/\/analyse.optim.biz\/index.php?rest_route=\/wp\/v2\/posts"}],"about":[{"href":"https:\/\/analyse.optim.biz\/index.php?rest_route=\/wp\/v2\/types\/post"}],"author":[{"embeddable":true,"href":"https:\/\/analyse.optim.biz\/index.php?rest_route=\/wp\/v2\/users\/1"}],"replies":[{"embeddable":true,"href":"https:\/\/analyse.optim.biz\/index.php?rest_route=%2Fwp%2Fv2%2Fcomments&post=2114807"}],"version-history":[{"count":0,"href":"https:\/\/analyse.optim.biz\/index.php?rest_route=\/wp\/v2\/posts\/2114807\/revisions"}],"wp:attachment":[{"href":"https:\/\/analyse.optim.biz\/index.php?rest_route=%2Fwp%2Fv2%2Fmedia&parent=2114807"}],"wp:term":[{"taxonomy":"category","embeddable":true,"href":"https:\/\/analyse.optim.biz\/index.php?rest_route=%2Fwp%2Fv2%2Fcategories&post=2114807"},{"taxonomy":"post_tag","embeddable":true,"href":"https:\/\/analyse.optim.biz\/index.php?rest_route=%2Fwp%2Fv2%2Ftags&post=2114807"}],"curies":[{"name":"wp","href":"https:\/\/api.w.org\/{rel}","templated":true}]}}